{"id":8440,"date":"2020-09-06T08:00:17","date_gmt":"2020-09-06T07:00:17","guid":{"rendered":"https:\/\/www.welovecycling.com\/hu\/?p=8440"},"modified":"2020-08-28T14:08:24","modified_gmt":"2020-08-28T13:08:24","slug":"korkep-a-tour-de-france-osszes-eddig-nyerteserol-ii-resz-1923-1948","status":"publish","type":"post","link":"https:\/\/www.welovecycling.com\/hu\/orszaguti-kerekpar\/korkep-a-tour-de-france-osszes-eddig-nyerteserol-ii-resz-1923-1948\/","title":{"rendered":"K\u00f6rk\u00e9p a Tour de France \u00f6sszes eddig nyertes\u00e9r\u0151l, II. r\u00e9sz \u2013 1923-1948"},"content":{"rendered":"<p><strong>Az els\u0151 k\u00e9t \u00e9vtized nem alakult t\u00fal szerencs\u00e9sen a profi ker\u00e9kp\u00e1rosok sz\u00e1m\u00e1ra: legt\u00f6bbsz\u00f6r a h\u00e1bor\u00fa sz\u00f3lt k\u00f6zbe, de volt, akinek \u00f6ngyilkoss\u00e1ggal v\u00e9gz\u0151d\u00f6tt karrierje, \u00e9s verseny k\u00f6zben is folyton t\u00f6nkrement valamij\u00fck, vagy a villa, vagy a ker\u00e9k, vagy a h\u00edrnev\u00fck\u2026 Vajon a k\u00f6vetkez\u0151 20 \u00e9v jobban alakult?<\/strong><!--more--><\/p>\n<h2><strong>Henri P\u00e9lisser<\/strong><\/h2>\n<figure id=\"attachment_8442\" aria-describedby=\"caption-attachment-8442\" style=\"width: 980px\" class=\"wp-caption aligncenter\"><img loading=\"lazy\" decoding=\"async\" class=\"size-full wp-image-8442\" src=\"https:\/\/d2p6e6u75xmxt8.cloudfront.net\/12\/2020\/08\/henri-pelissier-french-racing-cyclist-france-championship-news-photo-56202212-1560543435.jpg\" alt=\"\" width=\"980\" height=\"679\" srcset=\"https:\/\/d2p6e6u75xmxt8.cloudfront.net\/12\/2020\/08\/henri-pelissier-french-racing-cyclist-france-championship-news-photo-56202212-1560543435.jpg 980w, https:\/\/d2p6e6u75xmxt8.cloudfront.net\/12\/2020\/08\/henri-pelissier-french-racing-cyclist-france-championship-news-photo-56202212-1560543435-300x208.jpg 300w, https:\/\/d2p6e6u75xmxt8.cloudfront.net\/12\/2020\/08\/henri-pelissier-french-racing-cyclist-france-championship-news-photo-56202212-1560543435-768x532.jpg 768w\" sizes=\"auto, (max-width: 980px) 100vw, 980px\" \/><figcaption id=\"caption-attachment-8442\" class=\"wp-caption-text\">BrangerGetty Images<\/figcaption><\/figure>\n<p><strong>Orsz\u00e1g:<\/strong> Franciaorsz\u00e1g<\/p>\n<p><strong>Csapat:<\/strong> Automoto\u2013Hutchinson<\/p>\n<p><strong>A gy\u0151zelem ideje:<\/strong> 1923<\/p>\n<p>A h\u00e1rom ker\u00e9kp\u00e1ros testv\u00e9r k\u00f6z\u00fcl \u0151 volt a legid\u0151sebb. P\u00e9lissier mind\u00f6ssze k\u00e9tszer fejezte be a Tour-t, b\u00e1r 8-szor indult el rajta. 1914-ben m\u00e1sodik lett, 1923-ban pedig v\u00e9g\u00fcl elvitte az els\u0151 helyet. Tehets\u00e9ges volt, de rosszindulat\u00fa, f\u0151k\u00e9nt saj\u00e1t maga v\u00e1lasztotta, hogy feladja. Legh\u00edresebb esete 1920-ban t\u00f6rt\u00e9nt, amikor ahelyett, hogy elfogadta volna a k\u00e9t perces b\u00fcntet\u00e9st, amit egy gumiabroncs elhaj\u00edt\u00e1s\u00e1\u00e9rt kapott, ink\u00e1bb d\u00fch\u00f6ngve feladta a versenyt.<\/p>\n<h2><strong>Ottavio Bottechia<\/strong><\/h2>\n<figure id=\"attachment_8443\" aria-describedby=\"caption-attachment-8443\" style=\"width: 980px\" class=\"wp-caption aligncenter\"><img loading=\"lazy\" decoding=\"async\" class=\"size-full wp-image-8443\" src=\"https:\/\/d2p6e6u75xmxt8.cloudfront.net\/12\/2020\/08\/portrait-of-italian-cyclist-ottavio-bottecchia-taken-in-the-news-photo-161001430-1560543501.jpg\" alt=\"\" width=\"980\" height=\"655\" srcset=\"https:\/\/d2p6e6u75xmxt8.cloudfront.net\/12\/2020\/08\/portrait-of-italian-cyclist-ottavio-bottecchia-taken-in-the-news-photo-161001430-1560543501.jpg 980w, https:\/\/d2p6e6u75xmxt8.cloudfront.net\/12\/2020\/08\/portrait-of-italian-cyclist-ottavio-bottecchia-taken-in-the-news-photo-161001430-1560543501-300x201.jpg 300w, https:\/\/d2p6e6u75xmxt8.cloudfront.net\/12\/2020\/08\/portrait-of-italian-cyclist-ottavio-bottecchia-taken-in-the-news-photo-161001430-1560543501-768x513.jpg 768w, https:\/\/d2p6e6u75xmxt8.cloudfront.net\/12\/2020\/08\/portrait-of-italian-cyclist-ottavio-bottecchia-taken-in-the-news-photo-161001430-1560543501-272x182.jpg 272w\" sizes=\"auto, (max-width: 980px) 100vw, 980px\" \/><figcaption id=\"caption-attachment-8443\" class=\"wp-caption-text\">STAFFGetty Images<\/figcaption><\/figure>\n<p><strong>Orsz\u00e1g:<\/strong> Olaszorsz\u00e1g<\/p>\n<p><strong>Csapat:<\/strong> Automoto<\/p>\n<p><strong>A gy\u0151zelmek ideje:<\/strong> 1924, 1925<\/p>\n<p>Bottecchia lett az els\u0151 olasz bajnok \u00e9s az els\u0151 versenyz\u0151, aki a Tour elej\u00e9t\u0151l a v\u00e9g\u00e9ig viselhette a s\u00e1rga trik\u00f3t. Els\u0151 gy\u0151zelm\u00e9t megk\u00f6nny\u00edtette a P\u00e9lisser-testv\u00e9rek t\u00e1voz\u00e1sa. Egy kisebb csal\u00e1s\u00e9rt kapott b\u00fcntet\u00e9s ellen \u00e1g\u00e1lva hagyt\u00e1k ott a versenyt. H\u00e1t igen, Henri\u2026<\/p>\n<h2><strong>Lucien Buysee<\/strong><\/h2>\n<figure id=\"attachment_8444\" aria-describedby=\"caption-attachment-8444\" style=\"width: 980px\" class=\"wp-caption aligncenter\"><img loading=\"lazy\" decoding=\"async\" class=\"size-full wp-image-8444\" src=\"https:\/\/d2p6e6u75xmxt8.cloudfront.net\/12\/2020\/08\/ottavio-bottecchia-of-italy-chases-lucien-buysse-of-belgium-news-photo-3399133-1560543586.jpg\" alt=\"\" width=\"980\" height=\"664\" srcset=\"https:\/\/d2p6e6u75xmxt8.cloudfront.net\/12\/2020\/08\/ottavio-bottecchia-of-italy-chases-lucien-buysse-of-belgium-news-photo-3399133-1560543586.jpg 980w, https:\/\/d2p6e6u75xmxt8.cloudfront.net\/12\/2020\/08\/ottavio-bottecchia-of-italy-chases-lucien-buysse-of-belgium-news-photo-3399133-1560543586-300x203.jpg 300w, https:\/\/d2p6e6u75xmxt8.cloudfront.net\/12\/2020\/08\/ottavio-bottecchia-of-italy-chases-lucien-buysse-of-belgium-news-photo-3399133-1560543586-768x520.jpg 768w\" sizes=\"auto, (max-width: 980px) 100vw, 980px\" \/><figcaption id=\"caption-attachment-8444\" class=\"wp-caption-text\">Topical Press AgencyGetty Images<\/figcaption><\/figure>\n<p><strong>Orsz\u00e1g:<\/strong> Belgium<\/p>\n<p><strong>Csapat:<\/strong> Automoto-Hutchinson<\/p>\n<p><strong>A gy\u0151zelem ideje:<\/strong> 1926<\/p>\n<p>Buysee egy \u00e9vvel gy\u0151zelme el\u0151tt m\u00e9g Bottecchia-t seg\u00edtette, \u00edgy lehet\u0151s\u00e9get kapott, hogy 1926-ban bajnok lehessen. Sajnos tragikus h\u00edreket kapott otthonr\u00f3l: l\u00e1nya meghalt m\u00e9g a verseny els\u0151 szakasz\u00e1nak idej\u00e9n. A csal\u00e1dja azonban meggy\u0151zte, hogy folytassa a versenyt.<\/p>\n<h2><strong>Nicolas Frantz<\/strong><\/h2>\n<figure id=\"attachment_8445\" aria-describedby=\"caption-attachment-8445\" style=\"width: 980px\" class=\"wp-caption aligncenter\"><img loading=\"lazy\" decoding=\"async\" class=\"size-full wp-image-8445\" src=\"https:\/\/d2p6e6u75xmxt8.cloudfront.net\/12\/2020\/08\/racing-cyclist-nicolas-frantz-from-luxembourg-celebrating-news-photo-74265636-1560543656.jpg\" alt=\"\" width=\"980\" height=\"709\" srcset=\"https:\/\/d2p6e6u75xmxt8.cloudfront.net\/12\/2020\/08\/racing-cyclist-nicolas-frantz-from-luxembourg-celebrating-news-photo-74265636-1560543656.jpg 980w, https:\/\/d2p6e6u75xmxt8.cloudfront.net\/12\/2020\/08\/racing-cyclist-nicolas-frantz-from-luxembourg-celebrating-news-photo-74265636-1560543656-300x217.jpg 300w, https:\/\/d2p6e6u75xmxt8.cloudfront.net\/12\/2020\/08\/racing-cyclist-nicolas-frantz-from-luxembourg-celebrating-news-photo-74265636-1560543656-768x556.jpg 768w\" sizes=\"auto, (max-width: 980px) 100vw, 980px\" \/><figcaption id=\"caption-attachment-8445\" class=\"wp-caption-text\">Roger ViolletGetty Images<\/figcaption><\/figure>\n<p><strong>Orsz\u00e1g:<\/strong> Luxemburg<\/p>\n<p><strong>Csapat:<\/strong> Alcyon\u2013Dunlop<\/p>\n<p><strong>A gy\u0151zelmek ideje:<\/strong> 1927, 1928<\/p>\n<p>1925-ben negyedikk\u00e9nt, egy \u00e9vvel k\u00e9s\u0151bb m\u00e1sodikk\u00e9nt \u00e9rt c\u00e9lba, \u201927-ben pedig megalapozta gy\u0151zelm\u00e9t azzal, hogy a legnehezebb szakaszon, a Pireneusok \u201eHal\u00e1lk\u00f6r\u00e9n\u201d els\u0151 lett. A k\u00f6vetkez\u0151 \u00e9vi Tour-on m\u00e1r a verseny elej\u00e9n vezetett, \u00edgy \u0151 lett az \u00f6t\u00f6dik olyan bajnok, akik k\u00e9tszer is fel\u00e1llhatott a dobog\u00f3 els\u0151 fok\u00e1ra.<\/p>\n<h2><strong>Maurice De Waele<\/strong><\/h2>\n<figure id=\"attachment_8446\" aria-describedby=\"caption-attachment-8446\" style=\"width: 980px\" class=\"wp-caption aligncenter\"><img loading=\"lazy\" decoding=\"async\" class=\"size-full wp-image-8446\" src=\"https:\/\/d2p6e6u75xmxt8.cloudfront.net\/12\/2020\/08\/portrait-of-belgian-cyclist-maurice-de-waele-taken-in-the-news-photo-161615056-1560543723.jpg\" alt=\"\" width=\"980\" height=\"655\" srcset=\"https:\/\/d2p6e6u75xmxt8.cloudfront.net\/12\/2020\/08\/portrait-of-belgian-cyclist-maurice-de-waele-taken-in-the-news-photo-161615056-1560543723.jpg 980w, https:\/\/d2p6e6u75xmxt8.cloudfront.net\/12\/2020\/08\/portrait-of-belgian-cyclist-maurice-de-waele-taken-in-the-news-photo-161615056-1560543723-300x201.jpg 300w, https:\/\/d2p6e6u75xmxt8.cloudfront.net\/12\/2020\/08\/portrait-of-belgian-cyclist-maurice-de-waele-taken-in-the-news-photo-161615056-1560543723-768x513.jpg 768w, https:\/\/d2p6e6u75xmxt8.cloudfront.net\/12\/2020\/08\/portrait-of-belgian-cyclist-maurice-de-waele-taken-in-the-news-photo-161615056-1560543723-272x182.jpg 272w\" sizes=\"auto, (max-width: 980px) 100vw, 980px\" \/><figcaption id=\"caption-attachment-8446\" class=\"wp-caption-text\">STAFFGetty Images<\/figcaption><\/figure>\n<p><strong>Orsz\u00e1g:<\/strong> Belgium<\/p>\n<p><strong>Csapat:<\/strong> Alcyon\u2013Dunlop<\/p>\n<p><strong>A gy\u0151zelem ideje:<\/strong> 1929<\/p>\n<p>M\u00e1sodik lett 1927-ben \u00e9s harmadik \u201928-ban. De Waele rengeteg lapos kereket gy\u0151z\u00f6tt le \u2013 akkoriban saj\u00e1t maguknak kellett cser\u00e9lni\u00fck a lyukas gumit \u2013 \u00e9s egy betegs\u00e9get is, ahhoz, hogy megnyerje az 1929-es versenyt. Nem volt t\u00fal n\u00e9pszer\u0171, a szervez\u0151, Henri Desgrange \u00edgy komment\u00e1lta gy\u0151zelm\u00e9t: <em>\u201eEgy csontv\u00e1z nyerte meg a versenyemet!\u201d<\/em><\/p>\n<h2><strong>Andr\u00e9 Leducq<\/strong><\/h2>\n<figure id=\"attachment_8447\" aria-describedby=\"caption-attachment-8447\" style=\"width: 980px\" class=\"wp-caption aligncenter\"><img loading=\"lazy\" decoding=\"async\" class=\"size-full wp-image-8447\" src=\"https:\/\/d2p6e6u75xmxt8.cloudfront.net\/12\/2020\/08\/frenchman-andre-leducq-rides-during-the-10th-stage-of-the-news-photo-163080003-1560543858.jpg\" alt=\"\" width=\"980\" height=\"727\" srcset=\"https:\/\/d2p6e6u75xmxt8.cloudfront.net\/12\/2020\/08\/frenchman-andre-leducq-rides-during-the-10th-stage-of-the-news-photo-163080003-1560543858.jpg 980w, https:\/\/d2p6e6u75xmxt8.cloudfront.net\/12\/2020\/08\/frenchman-andre-leducq-rides-during-the-10th-stage-of-the-news-photo-163080003-1560543858-300x223.jpg 300w, https:\/\/d2p6e6u75xmxt8.cloudfront.net\/12\/2020\/08\/frenchman-andre-leducq-rides-during-the-10th-stage-of-the-news-photo-163080003-1560543858-768x570.jpg 768w\" sizes=\"auto, (max-width: 980px) 100vw, 980px\" \/><figcaption id=\"caption-attachment-8447\" class=\"wp-caption-text\">AFPGetty Images<\/figcaption><\/figure>\n<p><strong>Orsz\u00e1g:<\/strong> Franciaorsz\u00e1g<\/p>\n<p><strong>Csapat:<\/strong> Alcyon\u2013Dunlop, Franciaorsz\u00e1g<\/p>\n<p><strong>A gy\u0151zelmek ideje:<\/strong> 1930, 1932<\/p>\n<p>Az 1930-as \u00e9v v\u00e1ltoz\u00e1st hozott: szponzor\u00e1lt csapatok helyett nemzeti \u00e9s region\u00e1lis csapatok versenyeztek. Ezzel \u00fajra f\u00f6l\u00e9nybe ker\u00fclt Franciaorsz\u00e1g: Leduq k\u00e9t versenyt is megnyert az \u00e9vtized els\u0151 \u00f6t Tour-j\u00e1b\u00f3l (a t\u00f6bb h\u00e1rmat is a franci\u00e1k vitt\u00e9k).<\/p>\n<h2><strong>Antonin Magne<\/strong><\/h2>\n<figure id=\"attachment_8448\" aria-describedby=\"caption-attachment-8448\" style=\"width: 980px\" class=\"wp-caption aligncenter\"><img loading=\"lazy\" decoding=\"async\" class=\"size-full wp-image-8448\" src=\"https:\/\/d2p6e6u75xmxt8.cloudfront.net\/12\/2020\/08\/le-cycliste-francais-antonin-magne-en-action-en-france-en-news-photo-956679992-1560543977.jpg\" alt=\"\" width=\"980\" height=\"737\" srcset=\"https:\/\/d2p6e6u75xmxt8.cloudfront.net\/12\/2020\/08\/le-cycliste-francais-antonin-magne-en-action-en-france-en-news-photo-956679992-1560543977.jpg 980w, https:\/\/d2p6e6u75xmxt8.cloudfront.net\/12\/2020\/08\/le-cycliste-francais-antonin-magne-en-action-en-france-en-news-photo-956679992-1560543977-300x226.jpg 300w, https:\/\/d2p6e6u75xmxt8.cloudfront.net\/12\/2020\/08\/le-cycliste-francais-antonin-magne-en-action-en-france-en-news-photo-956679992-1560543977-768x578.jpg 768w\" sizes=\"auto, (max-width: 980px) 100vw, 980px\" \/><figcaption id=\"caption-attachment-8448\" class=\"wp-caption-text\">Keystone-FranceGetty Images<\/figcaption><\/figure>\n<p><strong>Orsz\u00e1g:<\/strong> Franciaorsz\u00e1g<\/p>\n<p><strong>Csapat:<\/strong> Franciaorsz\u00e1g<\/p>\n<p><strong>A gy\u0151zelmek ideje:<\/strong> 1931, 1934<\/p>\n<p>1930-ban harmadikk\u00e9nt v\u00e9gzett Leduq m\u00f6g\u00f6tt, a r\u00e1k\u00f6vetkez\u0151 \u00e9vben azonban Magne kihaszn\u00e1lta a h\u00e1rom perces id\u0151b\u00f3nuszokat, amiket a szakaszgy\u0151ztesek kaptak \u2013 \u00e9s a titokzatos levelet, ami seg\u00edtett fel\u00e9p\u00edteni a strat\u00e9gi\u00e1j\u00e1t \u2013 \u00e9s meg is nyerte az 1931-es versenyt. H\u00e1rom \u00e9vvel k\u00e9s\u0151bb pedig ism\u00e9t gy\u0151zedelmeskedett.<\/p>\n<h2><strong>Georges Speicher<\/strong><\/h2>\n<figure id=\"attachment_8449\" aria-describedby=\"caption-attachment-8449\" style=\"width: 980px\" class=\"wp-caption aligncenter\"><img loading=\"lazy\" decoding=\"async\" class=\"size-full wp-image-8449\" src=\"https:\/\/d2p6e6u75xmxt8.cloudfront.net\/12\/2020\/08\/french-cyclist-georges-speicher-at-his-winning-of-the-road-news-photo-167496443-1560544051.jpg\" alt=\"\" width=\"980\" height=\"668\" srcset=\"https:\/\/d2p6e6u75xmxt8.cloudfront.net\/12\/2020\/08\/french-cyclist-georges-speicher-at-his-winning-of-the-road-news-photo-167496443-1560544051.jpg 980w, https:\/\/d2p6e6u75xmxt8.cloudfront.net\/12\/2020\/08\/french-cyclist-georges-speicher-at-his-winning-of-the-road-news-photo-167496443-1560544051-300x204.jpg 300w, https:\/\/d2p6e6u75xmxt8.cloudfront.net\/12\/2020\/08\/french-cyclist-georges-speicher-at-his-winning-of-the-road-news-photo-167496443-1560544051-768x523.jpg 768w\" sizes=\"auto, (max-width: 980px) 100vw, 980px\" \/><figcaption id=\"caption-attachment-8449\" class=\"wp-caption-text\">ImagnoGetty Images<\/figcaption><\/figure>\n<p><strong>Orsz\u00e1g:<\/strong> Franciaorsz\u00e1g<\/p>\n<p><strong>Csapat:<\/strong> Franciaorsz\u00e1g<\/p>\n<p><strong>A gy\u0151zelem ideje:<\/strong> 1933<\/p>\n<p>A szak\u00e9rt\u0151k az 1933-as TdF francia csapat\u00e1t a h\u00e1bor\u00fa el\u0151tti versenyek legkem\u00e9nyebbikek\u00e9nt tartja sz\u00e1mon. Speicher mellett Leduq \u00e9s Magne, illetve a j\u00f6vend\u0151beli bajnok, Roger Lap\u00e9bie alkott\u00e1k az \u00e1lomcsapatot.<\/p>\n<h2><strong>Romain Maes<\/strong><\/h2>\n<figure id=\"attachment_8450\" aria-describedby=\"caption-attachment-8450\" style=\"width: 980px\" class=\"wp-caption aligncenter\"><img loading=\"lazy\" decoding=\"async\" class=\"size-full wp-image-8450\" src=\"https:\/\/d2p6e6u75xmxt8.cloudfront.net\/12\/2020\/08\/1re-etape-du-tour-le-cycliste-belge-romain-maes-devale-une-news-photo-956679524-1560544563.jpg\" alt=\"\" width=\"980\" height=\"700\" srcset=\"https:\/\/d2p6e6u75xmxt8.cloudfront.net\/12\/2020\/08\/1re-etape-du-tour-le-cycliste-belge-romain-maes-devale-une-news-photo-956679524-1560544563.jpg 980w, https:\/\/d2p6e6u75xmxt8.cloudfront.net\/12\/2020\/08\/1re-etape-du-tour-le-cycliste-belge-romain-maes-devale-une-news-photo-956679524-1560544563-300x214.jpg 300w, https:\/\/d2p6e6u75xmxt8.cloudfront.net\/12\/2020\/08\/1re-etape-du-tour-le-cycliste-belge-romain-maes-devale-une-news-photo-956679524-1560544563-768x549.jpg 768w\" sizes=\"auto, (max-width: 980px) 100vw, 980px\" \/><figcaption id=\"caption-attachment-8450\" class=\"wp-caption-text\">Keystone-FranceGetty Images<\/figcaption><\/figure>\n<p><strong>Orsz\u00e1g:<\/strong> Belgium<\/p>\n<p><strong>Csapat:<\/strong> Belgium<\/p>\n<p><strong>A gy\u0151zelem ideje:<\/strong> 1935<\/p>\n<p>\u00d6t \u00e9v francia uralmat t\u00f6rt meg a belga Maes. Az els\u0151 befejezett verseny\u00e9n szerezte meg a s\u00e1rga trik\u00f3t, emellett \u0151 lett az \u00f6t\u00f6dik olyan versenyz\u0151, aki elej\u00e9t\u0151l a v\u00e9g\u00e9ig vezetett. \u00c9s csak h\u00e1rman voltak a csapat\u00e1ban!<\/p>\n<h2><strong>Sylv\u00e9re Maes<\/strong><\/h2>\n<figure id=\"attachment_8451\" aria-describedby=\"caption-attachment-8451\" style=\"width: 980px\" class=\"wp-caption aligncenter\"><img loading=\"lazy\" decoding=\"async\" class=\"size-full wp-image-8451\" src=\"https:\/\/d2p6e6u75xmxt8.cloudfront.net\/12\/2020\/08\/undated-and-unlocated-picture-showing-belgian-cyclist-news-photo-532488344-1560544614.jpg\" alt=\"\" width=\"980\" height=\"694\" srcset=\"https:\/\/d2p6e6u75xmxt8.cloudfront.net\/12\/2020\/08\/undated-and-unlocated-picture-showing-belgian-cyclist-news-photo-532488344-1560544614.jpg 980w, https:\/\/d2p6e6u75xmxt8.cloudfront.net\/12\/2020\/08\/undated-and-unlocated-picture-showing-belgian-cyclist-news-photo-532488344-1560544614-300x212.jpg 300w, https:\/\/d2p6e6u75xmxt8.cloudfront.net\/12\/2020\/08\/undated-and-unlocated-picture-showing-belgian-cyclist-news-photo-532488344-1560544614-768x544.jpg 768w\" sizes=\"auto, (max-width: 980px) 100vw, 980px\" \/><figcaption id=\"caption-attachment-8451\" class=\"wp-caption-text\">-Getty Images<\/figcaption><\/figure>\n<p><strong>Orsz\u00e1g:<\/strong> Belgium<\/p>\n<p><strong>Csapat:<\/strong> Belgium<\/p>\n<p><strong>A gy\u0151zelmek ideje:<\/strong> 1936, 1939<\/p>\n<p>A korai Tour egyik legkiemelked\u0151bb versenyz\u0151je, Sylv\u00e9re Maes (akinek semmi k\u00f6ze Romainhez) 1935-ben negyedikk\u00e9nt v\u00e9gzett, \u00fagy, hogy egyed\u00fcl indult. Akkoriban m\u00e9g egy\u00e9nileg is nevezhettek a ker\u00e9kp\u00e1rosok, ha nem v\u00e1logatt\u00e1k be \u0151ket a nemzeti csapatba. A belga sz\u00edneket csak 1936-ban k\u00e9pviselhette, ekkor meg is nyerte a versenyt, majd 1939-ben \u0151 volt az utols\u00f3 bajnok a m\u00e1sodik vil\u00e1gh\u00e1bor\u00fa kit\u00f6r\u00e9se el\u0151tt. J\u00falius 30-\u00e1n \u00e1llt fel a dobog\u00f3ra, kicsit t\u00f6bb, mint egy h\u00f3nappal azel\u0151tt, hogy N\u00e9metorsz\u00e1g megsz\u00e1llta Lengyelorsz\u00e1got.<\/p>\n<h2><strong>Roger Lap\u00e9bie<\/strong><\/h2>\n<figure id=\"attachment_8452\" aria-describedby=\"caption-attachment-8452\" style=\"width: 980px\" class=\"wp-caption aligncenter\"><img loading=\"lazy\" decoding=\"async\" class=\"size-full wp-image-8452\" src=\"https:\/\/d2p6e6u75xmxt8.cloudfront.net\/12\/2020\/08\/photo-non-datee-du-cycliste-francais-roger-lapebie-avant-le-news-photo-1133139089-1560544682.jpg\" alt=\"\" width=\"980\" height=\"655\" srcset=\"https:\/\/d2p6e6u75xmxt8.cloudfront.net\/12\/2020\/08\/photo-non-datee-du-cycliste-francais-roger-lapebie-avant-le-news-photo-1133139089-1560544682.jpg 980w, https:\/\/d2p6e6u75xmxt8.cloudfront.net\/12\/2020\/08\/photo-non-datee-du-cycliste-francais-roger-lapebie-avant-le-news-photo-1133139089-1560544682-300x201.jpg 300w, https:\/\/d2p6e6u75xmxt8.cloudfront.net\/12\/2020\/08\/photo-non-datee-du-cycliste-francais-roger-lapebie-avant-le-news-photo-1133139089-1560544682-768x513.jpg 768w, https:\/\/d2p6e6u75xmxt8.cloudfront.net\/12\/2020\/08\/photo-non-datee-du-cycliste-francais-roger-lapebie-avant-le-news-photo-1133139089-1560544682-272x182.jpg 272w\" sizes=\"auto, (max-width: 980px) 100vw, 980px\" \/><figcaption id=\"caption-attachment-8452\" class=\"wp-caption-text\">STAFFGetty Images<\/figcaption><\/figure>\n<p><strong>Orsz\u00e1g:<\/strong> Belgium<\/p>\n<p><strong>Csapat:<\/strong> Belgium<\/p>\n<p><strong>A gy\u0151zelmek ideje:<\/strong> 1936, 1939<\/p>\n<p>Lap\u00e9bie nyerte az els\u0151 olyan esem\u00e9nyt, amire v\u00e1lt\u00f3val felszerelt biciklivel is lehetett nevezni. Egy csal\u00e1sokkal, b\u00fcntet\u00e9sekkel \u00e9s szabot\u00e1l\u00e1ssal teli versenyen gy\u0151z\u00f6tt a, \u00edgy a h\u00e1bor\u00fa el\u0151tt utolj\u00e1ra vihette haza a franci\u00e1knak a s\u00e1rga trik\u00f3t.<\/p>\n<h2><strong>Gino Bartali<\/strong><\/h2>\n<figure id=\"attachment_8453\" aria-describedby=\"caption-attachment-8453\" style=\"width: 980px\" class=\"wp-caption aligncenter\"><img loading=\"lazy\" decoding=\"async\" class=\"size-full wp-image-8453\" src=\"https:\/\/d2p6e6u75xmxt8.cloudfront.net\/12\/2020\/08\/italian-racing-cyclist-gino-bartali-celebrating-his-tour-de-news-photo-74265785-1560544779.jpg\" alt=\"\" width=\"980\" height=\"691\" srcset=\"https:\/\/d2p6e6u75xmxt8.cloudfront.net\/12\/2020\/08\/italian-racing-cyclist-gino-bartali-celebrating-his-tour-de-news-photo-74265785-1560544779.jpg 980w, https:\/\/d2p6e6u75xmxt8.cloudfront.net\/12\/2020\/08\/italian-racing-cyclist-gino-bartali-celebrating-his-tour-de-news-photo-74265785-1560544779-300x212.jpg 300w, https:\/\/d2p6e6u75xmxt8.cloudfront.net\/12\/2020\/08\/italian-racing-cyclist-gino-bartali-celebrating-his-tour-de-news-photo-74265785-1560544779-768x542.jpg 768w\" sizes=\"auto, (max-width: 980px) 100vw, 980px\" \/><figcaption id=\"caption-attachment-8453\" class=\"wp-caption-text\">Roger ViolletGetty Images<\/figcaption><\/figure>\n<p><strong>Orsz\u00e1g:<\/strong> Olaszorsz\u00e1g<\/p>\n<p><strong>Csapat:<\/strong> Olaszorsz\u00e1g<\/p>\n<p><strong>A gy\u0151zelmek ideje:<\/strong> 1938, 1948<\/p>\n<p>A ker\u00e9kp\u00e1roz\u00e1s egyik legnagyobb alakja, Gino Bartali m\u00e9g t\u00f6bb sikert \u00e9rhetett volna el, ha nem s\u00e9r\u00fcl meg 1937-ben, majd nem szak\u00edtja f\u00e9lbe karrierj\u00e9t a h\u00e1bor\u00fa. Els\u0151 Tour-gy\u0151zelm\u00e9hez az Alpokon \u00e1t vezetett az \u00fat, egy \u00e9vtizeddel k\u00e9s\u0151bb pedig m\u00e1r 34 \u00e9ves volt, amikor elvitte a s\u00e1rga trik\u00f3t. Mindez azonban elt\u00f6rp\u00fcl amellett, amit <a href=\"https:\/\/www.welovecycling.com\/hu\/orszaguti-kerekpar\/gino-bartali-az-orszaguti-hos\/\">a h\u00e1bor\u00fa alatt vitt v\u00e9ghez<\/a>.<\/p>\n<p><em>Forr\u00e1s: <\/em><a href=\"https:\/\/www.bicycling.com\/tour-de-france\/g22059401\/tour-de-france-winners\/\" target=\"_blank\" rel=\"noopener noreferrer\"><em>bicycling.com<\/em><\/a><\/p>\n","protected":false},"excerpt":{"rendered":"<p>Az els\u0151 k\u00e9t \u00e9vtized nem alakult t\u00fal szerencs\u00e9sen a profi ker\u00e9kp\u00e1rosok sz\u00e1m\u00e1ra: legt\u00f6bbsz\u00f6r a h\u00e1bor\u00fa sz\u00f3lt k\u00f6zbe, de volt, akinek [&hellip;]<\/p>\n","protected":false},"author":71,"featured_media":8441,"comment_status":"open","ping_status":"open","sticky":false,"template":"","format":"standard","meta":{"footnotes":""},"categories":[8],"tags":[],"global-categories":[],"class_list":["post-8440","post","type-post","status-publish","format-standard","has-post-thumbnail","hentry","category-orszaguti-kerekpar"],"yoast_head":"<!-- This site is optimized with the Yoast SEO Premium plugin v25.3 (Yoast SEO v25.9) - https:\/\/yoast.com\/wordpress\/plugins\/seo\/ -->\n<title>K\u00f6rk\u00e9p a Tour de France \u00f6sszes eddig nyertes\u00e9r\u0151l, II. r\u00e9sz \u2013 1923-1948 - \u0160koda We Love Cycling - Magyarorsz\u00e1g<\/title>\n<meta name=\"description\" content=\"Az els\u0151 k\u00e9t \u00e9vtized nem alakult t\u00fal szerencs\u00e9sen a profi ker\u00e9kp\u00e1rosok sz\u00e1m\u00e1ra: legt\u00f6bbsz\u00f6r a h\u00e1bor\u00fa sz\u00f3lt k\u00f6zbe..\" \/>\n<meta name=\"robots\" content=\"index, follow, max-snippet:-1, max-image-preview:large, max-video-preview:-1\" \/>\n<link rel=\"canonical\" href=\"https:\/\/www.welovecycling.com\/hu\/orszaguti-kerekpar\/korkep-a-tour-de-france-osszes-eddig-nyerteserol-ii-resz-1923-1948\/\" \/>\n<meta property=\"og:locale\" content=\"hu_HU\" \/>\n<meta property=\"og:type\" content=\"article\" \/>\n<meta property=\"og:title\" content=\"K\u00f6rk\u00e9p a Tour de France \u00f6sszes eddig nyertes\u00e9r\u0151l, II. r\u00e9sz \u2013 1923-1948\" \/>\n<meta property=\"og:description\" content=\"Az els\u0151 k\u00e9t \u00e9vtized nem alakult t\u00fal szerencs\u00e9sen a profi ker\u00e9kp\u00e1rosok sz\u00e1m\u00e1ra: legt\u00f6bbsz\u00f6r a h\u00e1bor\u00fa sz\u00f3lt k\u00f6zbe..\" \/>\n<meta property=\"og:url\" content=\"https:\/\/www.welovecycling.com\/hu\/orszaguti-kerekpar\/korkep-a-tour-de-france-osszes-eddig-nyerteserol-ii-resz-1923-1948\/\" \/>\n<meta property=\"og:site_name\" content=\"\u0160koda We Love Cycling - Magyarorsz\u00e1g\" \/>\n<meta property=\"article:publisher\" content=\"https:\/\/www.facebook.com\/WeLoveCyclingHungary\/\" \/>\n<meta property=\"article:published_time\" content=\"2020-09-06T07:00:17+00:00\" \/>\n<meta property=\"og:image\" content=\"https:\/\/d2p6e6u75xmxt8.cloudfront.net\/12\/2020\/08\/wlc36.jpg\" \/>\n\t<meta property=\"og:image:width\" content=\"980\" \/>\n\t<meta property=\"og:image:height\" content=\"668\" \/>\n\t<meta property=\"og:image:type\" content=\"image\/jpeg\" \/>\n<meta name=\"author\" content=\"hegyizs\" \/>\n<meta name=\"twitter:card\" content=\"summary_large_image\" \/>\n<meta name=\"twitter:label1\" content=\"Written by\" \/>\n\t<meta name=\"twitter:data1\" content=\"WLC\" \/>\n\t<meta name=\"twitter:label2\" content=\"Est. reading time\" \/>\n\t<meta name=\"twitter:data2\" content=\"5 minutes\" \/>\n<script type=\"application\/ld+json\" class=\"yoast-schema-graph\">{\"@context\":\"https:\/\/schema.org\",\"@graph\":[{\"@type\":\"WebPage\",\"@id\":\"https:\/\/www.welovecycling.com\/hu\/orszaguti-kerekpar\/korkep-a-tour-de-france-osszes-eddig-nyerteserol-ii-resz-1923-1948\/\",\"url\":\"https:\/\/www.welovecycling.com\/hu\/orszaguti-kerekpar\/korkep-a-tour-de-france-osszes-eddig-nyerteserol-ii-resz-1923-1948\/\",\"name\":\"K\u00f6rk\u00e9p a Tour de France \u00f6sszes eddig nyertes\u00e9r\u0151l, II. r\u00e9sz \u2013 1923-1948 - \u0160koda We Love Cycling - Magyarorsz\u00e1g\",\"isPartOf\":{\"@id\":\"https:\/\/www.welovecycling.com\/hu\/#website\"},\"primaryImageOfPage\":{\"@id\":\"https:\/\/www.welovecycling.com\/hu\/orszaguti-kerekpar\/korkep-a-tour-de-france-osszes-eddig-nyerteserol-ii-resz-1923-1948\/#primaryimage\"},\"image\":{\"@id\":\"https:\/\/www.welovecycling.com\/hu\/orszaguti-kerekpar\/korkep-a-tour-de-france-osszes-eddig-nyerteserol-ii-resz-1923-1948\/#primaryimage\"},\"thumbnailUrl\":\"https:\/\/d2p6e6u75xmxt8.cloudfront.net\/12\/2020\/08\/wlc36.jpg\",\"datePublished\":\"2020-09-06T07:00:17+00:00\",\"author\":{\"@id\":\"https:\/\/www.welovecycling.com\/hu\/#\/schema\/person\/414a2aebf1801691a5320edb6468e194\"},\"description\":\"Az els\u0151 k\u00e9t \u00e9vtized nem alakult t\u00fal szerencs\u00e9sen a profi ker\u00e9kp\u00e1rosok sz\u00e1m\u00e1ra: legt\u00f6bbsz\u00f6r a h\u00e1bor\u00fa sz\u00f3lt k\u00f6zbe..\",\"breadcrumb\":{\"@id\":\"https:\/\/www.welovecycling.com\/hu\/orszaguti-kerekpar\/korkep-a-tour-de-france-osszes-eddig-nyerteserol-ii-resz-1923-1948\/#breadcrumb\"},\"inLanguage\":\"hu\",\"potentialAction\":[{\"@type\":\"ReadAction\",\"target\":[\"https:\/\/www.welovecycling.com\/hu\/orszaguti-kerekpar\/korkep-a-tour-de-france-osszes-eddig-nyerteserol-ii-resz-1923-1948\/\"]}]},{\"@type\":\"ImageObject\",\"inLanguage\":\"hu\",\"@id\":\"https:\/\/www.welovecycling.com\/hu\/orszaguti-kerekpar\/korkep-a-tour-de-france-osszes-eddig-nyerteserol-ii-resz-1923-1948\/#primaryimage\",\"url\":\"https:\/\/d2p6e6u75xmxt8.cloudfront.net\/12\/2020\/08\/wlc36.jpg\",\"contentUrl\":\"https:\/\/d2p6e6u75xmxt8.cloudfront.net\/12\/2020\/08\/wlc36.jpg\",\"width\":980,\"height\":668},{\"@type\":\"BreadcrumbList\",\"@id\":\"https:\/\/www.welovecycling.com\/hu\/orszaguti-kerekpar\/korkep-a-tour-de-france-osszes-eddig-nyerteserol-ii-resz-1923-1948\/#breadcrumb\",\"itemListElement\":[{\"@type\":\"ListItem\",\"position\":1,\"name\":\"Home\",\"item\":\"https:\/\/www.welovecycling.com\/hu\/\"},{\"@type\":\"ListItem\",\"position\":2,\"name\":\"K\u00f6rk\u00e9p a Tour de France \u00f6sszes eddig nyertes\u00e9r\u0151l, II. r\u00e9sz \u2013 1923-1948\"}]},{\"@type\":\"WebSite\",\"@id\":\"https:\/\/www.welovecycling.com\/hu\/#website\",\"url\":\"https:\/\/www.welovecycling.com\/hu\/\",\"name\":\"\u0160koda We Love Cycling - Magyarorsz\u00e1g\",\"description\":\"\u0160koda WeLoveCycling\",\"potentialAction\":[{\"@type\":\"SearchAction\",\"target\":{\"@type\":\"EntryPoint\",\"urlTemplate\":\"https:\/\/www.welovecycling.com\/hu\/?s={search_term_string}\"},\"query-input\":{\"@type\":\"PropertyValueSpecification\",\"valueRequired\":true,\"valueName\":\"search_term_string\"}}],\"inLanguage\":\"hu\"},{\"@type\":\"Person\",\"@id\":\"https:\/\/www.welovecycling.com\/hu\/#\/schema\/person\/414a2aebf1801691a5320edb6468e194\",\"name\":\"hegyizs\",\"image\":{\"@type\":\"ImageObject\",\"inLanguage\":\"hu\",\"@id\":\"https:\/\/www.welovecycling.com\/hu\/#\/schema\/person\/image\/\",\"url\":\"https:\/\/secure.gravatar.com\/avatar\/02cf8a7906b8cf90cecb4679defac7cfd33a1c2e3b88e4903d947f3bb58eedd3?s=96&d=mm&r=g\",\"contentUrl\":\"https:\/\/secure.gravatar.com\/avatar\/02cf8a7906b8cf90cecb4679defac7cfd33a1c2e3b88e4903d947f3bb58eedd3?s=96&d=mm&r=g\",\"caption\":\"hegyizs\"},\"url\":\"https:\/\/www.welovecycling.com\/hu\/author\/hegyizs\/\"}]}<\/script>\n<!-- \/ Yoast SEO Premium plugin. -->","yoast_head_json":{"title":"K\u00f6rk\u00e9p a Tour de France \u00f6sszes eddig nyertes\u00e9r\u0151l, II. r\u00e9sz \u2013 1923-1948 - \u0160koda We Love Cycling - Magyarorsz\u00e1g","description":"Az els\u0151 k\u00e9t \u00e9vtized nem alakult t\u00fal szerencs\u00e9sen a profi ker\u00e9kp\u00e1rosok sz\u00e1m\u00e1ra: legt\u00f6bbsz\u00f6r a h\u00e1bor\u00fa sz\u00f3lt k\u00f6zbe..","robots":{"index":"index","follow":"follow","max-snippet":"max-snippet:-1","max-image-preview":"max-image-preview:large","max-video-preview":"max-video-preview:-1"},"canonical":"https:\/\/www.welovecycling.com\/hu\/orszaguti-kerekpar\/korkep-a-tour-de-france-osszes-eddig-nyerteserol-ii-resz-1923-1948\/","og_locale":"hu_HU","og_type":"article","og_title":"K\u00f6rk\u00e9p a Tour de France \u00f6sszes eddig nyertes\u00e9r\u0151l, II. r\u00e9sz \u2013 1923-1948","og_description":"Az els\u0151 k\u00e9t \u00e9vtized nem alakult t\u00fal szerencs\u00e9sen a profi ker\u00e9kp\u00e1rosok sz\u00e1m\u00e1ra: legt\u00f6bbsz\u00f6r a h\u00e1bor\u00fa sz\u00f3lt k\u00f6zbe..","og_url":"https:\/\/www.welovecycling.com\/hu\/orszaguti-kerekpar\/korkep-a-tour-de-france-osszes-eddig-nyerteserol-ii-resz-1923-1948\/","og_site_name":"\u0160koda We Love Cycling - Magyarorsz\u00e1g","article_publisher":"https:\/\/www.facebook.com\/WeLoveCyclingHungary\/","article_published_time":"2020-09-06T07:00:17+00:00","og_image":[{"width":980,"height":668,"url":"https:\/\/d2p6e6u75xmxt8.cloudfront.net\/12\/2020\/08\/wlc36.jpg","type":"image\/jpeg"}],"author":"hegyizs","twitter_card":"summary_large_image","twitter_misc":{"Written by":"WLC","Est. reading time":"5 minutes"},"schema":{"@context":"https:\/\/schema.org","@graph":[{"@type":"WebPage","@id":"https:\/\/www.welovecycling.com\/hu\/orszaguti-kerekpar\/korkep-a-tour-de-france-osszes-eddig-nyerteserol-ii-resz-1923-1948\/","url":"https:\/\/www.welovecycling.com\/hu\/orszaguti-kerekpar\/korkep-a-tour-de-france-osszes-eddig-nyerteserol-ii-resz-1923-1948\/","name":"K\u00f6rk\u00e9p a Tour de France \u00f6sszes eddig nyertes\u00e9r\u0151l, II. r\u00e9sz \u2013 1923-1948 - \u0160koda We Love Cycling - Magyarorsz\u00e1g","isPartOf":{"@id":"https:\/\/www.welovecycling.com\/hu\/#website"},"primaryImageOfPage":{"@id":"https:\/\/www.welovecycling.com\/hu\/orszaguti-kerekpar\/korkep-a-tour-de-france-osszes-eddig-nyerteserol-ii-resz-1923-1948\/#primaryimage"},"image":{"@id":"https:\/\/www.welovecycling.com\/hu\/orszaguti-kerekpar\/korkep-a-tour-de-france-osszes-eddig-nyerteserol-ii-resz-1923-1948\/#primaryimage"},"thumbnailUrl":"https:\/\/d2p6e6u75xmxt8.cloudfront.net\/12\/2020\/08\/wlc36.jpg","datePublished":"2020-09-06T07:00:17+00:00","author":{"@id":"https:\/\/www.welovecycling.com\/hu\/#\/schema\/person\/414a2aebf1801691a5320edb6468e194"},"description":"Az els\u0151 k\u00e9t \u00e9vtized nem alakult t\u00fal szerencs\u00e9sen a profi ker\u00e9kp\u00e1rosok sz\u00e1m\u00e1ra: legt\u00f6bbsz\u00f6r a h\u00e1bor\u00fa sz\u00f3lt k\u00f6zbe..","breadcrumb":{"@id":"https:\/\/www.welovecycling.com\/hu\/orszaguti-kerekpar\/korkep-a-tour-de-france-osszes-eddig-nyerteserol-ii-resz-1923-1948\/#breadcrumb"},"inLanguage":"hu","potentialAction":[{"@type":"ReadAction","target":["https:\/\/www.welovecycling.com\/hu\/orszaguti-kerekpar\/korkep-a-tour-de-france-osszes-eddig-nyerteserol-ii-resz-1923-1948\/"]}]},{"@type":"ImageObject","inLanguage":"hu","@id":"https:\/\/www.welovecycling.com\/hu\/orszaguti-kerekpar\/korkep-a-tour-de-france-osszes-eddig-nyerteserol-ii-resz-1923-1948\/#primaryimage","url":"https:\/\/d2p6e6u75xmxt8.cloudfront.net\/12\/2020\/08\/wlc36.jpg","contentUrl":"https:\/\/d2p6e6u75xmxt8.cloudfront.net\/12\/2020\/08\/wlc36.jpg","width":980,"height":668},{"@type":"BreadcrumbList","@id":"https:\/\/www.welovecycling.com\/hu\/orszaguti-kerekpar\/korkep-a-tour-de-france-osszes-eddig-nyerteserol-ii-resz-1923-1948\/#breadcrumb","itemListElement":[{"@type":"ListItem","position":1,"name":"Home","item":"https:\/\/www.welovecycling.com\/hu\/"},{"@type":"ListItem","position":2,"name":"K\u00f6rk\u00e9p a Tour de France \u00f6sszes eddig nyertes\u00e9r\u0151l, II. r\u00e9sz \u2013 1923-1948"}]},{"@type":"WebSite","@id":"https:\/\/www.welovecycling.com\/hu\/#website","url":"https:\/\/www.welovecycling.com\/hu\/","name":"\u0160koda We Love Cycling - Magyarorsz\u00e1g","description":"\u0160koda WeLoveCycling","potentialAction":[{"@type":"SearchAction","target":{"@type":"EntryPoint","urlTemplate":"https:\/\/www.welovecycling.com\/hu\/?s={search_term_string}"},"query-input":{"@type":"PropertyValueSpecification","valueRequired":true,"valueName":"search_term_string"}}],"inLanguage":"hu"},{"@type":"Person","@id":"https:\/\/www.welovecycling.com\/hu\/#\/schema\/person\/414a2aebf1801691a5320edb6468e194","name":"hegyizs","image":{"@type":"ImageObject","inLanguage":"hu","@id":"https:\/\/www.welovecycling.com\/hu\/#\/schema\/person\/image\/","url":"https:\/\/secure.gravatar.com\/avatar\/02cf8a7906b8cf90cecb4679defac7cfd33a1c2e3b88e4903d947f3bb58eedd3?s=96&d=mm&r=g","contentUrl":"https:\/\/secure.gravatar.com\/avatar\/02cf8a7906b8cf90cecb4679defac7cfd33a1c2e3b88e4903d947f3bb58eedd3?s=96&d=mm&r=g","caption":"hegyizs"},"url":"https:\/\/www.welovecycling.com\/hu\/author\/hegyizs\/"}]}},"_links":{"self":[{"href":"https:\/\/www.welovecycling.com\/hu\/wp-json\/wp\/v2\/posts\/8440","targetHints":{"allow":["GET"]}}],"collection":[{"href":"https:\/\/www.welovecycling.com\/hu\/wp-json\/wp\/v2\/posts"}],"about":[{"href":"https:\/\/www.welovecycling.com\/hu\/wp-json\/wp\/v2\/types\/post"}],"author":[{"embeddable":true,"href":"https:\/\/www.welovecycling.com\/hu\/wp-json\/wp\/v2\/users\/71"}],"replies":[{"embeddable":true,"href":"https:\/\/www.welovecycling.com\/hu\/wp-json\/wp\/v2\/comments?post=8440"}],"version-history":[{"count":1,"href":"https:\/\/www.welovecycling.com\/hu\/wp-json\/wp\/v2\/posts\/8440\/revisions"}],"predecessor-version":[{"id":8454,"href":"https:\/\/www.welovecycling.com\/hu\/wp-json\/wp\/v2\/posts\/8440\/revisions\/8454"}],"wp:featuredmedia":[{"embeddable":true,"href":"https:\/\/www.welovecycling.com\/hu\/wp-json\/wp\/v2\/media\/8441"}],"wp:attachment":[{"href":"https:\/\/www.welovecycling.com\/hu\/wp-json\/wp\/v2\/media?parent=8440"}],"wp:term":[{"taxonomy":"category","embeddable":true,"href":"https:\/\/www.welovecycling.com\/hu\/wp-json\/wp\/v2\/categories?post=8440"},{"taxonomy":"post_tag","embeddable":true,"href":"https:\/\/www.welovecycling.com\/hu\/wp-json\/wp\/v2\/tags?post=8440"},{"taxonomy":"global-categories","embeddable":true,"href":"https:\/\/www.welovecycling.com\/hu\/wp-json\/wp\/v2\/global-categories?post=8440"}],"curies":[{"name":"wp","href":"https:\/\/api.w.org\/{rel}","templated":true}]}}