{"id":8423,"date":"2020-09-05T08:00:29","date_gmt":"2020-09-05T07:00:29","guid":{"rendered":"https:\/\/www.welovecycling.com\/hu\/?p=8423"},"modified":"2020-08-28T14:07:46","modified_gmt":"2020-08-28T13:07:46","slug":"korkep-a-tour-de-france-osszes-eddig-nyerteserol-i-resz-1903-1922","status":"publish","type":"post","link":"https:\/\/www.welovecycling.com\/hu\/orszaguti-kerekpar\/korkep-a-tour-de-france-osszes-eddig-nyerteserol-i-resz-1903-1922\/","title":{"rendered":"K\u00f6rk\u00e9p a Tour de France \u00f6sszes eddig nyertes\u00e9r\u0151l, I. r\u00e9sz \u2013 1903-1922"},"content":{"rendered":"<p><strong>Gondolkozt\u00e1l m\u00e1r rajta, milyen lehetett az els\u0151 TdF gy\u0151ztese? Ki volt a legfiatalabb bajnok? \u00c9s a leg\u00f6regebb? Na \u00e9s ki volt az els\u0151, aki csalt? T\u00f6bb mint 100 verseny, nagyon k\u00fcl\u00f6nb\u00f6z\u0151 versenyz\u0151kkel. N\u00e9zz\u00fck, kik voltak \u0151k!<\/strong><!--more--><\/p>\n<h2><strong>Maurice Garin<\/strong><\/h2>\n<figure id=\"attachment_8425\" aria-describedby=\"caption-attachment-8425\" style=\"width: 980px\" class=\"wp-caption aligncenter\"><img loading=\"lazy\" decoding=\"async\" class=\"size-full wp-image-8425\" src=\"https:\/\/d2p6e6u75xmxt8.cloudfront.net\/12\/2020\/08\/french-racing-cyclist-maurice-garin-winner-of-the-first-news-photo-74267092-1560542136.jpg\" alt=\"\" width=\"980\" height=\"677\" srcset=\"https:\/\/d2p6e6u75xmxt8.cloudfront.net\/12\/2020\/08\/french-racing-cyclist-maurice-garin-winner-of-the-first-news-photo-74267092-1560542136.jpg 980w, https:\/\/d2p6e6u75xmxt8.cloudfront.net\/12\/2020\/08\/french-racing-cyclist-maurice-garin-winner-of-the-first-news-photo-74267092-1560542136-300x207.jpg 300w, https:\/\/d2p6e6u75xmxt8.cloudfront.net\/12\/2020\/08\/french-racing-cyclist-maurice-garin-winner-of-the-first-news-photo-74267092-1560542136-768x531.jpg 768w\" sizes=\"auto, (max-width: 980px) 100vw, 980px\" \/><figcaption id=\"caption-attachment-8425\" class=\"wp-caption-text\">Roger ViolletGetty Images<\/figcaption><\/figure>\n<p><em>\u00a0<\/em><strong>Orsz\u00e1g:<\/strong> Franciaorsz\u00e1g<\/p>\n<p><strong>Csapat:<\/strong> La Fran\u00e7aise<\/p>\n<p><strong>A gy\u0151zelem ideje:<\/strong> 1903<\/p>\n<p>A k\u00e9m\u00e9nysepr\u0151b\u0151l bajnokk\u00e1 avanzs\u00e1lt Garin v\u00e9gig vezetett a legels\u0151 Tour de France-en, majdnem h\u00e1rom \u00f3r\u00e1val \u00e9rt hamarabb c\u00e9lba a m\u00e1sodik helyezettn\u00e9l. K\u00f6r\u00fclbel\u00fcl 40.000 doll\u00e1rt kapott er\u0151fesz\u00edt\u00e9sei\u00e9rt, amin vett mag\u00e1nak egy saj\u00e1t benzink\u00fatj\u00e1t.<\/p>\n<h2><strong>Henri Cornet<\/strong><\/h2>\n<figure id=\"attachment_8426\" aria-describedby=\"caption-attachment-8426\" style=\"width: 980px\" class=\"wp-caption aligncenter\"><img loading=\"lazy\" decoding=\"async\" class=\"size-full wp-image-8426\" src=\"https:\/\/d2p6e6u75xmxt8.cloudfront.net\/12\/2020\/08\/henri-cornet-french-racing-cyclist-in-1905-bra-1311-news-photo-55749636-1560542341.jpg\" alt=\"\" width=\"980\" height=\"722\" srcset=\"https:\/\/d2p6e6u75xmxt8.cloudfront.net\/12\/2020\/08\/henri-cornet-french-racing-cyclist-in-1905-bra-1311-news-photo-55749636-1560542341.jpg 980w, https:\/\/d2p6e6u75xmxt8.cloudfront.net\/12\/2020\/08\/henri-cornet-french-racing-cyclist-in-1905-bra-1311-news-photo-55749636-1560542341-300x221.jpg 300w, https:\/\/d2p6e6u75xmxt8.cloudfront.net\/12\/2020\/08\/henri-cornet-french-racing-cyclist-in-1905-bra-1311-news-photo-55749636-1560542341-768x566.jpg 768w\" sizes=\"auto, (max-width: 980px) 100vw, 980px\" \/><figcaption id=\"caption-attachment-8426\" class=\"wp-caption-text\">BrangerGetty Images<\/figcaption><\/figure>\n<p><strong>Orsz\u00e1g:<\/strong> Franciaorsz\u00e1g<\/p>\n<p><strong>Csapat:<\/strong> Conte<\/p>\n<p><strong>A gy\u0151zelem ideje:<\/strong> 1904<\/p>\n<p>Cornet-et 1904-ben nyilv\u00e1n\u00edtott\u00e1k bajnoknak, miut\u00e1n az els\u0151 n\u00e9gy befut\u00f3t (k\u00f6zt\u00fck Garint is) diszkvalifik\u00e1lt\u00e1k a csal\u00e1s k\u00fcl\u00f6nb\u00f6z\u0151 form\u00e1i miatt. Cornet m\u00e9g csak 19 \u00e9ves volt, ezzel m\u00e9g mindig tartja a legfiatalabb gy\u0151ztes c\u00edm\u00e9t.<\/p>\n<h2><strong>Louis Trousselier<\/strong><\/h2>\n<figure id=\"attachment_8427\" aria-describedby=\"caption-attachment-8427\" style=\"width: 980px\" class=\"wp-caption aligncenter\"><img loading=\"lazy\" decoding=\"async\" class=\"size-full wp-image-8427\" src=\"https:\/\/d2p6e6u75xmxt8.cloudfront.net\/12\/2020\/08\/french-racing-cyclist-louis-trousselier-1905-news-photo-74267296-1560542414.jpg\" alt=\"\" width=\"980\" height=\"715\" srcset=\"https:\/\/d2p6e6u75xmxt8.cloudfront.net\/12\/2020\/08\/french-racing-cyclist-louis-trousselier-1905-news-photo-74267296-1560542414.jpg 980w, https:\/\/d2p6e6u75xmxt8.cloudfront.net\/12\/2020\/08\/french-racing-cyclist-louis-trousselier-1905-news-photo-74267296-1560542414-300x219.jpg 300w, https:\/\/d2p6e6u75xmxt8.cloudfront.net\/12\/2020\/08\/french-racing-cyclist-louis-trousselier-1905-news-photo-74267296-1560542414-768x560.jpg 768w\" sizes=\"auto, (max-width: 980px) 100vw, 980px\" \/><figcaption id=\"caption-attachment-8427\" class=\"wp-caption-text\">Roger ViolletGetty Images<\/figcaption><\/figure>\n<p><strong>Orsz\u00e1g:<\/strong> Franciaorsz\u00e1g<\/p>\n<p><strong>Csapat:<\/strong> Peugeot\u2013Wolber<\/p>\n<p><strong>A gy\u0151zelem ideje:<\/strong> 1905<\/p>\n<p>Trousseliernek a francia hadseregb\u0151l kellett kimen\u0151t k\u00e9rnie, hogy indulhasson az 1905-\u00f6s versenyen, \u00edgy fontos volt, hogy kihaszn\u00e1lja a lehet\u0151s\u00e9get. H\u00e1rom szakaszt nyert meg, majd \u00f6sszes\u00edtve is gy\u0151zedelmeskedett. Az utols\u00f3 szakasz el\u0151tti \u00e9jszak\u00e1n eg\u00e9sz \u00e9jjel ivott \u00e9s szerencsej\u00e1t\u00e9kon vesz\u00edtette el a p\u00e9nzt, amit m\u00e9g meg sem nyert. Az eredm\u00e9nyhirdet\u00e9st k\u00f6vet\u0151 napon m\u00e1r vissza is t\u00e9rt a hadseregbe.<\/p>\n<h2><strong>Ren\u00e9 Pottier<\/strong><\/h2>\n<figure id=\"attachment_8428\" aria-describedby=\"caption-attachment-8428\" style=\"width: 980px\" class=\"wp-caption aligncenter\"><img loading=\"lazy\" decoding=\"async\" class=\"size-full wp-image-8428\" src=\"https:\/\/d2p6e6u75xmxt8.cloudfront.net\/12\/2020\/08\/rene-pottier-french-racing-cyclist-tour-de-france-1905-news-photo-56227191-1560542539.jpg\" alt=\"\" width=\"980\" height=\"716\" srcset=\"https:\/\/d2p6e6u75xmxt8.cloudfront.net\/12\/2020\/08\/rene-pottier-french-racing-cyclist-tour-de-france-1905-news-photo-56227191-1560542539.jpg 980w, https:\/\/d2p6e6u75xmxt8.cloudfront.net\/12\/2020\/08\/rene-pottier-french-racing-cyclist-tour-de-france-1905-news-photo-56227191-1560542539-300x219.jpg 300w, https:\/\/d2p6e6u75xmxt8.cloudfront.net\/12\/2020\/08\/rene-pottier-french-racing-cyclist-tour-de-france-1905-news-photo-56227191-1560542539-768x561.jpg 768w\" sizes=\"auto, (max-width: 980px) 100vw, 980px\" \/><figcaption id=\"caption-attachment-8428\" class=\"wp-caption-text\">BrangerGetty Images<\/figcaption><\/figure>\n<p><strong>Orsz\u00e1g:<\/strong> Franciaorsz\u00e1g<\/p>\n<p><strong>Csapat:<\/strong> Peugeot\u2013Wolber<\/p>\n<p><strong>A gy\u0151zelem ideje:<\/strong> 1906<\/p>\n<p>Egy \u00e9vvel azut\u00e1n, hogy cs\u00fany\u00e1n elbukott a Tour-on, Pottier \u00f6t szakaszt \u00e9s a bajnoki c\u00edmet is megnyerte. Sajnos p\u00e1r h\u00f3nappal k\u00e9s\u0151bb felakasztotta mag\u00e1t a csapat \u00f6lt\u00f6z\u0151j\u00e9ben, mert megtudta, hogy feles\u00e9ge megcsalta a verseny alatt.<\/p>\n<h2><strong>Lucien Petit-Breton<\/strong><\/h2>\n<figure id=\"attachment_8429\" aria-describedby=\"caption-attachment-8429\" style=\"width: 980px\" class=\"wp-caption aligncenter\"><img loading=\"lazy\" decoding=\"async\" class=\"size-full wp-image-8429\" src=\"https:\/\/d2p6e6u75xmxt8.cloudfront.net\/12\/2020\/08\/french-racing-cyclist-lucien-petit-breton-circa-1906-news-photo-74267081-1560542628.jpg\" alt=\"\" width=\"980\" height=\"671\" srcset=\"https:\/\/d2p6e6u75xmxt8.cloudfront.net\/12\/2020\/08\/french-racing-cyclist-lucien-petit-breton-circa-1906-news-photo-74267081-1560542628.jpg 980w, https:\/\/d2p6e6u75xmxt8.cloudfront.net\/12\/2020\/08\/french-racing-cyclist-lucien-petit-breton-circa-1906-news-photo-74267081-1560542628-300x205.jpg 300w, https:\/\/d2p6e6u75xmxt8.cloudfront.net\/12\/2020\/08\/french-racing-cyclist-lucien-petit-breton-circa-1906-news-photo-74267081-1560542628-768x526.jpg 768w\" sizes=\"auto, (max-width: 980px) 100vw, 980px\" \/><figcaption id=\"caption-attachment-8429\" class=\"wp-caption-text\">Roger ViolletGetty Images<\/figcaption><\/figure>\n<p><strong>Orsz\u00e1g:<\/strong> Franciaorsz\u00e1g<\/p>\n<p><strong>Csapat:<\/strong> Peugeot\u2013Wolber<\/p>\n<p><strong>A gy\u0151zelmek ideje:<\/strong> 1907, 1908<\/p>\n<p>A turn\u00e9 els\u0151 k\u00e9tszeres bajnoka, Petit-Breton, val\u00f3di nev\u00e9n Lucian Mazan. Igyekezett titokban tartani apja el\u0151tt, hogy mivel foglalkozik \u2013 a csal\u00e1df\u0151 nem t\u00e1mogatta a ker\u00e9kp\u00e1roz\u00e1sban \u2013 ez\u00e9rt \u00e1ln\u00e9ven versenyzett. A m\u00e1sodik verseny\u00e9n \u00f6t szakaszt nyert meg, \u00e9s egyszersem v\u00e9gzett h\u00e1tr\u00e9bb a negyedik helyn\u00e9l. Az els\u0151 vil\u00e1gh\u00e1bor\u00faban \u00f6lt\u00e9k meg.<\/p>\n<h2><strong>Fran\u00e7ois Faber<\/strong><\/h2>\n<figure id=\"attachment_8430\" aria-describedby=\"caption-attachment-8430\" style=\"width: 980px\" class=\"wp-caption aligncenter\"><img loading=\"lazy\" decoding=\"async\" class=\"size-full wp-image-8430\" src=\"https:\/\/d2p6e6u75xmxt8.cloudfront.net\/12\/2020\/08\/francois-faber-luxembourgian-racing-cyclist-winner-of-the-news-photo-143372887-1560542754.jpg\" alt=\"\" width=\"980\" height=\"655\" srcset=\"https:\/\/d2p6e6u75xmxt8.cloudfront.net\/12\/2020\/08\/francois-faber-luxembourgian-racing-cyclist-winner-of-the-news-photo-143372887-1560542754.jpg 980w, https:\/\/d2p6e6u75xmxt8.cloudfront.net\/12\/2020\/08\/francois-faber-luxembourgian-racing-cyclist-winner-of-the-news-photo-143372887-1560542754-300x201.jpg 300w, https:\/\/d2p6e6u75xmxt8.cloudfront.net\/12\/2020\/08\/francois-faber-luxembourgian-racing-cyclist-winner-of-the-news-photo-143372887-1560542754-768x513.jpg 768w, https:\/\/d2p6e6u75xmxt8.cloudfront.net\/12\/2020\/08\/francois-faber-luxembourgian-racing-cyclist-winner-of-the-news-photo-143372887-1560542754-272x182.jpg 272w\" sizes=\"auto, (max-width: 980px) 100vw, 980px\" \/><figcaption id=\"caption-attachment-8430\" class=\"wp-caption-text\">BrangerGetty Images<\/figcaption><\/figure>\n<p><strong>Orsz\u00e1g:<\/strong> Luxemburg<\/p>\n<p><strong>Csapat:<\/strong> Alcyon\u2013Dunlop<\/p>\n<p><strong>A gy\u0151zelem ideje:<\/strong> 1909<\/p>\n<p>Az els\u0151 k\u00fclf\u00f6ldi, aki megnyerte a Tour-t, Faber hihetetlen\u00fcl nagydarab volt az akkori \u00e1tlaghoz k\u00e9pest. Becenev\u00e9t, \u201eColombe \u00f3ri\u00e1sa\u201d a p\u00e1rizsi k\u00fclv\u00e1ros ut\u00e1n kapta, ahol \u00e9lt. Faber 180 cm magas volt, \u00e9s t\u00f6bb mint 90 kil\u00f3t nyomott. H\u00e1tulr\u00f3l lel\u0151tt\u00e9k a h\u00e1bor\u00faban, amikor egy sebes\u00fclt t\u00e1rs\u00e1t pr\u00f3b\u00e1lt biztons\u00e1gos helyre vinni.<\/p>\n<h2><strong>Octave Lapize<\/strong><\/h2>\n<figure id=\"attachment_8431\" aria-describedby=\"caption-attachment-8431\" style=\"width: 980px\" class=\"wp-caption aligncenter\"><img loading=\"lazy\" decoding=\"async\" class=\"size-full wp-image-8431\" src=\"https:\/\/d2p6e6u75xmxt8.cloudfront.net\/12\/2020\/08\/french-racing-cyclist-octave-lapize-winner-of-the-tour-de-news-photo-74267324-1560542873.jpg\" alt=\"\" width=\"980\" height=\"553\" srcset=\"https:\/\/d2p6e6u75xmxt8.cloudfront.net\/12\/2020\/08\/french-racing-cyclist-octave-lapize-winner-of-the-tour-de-news-photo-74267324-1560542873.jpg 980w, https:\/\/d2p6e6u75xmxt8.cloudfront.net\/12\/2020\/08\/french-racing-cyclist-octave-lapize-winner-of-the-tour-de-news-photo-74267324-1560542873-300x169.jpg 300w, https:\/\/d2p6e6u75xmxt8.cloudfront.net\/12\/2020\/08\/french-racing-cyclist-octave-lapize-winner-of-the-tour-de-news-photo-74267324-1560542873-768x433.jpg 768w\" sizes=\"auto, (max-width: 980px) 100vw, 980px\" \/><figcaption id=\"caption-attachment-8431\" class=\"wp-caption-text\">Roger ViolletGetty Images<\/figcaption><\/figure>\n<p><strong>Orsz\u00e1g:<\/strong> Franciaorsz\u00e1g<\/p>\n<p><strong>Csapat:<\/strong> Alcyon\u2013Dunlop<\/p>\n<p><strong>A gy\u0151zelem ideje:<\/strong> 1910<\/p>\n<p>Ahhoz, hogy megszerezze a gy\u0151zelmet, Lapize-nak nemcsak csapatt\u00e1rs\u00e1t, a c\u00edmv\u00e9d\u0151 Fabert kellett legy\u0151znie, hanem a Pireneusokat is. Szerencs\u00e9re sokkal jobban teljes\u00edtett hegymenetben, mint ellenfele, \u00edgy j\u00f3l j\u00f6tt neki az els\u0151 igaz\u00e1n nagy hegyekkel tark\u00edtott \u00fatvonal. Legh\u00edresebb pillanat, amikor a Tourmalet-re m\u00e1szva odaki\u00e1ltotta a szervez\u0151knek: \u201eGyilkosok vagytok!\u201d<\/p>\n<h2><strong>Gustave Garrigou<\/strong><\/h2>\n<figure id=\"attachment_8432\" aria-describedby=\"caption-attachment-8432\" style=\"width: 759px\" class=\"wp-caption aligncenter\"><img loading=\"lazy\" decoding=\"async\" class=\"size-full wp-image-8432\" src=\"https:\/\/d2p6e6u75xmxt8.cloudfront.net\/12\/2020\/08\/der-radrennfahrer-gustave-garrigouwurde-2-bei-der-tour-de-news-photo-542374109-1560542973.jpg\" alt=\"\" width=\"759\" height=\"508\" srcset=\"https:\/\/d2p6e6u75xmxt8.cloudfront.net\/12\/2020\/08\/der-radrennfahrer-gustave-garrigouwurde-2-bei-der-tour-de-news-photo-542374109-1560542973.jpg 759w, https:\/\/d2p6e6u75xmxt8.cloudfront.net\/12\/2020\/08\/der-radrennfahrer-gustave-garrigouwurde-2-bei-der-tour-de-news-photo-542374109-1560542973-300x201.jpg 300w, https:\/\/d2p6e6u75xmxt8.cloudfront.net\/12\/2020\/08\/der-radrennfahrer-gustave-garrigouwurde-2-bei-der-tour-de-news-photo-542374109-1560542973-272x182.jpg 272w\" sizes=\"auto, (max-width: 759px) 100vw, 759px\" \/><figcaption id=\"caption-attachment-8432\" class=\"wp-caption-text\">ullstein bild Dtl.Getty Images<\/figcaption><\/figure>\n<p><strong>Orsz\u00e1g:<\/strong> Franciaorsz\u00e1g<\/p>\n<p><strong>Csapat:<\/strong> Alcyon\u2013Dunlop<\/p>\n<p><strong>A gy\u0151zelem ideje:<\/strong> 1911<\/p>\n<p>Hi\u00e1ba panaszkodtak a versenyz\u0151k, a Tour szervez\u0151i olyan sikeresnek tal\u00e1lt\u00e1k a hegyvonulatokat, hogy k\u00f6vetkez\u0151 \u00e9vben is be\u00e9p\u00edtett\u00e9k \u0151ket az \u00fatvonalba. Faber ism\u00e9t egy csapatt\u00e1rsa m\u00f6g\u00f6tt v\u00e9gzett: Garrigounak test\u0151r\u00f6kkel k\u00f6r\u00fclv\u00e9ve \u00e9s \u00e1lruh\u00e1ban kellett teljes\u00edteni a versenyt, mert kor\u00e1bban meggyan\u00fas\u00edtott\u00e1k, hogy megm\u00e9rgezte egy csapatt\u00e1rs\u00e1t. K\u00e9s\u0151bb kider\u00fclt, hogy \u00e1rtatlan volt.<\/p>\n<h2><strong>Odile Defraye<\/strong><\/h2>\n<figure id=\"attachment_8433\" aria-describedby=\"caption-attachment-8433\" style=\"width: 980px\" class=\"wp-caption aligncenter\"><img loading=\"lazy\" decoding=\"async\" class=\"size-full wp-image-8433\" src=\"https:\/\/d2p6e6u75xmxt8.cloudfront.net\/12\/2020\/08\/odile-defraye-belgian-victorious-racing-cyclist-final-of-news-photo-56227232-1560543088.jpg\" alt=\"\" width=\"980\" height=\"657\" srcset=\"https:\/\/d2p6e6u75xmxt8.cloudfront.net\/12\/2020\/08\/odile-defraye-belgian-victorious-racing-cyclist-final-of-news-photo-56227232-1560543088.jpg 980w, https:\/\/d2p6e6u75xmxt8.cloudfront.net\/12\/2020\/08\/odile-defraye-belgian-victorious-racing-cyclist-final-of-news-photo-56227232-1560543088-300x201.jpg 300w, https:\/\/d2p6e6u75xmxt8.cloudfront.net\/12\/2020\/08\/odile-defraye-belgian-victorious-racing-cyclist-final-of-news-photo-56227232-1560543088-768x515.jpg 768w, https:\/\/d2p6e6u75xmxt8.cloudfront.net\/12\/2020\/08\/odile-defraye-belgian-victorious-racing-cyclist-final-of-news-photo-56227232-1560543088-272x182.jpg 272w\" sizes=\"auto, (max-width: 980px) 100vw, 980px\" \/><figcaption id=\"caption-attachment-8433\" class=\"wp-caption-text\">BrangerGetty Images<\/figcaption><\/figure>\n<p><strong>Orsz\u00e1g:<\/strong> Belgium<\/p>\n<p><strong>Csapat:<\/strong> Alcyon\u2013Dunlop<\/p>\n<p><strong>A gy\u0151zelem ideje:<\/strong> 1912<\/p>\n<p>Az els\u0151 belga gy\u0151ztes, hatszor indult neki a versenynek, de csak egyszer \u00e9rt be a c\u00e9lba. Akkor viszont els\u0151k\u00e9nt.<\/p>\n<h2><strong>Philippe Thys<\/strong><\/h2>\n<figure id=\"attachment_8434\" aria-describedby=\"caption-attachment-8434\" style=\"width: 980px\" class=\"wp-caption aligncenter\"><img loading=\"lazy\" decoding=\"async\" class=\"size-full wp-image-8434\" src=\"https:\/\/d2p6e6u75xmxt8.cloudfront.net\/12\/2020\/08\/belgian-racing-cyclist-philippe-thys-circa-1913-news-photo-74267074-1560543166.jpg\" alt=\"\" width=\"980\" height=\"656\" srcset=\"https:\/\/d2p6e6u75xmxt8.cloudfront.net\/12\/2020\/08\/belgian-racing-cyclist-philippe-thys-circa-1913-news-photo-74267074-1560543166.jpg 980w, https:\/\/d2p6e6u75xmxt8.cloudfront.net\/12\/2020\/08\/belgian-racing-cyclist-philippe-thys-circa-1913-news-photo-74267074-1560543166-300x201.jpg 300w, https:\/\/d2p6e6u75xmxt8.cloudfront.net\/12\/2020\/08\/belgian-racing-cyclist-philippe-thys-circa-1913-news-photo-74267074-1560543166-768x514.jpg 768w, https:\/\/d2p6e6u75xmxt8.cloudfront.net\/12\/2020\/08\/belgian-racing-cyclist-philippe-thys-circa-1913-news-photo-74267074-1560543166-272x182.jpg 272w\" sizes=\"auto, (max-width: 980px) 100vw, 980px\" \/><figcaption id=\"caption-attachment-8434\" class=\"wp-caption-text\">Roger ViolletGetty Images<\/figcaption><\/figure>\n<p><strong>Orsz\u00e1g:<\/strong> Belgium<\/p>\n<p><strong>Csapat:<\/strong> Peugeot\u2013Wolber, La Sportive<\/p>\n<p><strong>A gy\u0151zelmek ideje:<\/strong> 1913, 1914, 1920<\/p>\n<p>A Tour els\u0151 h\u00e1romszoros bajnoka, Thys volt az utols\u00f3 gy\u0151ztes miel\u0151tt kit\u00f6rt volna az els\u0151 vil\u00e1gh\u00e1bor\u00fa, \u00e9s egyike a n\u00e9h\u00e1ny szerencs\u00e9sebb ker\u00e9kp\u00e1rosnak, akinek folytat\u00f3dott a karrierje ut\u00e1na is.<\/p>\n<h2><strong>Firmin Lambout<\/strong><\/h2>\n<figure id=\"attachment_8435\" aria-describedby=\"caption-attachment-8435\" style=\"width: 980px\" class=\"wp-caption aligncenter\"><img loading=\"lazy\" decoding=\"async\" class=\"size-full wp-image-8435\" src=\"https:\/\/d2p6e6u75xmxt8.cloudfront.net\/12\/2020\/08\/belgian-racing-cyclist-firmin-lambot-winner-of-the-1919-news-photo-74267277-1560543253.jpg\" alt=\"\" width=\"980\" height=\"685\" srcset=\"https:\/\/d2p6e6u75xmxt8.cloudfront.net\/12\/2020\/08\/belgian-racing-cyclist-firmin-lambot-winner-of-the-1919-news-photo-74267277-1560543253.jpg 980w, https:\/\/d2p6e6u75xmxt8.cloudfront.net\/12\/2020\/08\/belgian-racing-cyclist-firmin-lambot-winner-of-the-1919-news-photo-74267277-1560543253-300x210.jpg 300w, https:\/\/d2p6e6u75xmxt8.cloudfront.net\/12\/2020\/08\/belgian-racing-cyclist-firmin-lambot-winner-of-the-1919-news-photo-74267277-1560543253-768x537.jpg 768w\" sizes=\"auto, (max-width: 980px) 100vw, 980px\" \/><figcaption id=\"caption-attachment-8435\" class=\"wp-caption-text\">Roger ViolletGetty Images<\/figcaption><\/figure>\n<p><strong>Orsz\u00e1g:<\/strong> Belgium<\/p>\n<p><strong>Csapat:<\/strong> Peugeot\u2013Wolber, La Sportive<\/p>\n<p><strong>A gy\u0151zelmekideje:<\/strong> 1919, 1922<\/p>\n<p>Amikor a h\u00e1bor\u00fa ut\u00e1n \u00fajra megrendezt\u00e9k a versenyt, Lambot folytatta Belgium sikersz\u00e9ri\u00e1j\u00e1t. Mind\u00f6ssze k\u00e9t szakaszt nyert meg, miut\u00e1n ellenfel\u00e9nek, Eug\u00e9ne Christophe-nak keresztbe tett t\u00f6r\u00f6tt vill\u00e1ja. Lambot 36 \u00e9vesen lett bajnok, ezzel a mai napig \u0151 a legid\u0151sebb gy\u0151ztes.<\/p>\n<h2><strong>L\u00e9on Scieur<\/strong><\/h2>\n<figure id=\"attachment_8436\" aria-describedby=\"caption-attachment-8436\" style=\"width: 980px\" class=\"wp-caption aligncenter\"><img loading=\"lazy\" decoding=\"async\" class=\"size-full wp-image-8436\" src=\"https:\/\/d2p6e6u75xmxt8.cloudfront.net\/12\/2020\/08\/belgian-racing-cyclist-leon-scieur-winner-of-the-1921-tour-news-photo-74267320-1560543313.jpg\" alt=\"\" width=\"980\" height=\"656\" srcset=\"https:\/\/d2p6e6u75xmxt8.cloudfront.net\/12\/2020\/08\/belgian-racing-cyclist-leon-scieur-winner-of-the-1921-tour-news-photo-74267320-1560543313.jpg 980w, https:\/\/d2p6e6u75xmxt8.cloudfront.net\/12\/2020\/08\/belgian-racing-cyclist-leon-scieur-winner-of-the-1921-tour-news-photo-74267320-1560543313-300x201.jpg 300w, https:\/\/d2p6e6u75xmxt8.cloudfront.net\/12\/2020\/08\/belgian-racing-cyclist-leon-scieur-winner-of-the-1921-tour-news-photo-74267320-1560543313-768x514.jpg 768w, https:\/\/d2p6e6u75xmxt8.cloudfront.net\/12\/2020\/08\/belgian-racing-cyclist-leon-scieur-winner-of-the-1921-tour-news-photo-74267320-1560543313-272x182.jpg 272w\" sizes=\"auto, (max-width: 980px) 100vw, 980px\" \/><figcaption id=\"caption-attachment-8436\" class=\"wp-caption-text\">Roger ViolletGetty Images<\/figcaption><\/figure>\n<p><strong>Orsz\u00e1g:<\/strong> Belgium<\/p>\n<p><strong>Csapat:<\/strong> Peugeot\u2013Wolber, La Sportive<\/p>\n<p><strong>A gy\u0151zelem ideje:<\/strong> 1919, 1922<\/p>\n<p>Lambot felfedezettje, aki ugyanabb\u00f3l a belga v\u00e1rosb\u00f3l sz\u00e1rmazott, mint \u0151, \u00e9s Mozdonynak bec\u00e9zt\u00e9k a sajt\u00f3ban. Kereke az utols\u00f3 el\u0151tti napon elt\u00f6r\u00f6tt, \u00e9s hatalmas t\u00e1vot tett meg, \u00fagy, hogy vitte a h\u00e1t\u00e1n, hogy megmutassa az illet\u00e9keseknek, hogy indokolt a csere.<\/p>\n<p><em>Forr\u00e1s: <\/em><a href=\"https:\/\/www.bicycling.com\/tour-de-france\/g22059401\/tour-de-france-winners\/\" target=\"_blank\" rel=\"noopener noreferrer\"><em>bicycling.com<\/em><\/a><\/p>\n","protected":false},"excerpt":{"rendered":"<p>Gondolkozt\u00e1l m\u00e1r rajta, milyen lehetett az els\u0151 TdF gy\u0151ztese? Ki volt a legfiatalabb bajnok? \u00c9s a leg\u00f6regebb? Na \u00e9s ki [&hellip;]<\/p>\n","protected":false},"author":71,"featured_media":8424,"comment_status":"open","ping_status":"open","sticky":false,"template":"","format":"standard","meta":{"footnotes":""},"categories":[8],"tags":[],"global-categories":[],"class_list":["post-8423","post","type-post","status-publish","format-standard","has-post-thumbnail","hentry","category-orszaguti-kerekpar"],"yoast_head":"<!-- This site is optimized with the Yoast SEO Premium plugin v25.3 (Yoast SEO v25.9) - https:\/\/yoast.com\/wordpress\/plugins\/seo\/ -->\n<title>K\u00f6rk\u00e9p a Tour de France \u00f6sszes eddig nyertes\u00e9r\u0151l, I. r\u00e9sz \u2013 1903-1922 - \u0160koda We Love Cycling - Magyarorsz\u00e1g<\/title>\n<meta name=\"description\" content=\"Gondolkozt\u00e1l m\u00e1r rajta, milyen lehetett az els\u0151 TdF gy\u0151ztese?\" \/>\n<meta name=\"robots\" content=\"index, follow, max-snippet:-1, max-image-preview:large, max-video-preview:-1\" \/>\n<link rel=\"canonical\" href=\"https:\/\/www.welovecycling.com\/hu\/orszaguti-kerekpar\/korkep-a-tour-de-france-osszes-eddig-nyerteserol-i-resz-1903-1922\/\" \/>\n<meta property=\"og:locale\" content=\"hu_HU\" \/>\n<meta property=\"og:type\" content=\"article\" \/>\n<meta property=\"og:title\" content=\"K\u00f6rk\u00e9p a Tour de France \u00f6sszes eddig nyertes\u00e9r\u0151l, I. r\u00e9sz \u2013 1903-1922\" \/>\n<meta property=\"og:description\" content=\"Gondolkozt\u00e1l m\u00e1r rajta, milyen lehetett az els\u0151 TdF gy\u0151ztese?\" \/>\n<meta property=\"og:url\" content=\"https:\/\/www.welovecycling.com\/hu\/orszaguti-kerekpar\/korkep-a-tour-de-france-osszes-eddig-nyerteserol-i-resz-1903-1922\/\" \/>\n<meta property=\"og:site_name\" content=\"\u0160koda We Love Cycling - Magyarorsz\u00e1g\" \/>\n<meta property=\"article:publisher\" content=\"https:\/\/www.facebook.com\/WeLoveCyclingHungary\/\" \/>\n<meta property=\"article:published_time\" content=\"2020-09-05T07:00:29+00:00\" \/>\n<meta property=\"og:image\" content=\"https:\/\/d2p6e6u75xmxt8.cloudfront.net\/12\/2020\/08\/Screenshot_3.jpg\" \/>\n\t<meta property=\"og:image:width\" content=\"1280\" \/>\n\t<meta property=\"og:image:height\" content=\"743\" \/>\n\t<meta property=\"og:image:type\" content=\"image\/jpeg\" \/>\n<meta name=\"author\" content=\"hegyizs\" \/>\n<meta name=\"twitter:card\" content=\"summary_large_image\" \/>\n<meta name=\"twitter:label1\" content=\"Written by\" \/>\n\t<meta name=\"twitter:data1\" content=\"WLC\" \/>\n\t<meta name=\"twitter:label2\" content=\"Est. reading time\" \/>\n\t<meta name=\"twitter:data2\" content=\"5 minutes\" \/>\n<script type=\"application\/ld+json\" class=\"yoast-schema-graph\">{\"@context\":\"https:\/\/schema.org\",\"@graph\":[{\"@type\":\"WebPage\",\"@id\":\"https:\/\/www.welovecycling.com\/hu\/orszaguti-kerekpar\/korkep-a-tour-de-france-osszes-eddig-nyerteserol-i-resz-1903-1922\/\",\"url\":\"https:\/\/www.welovecycling.com\/hu\/orszaguti-kerekpar\/korkep-a-tour-de-france-osszes-eddig-nyerteserol-i-resz-1903-1922\/\",\"name\":\"K\u00f6rk\u00e9p a Tour de France \u00f6sszes eddig nyertes\u00e9r\u0151l, I. r\u00e9sz \u2013 1903-1922 - \u0160koda We Love Cycling - Magyarorsz\u00e1g\",\"isPartOf\":{\"@id\":\"https:\/\/www.welovecycling.com\/hu\/#website\"},\"primaryImageOfPage\":{\"@id\":\"https:\/\/www.welovecycling.com\/hu\/orszaguti-kerekpar\/korkep-a-tour-de-france-osszes-eddig-nyerteserol-i-resz-1903-1922\/#primaryimage\"},\"image\":{\"@id\":\"https:\/\/www.welovecycling.com\/hu\/orszaguti-kerekpar\/korkep-a-tour-de-france-osszes-eddig-nyerteserol-i-resz-1903-1922\/#primaryimage\"},\"thumbnailUrl\":\"https:\/\/d2p6e6u75xmxt8.cloudfront.net\/12\/2020\/08\/Screenshot_3.jpg\",\"datePublished\":\"2020-09-05T07:00:29+00:00\",\"author\":{\"@id\":\"https:\/\/www.welovecycling.com\/hu\/#\/schema\/person\/414a2aebf1801691a5320edb6468e194\"},\"description\":\"Gondolkozt\u00e1l m\u00e1r rajta, milyen lehetett az els\u0151 TdF gy\u0151ztese?\",\"breadcrumb\":{\"@id\":\"https:\/\/www.welovecycling.com\/hu\/orszaguti-kerekpar\/korkep-a-tour-de-france-osszes-eddig-nyerteserol-i-resz-1903-1922\/#breadcrumb\"},\"inLanguage\":\"hu\",\"potentialAction\":[{\"@type\":\"ReadAction\",\"target\":[\"https:\/\/www.welovecycling.com\/hu\/orszaguti-kerekpar\/korkep-a-tour-de-france-osszes-eddig-nyerteserol-i-resz-1903-1922\/\"]}]},{\"@type\":\"ImageObject\",\"inLanguage\":\"hu\",\"@id\":\"https:\/\/www.welovecycling.com\/hu\/orszaguti-kerekpar\/korkep-a-tour-de-france-osszes-eddig-nyerteserol-i-resz-1903-1922\/#primaryimage\",\"url\":\"https:\/\/d2p6e6u75xmxt8.cloudfront.net\/12\/2020\/08\/Screenshot_3.jpg\",\"contentUrl\":\"https:\/\/d2p6e6u75xmxt8.cloudfront.net\/12\/2020\/08\/Screenshot_3.jpg\",\"width\":1280,\"height\":743},{\"@type\":\"BreadcrumbList\",\"@id\":\"https:\/\/www.welovecycling.com\/hu\/orszaguti-kerekpar\/korkep-a-tour-de-france-osszes-eddig-nyerteserol-i-resz-1903-1922\/#breadcrumb\",\"itemListElement\":[{\"@type\":\"ListItem\",\"position\":1,\"name\":\"Home\",\"item\":\"https:\/\/www.welovecycling.com\/hu\/\"},{\"@type\":\"ListItem\",\"position\":2,\"name\":\"K\u00f6rk\u00e9p a Tour de France \u00f6sszes eddig nyertes\u00e9r\u0151l, I. r\u00e9sz \u2013 1903-1922\"}]},{\"@type\":\"WebSite\",\"@id\":\"https:\/\/www.welovecycling.com\/hu\/#website\",\"url\":\"https:\/\/www.welovecycling.com\/hu\/\",\"name\":\"\u0160koda We Love Cycling - Magyarorsz\u00e1g\",\"description\":\"\u0160koda WeLoveCycling\",\"potentialAction\":[{\"@type\":\"SearchAction\",\"target\":{\"@type\":\"EntryPoint\",\"urlTemplate\":\"https:\/\/www.welovecycling.com\/hu\/?s={search_term_string}\"},\"query-input\":{\"@type\":\"PropertyValueSpecification\",\"valueRequired\":true,\"valueName\":\"search_term_string\"}}],\"inLanguage\":\"hu\"},{\"@type\":\"Person\",\"@id\":\"https:\/\/www.welovecycling.com\/hu\/#\/schema\/person\/414a2aebf1801691a5320edb6468e194\",\"name\":\"hegyizs\",\"image\":{\"@type\":\"ImageObject\",\"inLanguage\":\"hu\",\"@id\":\"https:\/\/www.welovecycling.com\/hu\/#\/schema\/person\/image\/\",\"url\":\"https:\/\/secure.gravatar.com\/avatar\/02cf8a7906b8cf90cecb4679defac7cfd33a1c2e3b88e4903d947f3bb58eedd3?s=96&d=mm&r=g\",\"contentUrl\":\"https:\/\/secure.gravatar.com\/avatar\/02cf8a7906b8cf90cecb4679defac7cfd33a1c2e3b88e4903d947f3bb58eedd3?s=96&d=mm&r=g\",\"caption\":\"hegyizs\"},\"url\":\"https:\/\/www.welovecycling.com\/hu\/author\/hegyizs\/\"}]}<\/script>\n<!-- \/ Yoast SEO Premium plugin. -->","yoast_head_json":{"title":"K\u00f6rk\u00e9p a Tour de France \u00f6sszes eddig nyertes\u00e9r\u0151l, I. r\u00e9sz \u2013 1903-1922 - \u0160koda We Love Cycling - Magyarorsz\u00e1g","description":"Gondolkozt\u00e1l m\u00e1r rajta, milyen lehetett az els\u0151 TdF gy\u0151ztese?","robots":{"index":"index","follow":"follow","max-snippet":"max-snippet:-1","max-image-preview":"max-image-preview:large","max-video-preview":"max-video-preview:-1"},"canonical":"https:\/\/www.welovecycling.com\/hu\/orszaguti-kerekpar\/korkep-a-tour-de-france-osszes-eddig-nyerteserol-i-resz-1903-1922\/","og_locale":"hu_HU","og_type":"article","og_title":"K\u00f6rk\u00e9p a Tour de France \u00f6sszes eddig nyertes\u00e9r\u0151l, I. r\u00e9sz \u2013 1903-1922","og_description":"Gondolkozt\u00e1l m\u00e1r rajta, milyen lehetett az els\u0151 TdF gy\u0151ztese?","og_url":"https:\/\/www.welovecycling.com\/hu\/orszaguti-kerekpar\/korkep-a-tour-de-france-osszes-eddig-nyerteserol-i-resz-1903-1922\/","og_site_name":"\u0160koda We Love Cycling - Magyarorsz\u00e1g","article_publisher":"https:\/\/www.facebook.com\/WeLoveCyclingHungary\/","article_published_time":"2020-09-05T07:00:29+00:00","og_image":[{"width":1280,"height":743,"url":"https:\/\/d2p6e6u75xmxt8.cloudfront.net\/12\/2020\/08\/Screenshot_3.jpg","type":"image\/jpeg"}],"author":"hegyizs","twitter_card":"summary_large_image","twitter_misc":{"Written by":"WLC","Est. reading time":"5 minutes"},"schema":{"@context":"https:\/\/schema.org","@graph":[{"@type":"WebPage","@id":"https:\/\/www.welovecycling.com\/hu\/orszaguti-kerekpar\/korkep-a-tour-de-france-osszes-eddig-nyerteserol-i-resz-1903-1922\/","url":"https:\/\/www.welovecycling.com\/hu\/orszaguti-kerekpar\/korkep-a-tour-de-france-osszes-eddig-nyerteserol-i-resz-1903-1922\/","name":"K\u00f6rk\u00e9p a Tour de France \u00f6sszes eddig nyertes\u00e9r\u0151l, I. r\u00e9sz \u2013 1903-1922 - \u0160koda We Love Cycling - Magyarorsz\u00e1g","isPartOf":{"@id":"https:\/\/www.welovecycling.com\/hu\/#website"},"primaryImageOfPage":{"@id":"https:\/\/www.welovecycling.com\/hu\/orszaguti-kerekpar\/korkep-a-tour-de-france-osszes-eddig-nyerteserol-i-resz-1903-1922\/#primaryimage"},"image":{"@id":"https:\/\/www.welovecycling.com\/hu\/orszaguti-kerekpar\/korkep-a-tour-de-france-osszes-eddig-nyerteserol-i-resz-1903-1922\/#primaryimage"},"thumbnailUrl":"https:\/\/d2p6e6u75xmxt8.cloudfront.net\/12\/2020\/08\/Screenshot_3.jpg","datePublished":"2020-09-05T07:00:29+00:00","author":{"@id":"https:\/\/www.welovecycling.com\/hu\/#\/schema\/person\/414a2aebf1801691a5320edb6468e194"},"description":"Gondolkozt\u00e1l m\u00e1r rajta, milyen lehetett az els\u0151 TdF gy\u0151ztese?","breadcrumb":{"@id":"https:\/\/www.welovecycling.com\/hu\/orszaguti-kerekpar\/korkep-a-tour-de-france-osszes-eddig-nyerteserol-i-resz-1903-1922\/#breadcrumb"},"inLanguage":"hu","potentialAction":[{"@type":"ReadAction","target":["https:\/\/www.welovecycling.com\/hu\/orszaguti-kerekpar\/korkep-a-tour-de-france-osszes-eddig-nyerteserol-i-resz-1903-1922\/"]}]},{"@type":"ImageObject","inLanguage":"hu","@id":"https:\/\/www.welovecycling.com\/hu\/orszaguti-kerekpar\/korkep-a-tour-de-france-osszes-eddig-nyerteserol-i-resz-1903-1922\/#primaryimage","url":"https:\/\/d2p6e6u75xmxt8.cloudfront.net\/12\/2020\/08\/Screenshot_3.jpg","contentUrl":"https:\/\/d2p6e6u75xmxt8.cloudfront.net\/12\/2020\/08\/Screenshot_3.jpg","width":1280,"height":743},{"@type":"BreadcrumbList","@id":"https:\/\/www.welovecycling.com\/hu\/orszaguti-kerekpar\/korkep-a-tour-de-france-osszes-eddig-nyerteserol-i-resz-1903-1922\/#breadcrumb","itemListElement":[{"@type":"ListItem","position":1,"name":"Home","item":"https:\/\/www.welovecycling.com\/hu\/"},{"@type":"ListItem","position":2,"name":"K\u00f6rk\u00e9p a Tour de France \u00f6sszes eddig nyertes\u00e9r\u0151l, I. r\u00e9sz \u2013 1903-1922"}]},{"@type":"WebSite","@id":"https:\/\/www.welovecycling.com\/hu\/#website","url":"https:\/\/www.welovecycling.com\/hu\/","name":"\u0160koda We Love Cycling - Magyarorsz\u00e1g","description":"\u0160koda WeLoveCycling","potentialAction":[{"@type":"SearchAction","target":{"@type":"EntryPoint","urlTemplate":"https:\/\/www.welovecycling.com\/hu\/?s={search_term_string}"},"query-input":{"@type":"PropertyValueSpecification","valueRequired":true,"valueName":"search_term_string"}}],"inLanguage":"hu"},{"@type":"Person","@id":"https:\/\/www.welovecycling.com\/hu\/#\/schema\/person\/414a2aebf1801691a5320edb6468e194","name":"hegyizs","image":{"@type":"ImageObject","inLanguage":"hu","@id":"https:\/\/www.welovecycling.com\/hu\/#\/schema\/person\/image\/","url":"https:\/\/secure.gravatar.com\/avatar\/02cf8a7906b8cf90cecb4679defac7cfd33a1c2e3b88e4903d947f3bb58eedd3?s=96&d=mm&r=g","contentUrl":"https:\/\/secure.gravatar.com\/avatar\/02cf8a7906b8cf90cecb4679defac7cfd33a1c2e3b88e4903d947f3bb58eedd3?s=96&d=mm&r=g","caption":"hegyizs"},"url":"https:\/\/www.welovecycling.com\/hu\/author\/hegyizs\/"}]}},"_links":{"self":[{"href":"https:\/\/www.welovecycling.com\/hu\/wp-json\/wp\/v2\/posts\/8423","targetHints":{"allow":["GET"]}}],"collection":[{"href":"https:\/\/www.welovecycling.com\/hu\/wp-json\/wp\/v2\/posts"}],"about":[{"href":"https:\/\/www.welovecycling.com\/hu\/wp-json\/wp\/v2\/types\/post"}],"author":[{"embeddable":true,"href":"https:\/\/www.welovecycling.com\/hu\/wp-json\/wp\/v2\/users\/71"}],"replies":[{"embeddable":true,"href":"https:\/\/www.welovecycling.com\/hu\/wp-json\/wp\/v2\/comments?post=8423"}],"version-history":[{"count":2,"href":"https:\/\/www.welovecycling.com\/hu\/wp-json\/wp\/v2\/posts\/8423\/revisions"}],"predecessor-version":[{"id":8439,"href":"https:\/\/www.welovecycling.com\/hu\/wp-json\/wp\/v2\/posts\/8423\/revisions\/8439"}],"wp:featuredmedia":[{"embeddable":true,"href":"https:\/\/www.welovecycling.com\/hu\/wp-json\/wp\/v2\/media\/8424"}],"wp:attachment":[{"href":"https:\/\/www.welovecycling.com\/hu\/wp-json\/wp\/v2\/media?parent=8423"}],"wp:term":[{"taxonomy":"category","embeddable":true,"href":"https:\/\/www.welovecycling.com\/hu\/wp-json\/wp\/v2\/categories?post=8423"},{"taxonomy":"post_tag","embeddable":true,"href":"https:\/\/www.welovecycling.com\/hu\/wp-json\/wp\/v2\/tags?post=8423"},{"taxonomy":"global-categories","embeddable":true,"href":"https:\/\/www.welovecycling.com\/hu\/wp-json\/wp\/v2\/global-categories?post=8423"}],"curies":[{"name":"wp","href":"https:\/\/api.w.org\/{rel}","templated":true}]}}