{"id":8407,"date":"2020-09-03T08:00:50","date_gmt":"2020-09-03T07:00:50","guid":{"rendered":"https:\/\/www.welovecycling.com\/hu\/?p=8407"},"modified":"2020-08-28T14:06:02","modified_gmt":"2020-08-28T13:06:02","slug":"uton-az-extrem-hosszu-salzkammergut-trofeajaert-egyedul","status":"publish","type":"post","link":"https:\/\/www.welovecycling.com\/hu\/trekking-mtb\/uton-az-extrem-hosszu-salzkammergut-trofeajaert-egyedul\/","title":{"rendered":"\u00daton az extr\u00e9m hossz\u00fa Salzkammergut tr\u00f3fe\u00e1j\u00e1\u00e9rt &#8211; egyed\u00fcl"},"content":{"rendered":"<p><strong>M\u00e9g az olyan legend\u00e1s esem\u00e9nyek, mint a Salzkammergut Trophy sem \u00faszta meg a pand\u00e9mia k\u00f6vetkezm\u00e9nyeit. A t\u00f6bb mint negyven orsz\u00e1gb\u00f3l \u00e9rkez\u0151 \u00f6tezer r\u00e9sztvev\u0151vel \u00e9s a l\u00e1togat\u00f3k ezreivel lehetetlen lenne megrendezni a versenyt. A szervez\u0151knek kem\u00e9ny d\u00f6nt\u00e9st kellett meghozniuk: vagy mindenki sz\u00e1m\u00e1ra t\u00f6rlik a megm\u00e9rettet\u00e9st, vagy megpr\u00f3b\u00e1lnak megfelelni a biztons\u00e1gi el\u0151\u00edr\u00e1soknak. \u00cdgy j\u00f6tt l\u00e9tre az egy\u00e9ni versenyz\u00e9s. Richard \u201eGaspi\u201d Gasperotti pedig r\u00e9szt vett rajta, \u00e9s elmes\u00e9lte nek\u00fcnk, milyen volt.<\/strong><\/p>\n<p><!--more--><\/p>\n<p>A c\u00e9l az volt, hogy olyan megold\u00e1st tal\u00e1ljanak, ami lehet\u0151v\u00e9 teszi a versenyz\u0151knek, hogy a teljes szakaszt letekerj\u00e9k, an\u00e9lk\u00fcl, hogy csoportba kelljen t\u00f6m\u00f6r\u00fclni\u00fck. \u00c9s a modern technol\u00f3gia seg\u00edtett ott, ahol a v\u00edrus \u00e1rtott. A Salzkammergut Trophy Individual sor\u00e1n a versenyz\u0151k egy\u00e9nileg teljes\u00edtik a t\u00e1vot, melyet egy-egy m\u0171szerrel r\u00f6gz\u00edtenek, ezeket a transzpondereket adj\u00e1k le a szervez\u0151knek.<\/p>\n<p><img loading=\"lazy\" decoding=\"async\" class=\"alignnone wp-image-8408 size-full\" src=\"https:\/\/d2p6e6u75xmxt8.cloudfront.net\/12\/2020\/08\/Gaspi-Salzkammergut-2.jpg\" alt=\"Salzkammergut Trophy\" width=\"1200\" height=\"671\" srcset=\"https:\/\/d2p6e6u75xmxt8.cloudfront.net\/12\/2020\/08\/Gaspi-Salzkammergut-2.jpg 1200w, https:\/\/d2p6e6u75xmxt8.cloudfront.net\/12\/2020\/08\/Gaspi-Salzkammergut-2-300x168.jpg 300w, https:\/\/d2p6e6u75xmxt8.cloudfront.net\/12\/2020\/08\/Gaspi-Salzkammergut-2-1024x573.jpg 1024w, https:\/\/d2p6e6u75xmxt8.cloudfront.net\/12\/2020\/08\/Gaspi-Salzkammergut-2-768x429.jpg 768w\" sizes=\"auto, (max-width: 1200px) 100vw, 1200px\" \/><\/p>\n<div id='gallery-1' class='gallery galleryid-8407 gallery-columns-2 gallery-size-large'><figure class='gallery-item'>\n\t\t\t<div class='gallery-icon landscape'>\n\t\t\t\t<a href='https:\/\/d2p6e6u75xmxt8.cloudfront.net\/12\/2020\/08\/Gaspi-Salzkammergut-1.jpg'><img loading=\"lazy\" decoding=\"async\" width=\"1000\" height=\"750\" src=\"https:\/\/d2p6e6u75xmxt8.cloudfront.net\/12\/2020\/08\/Gaspi-Salzkammergut-1.jpg\" class=\"attachment-large size-large\" alt=\"Salzkammergut Trophy\" srcset=\"https:\/\/d2p6e6u75xmxt8.cloudfront.net\/12\/2020\/08\/Gaspi-Salzkammergut-1.jpg 1000w, https:\/\/d2p6e6u75xmxt8.cloudfront.net\/12\/2020\/08\/Gaspi-Salzkammergut-1-300x225.jpg 300w, https:\/\/d2p6e6u75xmxt8.cloudfront.net\/12\/2020\/08\/Gaspi-Salzkammergut-1-768x576.jpg 768w\" sizes=\"auto, (max-width: 1000px) 100vw, 1000px\" \/><\/a>\n\t\t\t<\/div><\/figure><figure class='gallery-item'>\n\t\t\t<div class='gallery-icon landscape'>\n\t\t\t\t<a href='https:\/\/d2p6e6u75xmxt8.cloudfront.net\/12\/2020\/08\/Gaspi-Salzkammergut-3.jpg'><img loading=\"lazy\" decoding=\"async\" width=\"836\" height=\"468\" src=\"https:\/\/d2p6e6u75xmxt8.cloudfront.net\/12\/2020\/08\/Gaspi-Salzkammergut-3.jpg\" class=\"attachment-large size-large\" alt=\"Salzkammergut Trophy\" srcset=\"https:\/\/d2p6e6u75xmxt8.cloudfront.net\/12\/2020\/08\/Gaspi-Salzkammergut-3.jpg 836w, https:\/\/d2p6e6u75xmxt8.cloudfront.net\/12\/2020\/08\/Gaspi-Salzkammergut-3-300x168.jpg 300w, https:\/\/d2p6e6u75xmxt8.cloudfront.net\/12\/2020\/08\/Gaspi-Salzkammergut-3-768x430.jpg 768w\" sizes=\"auto, (max-width: 836px) 100vw, 836px\" \/><\/a>\n\t\t\t<\/div><\/figure>\n\t\t<\/div>\n\n<p>Minden \u00e9rdekl\u0151d\u0151t arra biztatnak, hogy l\u00e1togasson el a helyi Bad Goisern irod\u00e1ba, ahol \u00e1t tudja venni a transzponder\u00e9t \u00e9s a rajtsz\u00e1m\u00e1t. A nevez\u00e9si d\u00edj 29 eur\u00f3, ami kicsit t\u00f6bb, mint 10.000 Ft. Mivel a transzpondereket b\u00e1rmikor el lehet ind\u00edtani, a versenyz\u0151k akkor kezdik meg a szakaszt, amikor szeretn\u00e9k. R\u00e1ad\u00e1sul annyiszor v\u00e9gigtekerhetnek rajta, ah\u00e1nyszor csak akarnak. A sebess\u00e9gm\u00e9r\u0151 csak s\u00edk fel\u00fcleten \u00e9s emelked\u0151n m\u0171k\u00f6dik, hogy a lejt\u0151n val\u00f3 sz\u00e1guld\u00e1s ne torz\u00edtsa az \u00e9rt\u00e9keket. Az egyes szakaszok k\u00f6z\u00f6tt a versenyz\u0151k pihenhetnek \u00e9s \u00e9lvezhetik az osztr\u00e1k \u00e9teleket \u00e9s a l\u00e9legzetel\u00e1ll\u00edt\u00f3 hegyi kil\u00e1t\u00e1st. Aki egy nap alatt mindegyik ellen\u0151rz\u0151ponton \u00e1thalad, r\u00e9szt vesz a versenyben.<\/p>\n<figure id=\"attachment_8409\" aria-describedby=\"caption-attachment-8409\" style=\"width: 1014px\" class=\"wp-caption alignnone\"><img loading=\"lazy\" decoding=\"async\" class=\"wp-image-8409 size-full\" src=\"https:\/\/d2p6e6u75xmxt8.cloudfront.net\/12\/2020\/08\/Gaspi-Salzkammergut-4.jpg\" alt=\"Salzkammergut Trophy\" width=\"1014\" height=\"560\" srcset=\"https:\/\/d2p6e6u75xmxt8.cloudfront.net\/12\/2020\/08\/Gaspi-Salzkammergut-4.jpg 1014w, https:\/\/d2p6e6u75xmxt8.cloudfront.net\/12\/2020\/08\/Gaspi-Salzkammergut-4-300x166.jpg 300w, https:\/\/d2p6e6u75xmxt8.cloudfront.net\/12\/2020\/08\/Gaspi-Salzkammergut-4-768x424.jpg 768w\" sizes=\"auto, (max-width: 1014px) 100vw, 1014px\" \/><figcaption id=\"caption-attachment-8409\" class=\"wp-caption-text\"><span lang=\"hu\">Gaspi a gy\u00f6ny\u00f6r\u0171 \u0151si b\u00e1ny\u00e1szati \u200b\u200b\u00fatvonalon.<\/span><\/figcaption><\/figure>\n<p><em>\u201eAz e-bike kateg\u00f3ri\u00e1t \u00e9s egy 37 km hossz\u00fa \u00fatvonalat v\u00e1lasztottam, ez volt a legr\u00f6videbb<\/em>\u201d \u2013 mes\u00e9lte Gasperotti. Mivel m\u00e9g soha nem vett r\u00e9szt a versenyen, eleinte nehezen tal\u00e1lta meg a helyes ir\u00e1nyt, amerre a Bad Goisern inform\u00e1ci\u00f3s k\u00f6zpontb\u00f3l. <em>\u201eEgy kis id\u0151 ut\u00e1n azonban m\u00e1r egy\u00e9rtelm\u0171 volt, merre kell menni, t\u00e1bl\u00e1kkal jel\u00f6lt\u00e9k az \u00fatvonalakat. Boldog voltam, hogy az elektromos biciklimet vittem, mert meglehet\u0151sen meredek emelked\u0151ket kellett bevennem. De a l\u00e1tv\u00e1ny\u00e9rt meg\u00e9rte. A legszebb r\u00e9sz az volt, amikor egy r\u00e9gi \u00faton tekertem, amit b\u00e1ny\u00e1szok v\u00e1jtak a sziklafalba, \u00e9s a kiv\u00e1jt ablakokon \u00e9s teraszokon \u00e1t r\u00e1 lehetett l\u00e1tni az Alpokra. A feh\u00e9r m\u00e9szk\u0151szikl\u00e1k csillogtak a napf\u00e9nyben, azonban egy kis es\u0151t\u0151l is cs\u00fasz\u00f3ss\u00e1 v\u00e1ltak. K\u00fcl\u00f6n\u00f6sen j\u00f3 \u00e9lm\u00e9ny volt, hogy a verseny okozta nyom\u00e1s n\u00e9lk\u00fcl tekerhettem v\u00e9gig az \u00fatvonalon. L\u00e1ttam egy id\u0151s p\u00e1rt is, akik olyan boldogan tekert\u00e9k le a Trophy-t, mintha csak egy h\u00e9tv\u00e9gi kir\u00e1ndul\u00e1son lenn\u00e9nek! Azt hiszem, a szervez\u0151k mindent megtettek, hogy 2020-ban is m\u00e9lt\u00f3 k\u00f6r\u00fclm\u00e9nyek k\u00f6z\u00f6tt tarts\u00e1k meg a versenyt.\u201d<\/em><\/p>\n","protected":false},"excerpt":{"rendered":"<p>M\u00e9g az olyan legend\u00e1s esem\u00e9nyek, mint a Salzkammergut Trophy sem \u00faszta meg a pand\u00e9mia k\u00f6vetkezm\u00e9nyeit. A t\u00f6bb mint negyven orsz\u00e1gb\u00f3l [&hellip;]<\/p>\n","protected":false},"author":71,"featured_media":8411,"comment_status":"open","ping_status":"open","sticky":false,"template":"","format":"standard","meta":{"footnotes":""},"categories":[7],"tags":[],"global-categories":[],"class_list":["post-8407","post","type-post","status-publish","format-standard","has-post-thumbnail","hentry","category-trekking-mtb"],"yoast_head":"<!-- This site is optimized with the Yoast SEO Premium plugin v25.3 (Yoast SEO v25.9) - https:\/\/yoast.com\/wordpress\/plugins\/seo\/ -->\n<title>\u00daton az extr\u00e9m hossz\u00fa Salzkammergut tr\u00f3fe\u00e1j\u00e1\u00e9rt - egyed\u00fcl<\/title>\n<meta name=\"description\" content=\"M\u00e9g az olyan legend\u00e1s esem\u00e9nyek, mint a Salzkammergut Trophy sem \u00faszta meg a pand\u00e9mia k\u00f6vetkezm\u00e9nyeit.\" \/>\n<meta name=\"robots\" content=\"index, follow, max-snippet:-1, max-image-preview:large, max-video-preview:-1\" \/>\n<link rel=\"canonical\" href=\"https:\/\/www.welovecycling.com\/hu\/trekking-mtb\/uton-az-extrem-hosszu-salzkammergut-trofeajaert-egyedul\/\" \/>\n<meta property=\"og:locale\" content=\"hu_HU\" \/>\n<meta property=\"og:type\" content=\"article\" \/>\n<meta property=\"og:title\" content=\"\u00daton az extr\u00e9m hossz\u00fa Salzkammergut tr\u00f3fe\u00e1j\u00e1\u00e9rt - egyed\u00fcl\" \/>\n<meta property=\"og:description\" content=\"M\u00e9g az olyan legend\u00e1s esem\u00e9nyek, mint a Salzkammergut Trophy sem \u00faszta meg a pand\u00e9mia k\u00f6vetkezm\u00e9nyeit.\" \/>\n<meta property=\"og:url\" content=\"https:\/\/www.welovecycling.com\/hu\/trekking-mtb\/uton-az-extrem-hosszu-salzkammergut-trofeajaert-egyedul\/\" \/>\n<meta property=\"og:site_name\" content=\"\u0160koda We Love Cycling - Magyarorsz\u00e1g\" \/>\n<meta property=\"article:publisher\" content=\"https:\/\/www.facebook.com\/WeLoveCyclingHungary\/\" \/>\n<meta property=\"article:published_time\" content=\"2020-09-03T07:00:50+00:00\" \/>\n<meta property=\"og:image\" content=\"https:\/\/d2p6e6u75xmxt8.cloudfront.net\/12\/2020\/08\/Gaspi-Salzkammergut-CVR-1.jpg\" \/>\n\t<meta property=\"og:image:width\" content=\"1366\" \/>\n\t<meta property=\"og:image:height\" content=\"600\" \/>\n\t<meta property=\"og:image:type\" content=\"image\/jpeg\" \/>\n<meta name=\"author\" content=\"hegyizs\" \/>\n<meta name=\"twitter:card\" content=\"summary_large_image\" \/>\n<meta name=\"twitter:label1\" content=\"Written by\" \/>\n\t<meta name=\"twitter:data1\" content=\"Adam Marsal\/Richard \u2018Gaspi\u2019 Gasperotti\" \/>\n\t<meta name=\"twitter:label2\" content=\"Est. reading time\" \/>\n\t<meta name=\"twitter:data2\" content=\"5\" \/>\n<script type=\"application\/ld+json\" class=\"yoast-schema-graph\">{\"@context\":\"https:\/\/schema.org\",\"@graph\":[{\"@type\":\"WebPage\",\"@id\":\"https:\/\/www.welovecycling.com\/hu\/trekking-mtb\/uton-az-extrem-hosszu-salzkammergut-trofeajaert-egyedul\/\",\"url\":\"https:\/\/www.welovecycling.com\/hu\/trekking-mtb\/uton-az-extrem-hosszu-salzkammergut-trofeajaert-egyedul\/\",\"name\":\"\u00daton az extr\u00e9m hossz\u00fa Salzkammergut tr\u00f3fe\u00e1j\u00e1\u00e9rt - egyed\u00fcl\",\"isPartOf\":{\"@id\":\"https:\/\/www.welovecycling.com\/hu\/#website\"},\"primaryImageOfPage\":{\"@id\":\"https:\/\/www.welovecycling.com\/hu\/trekking-mtb\/uton-az-extrem-hosszu-salzkammergut-trofeajaert-egyedul\/#primaryimage\"},\"image\":{\"@id\":\"https:\/\/www.welovecycling.com\/hu\/trekking-mtb\/uton-az-extrem-hosszu-salzkammergut-trofeajaert-egyedul\/#primaryimage\"},\"thumbnailUrl\":\"https:\/\/d2p6e6u75xmxt8.cloudfront.net\/12\/2020\/08\/Gaspi-Salzkammergut-CVR-1.jpg\",\"datePublished\":\"2020-09-03T07:00:50+00:00\",\"author\":{\"@id\":\"https:\/\/www.welovecycling.com\/hu\/#\/schema\/person\/414a2aebf1801691a5320edb6468e194\"},\"description\":\"M\u00e9g az olyan legend\u00e1s esem\u00e9nyek, mint a Salzkammergut Trophy sem \u00faszta meg a pand\u00e9mia k\u00f6vetkezm\u00e9nyeit.\",\"breadcrumb\":{\"@id\":\"https:\/\/www.welovecycling.com\/hu\/trekking-mtb\/uton-az-extrem-hosszu-salzkammergut-trofeajaert-egyedul\/#breadcrumb\"},\"inLanguage\":\"hu\",\"potentialAction\":[{\"@type\":\"ReadAction\",\"target\":[\"https:\/\/www.welovecycling.com\/hu\/trekking-mtb\/uton-az-extrem-hosszu-salzkammergut-trofeajaert-egyedul\/\"]}]},{\"@type\":\"ImageObject\",\"inLanguage\":\"hu\",\"@id\":\"https:\/\/www.welovecycling.com\/hu\/trekking-mtb\/uton-az-extrem-hosszu-salzkammergut-trofeajaert-egyedul\/#primaryimage\",\"url\":\"https:\/\/d2p6e6u75xmxt8.cloudfront.net\/12\/2020\/08\/Gaspi-Salzkammergut-CVR-1.jpg\",\"contentUrl\":\"https:\/\/d2p6e6u75xmxt8.cloudfront.net\/12\/2020\/08\/Gaspi-Salzkammergut-CVR-1.jpg\",\"width\":1366,\"height\":600,\"caption\":\"Salzkammergut Trophy\"},{\"@type\":\"BreadcrumbList\",\"@id\":\"https:\/\/www.welovecycling.com\/hu\/trekking-mtb\/uton-az-extrem-hosszu-salzkammergut-trofeajaert-egyedul\/#breadcrumb\",\"itemListElement\":[{\"@type\":\"ListItem\",\"position\":1,\"name\":\"Home\",\"item\":\"https:\/\/www.welovecycling.com\/hu\/\"},{\"@type\":\"ListItem\",\"position\":2,\"name\":\"\u00daton az extr\u00e9m hossz\u00fa Salzkammergut tr\u00f3fe\u00e1j\u00e1\u00e9rt &#8211; egyed\u00fcl\"}]},{\"@type\":\"WebSite\",\"@id\":\"https:\/\/www.welovecycling.com\/hu\/#website\",\"url\":\"https:\/\/www.welovecycling.com\/hu\/\",\"name\":\"\u0160koda We Love Cycling - Magyarorsz\u00e1g\",\"description\":\"\u0160koda WeLoveCycling\",\"potentialAction\":[{\"@type\":\"SearchAction\",\"target\":{\"@type\":\"EntryPoint\",\"urlTemplate\":\"https:\/\/www.welovecycling.com\/hu\/?s={search_term_string}\"},\"query-input\":{\"@type\":\"PropertyValueSpecification\",\"valueRequired\":true,\"valueName\":\"search_term_string\"}}],\"inLanguage\":\"hu\"},{\"@type\":\"Person\",\"@id\":\"https:\/\/www.welovecycling.com\/hu\/#\/schema\/person\/414a2aebf1801691a5320edb6468e194\",\"name\":\"hegyizs\",\"image\":{\"@type\":\"ImageObject\",\"inLanguage\":\"hu\",\"@id\":\"https:\/\/www.welovecycling.com\/hu\/#\/schema\/person\/image\/\",\"url\":\"https:\/\/secure.gravatar.com\/avatar\/02cf8a7906b8cf90cecb4679defac7cfd33a1c2e3b88e4903d947f3bb58eedd3?s=96&d=mm&r=g\",\"contentUrl\":\"https:\/\/secure.gravatar.com\/avatar\/02cf8a7906b8cf90cecb4679defac7cfd33a1c2e3b88e4903d947f3bb58eedd3?s=96&d=mm&r=g\",\"caption\":\"hegyizs\"},\"url\":\"https:\/\/www.welovecycling.com\/hu\/author\/hegyizs\/\"}]}<\/script>\n<!-- \/ Yoast SEO Premium plugin. -->","yoast_head_json":{"title":"\u00daton az extr\u00e9m hossz\u00fa Salzkammergut tr\u00f3fe\u00e1j\u00e1\u00e9rt - egyed\u00fcl","description":"M\u00e9g az olyan legend\u00e1s esem\u00e9nyek, mint a Salzkammergut Trophy sem \u00faszta meg a pand\u00e9mia k\u00f6vetkezm\u00e9nyeit.","robots":{"index":"index","follow":"follow","max-snippet":"max-snippet:-1","max-image-preview":"max-image-preview:large","max-video-preview":"max-video-preview:-1"},"canonical":"https:\/\/www.welovecycling.com\/hu\/trekking-mtb\/uton-az-extrem-hosszu-salzkammergut-trofeajaert-egyedul\/","og_locale":"hu_HU","og_type":"article","og_title":"\u00daton az extr\u00e9m hossz\u00fa Salzkammergut tr\u00f3fe\u00e1j\u00e1\u00e9rt - egyed\u00fcl","og_description":"M\u00e9g az olyan legend\u00e1s esem\u00e9nyek, mint a Salzkammergut Trophy sem \u00faszta meg a pand\u00e9mia k\u00f6vetkezm\u00e9nyeit.","og_url":"https:\/\/www.welovecycling.com\/hu\/trekking-mtb\/uton-az-extrem-hosszu-salzkammergut-trofeajaert-egyedul\/","og_site_name":"\u0160koda We Love Cycling - Magyarorsz\u00e1g","article_publisher":"https:\/\/www.facebook.com\/WeLoveCyclingHungary\/","article_published_time":"2020-09-03T07:00:50+00:00","og_image":[{"width":1366,"height":600,"url":"https:\/\/d2p6e6u75xmxt8.cloudfront.net\/12\/2020\/08\/Gaspi-Salzkammergut-CVR-1.jpg","type":"image\/jpeg"}],"author":"hegyizs","twitter_card":"summary_large_image","twitter_misc":{"Written by":"Adam Marsal\/Richard \u2018Gaspi\u2019 Gasperotti","Est. reading time":"5"},"schema":{"@context":"https:\/\/schema.org","@graph":[{"@type":"WebPage","@id":"https:\/\/www.welovecycling.com\/hu\/trekking-mtb\/uton-az-extrem-hosszu-salzkammergut-trofeajaert-egyedul\/","url":"https:\/\/www.welovecycling.com\/hu\/trekking-mtb\/uton-az-extrem-hosszu-salzkammergut-trofeajaert-egyedul\/","name":"\u00daton az extr\u00e9m hossz\u00fa Salzkammergut tr\u00f3fe\u00e1j\u00e1\u00e9rt - egyed\u00fcl","isPartOf":{"@id":"https:\/\/www.welovecycling.com\/hu\/#website"},"primaryImageOfPage":{"@id":"https:\/\/www.welovecycling.com\/hu\/trekking-mtb\/uton-az-extrem-hosszu-salzkammergut-trofeajaert-egyedul\/#primaryimage"},"image":{"@id":"https:\/\/www.welovecycling.com\/hu\/trekking-mtb\/uton-az-extrem-hosszu-salzkammergut-trofeajaert-egyedul\/#primaryimage"},"thumbnailUrl":"https:\/\/d2p6e6u75xmxt8.cloudfront.net\/12\/2020\/08\/Gaspi-Salzkammergut-CVR-1.jpg","datePublished":"2020-09-03T07:00:50+00:00","author":{"@id":"https:\/\/www.welovecycling.com\/hu\/#\/schema\/person\/414a2aebf1801691a5320edb6468e194"},"description":"M\u00e9g az olyan legend\u00e1s esem\u00e9nyek, mint a Salzkammergut Trophy sem \u00faszta meg a pand\u00e9mia k\u00f6vetkezm\u00e9nyeit.","breadcrumb":{"@id":"https:\/\/www.welovecycling.com\/hu\/trekking-mtb\/uton-az-extrem-hosszu-salzkammergut-trofeajaert-egyedul\/#breadcrumb"},"inLanguage":"hu","potentialAction":[{"@type":"ReadAction","target":["https:\/\/www.welovecycling.com\/hu\/trekking-mtb\/uton-az-extrem-hosszu-salzkammergut-trofeajaert-egyedul\/"]}]},{"@type":"ImageObject","inLanguage":"hu","@id":"https:\/\/www.welovecycling.com\/hu\/trekking-mtb\/uton-az-extrem-hosszu-salzkammergut-trofeajaert-egyedul\/#primaryimage","url":"https:\/\/d2p6e6u75xmxt8.cloudfront.net\/12\/2020\/08\/Gaspi-Salzkammergut-CVR-1.jpg","contentUrl":"https:\/\/d2p6e6u75xmxt8.cloudfront.net\/12\/2020\/08\/Gaspi-Salzkammergut-CVR-1.jpg","width":1366,"height":600,"caption":"Salzkammergut Trophy"},{"@type":"BreadcrumbList","@id":"https:\/\/www.welovecycling.com\/hu\/trekking-mtb\/uton-az-extrem-hosszu-salzkammergut-trofeajaert-egyedul\/#breadcrumb","itemListElement":[{"@type":"ListItem","position":1,"name":"Home","item":"https:\/\/www.welovecycling.com\/hu\/"},{"@type":"ListItem","position":2,"name":"\u00daton az extr\u00e9m hossz\u00fa Salzkammergut tr\u00f3fe\u00e1j\u00e1\u00e9rt &#8211; egyed\u00fcl"}]},{"@type":"WebSite","@id":"https:\/\/www.welovecycling.com\/hu\/#website","url":"https:\/\/www.welovecycling.com\/hu\/","name":"\u0160koda We Love Cycling - Magyarorsz\u00e1g","description":"\u0160koda WeLoveCycling","potentialAction":[{"@type":"SearchAction","target":{"@type":"EntryPoint","urlTemplate":"https:\/\/www.welovecycling.com\/hu\/?s={search_term_string}"},"query-input":{"@type":"PropertyValueSpecification","valueRequired":true,"valueName":"search_term_string"}}],"inLanguage":"hu"},{"@type":"Person","@id":"https:\/\/www.welovecycling.com\/hu\/#\/schema\/person\/414a2aebf1801691a5320edb6468e194","name":"hegyizs","image":{"@type":"ImageObject","inLanguage":"hu","@id":"https:\/\/www.welovecycling.com\/hu\/#\/schema\/person\/image\/","url":"https:\/\/secure.gravatar.com\/avatar\/02cf8a7906b8cf90cecb4679defac7cfd33a1c2e3b88e4903d947f3bb58eedd3?s=96&d=mm&r=g","contentUrl":"https:\/\/secure.gravatar.com\/avatar\/02cf8a7906b8cf90cecb4679defac7cfd33a1c2e3b88e4903d947f3bb58eedd3?s=96&d=mm&r=g","caption":"hegyizs"},"url":"https:\/\/www.welovecycling.com\/hu\/author\/hegyizs\/"}]}},"_links":{"self":[{"href":"https:\/\/www.welovecycling.com\/hu\/wp-json\/wp\/v2\/posts\/8407","targetHints":{"allow":["GET"]}}],"collection":[{"href":"https:\/\/www.welovecycling.com\/hu\/wp-json\/wp\/v2\/posts"}],"about":[{"href":"https:\/\/www.welovecycling.com\/hu\/wp-json\/wp\/v2\/types\/post"}],"author":[{"embeddable":true,"href":"https:\/\/www.welovecycling.com\/hu\/wp-json\/wp\/v2\/users\/71"}],"replies":[{"embeddable":true,"href":"https:\/\/www.welovecycling.com\/hu\/wp-json\/wp\/v2\/comments?post=8407"}],"version-history":[{"count":2,"href":"https:\/\/www.welovecycling.com\/hu\/wp-json\/wp\/v2\/posts\/8407\/revisions"}],"predecessor-version":[{"id":8421,"href":"https:\/\/www.welovecycling.com\/hu\/wp-json\/wp\/v2\/posts\/8407\/revisions\/8421"}],"wp:featuredmedia":[{"embeddable":true,"href":"https:\/\/www.welovecycling.com\/hu\/wp-json\/wp\/v2\/media\/8411"}],"wp:attachment":[{"href":"https:\/\/www.welovecycling.com\/hu\/wp-json\/wp\/v2\/media?parent=8407"}],"wp:term":[{"taxonomy":"category","embeddable":true,"href":"https:\/\/www.welovecycling.com\/hu\/wp-json\/wp\/v2\/categories?post=8407"},{"taxonomy":"post_tag","embeddable":true,"href":"https:\/\/www.welovecycling.com\/hu\/wp-json\/wp\/v2\/tags?post=8407"},{"taxonomy":"global-categories","embeddable":true,"href":"https:\/\/www.welovecycling.com\/hu\/wp-json\/wp\/v2\/global-categories?post=8407"}],"curies":[{"name":"wp","href":"https:\/\/api.w.org\/{rel}","templated":true}]}}