{"id":8401,"date":"2020-09-02T08:00:43","date_gmt":"2020-09-02T07:00:43","guid":{"rendered":"https:\/\/www.welovecycling.com\/hu\/?p=8401"},"modified":"2020-08-28T14:05:25","modified_gmt":"2020-08-28T13:05:25","slug":"egy-reg-elveszett-bringa-tortenete","status":"publish","type":"post","link":"https:\/\/www.welovecycling.com\/hu\/kozosseg-es-kultura\/egy-reg-elveszett-bringa-tortenete\/","title":{"rendered":"Egy r\u00e9g elveszett bringa t\u00f6rt\u00e9nete"},"content":{"rendered":"<p><strong>Az apr\u00f3 hazugs\u00e1gok mindig utol\u00e9rnek benn\u00fcnket, sokszor a legv\u00e1ratlanabb pillanatokban. A s\u00f6t\u00e9tben rejt\u0151zk\u00f6dnek, \u00e9s arra v\u00e1rnak, hogy felfedj\u00e9k magukat, amikor legkev\u00e9sb\u00e9 sz\u00e1m\u00edtunk r\u00e1juk. Sokszor hetek, s\u0151t, h\u00f3napok is eltelnek. De mi van akkor, ha m\u00e1r r\u00e9g elfeledt\u00fck, hogy mit hazudtunk, amikor r\u00e1nk t\u00f6r?<\/strong><\/p>\n<p><!--more--><\/p>\n<p>Don Puz a washingotni Vashon Island-en \u00e9lt a sz\u00fcleivel. 1954-ben egy sz\u00f6rny\u0171 t\u0171zesetben apja \u00e9let\u00e9t vesztette, \u00edgy \u00faj \u00e9letet kezdett \u00e9desanyj\u00e1val. A helyi k\u00f6z\u00f6ss\u00e9g gy\u0171jt\u00e9st szervezett, hogy seg\u00edtse \u0151ket talpra \u00e1llni. Ekkor indult el a hazugs\u00e1gok sorozata.<\/p>\n<p>Az adom\u00e1nyk\u00e9nt kapott t\u00e1rgyak k\u00f6z\u00f6tt fedezt\u00e9k fel a gyerekbiciklit. Csod\u00e1latos aj\u00e1nd\u00e9k, nem igaz? B\u00e1r a szomsz\u00e9dok minden bizonnyal j\u00f3 sz\u00e1nd\u00e9kkal adt\u00e1k, Don nem \u00f6r\u00fclt az aj\u00e1nd\u00e9knak.<\/p>\n<figure id=\"attachment_8402\" aria-describedby=\"caption-attachment-8402\" style=\"width: 1600px\" class=\"wp-caption alignnone\"><img loading=\"lazy\" decoding=\"async\" class=\"wp-image-8402 size-full\" src=\"https:\/\/d2p6e6u75xmxt8.cloudfront.net\/12\/2020\/08\/Bicycle-Tree-Vashon.jpg\" alt=\"Bicycle in a Tree\" width=\"1600\" height=\"1200\" srcset=\"https:\/\/d2p6e6u75xmxt8.cloudfront.net\/12\/2020\/08\/Bicycle-Tree-Vashon.jpg 1600w, https:\/\/d2p6e6u75xmxt8.cloudfront.net\/12\/2020\/08\/Bicycle-Tree-Vashon-300x225.jpg 300w, https:\/\/d2p6e6u75xmxt8.cloudfront.net\/12\/2020\/08\/Bicycle-Tree-Vashon-1024x768.jpg 1024w, https:\/\/d2p6e6u75xmxt8.cloudfront.net\/12\/2020\/08\/Bicycle-Tree-Vashon-768x576.jpg 768w, https:\/\/d2p6e6u75xmxt8.cloudfront.net\/12\/2020\/08\/Bicycle-Tree-Vashon-1536x1152.jpg 1536w\" sizes=\"auto, (max-width: 1600px) 100vw, 1600px\" \/><figcaption id=\"caption-attachment-8402\" class=\"wp-caption-text\"><em>F\u00e1ba szorul ker\u00e9kp\u00e1r, Washington<\/em><\/figcaption><\/figure>\n<p>Egyesek szerint az\u00e9rt nem tetszett neki, mert t\u00fal l\u00e1nyos volt, m\u00e1sok szerint furcsa volt a korm\u00e1nya \u00e9s a v\u00e1z alakja. B\u00e1rmi is volt az ok, Don val\u00f3ban nem rajongott \u00e9rte, \u00edgy nem meglep\u0151, hogy hamarosan \u201eelvesz\u00edtette\u201d az erd\u0151ben \u00e9s azt \u00e1ll\u00edtotta, lehetetlen megtal\u00e1lni.<\/p>\n<p>Szerencs\u00e9j\u00e9re \u00e9desanyja nem k\u00fcldte vissza az erd\u0151be azzal a figyelmeztet\u00e9ssel, hogy ne merjen hazamenni a biciklije n\u00e9lk\u00fcl. Hamarosan elfelejtett\u00e9k az eg\u00e9szet, az \u00e9let ment tov\u00e1bb. A nagy felfedez\u00e9s csak 2012-ben t\u00f6rt\u00e9nt, amikor Puz anyuka 99 \u00e9ves lett. Ahogy olvasta az aznapi \u00fajs\u00e1got, belebotlott egy ker\u00e9kp\u00e1r t\u00f6rt\u00e9net\u00e9be, amit felfalt egy fa. A k\u00e9pen l\u00e1that\u00f3 bringa igen ismer\u0151snek tetszett\u2026<\/p>\n<p>Elmentek a helyre fi\u00e1val, amit az \u00fajs\u00e1g megjel\u00f6lt. \u00c9l\u0151ben m\u00e1r biztosak voltak benne, hogy Don r\u00e9gi ker\u00e9kp\u00e1rj\u00e1t l\u00e1tj\u00e1k viszont! Kicsit t\u00f6bb mint 50 \u00e9v alatt a fa k\u00f6rben\u0151tte a j\u00e1rg\u00e1nyt, de \u00edgy is felismerhet\u0151 volt. Hogy megdobbant-e Don sz\u00edve \u00e9rte? Nem igaz\u00e1n. De a l\u00e1tv\u00e1ny igaz\u00e1n leny\u0171g\u00f6z\u0151, a turist\u00e1k sz\u00e1m\u00e1ra mindenk\u00e9pp!<\/p>\n","protected":false},"excerpt":{"rendered":"<p>Az apr\u00f3 hazugs\u00e1gok mindig utol\u00e9rnek benn\u00fcnket, sokszor a legv\u00e1ratlanabb pillanatokban. A s\u00f6t\u00e9tben rejt\u0151zk\u00f6dnek, \u00e9s arra v\u00e1rnak, hogy felfedj\u00e9k magukat, amikor [&hellip;]<\/p>\n","protected":false},"author":71,"featured_media":8404,"comment_status":"open","ping_status":"open","sticky":false,"template":"","format":"standard","meta":{"footnotes":""},"categories":[12],"tags":[],"global-categories":[],"class_list":["post-8401","post","type-post","status-publish","format-standard","has-post-thumbnail","hentry","category-kozosseg-es-kultura"],"yoast_head":"<!-- This site is optimized with the Yoast SEO Premium plugin v25.3 (Yoast SEO v25.9) - https:\/\/yoast.com\/wordpress\/plugins\/seo\/ -->\n<title>Egy r\u00e9g elveszett bringa t\u00f6rt\u00e9nete<\/title>\n<meta name=\"description\" content=\"Az apr\u00f3 hazugs\u00e1gok mindig utol\u00e9rnek benn\u00fcnket, sokszor a legv\u00e1ratlanabb pillanatokban.\" \/>\n<meta name=\"robots\" content=\"index, follow, max-snippet:-1, max-image-preview:large, max-video-preview:-1\" \/>\n<link rel=\"canonical\" href=\"https:\/\/www.welovecycling.com\/hu\/kozosseg-es-kultura\/egy-reg-elveszett-bringa-tortenete\/\" \/>\n<meta property=\"og:locale\" content=\"hu_HU\" \/>\n<meta property=\"og:type\" content=\"article\" \/>\n<meta property=\"og:title\" content=\"Egy r\u00e9g elveszett bringa t\u00f6rt\u00e9nete\" \/>\n<meta property=\"og:description\" content=\"Az apr\u00f3 hazugs\u00e1gok mindig utol\u00e9rnek benn\u00fcnket, sokszor a legv\u00e1ratlanabb pillanatokban.\" \/>\n<meta property=\"og:url\" content=\"https:\/\/www.welovecycling.com\/hu\/kozosseg-es-kultura\/egy-reg-elveszett-bringa-tortenete\/\" \/>\n<meta property=\"og:site_name\" content=\"\u0160koda We Love Cycling - Magyarorsz\u00e1g\" \/>\n<meta property=\"article:publisher\" content=\"https:\/\/www.facebook.com\/WeLoveCyclingHungary\/\" \/>\n<meta property=\"article:published_time\" content=\"2020-09-02T07:00:43+00:00\" \/>\n<meta property=\"og:image\" content=\"https:\/\/d2p6e6u75xmxt8.cloudfront.net\/12\/2020\/08\/Bicycle-Tree-Vashon-CVR.jpg\" \/>\n\t<meta property=\"og:image:width\" content=\"1366\" \/>\n\t<meta property=\"og:image:height\" content=\"600\" \/>\n\t<meta property=\"og:image:type\" content=\"image\/jpeg\" \/>\n<meta name=\"author\" content=\"hegyizs\" \/>\n<meta name=\"twitter:card\" content=\"summary_large_image\" \/>\n<meta name=\"twitter:label1\" content=\"Written by\" \/>\n\t<meta name=\"twitter:data1\" content=\"Tereza Antonova\" \/>\n\t<meta name=\"twitter:label2\" content=\"Est. reading time\" \/>\n\t<meta name=\"twitter:data2\" content=\"5\" \/>\n<script type=\"application\/ld+json\" class=\"yoast-schema-graph\">{\"@context\":\"https:\/\/schema.org\",\"@graph\":[{\"@type\":\"WebPage\",\"@id\":\"https:\/\/www.welovecycling.com\/hu\/kozosseg-es-kultura\/egy-reg-elveszett-bringa-tortenete\/\",\"url\":\"https:\/\/www.welovecycling.com\/hu\/kozosseg-es-kultura\/egy-reg-elveszett-bringa-tortenete\/\",\"name\":\"Egy r\u00e9g elveszett bringa t\u00f6rt\u00e9nete\",\"isPartOf\":{\"@id\":\"https:\/\/www.welovecycling.com\/hu\/#website\"},\"primaryImageOfPage\":{\"@id\":\"https:\/\/www.welovecycling.com\/hu\/kozosseg-es-kultura\/egy-reg-elveszett-bringa-tortenete\/#primaryimage\"},\"image\":{\"@id\":\"https:\/\/www.welovecycling.com\/hu\/kozosseg-es-kultura\/egy-reg-elveszett-bringa-tortenete\/#primaryimage\"},\"thumbnailUrl\":\"https:\/\/d2p6e6u75xmxt8.cloudfront.net\/12\/2020\/08\/Bicycle-Tree-Vashon-CVR.jpg\",\"datePublished\":\"2020-09-02T07:00:43+00:00\",\"author\":{\"@id\":\"https:\/\/www.welovecycling.com\/hu\/#\/schema\/person\/414a2aebf1801691a5320edb6468e194\"},\"description\":\"Az apr\u00f3 hazugs\u00e1gok mindig utol\u00e9rnek benn\u00fcnket, sokszor a legv\u00e1ratlanabb pillanatokban.\",\"breadcrumb\":{\"@id\":\"https:\/\/www.welovecycling.com\/hu\/kozosseg-es-kultura\/egy-reg-elveszett-bringa-tortenete\/#breadcrumb\"},\"inLanguage\":\"hu\",\"potentialAction\":[{\"@type\":\"ReadAction\",\"target\":[\"https:\/\/www.welovecycling.com\/hu\/kozosseg-es-kultura\/egy-reg-elveszett-bringa-tortenete\/\"]}]},{\"@type\":\"ImageObject\",\"inLanguage\":\"hu\",\"@id\":\"https:\/\/www.welovecycling.com\/hu\/kozosseg-es-kultura\/egy-reg-elveszett-bringa-tortenete\/#primaryimage\",\"url\":\"https:\/\/d2p6e6u75xmxt8.cloudfront.net\/12\/2020\/08\/Bicycle-Tree-Vashon-CVR.jpg\",\"contentUrl\":\"https:\/\/d2p6e6u75xmxt8.cloudfront.net\/12\/2020\/08\/Bicycle-Tree-Vashon-CVR.jpg\",\"width\":1366,\"height\":600,\"caption\":\"Bicycle in a Tree\"},{\"@type\":\"BreadcrumbList\",\"@id\":\"https:\/\/www.welovecycling.com\/hu\/kozosseg-es-kultura\/egy-reg-elveszett-bringa-tortenete\/#breadcrumb\",\"itemListElement\":[{\"@type\":\"ListItem\",\"position\":1,\"name\":\"Home\",\"item\":\"https:\/\/www.welovecycling.com\/hu\/\"},{\"@type\":\"ListItem\",\"position\":2,\"name\":\"Egy r\u00e9g elveszett bringa t\u00f6rt\u00e9nete\"}]},{\"@type\":\"WebSite\",\"@id\":\"https:\/\/www.welovecycling.com\/hu\/#website\",\"url\":\"https:\/\/www.welovecycling.com\/hu\/\",\"name\":\"\u0160koda We Love Cycling - Magyarorsz\u00e1g\",\"description\":\"\u0160koda WeLoveCycling\",\"potentialAction\":[{\"@type\":\"SearchAction\",\"target\":{\"@type\":\"EntryPoint\",\"urlTemplate\":\"https:\/\/www.welovecycling.com\/hu\/?s={search_term_string}\"},\"query-input\":{\"@type\":\"PropertyValueSpecification\",\"valueRequired\":true,\"valueName\":\"search_term_string\"}}],\"inLanguage\":\"hu\"},{\"@type\":\"Person\",\"@id\":\"https:\/\/www.welovecycling.com\/hu\/#\/schema\/person\/414a2aebf1801691a5320edb6468e194\",\"name\":\"hegyizs\",\"image\":{\"@type\":\"ImageObject\",\"inLanguage\":\"hu\",\"@id\":\"https:\/\/www.welovecycling.com\/hu\/#\/schema\/person\/image\/\",\"url\":\"https:\/\/secure.gravatar.com\/avatar\/02cf8a7906b8cf90cecb4679defac7cfd33a1c2e3b88e4903d947f3bb58eedd3?s=96&d=mm&r=g\",\"contentUrl\":\"https:\/\/secure.gravatar.com\/avatar\/02cf8a7906b8cf90cecb4679defac7cfd33a1c2e3b88e4903d947f3bb58eedd3?s=96&d=mm&r=g\",\"caption\":\"hegyizs\"},\"url\":\"https:\/\/www.welovecycling.com\/hu\/author\/hegyizs\/\"}]}<\/script>\n<!-- \/ Yoast SEO Premium plugin. -->","yoast_head_json":{"title":"Egy r\u00e9g elveszett bringa t\u00f6rt\u00e9nete","description":"Az apr\u00f3 hazugs\u00e1gok mindig utol\u00e9rnek benn\u00fcnket, sokszor a legv\u00e1ratlanabb pillanatokban.","robots":{"index":"index","follow":"follow","max-snippet":"max-snippet:-1","max-image-preview":"max-image-preview:large","max-video-preview":"max-video-preview:-1"},"canonical":"https:\/\/www.welovecycling.com\/hu\/kozosseg-es-kultura\/egy-reg-elveszett-bringa-tortenete\/","og_locale":"hu_HU","og_type":"article","og_title":"Egy r\u00e9g elveszett bringa t\u00f6rt\u00e9nete","og_description":"Az apr\u00f3 hazugs\u00e1gok mindig utol\u00e9rnek benn\u00fcnket, sokszor a legv\u00e1ratlanabb pillanatokban.","og_url":"https:\/\/www.welovecycling.com\/hu\/kozosseg-es-kultura\/egy-reg-elveszett-bringa-tortenete\/","og_site_name":"\u0160koda We Love Cycling - Magyarorsz\u00e1g","article_publisher":"https:\/\/www.facebook.com\/WeLoveCyclingHungary\/","article_published_time":"2020-09-02T07:00:43+00:00","og_image":[{"width":1366,"height":600,"url":"https:\/\/d2p6e6u75xmxt8.cloudfront.net\/12\/2020\/08\/Bicycle-Tree-Vashon-CVR.jpg","type":"image\/jpeg"}],"author":"hegyizs","twitter_card":"summary_large_image","twitter_misc":{"Written by":"Tereza Antonova","Est. reading time":"5"},"schema":{"@context":"https:\/\/schema.org","@graph":[{"@type":"WebPage","@id":"https:\/\/www.welovecycling.com\/hu\/kozosseg-es-kultura\/egy-reg-elveszett-bringa-tortenete\/","url":"https:\/\/www.welovecycling.com\/hu\/kozosseg-es-kultura\/egy-reg-elveszett-bringa-tortenete\/","name":"Egy r\u00e9g elveszett bringa t\u00f6rt\u00e9nete","isPartOf":{"@id":"https:\/\/www.welovecycling.com\/hu\/#website"},"primaryImageOfPage":{"@id":"https:\/\/www.welovecycling.com\/hu\/kozosseg-es-kultura\/egy-reg-elveszett-bringa-tortenete\/#primaryimage"},"image":{"@id":"https:\/\/www.welovecycling.com\/hu\/kozosseg-es-kultura\/egy-reg-elveszett-bringa-tortenete\/#primaryimage"},"thumbnailUrl":"https:\/\/d2p6e6u75xmxt8.cloudfront.net\/12\/2020\/08\/Bicycle-Tree-Vashon-CVR.jpg","datePublished":"2020-09-02T07:00:43+00:00","author":{"@id":"https:\/\/www.welovecycling.com\/hu\/#\/schema\/person\/414a2aebf1801691a5320edb6468e194"},"description":"Az apr\u00f3 hazugs\u00e1gok mindig utol\u00e9rnek benn\u00fcnket, sokszor a legv\u00e1ratlanabb pillanatokban.","breadcrumb":{"@id":"https:\/\/www.welovecycling.com\/hu\/kozosseg-es-kultura\/egy-reg-elveszett-bringa-tortenete\/#breadcrumb"},"inLanguage":"hu","potentialAction":[{"@type":"ReadAction","target":["https:\/\/www.welovecycling.com\/hu\/kozosseg-es-kultura\/egy-reg-elveszett-bringa-tortenete\/"]}]},{"@type":"ImageObject","inLanguage":"hu","@id":"https:\/\/www.welovecycling.com\/hu\/kozosseg-es-kultura\/egy-reg-elveszett-bringa-tortenete\/#primaryimage","url":"https:\/\/d2p6e6u75xmxt8.cloudfront.net\/12\/2020\/08\/Bicycle-Tree-Vashon-CVR.jpg","contentUrl":"https:\/\/d2p6e6u75xmxt8.cloudfront.net\/12\/2020\/08\/Bicycle-Tree-Vashon-CVR.jpg","width":1366,"height":600,"caption":"Bicycle in a Tree"},{"@type":"BreadcrumbList","@id":"https:\/\/www.welovecycling.com\/hu\/kozosseg-es-kultura\/egy-reg-elveszett-bringa-tortenete\/#breadcrumb","itemListElement":[{"@type":"ListItem","position":1,"name":"Home","item":"https:\/\/www.welovecycling.com\/hu\/"},{"@type":"ListItem","position":2,"name":"Egy r\u00e9g elveszett bringa t\u00f6rt\u00e9nete"}]},{"@type":"WebSite","@id":"https:\/\/www.welovecycling.com\/hu\/#website","url":"https:\/\/www.welovecycling.com\/hu\/","name":"\u0160koda We Love Cycling - Magyarorsz\u00e1g","description":"\u0160koda WeLoveCycling","potentialAction":[{"@type":"SearchAction","target":{"@type":"EntryPoint","urlTemplate":"https:\/\/www.welovecycling.com\/hu\/?s={search_term_string}"},"query-input":{"@type":"PropertyValueSpecification","valueRequired":true,"valueName":"search_term_string"}}],"inLanguage":"hu"},{"@type":"Person","@id":"https:\/\/www.welovecycling.com\/hu\/#\/schema\/person\/414a2aebf1801691a5320edb6468e194","name":"hegyizs","image":{"@type":"ImageObject","inLanguage":"hu","@id":"https:\/\/www.welovecycling.com\/hu\/#\/schema\/person\/image\/","url":"https:\/\/secure.gravatar.com\/avatar\/02cf8a7906b8cf90cecb4679defac7cfd33a1c2e3b88e4903d947f3bb58eedd3?s=96&d=mm&r=g","contentUrl":"https:\/\/secure.gravatar.com\/avatar\/02cf8a7906b8cf90cecb4679defac7cfd33a1c2e3b88e4903d947f3bb58eedd3?s=96&d=mm&r=g","caption":"hegyizs"},"url":"https:\/\/www.welovecycling.com\/hu\/author\/hegyizs\/"}]}},"_links":{"self":[{"href":"https:\/\/www.welovecycling.com\/hu\/wp-json\/wp\/v2\/posts\/8401","targetHints":{"allow":["GET"]}}],"collection":[{"href":"https:\/\/www.welovecycling.com\/hu\/wp-json\/wp\/v2\/posts"}],"about":[{"href":"https:\/\/www.welovecycling.com\/hu\/wp-json\/wp\/v2\/types\/post"}],"author":[{"embeddable":true,"href":"https:\/\/www.welovecycling.com\/hu\/wp-json\/wp\/v2\/users\/71"}],"replies":[{"embeddable":true,"href":"https:\/\/www.welovecycling.com\/hu\/wp-json\/wp\/v2\/comments?post=8401"}],"version-history":[{"count":2,"href":"https:\/\/www.welovecycling.com\/hu\/wp-json\/wp\/v2\/posts\/8401\/revisions"}],"predecessor-version":[{"id":8420,"href":"https:\/\/www.welovecycling.com\/hu\/wp-json\/wp\/v2\/posts\/8401\/revisions\/8420"}],"wp:featuredmedia":[{"embeddable":true,"href":"https:\/\/www.welovecycling.com\/hu\/wp-json\/wp\/v2\/media\/8404"}],"wp:attachment":[{"href":"https:\/\/www.welovecycling.com\/hu\/wp-json\/wp\/v2\/media?parent=8401"}],"wp:term":[{"taxonomy":"category","embeddable":true,"href":"https:\/\/www.welovecycling.com\/hu\/wp-json\/wp\/v2\/categories?post=8401"},{"taxonomy":"post_tag","embeddable":true,"href":"https:\/\/www.welovecycling.com\/hu\/wp-json\/wp\/v2\/tags?post=8401"},{"taxonomy":"global-categories","embeddable":true,"href":"https:\/\/www.welovecycling.com\/hu\/wp-json\/wp\/v2\/global-categories?post=8401"}],"curies":[{"name":"wp","href":"https:\/\/api.w.org\/{rel}","templated":true}]}}