{"id":8398,"date":"2020-09-01T08:00:29","date_gmt":"2020-09-01T07:00:29","guid":{"rendered":"https:\/\/www.welovecycling.com\/hu\/?p=8398"},"modified":"2020-08-28T14:04:47","modified_gmt":"2020-08-28T13:04:47","slug":"egy-hegyimento-utmutatoja-kerekparosoknak","status":"publish","type":"post","link":"https:\/\/www.welovecycling.com\/hu\/adrenalin\/egy-hegyimento-utmutatoja-kerekparosoknak\/","title":{"rendered":"Egy hegyiment\u0151 \u00fatmutat\u00f3ja ker\u00e9kp\u00e1rosoknak"},"content":{"rendered":"<p><strong>A hegyek csod\u00e1latosak, a szesz\u00e9lyes id\u0151j\u00e1r\u00e1s azonban \u00e9letvesz\u00e9lyess\u00e9 teheti \u0151ket, ha felk\u00e9sz\u00fcletlen\u00fcl csap le egy vihar a t\u00far\u00e1z\u00f3kra. Marek Frys, a cseh Spindleruv Mlyn hegyi ment\u0151csapat tagja seg\u00edt, hogyan kell megtervezni a hegyi bringat\u00far\u00e1kat, hogy ne \u00e9rjen minket baj.<\/strong><\/p>\n<p><!--more--><\/p>\n<p>1.\u00a0 A hegyekben \u00e9rv\u00e9nyes n\u00e9h\u00e1ny alapvet\u0151 ir\u00e1nyelv, ami megmutatja, hol lehet biztons\u00e1gosan s\u00edelni, biciklizni vagy t\u00far\u00e1zni. A napi \u00fatvonalakat \u00fagy kell megtervezni, hogy megfeleljen csapatunk legkev\u00e9sb\u00e9 fitt tagja edzetts\u00e9gi szintj\u00e9nek. Fontos, hogy maradjon el\u00e9g energi\u00e1tok arra, hogy visszajussatok a biztons\u00e1gos sz\u00e1ll\u00e1shelyetekre! A technikai probl\u00e9m\u00e1k megold\u00e1sa neh\u00e9zkes tud lenni bizonyos orsz\u00e1gokban, ez\u00e9rt jobb, ha v\u00e9geztek egy alapos ellen\u0151rz\u00e9st mindannyi\u00f3tok biciklij\u00e9n, miel\u0151tt elindultok! Ha valami nem m\u0171k\u00f6dik j\u00f3l a parkol\u00f3ban, az csak rosszabb lesz \u00e9lesben. Minden hib\u00e1t jav\u00edtsatok meg! Legal\u00e1bb egy embern\u00e9l pedig legyen k\u00e9zipumpa, extra gumibels\u0151k \u00e9s egy alap szersz\u00e1mk\u00e9szlet.<\/p>\n<p>2. Soha ne indulj el egyed\u00fcl! M\u00e9g p\u00e1rban sem el\u00e9g biztons\u00e1gos. Ha valaki megs\u00e9r\u00fcl, egy embernek vele kell maradnia, m\u00edg egy m\u00e1sik seg\u00edts\u00e9g\u00e9rt indul. Teh\u00e1t h\u00e1rom f\u0151 a minimum! Idegen orsz\u00e1gokban pedig nem tudhatjuk, m\u0171k\u00f6dnek-e a telefonvonalak, \u00edgy a seg\u00edts\u00e9gk\u00e9r\u00e9s tov\u00e1bb tarthat, mint itthon.<\/p>\n<figure id=\"attachment_7650\" aria-describedby=\"caption-attachment-7650\" style=\"width: 1500px\" class=\"wp-caption alignnone\"><img loading=\"lazy\" decoding=\"async\" class=\"wp-image-7650 size-full\" src=\"https:\/\/d2p6e6u75xmxt8.cloudfront.net\/12\/2020\/05\/M_S-Croat-108.jpg\" alt=\"Cycling in the Mountains\" width=\"1500\" height=\"1001\" srcset=\"https:\/\/d2p6e6u75xmxt8.cloudfront.net\/12\/2020\/05\/M_S-Croat-108.jpg 1500w, https:\/\/d2p6e6u75xmxt8.cloudfront.net\/12\/2020\/05\/M_S-Croat-108-300x200.jpg 300w, https:\/\/d2p6e6u75xmxt8.cloudfront.net\/12\/2020\/05\/M_S-Croat-108-768x513.jpg 768w, https:\/\/d2p6e6u75xmxt8.cloudfront.net\/12\/2020\/05\/M_S-Croat-108-1024x683.jpg 1024w, https:\/\/d2p6e6u75xmxt8.cloudfront.net\/12\/2020\/05\/M_S-Croat-108-272x182.jpg 272w\" sizes=\"auto, (max-width: 1500px) 100vw, 1500px\" \/><figcaption id=\"caption-attachment-7650\" class=\"wp-caption-text\">Soha ne indulj el egyed\u00fcl! Legal\u00e1bb h\u00e1rom f\u0151s legyen a csapat. (Ebben az esetben a harmadik tag k\u00e9sz\u00edtette a k\u00e9pet J)<\/figcaption><\/figure>\n<p>3. Azt mondj\u00e1k, a hegyekben 5 percenk\u00e9nt v\u00e1ltozik az id\u0151j\u00e1r\u00e1s, \u00e9s ez nem is \u00e1ll messze a val\u00f3s\u00e1gt\u00f3l. Az egyik percben t\u0171z a nap, egy pillanattal k\u00e9s\u0151bb m\u00e1r hideg sz\u00e9l f\u00faj \u00e9s a h\u0151m\u00e9rs\u00e9klet 10 fokot zuhan. Ellen\u0151rizd el\u0151re az id\u0151j\u00e1r\u00e1s-jelent\u00e9st! A heves es\u0151z\u00e9sek megnehez\u00edthetik, vagy ak\u00e1r lehetetlenn\u00e9 is tehetik a t\u00e1borba val\u00f3 visszat\u00e9r\u00e9st. Hi\u00e1ba van j\u00f3 id\u0151 indul\u00e1skor, mindig legyenek n\u00e1lad plusz ruhadarabok!<\/p>\n<p>4. Gy\u0151z\u00f6dj meg r\u00f3la, hogy elmentetted a helyi ment\u0151csoport telefonsz\u00e1m\u00e1t! Ha k\u00fclf\u00f6ld\u00f6n t\u00far\u00e1zol, a helyi seg\u00e9lyh\u00edv\u00f3 sz\u00e1m\u00e1t is \u00edrd be a telefonodba, az orsz\u00e1gk\u00f3ddal egy\u00fctt, hogy olyan oper\u00e1torral tudj kapcsolatba l\u00e9pni, aki besz\u00e9li a nyelvedet!<\/p>\n<p>5. L\u00e9tezik p\u00e1r hasznos mobilos alkalmaz\u00e1s, amelyek lehet\u0151v\u00e9 teszik, hogy gombnyom\u00e1sra kapcsolatba l\u00e9pj az illet\u00e9kesekkel. Mik\u00f6zben elind\u00edtja a seg\u00e9lyh\u00edv\u00e1st, tov\u00e1bb\u00edtja a lok\u00e1ci\u00f3t a ment\u0151csapatnak is. N\u00e9zd meg itthon melyik applik\u00e1ci\u00f3k el\u00e9rhet\u0151ek, \u00e9s t\u00f6lts le egyet!<\/p>\n<figure id=\"attachment_7646\" aria-describedby=\"caption-attachment-7646\" style=\"width: 1500px\" class=\"wp-caption alignnone\"><img loading=\"lazy\" decoding=\"async\" class=\"wp-image-7646 size-full\" src=\"https:\/\/d2p6e6u75xmxt8.cloudfront.net\/12\/2020\/05\/M_S-Croat-50.jpg\" alt=\"Cycling in the Mountains\" width=\"1500\" height=\"1000\" srcset=\"https:\/\/d2p6e6u75xmxt8.cloudfront.net\/12\/2020\/05\/M_S-Croat-50.jpg 1500w, https:\/\/d2p6e6u75xmxt8.cloudfront.net\/12\/2020\/05\/M_S-Croat-50-300x200.jpg 300w, https:\/\/d2p6e6u75xmxt8.cloudfront.net\/12\/2020\/05\/M_S-Croat-50-768x512.jpg 768w, https:\/\/d2p6e6u75xmxt8.cloudfront.net\/12\/2020\/05\/M_S-Croat-50-1024x683.jpg 1024w, https:\/\/d2p6e6u75xmxt8.cloudfront.net\/12\/2020\/05\/M_S-Croat-50-272x182.jpg 272w\" sizes=\"auto, (max-width: 1500px) 100vw, 1500px\" \/><figcaption id=\"caption-attachment-7646\" class=\"wp-caption-text\">Legyen n\u00e1lad els\u0151seg\u00e9lydoboz! Ez parancs!<\/figcaption><\/figure>\n<p>6. A mobilod legyen 100%-osan felt\u00f6ltve \u00e9s t\u00e1rold biztons\u00e1gos helyen, ahol akkor sem s\u00e9r\u00fcl meg, ha baleset \u00e9r! Egy power-bank is j\u00f3l j\u00f6het.<\/p>\n<p>7. Ha hegyekben bicikliztek, legal\u00e1bb egyik\u0151t\u00f6kn\u00e9l legyen els\u0151seg\u00e9lydoboz, amiben van k\u00f6tszer \u00e9s g\u00e9z! Aj\u00e1nlott felszerel\u00e9s m\u00e9g egy \u00e9rszor\u00edt\u00f3, az art\u00e9ri\u00e1s v\u00e9rz\u00e9s el\u00e1ll\u00edt\u00e1s\u00e1ra \u00e9s s\u00edn, csontt\u00f6r\u00e9s eset\u00e9n.<\/p>\n<p>8. K\u00e9rdezd meg a csoport tagjai, van-e valakinek sz\u00fcks\u00e9ge speci\u00e1lis orvosi kezel\u00e9sre v\u00e9szhelyzet eset\u00e9n, vagy szed-e valamilyen gy\u00f3gyszert. A cukorbetegs\u00e9gben vagy gy\u00f3gyszerallergi\u00e1ban szenved\u0151k mondj\u00e1k el r\u00e9szletesen, hov\u00e1 teszik a gy\u00f3gyszereiket \u00e9s hogyan kell \u0151ket haszn\u00e1lniuk, hogy tudjatok seg\u00edteni, ha baj van!<\/p>\n<figure id=\"attachment_5512\" aria-describedby=\"caption-attachment-5512\" style=\"width: 1366px\" class=\"wp-caption alignnone\"><img loading=\"lazy\" decoding=\"async\" class=\"size-full wp-image-5512\" src=\"https:\/\/d2p6e6u75xmxt8.cloudfront.net\/12\/2019\/10\/skoda-octavia-scout-cyclist.jpg\" alt=\"\" width=\"1366\" height=\"600\" srcset=\"https:\/\/d2p6e6u75xmxt8.cloudfront.net\/12\/2019\/10\/skoda-octavia-scout-cyclist.jpg 1366w, https:\/\/d2p6e6u75xmxt8.cloudfront.net\/12\/2019\/10\/skoda-octavia-scout-cyclist-300x132.jpg 300w, https:\/\/d2p6e6u75xmxt8.cloudfront.net\/12\/2019\/10\/skoda-octavia-scout-cyclist-768x337.jpg 768w, https:\/\/d2p6e6u75xmxt8.cloudfront.net\/12\/2019\/10\/skoda-octavia-scout-cyclist-1024x450.jpg 1024w\" sizes=\"auto, (max-width: 1366px) 100vw, 1366px\" \/><figcaption id=\"caption-attachment-5512\" class=\"wp-caption-text\">Legyen n\u00e1latok el\u00e9g \u00e9tel \u00e9s ital!<\/figcaption><\/figure>\n<p>9. Vigyetek el\u00e9g \u00e9lelmet \u00e9s vizet! Ez k\u00fcl\u00f6n\u00f6sen igaz a cukorbetegekre, akik k\u00f6nnyen ker\u00fclhetnek hipoglik\u00e9mi\u00e1s \u00e1llapotba, mely sor\u00e1n elvesz\u00edthetik eszm\u00e9let\u00fcket, ami nagyon vesz\u00e9lyes egy hegyi biciklit\u00fara k\u00f6zben.<\/p>\n<p>10. Vegyetek r\u00e9szt egy els\u0151seg\u00e9ly-tanfolyamon, ami a gyakorlati k\u00e9pz\u00e9sre \u00f6sszpontos\u00edt: ide\u00e9rtve az \u00farja\u00e9leszt\u00e9st is. Aki a hegyekbe indul t\u00far\u00e1zni, annak tudnia kell, hogyan seg\u00edthet t\u00e1rsain, ha bajba jutottak! Hamarosan j\u00f6v\u00fcnk egy \u00f6sszefoglal\u00f3val a legfontosabbakr\u00f3l!<\/p>\n","protected":false},"excerpt":{"rendered":"<p>A hegyek csod\u00e1latosak, a szesz\u00e9lyes id\u0151j\u00e1r\u00e1s azonban \u00e9letvesz\u00e9lyess\u00e9 teheti \u0151ket, ha felk\u00e9sz\u00fcletlen\u00fcl csap le egy vihar a t\u00far\u00e1z\u00f3kra. Marek Frys, [&hellip;]<\/p>\n","protected":false},"author":71,"featured_media":8400,"comment_status":"open","ping_status":"open","sticky":false,"template":"","format":"standard","meta":{"footnotes":""},"categories":[5],"tags":[],"global-categories":[],"class_list":["post-8398","post","type-post","status-publish","format-standard","has-post-thumbnail","hentry","category-adrenalin"],"yoast_head":"<!-- This site is optimized with the Yoast SEO Premium plugin v25.3 (Yoast SEO v25.9) - https:\/\/yoast.com\/wordpress\/plugins\/seo\/ -->\n<title>Egy hegyiment\u0151 \u00fatmutat\u00f3ja ker\u00e9kp\u00e1rosoknak<\/title>\n<meta name=\"description\" content=\"A hegyek csod\u00e1latosak, a szesz\u00e9lyes id\u0151j\u00e1r\u00e1s azonban \u00e9letvesz\u00e9lyess\u00e9 teheti \u0151ket, ha felk\u00e9sz\u00fcletlen\u00fcl csap le egy vihar a t\u00far\u00e1z\u00f3kra.\" \/>\n<meta name=\"robots\" content=\"index, follow, max-snippet:-1, max-image-preview:large, max-video-preview:-1\" \/>\n<link rel=\"canonical\" href=\"https:\/\/www.welovecycling.com\/hu\/adrenalin\/egy-hegyimento-utmutatoja-kerekparosoknak\/\" \/>\n<meta property=\"og:locale\" content=\"hu_HU\" \/>\n<meta property=\"og:type\" content=\"article\" \/>\n<meta property=\"og:title\" content=\"Egy hegyiment\u0151 \u00fatmutat\u00f3ja ker\u00e9kp\u00e1rosoknak\" \/>\n<meta property=\"og:description\" content=\"A hegyek csod\u00e1latosak, a szesz\u00e9lyes id\u0151j\u00e1r\u00e1s azonban \u00e9letvesz\u00e9lyess\u00e9 teheti \u0151ket, ha felk\u00e9sz\u00fcletlen\u00fcl csap le egy vihar a t\u00far\u00e1z\u00f3kra.\" \/>\n<meta property=\"og:url\" content=\"https:\/\/www.welovecycling.com\/hu\/adrenalin\/egy-hegyimento-utmutatoja-kerekparosoknak\/\" \/>\n<meta property=\"og:site_name\" content=\"\u0160koda We Love Cycling - Magyarorsz\u00e1g\" \/>\n<meta property=\"article:publisher\" content=\"https:\/\/www.facebook.com\/WeLoveCyclingHungary\/\" \/>\n<meta property=\"article:published_time\" content=\"2020-09-01T07:00:29+00:00\" \/>\n<meta property=\"og:image\" content=\"https:\/\/d2p6e6u75xmxt8.cloudfront.net\/12\/2020\/08\/catching-breath-Cycling-in-the-Mountains-CVR-1.jpg\" \/>\n\t<meta property=\"og:image:width\" content=\"1366\" \/>\n\t<meta property=\"og:image:height\" content=\"600\" \/>\n\t<meta property=\"og:image:type\" content=\"image\/jpeg\" \/>\n<meta name=\"author\" content=\"hegyizs\" \/>\n<meta name=\"twitter:card\" content=\"summary_large_image\" \/>\n<meta name=\"twitter:title\" content=\"Egy hegyiment\u0151 \u00fatmutat\u00f3ja ker\u00e9kp\u00e1rosoknak\" \/>\n<meta name=\"twitter:label1\" content=\"Written by\" \/>\n\t<meta name=\"twitter:data1\" content=\"Adam Marsal\" \/>\n\t<meta name=\"twitter:label2\" content=\"Est. reading time\" \/>\n\t<meta name=\"twitter:data2\" content=\"7\" \/>\n<script type=\"application\/ld+json\" class=\"yoast-schema-graph\">{\"@context\":\"https:\/\/schema.org\",\"@graph\":[{\"@type\":\"WebPage\",\"@id\":\"https:\/\/www.welovecycling.com\/hu\/adrenalin\/egy-hegyimento-utmutatoja-kerekparosoknak\/\",\"url\":\"https:\/\/www.welovecycling.com\/hu\/adrenalin\/egy-hegyimento-utmutatoja-kerekparosoknak\/\",\"name\":\"Egy hegyiment\u0151 \u00fatmutat\u00f3ja ker\u00e9kp\u00e1rosoknak\",\"isPartOf\":{\"@id\":\"https:\/\/www.welovecycling.com\/hu\/#website\"},\"primaryImageOfPage\":{\"@id\":\"https:\/\/www.welovecycling.com\/hu\/adrenalin\/egy-hegyimento-utmutatoja-kerekparosoknak\/#primaryimage\"},\"image\":{\"@id\":\"https:\/\/www.welovecycling.com\/hu\/adrenalin\/egy-hegyimento-utmutatoja-kerekparosoknak\/#primaryimage\"},\"thumbnailUrl\":\"https:\/\/d2p6e6u75xmxt8.cloudfront.net\/12\/2020\/08\/catching-breath-Cycling-in-the-Mountains-CVR-1.jpg\",\"datePublished\":\"2020-09-01T07:00:29+00:00\",\"author\":{\"@id\":\"https:\/\/www.welovecycling.com\/hu\/#\/schema\/person\/414a2aebf1801691a5320edb6468e194\"},\"description\":\"A hegyek csod\u00e1latosak, a szesz\u00e9lyes id\u0151j\u00e1r\u00e1s azonban \u00e9letvesz\u00e9lyess\u00e9 teheti \u0151ket, ha felk\u00e9sz\u00fcletlen\u00fcl csap le egy vihar a t\u00far\u00e1z\u00f3kra.\",\"breadcrumb\":{\"@id\":\"https:\/\/www.welovecycling.com\/hu\/adrenalin\/egy-hegyimento-utmutatoja-kerekparosoknak\/#breadcrumb\"},\"inLanguage\":\"hu\",\"potentialAction\":[{\"@type\":\"ReadAction\",\"target\":[\"https:\/\/www.welovecycling.com\/hu\/adrenalin\/egy-hegyimento-utmutatoja-kerekparosoknak\/\"]}]},{\"@type\":\"ImageObject\",\"inLanguage\":\"hu\",\"@id\":\"https:\/\/www.welovecycling.com\/hu\/adrenalin\/egy-hegyimento-utmutatoja-kerekparosoknak\/#primaryimage\",\"url\":\"https:\/\/d2p6e6u75xmxt8.cloudfront.net\/12\/2020\/08\/catching-breath-Cycling-in-the-Mountains-CVR-1.jpg\",\"contentUrl\":\"https:\/\/d2p6e6u75xmxt8.cloudfront.net\/12\/2020\/08\/catching-breath-Cycling-in-the-Mountains-CVR-1.jpg\",\"width\":1366,\"height\":600,\"caption\":\"Cycling in the mountains\"},{\"@type\":\"BreadcrumbList\",\"@id\":\"https:\/\/www.welovecycling.com\/hu\/adrenalin\/egy-hegyimento-utmutatoja-kerekparosoknak\/#breadcrumb\",\"itemListElement\":[{\"@type\":\"ListItem\",\"position\":1,\"name\":\"Home\",\"item\":\"https:\/\/www.welovecycling.com\/hu\/\"},{\"@type\":\"ListItem\",\"position\":2,\"name\":\"Egy hegyiment\u0151 \u00fatmutat\u00f3ja ker\u00e9kp\u00e1rosoknak\"}]},{\"@type\":\"WebSite\",\"@id\":\"https:\/\/www.welovecycling.com\/hu\/#website\",\"url\":\"https:\/\/www.welovecycling.com\/hu\/\",\"name\":\"\u0160koda We Love Cycling - Magyarorsz\u00e1g\",\"description\":\"\u0160koda WeLoveCycling\",\"potentialAction\":[{\"@type\":\"SearchAction\",\"target\":{\"@type\":\"EntryPoint\",\"urlTemplate\":\"https:\/\/www.welovecycling.com\/hu\/?s={search_term_string}\"},\"query-input\":{\"@type\":\"PropertyValueSpecification\",\"valueRequired\":true,\"valueName\":\"search_term_string\"}}],\"inLanguage\":\"hu\"},{\"@type\":\"Person\",\"@id\":\"https:\/\/www.welovecycling.com\/hu\/#\/schema\/person\/414a2aebf1801691a5320edb6468e194\",\"name\":\"hegyizs\",\"image\":{\"@type\":\"ImageObject\",\"inLanguage\":\"hu\",\"@id\":\"https:\/\/www.welovecycling.com\/hu\/#\/schema\/person\/image\/\",\"url\":\"https:\/\/secure.gravatar.com\/avatar\/02cf8a7906b8cf90cecb4679defac7cfd33a1c2e3b88e4903d947f3bb58eedd3?s=96&d=mm&r=g\",\"contentUrl\":\"https:\/\/secure.gravatar.com\/avatar\/02cf8a7906b8cf90cecb4679defac7cfd33a1c2e3b88e4903d947f3bb58eedd3?s=96&d=mm&r=g\",\"caption\":\"hegyizs\"},\"url\":\"https:\/\/www.welovecycling.com\/hu\/author\/hegyizs\/\"}]}<\/script>\n<!-- \/ Yoast SEO Premium plugin. -->","yoast_head_json":{"title":"Egy hegyiment\u0151 \u00fatmutat\u00f3ja ker\u00e9kp\u00e1rosoknak","description":"A hegyek csod\u00e1latosak, a szesz\u00e9lyes id\u0151j\u00e1r\u00e1s azonban \u00e9letvesz\u00e9lyess\u00e9 teheti \u0151ket, ha felk\u00e9sz\u00fcletlen\u00fcl csap le egy vihar a t\u00far\u00e1z\u00f3kra.","robots":{"index":"index","follow":"follow","max-snippet":"max-snippet:-1","max-image-preview":"max-image-preview:large","max-video-preview":"max-video-preview:-1"},"canonical":"https:\/\/www.welovecycling.com\/hu\/adrenalin\/egy-hegyimento-utmutatoja-kerekparosoknak\/","og_locale":"hu_HU","og_type":"article","og_title":"Egy hegyiment\u0151 \u00fatmutat\u00f3ja ker\u00e9kp\u00e1rosoknak","og_description":"A hegyek csod\u00e1latosak, a szesz\u00e9lyes id\u0151j\u00e1r\u00e1s azonban \u00e9letvesz\u00e9lyess\u00e9 teheti \u0151ket, ha felk\u00e9sz\u00fcletlen\u00fcl csap le egy vihar a t\u00far\u00e1z\u00f3kra.","og_url":"https:\/\/www.welovecycling.com\/hu\/adrenalin\/egy-hegyimento-utmutatoja-kerekparosoknak\/","og_site_name":"\u0160koda We Love Cycling - Magyarorsz\u00e1g","article_publisher":"https:\/\/www.facebook.com\/WeLoveCyclingHungary\/","article_published_time":"2020-09-01T07:00:29+00:00","og_image":[{"width":1366,"height":600,"url":"https:\/\/d2p6e6u75xmxt8.cloudfront.net\/12\/2020\/08\/catching-breath-Cycling-in-the-Mountains-CVR-1.jpg","type":"image\/jpeg"}],"author":"hegyizs","twitter_card":"summary_large_image","twitter_title":"Egy hegyiment\u0151 \u00fatmutat\u00f3ja ker\u00e9kp\u00e1rosoknak","twitter_misc":{"Written by":"Adam Marsal","Est. reading time":"7"},"schema":{"@context":"https:\/\/schema.org","@graph":[{"@type":"WebPage","@id":"https:\/\/www.welovecycling.com\/hu\/adrenalin\/egy-hegyimento-utmutatoja-kerekparosoknak\/","url":"https:\/\/www.welovecycling.com\/hu\/adrenalin\/egy-hegyimento-utmutatoja-kerekparosoknak\/","name":"Egy hegyiment\u0151 \u00fatmutat\u00f3ja ker\u00e9kp\u00e1rosoknak","isPartOf":{"@id":"https:\/\/www.welovecycling.com\/hu\/#website"},"primaryImageOfPage":{"@id":"https:\/\/www.welovecycling.com\/hu\/adrenalin\/egy-hegyimento-utmutatoja-kerekparosoknak\/#primaryimage"},"image":{"@id":"https:\/\/www.welovecycling.com\/hu\/adrenalin\/egy-hegyimento-utmutatoja-kerekparosoknak\/#primaryimage"},"thumbnailUrl":"https:\/\/d2p6e6u75xmxt8.cloudfront.net\/12\/2020\/08\/catching-breath-Cycling-in-the-Mountains-CVR-1.jpg","datePublished":"2020-09-01T07:00:29+00:00","author":{"@id":"https:\/\/www.welovecycling.com\/hu\/#\/schema\/person\/414a2aebf1801691a5320edb6468e194"},"description":"A hegyek csod\u00e1latosak, a szesz\u00e9lyes id\u0151j\u00e1r\u00e1s azonban \u00e9letvesz\u00e9lyess\u00e9 teheti \u0151ket, ha felk\u00e9sz\u00fcletlen\u00fcl csap le egy vihar a t\u00far\u00e1z\u00f3kra.","breadcrumb":{"@id":"https:\/\/www.welovecycling.com\/hu\/adrenalin\/egy-hegyimento-utmutatoja-kerekparosoknak\/#breadcrumb"},"inLanguage":"hu","potentialAction":[{"@type":"ReadAction","target":["https:\/\/www.welovecycling.com\/hu\/adrenalin\/egy-hegyimento-utmutatoja-kerekparosoknak\/"]}]},{"@type":"ImageObject","inLanguage":"hu","@id":"https:\/\/www.welovecycling.com\/hu\/adrenalin\/egy-hegyimento-utmutatoja-kerekparosoknak\/#primaryimage","url":"https:\/\/d2p6e6u75xmxt8.cloudfront.net\/12\/2020\/08\/catching-breath-Cycling-in-the-Mountains-CVR-1.jpg","contentUrl":"https:\/\/d2p6e6u75xmxt8.cloudfront.net\/12\/2020\/08\/catching-breath-Cycling-in-the-Mountains-CVR-1.jpg","width":1366,"height":600,"caption":"Cycling in the mountains"},{"@type":"BreadcrumbList","@id":"https:\/\/www.welovecycling.com\/hu\/adrenalin\/egy-hegyimento-utmutatoja-kerekparosoknak\/#breadcrumb","itemListElement":[{"@type":"ListItem","position":1,"name":"Home","item":"https:\/\/www.welovecycling.com\/hu\/"},{"@type":"ListItem","position":2,"name":"Egy hegyiment\u0151 \u00fatmutat\u00f3ja ker\u00e9kp\u00e1rosoknak"}]},{"@type":"WebSite","@id":"https:\/\/www.welovecycling.com\/hu\/#website","url":"https:\/\/www.welovecycling.com\/hu\/","name":"\u0160koda We Love Cycling - Magyarorsz\u00e1g","description":"\u0160koda WeLoveCycling","potentialAction":[{"@type":"SearchAction","target":{"@type":"EntryPoint","urlTemplate":"https:\/\/www.welovecycling.com\/hu\/?s={search_term_string}"},"query-input":{"@type":"PropertyValueSpecification","valueRequired":true,"valueName":"search_term_string"}}],"inLanguage":"hu"},{"@type":"Person","@id":"https:\/\/www.welovecycling.com\/hu\/#\/schema\/person\/414a2aebf1801691a5320edb6468e194","name":"hegyizs","image":{"@type":"ImageObject","inLanguage":"hu","@id":"https:\/\/www.welovecycling.com\/hu\/#\/schema\/person\/image\/","url":"https:\/\/secure.gravatar.com\/avatar\/02cf8a7906b8cf90cecb4679defac7cfd33a1c2e3b88e4903d947f3bb58eedd3?s=96&d=mm&r=g","contentUrl":"https:\/\/secure.gravatar.com\/avatar\/02cf8a7906b8cf90cecb4679defac7cfd33a1c2e3b88e4903d947f3bb58eedd3?s=96&d=mm&r=g","caption":"hegyizs"},"url":"https:\/\/www.welovecycling.com\/hu\/author\/hegyizs\/"}]}},"_links":{"self":[{"href":"https:\/\/www.welovecycling.com\/hu\/wp-json\/wp\/v2\/posts\/8398","targetHints":{"allow":["GET"]}}],"collection":[{"href":"https:\/\/www.welovecycling.com\/hu\/wp-json\/wp\/v2\/posts"}],"about":[{"href":"https:\/\/www.welovecycling.com\/hu\/wp-json\/wp\/v2\/types\/post"}],"author":[{"embeddable":true,"href":"https:\/\/www.welovecycling.com\/hu\/wp-json\/wp\/v2\/users\/71"}],"replies":[{"embeddable":true,"href":"https:\/\/www.welovecycling.com\/hu\/wp-json\/wp\/v2\/comments?post=8398"}],"version-history":[{"count":2,"href":"https:\/\/www.welovecycling.com\/hu\/wp-json\/wp\/v2\/posts\/8398\/revisions"}],"predecessor-version":[{"id":8419,"href":"https:\/\/www.welovecycling.com\/hu\/wp-json\/wp\/v2\/posts\/8398\/revisions\/8419"}],"wp:featuredmedia":[{"embeddable":true,"href":"https:\/\/www.welovecycling.com\/hu\/wp-json\/wp\/v2\/media\/8400"}],"wp:attachment":[{"href":"https:\/\/www.welovecycling.com\/hu\/wp-json\/wp\/v2\/media?parent=8398"}],"wp:term":[{"taxonomy":"category","embeddable":true,"href":"https:\/\/www.welovecycling.com\/hu\/wp-json\/wp\/v2\/categories?post=8398"},{"taxonomy":"post_tag","embeddable":true,"href":"https:\/\/www.welovecycling.com\/hu\/wp-json\/wp\/v2\/tags?post=8398"},{"taxonomy":"global-categories","embeddable":true,"href":"https:\/\/www.welovecycling.com\/hu\/wp-json\/wp\/v2\/global-categories?post=8398"}],"curies":[{"name":"wp","href":"https:\/\/api.w.org\/{rel}","templated":true}]}}