{"id":8394,"date":"2020-08-31T08:00:02","date_gmt":"2020-08-31T07:00:02","guid":{"rendered":"https:\/\/www.welovecycling.com\/hu\/?p=8394"},"modified":"2020-08-28T14:04:03","modified_gmt":"2020-08-28T13:04:03","slug":"a-biciklisek-5-ellensege","status":"publish","type":"post","link":"https:\/\/www.welovecycling.com\/hu\/orszaguti-kerekpar\/a-biciklisek-5-ellensege\/","title":{"rendered":"A biciklisek 5 ellens\u00e9ge"},"content":{"rendered":"<p><strong>Mindannyian szembes\u00fcl\u00fcnk probl\u00e9m\u00e1kkal bicikli\u00fatjaink sor\u00e1n, amelyek val\u00f3s\u00e1gos k\u00fczdelemm\u00e9 v\u00e1ltoztathatj\u00e1k napi teker\u00e9s\u00fcnket. \u00cdme az \u00f6t legnagyobb ellens\u00e9g\u00fcnk, \u00e9s n\u00e9h\u00e1ny tan\u00e1cs, hogyan n\u00e9zz\u00fcnk vel\u00fck szembe!<\/strong><\/p>\n<p><!--more--><\/p>\n<h2><strong>1. Szembesz\u00e9l<br \/>\n<\/strong><\/h2>\n<p>Van, hogy annyira lelass\u00edt, hogy ink\u00e1bb m\u00e1r csak m\u00e1szunk el\u0151re, mintsem suhann\u00e1nk. Ahelyett, hogy \u00e9lvezn\u00e9d a mozg\u00e1st, val\u00f3s\u00e1gos k\u00ednz\u00e1ss\u00e1 v\u00e1lik az edz\u00e9s. M\u00e9gis mit tehetn\u00e9nk ellene? Ha egy bar\u00e1toddal tekersz, k\u00f6nnyebb lesz a dolgotok, mert cser\u00e9lgethetitek, hogy ki megy el\u00f6l, \u00edgy a m\u00e1sik sz\u00e9l\u00e1rny\u00e9kban pihenhet. Ha senki nem kaphat\u00f3 r\u00e1, hogy megk\u00fczdj\u00f6n az id\u0151j\u00e1r\u00e1s viszontags\u00e1gaival, h\u00fazd \u00f6ssze magad a lehet\u0151 legkisebbre! Hajolj a korm\u00e1nyra, amennyire csak tudsz, \u00e9s hajtsd az \u00e1llad a mellkasodra! A legfontosabb, hogy ment\u00e1lisan k\u00e9szek legy\u00fcnk a kih\u00edv\u00e1sra, \u00e9s elfogadjuk, hogy nem fogunk gyorsan haladni. Lassan menni pedig kev\u00e9sb\u00e9 sz\u00f3rakoztat\u00f3, mint sz\u00e1rnyalni, r\u00e1ad\u00e1sul intenz\u00edvebb lesz \u00edgy az edz\u00e9s, ett\u0151l pedig m\u00e9g ink\u00e1bb \u00f6r\u00fclsz majd, ha v\u00e9gre v\u00e9ge. Ne felejtsd el, hogy a szembesz\u00e9l azonnal j\u00f3sz\u00e1nd\u00e9k\u00fa seg\u00edt\u0151v\u00e9 v\u00e1lik, amint hazaindulsz!<\/p>\n<figure id=\"attachment_8395\" aria-describedby=\"caption-attachment-8395\" style=\"width: 1300px\" class=\"wp-caption alignnone\"><img loading=\"lazy\" decoding=\"async\" class=\"wp-image-8395 size-full\" src=\"https:\/\/d2p6e6u75xmxt8.cloudfront.net\/12\/2020\/08\/WLC_CatchingBreath_2017_Race_13.jpg\" alt=\"\" width=\"1300\" height=\"867\" srcset=\"https:\/\/d2p6e6u75xmxt8.cloudfront.net\/12\/2020\/08\/WLC_CatchingBreath_2017_Race_13.jpg 1300w, https:\/\/d2p6e6u75xmxt8.cloudfront.net\/12\/2020\/08\/WLC_CatchingBreath_2017_Race_13-300x200.jpg 300w, https:\/\/d2p6e6u75xmxt8.cloudfront.net\/12\/2020\/08\/WLC_CatchingBreath_2017_Race_13-1024x683.jpg 1024w, https:\/\/d2p6e6u75xmxt8.cloudfront.net\/12\/2020\/08\/WLC_CatchingBreath_2017_Race_13-768x512.jpg 768w, https:\/\/d2p6e6u75xmxt8.cloudfront.net\/12\/2020\/08\/WLC_CatchingBreath_2017_Race_13-272x182.jpg 272w\" sizes=\"auto, (max-width: 1300px) 100vw, 1300px\" \/><figcaption id=\"caption-attachment-8395\" class=\"wp-caption-text\">Szembesz\u00e9lben tekerni kimer\u00edt\u0151, de legal\u00e1bb a hazautad k\u00f6nnyed lesz!<\/figcaption><\/figure>\n<h2><strong>2. T\u00f6rmel\u00e9k az \u00faton<\/strong><\/h2>\n<p>Nem lehet mindig elker\u00fclni, hogy defektet kapjunk, de a teljes leereszt\u00e9st igen, ha t\u00f6ml\u0151 n\u00e9lk\u00fcli gumiabroncsokat haszn\u00e1lunk. Igaz, hogy kicsit bonyolultabb\u00e1 teszi a dolgunkat, de seg\u00edt megel\u0151zni, hogy lapos ker\u00e9kkel maradjunk hoppon a semmi k\u00f6zep\u00e9n. A kisebb szakad\u00e1sokat kib\u00edrj\u00e1k, s\u0151t, m\u00e9g k\u00e9nyelmesebb\u00e9 is teszik az utat. Ha pedig t\u00fal nagy lyuk keletkezik, \u00e9s m\u00e9gis leereszt, egy t\u00f6ml\u0151vel k\u00f6nnyen orvosolhatod a probl\u00e9m\u00e1t.<\/p>\n<h2><strong>3. Kuty\u00e1k<\/strong><\/h2>\n<p>A legt\u00f6bb kutya bar\u00e1ts\u00e1gos, de van, hogy bajba ker\u00fclhetsz miattuk. Vannak azok a t\u00edpus\u00fa kuty\u00e1k, akik nem \u00e9rz\u00e9kelik vesz\u00e9lyk\u00e9nt a bicikliket, ez\u00e9rt nem t\u00e9rnek ki az \u00fatjukb\u00f3l, \u00edgy nek\u00fcnk kell \u0151ket ker\u00fclgetni. \u00c1ltal\u00e1nos szab\u00e1ly, hogy jobb, ha lelass\u00edtunk idegen kuty\u00e1k k\u00f6zel\u00e9ben, hogy biztons\u00e1gosan ki tudjuk \u0151ket ker\u00fclni. A kuty\u00e1k okosak, ez igaz, de kev\u00e9sb\u00e9 vannak tiszt\u00e1ban a KRESZ-szel, k\u00f6nnyen el\u0151fordulhat, hogy keresztezik az utad. Legy\u00e9l vel\u00fck t\u00fcrelmes! \u00c9s, hogy mi a helyzet a m\u00e9rges n\u00e9gyl\u00e1b\u00faakkal? \u00c1ltal\u00e1ban, ha gyorsan tekersz, nem fognak ut\u00e1nad menni, ha pedig megt\u00e1mad egy agressz\u00edv kutya, haszn\u00e1ld a biciklid v\u00e9d\u0151pajzsk\u00e9nt!<\/p>\n<figure id=\"attachment_8396\" aria-describedby=\"caption-attachment-8396\" style=\"width: 1008px\" class=\"wp-caption alignnone\"><img loading=\"lazy\" decoding=\"async\" class=\"size-full wp-image-8396\" src=\"https:\/\/d2p6e6u75xmxt8.cloudfront.net\/12\/2020\/08\/Cycling-Dog-2.jpg\" alt=\"Cycling Dog\" width=\"1008\" height=\"756\" srcset=\"https:\/\/d2p6e6u75xmxt8.cloudfront.net\/12\/2020\/08\/Cycling-Dog-2.jpg 1008w, https:\/\/d2p6e6u75xmxt8.cloudfront.net\/12\/2020\/08\/Cycling-Dog-2-300x225.jpg 300w, https:\/\/d2p6e6u75xmxt8.cloudfront.net\/12\/2020\/08\/Cycling-Dog-2-768x576.jpg 768w\" sizes=\"auto, (max-width: 1008px) 100vw, 1008px\" \/><figcaption id=\"caption-attachment-8396\" class=\"wp-caption-text\">Nem minden kutya szereti a bicikliket.<\/figcaption><\/figure>\n<h2><strong>4. Macskak\u0151<br \/>\n<\/strong><\/h2>\n<p>Egy hossz\u00fa, macskak\u00f6ves \u00faton v\u00e9gigtekerni azt az \u00e9rz\u00e9st keltheti benned, hogy hamarosan kihullanak a fogaid a r\u00e1zk\u00f3d\u00e1st\u00f3l. Ezzel a probl\u00e9m\u00e1val neh\u00e9z mit kezdeni, a macskak\u0151 r\u00e1z, \u00e9s ez \u00edgy van rendj\u00e9n. Azonban, ha figyelsz a tart\u00e1sodra, enyh\u00edtheted a kellemetlen z\u00f6tyk\u00f6l\u0151d\u00e9st. Ne markold t\u00fal szorosan a korm\u00e1nyt, hamarosan el fognak zsibbadni az ujjaid! \u00c1ltal\u00e1ban az \u00fat k\u00f6zepe a legkev\u00e9sb\u00e9 egyenetlen, a ker\u00e9knyomokban tekerni nem a legjobb d\u00f6nt\u00e9s. A profik, akik a Paris-Roubaix versenyen is r\u00e9szt vettek m\u00e1r, azt is hozz\u00e1tenn\u00e9k, hogy a nagy sebess\u00e9g \u00e9s a magasabb fokozat seg\u00edt \u00e1tlend\u00fclni a neh\u00e9z terepen.<\/p>\n<h2><strong>5. Es\u0151 \u00e9s nedves utak<br \/>\n<\/strong><\/h2>\n<p>Nem felt\u00e9telezz\u00fck, hogy az els\u0151 es\u0151cseppekn\u00e9l meg\u00e1llsz, lecser\u00e9led a gumiabroncsot, \u00e9s felhelyezed a s\u00e1rv\u00e9d\u0151ket, \u00fagyhogy olyan tippeket hoztunk, amik t\u00e9nyleg megval\u00f3s\u00edthat\u00f3k, azonnal. Ha alacsonyabb nyom\u00e1s\u00fa gumikkal tekersz, kisebb az es\u00e9ly r\u00e1, hogy megcs\u00faszol a nedves \u00faton, hiszen javul a tapad\u00e1s, a ker\u00e9k nagyobb fel\u00fcleten \u00e9rintkezik a talajjal. A f\u00e9ket pedig csak okosan haszn\u00e1ld! Ha beh\u00fazod az els\u0151 f\u00e9ket, az els\u0151 ker\u00e9k elvesz\u00edti a tapad\u00e1s\u00e1t, \u00e9s kaszkad\u0151r legyen a talp\u00e1n, aki ilyenkor nyeregben marad! Ha s\u00edneken kell \u00e1ttekerned, soha ne f\u00e9kezz!<\/p>\n","protected":false},"excerpt":{"rendered":"<p>Mindannyian szembes\u00fcl\u00fcnk probl\u00e9m\u00e1kkal bicikli\u00fatjaink sor\u00e1n, amelyek val\u00f3s\u00e1gos k\u00fczdelemm\u00e9 v\u00e1ltoztathatj\u00e1k napi teker\u00e9s\u00fcnket. \u00cdme az \u00f6t legnagyobb ellens\u00e9g\u00fcnk, \u00e9s n\u00e9h\u00e1ny tan\u00e1cs, hogyan [&hellip;]<\/p>\n","protected":false},"author":71,"featured_media":6833,"comment_status":"open","ping_status":"open","sticky":false,"template":"","format":"standard","meta":{"footnotes":""},"categories":[8],"tags":[],"global-categories":[],"class_list":["post-8394","post","type-post","status-publish","format-standard","has-post-thumbnail","hentry","category-orszaguti-kerekpar"],"yoast_head":"<!-- This site is optimized with the Yoast SEO Premium plugin v25.3 (Yoast SEO v25.9) - https:\/\/yoast.com\/wordpress\/plugins\/seo\/ -->\n<title>A biciklisek 5 ellens\u00e9ge - \u0160koda We Love Cycling - Magyarorsz\u00e1g<\/title>\n<meta name=\"description\" content=\"Mindannyian szembes\u00fcl\u00fcnk probl\u00e9m\u00e1kkal bicikli\u00fatjaink sor\u00e1n, amelyek val\u00f3s\u00e1gos k\u00fczdelemm\u00e9 v\u00e1ltoztathatj\u00e1k napi teker\u00e9s\u00fcnket.\" \/>\n<meta name=\"robots\" content=\"index, follow, max-snippet:-1, max-image-preview:large, max-video-preview:-1\" \/>\n<link rel=\"canonical\" href=\"https:\/\/www.welovecycling.com\/hu\/orszaguti-kerekpar\/a-biciklisek-5-ellensege\/\" \/>\n<meta property=\"og:locale\" content=\"hu_HU\" \/>\n<meta property=\"og:type\" content=\"article\" \/>\n<meta property=\"og:title\" content=\"A biciklisek 5 ellens\u00e9ge\" \/>\n<meta property=\"og:description\" content=\"Mindannyian szembes\u00fcl\u00fcnk probl\u00e9m\u00e1kkal bicikli\u00fatjaink sor\u00e1n, amelyek val\u00f3s\u00e1gos k\u00fczdelemm\u00e9 v\u00e1ltoztathatj\u00e1k napi teker\u00e9s\u00fcnket.\" \/>\n<meta property=\"og:url\" content=\"https:\/\/www.welovecycling.com\/hu\/orszaguti-kerekpar\/a-biciklisek-5-ellensege\/\" \/>\n<meta property=\"og:site_name\" content=\"\u0160koda We Love Cycling - Magyarorsz\u00e1g\" \/>\n<meta property=\"article:publisher\" content=\"https:\/\/www.facebook.com\/WeLoveCyclingHungary\/\" \/>\n<meta property=\"article:published_time\" content=\"2020-08-31T07:00:02+00:00\" \/>\n<meta property=\"og:image\" content=\"https:\/\/d2p6e6u75xmxt8.cloudfront.net\/12\/2020\/02\/Headwind-Cycling-CVR-profimedia-0497339230.jpg\" \/>\n\t<meta property=\"og:image:width\" content=\"1366\" \/>\n\t<meta property=\"og:image:height\" content=\"600\" \/>\n\t<meta property=\"og:image:type\" content=\"image\/jpeg\" \/>\n<meta name=\"author\" content=\"hegyizs\" \/>\n<meta name=\"twitter:card\" content=\"summary_large_image\" \/>\n<meta name=\"twitter:label1\" content=\"Written by\" \/>\n\t<meta name=\"twitter:data1\" content=\"Adam Marsal\" \/>\n\t<meta name=\"twitter:label2\" content=\"Est. reading time\" \/>\n\t<meta name=\"twitter:data2\" content=\"7\" \/>\n<script type=\"application\/ld+json\" class=\"yoast-schema-graph\">{\"@context\":\"https:\/\/schema.org\",\"@graph\":[{\"@type\":\"WebPage\",\"@id\":\"https:\/\/www.welovecycling.com\/hu\/orszaguti-kerekpar\/a-biciklisek-5-ellensege\/\",\"url\":\"https:\/\/www.welovecycling.com\/hu\/orszaguti-kerekpar\/a-biciklisek-5-ellensege\/\",\"name\":\"A biciklisek 5 ellens\u00e9ge - \u0160koda We Love Cycling - Magyarorsz\u00e1g\",\"isPartOf\":{\"@id\":\"https:\/\/www.welovecycling.com\/hu\/#website\"},\"primaryImageOfPage\":{\"@id\":\"https:\/\/www.welovecycling.com\/hu\/orszaguti-kerekpar\/a-biciklisek-5-ellensege\/#primaryimage\"},\"image\":{\"@id\":\"https:\/\/www.welovecycling.com\/hu\/orszaguti-kerekpar\/a-biciklisek-5-ellensege\/#primaryimage\"},\"thumbnailUrl\":\"https:\/\/d2p6e6u75xmxt8.cloudfront.net\/12\/2020\/02\/Headwind-Cycling-CVR-profimedia-0497339230.jpg\",\"datePublished\":\"2020-08-31T07:00:02+00:00\",\"author\":{\"@id\":\"https:\/\/www.welovecycling.com\/hu\/#\/schema\/person\/414a2aebf1801691a5320edb6468e194\"},\"description\":\"Mindannyian szembes\u00fcl\u00fcnk probl\u00e9m\u00e1kkal bicikli\u00fatjaink sor\u00e1n, amelyek val\u00f3s\u00e1gos k\u00fczdelemm\u00e9 v\u00e1ltoztathatj\u00e1k napi teker\u00e9s\u00fcnket.\",\"breadcrumb\":{\"@id\":\"https:\/\/www.welovecycling.com\/hu\/orszaguti-kerekpar\/a-biciklisek-5-ellensege\/#breadcrumb\"},\"inLanguage\":\"hu\",\"potentialAction\":[{\"@type\":\"ReadAction\",\"target\":[\"https:\/\/www.welovecycling.com\/hu\/orszaguti-kerekpar\/a-biciklisek-5-ellensege\/\"]}]},{\"@type\":\"ImageObject\",\"inLanguage\":\"hu\",\"@id\":\"https:\/\/www.welovecycling.com\/hu\/orszaguti-kerekpar\/a-biciklisek-5-ellensege\/#primaryimage\",\"url\":\"https:\/\/d2p6e6u75xmxt8.cloudfront.net\/12\/2020\/02\/Headwind-Cycling-CVR-profimedia-0497339230.jpg\",\"contentUrl\":\"https:\/\/d2p6e6u75xmxt8.cloudfront.net\/12\/2020\/02\/Headwind-Cycling-CVR-profimedia-0497339230.jpg\",\"width\":1366,\"height\":600},{\"@type\":\"BreadcrumbList\",\"@id\":\"https:\/\/www.welovecycling.com\/hu\/orszaguti-kerekpar\/a-biciklisek-5-ellensege\/#breadcrumb\",\"itemListElement\":[{\"@type\":\"ListItem\",\"position\":1,\"name\":\"Home\",\"item\":\"https:\/\/www.welovecycling.com\/hu\/\"},{\"@type\":\"ListItem\",\"position\":2,\"name\":\"A biciklisek 5 ellens\u00e9ge\"}]},{\"@type\":\"WebSite\",\"@id\":\"https:\/\/www.welovecycling.com\/hu\/#website\",\"url\":\"https:\/\/www.welovecycling.com\/hu\/\",\"name\":\"\u0160koda We Love Cycling - Magyarorsz\u00e1g\",\"description\":\"\u0160koda WeLoveCycling\",\"potentialAction\":[{\"@type\":\"SearchAction\",\"target\":{\"@type\":\"EntryPoint\",\"urlTemplate\":\"https:\/\/www.welovecycling.com\/hu\/?s={search_term_string}\"},\"query-input\":{\"@type\":\"PropertyValueSpecification\",\"valueRequired\":true,\"valueName\":\"search_term_string\"}}],\"inLanguage\":\"hu\"},{\"@type\":\"Person\",\"@id\":\"https:\/\/www.welovecycling.com\/hu\/#\/schema\/person\/414a2aebf1801691a5320edb6468e194\",\"name\":\"hegyizs\",\"image\":{\"@type\":\"ImageObject\",\"inLanguage\":\"hu\",\"@id\":\"https:\/\/www.welovecycling.com\/hu\/#\/schema\/person\/image\/\",\"url\":\"https:\/\/secure.gravatar.com\/avatar\/02cf8a7906b8cf90cecb4679defac7cfd33a1c2e3b88e4903d947f3bb58eedd3?s=96&d=mm&r=g\",\"contentUrl\":\"https:\/\/secure.gravatar.com\/avatar\/02cf8a7906b8cf90cecb4679defac7cfd33a1c2e3b88e4903d947f3bb58eedd3?s=96&d=mm&r=g\",\"caption\":\"hegyizs\"},\"url\":\"https:\/\/www.welovecycling.com\/hu\/author\/hegyizs\/\"}]}<\/script>\n<!-- \/ Yoast SEO Premium plugin. -->","yoast_head_json":{"title":"A biciklisek 5 ellens\u00e9ge - \u0160koda We Love Cycling - Magyarorsz\u00e1g","description":"Mindannyian szembes\u00fcl\u00fcnk probl\u00e9m\u00e1kkal bicikli\u00fatjaink sor\u00e1n, amelyek val\u00f3s\u00e1gos k\u00fczdelemm\u00e9 v\u00e1ltoztathatj\u00e1k napi teker\u00e9s\u00fcnket.","robots":{"index":"index","follow":"follow","max-snippet":"max-snippet:-1","max-image-preview":"max-image-preview:large","max-video-preview":"max-video-preview:-1"},"canonical":"https:\/\/www.welovecycling.com\/hu\/orszaguti-kerekpar\/a-biciklisek-5-ellensege\/","og_locale":"hu_HU","og_type":"article","og_title":"A biciklisek 5 ellens\u00e9ge","og_description":"Mindannyian szembes\u00fcl\u00fcnk probl\u00e9m\u00e1kkal bicikli\u00fatjaink sor\u00e1n, amelyek val\u00f3s\u00e1gos k\u00fczdelemm\u00e9 v\u00e1ltoztathatj\u00e1k napi teker\u00e9s\u00fcnket.","og_url":"https:\/\/www.welovecycling.com\/hu\/orszaguti-kerekpar\/a-biciklisek-5-ellensege\/","og_site_name":"\u0160koda We Love Cycling - Magyarorsz\u00e1g","article_publisher":"https:\/\/www.facebook.com\/WeLoveCyclingHungary\/","article_published_time":"2020-08-31T07:00:02+00:00","og_image":[{"width":1366,"height":600,"url":"https:\/\/d2p6e6u75xmxt8.cloudfront.net\/12\/2020\/02\/Headwind-Cycling-CVR-profimedia-0497339230.jpg","type":"image\/jpeg"}],"author":"hegyizs","twitter_card":"summary_large_image","twitter_misc":{"Written by":"Adam Marsal","Est. reading time":"7"},"schema":{"@context":"https:\/\/schema.org","@graph":[{"@type":"WebPage","@id":"https:\/\/www.welovecycling.com\/hu\/orszaguti-kerekpar\/a-biciklisek-5-ellensege\/","url":"https:\/\/www.welovecycling.com\/hu\/orszaguti-kerekpar\/a-biciklisek-5-ellensege\/","name":"A biciklisek 5 ellens\u00e9ge - \u0160koda We Love Cycling - Magyarorsz\u00e1g","isPartOf":{"@id":"https:\/\/www.welovecycling.com\/hu\/#website"},"primaryImageOfPage":{"@id":"https:\/\/www.welovecycling.com\/hu\/orszaguti-kerekpar\/a-biciklisek-5-ellensege\/#primaryimage"},"image":{"@id":"https:\/\/www.welovecycling.com\/hu\/orszaguti-kerekpar\/a-biciklisek-5-ellensege\/#primaryimage"},"thumbnailUrl":"https:\/\/d2p6e6u75xmxt8.cloudfront.net\/12\/2020\/02\/Headwind-Cycling-CVR-profimedia-0497339230.jpg","datePublished":"2020-08-31T07:00:02+00:00","author":{"@id":"https:\/\/www.welovecycling.com\/hu\/#\/schema\/person\/414a2aebf1801691a5320edb6468e194"},"description":"Mindannyian szembes\u00fcl\u00fcnk probl\u00e9m\u00e1kkal bicikli\u00fatjaink sor\u00e1n, amelyek val\u00f3s\u00e1gos k\u00fczdelemm\u00e9 v\u00e1ltoztathatj\u00e1k napi teker\u00e9s\u00fcnket.","breadcrumb":{"@id":"https:\/\/www.welovecycling.com\/hu\/orszaguti-kerekpar\/a-biciklisek-5-ellensege\/#breadcrumb"},"inLanguage":"hu","potentialAction":[{"@type":"ReadAction","target":["https:\/\/www.welovecycling.com\/hu\/orszaguti-kerekpar\/a-biciklisek-5-ellensege\/"]}]},{"@type":"ImageObject","inLanguage":"hu","@id":"https:\/\/www.welovecycling.com\/hu\/orszaguti-kerekpar\/a-biciklisek-5-ellensege\/#primaryimage","url":"https:\/\/d2p6e6u75xmxt8.cloudfront.net\/12\/2020\/02\/Headwind-Cycling-CVR-profimedia-0497339230.jpg","contentUrl":"https:\/\/d2p6e6u75xmxt8.cloudfront.net\/12\/2020\/02\/Headwind-Cycling-CVR-profimedia-0497339230.jpg","width":1366,"height":600},{"@type":"BreadcrumbList","@id":"https:\/\/www.welovecycling.com\/hu\/orszaguti-kerekpar\/a-biciklisek-5-ellensege\/#breadcrumb","itemListElement":[{"@type":"ListItem","position":1,"name":"Home","item":"https:\/\/www.welovecycling.com\/hu\/"},{"@type":"ListItem","position":2,"name":"A biciklisek 5 ellens\u00e9ge"}]},{"@type":"WebSite","@id":"https:\/\/www.welovecycling.com\/hu\/#website","url":"https:\/\/www.welovecycling.com\/hu\/","name":"\u0160koda We Love Cycling - Magyarorsz\u00e1g","description":"\u0160koda WeLoveCycling","potentialAction":[{"@type":"SearchAction","target":{"@type":"EntryPoint","urlTemplate":"https:\/\/www.welovecycling.com\/hu\/?s={search_term_string}"},"query-input":{"@type":"PropertyValueSpecification","valueRequired":true,"valueName":"search_term_string"}}],"inLanguage":"hu"},{"@type":"Person","@id":"https:\/\/www.welovecycling.com\/hu\/#\/schema\/person\/414a2aebf1801691a5320edb6468e194","name":"hegyizs","image":{"@type":"ImageObject","inLanguage":"hu","@id":"https:\/\/www.welovecycling.com\/hu\/#\/schema\/person\/image\/","url":"https:\/\/secure.gravatar.com\/avatar\/02cf8a7906b8cf90cecb4679defac7cfd33a1c2e3b88e4903d947f3bb58eedd3?s=96&d=mm&r=g","contentUrl":"https:\/\/secure.gravatar.com\/avatar\/02cf8a7906b8cf90cecb4679defac7cfd33a1c2e3b88e4903d947f3bb58eedd3?s=96&d=mm&r=g","caption":"hegyizs"},"url":"https:\/\/www.welovecycling.com\/hu\/author\/hegyizs\/"}]}},"_links":{"self":[{"href":"https:\/\/www.welovecycling.com\/hu\/wp-json\/wp\/v2\/posts\/8394","targetHints":{"allow":["GET"]}}],"collection":[{"href":"https:\/\/www.welovecycling.com\/hu\/wp-json\/wp\/v2\/posts"}],"about":[{"href":"https:\/\/www.welovecycling.com\/hu\/wp-json\/wp\/v2\/types\/post"}],"author":[{"embeddable":true,"href":"https:\/\/www.welovecycling.com\/hu\/wp-json\/wp\/v2\/users\/71"}],"replies":[{"embeddable":true,"href":"https:\/\/www.welovecycling.com\/hu\/wp-json\/wp\/v2\/comments?post=8394"}],"version-history":[{"count":2,"href":"https:\/\/www.welovecycling.com\/hu\/wp-json\/wp\/v2\/posts\/8394\/revisions"}],"predecessor-version":[{"id":8418,"href":"https:\/\/www.welovecycling.com\/hu\/wp-json\/wp\/v2\/posts\/8394\/revisions\/8418"}],"wp:featuredmedia":[{"embeddable":true,"href":"https:\/\/www.welovecycling.com\/hu\/wp-json\/wp\/v2\/media\/6833"}],"wp:attachment":[{"href":"https:\/\/www.welovecycling.com\/hu\/wp-json\/wp\/v2\/media?parent=8394"}],"wp:term":[{"taxonomy":"category","embeddable":true,"href":"https:\/\/www.welovecycling.com\/hu\/wp-json\/wp\/v2\/categories?post=8394"},{"taxonomy":"post_tag","embeddable":true,"href":"https:\/\/www.welovecycling.com\/hu\/wp-json\/wp\/v2\/tags?post=8394"},{"taxonomy":"global-categories","embeddable":true,"href":"https:\/\/www.welovecycling.com\/hu\/wp-json\/wp\/v2\/global-categories?post=8394"}],"curies":[{"name":"wp","href":"https:\/\/api.w.org\/{rel}","templated":true}]}}