{"id":8384,"date":"2020-08-29T08:00:00","date_gmt":"2020-08-29T07:00:00","guid":{"rendered":"https:\/\/www.welovecycling.com\/hu\/?p=8384"},"modified":"2020-08-26T10:26:17","modified_gmt":"2020-08-26T09:26:17","slug":"bikepacking-utmutato","status":"publish","type":"post","link":"https:\/\/www.welovecycling.com\/hu\/blog\/bikepacking-utmutato\/","title":{"rendered":"Bikepacking-\u00fatmutat\u00f3"},"content":{"rendered":"<p><strong>Ha te is szeretsz elszabadulni a h\u00e9tk\u00f6znapok val\u00f3s\u00e1g\u00e1b\u00f3l, tudod, mennyire cs\u00e1b\u00edt\u00f3 a gondolat, hogy bepakold a legsz\u00fcks\u00e9gesebbeket egy h\u00e1tizs\u00e1kba, fel\u00fclj a biciklidre \u00e9s csak tekerj, ameddig a l\u00e1bad b\u00edrja. Messzebbre jutsz, mintha t\u00far\u00e1zn\u00e1l, \u00faj helyeket fedezhetsz fel, mik\u00f6zben h\u00f3dolhatsz kedvenc sportodnak is. Az egyetlen neh\u00e9zs\u00e9g maga a h\u00e1tizs\u00e1k, eg\u00e9sz pontosan az, hogy mi f\u00e9r bele, \u00e9s mi nem.<\/strong><!--more--><\/p>\n<p>Ha bikepacking-r\u0151l van sz\u00f3, nem kell t\u00fal sok szab\u00e1lyt betartanod. Aludhatsz s\u00e1torban vagy hotelben, elt\u0171nhetsz egy h\u00f3napra vagy megejthetsz egy k\u00e9tnapos kalandot, mehetsz profi felszerel\u00e9ssel vagy egy r\u00e9gi h\u00e1tizs\u00e1kkal. Vannak, akik nem is cipelnek magukkal v\u00e1lt\u00f3ruh\u00e1t: est\u00e9nk\u00e9nt kimoss\u00e1k a hotel f\u00fcrd\u0151szob\u00e1j\u00e1ban a haszn\u00e1lt felszerel\u00e9st, m\u00e1snapra a k\u00f6nny\u0171 anyagok megsz\u00e1radnak \u00e9s vehetik is fel \u0151ket. A lehet\u0151s\u00e9gek t\u00e1rh\u00e1za v\u00e9gtelen.<\/p>\n<p><em>\u201eSzeretn\u00e9m, ha az emberek beleszeretn\u00e9nek ebbe az \u00e9letform\u00e1ba, \u00e9s nem \u00e9rezn\u00e9k, hogy b\u00e1rmit is k\u00f6teless\u00e9g\u00fck megtenni\u201d<\/em> \u2013 mondta Joe Cruz, a Williams College filoz\u00f3fia-professzora, aki egyben a bikepacking igazi veter\u00e1nja is. T\u0151le olvashattok n\u00e9h\u00e1ny tan\u00e1csot, amiket megfogadva t\u00far\u00e1itokon arra koncentr\u00e1lhattok, ami igaz\u00e1n fontos.<\/p>\n<p><img loading=\"lazy\" decoding=\"async\" class=\"aligncenter size-full wp-image-8385\" src=\"https:\/\/d2p6e6u75xmxt8.cloudfront.net\/12\/2020\/08\/taeanhaean-national-park-west-coast-bicycle-path-of-royalty-free-image-1596723766.jpg\" alt=\"\" width=\"640\" height=\"639\" srcset=\"https:\/\/d2p6e6u75xmxt8.cloudfront.net\/12\/2020\/08\/taeanhaean-national-park-west-coast-bicycle-path-of-royalty-free-image-1596723766.jpg 640w, https:\/\/d2p6e6u75xmxt8.cloudfront.net\/12\/2020\/08\/taeanhaean-national-park-west-coast-bicycle-path-of-royalty-free-image-1596723766-300x300.jpg 300w, https:\/\/d2p6e6u75xmxt8.cloudfront.net\/12\/2020\/08\/taeanhaean-national-park-west-coast-bicycle-path-of-royalty-free-image-1596723766-150x150.jpg 150w\" sizes=\"auto, (max-width: 640px) 100vw, 640px\" \/><\/p>\n<h2><strong>A tervez\u00e9s \u00e9r annyit, mint az eg\u00e9sz t\u00fara<\/strong><\/h2>\n<p>Amikor Cruz k\u00f6vetkez\u0151 t\u00far\u00e1j\u00e1t kezdi tervezni, tal\u00e1n kicsit t\u00fals\u00e1gosan sok id\u0151t is elt\u00f6lt a t\u00e9rk\u00e9p f\u00f6l\u00f6tt. Azt\u00e1n a m\u0171holdas t\u00e9rk\u00e9pek f\u00f6l\u00f6tt. Azt\u00e1n a Google utcak\u00e9pei f\u00f6l\u00f6tt.<\/p>\n<p><em>\u201eMeg szoktam osztani a k\u00f6z\u00f6ss\u00e9gi m\u00e9di\u00e1ban \u00fatvonalakat, de nem \u00edrok le mindent, amit tudni kell r\u00f3luk. Szeretn\u00e9m, hogy a bring\u00e1sok saj\u00e1t maguk is bevon\u00f3djanak a tervez\u00e9s folyamat\u00e1ba, \u00e9s \u00fagy \u00e9rezz\u00e9k: az \u00fatvonal az \u00f6v\u00e9k\u00e9.\u201d<\/em><\/p>\n<p>A jelenlegi helyzetben pedig m\u00e9g fontosabb, hogy alaposan k\u00f6rbej\u00e1rjuk az utakat, \u00e9ttermeket \u00e9s hoteleket, nehogy z\u00e1rva tal\u00e1ljuk t\u00far\u00e1nk egyik sarokk\u00f6v\u00e9t.<\/p>\n<h2><strong>Azt pakold be, amire sz\u00fcks\u00e9ged lesz<\/strong><\/h2>\n<p>Nem szerepel a tervben, hogy v\u00e1rosokban \u00e1llsz meg? El\u00e9g a sportruha! Airbnb-s sz\u00e1ll\u00e1shelyeken vagy hotelekben fogsz aludni? Hagyd otthon a t\u00f6r\u00f6lk\u00f6z\u0151t! Ha ny\u00e1ron indulsz \u00fatnak, a lehet\u0151 legk\u00f6nnyebb anyagb\u00f3l k\u00e9sz\u00fclt ruh\u00e1kat pakold be. \u00c9s ne felejtsd otthon a maszkod!<\/p>\n<p><img loading=\"lazy\" decoding=\"async\" class=\"aligncenter size-full wp-image-8386\" src=\"https:\/\/d2p6e6u75xmxt8.cloudfront.net\/12\/2020\/08\/adventure-concept-image-with-couple-watching-a-royalty-free-image-1596723692.jpg\" alt=\"\" width=\"980\" height=\"977\" srcset=\"https:\/\/d2p6e6u75xmxt8.cloudfront.net\/12\/2020\/08\/adventure-concept-image-with-couple-watching-a-royalty-free-image-1596723692.jpg 980w, https:\/\/d2p6e6u75xmxt8.cloudfront.net\/12\/2020\/08\/adventure-concept-image-with-couple-watching-a-royalty-free-image-1596723692-300x300.jpg 300w, https:\/\/d2p6e6u75xmxt8.cloudfront.net\/12\/2020\/08\/adventure-concept-image-with-couple-watching-a-royalty-free-image-1596723692-150x150.jpg 150w, https:\/\/d2p6e6u75xmxt8.cloudfront.net\/12\/2020\/08\/adventure-concept-image-with-couple-watching-a-royalty-free-image-1596723692-768x766.jpg 768w\" sizes=\"auto, (max-width: 980px) 100vw, 980px\" \/><\/p>\n<h2><strong>Sz\u00e1m\u00edt a csomagol\u00e1s<\/strong><\/h2>\n<p>Ha nehezebb terepen fogsz tekerni, esetleg felfel\u00e9, vagy kimer\u00edt\u0151, hossz\u00fa utakat tervezel, fontos, hogy k\u00f6nny\u0171 legyen a t\u00e1sk\u00e1d. Ne v\u00e1lassz feleslegesen nagyot! A kisebb h\u00e1tizs\u00e1k nem csak alapvet\u0151en k\u00f6nnyebb, de kev\u00e9sb\u00e9 is tudod megpakolni\u2026<\/p>\n<h2><strong>Maradj k\u00f6zel<\/strong><\/h2>\n<p>B\u00e1r Cruz mindenkit arra b\u00edztat, hogy tekerjen, amennyit csak tud, most m\u00e9gis felh\u00edvta r\u00e1 a figyelmet, hogy a legjobb, ha ezt lak\u00f3hely\u00fcnk k\u00f6zel\u00e9ben tessz\u00fck. Fedezz fel egy k\u00f6zeli v\u00e1rost vagy hegyvid\u00e9ket! Mindig van \u00faj a nap alatt, egy \u00fat, amin m\u00e9g sosem tekert\u00e9l, egy t\u00f3, aminek m\u00e9g nem pihent\u00e9l a partj\u00e1n. A pand\u00e9mia megtan\u00edtotta nek\u00fcnk, hogy mindig k\u00e9sznek kell lenni a v\u00e1ltoz\u00e1sra, hiszen egy nap alatt is a sark\u00e1b\u00f3l fordulhat ki a vil\u00e1g.<\/p>\n<h2><strong>K\u00e9sz\u00fclj fel, el fogsz f\u00e1radni<\/strong><\/h2>\n<p>Cipelni minden cuccodat \u00e9s eg\u00e9sz nap tekerni hamar lef\u00e1raszt. A s\u00e1torban val\u00f3 alv\u00e1s pedig nem a legpihentet\u0151bb. Val\u00f3sz\u00edn\u0171leg az \u00e9trended sem lesz olyan vitamin- \u00e9s t\u00e1panyagd\u00fas, mint m\u00e1skor, \u00e9s az alapos zuhany frissess\u00e9ge is csak \u00e1lomk\u00e9pk\u00e9nt k\u00eds\u00e9r utadon. De ha izgalmas \u00fatvonalat tervezt\u00e9l \u00e9s mindig v\u00e1rod a k\u00f6vetkez\u0151 szakaszt, \u00e1llom\u00e1st \u00e9s napot, akkor \u00e9lvezni fogod!<\/p>\n<p><em>Forr\u00e1s: <\/em><a href=\"https:\/\/www.bicycling.com\/skills-tips\/a33512514\/bikepacking-tips\/\" target=\"_blank\" rel=\"noopener noreferrer\"><em>bicycling.com<\/em><\/a><\/p>\n","protected":false},"excerpt":{"rendered":"<p>Ha te is szeretsz elszabadulni a h\u00e9tk\u00f6znapok val\u00f3s\u00e1g\u00e1b\u00f3l, tudod, mennyire cs\u00e1b\u00edt\u00f3 a gondolat, hogy bepakold a legsz\u00fcks\u00e9gesebbeket egy h\u00e1tizs\u00e1kba, fel\u00fclj [&hellip;]<\/p>\n","protected":false},"author":71,"featured_media":8388,"comment_status":"open","ping_status":"open","sticky":false,"template":"","format":"standard","meta":{"footnotes":""},"categories":[13],"tags":[],"global-categories":[],"class_list":["post-8384","post","type-post","status-publish","format-standard","has-post-thumbnail","hentry","category-blog"],"yoast_head":"<!-- This site is optimized with the Yoast SEO Premium plugin v25.3 (Yoast SEO v25.9) - https:\/\/yoast.com\/wordpress\/plugins\/seo\/ -->\n<title>Bikepacking-\u00fatmutat\u00f3 - \u0160koda We Love Cycling - Magyarorsz\u00e1g<\/title>\n<meta name=\"description\" content=\"Ha te is szeretsz elszabadulni a h\u00e9tk\u00f6znapok val\u00f3s\u00e1g\u00e1b\u00f3l, tudod, mennyire cs\u00e1b\u00edt\u00f3 a gondolat, hogy bepakold a legsz\u00fcks\u00e9gesebbeket egy h\u00e1tizs\u00e1kba, fel\u00fclj a biciklidre \u00e9s csak tekerj, ameddig a l\u00e1bad b\u00edrja.\" \/>\n<meta name=\"robots\" content=\"index, follow, max-snippet:-1, max-image-preview:large, max-video-preview:-1\" \/>\n<link rel=\"canonical\" href=\"https:\/\/www.welovecycling.com\/hu\/blog\/bikepacking-utmutato\/\" \/>\n<meta property=\"og:locale\" content=\"hu_HU\" \/>\n<meta property=\"og:type\" content=\"article\" \/>\n<meta property=\"og:title\" content=\"Bikepacking-\u00fatmutat\u00f3\" \/>\n<meta property=\"og:description\" content=\"Ha te is szeretsz elszabadulni a h\u00e9tk\u00f6znapok val\u00f3s\u00e1g\u00e1b\u00f3l, tudod, mennyire cs\u00e1b\u00edt\u00f3 a gondolat, hogy bepakold a legsz\u00fcks\u00e9gesebbeket egy h\u00e1tizs\u00e1kba, fel\u00fclj a biciklidre \u00e9s csak tekerj, ameddig a l\u00e1bad b\u00edrja.\" \/>\n<meta property=\"og:url\" content=\"https:\/\/www.welovecycling.com\/hu\/blog\/bikepacking-utmutato\/\" \/>\n<meta property=\"og:site_name\" content=\"\u0160koda We Love Cycling - Magyarorsz\u00e1g\" \/>\n<meta property=\"article:publisher\" content=\"https:\/\/www.facebook.com\/WeLoveCyclingHungary\/\" \/>\n<meta property=\"article:published_time\" content=\"2020-08-29T07:00:00+00:00\" \/>\n<meta property=\"og:image\" content=\"https:\/\/d2p6e6u75xmxt8.cloudfront.net\/12\/2020\/08\/transalp-175190_1280.jpg\" \/>\n\t<meta property=\"og:image:width\" content=\"1280\" \/>\n\t<meta property=\"og:image:height\" content=\"960\" \/>\n\t<meta property=\"og:image:type\" content=\"image\/jpeg\" \/>\n<meta name=\"author\" content=\"hegyizs\" \/>\n<meta name=\"twitter:card\" content=\"summary_large_image\" \/>\n<meta name=\"twitter:label1\" content=\"Written by\" \/>\n\t<meta name=\"twitter:data1\" content=\"WLC\" \/>\n\t<meta name=\"twitter:label2\" content=\"Est. reading time\" \/>\n\t<meta name=\"twitter:data2\" content=\"3 minutes\" \/>\n<script type=\"application\/ld+json\" class=\"yoast-schema-graph\">{\"@context\":\"https:\/\/schema.org\",\"@graph\":[{\"@type\":\"WebPage\",\"@id\":\"https:\/\/www.welovecycling.com\/hu\/blog\/bikepacking-utmutato\/\",\"url\":\"https:\/\/www.welovecycling.com\/hu\/blog\/bikepacking-utmutato\/\",\"name\":\"Bikepacking-\u00fatmutat\u00f3 - \u0160koda We Love Cycling - Magyarorsz\u00e1g\",\"isPartOf\":{\"@id\":\"https:\/\/www.welovecycling.com\/hu\/#website\"},\"primaryImageOfPage\":{\"@id\":\"https:\/\/www.welovecycling.com\/hu\/blog\/bikepacking-utmutato\/#primaryimage\"},\"image\":{\"@id\":\"https:\/\/www.welovecycling.com\/hu\/blog\/bikepacking-utmutato\/#primaryimage\"},\"thumbnailUrl\":\"https:\/\/d2p6e6u75xmxt8.cloudfront.net\/12\/2020\/08\/transalp-175190_1280.jpg\",\"datePublished\":\"2020-08-29T07:00:00+00:00\",\"author\":{\"@id\":\"https:\/\/www.welovecycling.com\/hu\/#\/schema\/person\/414a2aebf1801691a5320edb6468e194\"},\"description\":\"Ha te is szeretsz elszabadulni a h\u00e9tk\u00f6znapok val\u00f3s\u00e1g\u00e1b\u00f3l, tudod, mennyire cs\u00e1b\u00edt\u00f3 a gondolat, hogy bepakold a legsz\u00fcks\u00e9gesebbeket egy h\u00e1tizs\u00e1kba, fel\u00fclj a biciklidre \u00e9s csak tekerj, ameddig a l\u00e1bad b\u00edrja.\",\"breadcrumb\":{\"@id\":\"https:\/\/www.welovecycling.com\/hu\/blog\/bikepacking-utmutato\/#breadcrumb\"},\"inLanguage\":\"hu\",\"potentialAction\":[{\"@type\":\"ReadAction\",\"target\":[\"https:\/\/www.welovecycling.com\/hu\/blog\/bikepacking-utmutato\/\"]}]},{\"@type\":\"ImageObject\",\"inLanguage\":\"hu\",\"@id\":\"https:\/\/www.welovecycling.com\/hu\/blog\/bikepacking-utmutato\/#primaryimage\",\"url\":\"https:\/\/d2p6e6u75xmxt8.cloudfront.net\/12\/2020\/08\/transalp-175190_1280.jpg\",\"contentUrl\":\"https:\/\/d2p6e6u75xmxt8.cloudfront.net\/12\/2020\/08\/transalp-175190_1280.jpg\",\"width\":1280,\"height\":960},{\"@type\":\"BreadcrumbList\",\"@id\":\"https:\/\/www.welovecycling.com\/hu\/blog\/bikepacking-utmutato\/#breadcrumb\",\"itemListElement\":[{\"@type\":\"ListItem\",\"position\":1,\"name\":\"Home\",\"item\":\"https:\/\/www.welovecycling.com\/hu\/\"},{\"@type\":\"ListItem\",\"position\":2,\"name\":\"Bikepacking-\u00fatmutat\u00f3\"}]},{\"@type\":\"WebSite\",\"@id\":\"https:\/\/www.welovecycling.com\/hu\/#website\",\"url\":\"https:\/\/www.welovecycling.com\/hu\/\",\"name\":\"\u0160koda We Love Cycling - Magyarorsz\u00e1g\",\"description\":\"\u0160koda WeLoveCycling\",\"potentialAction\":[{\"@type\":\"SearchAction\",\"target\":{\"@type\":\"EntryPoint\",\"urlTemplate\":\"https:\/\/www.welovecycling.com\/hu\/?s={search_term_string}\"},\"query-input\":{\"@type\":\"PropertyValueSpecification\",\"valueRequired\":true,\"valueName\":\"search_term_string\"}}],\"inLanguage\":\"hu\"},{\"@type\":\"Person\",\"@id\":\"https:\/\/www.welovecycling.com\/hu\/#\/schema\/person\/414a2aebf1801691a5320edb6468e194\",\"name\":\"hegyizs\",\"image\":{\"@type\":\"ImageObject\",\"inLanguage\":\"hu\",\"@id\":\"https:\/\/www.welovecycling.com\/hu\/#\/schema\/person\/image\/\",\"url\":\"https:\/\/secure.gravatar.com\/avatar\/02cf8a7906b8cf90cecb4679defac7cfd33a1c2e3b88e4903d947f3bb58eedd3?s=96&d=mm&r=g\",\"contentUrl\":\"https:\/\/secure.gravatar.com\/avatar\/02cf8a7906b8cf90cecb4679defac7cfd33a1c2e3b88e4903d947f3bb58eedd3?s=96&d=mm&r=g\",\"caption\":\"hegyizs\"},\"url\":\"https:\/\/www.welovecycling.com\/hu\/author\/hegyizs\/\"}]}<\/script>\n<!-- \/ Yoast SEO Premium plugin. -->","yoast_head_json":{"title":"Bikepacking-\u00fatmutat\u00f3 - \u0160koda We Love Cycling - Magyarorsz\u00e1g","description":"Ha te is szeretsz elszabadulni a h\u00e9tk\u00f6znapok val\u00f3s\u00e1g\u00e1b\u00f3l, tudod, mennyire cs\u00e1b\u00edt\u00f3 a gondolat, hogy bepakold a legsz\u00fcks\u00e9gesebbeket egy h\u00e1tizs\u00e1kba, fel\u00fclj a biciklidre \u00e9s csak tekerj, ameddig a l\u00e1bad b\u00edrja.","robots":{"index":"index","follow":"follow","max-snippet":"max-snippet:-1","max-image-preview":"max-image-preview:large","max-video-preview":"max-video-preview:-1"},"canonical":"https:\/\/www.welovecycling.com\/hu\/blog\/bikepacking-utmutato\/","og_locale":"hu_HU","og_type":"article","og_title":"Bikepacking-\u00fatmutat\u00f3","og_description":"Ha te is szeretsz elszabadulni a h\u00e9tk\u00f6znapok val\u00f3s\u00e1g\u00e1b\u00f3l, tudod, mennyire cs\u00e1b\u00edt\u00f3 a gondolat, hogy bepakold a legsz\u00fcks\u00e9gesebbeket egy h\u00e1tizs\u00e1kba, fel\u00fclj a biciklidre \u00e9s csak tekerj, ameddig a l\u00e1bad b\u00edrja.","og_url":"https:\/\/www.welovecycling.com\/hu\/blog\/bikepacking-utmutato\/","og_site_name":"\u0160koda We Love Cycling - Magyarorsz\u00e1g","article_publisher":"https:\/\/www.facebook.com\/WeLoveCyclingHungary\/","article_published_time":"2020-08-29T07:00:00+00:00","og_image":[{"width":1280,"height":960,"url":"https:\/\/d2p6e6u75xmxt8.cloudfront.net\/12\/2020\/08\/transalp-175190_1280.jpg","type":"image\/jpeg"}],"author":"hegyizs","twitter_card":"summary_large_image","twitter_misc":{"Written by":"WLC","Est. reading time":"3 minutes"},"schema":{"@context":"https:\/\/schema.org","@graph":[{"@type":"WebPage","@id":"https:\/\/www.welovecycling.com\/hu\/blog\/bikepacking-utmutato\/","url":"https:\/\/www.welovecycling.com\/hu\/blog\/bikepacking-utmutato\/","name":"Bikepacking-\u00fatmutat\u00f3 - \u0160koda We Love Cycling - Magyarorsz\u00e1g","isPartOf":{"@id":"https:\/\/www.welovecycling.com\/hu\/#website"},"primaryImageOfPage":{"@id":"https:\/\/www.welovecycling.com\/hu\/blog\/bikepacking-utmutato\/#primaryimage"},"image":{"@id":"https:\/\/www.welovecycling.com\/hu\/blog\/bikepacking-utmutato\/#primaryimage"},"thumbnailUrl":"https:\/\/d2p6e6u75xmxt8.cloudfront.net\/12\/2020\/08\/transalp-175190_1280.jpg","datePublished":"2020-08-29T07:00:00+00:00","author":{"@id":"https:\/\/www.welovecycling.com\/hu\/#\/schema\/person\/414a2aebf1801691a5320edb6468e194"},"description":"Ha te is szeretsz elszabadulni a h\u00e9tk\u00f6znapok val\u00f3s\u00e1g\u00e1b\u00f3l, tudod, mennyire cs\u00e1b\u00edt\u00f3 a gondolat, hogy bepakold a legsz\u00fcks\u00e9gesebbeket egy h\u00e1tizs\u00e1kba, fel\u00fclj a biciklidre \u00e9s csak tekerj, ameddig a l\u00e1bad b\u00edrja.","breadcrumb":{"@id":"https:\/\/www.welovecycling.com\/hu\/blog\/bikepacking-utmutato\/#breadcrumb"},"inLanguage":"hu","potentialAction":[{"@type":"ReadAction","target":["https:\/\/www.welovecycling.com\/hu\/blog\/bikepacking-utmutato\/"]}]},{"@type":"ImageObject","inLanguage":"hu","@id":"https:\/\/www.welovecycling.com\/hu\/blog\/bikepacking-utmutato\/#primaryimage","url":"https:\/\/d2p6e6u75xmxt8.cloudfront.net\/12\/2020\/08\/transalp-175190_1280.jpg","contentUrl":"https:\/\/d2p6e6u75xmxt8.cloudfront.net\/12\/2020\/08\/transalp-175190_1280.jpg","width":1280,"height":960},{"@type":"BreadcrumbList","@id":"https:\/\/www.welovecycling.com\/hu\/blog\/bikepacking-utmutato\/#breadcrumb","itemListElement":[{"@type":"ListItem","position":1,"name":"Home","item":"https:\/\/www.welovecycling.com\/hu\/"},{"@type":"ListItem","position":2,"name":"Bikepacking-\u00fatmutat\u00f3"}]},{"@type":"WebSite","@id":"https:\/\/www.welovecycling.com\/hu\/#website","url":"https:\/\/www.welovecycling.com\/hu\/","name":"\u0160koda We Love Cycling - Magyarorsz\u00e1g","description":"\u0160koda WeLoveCycling","potentialAction":[{"@type":"SearchAction","target":{"@type":"EntryPoint","urlTemplate":"https:\/\/www.welovecycling.com\/hu\/?s={search_term_string}"},"query-input":{"@type":"PropertyValueSpecification","valueRequired":true,"valueName":"search_term_string"}}],"inLanguage":"hu"},{"@type":"Person","@id":"https:\/\/www.welovecycling.com\/hu\/#\/schema\/person\/414a2aebf1801691a5320edb6468e194","name":"hegyizs","image":{"@type":"ImageObject","inLanguage":"hu","@id":"https:\/\/www.welovecycling.com\/hu\/#\/schema\/person\/image\/","url":"https:\/\/secure.gravatar.com\/avatar\/02cf8a7906b8cf90cecb4679defac7cfd33a1c2e3b88e4903d947f3bb58eedd3?s=96&d=mm&r=g","contentUrl":"https:\/\/secure.gravatar.com\/avatar\/02cf8a7906b8cf90cecb4679defac7cfd33a1c2e3b88e4903d947f3bb58eedd3?s=96&d=mm&r=g","caption":"hegyizs"},"url":"https:\/\/www.welovecycling.com\/hu\/author\/hegyizs\/"}]}},"_links":{"self":[{"href":"https:\/\/www.welovecycling.com\/hu\/wp-json\/wp\/v2\/posts\/8384","targetHints":{"allow":["GET"]}}],"collection":[{"href":"https:\/\/www.welovecycling.com\/hu\/wp-json\/wp\/v2\/posts"}],"about":[{"href":"https:\/\/www.welovecycling.com\/hu\/wp-json\/wp\/v2\/types\/post"}],"author":[{"embeddable":true,"href":"https:\/\/www.welovecycling.com\/hu\/wp-json\/wp\/v2\/users\/71"}],"replies":[{"embeddable":true,"href":"https:\/\/www.welovecycling.com\/hu\/wp-json\/wp\/v2\/comments?post=8384"}],"version-history":[{"count":2,"href":"https:\/\/www.welovecycling.com\/hu\/wp-json\/wp\/v2\/posts\/8384\/revisions"}],"predecessor-version":[{"id":8389,"href":"https:\/\/www.welovecycling.com\/hu\/wp-json\/wp\/v2\/posts\/8384\/revisions\/8389"}],"wp:featuredmedia":[{"embeddable":true,"href":"https:\/\/www.welovecycling.com\/hu\/wp-json\/wp\/v2\/media\/8388"}],"wp:attachment":[{"href":"https:\/\/www.welovecycling.com\/hu\/wp-json\/wp\/v2\/media?parent=8384"}],"wp:term":[{"taxonomy":"category","embeddable":true,"href":"https:\/\/www.welovecycling.com\/hu\/wp-json\/wp\/v2\/categories?post=8384"},{"taxonomy":"post_tag","embeddable":true,"href":"https:\/\/www.welovecycling.com\/hu\/wp-json\/wp\/v2\/tags?post=8384"},{"taxonomy":"global-categories","embeddable":true,"href":"https:\/\/www.welovecycling.com\/hu\/wp-json\/wp\/v2\/global-categories?post=8384"}],"curies":[{"name":"wp","href":"https:\/\/api.w.org\/{rel}","templated":true}]}}