{"id":8373,"date":"2020-08-28T08:00:12","date_gmt":"2020-08-28T07:00:12","guid":{"rendered":"https:\/\/www.welovecycling.com\/hu\/?p=8373"},"modified":"2020-08-26T10:25:25","modified_gmt":"2020-08-26T09:25:25","slug":"a-hosszu-elet-ujabb-3-titka","status":"publish","type":"post","link":"https:\/\/www.welovecycling.com\/hu\/edzes-es-eletmod\/a-hosszu-elet-ujabb-3-titka\/","title":{"rendered":"A hossz\u00fa \u00e9let \u00fajabb 3 titka"},"content":{"rendered":"<p><strong>Mindenki tudni akarja, hogy hogyan \u00e9lhet sok\u00e1ig &#8211; szerencs\u00e9re a tud\u00f3sok is. \u00c9s mindig tal\u00e1lnak valami \u00fajat! N\u00e9zz\u00fck, most mivel rukkoltak el\u0151.<\/strong><!--more--><\/p>\n<h2><strong>J\u00f3 lak\u00f3k\u00f6rnyezet<\/strong><\/h2>\n<p>A Washington State University kutat\u00e1sa szerint nagyobb es\u00e9llyel \u00e9rik el 100. \u00e9let\u00e9v\u00fcket azok, akik olyan k\u00f6rnyezetben \u00e9lnek, ahol kor tekintet\u00e9ben diverz k\u00f6z\u00f6ss\u00e9g lakik, \u00e9s van lehet\u0151s\u00e9g s\u00e9t\u00e1lni. A tanulm\u00e1ny szerz\u0151i 145.000 olyan embert vizsg\u00e1ltak, akik 75 \u00e9vesek vagy enn\u00e9l id\u0151sebbek. \u00d6sszevetett\u00e9k adataikat lak\u00f3hely\u00fckkel. Figyelembe vett\u00e9k a szeg\u00e9nys\u00e9get, az infrastrukt\u00far\u00e1t, a s\u00e9t\u00e1l\u00e1sra val\u00f3 lehet\u0151s\u00e9geket, a n\u00e9ps\u0171r\u0171s\u00e9get, a l\u00e9gszennyezetts\u00e9get, a z\u00f6ld ter\u00fcleteket \u00e9s azt, hogy falusi vagy v\u00e1rosi k\u00f6rnyezetr\u0151l van-e sz\u00f3.<\/p>\n<figure id=\"attachment_8374\" aria-describedby=\"caption-attachment-8374\" style=\"width: 1250px\" class=\"wp-caption alignnone\"><img loading=\"lazy\" decoding=\"async\" class=\"size-full wp-image-8374\" src=\"https:\/\/d2p6e6u75xmxt8.cloudfront.net\/12\/2020\/08\/London-Cycling-profimedia-0536103882.jpg\" alt=\"London Cycling\" width=\"1250\" height=\"833\" srcset=\"https:\/\/d2p6e6u75xmxt8.cloudfront.net\/12\/2020\/08\/London-Cycling-profimedia-0536103882.jpg 1250w, https:\/\/d2p6e6u75xmxt8.cloudfront.net\/12\/2020\/08\/London-Cycling-profimedia-0536103882-300x200.jpg 300w, https:\/\/d2p6e6u75xmxt8.cloudfront.net\/12\/2020\/08\/London-Cycling-profimedia-0536103882-1024x682.jpg 1024w, https:\/\/d2p6e6u75xmxt8.cloudfront.net\/12\/2020\/08\/London-Cycling-profimedia-0536103882-768x512.jpg 768w, https:\/\/d2p6e6u75xmxt8.cloudfront.net\/12\/2020\/08\/London-Cycling-profimedia-0536103882-272x182.jpg 272w\" sizes=\"auto, (max-width: 1250px) 100vw, 1250px\" \/><figcaption id=\"caption-attachment-8374\" class=\"wp-caption-text\"><em>A Millenium-h\u00edd Londonban. \u00a9 Profimedia<\/em><\/figcaption><\/figure>\n<p>Arra jutottak, hogy a kevesebb aut\u00f3 \u00e9s t\u00f6megk\u00f6zleked\u00e9si eszk\u00f6z, az alacsonyabb iskol\u00e1zotts\u00e1g \u00e9s a magasabb t\u00e1rsadalmi-gazdas\u00e1gi st\u00e1tusz mind olyan faktorok, melyek el\u0151seg\u00edtik, hogy az emberek el\u00e9rj\u00e9k a 100. \u00e9let\u00e9v\u00fcket. Legink\u00e1bb a kisebb v\u00e1rosok felelnek meg ennek a le\u00edr\u00e1snak.<\/p>\n<h2><strong>T\u00e1rsas\u00e1g<\/strong><\/h2>\n<p>Az otagoi egyetem kutat\u00e1s\u00e1t 292 f\u0151, 100 \u00e9v feletti, \u00e9s 103.377 f\u0151, 60 \u00e9v feletti r\u00e9sztvev\u0151 bevon\u00e1s\u00e1val v\u00e9gezt\u00e9k. Az alanyok mindegyike saj\u00e1t otthon\u00e1ban \u00e9lt, nem pedig id\u0151sek otthon\u00e1ban. Az eredm\u00e9nyek szerint k\u00e9t titka van a hossz\u00fa \u00e9letnek: a doh\u00e1nyz\u00e1s elker\u00fcl\u00e9se \u00e9s a t\u00e1rsas\u00e1gba j\u00e1r\u00e1s.<\/p>\n<p><em>\u201eAz, hogy valaki nem doh\u00e1nyzik, \u00e9s t\u00e1rsas\u00e1gba j\u00e1r, a legjobb, amit tehet az\u00e9rt, hogy m\u00e9lt\u00f3s\u00e1ggal \u00f6regedjen meg. A szoci\u00e1lisan akt\u00edv emberek elj\u00e1rnak otthonr\u00f3l, megl\u00e1togatj\u00e1k bar\u00e1taikat, golfoznak, vagy \u00f6nk\u00e9nteskednek\u201d \u2013<\/em> magyar\u00e1zta Yoram Barak professzor.<\/p>\n<figure id=\"attachment_8375\" aria-describedby=\"caption-attachment-8375\" style=\"width: 1250px\" class=\"wp-caption alignnone\"><img loading=\"lazy\" decoding=\"async\" class=\"wp-image-8375 size-full\" src=\"https:\/\/d2p6e6u75xmxt8.cloudfront.net\/12\/2020\/08\/Urban-Cycling-profimedia-0535665908.jpg\" alt=\"Urban Cycling\" width=\"1250\" height=\"831\" srcset=\"https:\/\/d2p6e6u75xmxt8.cloudfront.net\/12\/2020\/08\/Urban-Cycling-profimedia-0535665908.jpg 1250w, https:\/\/d2p6e6u75xmxt8.cloudfront.net\/12\/2020\/08\/Urban-Cycling-profimedia-0535665908-300x199.jpg 300w, https:\/\/d2p6e6u75xmxt8.cloudfront.net\/12\/2020\/08\/Urban-Cycling-profimedia-0535665908-1024x681.jpg 1024w, https:\/\/d2p6e6u75xmxt8.cloudfront.net\/12\/2020\/08\/Urban-Cycling-profimedia-0535665908-768x511.jpg 768w, https:\/\/d2p6e6u75xmxt8.cloudfront.net\/12\/2020\/08\/Urban-Cycling-profimedia-0535665908-272x182.jpg 272w\" sizes=\"auto, (max-width: 1250px) 100vw, 1250px\" \/><figcaption id=\"caption-attachment-8375\" class=\"wp-caption-text\"><em>A s\u00e9t\u00e1l\u00e1sra alkalmas k\u00f6rnyezet kulcsfontoss\u00e1g\u00fa. \u00a9 Profimedia<\/em><\/figcaption><\/figure>\n<h2><strong>K\u00f6nnyen el\u00e9rhet\u0151 sportol\u00e1si lehet\u0151s\u00e9gek<\/strong><\/h2>\n<p>Mindk\u00e9t eml\u00edtett tanulm\u00e1ny kiemeli, hogy a hossz\u00fa \u00e9lethez elengedhetetlen, hogy sportoljunk. Az otagoi kutat\u00e1s legt\u00f6bb alanya rendszeresen v\u00e9gzett valamilyen mozg\u00e1st. Azokn\u00e1l volt a legalacsonyabb a demencia kock\u00e1zata, akik a legakt\u00edvabbak voltak.<\/p>\n<p>A washingtoni tanulm\u00e1ny pedig a lak\u00f3k\u00f6rnyezet ny\u00fajtotta s\u00e9t\u00e1l\u00e1si lehet\u0151s\u00e9geket emelte ki: <em>\u201eFontos, hogy a nagyv\u00e1rosokban is odafigyeljenek arra, hogy az utc\u00e1kon k\u00e9nyelmesen lehessen gyalogolni, az id\u0151sebbeknek is. \u00cdgy &#8211; a testmozg\u00e1s el\u0151nye mellett &#8211; k\u00f6nnyebben eljutnak a boltba \u00e9s az orvoshoz.\u201d<\/em><\/p>\n<p>Mindegy, hogy a gyalogl\u00e1st vagy a bicikliz\u00e9st v\u00e1lasztod, a l\u00e9nyeg, hogy mozogj, ha sok\u00e1ig szeretn\u00e9l \u00e9lni! Ez szuper h\u00edr minden bring\u00e1s sz\u00e1m\u00e1ra!<\/p>\n","protected":false},"excerpt":{"rendered":"<p>Mindenki tudni akarja, hogy hogyan \u00e9lhet sok\u00e1ig &#8211; szerencs\u00e9re a tud\u00f3sok is. \u00c9s mindig tal\u00e1lnak valami \u00fajat! N\u00e9zz\u00fck, most mivel [&hellip;]<\/p>\n","protected":false},"author":71,"featured_media":8377,"comment_status":"open","ping_status":"open","sticky":false,"template":"","format":"standard","meta":{"footnotes":""},"categories":[6],"tags":[],"global-categories":[],"class_list":["post-8373","post","type-post","status-publish","format-standard","has-post-thumbnail","hentry","category-edzes-es-eletmod"],"yoast_head":"<!-- This site is optimized with the Yoast SEO Premium plugin v25.3 (Yoast SEO v25.9) - https:\/\/yoast.com\/wordpress\/plugins\/seo\/ -->\n<title>A hossz\u00fa \u00e9let \u00fajabb 3 titka<\/title>\n<meta name=\"description\" content=\"Mindenki tudni akarja, hogy hogyan \u00e9lhet sok\u00e1ig - szerencs\u00e9re a tud\u00f3sok is. \u00c9s mindig tal\u00e1lnak valami \u00fajat! N\u00e9zz\u00fck, most mivel rukkoltak el\u0151.\" \/>\n<meta name=\"robots\" content=\"index, follow, max-snippet:-1, max-image-preview:large, max-video-preview:-1\" \/>\n<link rel=\"canonical\" href=\"https:\/\/www.welovecycling.com\/hu\/edzes-es-eletmod\/a-hosszu-elet-ujabb-3-titka\/\" \/>\n<meta property=\"og:locale\" content=\"hu_HU\" \/>\n<meta property=\"og:type\" content=\"article\" \/>\n<meta property=\"og:title\" content=\"A hossz\u00fa \u00e9let \u00fajabb 3 titka\" \/>\n<meta property=\"og:description\" content=\"Mindenki tudni akarja, hogy hogyan \u00e9lhet sok\u00e1ig - szerencs\u00e9re a tud\u00f3sok is. \u00c9s mindig tal\u00e1lnak valami \u00fajat! N\u00e9zz\u00fck, most mivel rukkoltak el\u0151.\" \/>\n<meta property=\"og:url\" content=\"https:\/\/www.welovecycling.com\/hu\/edzes-es-eletmod\/a-hosszu-elet-ujabb-3-titka\/\" \/>\n<meta property=\"og:site_name\" content=\"\u0160koda We Love Cycling - Magyarorsz\u00e1g\" \/>\n<meta property=\"article:publisher\" content=\"https:\/\/www.facebook.com\/WeLoveCyclingHungary\/\" \/>\n<meta property=\"article:published_time\" content=\"2020-08-28T07:00:12+00:00\" \/>\n<meta property=\"og:image\" content=\"https:\/\/d2p6e6u75xmxt8.cloudfront.net\/12\/2020\/08\/Elderly-Cycling-CVR-profimedia-0342140730.jpg\" \/>\n\t<meta property=\"og:image:width\" content=\"1366\" \/>\n\t<meta property=\"og:image:height\" content=\"600\" \/>\n\t<meta property=\"og:image:type\" content=\"image\/jpeg\" \/>\n<meta name=\"author\" content=\"hegyizs\" \/>\n<meta name=\"twitter:card\" content=\"summary_large_image\" \/>\n<meta name=\"twitter:title\" content=\"A hossz\u00fa \u00e9let \u00fajabb 3 titka\" \/>\n<meta name=\"twitter:label1\" content=\"Written by\" \/>\n\t<meta name=\"twitter:data1\" content=\"Jiri Kaloc\" \/>\n\t<meta name=\"twitter:label2\" content=\"Est. reading time\" \/>\n\t<meta name=\"twitter:data2\" content=\"5\" \/>\n<script type=\"application\/ld+json\" class=\"yoast-schema-graph\">{\"@context\":\"https:\/\/schema.org\",\"@graph\":[{\"@type\":\"WebPage\",\"@id\":\"https:\/\/www.welovecycling.com\/hu\/edzes-es-eletmod\/a-hosszu-elet-ujabb-3-titka\/\",\"url\":\"https:\/\/www.welovecycling.com\/hu\/edzes-es-eletmod\/a-hosszu-elet-ujabb-3-titka\/\",\"name\":\"A hossz\u00fa \u00e9let \u00fajabb 3 titka\",\"isPartOf\":{\"@id\":\"https:\/\/www.welovecycling.com\/hu\/#website\"},\"primaryImageOfPage\":{\"@id\":\"https:\/\/www.welovecycling.com\/hu\/edzes-es-eletmod\/a-hosszu-elet-ujabb-3-titka\/#primaryimage\"},\"image\":{\"@id\":\"https:\/\/www.welovecycling.com\/hu\/edzes-es-eletmod\/a-hosszu-elet-ujabb-3-titka\/#primaryimage\"},\"thumbnailUrl\":\"https:\/\/d2p6e6u75xmxt8.cloudfront.net\/12\/2020\/08\/Elderly-Cycling-CVR-profimedia-0342140730.jpg\",\"datePublished\":\"2020-08-28T07:00:12+00:00\",\"author\":{\"@id\":\"https:\/\/www.welovecycling.com\/hu\/#\/schema\/person\/414a2aebf1801691a5320edb6468e194\"},\"description\":\"Mindenki tudni akarja, hogy hogyan \u00e9lhet sok\u00e1ig - szerencs\u00e9re a tud\u00f3sok is. \u00c9s mindig tal\u00e1lnak valami \u00fajat! N\u00e9zz\u00fck, most mivel rukkoltak el\u0151.\",\"breadcrumb\":{\"@id\":\"https:\/\/www.welovecycling.com\/hu\/edzes-es-eletmod\/a-hosszu-elet-ujabb-3-titka\/#breadcrumb\"},\"inLanguage\":\"hu\",\"potentialAction\":[{\"@type\":\"ReadAction\",\"target\":[\"https:\/\/www.welovecycling.com\/hu\/edzes-es-eletmod\/a-hosszu-elet-ujabb-3-titka\/\"]}]},{\"@type\":\"ImageObject\",\"inLanguage\":\"hu\",\"@id\":\"https:\/\/www.welovecycling.com\/hu\/edzes-es-eletmod\/a-hosszu-elet-ujabb-3-titka\/#primaryimage\",\"url\":\"https:\/\/d2p6e6u75xmxt8.cloudfront.net\/12\/2020\/08\/Elderly-Cycling-CVR-profimedia-0342140730.jpg\",\"contentUrl\":\"https:\/\/d2p6e6u75xmxt8.cloudfront.net\/12\/2020\/08\/Elderly-Cycling-CVR-profimedia-0342140730.jpg\",\"width\":1366,\"height\":600,\"caption\":\"Secret to a Long Life\"},{\"@type\":\"BreadcrumbList\",\"@id\":\"https:\/\/www.welovecycling.com\/hu\/edzes-es-eletmod\/a-hosszu-elet-ujabb-3-titka\/#breadcrumb\",\"itemListElement\":[{\"@type\":\"ListItem\",\"position\":1,\"name\":\"Home\",\"item\":\"https:\/\/www.welovecycling.com\/hu\/\"},{\"@type\":\"ListItem\",\"position\":2,\"name\":\"A hossz\u00fa \u00e9let \u00fajabb 3 titka\"}]},{\"@type\":\"WebSite\",\"@id\":\"https:\/\/www.welovecycling.com\/hu\/#website\",\"url\":\"https:\/\/www.welovecycling.com\/hu\/\",\"name\":\"\u0160koda We Love Cycling - Magyarorsz\u00e1g\",\"description\":\"\u0160koda WeLoveCycling\",\"potentialAction\":[{\"@type\":\"SearchAction\",\"target\":{\"@type\":\"EntryPoint\",\"urlTemplate\":\"https:\/\/www.welovecycling.com\/hu\/?s={search_term_string}\"},\"query-input\":{\"@type\":\"PropertyValueSpecification\",\"valueRequired\":true,\"valueName\":\"search_term_string\"}}],\"inLanguage\":\"hu\"},{\"@type\":\"Person\",\"@id\":\"https:\/\/www.welovecycling.com\/hu\/#\/schema\/person\/414a2aebf1801691a5320edb6468e194\",\"name\":\"hegyizs\",\"image\":{\"@type\":\"ImageObject\",\"inLanguage\":\"hu\",\"@id\":\"https:\/\/www.welovecycling.com\/hu\/#\/schema\/person\/image\/\",\"url\":\"https:\/\/secure.gravatar.com\/avatar\/02cf8a7906b8cf90cecb4679defac7cfd33a1c2e3b88e4903d947f3bb58eedd3?s=96&d=mm&r=g\",\"contentUrl\":\"https:\/\/secure.gravatar.com\/avatar\/02cf8a7906b8cf90cecb4679defac7cfd33a1c2e3b88e4903d947f3bb58eedd3?s=96&d=mm&r=g\",\"caption\":\"hegyizs\"},\"url\":\"https:\/\/www.welovecycling.com\/hu\/author\/hegyizs\/\"}]}<\/script>\n<!-- \/ Yoast SEO Premium plugin. -->","yoast_head_json":{"title":"A hossz\u00fa \u00e9let \u00fajabb 3 titka","description":"Mindenki tudni akarja, hogy hogyan \u00e9lhet sok\u00e1ig - szerencs\u00e9re a tud\u00f3sok is. \u00c9s mindig tal\u00e1lnak valami \u00fajat! N\u00e9zz\u00fck, most mivel rukkoltak el\u0151.","robots":{"index":"index","follow":"follow","max-snippet":"max-snippet:-1","max-image-preview":"max-image-preview:large","max-video-preview":"max-video-preview:-1"},"canonical":"https:\/\/www.welovecycling.com\/hu\/edzes-es-eletmod\/a-hosszu-elet-ujabb-3-titka\/","og_locale":"hu_HU","og_type":"article","og_title":"A hossz\u00fa \u00e9let \u00fajabb 3 titka","og_description":"Mindenki tudni akarja, hogy hogyan \u00e9lhet sok\u00e1ig - szerencs\u00e9re a tud\u00f3sok is. \u00c9s mindig tal\u00e1lnak valami \u00fajat! N\u00e9zz\u00fck, most mivel rukkoltak el\u0151.","og_url":"https:\/\/www.welovecycling.com\/hu\/edzes-es-eletmod\/a-hosszu-elet-ujabb-3-titka\/","og_site_name":"\u0160koda We Love Cycling - Magyarorsz\u00e1g","article_publisher":"https:\/\/www.facebook.com\/WeLoveCyclingHungary\/","article_published_time":"2020-08-28T07:00:12+00:00","og_image":[{"width":1366,"height":600,"url":"https:\/\/d2p6e6u75xmxt8.cloudfront.net\/12\/2020\/08\/Elderly-Cycling-CVR-profimedia-0342140730.jpg","type":"image\/jpeg"}],"author":"hegyizs","twitter_card":"summary_large_image","twitter_title":"A hossz\u00fa \u00e9let \u00fajabb 3 titka","twitter_misc":{"Written by":"Jiri Kaloc","Est. reading time":"5"},"schema":{"@context":"https:\/\/schema.org","@graph":[{"@type":"WebPage","@id":"https:\/\/www.welovecycling.com\/hu\/edzes-es-eletmod\/a-hosszu-elet-ujabb-3-titka\/","url":"https:\/\/www.welovecycling.com\/hu\/edzes-es-eletmod\/a-hosszu-elet-ujabb-3-titka\/","name":"A hossz\u00fa \u00e9let \u00fajabb 3 titka","isPartOf":{"@id":"https:\/\/www.welovecycling.com\/hu\/#website"},"primaryImageOfPage":{"@id":"https:\/\/www.welovecycling.com\/hu\/edzes-es-eletmod\/a-hosszu-elet-ujabb-3-titka\/#primaryimage"},"image":{"@id":"https:\/\/www.welovecycling.com\/hu\/edzes-es-eletmod\/a-hosszu-elet-ujabb-3-titka\/#primaryimage"},"thumbnailUrl":"https:\/\/d2p6e6u75xmxt8.cloudfront.net\/12\/2020\/08\/Elderly-Cycling-CVR-profimedia-0342140730.jpg","datePublished":"2020-08-28T07:00:12+00:00","author":{"@id":"https:\/\/www.welovecycling.com\/hu\/#\/schema\/person\/414a2aebf1801691a5320edb6468e194"},"description":"Mindenki tudni akarja, hogy hogyan \u00e9lhet sok\u00e1ig - szerencs\u00e9re a tud\u00f3sok is. \u00c9s mindig tal\u00e1lnak valami \u00fajat! N\u00e9zz\u00fck, most mivel rukkoltak el\u0151.","breadcrumb":{"@id":"https:\/\/www.welovecycling.com\/hu\/edzes-es-eletmod\/a-hosszu-elet-ujabb-3-titka\/#breadcrumb"},"inLanguage":"hu","potentialAction":[{"@type":"ReadAction","target":["https:\/\/www.welovecycling.com\/hu\/edzes-es-eletmod\/a-hosszu-elet-ujabb-3-titka\/"]}]},{"@type":"ImageObject","inLanguage":"hu","@id":"https:\/\/www.welovecycling.com\/hu\/edzes-es-eletmod\/a-hosszu-elet-ujabb-3-titka\/#primaryimage","url":"https:\/\/d2p6e6u75xmxt8.cloudfront.net\/12\/2020\/08\/Elderly-Cycling-CVR-profimedia-0342140730.jpg","contentUrl":"https:\/\/d2p6e6u75xmxt8.cloudfront.net\/12\/2020\/08\/Elderly-Cycling-CVR-profimedia-0342140730.jpg","width":1366,"height":600,"caption":"Secret to a Long Life"},{"@type":"BreadcrumbList","@id":"https:\/\/www.welovecycling.com\/hu\/edzes-es-eletmod\/a-hosszu-elet-ujabb-3-titka\/#breadcrumb","itemListElement":[{"@type":"ListItem","position":1,"name":"Home","item":"https:\/\/www.welovecycling.com\/hu\/"},{"@type":"ListItem","position":2,"name":"A hossz\u00fa \u00e9let \u00fajabb 3 titka"}]},{"@type":"WebSite","@id":"https:\/\/www.welovecycling.com\/hu\/#website","url":"https:\/\/www.welovecycling.com\/hu\/","name":"\u0160koda We Love Cycling - Magyarorsz\u00e1g","description":"\u0160koda WeLoveCycling","potentialAction":[{"@type":"SearchAction","target":{"@type":"EntryPoint","urlTemplate":"https:\/\/www.welovecycling.com\/hu\/?s={search_term_string}"},"query-input":{"@type":"PropertyValueSpecification","valueRequired":true,"valueName":"search_term_string"}}],"inLanguage":"hu"},{"@type":"Person","@id":"https:\/\/www.welovecycling.com\/hu\/#\/schema\/person\/414a2aebf1801691a5320edb6468e194","name":"hegyizs","image":{"@type":"ImageObject","inLanguage":"hu","@id":"https:\/\/www.welovecycling.com\/hu\/#\/schema\/person\/image\/","url":"https:\/\/secure.gravatar.com\/avatar\/02cf8a7906b8cf90cecb4679defac7cfd33a1c2e3b88e4903d947f3bb58eedd3?s=96&d=mm&r=g","contentUrl":"https:\/\/secure.gravatar.com\/avatar\/02cf8a7906b8cf90cecb4679defac7cfd33a1c2e3b88e4903d947f3bb58eedd3?s=96&d=mm&r=g","caption":"hegyizs"},"url":"https:\/\/www.welovecycling.com\/hu\/author\/hegyizs\/"}]}},"_links":{"self":[{"href":"https:\/\/www.welovecycling.com\/hu\/wp-json\/wp\/v2\/posts\/8373","targetHints":{"allow":["GET"]}}],"collection":[{"href":"https:\/\/www.welovecycling.com\/hu\/wp-json\/wp\/v2\/posts"}],"about":[{"href":"https:\/\/www.welovecycling.com\/hu\/wp-json\/wp\/v2\/types\/post"}],"author":[{"embeddable":true,"href":"https:\/\/www.welovecycling.com\/hu\/wp-json\/wp\/v2\/users\/71"}],"replies":[{"embeddable":true,"href":"https:\/\/www.welovecycling.com\/hu\/wp-json\/wp\/v2\/comments?post=8373"}],"version-history":[{"count":2,"href":"https:\/\/www.welovecycling.com\/hu\/wp-json\/wp\/v2\/posts\/8373\/revisions"}],"predecessor-version":[{"id":8378,"href":"https:\/\/www.welovecycling.com\/hu\/wp-json\/wp\/v2\/posts\/8373\/revisions\/8378"}],"wp:featuredmedia":[{"embeddable":true,"href":"https:\/\/www.welovecycling.com\/hu\/wp-json\/wp\/v2\/media\/8377"}],"wp:attachment":[{"href":"https:\/\/www.welovecycling.com\/hu\/wp-json\/wp\/v2\/media?parent=8373"}],"wp:term":[{"taxonomy":"category","embeddable":true,"href":"https:\/\/www.welovecycling.com\/hu\/wp-json\/wp\/v2\/categories?post=8373"},{"taxonomy":"post_tag","embeddable":true,"href":"https:\/\/www.welovecycling.com\/hu\/wp-json\/wp\/v2\/tags?post=8373"},{"taxonomy":"global-categories","embeddable":true,"href":"https:\/\/www.welovecycling.com\/hu\/wp-json\/wp\/v2\/global-categories?post=8373"}],"curies":[{"name":"wp","href":"https:\/\/api.w.org\/{rel}","templated":true}]}}