{"id":8366,"date":"2020-08-23T08:00:19","date_gmt":"2020-08-23T07:00:19","guid":{"rendered":"https:\/\/www.welovecycling.com\/hu\/?p=8366"},"modified":"2020-08-17T19:51:13","modified_gmt":"2020-08-17T18:51:13","slug":"ujabb-oriasi-bicikli-garazs-hagaban","status":"publish","type":"post","link":"https:\/\/www.welovecycling.com\/hu\/varosi-kerekparozas\/ujabb-oriasi-bicikli-garazs-hagaban\/","title":{"rendered":"\u00dajabb \u00f3ri\u00e1si bicikli-gar\u00e1zs H\u00e1g\u00e1ban"},"content":{"rendered":"<p><strong>J\u00falius v\u00e9g\u00e9n nyitott\u00e1k meg a nyilv\u00e1noss\u00e1g el\u0151tt Hollandia egyik legnagyobb ker\u00e9kp\u00e1r-parkol\u00f3j\u00e1t H\u00e1g\u00e1ban, a vas\u00fat\u00e1llom\u00e1s mellett.<\/strong><!--more--><\/p>\n<p>A gar\u00e1zs k\u00f6r\u00fclbel\u00fcl 8500 ker\u00e9kp\u00e1r t\u00e1rol\u00e1s\u00e1ra alkalmas, \u00e9s 600 k\u00f6lcs\u00f6n\u00f6zhet\u0151 j\u00e1rm\u0171nek ad otthont. A biciklisek lapos mozg\u00f3l\u00e9pcs\u0151kkel gurulhatnak le a l\u00e9tes\u00edtm\u00e9nybe, \u00e9s a gar\u00e1zsban sem kell lesz\u00e1llniuk a nyeregb\u0151l. A neves st\u00fadi\u00f3k \u00e1ltal tervezett helyis\u00e9g megvil\u00e1g\u00edt\u00e1s\u00e1nak \u00e9s m\u0171v\u00e9szi elemeinek k\u00f6sz\u00f6nhet\u0151en sokkal ink\u00e1bb kelti egy m\u00fazeum hat\u00e1s\u00e1t, mintsem egy parkol\u00f3h\u00e1z\u00e9t.<\/p>\n<p><img loading=\"lazy\" decoding=\"async\" class=\"aligncenter size-full wp-image-8368\" src=\"https:\/\/d2p6e6u75xmxt8.cloudfront.net\/12\/2020\/08\/silo.jpeg\" alt=\"\" width=\"780\" height=\"439\" srcset=\"https:\/\/d2p6e6u75xmxt8.cloudfront.net\/12\/2020\/08\/silo.jpeg 780w, https:\/\/d2p6e6u75xmxt8.cloudfront.net\/12\/2020\/08\/silo-300x169.jpeg 300w, https:\/\/d2p6e6u75xmxt8.cloudfront.net\/12\/2020\/08\/silo-768x432.jpeg 768w\" sizes=\"auto, (max-width: 780px) 100vw, 780px\" \/><\/p>\n<p>A hatalmas l\u00e9tes\u00edtm\u00e9ny l\u00e9tjogosults\u00e1ga megk\u00e9rd\u0151jelezhetetlen, mint azt val\u00f3sz\u00edn\u0171leg mindenki tudja, H\u00e1g\u00e1ban hihetetlen\u00fcl n\u00e9pszer\u0171 k\u00f6zleked\u00e9si eszk\u00f6z a bicikli. Hollandi\u00e1ban t\u00f6bb ker\u00e9kp\u00e1r tal\u00e1lhat\u00f3, mint ember! Mintegy 23 milli\u00f3 k\u00e9tkerek\u0171 jut 17 milli\u00f3 lakosra. Term\u00e9szetesen minden kezdem\u00e9nyez\u00e9s, ami arra \u00f6szt\u00f6nzi az embereket, hogy kevesebbet haszn\u00e1lj\u00e1k aut\u00f3ikat, a k\u00f6rnyezet sz\u00e1m\u00e1ra csak j\u00f3 befeketet\u00e9s lehet. Az ut\u00f3bbi id\u0151ben fontosabbak ezek a t\u00f6rekv\u00e9sek, mint valaha, hiszen a COVID-19 miatt tiszt\u00e1bban l\u00e1tjuk, mekkora befoly\u00e1ssal van a leveg\u0151 szennyezetts\u00e9g\u00e9re az aut\u00f3haszn\u00e1lat.<\/p>\n<p><img loading=\"lazy\" decoding=\"async\" class=\"aligncenter size-full wp-image-8369\" src=\"https:\/\/d2p6e6u75xmxt8.cloudfront.net\/12\/2020\/08\/silo4.jpeg\" alt=\"\" width=\"780\" height=\"520\" srcset=\"https:\/\/d2p6e6u75xmxt8.cloudfront.net\/12\/2020\/08\/silo4.jpeg 780w, https:\/\/d2p6e6u75xmxt8.cloudfront.net\/12\/2020\/08\/silo4-300x200.jpeg 300w, https:\/\/d2p6e6u75xmxt8.cloudfront.net\/12\/2020\/08\/silo4-768x512.jpeg 768w, https:\/\/d2p6e6u75xmxt8.cloudfront.net\/12\/2020\/08\/silo4-272x182.jpeg 272w\" sizes=\"auto, (max-width: 780px) 100vw, 780px\" \/><\/p>\n<p>De mit jelent egy ilyen innov\u00e1ci\u00f3s megold\u00e1s, mint az \u00faj h\u00e1gai gar\u00e1zs a vil\u00e1g t\u00f6bbi orsz\u00e1g\u00e1nak? <em>A Field of Dreams<\/em> c\u00edm\u0171 film f\u0151szerepl\u0151j\u00e9nek szavaival \u00f6sszefoglalva: <em>\u201eIf you bulid it, they will come.\u201d <\/em>Teh\u00e1t \u00e9p\u00edts meg, \u00e9s az emberek haszn\u00e1lni fogj\u00e1k! Ha a te c\u00e9ged is fenntarthat\u00f3 megold\u00e1sokban gondolkodik, nem \u00e1rt, ha a z\u00f6ld term\u00e9khez z\u00f6ld helysz\u00ednek \u00e9s infrastrukt\u00fara is t\u00e1rsul!<\/p>\n<p>Mi\u00e9rt menn\u00e9nek a dolgoz\u00f3k biciklivel egy olyan helyre, ahol nem tudj\u00e1k biztons\u00e1gosan t\u00e1rolni? Ha nincs lehet\u0151s\u00e9g felt\u00f6lteni az akkumul\u00e1tort, ki haszn\u00e1lna elektromos aut\u00f3t? Ha az emberek nem tudj\u00e1k komposzt\u00e1lni az \u00f6ko-term\u00e9keket, mi\u00e9rt venn\u00e9k meg \u0151ket? El\u0151sz\u00f6r a lehet\u0151s\u00e9get kell megteremteni, amire fel\u00e9p\u00fclhetnek az \u00faj szok\u00e1sok. H\u00e1ga mindenk\u00e9pp p\u00e9ldamutat\u00f3 \u00e9rt\u00e9k\u0171 ebben.<\/p>\n","protected":false},"excerpt":{"rendered":"<p>J\u00falius v\u00e9g\u00e9n nyitott\u00e1k meg a nyilv\u00e1noss\u00e1g el\u0151tt Hollandia egyik legnagyobb ker\u00e9kp\u00e1r-parkol\u00f3j\u00e1t H\u00e1g\u00e1ban, a vas\u00fat\u00e1llom\u00e1s mellett.<\/p>\n","protected":false},"author":71,"featured_media":8367,"comment_status":"open","ping_status":"open","sticky":false,"template":"","format":"standard","meta":{"footnotes":""},"categories":[9],"tags":[],"global-categories":[],"class_list":["post-8366","post","type-post","status-publish","format-standard","has-post-thumbnail","hentry","category-varosi-kerekparozas"],"yoast_head":"<!-- This site is optimized with the Yoast SEO Premium plugin v25.3 (Yoast SEO v25.9) - https:\/\/yoast.com\/wordpress\/plugins\/seo\/ -->\n<title>\u00dajabb \u00f3ri\u00e1si bicikli-gar\u00e1zs H\u00e1g\u00e1ban - \u0160koda We Love Cycling - Magyarorsz\u00e1g<\/title>\n<meta name=\"robots\" content=\"index, follow, max-snippet:-1, max-image-preview:large, max-video-preview:-1\" \/>\n<link rel=\"canonical\" href=\"https:\/\/www.welovecycling.com\/hu\/varosi-kerekparozas\/ujabb-oriasi-bicikli-garazs-hagaban\/\" \/>\n<meta property=\"og:locale\" content=\"hu_HU\" \/>\n<meta property=\"og:type\" content=\"article\" \/>\n<meta property=\"og:title\" content=\"\u00dajabb \u00f3ri\u00e1si bicikli-gar\u00e1zs H\u00e1g\u00e1ban\" \/>\n<meta property=\"og:description\" content=\"J\u00falius v\u00e9g\u00e9n nyitott\u00e1k meg a nyilv\u00e1noss\u00e1g el\u0151tt Hollandia egyik legnagyobb ker\u00e9kp\u00e1r-parkol\u00f3j\u00e1t H\u00e1g\u00e1ban, a vas\u00fat\u00e1llom\u00e1s mellett.\" \/>\n<meta property=\"og:url\" content=\"https:\/\/www.welovecycling.com\/hu\/varosi-kerekparozas\/ujabb-oriasi-bicikli-garazs-hagaban\/\" \/>\n<meta property=\"og:site_name\" content=\"\u0160koda We Love Cycling - Magyarorsz\u00e1g\" \/>\n<meta property=\"article:publisher\" content=\"https:\/\/www.facebook.com\/WeLoveCyclingHungary\/\" \/>\n<meta property=\"article:published_time\" content=\"2020-08-23T07:00:19+00:00\" \/>\n<meta property=\"og:image\" content=\"https:\/\/d2p6e6u75xmxt8.cloudfront.net\/12\/2020\/08\/silo2.jpeg\" \/>\n\t<meta property=\"og:image:width\" content=\"780\" \/>\n\t<meta property=\"og:image:height\" content=\"520\" \/>\n\t<meta property=\"og:image:type\" content=\"image\/jpeg\" \/>\n<meta name=\"author\" content=\"hegyizs\" \/>\n<meta name=\"twitter:card\" content=\"summary_large_image\" \/>\n<meta name=\"twitter:label1\" content=\"Written by\" \/>\n\t<meta name=\"twitter:data1\" content=\"WLC\" \/>\n\t<meta name=\"twitter:label2\" content=\"Est. reading time\" \/>\n\t<meta name=\"twitter:data2\" content=\"2 minutes\" \/>\n<script type=\"application\/ld+json\" class=\"yoast-schema-graph\">{\"@context\":\"https:\/\/schema.org\",\"@graph\":[{\"@type\":\"WebPage\",\"@id\":\"https:\/\/www.welovecycling.com\/hu\/varosi-kerekparozas\/ujabb-oriasi-bicikli-garazs-hagaban\/\",\"url\":\"https:\/\/www.welovecycling.com\/hu\/varosi-kerekparozas\/ujabb-oriasi-bicikli-garazs-hagaban\/\",\"name\":\"\u00dajabb \u00f3ri\u00e1si bicikli-gar\u00e1zs H\u00e1g\u00e1ban - \u0160koda We Love Cycling - Magyarorsz\u00e1g\",\"isPartOf\":{\"@id\":\"https:\/\/www.welovecycling.com\/hu\/#website\"},\"primaryImageOfPage\":{\"@id\":\"https:\/\/www.welovecycling.com\/hu\/varosi-kerekparozas\/ujabb-oriasi-bicikli-garazs-hagaban\/#primaryimage\"},\"image\":{\"@id\":\"https:\/\/www.welovecycling.com\/hu\/varosi-kerekparozas\/ujabb-oriasi-bicikli-garazs-hagaban\/#primaryimage\"},\"thumbnailUrl\":\"https:\/\/d2p6e6u75xmxt8.cloudfront.net\/12\/2020\/08\/silo2.jpeg\",\"datePublished\":\"2020-08-23T07:00:19+00:00\",\"author\":{\"@id\":\"https:\/\/www.welovecycling.com\/hu\/#\/schema\/person\/414a2aebf1801691a5320edb6468e194\"},\"breadcrumb\":{\"@id\":\"https:\/\/www.welovecycling.com\/hu\/varosi-kerekparozas\/ujabb-oriasi-bicikli-garazs-hagaban\/#breadcrumb\"},\"inLanguage\":\"hu\",\"potentialAction\":[{\"@type\":\"ReadAction\",\"target\":[\"https:\/\/www.welovecycling.com\/hu\/varosi-kerekparozas\/ujabb-oriasi-bicikli-garazs-hagaban\/\"]}]},{\"@type\":\"ImageObject\",\"inLanguage\":\"hu\",\"@id\":\"https:\/\/www.welovecycling.com\/hu\/varosi-kerekparozas\/ujabb-oriasi-bicikli-garazs-hagaban\/#primaryimage\",\"url\":\"https:\/\/d2p6e6u75xmxt8.cloudfront.net\/12\/2020\/08\/silo2.jpeg\",\"contentUrl\":\"https:\/\/d2p6e6u75xmxt8.cloudfront.net\/12\/2020\/08\/silo2.jpeg\",\"width\":780,\"height\":520},{\"@type\":\"BreadcrumbList\",\"@id\":\"https:\/\/www.welovecycling.com\/hu\/varosi-kerekparozas\/ujabb-oriasi-bicikli-garazs-hagaban\/#breadcrumb\",\"itemListElement\":[{\"@type\":\"ListItem\",\"position\":1,\"name\":\"Home\",\"item\":\"https:\/\/www.welovecycling.com\/hu\/\"},{\"@type\":\"ListItem\",\"position\":2,\"name\":\"\u00dajabb \u00f3ri\u00e1si bicikli-gar\u00e1zs H\u00e1g\u00e1ban\"}]},{\"@type\":\"WebSite\",\"@id\":\"https:\/\/www.welovecycling.com\/hu\/#website\",\"url\":\"https:\/\/www.welovecycling.com\/hu\/\",\"name\":\"\u0160koda We Love Cycling - Magyarorsz\u00e1g\",\"description\":\"\u0160koda WeLoveCycling\",\"potentialAction\":[{\"@type\":\"SearchAction\",\"target\":{\"@type\":\"EntryPoint\",\"urlTemplate\":\"https:\/\/www.welovecycling.com\/hu\/?s={search_term_string}\"},\"query-input\":{\"@type\":\"PropertyValueSpecification\",\"valueRequired\":true,\"valueName\":\"search_term_string\"}}],\"inLanguage\":\"hu\"},{\"@type\":\"Person\",\"@id\":\"https:\/\/www.welovecycling.com\/hu\/#\/schema\/person\/414a2aebf1801691a5320edb6468e194\",\"name\":\"hegyizs\",\"image\":{\"@type\":\"ImageObject\",\"inLanguage\":\"hu\",\"@id\":\"https:\/\/www.welovecycling.com\/hu\/#\/schema\/person\/image\/\",\"url\":\"https:\/\/secure.gravatar.com\/avatar\/02cf8a7906b8cf90cecb4679defac7cfd33a1c2e3b88e4903d947f3bb58eedd3?s=96&d=mm&r=g\",\"contentUrl\":\"https:\/\/secure.gravatar.com\/avatar\/02cf8a7906b8cf90cecb4679defac7cfd33a1c2e3b88e4903d947f3bb58eedd3?s=96&d=mm&r=g\",\"caption\":\"hegyizs\"},\"url\":\"https:\/\/www.welovecycling.com\/hu\/author\/hegyizs\/\"}]}<\/script>\n<!-- \/ Yoast SEO Premium plugin. -->","yoast_head_json":{"title":"\u00dajabb \u00f3ri\u00e1si bicikli-gar\u00e1zs H\u00e1g\u00e1ban - \u0160koda We Love Cycling - Magyarorsz\u00e1g","robots":{"index":"index","follow":"follow","max-snippet":"max-snippet:-1","max-image-preview":"max-image-preview:large","max-video-preview":"max-video-preview:-1"},"canonical":"https:\/\/www.welovecycling.com\/hu\/varosi-kerekparozas\/ujabb-oriasi-bicikli-garazs-hagaban\/","og_locale":"hu_HU","og_type":"article","og_title":"\u00dajabb \u00f3ri\u00e1si bicikli-gar\u00e1zs H\u00e1g\u00e1ban","og_description":"J\u00falius v\u00e9g\u00e9n nyitott\u00e1k meg a nyilv\u00e1noss\u00e1g el\u0151tt Hollandia egyik legnagyobb ker\u00e9kp\u00e1r-parkol\u00f3j\u00e1t H\u00e1g\u00e1ban, a vas\u00fat\u00e1llom\u00e1s mellett.","og_url":"https:\/\/www.welovecycling.com\/hu\/varosi-kerekparozas\/ujabb-oriasi-bicikli-garazs-hagaban\/","og_site_name":"\u0160koda We Love Cycling - Magyarorsz\u00e1g","article_publisher":"https:\/\/www.facebook.com\/WeLoveCyclingHungary\/","article_published_time":"2020-08-23T07:00:19+00:00","og_image":[{"width":780,"height":520,"url":"https:\/\/d2p6e6u75xmxt8.cloudfront.net\/12\/2020\/08\/silo2.jpeg","type":"image\/jpeg"}],"author":"hegyizs","twitter_card":"summary_large_image","twitter_misc":{"Written by":"WLC","Est. reading time":"2 minutes"},"schema":{"@context":"https:\/\/schema.org","@graph":[{"@type":"WebPage","@id":"https:\/\/www.welovecycling.com\/hu\/varosi-kerekparozas\/ujabb-oriasi-bicikli-garazs-hagaban\/","url":"https:\/\/www.welovecycling.com\/hu\/varosi-kerekparozas\/ujabb-oriasi-bicikli-garazs-hagaban\/","name":"\u00dajabb \u00f3ri\u00e1si bicikli-gar\u00e1zs H\u00e1g\u00e1ban - \u0160koda We Love Cycling - Magyarorsz\u00e1g","isPartOf":{"@id":"https:\/\/www.welovecycling.com\/hu\/#website"},"primaryImageOfPage":{"@id":"https:\/\/www.welovecycling.com\/hu\/varosi-kerekparozas\/ujabb-oriasi-bicikli-garazs-hagaban\/#primaryimage"},"image":{"@id":"https:\/\/www.welovecycling.com\/hu\/varosi-kerekparozas\/ujabb-oriasi-bicikli-garazs-hagaban\/#primaryimage"},"thumbnailUrl":"https:\/\/d2p6e6u75xmxt8.cloudfront.net\/12\/2020\/08\/silo2.jpeg","datePublished":"2020-08-23T07:00:19+00:00","author":{"@id":"https:\/\/www.welovecycling.com\/hu\/#\/schema\/person\/414a2aebf1801691a5320edb6468e194"},"breadcrumb":{"@id":"https:\/\/www.welovecycling.com\/hu\/varosi-kerekparozas\/ujabb-oriasi-bicikli-garazs-hagaban\/#breadcrumb"},"inLanguage":"hu","potentialAction":[{"@type":"ReadAction","target":["https:\/\/www.welovecycling.com\/hu\/varosi-kerekparozas\/ujabb-oriasi-bicikli-garazs-hagaban\/"]}]},{"@type":"ImageObject","inLanguage":"hu","@id":"https:\/\/www.welovecycling.com\/hu\/varosi-kerekparozas\/ujabb-oriasi-bicikli-garazs-hagaban\/#primaryimage","url":"https:\/\/d2p6e6u75xmxt8.cloudfront.net\/12\/2020\/08\/silo2.jpeg","contentUrl":"https:\/\/d2p6e6u75xmxt8.cloudfront.net\/12\/2020\/08\/silo2.jpeg","width":780,"height":520},{"@type":"BreadcrumbList","@id":"https:\/\/www.welovecycling.com\/hu\/varosi-kerekparozas\/ujabb-oriasi-bicikli-garazs-hagaban\/#breadcrumb","itemListElement":[{"@type":"ListItem","position":1,"name":"Home","item":"https:\/\/www.welovecycling.com\/hu\/"},{"@type":"ListItem","position":2,"name":"\u00dajabb \u00f3ri\u00e1si bicikli-gar\u00e1zs H\u00e1g\u00e1ban"}]},{"@type":"WebSite","@id":"https:\/\/www.welovecycling.com\/hu\/#website","url":"https:\/\/www.welovecycling.com\/hu\/","name":"\u0160koda We Love Cycling - Magyarorsz\u00e1g","description":"\u0160koda WeLoveCycling","potentialAction":[{"@type":"SearchAction","target":{"@type":"EntryPoint","urlTemplate":"https:\/\/www.welovecycling.com\/hu\/?s={search_term_string}"},"query-input":{"@type":"PropertyValueSpecification","valueRequired":true,"valueName":"search_term_string"}}],"inLanguage":"hu"},{"@type":"Person","@id":"https:\/\/www.welovecycling.com\/hu\/#\/schema\/person\/414a2aebf1801691a5320edb6468e194","name":"hegyizs","image":{"@type":"ImageObject","inLanguage":"hu","@id":"https:\/\/www.welovecycling.com\/hu\/#\/schema\/person\/image\/","url":"https:\/\/secure.gravatar.com\/avatar\/02cf8a7906b8cf90cecb4679defac7cfd33a1c2e3b88e4903d947f3bb58eedd3?s=96&d=mm&r=g","contentUrl":"https:\/\/secure.gravatar.com\/avatar\/02cf8a7906b8cf90cecb4679defac7cfd33a1c2e3b88e4903d947f3bb58eedd3?s=96&d=mm&r=g","caption":"hegyizs"},"url":"https:\/\/www.welovecycling.com\/hu\/author\/hegyizs\/"}]}},"_links":{"self":[{"href":"https:\/\/www.welovecycling.com\/hu\/wp-json\/wp\/v2\/posts\/8366","targetHints":{"allow":["GET"]}}],"collection":[{"href":"https:\/\/www.welovecycling.com\/hu\/wp-json\/wp\/v2\/posts"}],"about":[{"href":"https:\/\/www.welovecycling.com\/hu\/wp-json\/wp\/v2\/types\/post"}],"author":[{"embeddable":true,"href":"https:\/\/www.welovecycling.com\/hu\/wp-json\/wp\/v2\/users\/71"}],"replies":[{"embeddable":true,"href":"https:\/\/www.welovecycling.com\/hu\/wp-json\/wp\/v2\/comments?post=8366"}],"version-history":[{"count":1,"href":"https:\/\/www.welovecycling.com\/hu\/wp-json\/wp\/v2\/posts\/8366\/revisions"}],"predecessor-version":[{"id":8370,"href":"https:\/\/www.welovecycling.com\/hu\/wp-json\/wp\/v2\/posts\/8366\/revisions\/8370"}],"wp:featuredmedia":[{"embeddable":true,"href":"https:\/\/www.welovecycling.com\/hu\/wp-json\/wp\/v2\/media\/8367"}],"wp:attachment":[{"href":"https:\/\/www.welovecycling.com\/hu\/wp-json\/wp\/v2\/media?parent=8366"}],"wp:term":[{"taxonomy":"category","embeddable":true,"href":"https:\/\/www.welovecycling.com\/hu\/wp-json\/wp\/v2\/categories?post=8366"},{"taxonomy":"post_tag","embeddable":true,"href":"https:\/\/www.welovecycling.com\/hu\/wp-json\/wp\/v2\/tags?post=8366"},{"taxonomy":"global-categories","embeddable":true,"href":"https:\/\/www.welovecycling.com\/hu\/wp-json\/wp\/v2\/global-categories?post=8366"}],"curies":[{"name":"wp","href":"https:\/\/api.w.org\/{rel}","templated":true}]}}