{"id":8358,"date":"2020-08-22T08:00:33","date_gmt":"2020-08-22T07:00:33","guid":{"rendered":"https:\/\/www.welovecycling.com\/hu\/?p=8358"},"modified":"2020-08-17T19:50:07","modified_gmt":"2020-08-17T18:50:07","slug":"igy-teszi-jobba-az-eletet-egy-e-bike","status":"publish","type":"post","link":"https:\/\/www.welovecycling.com\/hu\/varosi-kerekparozas\/igy-teszi-jobba-az-eletet-egy-e-bike\/","title":{"rendered":"\u00cdgy teszi jobb\u00e1 az \u00e9letet egy e-bike"},"content":{"rendered":"<p><strong>Anna Bird 75 \u00e9vesen is fitt \u00e9s boldog, m\u00e9g a karant\u00e9n ideje alatt is siker\u00fclt kiegyens\u00falyozottnak maradnia. Hogy mi a titka? A gar\u00e1zs m\u00e9ly\u00e9n, rozsd\u00e1s szersz\u00e1mok k\u00f6z\u00f6tt, egy s\u00f6t\u00e9t zugban lapul\u2026.<\/strong><!--more--><\/p>\n<p>\u2026elektromos biciklije! Anna gyerekkor\u00e1ban is ker\u00e9kp\u00e1rozott \u2013 ahogy mindenki \u2013 de akkor szeretett bele igaz\u00e1n a sportba, amikor nyugd\u00edjba ment, \u00e9s a floridai Clermontba k\u00f6lt\u00f6z\u00f6tt.<\/p>\n<p><em>\u201eFelt\u0171nt, hogy itt azt\u00e1n t\u00e9nyleg mindenki bring\u00e1zik, \u00fagyhogy elgondolkodtam, hogy nekem is \u00fajra bele kellene kezdenem!\u201d<\/em> \u2013 eml\u00e9kszik vissza 15 \u00e9vvel ezel\u0151ttre. <em>\u201eAmikor egy szomsz\u00e9dom elh\u00edvott a Disney triatlonra, beszereztem egy olcs\u00f3 biciklit. Az egyik oka, hogy Florid\u00e1ba k\u00f6lt\u00f6ztem a Disney park volt, persze, hogy im\u00e1dtam az \u00f6tletet!\u201d<\/em><\/p>\n<p><img loading=\"lazy\" decoding=\"async\" class=\"aligncenter size-large wp-image-8360\" src=\"https:\/\/d2p6e6u75xmxt8.cloudfront.net\/12\/2020\/08\/wlc_000800-1024x508.jpg\" alt=\"\" width=\"1024\" height=\"508\" srcset=\"https:\/\/d2p6e6u75xmxt8.cloudfront.net\/12\/2020\/08\/wlc_000800-1024x508.jpg 1024w, https:\/\/d2p6e6u75xmxt8.cloudfront.net\/12\/2020\/08\/wlc_000800-300x149.jpg 300w, https:\/\/d2p6e6u75xmxt8.cloudfront.net\/12\/2020\/08\/wlc_000800-768x381.jpg 768w, https:\/\/d2p6e6u75xmxt8.cloudfront.net\/12\/2020\/08\/wlc_000800.jpg 1151w\" sizes=\"auto, (max-width: 1024px) 100vw, 1024px\" \/><\/p>\n<p>K\u00e9tszer is v\u00e9gigcsin\u00e1lta a versenyt, \u00e9s a lelkesed\u00e9se ezut\u00e1n sem hagyott al\u00e1bb. Azonban 70 fel\u00e9 k\u00f6zeledve az \u00edz\u00fcletei m\u00e1r nem voltak a r\u00e9giek: f\u0151leg az emelked\u0151kkel gy\u0171lt meg a baja. 73 \u00e9ves kor\u00e1ban meghozta teh\u00e1t a d\u00f6nt\u00e9st, ami \u00e9lete egyik legjobbj\u00e1nak bizonyult: vett egy e-bring\u00e1t!<\/p>\n<p><em>\u201eMegadja azt a kis extra l\u00f6ketet, ami kell ahhoz, hogy fel tudjak menni a hegyekre a csapattal. Minden nap v\u00e1rom, hogy nyeregbe \u00fclhessek \u00e9s \u00e9rezzem az arcomon a szelet!\u201d<\/em><\/p>\n<figure id=\"attachment_8361\" aria-describedby=\"caption-attachment-8361\" style=\"width: 1000px\" class=\"wp-caption aligncenter\"><img loading=\"lazy\" decoding=\"async\" class=\"size-full wp-image-8361\" src=\"https:\/\/d2p6e6u75xmxt8.cloudfront.net\/12\/2020\/08\/698a9b821a20df5eedad870b86d42c83.jpg\" alt=\"\" width=\"1000\" height=\"653\" srcset=\"https:\/\/d2p6e6u75xmxt8.cloudfront.net\/12\/2020\/08\/698a9b821a20df5eedad870b86d42c83.jpg 1000w, https:\/\/d2p6e6u75xmxt8.cloudfront.net\/12\/2020\/08\/698a9b821a20df5eedad870b86d42c83-300x196.jpg 300w, https:\/\/d2p6e6u75xmxt8.cloudfront.net\/12\/2020\/08\/698a9b821a20df5eedad870b86d42c83-768x502.jpg 768w\" sizes=\"auto, (max-width: 1000px) 100vw, 1000px\" \/><figcaption id=\"caption-attachment-8361\" class=\"wp-caption-text\">Anna egy Atom e-bike mellett d\u00f6nt\u00f6tt.<\/figcaption><\/figure>\n<p>A v\u00e1s\u00e1rl\u00e1s \u00f3ta m\u00e1r j\u00e1rt K\u00edn\u00e1ban, Norv\u00e9gi\u00e1ban, D\u00e1ni\u00e1ban, Hawaii-n \u00e9s persze a Disney World-ben \u00faj bring\u00e1ja h\u00e1t\u00e1n. A koronav\u00edrus miatt azonban meg kellett el\u00e9gednie a helyi kir\u00e1ndul\u00e1sokkal.<\/p>\n<p><em>\u201eA karant\u00e9n elej\u00e9n j\u00f3 \u00e9telekkel igyekeztem boldogg\u00e1 tenni magam, de szerencs\u00e9re hamar r\u00e1j\u00f6ttem, hogy nem eg\u00e9szs\u00e9ges, amit csin\u00e1lok. Att\u00f3l f\u00e9ltem, hogy bele\u0151r\u00fcl\u00f6k a bez\u00e1rts\u00e1gba, \u00fagyhogy a bring\u00e1mhoz fordultam, \u00e9s elkezdtem komolyan sportolni. Odafigyeltem az \u00e9tkez\u00e9sre is, kevesebb cukrot vittem be, \u00e9s rendszeresen j\u00e1rtam tekerni. \u00cdgy siker\u00fclt meg\u0151riznem a fizikai \u00e9s a ment\u00e1lis eg\u00e9szs\u00e9gem is!\u201d<\/em><\/p>\n<p>Anna az\u00f3ta is tartja az edz\u00e9sterv\u00e9t, hetente hat alkalommal leteker 30 km-et! Reggel 15-el kezdi a napot, este pedig ism\u00e9t ugyanennyit tesz meg. H\u00e9tv\u00e9g\u00e9n egyik nap hosszabb t\u00far\u00e1ra indul, m\u00e1sik nap pedig pihen. Profi edz\u00e9s\u00fctem!<\/p>\n<p><em>\u201eElj\u00f6tt az \u00e9n id\u0151m! Im\u00e1dkozom, \u00e9lvezem a gy\u00f6ny\u00f6r\u0171 vil\u00e1got, ami k\u00f6r\u00fcl vesz, \u00e9s kih\u00edv\u00e1sokat keresek minden alkalommal, amikor nyeregbe \u00fcl\u00f6k!\u201d<\/em><\/p>\n<p><em>Forr\u00e1s: <\/em><a href=\"https:\/\/www.bicycling.com\/culture\/a33533599\/weight-loss-cycling-anna-bird\/\"><em>bicycling.com<\/em><\/a><\/p>\n","protected":false},"excerpt":{"rendered":"<p>Anna Bird 75 \u00e9vesen is fitt \u00e9s boldog, m\u00e9g a karant\u00e9n ideje alatt is siker\u00fclt kiegyens\u00falyozottnak maradnia. Hogy mi a [&hellip;]<\/p>\n","protected":false},"author":71,"featured_media":8365,"comment_status":"open","ping_status":"open","sticky":false,"template":"","format":"standard","meta":{"footnotes":""},"categories":[9],"tags":[],"global-categories":[],"class_list":["post-8358","post","type-post","status-publish","format-standard","has-post-thumbnail","hentry","category-varosi-kerekparozas"],"yoast_head":"<!-- This site is optimized with the Yoast SEO Premium plugin v25.3 (Yoast SEO v25.9) - https:\/\/yoast.com\/wordpress\/plugins\/seo\/ -->\n<title>\u00cdgy teszi jobb\u00e1 az \u00e9letet egy e-bike - \u0160koda We Love Cycling - Magyarorsz\u00e1g<\/title>\n<meta name=\"robots\" content=\"index, follow, max-snippet:-1, max-image-preview:large, max-video-preview:-1\" \/>\n<link rel=\"canonical\" href=\"https:\/\/www.welovecycling.com\/hu\/varosi-kerekparozas\/igy-teszi-jobba-az-eletet-egy-e-bike\/\" \/>\n<meta property=\"og:locale\" content=\"hu_HU\" \/>\n<meta property=\"og:type\" content=\"article\" \/>\n<meta property=\"og:title\" content=\"\u00cdgy teszi jobb\u00e1 az \u00e9letet egy e-bike\" \/>\n<meta property=\"og:description\" content=\"Anna Bird 75 \u00e9vesen is fitt \u00e9s boldog, m\u00e9g a karant\u00e9n ideje alatt is siker\u00fclt kiegyens\u00falyozottnak maradnia. Hogy mi a [&hellip;]\" \/>\n<meta property=\"og:url\" content=\"https:\/\/www.welovecycling.com\/hu\/varosi-kerekparozas\/igy-teszi-jobba-az-eletet-egy-e-bike\/\" \/>\n<meta property=\"og:site_name\" content=\"\u0160koda We Love Cycling - Magyarorsz\u00e1g\" \/>\n<meta property=\"article:publisher\" content=\"https:\/\/www.facebook.com\/WeLoveCyclingHungary\/\" \/>\n<meta property=\"article:published_time\" content=\"2020-08-22T07:00:33+00:00\" \/>\n<meta property=\"og:image\" content=\"https:\/\/d2p6e6u75xmxt8.cloudfront.net\/12\/2020\/08\/img-1926-1596723599-1.jpg\" \/>\n\t<meta property=\"og:image:width\" content=\"800\" \/>\n\t<meta property=\"og:image:height\" content=\"396\" \/>\n\t<meta property=\"og:image:type\" content=\"image\/jpeg\" \/>\n<meta name=\"author\" content=\"hegyizs\" \/>\n<meta name=\"twitter:card\" content=\"summary_large_image\" \/>\n<meta name=\"twitter:label1\" content=\"Written by\" \/>\n\t<meta name=\"twitter:data1\" content=\"WLC\" \/>\n\t<meta name=\"twitter:label2\" content=\"Est. reading time\" \/>\n\t<meta name=\"twitter:data2\" content=\"2 minutes\" \/>\n<script type=\"application\/ld+json\" class=\"yoast-schema-graph\">{\"@context\":\"https:\/\/schema.org\",\"@graph\":[{\"@type\":\"WebPage\",\"@id\":\"https:\/\/www.welovecycling.com\/hu\/varosi-kerekparozas\/igy-teszi-jobba-az-eletet-egy-e-bike\/\",\"url\":\"https:\/\/www.welovecycling.com\/hu\/varosi-kerekparozas\/igy-teszi-jobba-az-eletet-egy-e-bike\/\",\"name\":\"\u00cdgy teszi jobb\u00e1 az \u00e9letet egy e-bike - \u0160koda We Love Cycling - Magyarorsz\u00e1g\",\"isPartOf\":{\"@id\":\"https:\/\/www.welovecycling.com\/hu\/#website\"},\"primaryImageOfPage\":{\"@id\":\"https:\/\/www.welovecycling.com\/hu\/varosi-kerekparozas\/igy-teszi-jobba-az-eletet-egy-e-bike\/#primaryimage\"},\"image\":{\"@id\":\"https:\/\/www.welovecycling.com\/hu\/varosi-kerekparozas\/igy-teszi-jobba-az-eletet-egy-e-bike\/#primaryimage\"},\"thumbnailUrl\":\"https:\/\/d2p6e6u75xmxt8.cloudfront.net\/12\/2020\/08\/img-1926-1596723599-1.jpg\",\"datePublished\":\"2020-08-22T07:00:33+00:00\",\"author\":{\"@id\":\"https:\/\/www.welovecycling.com\/hu\/#\/schema\/person\/414a2aebf1801691a5320edb6468e194\"},\"breadcrumb\":{\"@id\":\"https:\/\/www.welovecycling.com\/hu\/varosi-kerekparozas\/igy-teszi-jobba-az-eletet-egy-e-bike\/#breadcrumb\"},\"inLanguage\":\"hu\",\"potentialAction\":[{\"@type\":\"ReadAction\",\"target\":[\"https:\/\/www.welovecycling.com\/hu\/varosi-kerekparozas\/igy-teszi-jobba-az-eletet-egy-e-bike\/\"]}]},{\"@type\":\"ImageObject\",\"inLanguage\":\"hu\",\"@id\":\"https:\/\/www.welovecycling.com\/hu\/varosi-kerekparozas\/igy-teszi-jobba-az-eletet-egy-e-bike\/#primaryimage\",\"url\":\"https:\/\/d2p6e6u75xmxt8.cloudfront.net\/12\/2020\/08\/img-1926-1596723599-1.jpg\",\"contentUrl\":\"https:\/\/d2p6e6u75xmxt8.cloudfront.net\/12\/2020\/08\/img-1926-1596723599-1.jpg\",\"width\":800,\"height\":396},{\"@type\":\"BreadcrumbList\",\"@id\":\"https:\/\/www.welovecycling.com\/hu\/varosi-kerekparozas\/igy-teszi-jobba-az-eletet-egy-e-bike\/#breadcrumb\",\"itemListElement\":[{\"@type\":\"ListItem\",\"position\":1,\"name\":\"Home\",\"item\":\"https:\/\/www.welovecycling.com\/hu\/\"},{\"@type\":\"ListItem\",\"position\":2,\"name\":\"\u00cdgy teszi jobb\u00e1 az \u00e9letet egy e-bike\"}]},{\"@type\":\"WebSite\",\"@id\":\"https:\/\/www.welovecycling.com\/hu\/#website\",\"url\":\"https:\/\/www.welovecycling.com\/hu\/\",\"name\":\"\u0160koda We Love Cycling - Magyarorsz\u00e1g\",\"description\":\"\u0160koda WeLoveCycling\",\"potentialAction\":[{\"@type\":\"SearchAction\",\"target\":{\"@type\":\"EntryPoint\",\"urlTemplate\":\"https:\/\/www.welovecycling.com\/hu\/?s={search_term_string}\"},\"query-input\":{\"@type\":\"PropertyValueSpecification\",\"valueRequired\":true,\"valueName\":\"search_term_string\"}}],\"inLanguage\":\"hu\"},{\"@type\":\"Person\",\"@id\":\"https:\/\/www.welovecycling.com\/hu\/#\/schema\/person\/414a2aebf1801691a5320edb6468e194\",\"name\":\"hegyizs\",\"image\":{\"@type\":\"ImageObject\",\"inLanguage\":\"hu\",\"@id\":\"https:\/\/www.welovecycling.com\/hu\/#\/schema\/person\/image\/\",\"url\":\"https:\/\/secure.gravatar.com\/avatar\/02cf8a7906b8cf90cecb4679defac7cfd33a1c2e3b88e4903d947f3bb58eedd3?s=96&d=mm&r=g\",\"contentUrl\":\"https:\/\/secure.gravatar.com\/avatar\/02cf8a7906b8cf90cecb4679defac7cfd33a1c2e3b88e4903d947f3bb58eedd3?s=96&d=mm&r=g\",\"caption\":\"hegyizs\"},\"url\":\"https:\/\/www.welovecycling.com\/hu\/author\/hegyizs\/\"}]}<\/script>\n<!-- \/ Yoast SEO Premium plugin. -->","yoast_head_json":{"title":"\u00cdgy teszi jobb\u00e1 az \u00e9letet egy e-bike - \u0160koda We Love Cycling - Magyarorsz\u00e1g","robots":{"index":"index","follow":"follow","max-snippet":"max-snippet:-1","max-image-preview":"max-image-preview:large","max-video-preview":"max-video-preview:-1"},"canonical":"https:\/\/www.welovecycling.com\/hu\/varosi-kerekparozas\/igy-teszi-jobba-az-eletet-egy-e-bike\/","og_locale":"hu_HU","og_type":"article","og_title":"\u00cdgy teszi jobb\u00e1 az \u00e9letet egy e-bike","og_description":"Anna Bird 75 \u00e9vesen is fitt \u00e9s boldog, m\u00e9g a karant\u00e9n ideje alatt is siker\u00fclt kiegyens\u00falyozottnak maradnia. Hogy mi a [&hellip;]","og_url":"https:\/\/www.welovecycling.com\/hu\/varosi-kerekparozas\/igy-teszi-jobba-az-eletet-egy-e-bike\/","og_site_name":"\u0160koda We Love Cycling - Magyarorsz\u00e1g","article_publisher":"https:\/\/www.facebook.com\/WeLoveCyclingHungary\/","article_published_time":"2020-08-22T07:00:33+00:00","og_image":[{"width":800,"height":396,"url":"https:\/\/d2p6e6u75xmxt8.cloudfront.net\/12\/2020\/08\/img-1926-1596723599-1.jpg","type":"image\/jpeg"}],"author":"hegyizs","twitter_card":"summary_large_image","twitter_misc":{"Written by":"WLC","Est. reading time":"2 minutes"},"schema":{"@context":"https:\/\/schema.org","@graph":[{"@type":"WebPage","@id":"https:\/\/www.welovecycling.com\/hu\/varosi-kerekparozas\/igy-teszi-jobba-az-eletet-egy-e-bike\/","url":"https:\/\/www.welovecycling.com\/hu\/varosi-kerekparozas\/igy-teszi-jobba-az-eletet-egy-e-bike\/","name":"\u00cdgy teszi jobb\u00e1 az \u00e9letet egy e-bike - \u0160koda We Love Cycling - Magyarorsz\u00e1g","isPartOf":{"@id":"https:\/\/www.welovecycling.com\/hu\/#website"},"primaryImageOfPage":{"@id":"https:\/\/www.welovecycling.com\/hu\/varosi-kerekparozas\/igy-teszi-jobba-az-eletet-egy-e-bike\/#primaryimage"},"image":{"@id":"https:\/\/www.welovecycling.com\/hu\/varosi-kerekparozas\/igy-teszi-jobba-az-eletet-egy-e-bike\/#primaryimage"},"thumbnailUrl":"https:\/\/d2p6e6u75xmxt8.cloudfront.net\/12\/2020\/08\/img-1926-1596723599-1.jpg","datePublished":"2020-08-22T07:00:33+00:00","author":{"@id":"https:\/\/www.welovecycling.com\/hu\/#\/schema\/person\/414a2aebf1801691a5320edb6468e194"},"breadcrumb":{"@id":"https:\/\/www.welovecycling.com\/hu\/varosi-kerekparozas\/igy-teszi-jobba-az-eletet-egy-e-bike\/#breadcrumb"},"inLanguage":"hu","potentialAction":[{"@type":"ReadAction","target":["https:\/\/www.welovecycling.com\/hu\/varosi-kerekparozas\/igy-teszi-jobba-az-eletet-egy-e-bike\/"]}]},{"@type":"ImageObject","inLanguage":"hu","@id":"https:\/\/www.welovecycling.com\/hu\/varosi-kerekparozas\/igy-teszi-jobba-az-eletet-egy-e-bike\/#primaryimage","url":"https:\/\/d2p6e6u75xmxt8.cloudfront.net\/12\/2020\/08\/img-1926-1596723599-1.jpg","contentUrl":"https:\/\/d2p6e6u75xmxt8.cloudfront.net\/12\/2020\/08\/img-1926-1596723599-1.jpg","width":800,"height":396},{"@type":"BreadcrumbList","@id":"https:\/\/www.welovecycling.com\/hu\/varosi-kerekparozas\/igy-teszi-jobba-az-eletet-egy-e-bike\/#breadcrumb","itemListElement":[{"@type":"ListItem","position":1,"name":"Home","item":"https:\/\/www.welovecycling.com\/hu\/"},{"@type":"ListItem","position":2,"name":"\u00cdgy teszi jobb\u00e1 az \u00e9letet egy e-bike"}]},{"@type":"WebSite","@id":"https:\/\/www.welovecycling.com\/hu\/#website","url":"https:\/\/www.welovecycling.com\/hu\/","name":"\u0160koda We Love Cycling - Magyarorsz\u00e1g","description":"\u0160koda WeLoveCycling","potentialAction":[{"@type":"SearchAction","target":{"@type":"EntryPoint","urlTemplate":"https:\/\/www.welovecycling.com\/hu\/?s={search_term_string}"},"query-input":{"@type":"PropertyValueSpecification","valueRequired":true,"valueName":"search_term_string"}}],"inLanguage":"hu"},{"@type":"Person","@id":"https:\/\/www.welovecycling.com\/hu\/#\/schema\/person\/414a2aebf1801691a5320edb6468e194","name":"hegyizs","image":{"@type":"ImageObject","inLanguage":"hu","@id":"https:\/\/www.welovecycling.com\/hu\/#\/schema\/person\/image\/","url":"https:\/\/secure.gravatar.com\/avatar\/02cf8a7906b8cf90cecb4679defac7cfd33a1c2e3b88e4903d947f3bb58eedd3?s=96&d=mm&r=g","contentUrl":"https:\/\/secure.gravatar.com\/avatar\/02cf8a7906b8cf90cecb4679defac7cfd33a1c2e3b88e4903d947f3bb58eedd3?s=96&d=mm&r=g","caption":"hegyizs"},"url":"https:\/\/www.welovecycling.com\/hu\/author\/hegyizs\/"}]}},"_links":{"self":[{"href":"https:\/\/www.welovecycling.com\/hu\/wp-json\/wp\/v2\/posts\/8358","targetHints":{"allow":["GET"]}}],"collection":[{"href":"https:\/\/www.welovecycling.com\/hu\/wp-json\/wp\/v2\/posts"}],"about":[{"href":"https:\/\/www.welovecycling.com\/hu\/wp-json\/wp\/v2\/types\/post"}],"author":[{"embeddable":true,"href":"https:\/\/www.welovecycling.com\/hu\/wp-json\/wp\/v2\/users\/71"}],"replies":[{"embeddable":true,"href":"https:\/\/www.welovecycling.com\/hu\/wp-json\/wp\/v2\/comments?post=8358"}],"version-history":[{"count":1,"href":"https:\/\/www.welovecycling.com\/hu\/wp-json\/wp\/v2\/posts\/8358\/revisions"}],"predecessor-version":[{"id":8363,"href":"https:\/\/www.welovecycling.com\/hu\/wp-json\/wp\/v2\/posts\/8358\/revisions\/8363"}],"wp:featuredmedia":[{"embeddable":true,"href":"https:\/\/www.welovecycling.com\/hu\/wp-json\/wp\/v2\/media\/8365"}],"wp:attachment":[{"href":"https:\/\/www.welovecycling.com\/hu\/wp-json\/wp\/v2\/media?parent=8358"}],"wp:term":[{"taxonomy":"category","embeddable":true,"href":"https:\/\/www.welovecycling.com\/hu\/wp-json\/wp\/v2\/categories?post=8358"},{"taxonomy":"post_tag","embeddable":true,"href":"https:\/\/www.welovecycling.com\/hu\/wp-json\/wp\/v2\/tags?post=8358"},{"taxonomy":"global-categories","embeddable":true,"href":"https:\/\/www.welovecycling.com\/hu\/wp-json\/wp\/v2\/global-categories?post=8358"}],"curies":[{"name":"wp","href":"https:\/\/api.w.org\/{rel}","templated":true}]}}