{"id":8340,"date":"2020-08-24T08:00:36","date_gmt":"2020-08-24T07:00:36","guid":{"rendered":"https:\/\/www.welovecycling.com\/hu\/?p=8340"},"modified":"2020-08-17T19:52:15","modified_gmt":"2020-08-17T18:52:15","slug":"12-montis-dolog-ami-regen-kiraly-volt-de-mar-nem-az","status":"publish","type":"post","link":"https:\/\/www.welovecycling.com\/hu\/trekking-mtb\/12-montis-dolog-ami-regen-kiraly-volt-de-mar-nem-az\/","title":{"rendered":"12 montis dolog, ami r\u00e9gen kir\u00e1ly volt, de m\u00e1r nem az"},"content":{"rendered":"<p><strong>Eml\u00e9kszel m\u00e9g? N\u00e9h\u00e1ny dolognak az a sors lett sz\u00e1nva, hogy \u00e9vtizedekig n\u00e9pszer\u0171 maradjon, azonban nem minden \u00e9s nem mindenki annyira szerencs\u00e9s, mint a J\u00f3bar\u00e1tok karakterei. Az al\u00e1bbiakban felsorolt t\u00edpusok legink\u00e1bb a \u201990-es \u00e9vekb\u0151l sz\u00e1rmaznak \u00e9s akkoriban ezek az eg\u00e9sz MTB-gener\u00e1ci\u00f3 \u00e1lmai voltak, az id\u0151 m\u00fal\u00e1s\u00e1val azonban vagy k\u00ednoss\u00e1 v\u00e1ltak, vagy bebizonyosodott r\u00f3luk, hogy evol\u00faci\u00f3s zs\u00e1kutc\u00e1k. Neked melyik volt a kedvenced? <\/strong><\/p>\n<p><!--more--><\/p>\n<h2><strong>Kevertsz\u00edn\u0171 bicikliv\u00e1zak<\/strong><\/h2>\n<p>A vadul kevertsz\u00edn\u0171re festett v\u00e1zak azt mutatt\u00e1k, mennyire mersz \u0151r\u00fclt lenni bicajosk\u00e9nt. A 90-es \u00e9vek eleje a sportban els\u0151sorban a meg\u0151r\u00fcl\u00e9sr\u0151l sz\u00f3lt \u00e9s ez al\u00f3l a mountain bike sem volt kiv\u00e9tel. Vil\u00e1gszerte a Klein nev\u0171 kisv\u00e1llalkoz\u00e1s gy\u00f6ny\u00f6r\u0171, k\u00e9zzel k\u00e9sz\u00edtett v\u00e1zai voltak a legkeresettebbek, amelyek massz\u00edv, m\u00e9gis rendk\u00edv\u00fcl k\u00f6nny\u0171 alum\u00edniumcs\u00f6vekb\u0151l k\u00e9sz\u00fcltek. Az elk\u00e9sz\u00fclt sz\u00ednvil\u00e1g olyan csod\u00e1latos lett, hogy meg\u00e9rte v\u00e1rni r\u00e1. Ma, t\u00f6bb mint 11 \u00e9vvel a c\u00e9g feloszl\u00e1sa ut\u00e1n a vintage gy\u0171jt\u0151k tov\u00e1bbra is keresik ezeket a ker\u00e9kp\u00e1rokat, azonban a nevets\u00e9ges sz\u00ednmint\u00e1kat a jelenlegi gy\u00e1rt\u00f3k egyike sem k\u00f6veti.<\/p>\n<div id='gallery-1' class='gallery galleryid-8340 gallery-columns-3 gallery-size-large'><figure class='gallery-item'>\n\t\t\t<div class='gallery-icon landscape'>\n\t\t\t\t<a href='https:\/\/d2p6e6u75xmxt8.cloudfront.net\/12\/2020\/08\/colourful_frames_1.jpg'><img loading=\"lazy\" decoding=\"async\" width=\"1024\" height=\"685\" src=\"https:\/\/d2p6e6u75xmxt8.cloudfront.net\/12\/2020\/08\/colourful_frames_1.jpg\" class=\"attachment-large size-large\" alt=\"\" srcset=\"https:\/\/d2p6e6u75xmxt8.cloudfront.net\/12\/2020\/08\/colourful_frames_1.jpg 1024w, https:\/\/d2p6e6u75xmxt8.cloudfront.net\/12\/2020\/08\/colourful_frames_1-300x201.jpg 300w, https:\/\/d2p6e6u75xmxt8.cloudfront.net\/12\/2020\/08\/colourful_frames_1-768x514.jpg 768w, https:\/\/d2p6e6u75xmxt8.cloudfront.net\/12\/2020\/08\/colourful_frames_1-272x182.jpg 272w\" sizes=\"auto, (max-width: 1024px) 100vw, 1024px\" \/><\/a>\n\t\t\t<\/div><\/figure><figure class='gallery-item'>\n\t\t\t<div class='gallery-icon landscape'>\n\t\t\t\t<a href='https:\/\/d2p6e6u75xmxt8.cloudfront.net\/12\/2020\/08\/colourful_frames_2.jpg'><img loading=\"lazy\" decoding=\"async\" width=\"1024\" height=\"788\" src=\"https:\/\/d2p6e6u75xmxt8.cloudfront.net\/12\/2020\/08\/colourful_frames_2-1024x788.jpg\" class=\"attachment-large size-large\" alt=\"\" srcset=\"https:\/\/d2p6e6u75xmxt8.cloudfront.net\/12\/2020\/08\/colourful_frames_2-1024x788.jpg 1024w, https:\/\/d2p6e6u75xmxt8.cloudfront.net\/12\/2020\/08\/colourful_frames_2-300x231.jpg 300w, https:\/\/d2p6e6u75xmxt8.cloudfront.net\/12\/2020\/08\/colourful_frames_2-768x591.jpg 768w, https:\/\/d2p6e6u75xmxt8.cloudfront.net\/12\/2020\/08\/colourful_frames_2.jpg 1200w\" sizes=\"auto, (max-width: 1024px) 100vw, 1024px\" \/><\/a>\n\t\t\t<\/div><\/figure><figure class='gallery-item'>\n\t\t\t<div class='gallery-icon landscape'>\n\t\t\t\t<a href='https:\/\/d2p6e6u75xmxt8.cloudfront.net\/12\/2020\/08\/colourful_frames_3.JPG.jpg'><img loading=\"lazy\" decoding=\"async\" width=\"1024\" height=\"984\" src=\"https:\/\/d2p6e6u75xmxt8.cloudfront.net\/12\/2020\/08\/colourful_frames_3.JPG-1024x984.jpg\" class=\"attachment-large size-large\" alt=\"\" srcset=\"https:\/\/d2p6e6u75xmxt8.cloudfront.net\/12\/2020\/08\/colourful_frames_3.JPG-1024x984.jpg 1024w, https:\/\/d2p6e6u75xmxt8.cloudfront.net\/12\/2020\/08\/colourful_frames_3.JPG-300x288.jpg 300w, https:\/\/d2p6e6u75xmxt8.cloudfront.net\/12\/2020\/08\/colourful_frames_3.JPG-768x738.jpg 768w, https:\/\/d2p6e6u75xmxt8.cloudfront.net\/12\/2020\/08\/colourful_frames_3.JPG.jpg 1274w\" sizes=\"auto, (max-width: 1024px) 100vw, 1024px\" \/><\/a>\n\t\t\t<\/div><\/figure>\n\t\t<\/div>\n\n<h2><strong>Sz\u00ednezett gumiabroncsok<\/strong><\/h2>\n<p>Hasonl\u00f3 n\u00e9zetekb\u0151l ered\u0151en, az egyszer\u0171, fekete gumiabroncsok t\u00fal unalmasak voltak ahhoz, hogy olyan bicikliken legyenek, amelyek pr\u00f3b\u00e1ltak kit\u00f6rni a k\u00f6z\u00e9pszer\u0171s\u00e9gb\u0151l. Mindenekel\u0151tt a (soha el nem feledett) American Onza volt az a c\u00e9g, amelyik j\u00f3 ker\u00e9kp\u00e1rkorm\u00e1nyat, r\u00f3zsasz\u00edn markolatokat \u00e9s Porcupine gumiabroncsokat sz\u00e1ll\u00edtott. Minden ker\u00e9k fal\u00e1n volt egy im\u00e1dnival\u00f3 rajzfilm\u00e1llatka, de a legfigyelemfelkelt\u0151bb maga a gumi sz\u00edne volt: a gumiabroncsokat kr\u00e9mesfeh\u00e9r \u00e1rnyalatban aj\u00e1nlott\u00e1k. Greg Herbold-nak, az els\u0151 UCI Vil\u00e1gbajnoks\u00e1g gy\u0151ztes\u00e9nek is volt egy p\u00e1r ezekb\u0151l a biciklij\u00e9n! Ennek ellen\u00e9re a sz\u00ednes gumiabroncsok teljesen elt\u0171ntek a grunge zene \u00e9s a Game Boy konzolok okozta kavalk\u00e1dban.<\/p>\n<p><img loading=\"lazy\" decoding=\"async\" class=\"alignnone size-full wp-image-8341\" src=\"https:\/\/d2p6e6u75xmxt8.cloudfront.net\/12\/2020\/08\/colored_tires.jpg\" alt=\"\" width=\"776\" height=\"478\" srcset=\"https:\/\/d2p6e6u75xmxt8.cloudfront.net\/12\/2020\/08\/colored_tires.jpg 776w, https:\/\/d2p6e6u75xmxt8.cloudfront.net\/12\/2020\/08\/colored_tires-300x185.jpg 300w, https:\/\/d2p6e6u75xmxt8.cloudfront.net\/12\/2020\/08\/colored_tires-768x473.jpg 768w\" sizes=\"auto, (max-width: 776px) 100vw, 776px\" \/><\/p>\n<h2><strong>Korm\u00e1nyv\u00e9gek <\/strong><\/h2>\n<p>M\u00e9g a downhillerek is rendelkeztek vel\u00fck, ami val\u00f3sz\u00edn\u0171leg t\u00f6bbet mond nek\u00fcnk az akkori DH (downhill) p\u00e1ly\u00e1kr\u00f3l, mint az MTB-r\u00f3l. Mindenki im\u00e1dta \u0151ket \u00e9s egyetlen gy\u00e1rilag gy\u00e1rtott korm\u00e1ny sem volt ennyire men\u0151 egy p\u00e1r kieg\u00e9sz\u00edt\u0151 r\u00fad n\u00e9lk\u00fcl. Tov\u00e1bbra is tal\u00e1lkozhatsz vel\u00fck, mivel az emberek mostans\u00e1g a belt\u00e9ri edz\u0151termekben izzadnak rajtuk. Ezen helyhez k\u00f6t\u00f6tt sz\u00f6rnyeken k\u00edv\u00fcl azonban m\u00e1r semmire nem haszn\u00e1lj\u00e1k ezeket a markolatokat.<\/p>\n<p><img loading=\"lazy\" decoding=\"async\" class=\"alignnone size-full wp-image-8342\" src=\"https:\/\/d2p6e6u75xmxt8.cloudfront.net\/12\/2020\/08\/bar_ends.jpg\" alt=\"\" width=\"996\" height=\"747\" srcset=\"https:\/\/d2p6e6u75xmxt8.cloudfront.net\/12\/2020\/08\/bar_ends.jpg 996w, https:\/\/d2p6e6u75xmxt8.cloudfront.net\/12\/2020\/08\/bar_ends-300x225.jpg 300w, https:\/\/d2p6e6u75xmxt8.cloudfront.net\/12\/2020\/08\/bar_ends-768x576.jpg 768w\" sizes=\"auto, (max-width: 996px) 100vw, 996px\" \/><\/p>\n<h2><strong>H\u00e1rmas l\u00e1nckerekek<\/strong><\/h2>\n<p>Min\u00e9l t\u00f6bb gy\u0171r\u0171, ann\u00e1l t\u00f6bb fogasker\u00e9k. A mountain bike nemcsak el\u00e9rhet\u0151v\u00e9 tette az emberek sz\u00e1m\u00e1ra, hogy aszfaltr\u00f3l terepre forduljanak, hanem lehet\u0151s\u00e9get k\u00edn\u00e1lt a meredek hegyek megm\u00e1sz\u00e1s\u00e1ra is. A durva fut\u00f3fel\u00fclettel ell\u00e1tott sz\u00e9les gumiabroncsokat kiv\u00e9ve, a var\u00e1zslat\u00e9rt a fogaskerekek voltak felel\u0151sek. Olyan sebess\u00e9gfokozatra v\u00e1lthatt\u00e1l, melynek k\u00f6sz\u00f6nhet\u0151en kev\u00e9s er\u0151fesz\u00edt\u00e9ssel is k\u00f6nny\u0171 volt felfel\u00e9 haladni, m\u00e9gis az \u00fat folyamatos v\u00e1lt\u00e1st ig\u00e9nyelt mind az el\u00fcls\u0151, mind a h\u00e1ts\u00f3 v\u00e1lt\u00f3val, a k\u00edv\u00e1nt fokozat \u00e9s a lehet\u0151 legjobb sebess\u00e9g el\u00e9r\u00e9s\u00e9hez. A sok v\u00e1lt\u00e1s miatt persze a l\u00e1nc gyakrabban esett le, mint szerett\u00fck volna, vagy ak\u00e1r bosszant\u00f3 l\u00e1ncakad\u00e1s is el\u0151fordulhatott a legkisebb l\u00e1ncker\u00e9k \u00e9s az als\u00f3 tart\u00f3 k\u00f6z\u00f6tt.<\/p>\n<p><img loading=\"lazy\" decoding=\"async\" class=\"alignnone size-full wp-image-8343\" src=\"https:\/\/d2p6e6u75xmxt8.cloudfront.net\/12\/2020\/08\/chainrings.jpg\" alt=\"\" width=\"750\" height=\"591\" srcset=\"https:\/\/d2p6e6u75xmxt8.cloudfront.net\/12\/2020\/08\/chainrings.jpg 750w, https:\/\/d2p6e6u75xmxt8.cloudfront.net\/12\/2020\/08\/chainrings-300x236.jpg 300w\" sizes=\"auto, (max-width: 750px) 100vw, 750px\" \/><\/p>\n<h2><strong>Neh\u00e9z p\u00e1nc\u00e9l<\/strong><\/h2>\n<p>Val\u00f3sz\u00edn\u0171leg a Tini Ninja Tekn\u0151c\u00f6k c\u00edm\u0171 t\u00e9v\u00e9sorozat \u00f3ri\u00e1si n\u00e9pszer\u0171s\u00e9ge a \u201990-es \u00e9vekben k\u00e9sztette arra az embereket, hogy \u00fagy n\u00e9zzenek ki, mintha katan\u00e1kat \u00e9s nunchakukat haszn\u00e1ltak volna downhill biciklik helyett. A DH el\u0151sz\u00f6r nem volt m\u00e1s, mint egy j\u00f3l \u00f6sszehangolt \u00f6ngyilkoss\u00e1gi k\u00eds\u00e9rlet, aminek keret\u00e9ben ker\u00e9kp\u00e1rral kellett leereszkedni a hegyr\u0151l. Annak \u00e9rdek\u00e9ben, hogy min\u00e9l kev\u00e9sb\u00e9 f\u00e1jjon, egyesek \u00fagy \u00f6lt\u00f6ztek fel, mintha egy lovaggal k\u00e9sz\u00fcln\u00e9nek harcolni, ennek az eredm\u00e9nye lett az MTB teljes testet fed\u0151 ruh\u00e1zata. A megfelel\u0151 v\u00e9delem ellen\u00e9re az eg\u00e9sz testet eltakar\u00f3 ruh\u00e1k nem csak nehezek, de k\u00e9nyelmetlenek is voltak, \u00edgy n\u00e9h\u00e1ny \u00e9vvel k\u00e9s\u0151bb abba is hagyt\u00e1k a visel\u00e9s\u00e9t. Manaps\u00e1g a legt\u00f6bb motoros csak egy egyszer\u0171, rugalmas t\u00e9rdp\u00e1rn\u00e1t \u00e9s keszty\u0171t visel. Az enduro n\u00e9pszer\u0171s\u00e9g\u00e9nek n\u00f6veked\u00e9s\u00e9vel m\u00e9g az egykor n\u00e9pszer\u0171 teljes arcot takar\u00f3 sisakok is elt\u0171ntek \u00e9s helyett\u00fck a k\u00f6nnyebb verzi\u00f3 v\u00e1lt divatoss\u00e1.<\/p>\n<h2><img loading=\"lazy\" decoding=\"async\" class=\"alignnone size-full wp-image-8344\" src=\"https:\/\/d2p6e6u75xmxt8.cloudfront.net\/12\/2020\/08\/full_body_armour.jpg\" alt=\"\" width=\"604\" height=\"900\" srcset=\"https:\/\/d2p6e6u75xmxt8.cloudfront.net\/12\/2020\/08\/full_body_armour.jpg 604w, https:\/\/d2p6e6u75xmxt8.cloudfront.net\/12\/2020\/08\/full_body_armour-201x300.jpg 201w\" sizes=\"auto, (max-width: 604px) 100vw, 604px\" \/><\/h2>\n<h2><strong>K\u00fcl\u00f6n\u00f6sen hossz\u00fa f\u00e9kkarok<\/strong><\/h2>\n<p>Akkoriban a hossz\u00fa f\u00e9kkarok is men\u0151nek sz\u00e1m\u00edtottak. Sajnos azonban igencsak rontottak a bicikli teljes\u00edtm\u00e9ny\u00e9n. Ezzel ellent\u00e9tben manaps\u00e1g ink\u00e1bb a min\u00e9l r\u00f6videbb f\u00e9kkarok az ide\u00e1lisak, ezek biztos\u00edtj\u00e1k a t\u00f6k\u00e9letes egyens\u00falyt \u00e9s a biztons\u00e1gos korm\u00e1nyz\u00e1st.<\/p>\n<p><img loading=\"lazy\" decoding=\"async\" class=\"alignnone size-full wp-image-8345\" src=\"https:\/\/d2p6e6u75xmxt8.cloudfront.net\/12\/2020\/08\/long_stem.jpg\" alt=\"\" width=\"2070\" height=\"1411\" srcset=\"https:\/\/d2p6e6u75xmxt8.cloudfront.net\/12\/2020\/08\/long_stem.jpg 2070w, https:\/\/d2p6e6u75xmxt8.cloudfront.net\/12\/2020\/08\/long_stem-300x204.jpg 300w, https:\/\/d2p6e6u75xmxt8.cloudfront.net\/12\/2020\/08\/long_stem-1024x698.jpg 1024w, https:\/\/d2p6e6u75xmxt8.cloudfront.net\/12\/2020\/08\/long_stem-768x524.jpg 768w, https:\/\/d2p6e6u75xmxt8.cloudfront.net\/12\/2020\/08\/long_stem-1536x1047.jpg 1536w, https:\/\/d2p6e6u75xmxt8.cloudfront.net\/12\/2020\/08\/long_stem-2048x1396.jpg 2048w, https:\/\/d2p6e6u75xmxt8.cloudfront.net\/12\/2020\/08\/long_stem-1920x1309.jpg 1920w, https:\/\/d2p6e6u75xmxt8.cloudfront.net\/12\/2020\/08\/long_stem-1920x1309.jpg 1920w\" sizes=\"auto, (max-width: 2070px) 100vw, 2070px\" \/><\/p>\n<h2><strong>Magura hidraulikus f\u00e9kek<\/strong><\/h2>\n<p>Minden konzolos f\u00e9khaszn\u00e1l\u00f3 a megmond\u00f3ja, mennyire rosszul m\u0171k\u00f6dtek miut\u00e1n v\u00edz \u00e9rte \u0151ket, f\u00fcggetlen\u00fcl att\u00f3l, milyen er\u0151sen nyomt\u00e1k meg a f\u00e9kkart. A n\u00e9met sz\u00e9khely\u0171 Magura c\u00e9g jav\u00edtott a helyzeten, a nagyobb teljes\u00edtm\u00e9ny \u00e9s a hat\u00e9konys\u00e1g \u00e9rdek\u00e9ben hidraulik\u00e1t alkalmazott. Nem csak m\u0171k\u00f6d\u00f6tt, de men\u0151n is n\u00e9zett ki az ikonikus s\u00e1rga sz\u00ednnek k\u00f6sz\u00f6nhet\u0151en. A modern t\u00e1rcsaf\u00e9kek megjelen\u00e9se miatt viszont egy id\u0151 ut\u00e1n ez is mehetett a s\u00fcllyeszt\u0151be.<\/p>\n<p><img loading=\"lazy\" decoding=\"async\" class=\"alignnone size-full wp-image-8346\" src=\"https:\/\/d2p6e6u75xmxt8.cloudfront.net\/12\/2020\/08\/magura_hydraulic_brakes.jpg\" alt=\"\" width=\"1944\" height=\"2203\" srcset=\"https:\/\/d2p6e6u75xmxt8.cloudfront.net\/12\/2020\/08\/magura_hydraulic_brakes.jpg 1944w, https:\/\/d2p6e6u75xmxt8.cloudfront.net\/12\/2020\/08\/magura_hydraulic_brakes-265x300.jpg 265w, https:\/\/d2p6e6u75xmxt8.cloudfront.net\/12\/2020\/08\/magura_hydraulic_brakes-904x1024.jpg 904w, https:\/\/d2p6e6u75xmxt8.cloudfront.net\/12\/2020\/08\/magura_hydraulic_brakes-768x870.jpg 768w, https:\/\/d2p6e6u75xmxt8.cloudfront.net\/12\/2020\/08\/magura_hydraulic_brakes-1355x1536.jpg 1355w, https:\/\/d2p6e6u75xmxt8.cloudfront.net\/12\/2020\/08\/magura_hydraulic_brakes-1807x2048.jpg 1807w, https:\/\/d2p6e6u75xmxt8.cloudfront.net\/12\/2020\/08\/magura_hydraulic_brakes-1694x1920.jpg 1694w, https:\/\/d2p6e6u75xmxt8.cloudfront.net\/12\/2020\/08\/magura_hydraulic_brakes-1694x1920.jpg 1694w\" sizes=\"auto, (max-width: 1944px) 100vw, 1944px\" \/><\/p>\n<h2><strong>T\u00e1rcs\u00e1s kerekek<\/strong><\/h2>\n<p>Az olyan legend\u00e1k, mint John Tomac, Ned Overend vagy Greg Herbold \u00e1ltal haszn\u00e1lt t\u00e1rcs\u00e1s kerekek a \u201990-es \u00e9vek elej\u00e9n a mountain bike egyik legnagyobb sl\u00e1gerei voltak. Nem csak az sim\u00e1bb menethez j\u00e1rultak hozz\u00e1, de fordulni is k\u00f6nnyebb volt vel\u00fck. A rajong\u00f3k m\u00e9g eml\u00e9kezhetnek azokra a dobszer\u0171 hangokra, amit ak\u00e1r a legkisebb \u00fctk\u00f6z\u00e9sn\u00e9l is kiadtak magukb\u00f3l. A t\u00e1rcsakerek kora m\u00e1r \u00e9vtizedek \u00f3ta v\u00e9get \u00e9rt az MTB vil\u00e1g\u00e1ban, de m\u00e9g mindig tiszt\u00e1n eml\u00e9kszem r\u00e1juk, csak\u00fagy, mint a korai Lego Technic j\u00e1t\u00e9kokra.<\/p>\n<h2><img loading=\"lazy\" decoding=\"async\" class=\"alignnone size-full wp-image-8347\" src=\"https:\/\/d2p6e6u75xmxt8.cloudfront.net\/12\/2020\/08\/tioga_disc_drive.jpg\" alt=\"\" width=\"2000\" height=\"1333\" srcset=\"https:\/\/d2p6e6u75xmxt8.cloudfront.net\/12\/2020\/08\/tioga_disc_drive.jpg 2000w, https:\/\/d2p6e6u75xmxt8.cloudfront.net\/12\/2020\/08\/tioga_disc_drive-300x200.jpg 300w, https:\/\/d2p6e6u75xmxt8.cloudfront.net\/12\/2020\/08\/tioga_disc_drive-1024x682.jpg 1024w, https:\/\/d2p6e6u75xmxt8.cloudfront.net\/12\/2020\/08\/tioga_disc_drive-768x512.jpg 768w, https:\/\/d2p6e6u75xmxt8.cloudfront.net\/12\/2020\/08\/tioga_disc_drive-1536x1024.jpg 1536w, https:\/\/d2p6e6u75xmxt8.cloudfront.net\/12\/2020\/08\/tioga_disc_drive-1920x1280.jpg 1920w, https:\/\/d2p6e6u75xmxt8.cloudfront.net\/12\/2020\/08\/tioga_disc_drive-272x182.jpg 272w, https:\/\/d2p6e6u75xmxt8.cloudfront.net\/12\/2020\/08\/tioga_disc_drive-1920x1280.jpg 1920w\" sizes=\"auto, (max-width: 2000px) 100vw, 2000px\" \/><\/h2>\n<h2><strong>Kapcsos ped\u00e1lok l\u00e1bujjtart\u00f3val \u00e9s hevederekkel<\/strong><\/h2>\n<p>Napjainkban a nem felcsatolt \u00e9s a platform ped\u00e1lok k\u00f6z\u00fcl v\u00e1laszthatunk, de ez nem mindig volt \u00edgy. A k\u00f6z\u00fati ker\u00e9kp\u00e1roz\u00e1s adta az ihletet arra, hogy m\u00e9g a sportos mountain bike-okat is kapcsokkal \u00e9s hevederekkel szerelt\u00e9k fel a ped\u00e1l hat\u00e9konys\u00e1ga \u00e9rdek\u00e9ben. A l\u00e1bak \u00e9s a ped\u00e1lok \u00f6sszekapcsol\u00f3d\u00e1sa seg\u00edtett \u00e1tjutni az akad\u00e1lyokon, viszont az \u00edgy t\u00f6rt\u00e9n\u0151 \u00fctk\u00f6z\u00e9sek j\u00f3val vesz\u00e9lyesebbek \u00e9s f\u00e1jdalmasabbak voltak. A kapcsok nem tettek t\u00e9ged jobb versenyz\u0151v\u00e9 eg\u00e9szen addig, am\u00edg el nem saj\u00e1t\u00edtottad a t\u00f6k\u00e9letes nyuszi ugr\u00e1st.<\/p>\n<p><img loading=\"lazy\" decoding=\"async\" class=\"alignnone size-full wp-image-8348\" src=\"https:\/\/d2p6e6u75xmxt8.cloudfront.net\/12\/2020\/08\/toe_clips.jpg\" alt=\"\" width=\"1600\" height=\"1600\" srcset=\"https:\/\/d2p6e6u75xmxt8.cloudfront.net\/12\/2020\/08\/toe_clips.jpg 1600w, https:\/\/d2p6e6u75xmxt8.cloudfront.net\/12\/2020\/08\/toe_clips-300x300.jpg 300w, https:\/\/d2p6e6u75xmxt8.cloudfront.net\/12\/2020\/08\/toe_clips-1024x1024.jpg 1024w, https:\/\/d2p6e6u75xmxt8.cloudfront.net\/12\/2020\/08\/toe_clips-150x150.jpg 150w, https:\/\/d2p6e6u75xmxt8.cloudfront.net\/12\/2020\/08\/toe_clips-768x768.jpg 768w, https:\/\/d2p6e6u75xmxt8.cloudfront.net\/12\/2020\/08\/toe_clips-1536x1536.jpg 1536w\" sizes=\"auto, (max-width: 1600px) 100vw, 1600px\" \/><\/p>\n<h2><strong>Felf\u00fcggesztett f\u00e9kkarok<\/strong><\/h2>\n<p>Biciklim\u00e9rn\u00f6k\u00f6k kem\u00e9nyen dolgoztak az\u00e9rt, hogy f\u00f6ldr\u0151l \u00e9rkez\u0151 dolgok ne tal\u00e1lj\u00e1k el versenyz\u0151 ujjait, tenyer\u00e9t, kez\u00e9t vagy karj\u00e1t. M\u00edg a felf\u00fcggeszt\u00e9s val\u00f3ban seg\u00edtett hat\u00e9konyan ir\u00e1ny\u00edtani a ker\u00e9kp\u00e1rt, ezzel a f\u00e9kkarok pont az ellenkez\u0151j\u00e9t okozt\u00e1k, mint amit szerettek volna: a versenyz\u0151k sokszor \u00fagy \u00e9rezt\u00e9k, mintha k\u00e9t ban\u00e1nt tartan\u00e1nak a kez\u00fckben. Nem csoda, hogy ezeket az eszk\u00f6z\u00f6ket nem sokkal k\u00e9s\u0151bb fel\u00fclm\u00falt\u00e1k a dr\u00e1g\u00e1bb, de jobban is m\u0171k\u00f6d\u0151 felf\u00fcggesztett vill\u00e1k.<\/p>\n<p><img loading=\"lazy\" decoding=\"async\" class=\"size-full wp-image-8349\" src=\"https:\/\/d2p6e6u75xmxt8.cloudfront.net\/12\/2020\/08\/suspension_stem.jpg\" alt=\"\" width=\"1250\" height=\"833\" srcset=\"https:\/\/d2p6e6u75xmxt8.cloudfront.net\/12\/2020\/08\/suspension_stem.jpg 1250w, https:\/\/d2p6e6u75xmxt8.cloudfront.net\/12\/2020\/08\/suspension_stem-300x200.jpg 300w, https:\/\/d2p6e6u75xmxt8.cloudfront.net\/12\/2020\/08\/suspension_stem-1024x682.jpg 1024w, https:\/\/d2p6e6u75xmxt8.cloudfront.net\/12\/2020\/08\/suspension_stem-768x512.jpg 768w, https:\/\/d2p6e6u75xmxt8.cloudfront.net\/12\/2020\/08\/suspension_stem-272x182.jpg 272w\" sizes=\"auto, (max-width: 1250px) 100vw, 1250px\" \/><\/p>\n<h2><strong>Elox\u00e1lt alkatr\u00e9szek<\/strong><\/h2>\n<p>M\u00edg az elox\u00e1lt alkatr\u00e9szek r\u00e9gen korona\u00e9kszerei voltak a t\u00f6k\u00e9letes formatervez\u00e9snek, ma ink\u00e1bb m\u00e1r csak csecsebecsek\u00e9nt tekint\u00fcnk r\u00e1juk. Az \u00e9l\u00e9nk sz\u00edn\u0171 f\u00e9kkarok, palacktart\u00f3k \u00e9s \u00fcl\u00e9sek csavarjai m\u00e1ra m\u00e1r r\u00e9g el lettek feledve: csak\u00fagy, mint a kock\u00e1s ingek \u00e9s a laza pul\u00f3verek.<\/p>\n<h2><strong>26\u2019\u2019 ker\u00e9k<\/strong><\/h2>\n<p>Ha a ker\u00e9k m\u00e9ret\u00e9t n\u00e9zz\u00fck, ez volt a legnagyobb fordulat a ker\u00e9kp\u00e1rok t\u00f6rt\u00e9nelm\u00e9ben. Mik\u00f6zben a k\u00f6r\u00fati biciklik v\u00e9kony, 622 mm \u00e1tm\u00e9r\u0151j\u0171 kerekeken gurultak, addig a hegycs\u00facsok megh\u00f3d\u00edt\u00f3i a neh\u00e9z Schwinn ker\u00e9kp\u00e1rokon tekertek lefel\u00e9 a versenyeken \u00e9s a 26 h\u00fcvelykes \u00e1tm\u00e9r\u0151 a k\u00f6vetkez\u0151 harminc \u00e9vben a standard \u00e9rt\u00e9k lett az MTB vil\u00e1g\u00e1ban. Gary Fisher, aki az MTB egyik \u00fatt\u00f6r\u0151j\u00e9nek sz\u00e1m\u00edt, lelkesen t\u00e1mogatta a nagyobb kerekeket, azonban \u00e9vekbe telt, mire a t\u00f6bbi gy\u00e1rt\u00f3 is megegyezett a 29 h\u00fcvelykben. Amit n\u00e9h\u00e1ny \u00e9vvel ezel\u0151tt m\u00e9g k\u00ednosnak gondoltunk, az mostanra men\u0151 lett \u00e9s ez ford\u00edtva is igaz: a 26\u2019\u2019 kereket haszn\u00e1l\u00f3 biciklisek ma m\u00e1r ugyanolyan viccesek sz\u00e1munkra, mintha feln\u0151tteket l\u00e1tn\u00e1nk gyerekbiciklin tekerni.<\/p>\n<figure id=\"attachment_8350\" aria-describedby=\"caption-attachment-8350\" style=\"width: 948px\" class=\"wp-caption alignnone\"><img loading=\"lazy\" decoding=\"async\" class=\"wp-image-8350 size-full\" src=\"https:\/\/d2p6e6u75xmxt8.cloudfront.net\/12\/2020\/08\/26_inches.jpg\" alt=\"\" width=\"948\" height=\"595\" srcset=\"https:\/\/d2p6e6u75xmxt8.cloudfront.net\/12\/2020\/08\/26_inches.jpg 948w, https:\/\/d2p6e6u75xmxt8.cloudfront.net\/12\/2020\/08\/26_inches-300x188.jpg 300w, https:\/\/d2p6e6u75xmxt8.cloudfront.net\/12\/2020\/08\/26_inches-768x482.jpg 768w\" sizes=\"auto, (max-width: 948px) 100vw, 948px\" \/><figcaption id=\"caption-attachment-8350\" class=\"wp-caption-text\"><em>Furcs\u00e1n n\u00e9z ki, nem igaz?<\/em><\/figcaption><\/figure>\n","protected":false},"excerpt":{"rendered":"<p>Eml\u00e9kszel m\u00e9g? N\u00e9h\u00e1ny dolognak az a sors lett sz\u00e1nva, hogy \u00e9vtizedekig n\u00e9pszer\u0171 maradjon, azonban nem minden \u00e9s nem mindenki annyira [&hellip;]<\/p>\n","protected":false},"author":71,"featured_media":8352,"comment_status":"open","ping_status":"open","sticky":false,"template":"","format":"standard","meta":{"footnotes":""},"categories":[7],"tags":[],"global-categories":[],"class_list":["post-8340","post","type-post","status-publish","format-standard","has-post-thumbnail","hentry","category-trekking-mtb"],"yoast_head":"<!-- This site is optimized with the Yoast SEO Premium plugin v25.3 (Yoast SEO v25.9) - https:\/\/yoast.com\/wordpress\/plugins\/seo\/ -->\n<title>12 montis dolog, ami r\u00e9gen kir\u00e1ly volt, de m\u00e1r nem az - \u0160koda We Love Cycling - Magyarorsz\u00e1g<\/title>\n<meta name=\"description\" content=\"Az al\u00e1bbiakban felsorolt t\u00edpusok legink\u00e1bb a \u201990-es \u00e9vekb\u0151l sz\u00e1rmaznak \u00e9s akkoriban ezek az eg\u00e9sz MTB-gener\u00e1ci\u00f3 \u00e1lmai voltak, az id\u0151 m\u00fal\u00e1s\u00e1val azonban vagy k\u00ednoss\u00e1 v\u00e1ltak, vagy bebizonyosodott r\u00f3luk, hogy evol\u00faci\u00f3s zs\u00e1kutc\u00e1k.\" \/>\n<meta name=\"robots\" content=\"index, follow, max-snippet:-1, max-image-preview:large, max-video-preview:-1\" \/>\n<link rel=\"canonical\" href=\"https:\/\/www.welovecycling.com\/hu\/trekking-mtb\/12-montis-dolog-ami-regen-kiraly-volt-de-mar-nem-az\/\" \/>\n<meta property=\"og:locale\" content=\"hu_HU\" \/>\n<meta property=\"og:type\" content=\"article\" \/>\n<meta property=\"og:title\" content=\"12 montis dolog, ami r\u00e9gen kir\u00e1ly volt, de m\u00e1r nem az\" \/>\n<meta property=\"og:description\" content=\"Az al\u00e1bbiakban felsorolt t\u00edpusok legink\u00e1bb a \u201990-es \u00e9vekb\u0151l sz\u00e1rmaznak \u00e9s akkoriban ezek az eg\u00e9sz MTB-gener\u00e1ci\u00f3 \u00e1lmai voltak, az id\u0151 m\u00fal\u00e1s\u00e1val azonban vagy k\u00ednoss\u00e1 v\u00e1ltak, vagy bebizonyosodott r\u00f3luk, hogy evol\u00faci\u00f3s zs\u00e1kutc\u00e1k.\" \/>\n<meta property=\"og:url\" content=\"https:\/\/www.welovecycling.com\/hu\/trekking-mtb\/12-montis-dolog-ami-regen-kiraly-volt-de-mar-nem-az\/\" \/>\n<meta property=\"og:site_name\" content=\"\u0160koda We Love Cycling - Magyarorsz\u00e1g\" \/>\n<meta property=\"article:publisher\" content=\"https:\/\/www.facebook.com\/WeLoveCyclingHungary\/\" \/>\n<meta property=\"article:published_time\" content=\"2020-08-24T07:00:36+00:00\" \/>\n<meta property=\"og:image\" content=\"https:\/\/d2p6e6u75xmxt8.cloudfront.net\/12\/2020\/08\/MTB-90s-CVR.jpg\" \/>\n\t<meta property=\"og:image:width\" content=\"1366\" \/>\n\t<meta property=\"og:image:height\" content=\"600\" \/>\n\t<meta property=\"og:image:type\" content=\"image\/jpeg\" \/>\n<meta name=\"author\" content=\"hegyizs\" \/>\n<meta name=\"twitter:card\" content=\"summary_large_image\" \/>\n<meta name=\"twitter:title\" content=\"12 montis dolog, ami r\u00e9gen kir\u00e1ly volt, de m\u00e1r nem az\" \/>\n<meta name=\"twitter:label1\" content=\"Written by\" \/>\n\t<meta name=\"twitter:data1\" content=\"Adam Marsal\" \/>\n\t<meta name=\"twitter:label2\" content=\"Est. reading time\" \/>\n\t<meta name=\"twitter:data2\" content=\"7\" \/>\n<script type=\"application\/ld+json\" class=\"yoast-schema-graph\">{\"@context\":\"https:\/\/schema.org\",\"@graph\":[{\"@type\":\"WebPage\",\"@id\":\"https:\/\/www.welovecycling.com\/hu\/trekking-mtb\/12-montis-dolog-ami-regen-kiraly-volt-de-mar-nem-az\/\",\"url\":\"https:\/\/www.welovecycling.com\/hu\/trekking-mtb\/12-montis-dolog-ami-regen-kiraly-volt-de-mar-nem-az\/\",\"name\":\"12 montis dolog, ami r\u00e9gen kir\u00e1ly volt, de m\u00e1r nem az - \u0160koda We Love Cycling - Magyarorsz\u00e1g\",\"isPartOf\":{\"@id\":\"https:\/\/www.welovecycling.com\/hu\/#website\"},\"primaryImageOfPage\":{\"@id\":\"https:\/\/www.welovecycling.com\/hu\/trekking-mtb\/12-montis-dolog-ami-regen-kiraly-volt-de-mar-nem-az\/#primaryimage\"},\"image\":{\"@id\":\"https:\/\/www.welovecycling.com\/hu\/trekking-mtb\/12-montis-dolog-ami-regen-kiraly-volt-de-mar-nem-az\/#primaryimage\"},\"thumbnailUrl\":\"https:\/\/d2p6e6u75xmxt8.cloudfront.net\/12\/2020\/08\/MTB-90s-CVR.jpg\",\"datePublished\":\"2020-08-24T07:00:36+00:00\",\"author\":{\"@id\":\"https:\/\/www.welovecycling.com\/hu\/#\/schema\/person\/414a2aebf1801691a5320edb6468e194\"},\"description\":\"Az al\u00e1bbiakban felsorolt t\u00edpusok legink\u00e1bb a \u201990-es \u00e9vekb\u0151l sz\u00e1rmaznak \u00e9s akkoriban ezek az eg\u00e9sz MTB-gener\u00e1ci\u00f3 \u00e1lmai voltak, az id\u0151 m\u00fal\u00e1s\u00e1val azonban vagy k\u00ednoss\u00e1 v\u00e1ltak, vagy bebizonyosodott r\u00f3luk, hogy evol\u00faci\u00f3s zs\u00e1kutc\u00e1k.\",\"breadcrumb\":{\"@id\":\"https:\/\/www.welovecycling.com\/hu\/trekking-mtb\/12-montis-dolog-ami-regen-kiraly-volt-de-mar-nem-az\/#breadcrumb\"},\"inLanguage\":\"hu\",\"potentialAction\":[{\"@type\":\"ReadAction\",\"target\":[\"https:\/\/www.welovecycling.com\/hu\/trekking-mtb\/12-montis-dolog-ami-regen-kiraly-volt-de-mar-nem-az\/\"]}]},{\"@type\":\"ImageObject\",\"inLanguage\":\"hu\",\"@id\":\"https:\/\/www.welovecycling.com\/hu\/trekking-mtb\/12-montis-dolog-ami-regen-kiraly-volt-de-mar-nem-az\/#primaryimage\",\"url\":\"https:\/\/d2p6e6u75xmxt8.cloudfront.net\/12\/2020\/08\/MTB-90s-CVR.jpg\",\"contentUrl\":\"https:\/\/d2p6e6u75xmxt8.cloudfront.net\/12\/2020\/08\/MTB-90s-CVR.jpg\",\"width\":1366,\"height\":600},{\"@type\":\"BreadcrumbList\",\"@id\":\"https:\/\/www.welovecycling.com\/hu\/trekking-mtb\/12-montis-dolog-ami-regen-kiraly-volt-de-mar-nem-az\/#breadcrumb\",\"itemListElement\":[{\"@type\":\"ListItem\",\"position\":1,\"name\":\"Home\",\"item\":\"https:\/\/www.welovecycling.com\/hu\/\"},{\"@type\":\"ListItem\",\"position\":2,\"name\":\"12 montis dolog, ami r\u00e9gen kir\u00e1ly volt, de m\u00e1r nem az\"}]},{\"@type\":\"WebSite\",\"@id\":\"https:\/\/www.welovecycling.com\/hu\/#website\",\"url\":\"https:\/\/www.welovecycling.com\/hu\/\",\"name\":\"\u0160koda We Love Cycling - Magyarorsz\u00e1g\",\"description\":\"\u0160koda WeLoveCycling\",\"potentialAction\":[{\"@type\":\"SearchAction\",\"target\":{\"@type\":\"EntryPoint\",\"urlTemplate\":\"https:\/\/www.welovecycling.com\/hu\/?s={search_term_string}\"},\"query-input\":{\"@type\":\"PropertyValueSpecification\",\"valueRequired\":true,\"valueName\":\"search_term_string\"}}],\"inLanguage\":\"hu\"},{\"@type\":\"Person\",\"@id\":\"https:\/\/www.welovecycling.com\/hu\/#\/schema\/person\/414a2aebf1801691a5320edb6468e194\",\"name\":\"hegyizs\",\"image\":{\"@type\":\"ImageObject\",\"inLanguage\":\"hu\",\"@id\":\"https:\/\/www.welovecycling.com\/hu\/#\/schema\/person\/image\/\",\"url\":\"https:\/\/secure.gravatar.com\/avatar\/02cf8a7906b8cf90cecb4679defac7cfd33a1c2e3b88e4903d947f3bb58eedd3?s=96&d=mm&r=g\",\"contentUrl\":\"https:\/\/secure.gravatar.com\/avatar\/02cf8a7906b8cf90cecb4679defac7cfd33a1c2e3b88e4903d947f3bb58eedd3?s=96&d=mm&r=g\",\"caption\":\"hegyizs\"},\"url\":\"https:\/\/www.welovecycling.com\/hu\/author\/hegyizs\/\"}]}<\/script>\n<!-- \/ Yoast SEO Premium plugin. -->","yoast_head_json":{"title":"12 montis dolog, ami r\u00e9gen kir\u00e1ly volt, de m\u00e1r nem az - \u0160koda We Love Cycling - Magyarorsz\u00e1g","description":"Az al\u00e1bbiakban felsorolt t\u00edpusok legink\u00e1bb a \u201990-es \u00e9vekb\u0151l sz\u00e1rmaznak \u00e9s akkoriban ezek az eg\u00e9sz MTB-gener\u00e1ci\u00f3 \u00e1lmai voltak, az id\u0151 m\u00fal\u00e1s\u00e1val azonban vagy k\u00ednoss\u00e1 v\u00e1ltak, vagy bebizonyosodott r\u00f3luk, hogy evol\u00faci\u00f3s zs\u00e1kutc\u00e1k.","robots":{"index":"index","follow":"follow","max-snippet":"max-snippet:-1","max-image-preview":"max-image-preview:large","max-video-preview":"max-video-preview:-1"},"canonical":"https:\/\/www.welovecycling.com\/hu\/trekking-mtb\/12-montis-dolog-ami-regen-kiraly-volt-de-mar-nem-az\/","og_locale":"hu_HU","og_type":"article","og_title":"12 montis dolog, ami r\u00e9gen kir\u00e1ly volt, de m\u00e1r nem az","og_description":"Az al\u00e1bbiakban felsorolt t\u00edpusok legink\u00e1bb a \u201990-es \u00e9vekb\u0151l sz\u00e1rmaznak \u00e9s akkoriban ezek az eg\u00e9sz MTB-gener\u00e1ci\u00f3 \u00e1lmai voltak, az id\u0151 m\u00fal\u00e1s\u00e1val azonban vagy k\u00ednoss\u00e1 v\u00e1ltak, vagy bebizonyosodott r\u00f3luk, hogy evol\u00faci\u00f3s zs\u00e1kutc\u00e1k.","og_url":"https:\/\/www.welovecycling.com\/hu\/trekking-mtb\/12-montis-dolog-ami-regen-kiraly-volt-de-mar-nem-az\/","og_site_name":"\u0160koda We Love Cycling - Magyarorsz\u00e1g","article_publisher":"https:\/\/www.facebook.com\/WeLoveCyclingHungary\/","article_published_time":"2020-08-24T07:00:36+00:00","og_image":[{"width":1366,"height":600,"url":"https:\/\/d2p6e6u75xmxt8.cloudfront.net\/12\/2020\/08\/MTB-90s-CVR.jpg","type":"image\/jpeg"}],"author":"hegyizs","twitter_card":"summary_large_image","twitter_title":"12 montis dolog, ami r\u00e9gen kir\u00e1ly volt, de m\u00e1r nem az","twitter_misc":{"Written by":"Adam Marsal","Est. reading time":"7"},"schema":{"@context":"https:\/\/schema.org","@graph":[{"@type":"WebPage","@id":"https:\/\/www.welovecycling.com\/hu\/trekking-mtb\/12-montis-dolog-ami-regen-kiraly-volt-de-mar-nem-az\/","url":"https:\/\/www.welovecycling.com\/hu\/trekking-mtb\/12-montis-dolog-ami-regen-kiraly-volt-de-mar-nem-az\/","name":"12 montis dolog, ami r\u00e9gen kir\u00e1ly volt, de m\u00e1r nem az - \u0160koda We Love Cycling - Magyarorsz\u00e1g","isPartOf":{"@id":"https:\/\/www.welovecycling.com\/hu\/#website"},"primaryImageOfPage":{"@id":"https:\/\/www.welovecycling.com\/hu\/trekking-mtb\/12-montis-dolog-ami-regen-kiraly-volt-de-mar-nem-az\/#primaryimage"},"image":{"@id":"https:\/\/www.welovecycling.com\/hu\/trekking-mtb\/12-montis-dolog-ami-regen-kiraly-volt-de-mar-nem-az\/#primaryimage"},"thumbnailUrl":"https:\/\/d2p6e6u75xmxt8.cloudfront.net\/12\/2020\/08\/MTB-90s-CVR.jpg","datePublished":"2020-08-24T07:00:36+00:00","author":{"@id":"https:\/\/www.welovecycling.com\/hu\/#\/schema\/person\/414a2aebf1801691a5320edb6468e194"},"description":"Az al\u00e1bbiakban felsorolt t\u00edpusok legink\u00e1bb a \u201990-es \u00e9vekb\u0151l sz\u00e1rmaznak \u00e9s akkoriban ezek az eg\u00e9sz MTB-gener\u00e1ci\u00f3 \u00e1lmai voltak, az id\u0151 m\u00fal\u00e1s\u00e1val azonban vagy k\u00ednoss\u00e1 v\u00e1ltak, vagy bebizonyosodott r\u00f3luk, hogy evol\u00faci\u00f3s zs\u00e1kutc\u00e1k.","breadcrumb":{"@id":"https:\/\/www.welovecycling.com\/hu\/trekking-mtb\/12-montis-dolog-ami-regen-kiraly-volt-de-mar-nem-az\/#breadcrumb"},"inLanguage":"hu","potentialAction":[{"@type":"ReadAction","target":["https:\/\/www.welovecycling.com\/hu\/trekking-mtb\/12-montis-dolog-ami-regen-kiraly-volt-de-mar-nem-az\/"]}]},{"@type":"ImageObject","inLanguage":"hu","@id":"https:\/\/www.welovecycling.com\/hu\/trekking-mtb\/12-montis-dolog-ami-regen-kiraly-volt-de-mar-nem-az\/#primaryimage","url":"https:\/\/d2p6e6u75xmxt8.cloudfront.net\/12\/2020\/08\/MTB-90s-CVR.jpg","contentUrl":"https:\/\/d2p6e6u75xmxt8.cloudfront.net\/12\/2020\/08\/MTB-90s-CVR.jpg","width":1366,"height":600},{"@type":"BreadcrumbList","@id":"https:\/\/www.welovecycling.com\/hu\/trekking-mtb\/12-montis-dolog-ami-regen-kiraly-volt-de-mar-nem-az\/#breadcrumb","itemListElement":[{"@type":"ListItem","position":1,"name":"Home","item":"https:\/\/www.welovecycling.com\/hu\/"},{"@type":"ListItem","position":2,"name":"12 montis dolog, ami r\u00e9gen kir\u00e1ly volt, de m\u00e1r nem az"}]},{"@type":"WebSite","@id":"https:\/\/www.welovecycling.com\/hu\/#website","url":"https:\/\/www.welovecycling.com\/hu\/","name":"\u0160koda We Love Cycling - Magyarorsz\u00e1g","description":"\u0160koda WeLoveCycling","potentialAction":[{"@type":"SearchAction","target":{"@type":"EntryPoint","urlTemplate":"https:\/\/www.welovecycling.com\/hu\/?s={search_term_string}"},"query-input":{"@type":"PropertyValueSpecification","valueRequired":true,"valueName":"search_term_string"}}],"inLanguage":"hu"},{"@type":"Person","@id":"https:\/\/www.welovecycling.com\/hu\/#\/schema\/person\/414a2aebf1801691a5320edb6468e194","name":"hegyizs","image":{"@type":"ImageObject","inLanguage":"hu","@id":"https:\/\/www.welovecycling.com\/hu\/#\/schema\/person\/image\/","url":"https:\/\/secure.gravatar.com\/avatar\/02cf8a7906b8cf90cecb4679defac7cfd33a1c2e3b88e4903d947f3bb58eedd3?s=96&d=mm&r=g","contentUrl":"https:\/\/secure.gravatar.com\/avatar\/02cf8a7906b8cf90cecb4679defac7cfd33a1c2e3b88e4903d947f3bb58eedd3?s=96&d=mm&r=g","caption":"hegyizs"},"url":"https:\/\/www.welovecycling.com\/hu\/author\/hegyizs\/"}]}},"_links":{"self":[{"href":"https:\/\/www.welovecycling.com\/hu\/wp-json\/wp\/v2\/posts\/8340","targetHints":{"allow":["GET"]}}],"collection":[{"href":"https:\/\/www.welovecycling.com\/hu\/wp-json\/wp\/v2\/posts"}],"about":[{"href":"https:\/\/www.welovecycling.com\/hu\/wp-json\/wp\/v2\/types\/post"}],"author":[{"embeddable":true,"href":"https:\/\/www.welovecycling.com\/hu\/wp-json\/wp\/v2\/users\/71"}],"replies":[{"embeddable":true,"href":"https:\/\/www.welovecycling.com\/hu\/wp-json\/wp\/v2\/comments?post=8340"}],"version-history":[{"count":2,"href":"https:\/\/www.welovecycling.com\/hu\/wp-json\/wp\/v2\/posts\/8340\/revisions"}],"predecessor-version":[{"id":8357,"href":"https:\/\/www.welovecycling.com\/hu\/wp-json\/wp\/v2\/posts\/8340\/revisions\/8357"}],"wp:featuredmedia":[{"embeddable":true,"href":"https:\/\/www.welovecycling.com\/hu\/wp-json\/wp\/v2\/media\/8352"}],"wp:attachment":[{"href":"https:\/\/www.welovecycling.com\/hu\/wp-json\/wp\/v2\/media?parent=8340"}],"wp:term":[{"taxonomy":"category","embeddable":true,"href":"https:\/\/www.welovecycling.com\/hu\/wp-json\/wp\/v2\/categories?post=8340"},{"taxonomy":"post_tag","embeddable":true,"href":"https:\/\/www.welovecycling.com\/hu\/wp-json\/wp\/v2\/tags?post=8340"},{"taxonomy":"global-categories","embeddable":true,"href":"https:\/\/www.welovecycling.com\/hu\/wp-json\/wp\/v2\/global-categories?post=8340"}],"curies":[{"name":"wp","href":"https:\/\/api.w.org\/{rel}","templated":true}]}}