{"id":8330,"date":"2020-08-27T08:00:10","date_gmt":"2020-08-27T07:00:10","guid":{"rendered":"https:\/\/www.welovecycling.com\/hu\/?p=8330"},"modified":"2020-08-17T19:54:13","modified_gmt":"2020-08-17T18:54:13","slug":"igy-oszd-meg-biztonsagosan-az-utat-a-kamionsoforokkel","status":"publish","type":"post","link":"https:\/\/www.welovecycling.com\/hu\/orszaguti-kerekpar\/igy-oszd-meg-biztonsagosan-az-utat-a-kamionsoforokkel\/","title":{"rendered":"\u00cdgy oszd meg biztons\u00e1gosan az utat a kamionsof\u0151r\u00f6kkel"},"content":{"rendered":"<p><strong>A neh\u00e9z teherg\u00e9pj\u00e1rm\u0171vek nagy vesz\u00e9lyt jelentenek a v\u00e1rosi ker\u00e9kp\u00e1roz\u00f3kra. Ezt bizony\u00edtj\u00e1k azok az eur\u00f3pai v\u00e1rosokban k\u00e9sz\u00fclt tanulm\u00e1nyok is, amik arra vil\u00e1g\u00edtanak r\u00e1, hogy a teheraut\u00f3k jelenl\u00e9te n\u00f6veli a balesetek kock\u00e1zat\u00e1t \u00e9s a kamionos-biciklis balesetek s\u00falyos k\u00f6vetkezm\u00e9nyekkel j\u00e1rnak. <\/strong><\/p>\n<p><!--more--><\/p>\n<h2><strong>A kamionok felel\u0151sek a ker\u00e9kp\u00e1rosok hal\u00e1l\u00e1nak negyed\u00e9\u00e9rt<\/strong><\/h2>\n<p>Az Eur\u00f3pai Uni\u00f3 baleseti adatb\u00e1zisa, a CARE 283 ker\u00e9kp\u00e1ros hal\u00e1los baleset\u00e9t r\u00f6gz\u00edtette 2015-ben, amiket mind teherg\u00e9pj\u00e1rm\u0171vezet\u0151k okoztak. Az EU-ban ez a sz\u00e1m a ker\u00e9kp\u00e1ros hal\u00e1lesetek k\u00f6zel 14 %-\u00e1t tette ki ugyanebben az \u00e9vben. Ez az \u00e9rt\u00e9k csaknem 25 %-ra n\u0151tt olyan orsz\u00e1gokban, mint D\u00e1nia, \u00c9sztorsz\u00e1g, \u00cdrorsz\u00e1g vagy Szlov\u00e1kia. Jelenleg Londonban a legrosszabb a helyzet, ahol k\u00e9t \u00e9vtized alatt a kamionokat nevezt\u00e9k ki a ker\u00e9kp\u00e1rosok hal\u00e1l\u00e1nak f\u0151 okoz\u00f3inak. Mi\u00e9rt lesznek egyre vesz\u00e9lyesebbek a kamionok a ker\u00e9kp\u00e1rosok sz\u00e1m\u00e1ra? Mit tehetnek a biciklisek a saj\u00e1t v\u00e9delm\u00fck \u00e9rdek\u00e9ben?<\/p>\n<figure id=\"attachment_8332\" aria-describedby=\"caption-attachment-8332\" style=\"width: 1250px\" class=\"wp-caption alignnone\"><img loading=\"lazy\" decoding=\"async\" class=\"size-full wp-image-8332\" src=\"https:\/\/d2p6e6u75xmxt8.cloudfront.net\/12\/2020\/08\/Cycling-Trucks-profimedia-0234136204.jpg\" alt=\"Cyclists and Trucks\" width=\"1250\" height=\"833\" srcset=\"https:\/\/d2p6e6u75xmxt8.cloudfront.net\/12\/2020\/08\/Cycling-Trucks-profimedia-0234136204.jpg 1250w, https:\/\/d2p6e6u75xmxt8.cloudfront.net\/12\/2020\/08\/Cycling-Trucks-profimedia-0234136204-300x200.jpg 300w, https:\/\/d2p6e6u75xmxt8.cloudfront.net\/12\/2020\/08\/Cycling-Trucks-profimedia-0234136204-1024x682.jpg 1024w, https:\/\/d2p6e6u75xmxt8.cloudfront.net\/12\/2020\/08\/Cycling-Trucks-profimedia-0234136204-768x512.jpg 768w, https:\/\/d2p6e6u75xmxt8.cloudfront.net\/12\/2020\/08\/Cycling-Trucks-profimedia-0234136204-272x182.jpg 272w\" sizes=\"auto, (max-width: 1250px) 100vw, 1250px\" \/><figcaption id=\"caption-attachment-8332\" class=\"wp-caption-text\"><em>Ker\u00e9kp\u00e1ros az egyik \u00faj Cycle Superhighways \u00faton, a CS7-ben, amely a Southwark-h\u00eddt\u00f3l Tootingig tart. \u00a9 Profimedia<\/em><\/figcaption><\/figure>\n<h2><strong>Helytelen felt\u00e9telez\u00e9sek \u00e9s gyakori hib\u00e1k<\/strong><\/h2>\n<p>Tanulm\u00e1nyok meg\u00e1llap\u00edtott\u00e1k a teheraut\u00f3-bicikli balesetekhez vezet\u0151 legfontosabb kock\u00e1zati t\u00e9nyez\u0151ket. Az egyik leggyakoribb okok k\u00f6z\u00e9 a ker\u00e9kp\u00e1rosok t\u00e9ves felt\u00e9telez\u00e9se tartozik a kamionsof\u0151r\u00f6k kil\u00e1t\u00e1si lehet\u0151s\u00e9geir\u0151l \u00e9s azok az irracion\u00e1lis elv\u00e1r\u00e1sok a biciklisekt\u0151l, hogy a teheraut\u00f3knak mik\u00e9nt k\u00e9ne k\u00f6zlekedni\u00fck. Az egyik legfontosabb hiba a j\u00e1rm\u0171vezet\u0151k r\u00e9sz\u00e9r\u0151l a helytelen\u00fcl be\u00e1ll\u00edtott visszapillant\u00f3 t\u00fckr\u00f6k \u00e9s a lehets\u00e9ges holtterek ismeret\u00e9nek hi\u00e1nya.<\/p>\n<p>Mivel a ker\u00e9kp\u00e1rosok \u00e9s a teheraut\u00f3k elker\u00fclhetetlen\u00fcl egy \u00faton fognak osztozni a j\u00f6v\u0151ben is, seg\u00edt\u00fcnk meg\u00e9rteni a sof\u0151r\u00f6k szempontj\u00e1t is. Annak ellen\u00e9re, hogy magasan k\u00e9pzettek \u00e9s profik, \u0151k is csak emberek, emiatt hib\u00e1zhatnak is. Tekintve a neh\u00e9z teherg\u00e9pj\u00e1rm\u0171vek hatalmas t\u00f6meg\u00e9t, a legkisebb f\u00e9lren\u00e9z\u00e9snek is hal\u00e1los k\u00f6vetkezm\u00e9nye lehet egy biciklis sz\u00e1m\u00e1ra.<\/p>\n<figure id=\"attachment_8333\" aria-describedby=\"caption-attachment-8333\" style=\"width: 1250px\" class=\"wp-caption alignnone\"><img loading=\"lazy\" decoding=\"async\" class=\"size-full wp-image-8333\" src=\"https:\/\/d2p6e6u75xmxt8.cloudfront.net\/12\/2020\/08\/Cycling-Trucks-profimedia-0291176368.jpg\" alt=\"Cyclists and Trucks\" width=\"1250\" height=\"833\" srcset=\"https:\/\/d2p6e6u75xmxt8.cloudfront.net\/12\/2020\/08\/Cycling-Trucks-profimedia-0291176368.jpg 1250w, https:\/\/d2p6e6u75xmxt8.cloudfront.net\/12\/2020\/08\/Cycling-Trucks-profimedia-0291176368-300x200.jpg 300w, https:\/\/d2p6e6u75xmxt8.cloudfront.net\/12\/2020\/08\/Cycling-Trucks-profimedia-0291176368-1024x682.jpg 1024w, https:\/\/d2p6e6u75xmxt8.cloudfront.net\/12\/2020\/08\/Cycling-Trucks-profimedia-0291176368-768x512.jpg 768w, https:\/\/d2p6e6u75xmxt8.cloudfront.net\/12\/2020\/08\/Cycling-Trucks-profimedia-0291176368-272x182.jpg 272w\" sizes=\"auto, (max-width: 1250px) 100vw, 1250px\" \/><figcaption id=\"caption-attachment-8333\" class=\"wp-caption-text\"><em>Londoni csom\u00f3pont <\/em> \u00a9 Profimedia<\/figcaption><\/figure>\n<h2><strong>Biciklisek, adjatok helyet a kamionoknak!<\/strong><\/h2>\n<p>Mivel nem sok ker\u00e9kp\u00e1rosnak van es\u00e9lye teherg\u00e9pkocsi vezet\u00e9s\u00e9re, hajlamosak vagyunk al\u00e1becs\u00fclni a nagy j\u00e1rm\u0171 man\u0151verez\u00e9si k\u00e9pess\u00e9geit. Fordul\u00e1skor egy teheraut\u00f3 (vagy pontosabban a p\u00f3tkocsi egy r\u00e9sze) elfordulhat a mellette elhalad\u00f3 ker\u00e9kp\u00e1ros \u00fatj\u00e1ra, \u00e9s ez az a pillanat, amikor megt\u00f6rt\u00e9nik a baj. Az \u00fctk\u00f6z\u00e9s megel\u0151z\u00e9s\u00e9nek a lehet\u0151 legbiztons\u00e1gosabb m\u00f3dja, ha megtanuljuk a teheraut\u00f3 v\u00e1rhat\u00f3 mozg\u00e1sait. Forgalmas v\u00e1rosokban a nagy teherg\u00e9pj\u00e1rm\u0171vek vezet\u0151i bajban vannak a keskeny utc\u00e1kon, k\u00fcl\u00f6n\u00f6sen, amikor fordulni pr\u00f3b\u00e1lnak. Ha \u00e9szreveszed, hogy kanyarra k\u00e9sz\u00fclnek, akkor f\u00fcggetlen\u00fcl att\u00f3l, hogy balra vagy jobbra veszik az ir\u00e1nyt, lass\u00edts le, \u00e9s engedd, hogy el\u0151bb v\u00e9grehajts\u00e1k a man\u0151vert. A j\u00e1rm\u0171 nagys\u00e1ga term\u00e9szetesen nem jelenti azt, hogy t\u00f6bb k\u00f6z\u00fati joggal rendelkezn\u00e9nek n\u00e1lad, de val\u00f3sz\u00edn\u0171leg te hamarabb veszed \u0151t \u00e9szre, mint ford\u00edtva. Ha ennek ellen\u00e9re egyszerre akarsz megindulni vele egy ilyen helyzetben, az \u00e9rtelmetlen kock\u00e1zat minden \u00e9rintett sz\u00e1m\u00e1ra.<\/p>\n<h2><strong>Vit\u00e1k a holtterek miatt<\/strong><\/h2>\n<p>M\u00e1r sok mindent elmondtunk az aut\u00f3k holttereir\u0151l. A teheraut\u00f3k eset\u00e9ben ez m\u00e9g bonyolultabb, mivel a f\u00fclk\u00e9j\u00fck talajszint feletti magass\u00e1gban van. Alapvet\u0151 tan\u00e1cs, hogy ha nem l\u00e1tod a sof\u0151rt egyik t\u00fck\u00f6rben sem, akkor nagy az es\u00e9ly r\u00e1, hogy \u0151 sem l\u00e1t t\u00e9ged. A k\u00f6zelm\u00faltban a k\u00f6z\u00f6ss\u00e9gi m\u00e9dia felkapott egy k\u00e9pet, ami a teheraut\u00f3k holttereir\u0151l sz\u00f3lt. A k\u00e9pen a j\u00e1rm\u0171 k\u00f6r\u00fcl l\u00e9v\u0151 embereket s\u00e1rg\u00e1val jelezt\u00e9k, ami azt jelentette, hogy l\u00e1thatatlanok voltak a vezet\u0151 sz\u00e1m\u00e1ra. A s\u00e1rga ter\u00fcletek meglep\u0151en nagyok voltak \u00e9s a teheraut\u00f3 elej\u00e9n, h\u00e1tulj\u00e1n \u00e9s az oldal\u00e1n is megtal\u00e1lhat\u00f3k. Ez\u00e9rt figyelmeztetik a sof\u0151r\u00f6k a ker\u00e9kp\u00e1rosokat arra, hogy el\u0151zz\u00e9k meg \u0151ket, akkor is, ha a biciklis s\u00e1vban haladnak.<\/p>\n<div class=\"embed-controller-wrapper\">\n<blockquote class=\"twitter-tweet\" data-width=\"500\" data-dnt=\"true\">\n<p lang=\"en\" dir=\"ltr\">Large trucks and buses have huge blind spots, or \u201cNo Zones.\u201d If you can\u2019t see the driver in the vehicle\u2019s side mirror, assume the driver can\u2019t see you! <a href=\"https:\/\/twitter.com\/hashtag\/OurRoads?src=hash&amp;ref_src=twsrc%5Etfw\">#OurRoads<\/a><br \/>FMCSA-2017 <a href=\"https:\/\/t.co\/1z6nYaRm9M\">pic.twitter.com\/1z6nYaRm9M<\/a><\/p>\n<p>&mdash; Minuteman Trucks (@minutemantrucks) <a href=\"https:\/\/twitter.com\/minutemantrucks\/status\/946441626662129664?ref_src=twsrc%5Etfw\">December 28, 2017<\/a><\/p><\/blockquote>\n<p><script async data-src=\"https:\/\/platform.twitter.com\/widgets.js\" charset=\"utf-8\"><\/script><\/div>\n<p>Ezenk\u00edv\u00fcl soha ne v\u00e1rakozz a h\u0171t\u0151r\u00e1cs k\u00f6zel\u00e9ben, ink\u00e1bb tekerj n\u00e9h\u00e1ny m\u00e9terrel a teheraut\u00f3 el\u0151tt, \u00edgy l\u00e1that\u00f3 leszel. A legjobb m\u00f3dszer, ha a k\u00f6zleked\u00e9si l\u00e1mp\u00e1kn\u00e1l n\u00e9h\u00e1ny m\u00e9ter t\u00e1vols\u00e1got hagysz, majd mikor a l\u00e1mpa z\u00f6ldre v\u00e1lt, folytatod a teker\u00e9st, mik\u00f6zben figyeled a teheraut\u00f3 helyzet\u00e9t. Ha el kell haladnod a kamion mellett, ink\u00e1bb egy egyenes \u00faton k\u00eds\u00e9reld meg, amikor biztos lehetsz benne, hogy a j\u00e1rm\u0171 nem fog hirtelen a te ir\u00e1nyodba fordulni.<\/p>\n<p><img loading=\"lazy\" decoding=\"async\" class=\"alignnone size-full wp-image-8334\" src=\"https:\/\/d2p6e6u75xmxt8.cloudfront.net\/12\/2020\/08\/Blind-Spot-Truck-CVR.jpg\" alt=\"Trucks and Cyclists\" width=\"287\" height=\"175\" \/><\/p>\n<p>Az el\u0151bb le\u00edrtakkal ellent\u00e9tben egy brit teheraut\u00f3-sof\u0151r, Clive Matthews azt nyilatkozta a Forbes UK-nek, hogy a visszapillant\u00f3 t\u00fckr\u00f6k felel\u0151ss\u00e9gteljes haszn\u00e1lata kik\u00fcsz\u00f6b\u00f6ln\u00e9 a holtterek okozta probl\u00e9m\u00e1kat. Szerinte a holtt\u00e9r csup\u00e1n egy m\u00edtosz, ami ments\u00e9get ad azoknak a sof\u0151r\u00f6knek, akik nem figyelnek el\u00e9g j\u00f3l. Matthews szerint, aki maga is biciklis egy \u00f6sszecsukhat\u00f3 ker\u00e9kp\u00e1rral a teheraut\u00f3j\u00e1ban, a legt\u00f6bb koll\u00e9g\u00e1ja egyszer\u0171en nem el\u00e9g k\u00e9pzett a t\u00fckr\u00f6k megfelel\u0151 haszn\u00e1lat\u00e1hoz. Tov\u00e1bb\u00e1 \u00fagy v\u00e9li, hogy rendszeres tr\u00e9ningekkel jav\u00edthat\u00f3 lenne a kamionok k\u00f6zleked\u00e9se az utc\u00e1kon. Mindezek ellen\u00e9re legyen sz\u00f3 holtterekr\u0151l vagy a j\u00e1rm\u0171vezet\u0151k tudatlans\u00e1g\u00e1r\u00f3l, a bicikliseknek k\u00f6teless\u00e9g\u00fck tisztelni a teheraut\u00f3kat!<\/p>\n","protected":false},"excerpt":{"rendered":"<p>A neh\u00e9z teherg\u00e9pj\u00e1rm\u0171vek nagy vesz\u00e9lyt jelentenek a v\u00e1rosi ker\u00e9kp\u00e1roz\u00f3kra. Ezt bizony\u00edtj\u00e1k azok az eur\u00f3pai v\u00e1rosokban k\u00e9sz\u00fclt tanulm\u00e1nyok is, amik arra [&hellip;]<\/p>\n","protected":false},"author":71,"featured_media":8336,"comment_status":"open","ping_status":"open","sticky":false,"template":"","format":"standard","meta":{"footnotes":""},"categories":[8],"tags":[],"global-categories":[],"class_list":["post-8330","post","type-post","status-publish","format-standard","has-post-thumbnail","hentry","category-orszaguti-kerekpar"],"yoast_head":"<!-- This site is optimized with the Yoast SEO Premium plugin v25.3 (Yoast SEO v25.9) - https:\/\/yoast.com\/wordpress\/plugins\/seo\/ -->\n<title>\u00cdgy oszd meg biztons\u00e1gosan az utat a kamionsof\u0151r\u00f6kkel<\/title>\n<meta name=\"description\" content=\"A neh\u00e9z teherg\u00e9pj\u00e1rm\u0171vek nagy vesz\u00e9lyt jelentenek a v\u00e1rosi ker\u00e9kp\u00e1roz\u00f3kra.\" \/>\n<meta name=\"robots\" content=\"index, follow, max-snippet:-1, max-image-preview:large, max-video-preview:-1\" \/>\n<link rel=\"canonical\" href=\"https:\/\/www.welovecycling.com\/hu\/orszaguti-kerekpar\/igy-oszd-meg-biztonsagosan-az-utat-a-kamionsoforokkel\/\" \/>\n<meta property=\"og:locale\" content=\"hu_HU\" \/>\n<meta property=\"og:type\" content=\"article\" \/>\n<meta property=\"og:title\" content=\"\u00cdgy oszd meg biztons\u00e1gosan az utat a kamionsof\u0151r\u00f6kkel\" \/>\n<meta property=\"og:description\" content=\"A neh\u00e9z teherg\u00e9pj\u00e1rm\u0171vek nagy vesz\u00e9lyt jelentenek a v\u00e1rosi ker\u00e9kp\u00e1roz\u00f3kra.\" \/>\n<meta property=\"og:url\" content=\"https:\/\/www.welovecycling.com\/hu\/orszaguti-kerekpar\/igy-oszd-meg-biztonsagosan-az-utat-a-kamionsoforokkel\/\" \/>\n<meta property=\"og:site_name\" content=\"\u0160koda We Love Cycling - Magyarorsz\u00e1g\" \/>\n<meta property=\"article:publisher\" content=\"https:\/\/www.facebook.com\/WeLoveCyclingHungary\/\" \/>\n<meta property=\"article:published_time\" content=\"2020-08-27T07:00:10+00:00\" \/>\n<meta property=\"og:image\" content=\"https:\/\/d2p6e6u75xmxt8.cloudfront.net\/12\/2020\/08\/Cycling-Trucks-CVR-profimedia-0291178810.jpg\" \/>\n\t<meta property=\"og:image:width\" content=\"1366\" \/>\n\t<meta property=\"og:image:height\" content=\"600\" \/>\n\t<meta property=\"og:image:type\" content=\"image\/jpeg\" \/>\n<meta name=\"author\" content=\"hegyizs\" \/>\n<meta name=\"twitter:card\" content=\"summary_large_image\" \/>\n<meta name=\"twitter:title\" content=\"\u00cdgy oszd meg biztons\u00e1gosan az utat a kamionsof\u0151r\u00f6kkel\" \/>\n<meta name=\"twitter:label1\" content=\"Written by\" \/>\n\t<meta name=\"twitter:data1\" content=\"Adam Marsal\" \/>\n\t<meta name=\"twitter:label2\" content=\"Est. reading time\" \/>\n\t<meta name=\"twitter:data2\" content=\"7\" \/>\n<script type=\"application\/ld+json\" class=\"yoast-schema-graph\">{\"@context\":\"https:\/\/schema.org\",\"@graph\":[{\"@type\":\"WebPage\",\"@id\":\"https:\/\/www.welovecycling.com\/hu\/orszaguti-kerekpar\/igy-oszd-meg-biztonsagosan-az-utat-a-kamionsoforokkel\/\",\"url\":\"https:\/\/www.welovecycling.com\/hu\/orszaguti-kerekpar\/igy-oszd-meg-biztonsagosan-az-utat-a-kamionsoforokkel\/\",\"name\":\"\u00cdgy oszd meg biztons\u00e1gosan az utat a kamionsof\u0151r\u00f6kkel\",\"isPartOf\":{\"@id\":\"https:\/\/www.welovecycling.com\/hu\/#website\"},\"primaryImageOfPage\":{\"@id\":\"https:\/\/www.welovecycling.com\/hu\/orszaguti-kerekpar\/igy-oszd-meg-biztonsagosan-az-utat-a-kamionsoforokkel\/#primaryimage\"},\"image\":{\"@id\":\"https:\/\/www.welovecycling.com\/hu\/orszaguti-kerekpar\/igy-oszd-meg-biztonsagosan-az-utat-a-kamionsoforokkel\/#primaryimage\"},\"thumbnailUrl\":\"https:\/\/d2p6e6u75xmxt8.cloudfront.net\/12\/2020\/08\/Cycling-Trucks-CVR-profimedia-0291178810.jpg\",\"datePublished\":\"2020-08-27T07:00:10+00:00\",\"author\":{\"@id\":\"https:\/\/www.welovecycling.com\/hu\/#\/schema\/person\/414a2aebf1801691a5320edb6468e194\"},\"description\":\"A neh\u00e9z teherg\u00e9pj\u00e1rm\u0171vek nagy vesz\u00e9lyt jelentenek a v\u00e1rosi ker\u00e9kp\u00e1roz\u00f3kra.\",\"breadcrumb\":{\"@id\":\"https:\/\/www.welovecycling.com\/hu\/orszaguti-kerekpar\/igy-oszd-meg-biztonsagosan-az-utat-a-kamionsoforokkel\/#breadcrumb\"},\"inLanguage\":\"hu\",\"potentialAction\":[{\"@type\":\"ReadAction\",\"target\":[\"https:\/\/www.welovecycling.com\/hu\/orszaguti-kerekpar\/igy-oszd-meg-biztonsagosan-az-utat-a-kamionsoforokkel\/\"]}]},{\"@type\":\"ImageObject\",\"inLanguage\":\"hu\",\"@id\":\"https:\/\/www.welovecycling.com\/hu\/orszaguti-kerekpar\/igy-oszd-meg-biztonsagosan-az-utat-a-kamionsoforokkel\/#primaryimage\",\"url\":\"https:\/\/d2p6e6u75xmxt8.cloudfront.net\/12\/2020\/08\/Cycling-Trucks-CVR-profimedia-0291178810.jpg\",\"contentUrl\":\"https:\/\/d2p6e6u75xmxt8.cloudfront.net\/12\/2020\/08\/Cycling-Trucks-CVR-profimedia-0291178810.jpg\",\"width\":1366,\"height\":600,\"caption\":\"Cyclists and Trucks\"},{\"@type\":\"BreadcrumbList\",\"@id\":\"https:\/\/www.welovecycling.com\/hu\/orszaguti-kerekpar\/igy-oszd-meg-biztonsagosan-az-utat-a-kamionsoforokkel\/#breadcrumb\",\"itemListElement\":[{\"@type\":\"ListItem\",\"position\":1,\"name\":\"Home\",\"item\":\"https:\/\/www.welovecycling.com\/hu\/\"},{\"@type\":\"ListItem\",\"position\":2,\"name\":\"\u00cdgy oszd meg biztons\u00e1gosan az utat a kamionsof\u0151r\u00f6kkel\"}]},{\"@type\":\"WebSite\",\"@id\":\"https:\/\/www.welovecycling.com\/hu\/#website\",\"url\":\"https:\/\/www.welovecycling.com\/hu\/\",\"name\":\"\u0160koda We Love Cycling - Magyarorsz\u00e1g\",\"description\":\"\u0160koda WeLoveCycling\",\"potentialAction\":[{\"@type\":\"SearchAction\",\"target\":{\"@type\":\"EntryPoint\",\"urlTemplate\":\"https:\/\/www.welovecycling.com\/hu\/?s={search_term_string}\"},\"query-input\":{\"@type\":\"PropertyValueSpecification\",\"valueRequired\":true,\"valueName\":\"search_term_string\"}}],\"inLanguage\":\"hu\"},{\"@type\":\"Person\",\"@id\":\"https:\/\/www.welovecycling.com\/hu\/#\/schema\/person\/414a2aebf1801691a5320edb6468e194\",\"name\":\"hegyizs\",\"image\":{\"@type\":\"ImageObject\",\"inLanguage\":\"hu\",\"@id\":\"https:\/\/www.welovecycling.com\/hu\/#\/schema\/person\/image\/\",\"url\":\"https:\/\/secure.gravatar.com\/avatar\/02cf8a7906b8cf90cecb4679defac7cfd33a1c2e3b88e4903d947f3bb58eedd3?s=96&d=mm&r=g\",\"contentUrl\":\"https:\/\/secure.gravatar.com\/avatar\/02cf8a7906b8cf90cecb4679defac7cfd33a1c2e3b88e4903d947f3bb58eedd3?s=96&d=mm&r=g\",\"caption\":\"hegyizs\"},\"url\":\"https:\/\/www.welovecycling.com\/hu\/author\/hegyizs\/\"}]}<\/script>\n<!-- \/ Yoast SEO Premium plugin. -->","yoast_head_json":{"title":"\u00cdgy oszd meg biztons\u00e1gosan az utat a kamionsof\u0151r\u00f6kkel","description":"A neh\u00e9z teherg\u00e9pj\u00e1rm\u0171vek nagy vesz\u00e9lyt jelentenek a v\u00e1rosi ker\u00e9kp\u00e1roz\u00f3kra.","robots":{"index":"index","follow":"follow","max-snippet":"max-snippet:-1","max-image-preview":"max-image-preview:large","max-video-preview":"max-video-preview:-1"},"canonical":"https:\/\/www.welovecycling.com\/hu\/orszaguti-kerekpar\/igy-oszd-meg-biztonsagosan-az-utat-a-kamionsoforokkel\/","og_locale":"hu_HU","og_type":"article","og_title":"\u00cdgy oszd meg biztons\u00e1gosan az utat a kamionsof\u0151r\u00f6kkel","og_description":"A neh\u00e9z teherg\u00e9pj\u00e1rm\u0171vek nagy vesz\u00e9lyt jelentenek a v\u00e1rosi ker\u00e9kp\u00e1roz\u00f3kra.","og_url":"https:\/\/www.welovecycling.com\/hu\/orszaguti-kerekpar\/igy-oszd-meg-biztonsagosan-az-utat-a-kamionsoforokkel\/","og_site_name":"\u0160koda We Love Cycling - Magyarorsz\u00e1g","article_publisher":"https:\/\/www.facebook.com\/WeLoveCyclingHungary\/","article_published_time":"2020-08-27T07:00:10+00:00","og_image":[{"width":1366,"height":600,"url":"https:\/\/d2p6e6u75xmxt8.cloudfront.net\/12\/2020\/08\/Cycling-Trucks-CVR-profimedia-0291178810.jpg","type":"image\/jpeg"}],"author":"hegyizs","twitter_card":"summary_large_image","twitter_title":"\u00cdgy oszd meg biztons\u00e1gosan az utat a kamionsof\u0151r\u00f6kkel","twitter_misc":{"Written by":"Adam Marsal","Est. reading time":"7"},"schema":{"@context":"https:\/\/schema.org","@graph":[{"@type":"WebPage","@id":"https:\/\/www.welovecycling.com\/hu\/orszaguti-kerekpar\/igy-oszd-meg-biztonsagosan-az-utat-a-kamionsoforokkel\/","url":"https:\/\/www.welovecycling.com\/hu\/orszaguti-kerekpar\/igy-oszd-meg-biztonsagosan-az-utat-a-kamionsoforokkel\/","name":"\u00cdgy oszd meg biztons\u00e1gosan az utat a kamionsof\u0151r\u00f6kkel","isPartOf":{"@id":"https:\/\/www.welovecycling.com\/hu\/#website"},"primaryImageOfPage":{"@id":"https:\/\/www.welovecycling.com\/hu\/orszaguti-kerekpar\/igy-oszd-meg-biztonsagosan-az-utat-a-kamionsoforokkel\/#primaryimage"},"image":{"@id":"https:\/\/www.welovecycling.com\/hu\/orszaguti-kerekpar\/igy-oszd-meg-biztonsagosan-az-utat-a-kamionsoforokkel\/#primaryimage"},"thumbnailUrl":"https:\/\/d2p6e6u75xmxt8.cloudfront.net\/12\/2020\/08\/Cycling-Trucks-CVR-profimedia-0291178810.jpg","datePublished":"2020-08-27T07:00:10+00:00","author":{"@id":"https:\/\/www.welovecycling.com\/hu\/#\/schema\/person\/414a2aebf1801691a5320edb6468e194"},"description":"A neh\u00e9z teherg\u00e9pj\u00e1rm\u0171vek nagy vesz\u00e9lyt jelentenek a v\u00e1rosi ker\u00e9kp\u00e1roz\u00f3kra.","breadcrumb":{"@id":"https:\/\/www.welovecycling.com\/hu\/orszaguti-kerekpar\/igy-oszd-meg-biztonsagosan-az-utat-a-kamionsoforokkel\/#breadcrumb"},"inLanguage":"hu","potentialAction":[{"@type":"ReadAction","target":["https:\/\/www.welovecycling.com\/hu\/orszaguti-kerekpar\/igy-oszd-meg-biztonsagosan-az-utat-a-kamionsoforokkel\/"]}]},{"@type":"ImageObject","inLanguage":"hu","@id":"https:\/\/www.welovecycling.com\/hu\/orszaguti-kerekpar\/igy-oszd-meg-biztonsagosan-az-utat-a-kamionsoforokkel\/#primaryimage","url":"https:\/\/d2p6e6u75xmxt8.cloudfront.net\/12\/2020\/08\/Cycling-Trucks-CVR-profimedia-0291178810.jpg","contentUrl":"https:\/\/d2p6e6u75xmxt8.cloudfront.net\/12\/2020\/08\/Cycling-Trucks-CVR-profimedia-0291178810.jpg","width":1366,"height":600,"caption":"Cyclists and Trucks"},{"@type":"BreadcrumbList","@id":"https:\/\/www.welovecycling.com\/hu\/orszaguti-kerekpar\/igy-oszd-meg-biztonsagosan-az-utat-a-kamionsoforokkel\/#breadcrumb","itemListElement":[{"@type":"ListItem","position":1,"name":"Home","item":"https:\/\/www.welovecycling.com\/hu\/"},{"@type":"ListItem","position":2,"name":"\u00cdgy oszd meg biztons\u00e1gosan az utat a kamionsof\u0151r\u00f6kkel"}]},{"@type":"WebSite","@id":"https:\/\/www.welovecycling.com\/hu\/#website","url":"https:\/\/www.welovecycling.com\/hu\/","name":"\u0160koda We Love Cycling - Magyarorsz\u00e1g","description":"\u0160koda WeLoveCycling","potentialAction":[{"@type":"SearchAction","target":{"@type":"EntryPoint","urlTemplate":"https:\/\/www.welovecycling.com\/hu\/?s={search_term_string}"},"query-input":{"@type":"PropertyValueSpecification","valueRequired":true,"valueName":"search_term_string"}}],"inLanguage":"hu"},{"@type":"Person","@id":"https:\/\/www.welovecycling.com\/hu\/#\/schema\/person\/414a2aebf1801691a5320edb6468e194","name":"hegyizs","image":{"@type":"ImageObject","inLanguage":"hu","@id":"https:\/\/www.welovecycling.com\/hu\/#\/schema\/person\/image\/","url":"https:\/\/secure.gravatar.com\/avatar\/02cf8a7906b8cf90cecb4679defac7cfd33a1c2e3b88e4903d947f3bb58eedd3?s=96&d=mm&r=g","contentUrl":"https:\/\/secure.gravatar.com\/avatar\/02cf8a7906b8cf90cecb4679defac7cfd33a1c2e3b88e4903d947f3bb58eedd3?s=96&d=mm&r=g","caption":"hegyizs"},"url":"https:\/\/www.welovecycling.com\/hu\/author\/hegyizs\/"}]}},"_links":{"self":[{"href":"https:\/\/www.welovecycling.com\/hu\/wp-json\/wp\/v2\/posts\/8330","targetHints":{"allow":["GET"]}}],"collection":[{"href":"https:\/\/www.welovecycling.com\/hu\/wp-json\/wp\/v2\/posts"}],"about":[{"href":"https:\/\/www.welovecycling.com\/hu\/wp-json\/wp\/v2\/types\/post"}],"author":[{"embeddable":true,"href":"https:\/\/www.welovecycling.com\/hu\/wp-json\/wp\/v2\/users\/71"}],"replies":[{"embeddable":true,"href":"https:\/\/www.welovecycling.com\/hu\/wp-json\/wp\/v2\/comments?post=8330"}],"version-history":[{"count":2,"href":"https:\/\/www.welovecycling.com\/hu\/wp-json\/wp\/v2\/posts\/8330\/revisions"}],"predecessor-version":[{"id":8356,"href":"https:\/\/www.welovecycling.com\/hu\/wp-json\/wp\/v2\/posts\/8330\/revisions\/8356"}],"wp:featuredmedia":[{"embeddable":true,"href":"https:\/\/www.welovecycling.com\/hu\/wp-json\/wp\/v2\/media\/8336"}],"wp:attachment":[{"href":"https:\/\/www.welovecycling.com\/hu\/wp-json\/wp\/v2\/media?parent=8330"}],"wp:term":[{"taxonomy":"category","embeddable":true,"href":"https:\/\/www.welovecycling.com\/hu\/wp-json\/wp\/v2\/categories?post=8330"},{"taxonomy":"post_tag","embeddable":true,"href":"https:\/\/www.welovecycling.com\/hu\/wp-json\/wp\/v2\/tags?post=8330"},{"taxonomy":"global-categories","embeddable":true,"href":"https:\/\/www.welovecycling.com\/hu\/wp-json\/wp\/v2\/global-categories?post=8330"}],"curies":[{"name":"wp","href":"https:\/\/api.w.org\/{rel}","templated":true}]}}