{"id":8318,"date":"2020-08-25T08:00:08","date_gmt":"2020-08-25T07:00:08","guid":{"rendered":"https:\/\/www.welovecycling.com\/hu\/?p=8318"},"modified":"2020-08-17T19:52:53","modified_gmt":"2020-08-17T18:52:53","slug":"kerekparozasi-tippek-egy-igazi-profitol-igy-szervezd-meg-a-tokeletes-biciklizos-csaladi-vakaciot","status":"publish","type":"post","link":"https:\/\/www.welovecycling.com\/hu\/trekking-mtb\/kerekparozasi-tippek-egy-igazi-profitol-igy-szervezd-meg-a-tokeletes-biciklizos-csaladi-vakaciot\/","title":{"rendered":"Ker\u00e9kp\u00e1roz\u00e1si tippek egy igazi profit\u00f3l: \u00cdgy szervezd meg a t\u00f6k\u00e9letes bicikliz\u0151s csal\u00e1di vak\u00e1ci\u00f3t"},"content":{"rendered":"<p><strong>Richard \u201eGaspi\u201d Gasperotti, MTB- \u00e9s kalandim\u00e1d\u00f3, emellett ex-freerider megosztotta vel\u00fcnk, hogyan val\u00f3s\u00edtotta meg csal\u00e1dj\u00e1val a t\u00f6k\u00e9letes ker\u00e9kp\u00e1roz\u00f3s vak\u00e1ci\u00f3t.<\/strong><\/p>\n<p><!--more--><\/p>\n<p>Profi bicajoz\u00f3k\u00e9nt \u00e9s csal\u00e1demberk\u00e9nt folyamatos dilemm\u00e1ban vagyok, milyen nyaral\u00e1st szervezzek, amit mindenki \u00e9lvezni fog. Hiszem, hogy nem \u00e9n vagyok az egyetlen apuka, akinek ezzel a probl\u00e9m\u00e1val kell megk\u00fczdenie, mert nem l\u00e9tezik olyan f\u00e9rfi, aki a parkol\u00f3ban hagyn\u00e1 a csal\u00e1dj\u00e1t, am\u00edg \u0151 befejezi a teker\u00e9st a bicikliparkban. Ez\u00e9rt is helyezek mindig kifejezetten nagy hangs\u00falyt az \u00fatic\u00e9l kiv\u00e1laszt\u00e1s\u00e1ra.<\/p>\n<figure id=\"attachment_8319\" aria-describedby=\"caption-attachment-8319\" style=\"width: 1958px\" class=\"wp-caption alignnone\"><img loading=\"lazy\" decoding=\"async\" class=\"wp-image-8319 size-full\" src=\"https:\/\/d2p6e6u75xmxt8.cloudfront.net\/12\/2020\/08\/Gaspi-Family-MTB.jpg\" alt=\"Cycling Holiday with a Family\" width=\"1958\" height=\"1088\" srcset=\"https:\/\/d2p6e6u75xmxt8.cloudfront.net\/12\/2020\/08\/Gaspi-Family-MTB.jpg 1958w, https:\/\/d2p6e6u75xmxt8.cloudfront.net\/12\/2020\/08\/Gaspi-Family-MTB-300x167.jpg 300w, https:\/\/d2p6e6u75xmxt8.cloudfront.net\/12\/2020\/08\/Gaspi-Family-MTB-1024x569.jpg 1024w, https:\/\/d2p6e6u75xmxt8.cloudfront.net\/12\/2020\/08\/Gaspi-Family-MTB-768x427.jpg 768w, https:\/\/d2p6e6u75xmxt8.cloudfront.net\/12\/2020\/08\/Gaspi-Family-MTB-1536x854.jpg 1536w, https:\/\/d2p6e6u75xmxt8.cloudfront.net\/12\/2020\/08\/Gaspi-Family-MTB-1920x1067.jpg 1920w, https:\/\/d2p6e6u75xmxt8.cloudfront.net\/12\/2020\/08\/Gaspi-Family-MTB-1920x1067.jpg 1920w\" sizes=\"auto, (max-width: 1958px) 100vw, 1958px\" \/><figcaption id=\"caption-attachment-8319\" class=\"wp-caption-text\"><em>Ne f\u00e9lj biciklis nyaral\u00e1sra vinni a csal\u00e1dodat! <\/em><\/figcaption><\/figure>\n<p>V\u00e9lem\u00e9nyem szerint a t\u00f6k\u00e9letes helynek egyr\u00e9szt rendelkeznie kell egy szuper biciklis parkkal, ahol ki\u00e9lhetem a szenved\u00e9lyem, emellett pedig egy csal\u00e1doknak sz\u00e1nt l\u00e1tnival\u00f3val is, amik a feles\u00e9gem \u00e9s a l\u00e1nyom ig\u00e9nyeit is kiel\u00e9g\u00edtik.\u00a0 A v\u00edz-\u00e9s vid\u00e1mparkok, illetve a wellness k\u00f6zpontok miatt d\u00f6nt\u00f6tt\u00fcnk Ausztria mellett, pont azut\u00e1n, hogy bejelentett\u00e9k a karant\u00e9nt. Im\u00e1dom ezt az alpesi orsz\u00e1got a hegyei, a Radler (citromos s\u00f6r \u00e9des sz\u00f3d\u00e1val keverve), a kedves emberei \u00e9s a magas min\u0151s\u00e9g\u0171 szolg\u00e1ltat\u00e1sai miatt. A t\u00e9rk\u00e9p gyors \u00e1ttekint\u00e9se ut\u00e1n \u00fagy d\u00f6nt\u00f6tt\u00fcnk, k\u00e9t helyre l\u00e1togatunk el: a Serfaus-Fiss-Ladishez Tirolban \u00e9s a Salzkammergut r\u00e9gi\u00f3hoz a Keleti Alpokba.<\/p>\n<h2><strong>Serfauss-Fiss-Ladis<\/strong><\/h2>\n<p>Turizmus szempontj\u00e1b\u00f3l innovat\u00edv d\u00f6nt\u00e9s volt \u00f6sszekapcsolni h\u00e1rom tiroli falut. Hat \u00e9vvel ezel\u0151tt m\u00e1r j\u00e1rtam itt, de az\u00f3ta hihetetlen\u00fcl megszaporodtak a l\u00e1tnival\u00f3k \u00e9s a szolg\u00e1ltat\u00e1sok. T\u00f6k\u00e9letes p\u00e9ld\u00e1ja a sikeres fejl\u0151d\u00e9snek a helyi biciklis park. H\u00e1rom k\u00e9k, n\u00e9gy piros \u00e9s kett\u0151 fekete s\u00e1vj\u00e1val, ugrat\u00f3 ter\u00fclet\u00e9vel, a gyerekek sz\u00e1m\u00e1ra \u00e9p\u00fclt pump track p\u00e1ly\u00e1j\u00e1val \u00e9s a l\u00e9gzs\u00e1k biztos\u00edt\u00e1s\u00e1val a tr\u00fckk\u00f6k biztons\u00e1gos megtanul\u00e1s\u00e1hoz a park mindent megad egy ker\u00e9kp\u00e1roz\u00f3nak, amir\u0151l valaha \u00e1lmodott. S\u0151t, mi t\u00f6bb, a ter\u00fclet h\u00fasz m\u00e1sik \u00fatvonallal van \u00f6sszekapcsolva, amelyeket a biciklipark \u00e9p\u00edt\u0151i rendszeresen karbantartanak.<\/p>\n<p>Amikor a park menedzsere, Christian bemutatta a k\u00f6vetkez\u0151 \u00e9vtizedre vonatkoz\u00f3 terjeszked\u00e9si terveit, be kellett vallanom magamnak, hogy ez a ker\u00e9kp\u00e1r Paradicsom a j\u00f6v\u0151ben nem csup\u00e1n n\u00e9h\u00e1ny napos marad\u00e1st fog jelenteni nek\u00fcnk. A legnagyobb el\u0151nye ennek a helynek sz\u00e1momra az volt, hogy a csal\u00e1domat a Summer Fun Parkban tudtam hagyni, amely k\u00f6zvetlen\u00fcl a biciklipark elej\u00e9hez vezet\u0151 felvon\u00f3 \u00e1llom\u00e1sa mellett tal\u00e1lhat\u00f3. A park p\u00f3nikkal, trambulinokkal, ugr\u00e1l\u00f3v\u00e1rral \u00e9s tov\u00e1bbi \u00f6tven l\u00e1tnival\u00f3val biztos\u00edt felh\u0151tlen sz\u00f3rakoz\u00e1st a gyerekek sz\u00e1m\u00e1ra. A kisl\u00e1nyom, Eli meggy\u0151z\u00e9se a t\u00e1voz\u00e1sr\u00f3l szinte emberfeletti tett volt a r\u00e9szemr\u0151l.<\/p>\n<figure id=\"attachment_8320\" aria-describedby=\"caption-attachment-8320\" style=\"width: 1958px\" class=\"wp-caption alignnone\"><img loading=\"lazy\" decoding=\"async\" class=\"wp-image-8320 size-full\" src=\"https:\/\/d2p6e6u75xmxt8.cloudfront.net\/12\/2020\/08\/Gaspi-Family-MTB-1.jpg\" alt=\"Cycling Holiday with a Family\" width=\"1958\" height=\"1088\" srcset=\"https:\/\/d2p6e6u75xmxt8.cloudfront.net\/12\/2020\/08\/Gaspi-Family-MTB-1.jpg 1958w, https:\/\/d2p6e6u75xmxt8.cloudfront.net\/12\/2020\/08\/Gaspi-Family-MTB-1-300x167.jpg 300w, https:\/\/d2p6e6u75xmxt8.cloudfront.net\/12\/2020\/08\/Gaspi-Family-MTB-1-1024x569.jpg 1024w, https:\/\/d2p6e6u75xmxt8.cloudfront.net\/12\/2020\/08\/Gaspi-Family-MTB-1-768x427.jpg 768w, https:\/\/d2p6e6u75xmxt8.cloudfront.net\/12\/2020\/08\/Gaspi-Family-MTB-1-1536x854.jpg 1536w, https:\/\/d2p6e6u75xmxt8.cloudfront.net\/12\/2020\/08\/Gaspi-Family-MTB-1-1920x1067.jpg 1920w, https:\/\/d2p6e6u75xmxt8.cloudfront.net\/12\/2020\/08\/Gaspi-Family-MTB-1-1920x1067.jpg 1920w\" sizes=\"auto, (max-width: 1958px) 100vw, 1958px\" \/><figcaption id=\"caption-attachment-8320\" class=\"wp-caption-text\"><em>Boldog az eg\u00e9sz csal\u00e1d.<\/em><\/figcaption><\/figure>\n<p>M\u00e1snap egy helyi ker\u00e9kp\u00e1roz\u00f3val, Andreasszal besz\u00e9ltem le egy tal\u00e1lkoz\u00f3t, aki felvitt engem a Frxommes \u00fatvonalig. A tengerszint felett 2489 m\u00e9ter magass\u00e1gt\u00f3l kilenc nagyon sz\u00f3rakoztat\u00f3 kilom\u00e9ter v\u00e1rt r\u00e1nk. Ek\u00f6zben a feles\u00e9gem, Teresa \u00e9s a l\u00e1nyom, Eli remek\u00fcl \u00e9rezt\u00e9k magukat a Murmliwasser v\u00edzivil\u00e1gban. Hatalmas er\u0151fesz\u00edt\u00e9sembe telt visszavinni \u0151ket a hotelbe, hogy id\u0151ben oda\u00e9rhess\u00fcnk a vacsor\u00e1ra. A v\u00e9g\u00e9n az eg\u00e9sz csapat boldog volt!<\/p>\n<h2><strong>Dachstein Salzkammergut<\/strong><\/h2>\n<p>A k\u00f6vetkez\u0151 \u00fatic\u00e9lunkhoz (Dachstein\/Salzkammergut) \u00f6t \u00f3r\u00e1t kellett utaznunk. Szerencs\u00e9tlens\u00e9g\u00fcnkre az id\u0151 egyre rosszabb lett. A sz\u00e1ll\u00e1sunk Bad Goisern v\u00e1ros\u00e1ban volt, ami az MTB Salzkammer Tr\u00f3fea verseny kiindul\u00f3pontjak\u00e9nt lett ismert. Az \u00e9gen \u00fasz\u00f3 es\u0151felh\u0151k ellen\u00e9re m\u00e1r az \u00e9rkez\u00e9s\u00fcnk pillanat\u00e1ban beleszerett\u00fcnk a helybe. K\u00f6zvetlen\u00fcl a sz\u00e1lloda mellett pisztr\u00e1ngok \u00faszk\u00e1ltak a patakban, osztr\u00e1k n\u00e9pviseletben l\u00e9v\u0151 fiatal f\u00e9rfiak \u00fcnnepelt\u00e9k s\u00f6r\u00f6zve a vak\u00e1ci\u00f3 kezdet\u00e9t, \u00e9s sz\u00e1momra \u00fagy t\u0171nt, mindenki a lehet\u0151 leglaz\u00e1bban kezel mindent. A ter\u00fclet 1500 kilom\u00e9ternyi bicikli\u00fattal rendelkezik. Legt\u00f6bbj\u00fck kiv\u00e9telesen magas, \u00edgy az e-bike-ok sz\u00e1m\u00e1ra is alkalmas. Lehet\u0151s\u00e9gem volt kipr\u00f3b\u00e1lni az eny\u00e9met a Salzkammer tr\u00f3fea t\u00f6bb p\u00e1ly\u00e1j\u00e1n is. Kezd\u0151sz\u00e1mot \u00e9s digit\u00e1lis chipet v\u00e1s\u00e1rolva b\u00e1rki jelentkezhet a versenyre a turisztikai irod\u00e1ban. A r\u00e9sztvev\u0151ket arra \u00f6szt\u00f6nzik, hogy saj\u00e1t d\u00f6nt\u00e9s\u00fck alapj\u00e1n v\u00e1lassz\u00e1k ki a kiindul\u00e1si pontot, ez rendk\u00edv\u00fcl rugalmass\u00e1 teszi az eg\u00e9sz esem\u00e9nyt. A versenyt a p\u00e1lya k\u00f6r\u00fcl sz\u00e9tsz\u00f3rt ellen\u0151rz\u0151-pontok r\u00f6gz\u00edtik. Az eredm\u00e9nyeket v\u00e9g\u00fcl online teszik el\u00e9rhet\u0151v\u00e9, \u00edgy mindenki azonnal l\u00e1thatja, hogyan teljes\u00edtett virtu\u00e1lis ellenfeleivel szemben.<\/p>\n<figure id=\"attachment_8321\" aria-describedby=\"caption-attachment-8321\" style=\"width: 1958px\" class=\"wp-caption alignnone\"><img loading=\"lazy\" decoding=\"async\" class=\"size-full wp-image-8321\" src=\"https:\/\/d2p6e6u75xmxt8.cloudfront.net\/12\/2020\/08\/Gaspi-Family-MTB-2.jpg\" alt=\"Cycling Holiday with a Family\" width=\"1958\" height=\"1088\" srcset=\"https:\/\/d2p6e6u75xmxt8.cloudfront.net\/12\/2020\/08\/Gaspi-Family-MTB-2.jpg 1958w, https:\/\/d2p6e6u75xmxt8.cloudfront.net\/12\/2020\/08\/Gaspi-Family-MTB-2-300x167.jpg 300w, https:\/\/d2p6e6u75xmxt8.cloudfront.net\/12\/2020\/08\/Gaspi-Family-MTB-2-1024x569.jpg 1024w, https:\/\/d2p6e6u75xmxt8.cloudfront.net\/12\/2020\/08\/Gaspi-Family-MTB-2-768x427.jpg 768w, https:\/\/d2p6e6u75xmxt8.cloudfront.net\/12\/2020\/08\/Gaspi-Family-MTB-2-1536x854.jpg 1536w, https:\/\/d2p6e6u75xmxt8.cloudfront.net\/12\/2020\/08\/Gaspi-Family-MTB-2-1920x1067.jpg 1920w, https:\/\/d2p6e6u75xmxt8.cloudfront.net\/12\/2020\/08\/Gaspi-Family-MTB-2-1920x1067.jpg 1920w\" sizes=\"auto, (max-width: 1958px) 100vw, 1958px\" \/><figcaption id=\"caption-attachment-8321\" class=\"wp-caption-text\"><em>A dr\u00f3nfelv\u00e9telek soha nem okoznak csal\u00f3d\u00e1st.<\/em><\/figcaption><\/figure>\n<p>Miel\u0151tt el\u00e9rt volna minket egy nagy zuh\u00e9, az Obertraun Bike Ar\u00e9n\u00e1t is megn\u00e9ztem, ahol sz\u00e1mos jelent\u0151s nemzetk\u00f6zi esem\u00e9ny zajlott m\u00e1r le. Azt kell mondanom, hogy m\u00e9g \u00e9letemben nem l\u00e1ttam ilyen sz\u0171k utat. Az 5,6 km hossz\u00fa k\u00f6r\u00fat kevesebb, mint 300 n\u00e9gyzetm\u00e9ter! A l\u00e1nyom, Eli ink\u00e1bb erdei h\u00e1zakat szeretett volna \u00e9p\u00edteni l\u00e1thatatlan t\u00f6rp\u00e9k sz\u00e1m\u00e1ra, vettem neki feny\u0151 \u00edzes\u00edt\u00e9s\u0171 fagylaltot, ha meg\u00edg\u00e9ri, hogy a p\u00e1lya sz\u00e9l\u00e9n marad. A heves es\u0151z\u00e9sek miatt k\u00fcl\u00f6n\u00f6sen \u00e9rt\u00e9kelt\u00fck a Hallstatt b\u00e1ny\u00e1kat, ahol a karant\u00e9n el\u0151tt s\u00falyos probl\u00e9m\u00e1t jelentettek a k\u00edgy\u00f3z\u00f3 sorok, mivel naponta t\u00f6bb sz\u00e1z turista \u00e9rkezett busszal \u00c1zsi\u00e1b\u00f3l. Id\u00e9n ny\u00e1ron viszont r\u00f6vid id\u0151n bel\u00fcl m\u00e1r bent is voltunk. V\u00e9g\u00fcl m\u00e9g \u00f6r\u00fcltem is az es\u0151nek, k\u00fcl\u00f6nben ki kellett volna hagynom ezt a gy\u00f6ny\u00f6r\u0171 l\u00e1tv\u00e1nyt a non-stop bicikliz\u00e9s miatt. A s\u00f3b\u00e1ny\u00e1k mellett j\u00e9g-\u00e9s mammutbarlangokat is megcsod\u00e1lhattunk. Ausztria ism\u00e9t csod\u00e1latos \u00f6r\u00f6m\u00f6t okozott nem csak nekem, de az eg\u00e9sz csal\u00e1dnak.<\/p>\n","protected":false},"excerpt":{"rendered":"<p>Richard \u201eGaspi\u201d Gasperotti, MTB- \u00e9s kalandim\u00e1d\u00f3, emellett ex-freerider megosztotta vel\u00fcnk, hogyan val\u00f3s\u00edtotta meg csal\u00e1dj\u00e1val a t\u00f6k\u00e9letes ker\u00e9kp\u00e1roz\u00f3s vak\u00e1ci\u00f3t.<\/p>\n","protected":false},"author":71,"featured_media":8323,"comment_status":"open","ping_status":"open","sticky":false,"template":"","format":"standard","meta":{"footnotes":""},"categories":[7],"tags":[],"global-categories":[],"class_list":["post-8318","post","type-post","status-publish","format-standard","has-post-thumbnail","hentry","category-trekking-mtb"],"yoast_head":"<!-- This site is optimized with the Yoast SEO Premium plugin v25.3 (Yoast SEO v25.9) - https:\/\/yoast.com\/wordpress\/plugins\/seo\/ -->\n<title>\u00cdgy szervezd meg a t\u00f6k\u00e9letes bicikliz\u0151s csal\u00e1di vak\u00e1ci\u00f3t - \u0160koda We Love Cycling - Magyarorsz\u00e1g<\/title>\n<meta name=\"description\" content=\"Richard \u201eGaspi\u201d Gasperotti, MTB- \u00e9s kalandim\u00e1d\u00f3, emellett ex-freerider megosztotta vel\u00fcnk, hogyan val\u00f3s\u00edtotta meg csal\u00e1dj\u00e1val a t\u00f6k\u00e9letes ker\u00e9kp\u00e1roz\u00f3s vak\u00e1ci\u00f3t.\" \/>\n<meta name=\"robots\" content=\"index, follow, max-snippet:-1, max-image-preview:large, max-video-preview:-1\" \/>\n<link rel=\"canonical\" href=\"https:\/\/www.welovecycling.com\/hu\/trekking-mtb\/kerekparozasi-tippek-egy-igazi-profitol-igy-szervezd-meg-a-tokeletes-biciklizos-csaladi-vakaciot\/\" \/>\n<meta property=\"og:locale\" content=\"hu_HU\" \/>\n<meta property=\"og:type\" content=\"article\" \/>\n<meta property=\"og:title\" content=\"\u00cdgy szervezd meg a t\u00f6k\u00e9letes bicikliz\u0151s csal\u00e1di vak\u00e1ci\u00f3t\" \/>\n<meta property=\"og:description\" content=\"Richard \u201eGaspi\u201d Gasperotti, MTB- \u00e9s kalandim\u00e1d\u00f3, emellett ex-freerider megosztotta vel\u00fcnk, hogyan val\u00f3s\u00edtotta meg csal\u00e1dj\u00e1val a t\u00f6k\u00e9letes ker\u00e9kp\u00e1roz\u00f3s vak\u00e1ci\u00f3t.\" \/>\n<meta property=\"og:url\" content=\"https:\/\/www.welovecycling.com\/hu\/trekking-mtb\/kerekparozasi-tippek-egy-igazi-profitol-igy-szervezd-meg-a-tokeletes-biciklizos-csaladi-vakaciot\/\" \/>\n<meta property=\"og:site_name\" content=\"\u0160koda We Love Cycling - Magyarorsz\u00e1g\" \/>\n<meta property=\"article:publisher\" content=\"https:\/\/www.facebook.com\/WeLoveCyclingHungary\/\" \/>\n<meta property=\"article:published_time\" content=\"2020-08-25T07:00:08+00:00\" \/>\n<meta property=\"og:image\" content=\"https:\/\/d2p6e6u75xmxt8.cloudfront.net\/12\/2020\/08\/Gaspi-Family-MTB-CVR-2.jpg\" \/>\n\t<meta property=\"og:image:width\" content=\"1366\" \/>\n\t<meta property=\"og:image:height\" content=\"600\" \/>\n\t<meta property=\"og:image:type\" content=\"image\/jpeg\" \/>\n<meta name=\"author\" content=\"hegyizs\" \/>\n<meta name=\"twitter:card\" content=\"summary_large_image\" \/>\n<meta name=\"twitter:title\" content=\"Ker\u00e9kp\u00e1roz\u00e1si tippek egy igazi profit\u00f3l: \u00cdgy szervezd meg a t\u00f6k\u00e9letes bicikliz\u0151s csal\u00e1di vak\u00e1ci\u00f3t\" \/>\n<meta name=\"twitter:label1\" content=\"Written by\" \/>\n\t<meta name=\"twitter:data1\" content=\"Adam Marsal\" \/>\n\t<meta name=\"twitter:label2\" content=\"Est. reading time\" \/>\n\t<meta name=\"twitter:data2\" content=\"5\" \/>\n<script type=\"application\/ld+json\" class=\"yoast-schema-graph\">{\"@context\":\"https:\/\/schema.org\",\"@graph\":[{\"@type\":\"WebPage\",\"@id\":\"https:\/\/www.welovecycling.com\/hu\/trekking-mtb\/kerekparozasi-tippek-egy-igazi-profitol-igy-szervezd-meg-a-tokeletes-biciklizos-csaladi-vakaciot\/\",\"url\":\"https:\/\/www.welovecycling.com\/hu\/trekking-mtb\/kerekparozasi-tippek-egy-igazi-profitol-igy-szervezd-meg-a-tokeletes-biciklizos-csaladi-vakaciot\/\",\"name\":\"\u00cdgy szervezd meg a t\u00f6k\u00e9letes bicikliz\u0151s csal\u00e1di vak\u00e1ci\u00f3t - \u0160koda We Love Cycling - Magyarorsz\u00e1g\",\"isPartOf\":{\"@id\":\"https:\/\/www.welovecycling.com\/hu\/#website\"},\"primaryImageOfPage\":{\"@id\":\"https:\/\/www.welovecycling.com\/hu\/trekking-mtb\/kerekparozasi-tippek-egy-igazi-profitol-igy-szervezd-meg-a-tokeletes-biciklizos-csaladi-vakaciot\/#primaryimage\"},\"image\":{\"@id\":\"https:\/\/www.welovecycling.com\/hu\/trekking-mtb\/kerekparozasi-tippek-egy-igazi-profitol-igy-szervezd-meg-a-tokeletes-biciklizos-csaladi-vakaciot\/#primaryimage\"},\"thumbnailUrl\":\"https:\/\/d2p6e6u75xmxt8.cloudfront.net\/12\/2020\/08\/Gaspi-Family-MTB-CVR-2.jpg\",\"datePublished\":\"2020-08-25T07:00:08+00:00\",\"author\":{\"@id\":\"https:\/\/www.welovecycling.com\/hu\/#\/schema\/person\/414a2aebf1801691a5320edb6468e194\"},\"description\":\"Richard \u201eGaspi\u201d Gasperotti, MTB- \u00e9s kalandim\u00e1d\u00f3, emellett ex-freerider megosztotta vel\u00fcnk, hogyan val\u00f3s\u00edtotta meg csal\u00e1dj\u00e1val a t\u00f6k\u00e9letes ker\u00e9kp\u00e1roz\u00f3s vak\u00e1ci\u00f3t.\",\"breadcrumb\":{\"@id\":\"https:\/\/www.welovecycling.com\/hu\/trekking-mtb\/kerekparozasi-tippek-egy-igazi-profitol-igy-szervezd-meg-a-tokeletes-biciklizos-csaladi-vakaciot\/#breadcrumb\"},\"inLanguage\":\"hu\",\"potentialAction\":[{\"@type\":\"ReadAction\",\"target\":[\"https:\/\/www.welovecycling.com\/hu\/trekking-mtb\/kerekparozasi-tippek-egy-igazi-profitol-igy-szervezd-meg-a-tokeletes-biciklizos-csaladi-vakaciot\/\"]}]},{\"@type\":\"ImageObject\",\"inLanguage\":\"hu\",\"@id\":\"https:\/\/www.welovecycling.com\/hu\/trekking-mtb\/kerekparozasi-tippek-egy-igazi-profitol-igy-szervezd-meg-a-tokeletes-biciklizos-csaladi-vakaciot\/#primaryimage\",\"url\":\"https:\/\/d2p6e6u75xmxt8.cloudfront.net\/12\/2020\/08\/Gaspi-Family-MTB-CVR-2.jpg\",\"contentUrl\":\"https:\/\/d2p6e6u75xmxt8.cloudfront.net\/12\/2020\/08\/Gaspi-Family-MTB-CVR-2.jpg\",\"width\":1366,\"height\":600,\"caption\":\"Cycling Holiday with Kids\"},{\"@type\":\"BreadcrumbList\",\"@id\":\"https:\/\/www.welovecycling.com\/hu\/trekking-mtb\/kerekparozasi-tippek-egy-igazi-profitol-igy-szervezd-meg-a-tokeletes-biciklizos-csaladi-vakaciot\/#breadcrumb\",\"itemListElement\":[{\"@type\":\"ListItem\",\"position\":1,\"name\":\"Home\",\"item\":\"https:\/\/www.welovecycling.com\/hu\/\"},{\"@type\":\"ListItem\",\"position\":2,\"name\":\"Ker\u00e9kp\u00e1roz\u00e1si tippek egy igazi profit\u00f3l: \u00cdgy szervezd meg a t\u00f6k\u00e9letes bicikliz\u0151s csal\u00e1di vak\u00e1ci\u00f3t\"}]},{\"@type\":\"WebSite\",\"@id\":\"https:\/\/www.welovecycling.com\/hu\/#website\",\"url\":\"https:\/\/www.welovecycling.com\/hu\/\",\"name\":\"\u0160koda We Love Cycling - Magyarorsz\u00e1g\",\"description\":\"\u0160koda WeLoveCycling\",\"potentialAction\":[{\"@type\":\"SearchAction\",\"target\":{\"@type\":\"EntryPoint\",\"urlTemplate\":\"https:\/\/www.welovecycling.com\/hu\/?s={search_term_string}\"},\"query-input\":{\"@type\":\"PropertyValueSpecification\",\"valueRequired\":true,\"valueName\":\"search_term_string\"}}],\"inLanguage\":\"hu\"},{\"@type\":\"Person\",\"@id\":\"https:\/\/www.welovecycling.com\/hu\/#\/schema\/person\/414a2aebf1801691a5320edb6468e194\",\"name\":\"hegyizs\",\"image\":{\"@type\":\"ImageObject\",\"inLanguage\":\"hu\",\"@id\":\"https:\/\/www.welovecycling.com\/hu\/#\/schema\/person\/image\/\",\"url\":\"https:\/\/secure.gravatar.com\/avatar\/02cf8a7906b8cf90cecb4679defac7cfd33a1c2e3b88e4903d947f3bb58eedd3?s=96&d=mm&r=g\",\"contentUrl\":\"https:\/\/secure.gravatar.com\/avatar\/02cf8a7906b8cf90cecb4679defac7cfd33a1c2e3b88e4903d947f3bb58eedd3?s=96&d=mm&r=g\",\"caption\":\"hegyizs\"},\"url\":\"https:\/\/www.welovecycling.com\/hu\/author\/hegyizs\/\"}]}<\/script>\n<!-- \/ Yoast SEO Premium plugin. -->","yoast_head_json":{"title":"\u00cdgy szervezd meg a t\u00f6k\u00e9letes bicikliz\u0151s csal\u00e1di vak\u00e1ci\u00f3t - \u0160koda We Love Cycling - Magyarorsz\u00e1g","description":"Richard \u201eGaspi\u201d Gasperotti, MTB- \u00e9s kalandim\u00e1d\u00f3, emellett ex-freerider megosztotta vel\u00fcnk, hogyan val\u00f3s\u00edtotta meg csal\u00e1dj\u00e1val a t\u00f6k\u00e9letes ker\u00e9kp\u00e1roz\u00f3s vak\u00e1ci\u00f3t.","robots":{"index":"index","follow":"follow","max-snippet":"max-snippet:-1","max-image-preview":"max-image-preview:large","max-video-preview":"max-video-preview:-1"},"canonical":"https:\/\/www.welovecycling.com\/hu\/trekking-mtb\/kerekparozasi-tippek-egy-igazi-profitol-igy-szervezd-meg-a-tokeletes-biciklizos-csaladi-vakaciot\/","og_locale":"hu_HU","og_type":"article","og_title":"\u00cdgy szervezd meg a t\u00f6k\u00e9letes bicikliz\u0151s csal\u00e1di vak\u00e1ci\u00f3t","og_description":"Richard \u201eGaspi\u201d Gasperotti, MTB- \u00e9s kalandim\u00e1d\u00f3, emellett ex-freerider megosztotta vel\u00fcnk, hogyan val\u00f3s\u00edtotta meg csal\u00e1dj\u00e1val a t\u00f6k\u00e9letes ker\u00e9kp\u00e1roz\u00f3s vak\u00e1ci\u00f3t.","og_url":"https:\/\/www.welovecycling.com\/hu\/trekking-mtb\/kerekparozasi-tippek-egy-igazi-profitol-igy-szervezd-meg-a-tokeletes-biciklizos-csaladi-vakaciot\/","og_site_name":"\u0160koda We Love Cycling - Magyarorsz\u00e1g","article_publisher":"https:\/\/www.facebook.com\/WeLoveCyclingHungary\/","article_published_time":"2020-08-25T07:00:08+00:00","og_image":[{"width":1366,"height":600,"url":"https:\/\/d2p6e6u75xmxt8.cloudfront.net\/12\/2020\/08\/Gaspi-Family-MTB-CVR-2.jpg","type":"image\/jpeg"}],"author":"hegyizs","twitter_card":"summary_large_image","twitter_title":"Ker\u00e9kp\u00e1roz\u00e1si tippek egy igazi profit\u00f3l: \u00cdgy szervezd meg a t\u00f6k\u00e9letes bicikliz\u0151s csal\u00e1di vak\u00e1ci\u00f3t","twitter_misc":{"Written by":"Adam Marsal","Est. reading time":"5"},"schema":{"@context":"https:\/\/schema.org","@graph":[{"@type":"WebPage","@id":"https:\/\/www.welovecycling.com\/hu\/trekking-mtb\/kerekparozasi-tippek-egy-igazi-profitol-igy-szervezd-meg-a-tokeletes-biciklizos-csaladi-vakaciot\/","url":"https:\/\/www.welovecycling.com\/hu\/trekking-mtb\/kerekparozasi-tippek-egy-igazi-profitol-igy-szervezd-meg-a-tokeletes-biciklizos-csaladi-vakaciot\/","name":"\u00cdgy szervezd meg a t\u00f6k\u00e9letes bicikliz\u0151s csal\u00e1di vak\u00e1ci\u00f3t - \u0160koda We Love Cycling - Magyarorsz\u00e1g","isPartOf":{"@id":"https:\/\/www.welovecycling.com\/hu\/#website"},"primaryImageOfPage":{"@id":"https:\/\/www.welovecycling.com\/hu\/trekking-mtb\/kerekparozasi-tippek-egy-igazi-profitol-igy-szervezd-meg-a-tokeletes-biciklizos-csaladi-vakaciot\/#primaryimage"},"image":{"@id":"https:\/\/www.welovecycling.com\/hu\/trekking-mtb\/kerekparozasi-tippek-egy-igazi-profitol-igy-szervezd-meg-a-tokeletes-biciklizos-csaladi-vakaciot\/#primaryimage"},"thumbnailUrl":"https:\/\/d2p6e6u75xmxt8.cloudfront.net\/12\/2020\/08\/Gaspi-Family-MTB-CVR-2.jpg","datePublished":"2020-08-25T07:00:08+00:00","author":{"@id":"https:\/\/www.welovecycling.com\/hu\/#\/schema\/person\/414a2aebf1801691a5320edb6468e194"},"description":"Richard \u201eGaspi\u201d Gasperotti, MTB- \u00e9s kalandim\u00e1d\u00f3, emellett ex-freerider megosztotta vel\u00fcnk, hogyan val\u00f3s\u00edtotta meg csal\u00e1dj\u00e1val a t\u00f6k\u00e9letes ker\u00e9kp\u00e1roz\u00f3s vak\u00e1ci\u00f3t.","breadcrumb":{"@id":"https:\/\/www.welovecycling.com\/hu\/trekking-mtb\/kerekparozasi-tippek-egy-igazi-profitol-igy-szervezd-meg-a-tokeletes-biciklizos-csaladi-vakaciot\/#breadcrumb"},"inLanguage":"hu","potentialAction":[{"@type":"ReadAction","target":["https:\/\/www.welovecycling.com\/hu\/trekking-mtb\/kerekparozasi-tippek-egy-igazi-profitol-igy-szervezd-meg-a-tokeletes-biciklizos-csaladi-vakaciot\/"]}]},{"@type":"ImageObject","inLanguage":"hu","@id":"https:\/\/www.welovecycling.com\/hu\/trekking-mtb\/kerekparozasi-tippek-egy-igazi-profitol-igy-szervezd-meg-a-tokeletes-biciklizos-csaladi-vakaciot\/#primaryimage","url":"https:\/\/d2p6e6u75xmxt8.cloudfront.net\/12\/2020\/08\/Gaspi-Family-MTB-CVR-2.jpg","contentUrl":"https:\/\/d2p6e6u75xmxt8.cloudfront.net\/12\/2020\/08\/Gaspi-Family-MTB-CVR-2.jpg","width":1366,"height":600,"caption":"Cycling Holiday with Kids"},{"@type":"BreadcrumbList","@id":"https:\/\/www.welovecycling.com\/hu\/trekking-mtb\/kerekparozasi-tippek-egy-igazi-profitol-igy-szervezd-meg-a-tokeletes-biciklizos-csaladi-vakaciot\/#breadcrumb","itemListElement":[{"@type":"ListItem","position":1,"name":"Home","item":"https:\/\/www.welovecycling.com\/hu\/"},{"@type":"ListItem","position":2,"name":"Ker\u00e9kp\u00e1roz\u00e1si tippek egy igazi profit\u00f3l: \u00cdgy szervezd meg a t\u00f6k\u00e9letes bicikliz\u0151s csal\u00e1di vak\u00e1ci\u00f3t"}]},{"@type":"WebSite","@id":"https:\/\/www.welovecycling.com\/hu\/#website","url":"https:\/\/www.welovecycling.com\/hu\/","name":"\u0160koda We Love Cycling - Magyarorsz\u00e1g","description":"\u0160koda WeLoveCycling","potentialAction":[{"@type":"SearchAction","target":{"@type":"EntryPoint","urlTemplate":"https:\/\/www.welovecycling.com\/hu\/?s={search_term_string}"},"query-input":{"@type":"PropertyValueSpecification","valueRequired":true,"valueName":"search_term_string"}}],"inLanguage":"hu"},{"@type":"Person","@id":"https:\/\/www.welovecycling.com\/hu\/#\/schema\/person\/414a2aebf1801691a5320edb6468e194","name":"hegyizs","image":{"@type":"ImageObject","inLanguage":"hu","@id":"https:\/\/www.welovecycling.com\/hu\/#\/schema\/person\/image\/","url":"https:\/\/secure.gravatar.com\/avatar\/02cf8a7906b8cf90cecb4679defac7cfd33a1c2e3b88e4903d947f3bb58eedd3?s=96&d=mm&r=g","contentUrl":"https:\/\/secure.gravatar.com\/avatar\/02cf8a7906b8cf90cecb4679defac7cfd33a1c2e3b88e4903d947f3bb58eedd3?s=96&d=mm&r=g","caption":"hegyizs"},"url":"https:\/\/www.welovecycling.com\/hu\/author\/hegyizs\/"}]}},"_links":{"self":[{"href":"https:\/\/www.welovecycling.com\/hu\/wp-json\/wp\/v2\/posts\/8318","targetHints":{"allow":["GET"]}}],"collection":[{"href":"https:\/\/www.welovecycling.com\/hu\/wp-json\/wp\/v2\/posts"}],"about":[{"href":"https:\/\/www.welovecycling.com\/hu\/wp-json\/wp\/v2\/types\/post"}],"author":[{"embeddable":true,"href":"https:\/\/www.welovecycling.com\/hu\/wp-json\/wp\/v2\/users\/71"}],"replies":[{"embeddable":true,"href":"https:\/\/www.welovecycling.com\/hu\/wp-json\/wp\/v2\/comments?post=8318"}],"version-history":[{"count":2,"href":"https:\/\/www.welovecycling.com\/hu\/wp-json\/wp\/v2\/posts\/8318\/revisions"}],"predecessor-version":[{"id":8324,"href":"https:\/\/www.welovecycling.com\/hu\/wp-json\/wp\/v2\/posts\/8318\/revisions\/8324"}],"wp:featuredmedia":[{"embeddable":true,"href":"https:\/\/www.welovecycling.com\/hu\/wp-json\/wp\/v2\/media\/8323"}],"wp:attachment":[{"href":"https:\/\/www.welovecycling.com\/hu\/wp-json\/wp\/v2\/media?parent=8318"}],"wp:term":[{"taxonomy":"category","embeddable":true,"href":"https:\/\/www.welovecycling.com\/hu\/wp-json\/wp\/v2\/categories?post=8318"},{"taxonomy":"post_tag","embeddable":true,"href":"https:\/\/www.welovecycling.com\/hu\/wp-json\/wp\/v2\/tags?post=8318"},{"taxonomy":"global-categories","embeddable":true,"href":"https:\/\/www.welovecycling.com\/hu\/wp-json\/wp\/v2\/global-categories?post=8318"}],"curies":[{"name":"wp","href":"https:\/\/api.w.org\/{rel}","templated":true}]}}