{"id":8306,"date":"2020-08-20T08:00:22","date_gmt":"2020-08-20T07:00:22","guid":{"rendered":"https:\/\/www.welovecycling.com\/hu\/?p=8306"},"modified":"2020-08-17T19:48:48","modified_gmt":"2020-08-17T18:48:48","slug":"evente-csaknem-negymillio-korai-halalesetet-eloz-meg-a-biciklizes","status":"publish","type":"post","link":"https:\/\/www.welovecycling.com\/hu\/orszaguti-kerekpar\/evente-csaknem-negymillio-korai-halalesetet-eloz-meg-a-biciklizes\/","title":{"rendered":"\u00c9vente csaknem n\u00e9gymilli\u00f3 korai hal\u00e1lesetet el\u0151z meg a bicikliz\u00e9s"},"content":{"rendered":"<p><strong>Ha m\u00e1r hossz\u00fa ideje er\u0151s\u00edted a We Love Cycling olvas\u00f3inak t\u00e1bor\u00e1t, val\u00f3sz\u00edn\u0171leg m\u00e1r nincs sz\u00fcks\u00e9ged biztat\u00e1sra ahhoz, hogy folytasd a bicikliz\u00e9st. Ennek ellen\u00e9re mindig j\u00f3 \u00e9rz\u00e9ssel t\u00f6lt el minket a tudat, hogy ennek a mozg\u00e1sform\u00e1nak, amit mindannyian nagyon \u00e9lvez\u00fcnk, fontosabb c\u00e9lja is van. A Lancet Global Health nemr\u00e9g tette k\u00f6zz\u00e9 a cambridge-i \u00e9s az edinburgh-i egyetemek kutat\u00f3inak tanulm\u00e1ny\u00e1t arr\u00f3l, hogy a ker\u00e9kp\u00e1roz\u00e1s \u00e9vente milli\u00f3k \u00e9let\u00e9t menti meg!<\/strong><\/p>\n<p><!--more--><\/p>\n<h2><strong>150 akt\u00edv perc hetente<\/strong><\/h2>\n<p>A kutat\u00f3k 168 orsz\u00e1g adatait elemezt\u00e9k annak \u00e9rdek\u00e9ben, hogy megtudj\u00e1k, h\u00e1nyan felelnek meg az Eg\u00e9szs\u00e9g\u00fcgyi Vil\u00e1gszervezet glob\u00e1lis tan\u00e1cs\u00e1nak, miszerint egy h\u00e9t alatt v\u00e9gezz\u00fcnk legal\u00e1bb 150 percnyi k\u00f6zepes intenzit\u00e1s\u00fa aerobic-ot vagy 75 perc magas intenzit\u00e1s\u00fa mozg\u00e1st. Az orsz\u00e1gok k\u00f6z\u00f6tt jelent\u0151s k\u00fcl\u00f6nbs\u00e9geket v\u00e9ltek felfedezni, Kuvait 33%-os eredm\u00e9ny\u00e9t\u0151l kezdve az Egyes\u00fclt Kir\u00e1lys\u00e1g 64%-\u00e1n \u00e1t Mozambik kiemelked\u0151 94%-\u00e1ig.<\/p>\n<figure id=\"attachment_8307\" aria-describedby=\"caption-attachment-8307\" style=\"width: 1250px\" class=\"wp-caption alignnone\"><img loading=\"lazy\" decoding=\"async\" class=\"size-full wp-image-8307\" src=\"https:\/\/d2p6e6u75xmxt8.cloudfront.net\/12\/2020\/08\/london-2-profimedia-0092839135.jpg\" alt=\"London Cyclist\" width=\"1250\" height=\"840\" srcset=\"https:\/\/d2p6e6u75xmxt8.cloudfront.net\/12\/2020\/08\/london-2-profimedia-0092839135.jpg 1250w, https:\/\/d2p6e6u75xmxt8.cloudfront.net\/12\/2020\/08\/london-2-profimedia-0092839135-300x202.jpg 300w, https:\/\/d2p6e6u75xmxt8.cloudfront.net\/12\/2020\/08\/london-2-profimedia-0092839135-1024x688.jpg 1024w, https:\/\/d2p6e6u75xmxt8.cloudfront.net\/12\/2020\/08\/london-2-profimedia-0092839135-768x516.jpg 768w, https:\/\/d2p6e6u75xmxt8.cloudfront.net\/12\/2020\/08\/london-2-profimedia-0092839135-272x182.jpg 272w\" sizes=\"auto, (max-width: 1250px) 100vw, 1250px\" \/><figcaption id=\"caption-attachment-8307\" class=\"wp-caption-text\"><em>Az Egyes\u00fclt \u00c1llamokban az emberek 64%-a tartja be a WHO mozg\u00e1sra vonatkoz\u00f3 aj\u00e1nl\u00e1sait \u00a9 Profimedia, Alamy<\/em><\/figcaption><\/figure>\n<h2><strong>15 %-kal cs\u00f6kkentek a korai hal\u00e1loz\u00e1sok<\/strong><\/h2>\n<p>A kutat\u00f3k az akt\u00edv emberek korai hal\u00e1loz\u00e1s\u00e1nak sz\u00e1m\u00e1t hasonl\u00edtott\u00e1k \u00f6ssze az inakt\u00edv emberek korai hal\u00e1loz\u00e1s\u00e1nak \u00e9rt\u00e9k\u00e9vel, ez alapj\u00e1n meg\u00e1llap\u00edtott\u00e1k, h\u00e1ny \u00e9letet lehet megmenteni a testmozg\u00e1snak k\u00f6sz\u00f6nhet\u0151en. Glob\u00e1lis szinten 15%-kal volt alacsonyabb a korai hal\u00e1lesetek sz\u00e1ma azokn\u00e1l az emberekn\u00e9l, akik akt\u00edv testmozg\u00e1st v\u00e9geztek. Ez durv\u00e1n 3,9 milli\u00f3 megmentett \u00e9letet jelent \u00e9vente! Az alacsony j\u00f6vedelm\u0171 orsz\u00e1gokban \u00e1tlagosan a korai hal\u00e1loz\u00e1sok 18 %-\u00e1t, m\u00edg a magas j\u00f6vedelm\u0171 orsz\u00e1gokban a 14%-\u00e1t siker\u00fclt megel\u0151zni. P\u00e9ld\u00e1ul az Egyes\u00fclt \u00c1llamokban egy \u00e9v alatt 140\u00a0200 korai hal\u00e1lesetet akad\u00e1lyoztak meg, az Egyes\u00fclt Kir\u00e1lys\u00e1gban ez a sz\u00e1m 26\u00a0600 volt.<\/p>\n<h2><strong>Terjessz\u00fck a pozit\u00edv \u00fczenetet!<\/strong><\/h2>\n<p>Sajn\u00e1latos m\u00f3don a m\u00e9dia gyakran a negat\u00edv \u00fczenetekre \u00f6sszpontos\u00edt, mondv\u00e1n, hogy \u00e9vente 3,2 milli\u00f3an halnak meg t\u00fal kor\u00e1n a testmozg\u00e1s hi\u00e1nya miatt. A tanulm\u00e1ny \u00edr\u00f3i ezzel szemben viszont \u00fagy gondolj\u00e1k, ha bemutatjuk, h\u00e1ny szerencs\u00e9tlen hal\u00e1lesetet lehet megel\u0151zni, a vita pozit\u00edv ir\u00e1nyt is vehet.<\/p>\n<figure id=\"attachment_6156\" aria-describedby=\"caption-attachment-6156\" style=\"width: 1250px\" class=\"wp-caption alignnone\"><img loading=\"lazy\" decoding=\"async\" class=\"size-full wp-image-6156\" src=\"https:\/\/d2p6e6u75xmxt8.cloudfront.net\/12\/2019\/12\/Friends-MTB-profimedia-0281706401.jpg\" alt=\"Friends Cycling\" width=\"1250\" height=\"831\" srcset=\"https:\/\/d2p6e6u75xmxt8.cloudfront.net\/12\/2019\/12\/Friends-MTB-profimedia-0281706401.jpg 1250w, https:\/\/d2p6e6u75xmxt8.cloudfront.net\/12\/2019\/12\/Friends-MTB-profimedia-0281706401-300x199.jpg 300w, https:\/\/d2p6e6u75xmxt8.cloudfront.net\/12\/2019\/12\/Friends-MTB-profimedia-0281706401-768x511.jpg 768w, https:\/\/d2p6e6u75xmxt8.cloudfront.net\/12\/2019\/12\/Friends-MTB-profimedia-0281706401-1024x681.jpg 1024w, https:\/\/d2p6e6u75xmxt8.cloudfront.net\/12\/2019\/12\/Friends-MTB-profimedia-0281706401-272x182.jpg 272w\" sizes=\"auto, (max-width: 1250px) 100vw, 1250px\" \/><figcaption id=\"caption-attachment-6156\" class=\"wp-caption-text\"><em>Vidd el bicajozni egy bar\u00e1toda! \u00a0Hidd el, neki teszel sz\u00edvess\u00e9get! \u00a9redsnapper \/ Alamy \/ Alamy \/ Profimedia<\/em><\/figcaption><\/figure>\n<p><em>\u201e\u00c1ltal\u00e1ban a kev\u00e9s mozg\u00e1s h\u00e1tul\u00fct\u0151ire koncentr\u00e1lunk \u2013 legyen sz\u00f3 sport\u00f3l, edz\u0151terembe j\u00e1r\u00e1sr\u00f3l vagy csak egy \u00fcd\u00edt\u0151 s\u00e9t\u00e1r\u00f3l eb\u00e9did\u0151ben -, de ha ehelyett ink\u00e1bb a megmentett \u00e9letekre f\u00f3kusz\u00e1lunk, elmondhatjuk, hogy az eddig el\u00e9rt eredm\u00e9nyek alapj\u00e1n j\u00f3 h\u00edrekkel szolg\u00e1lhatunk. Seg\u00edt elismerni, mennyi mindent adott m\u00e1r most a mozg\u00e1s \u00e9s mennyi mindent adhat m\u00e9g, ha n\u00f6velj\u00fck a fizikai aktivit\u00e1st. Rem\u00e9lj\u00fck, hogy az eredm\u00e9nyeink arra fogj\u00e1k \u00f6szt\u00f6n\u00f6zni a korm\u00e1nyokat \u00e9s a helyi hat\u00f3s\u00e1gokat, hogy ebben a kih\u00edv\u00e1sokkal teli gazdas\u00e1gi helyzetben v\u00e9dj\u00e9k \u00e9s fenntarts\u00e1k a szolg\u00e1ltat\u00e1sokat\u201d<\/em> \u2013 mondta Dr. Tessa Strain, a tanulm\u00e1ny egyik f\u0151 szerz\u0151je.<\/p>\n<p>Az \u00fczenet egy\u00e9rtelm\u0171: Min\u00e9l t\u00f6bb embert vesz\u00fcnk r\u00e1 a bicikliz\u00e9sre, ann\u00e1l jobb lesz mindenkinek! Menj \u00e9s szervezd meg a k\u00f6vetkez\u0151 csoportos t\u00far\u00e1t a bar\u00e1taiddal! Ne feledd, ezt a k\u00f6zeg\u00e9szs\u00e9g\u00fcgy\u00e9rt is teszed!<\/p>\n","protected":false},"excerpt":{"rendered":"<p>Ha m\u00e1r hossz\u00fa ideje er\u0151s\u00edted a We Love Cycling olvas\u00f3inak t\u00e1bor\u00e1t, val\u00f3sz\u00edn\u0171leg m\u00e1r nincs sz\u00fcks\u00e9ged biztat\u00e1sra ahhoz, hogy folytasd a [&hellip;]<\/p>\n","protected":false},"author":71,"featured_media":8309,"comment_status":"open","ping_status":"open","sticky":false,"template":"","format":"standard","meta":{"footnotes":""},"categories":[8],"tags":[],"global-categories":[],"class_list":["post-8306","post","type-post","status-publish","format-standard","has-post-thumbnail","hentry","category-orszaguti-kerekpar"],"yoast_head":"<!-- This site is optimized with the Yoast SEO Premium plugin v25.3 (Yoast SEO v25.9) - https:\/\/yoast.com\/wordpress\/plugins\/seo\/ -->\n<title>\u00c9vente csaknem n\u00e9gymilli\u00f3 korai hal\u00e1lesetet el\u0151z meg a bicikliz\u00e9s<\/title>\n<meta name=\"description\" content=\"Ha m\u00e1r hossz\u00fa ideje er\u0151s\u00edted a We Love Cycling olvas\u00f3inak t\u00e1bor\u00e1t, val\u00f3sz\u00edn\u0171leg m\u00e1r nincs sz\u00fcks\u00e9ged biztat\u00e1sra ahhoz, hogy folytasd a bicikliz\u00e9st.\" \/>\n<meta name=\"robots\" content=\"index, follow, max-snippet:-1, max-image-preview:large, max-video-preview:-1\" \/>\n<link rel=\"canonical\" href=\"https:\/\/www.welovecycling.com\/hu\/orszaguti-kerekpar\/evente-csaknem-negymillio-korai-halalesetet-eloz-meg-a-biciklizes\/\" \/>\n<meta property=\"og:locale\" content=\"hu_HU\" \/>\n<meta property=\"og:type\" content=\"article\" \/>\n<meta property=\"og:title\" content=\"\u00c9vente csaknem n\u00e9gymilli\u00f3 korai hal\u00e1lesetet el\u0151z meg a bicikliz\u00e9s\" \/>\n<meta property=\"og:description\" content=\"Ha m\u00e1r hossz\u00fa ideje er\u0151s\u00edted a We Love Cycling olvas\u00f3inak t\u00e1bor\u00e1t, val\u00f3sz\u00edn\u0171leg m\u00e1r nincs sz\u00fcks\u00e9ged biztat\u00e1sra ahhoz, hogy folytasd a bicikliz\u00e9st.\" \/>\n<meta property=\"og:url\" content=\"https:\/\/www.welovecycling.com\/hu\/orszaguti-kerekpar\/evente-csaknem-negymillio-korai-halalesetet-eloz-meg-a-biciklizes\/\" \/>\n<meta property=\"og:site_name\" content=\"\u0160koda We Love Cycling - Magyarorsz\u00e1g\" \/>\n<meta property=\"article:publisher\" content=\"https:\/\/www.facebook.com\/WeLoveCyclingHungary\/\" \/>\n<meta property=\"article:published_time\" content=\"2020-08-20T07:00:22+00:00\" \/>\n<meta property=\"og:image\" content=\"https:\/\/d2p6e6u75xmxt8.cloudfront.net\/12\/2020\/08\/Train-station-Cycling-CVR-profimedia-0535181168.jpg\" \/>\n\t<meta property=\"og:image:width\" content=\"1366\" \/>\n\t<meta property=\"og:image:height\" content=\"600\" \/>\n\t<meta property=\"og:image:type\" content=\"image\/jpeg\" \/>\n<meta name=\"author\" content=\"hegyizs\" \/>\n<meta name=\"twitter:card\" content=\"summary_large_image\" \/>\n<meta name=\"twitter:title\" content=\"\u00c9vente csaknem n\u00e9gymilli\u00f3 korai hal\u00e1lesetet el\u0151z meg a bicikliz\u00e9s\" \/>\n<meta name=\"twitter:label1\" content=\"Written by\" \/>\n\t<meta name=\"twitter:data1\" content=\"Jiri Kaloc\" \/>\n\t<meta name=\"twitter:label2\" content=\"Est. reading time\" \/>\n\t<meta name=\"twitter:data2\" content=\"5\" \/>\n<script type=\"application\/ld+json\" class=\"yoast-schema-graph\">{\"@context\":\"https:\/\/schema.org\",\"@graph\":[{\"@type\":\"WebPage\",\"@id\":\"https:\/\/www.welovecycling.com\/hu\/orszaguti-kerekpar\/evente-csaknem-negymillio-korai-halalesetet-eloz-meg-a-biciklizes\/\",\"url\":\"https:\/\/www.welovecycling.com\/hu\/orszaguti-kerekpar\/evente-csaknem-negymillio-korai-halalesetet-eloz-meg-a-biciklizes\/\",\"name\":\"\u00c9vente csaknem n\u00e9gymilli\u00f3 korai hal\u00e1lesetet el\u0151z meg a bicikliz\u00e9s\",\"isPartOf\":{\"@id\":\"https:\/\/www.welovecycling.com\/hu\/#website\"},\"primaryImageOfPage\":{\"@id\":\"https:\/\/www.welovecycling.com\/hu\/orszaguti-kerekpar\/evente-csaknem-negymillio-korai-halalesetet-eloz-meg-a-biciklizes\/#primaryimage\"},\"image\":{\"@id\":\"https:\/\/www.welovecycling.com\/hu\/orszaguti-kerekpar\/evente-csaknem-negymillio-korai-halalesetet-eloz-meg-a-biciklizes\/#primaryimage\"},\"thumbnailUrl\":\"https:\/\/d2p6e6u75xmxt8.cloudfront.net\/12\/2020\/08\/Train-station-Cycling-CVR-profimedia-0535181168.jpg\",\"datePublished\":\"2020-08-20T07:00:22+00:00\",\"author\":{\"@id\":\"https:\/\/www.welovecycling.com\/hu\/#\/schema\/person\/414a2aebf1801691a5320edb6468e194\"},\"description\":\"Ha m\u00e1r hossz\u00fa ideje er\u0151s\u00edted a We Love Cycling olvas\u00f3inak t\u00e1bor\u00e1t, val\u00f3sz\u00edn\u0171leg m\u00e1r nincs sz\u00fcks\u00e9ged biztat\u00e1sra ahhoz, hogy folytasd a bicikliz\u00e9st.\",\"breadcrumb\":{\"@id\":\"https:\/\/www.welovecycling.com\/hu\/orszaguti-kerekpar\/evente-csaknem-negymillio-korai-halalesetet-eloz-meg-a-biciklizes\/#breadcrumb\"},\"inLanguage\":\"hu\",\"potentialAction\":[{\"@type\":\"ReadAction\",\"target\":[\"https:\/\/www.welovecycling.com\/hu\/orszaguti-kerekpar\/evente-csaknem-negymillio-korai-halalesetet-eloz-meg-a-biciklizes\/\"]}]},{\"@type\":\"ImageObject\",\"inLanguage\":\"hu\",\"@id\":\"https:\/\/www.welovecycling.com\/hu\/orszaguti-kerekpar\/evente-csaknem-negymillio-korai-halalesetet-eloz-meg-a-biciklizes\/#primaryimage\",\"url\":\"https:\/\/d2p6e6u75xmxt8.cloudfront.net\/12\/2020\/08\/Train-station-Cycling-CVR-profimedia-0535181168.jpg\",\"contentUrl\":\"https:\/\/d2p6e6u75xmxt8.cloudfront.net\/12\/2020\/08\/Train-station-Cycling-CVR-profimedia-0535181168.jpg\",\"width\":1366,\"height\":600},{\"@type\":\"BreadcrumbList\",\"@id\":\"https:\/\/www.welovecycling.com\/hu\/orszaguti-kerekpar\/evente-csaknem-negymillio-korai-halalesetet-eloz-meg-a-biciklizes\/#breadcrumb\",\"itemListElement\":[{\"@type\":\"ListItem\",\"position\":1,\"name\":\"Home\",\"item\":\"https:\/\/www.welovecycling.com\/hu\/\"},{\"@type\":\"ListItem\",\"position\":2,\"name\":\"\u00c9vente csaknem n\u00e9gymilli\u00f3 korai hal\u00e1lesetet el\u0151z meg a bicikliz\u00e9s\"}]},{\"@type\":\"WebSite\",\"@id\":\"https:\/\/www.welovecycling.com\/hu\/#website\",\"url\":\"https:\/\/www.welovecycling.com\/hu\/\",\"name\":\"\u0160koda We Love Cycling - Magyarorsz\u00e1g\",\"description\":\"\u0160koda WeLoveCycling\",\"potentialAction\":[{\"@type\":\"SearchAction\",\"target\":{\"@type\":\"EntryPoint\",\"urlTemplate\":\"https:\/\/www.welovecycling.com\/hu\/?s={search_term_string}\"},\"query-input\":{\"@type\":\"PropertyValueSpecification\",\"valueRequired\":true,\"valueName\":\"search_term_string\"}}],\"inLanguage\":\"hu\"},{\"@type\":\"Person\",\"@id\":\"https:\/\/www.welovecycling.com\/hu\/#\/schema\/person\/414a2aebf1801691a5320edb6468e194\",\"name\":\"hegyizs\",\"image\":{\"@type\":\"ImageObject\",\"inLanguage\":\"hu\",\"@id\":\"https:\/\/www.welovecycling.com\/hu\/#\/schema\/person\/image\/\",\"url\":\"https:\/\/secure.gravatar.com\/avatar\/02cf8a7906b8cf90cecb4679defac7cfd33a1c2e3b88e4903d947f3bb58eedd3?s=96&d=mm&r=g\",\"contentUrl\":\"https:\/\/secure.gravatar.com\/avatar\/02cf8a7906b8cf90cecb4679defac7cfd33a1c2e3b88e4903d947f3bb58eedd3?s=96&d=mm&r=g\",\"caption\":\"hegyizs\"},\"url\":\"https:\/\/www.welovecycling.com\/hu\/author\/hegyizs\/\"}]}<\/script>\n<!-- \/ Yoast SEO Premium plugin. -->","yoast_head_json":{"title":"\u00c9vente csaknem n\u00e9gymilli\u00f3 korai hal\u00e1lesetet el\u0151z meg a bicikliz\u00e9s","description":"Ha m\u00e1r hossz\u00fa ideje er\u0151s\u00edted a We Love Cycling olvas\u00f3inak t\u00e1bor\u00e1t, val\u00f3sz\u00edn\u0171leg m\u00e1r nincs sz\u00fcks\u00e9ged biztat\u00e1sra ahhoz, hogy folytasd a bicikliz\u00e9st.","robots":{"index":"index","follow":"follow","max-snippet":"max-snippet:-1","max-image-preview":"max-image-preview:large","max-video-preview":"max-video-preview:-1"},"canonical":"https:\/\/www.welovecycling.com\/hu\/orszaguti-kerekpar\/evente-csaknem-negymillio-korai-halalesetet-eloz-meg-a-biciklizes\/","og_locale":"hu_HU","og_type":"article","og_title":"\u00c9vente csaknem n\u00e9gymilli\u00f3 korai hal\u00e1lesetet el\u0151z meg a bicikliz\u00e9s","og_description":"Ha m\u00e1r hossz\u00fa ideje er\u0151s\u00edted a We Love Cycling olvas\u00f3inak t\u00e1bor\u00e1t, val\u00f3sz\u00edn\u0171leg m\u00e1r nincs sz\u00fcks\u00e9ged biztat\u00e1sra ahhoz, hogy folytasd a bicikliz\u00e9st.","og_url":"https:\/\/www.welovecycling.com\/hu\/orszaguti-kerekpar\/evente-csaknem-negymillio-korai-halalesetet-eloz-meg-a-biciklizes\/","og_site_name":"\u0160koda We Love Cycling - Magyarorsz\u00e1g","article_publisher":"https:\/\/www.facebook.com\/WeLoveCyclingHungary\/","article_published_time":"2020-08-20T07:00:22+00:00","og_image":[{"width":1366,"height":600,"url":"https:\/\/d2p6e6u75xmxt8.cloudfront.net\/12\/2020\/08\/Train-station-Cycling-CVR-profimedia-0535181168.jpg","type":"image\/jpeg"}],"author":"hegyizs","twitter_card":"summary_large_image","twitter_title":"\u00c9vente csaknem n\u00e9gymilli\u00f3 korai hal\u00e1lesetet el\u0151z meg a bicikliz\u00e9s","twitter_misc":{"Written by":"Jiri Kaloc","Est. reading time":"5"},"schema":{"@context":"https:\/\/schema.org","@graph":[{"@type":"WebPage","@id":"https:\/\/www.welovecycling.com\/hu\/orszaguti-kerekpar\/evente-csaknem-negymillio-korai-halalesetet-eloz-meg-a-biciklizes\/","url":"https:\/\/www.welovecycling.com\/hu\/orszaguti-kerekpar\/evente-csaknem-negymillio-korai-halalesetet-eloz-meg-a-biciklizes\/","name":"\u00c9vente csaknem n\u00e9gymilli\u00f3 korai hal\u00e1lesetet el\u0151z meg a bicikliz\u00e9s","isPartOf":{"@id":"https:\/\/www.welovecycling.com\/hu\/#website"},"primaryImageOfPage":{"@id":"https:\/\/www.welovecycling.com\/hu\/orszaguti-kerekpar\/evente-csaknem-negymillio-korai-halalesetet-eloz-meg-a-biciklizes\/#primaryimage"},"image":{"@id":"https:\/\/www.welovecycling.com\/hu\/orszaguti-kerekpar\/evente-csaknem-negymillio-korai-halalesetet-eloz-meg-a-biciklizes\/#primaryimage"},"thumbnailUrl":"https:\/\/d2p6e6u75xmxt8.cloudfront.net\/12\/2020\/08\/Train-station-Cycling-CVR-profimedia-0535181168.jpg","datePublished":"2020-08-20T07:00:22+00:00","author":{"@id":"https:\/\/www.welovecycling.com\/hu\/#\/schema\/person\/414a2aebf1801691a5320edb6468e194"},"description":"Ha m\u00e1r hossz\u00fa ideje er\u0151s\u00edted a We Love Cycling olvas\u00f3inak t\u00e1bor\u00e1t, val\u00f3sz\u00edn\u0171leg m\u00e1r nincs sz\u00fcks\u00e9ged biztat\u00e1sra ahhoz, hogy folytasd a bicikliz\u00e9st.","breadcrumb":{"@id":"https:\/\/www.welovecycling.com\/hu\/orszaguti-kerekpar\/evente-csaknem-negymillio-korai-halalesetet-eloz-meg-a-biciklizes\/#breadcrumb"},"inLanguage":"hu","potentialAction":[{"@type":"ReadAction","target":["https:\/\/www.welovecycling.com\/hu\/orszaguti-kerekpar\/evente-csaknem-negymillio-korai-halalesetet-eloz-meg-a-biciklizes\/"]}]},{"@type":"ImageObject","inLanguage":"hu","@id":"https:\/\/www.welovecycling.com\/hu\/orszaguti-kerekpar\/evente-csaknem-negymillio-korai-halalesetet-eloz-meg-a-biciklizes\/#primaryimage","url":"https:\/\/d2p6e6u75xmxt8.cloudfront.net\/12\/2020\/08\/Train-station-Cycling-CVR-profimedia-0535181168.jpg","contentUrl":"https:\/\/d2p6e6u75xmxt8.cloudfront.net\/12\/2020\/08\/Train-station-Cycling-CVR-profimedia-0535181168.jpg","width":1366,"height":600},{"@type":"BreadcrumbList","@id":"https:\/\/www.welovecycling.com\/hu\/orszaguti-kerekpar\/evente-csaknem-negymillio-korai-halalesetet-eloz-meg-a-biciklizes\/#breadcrumb","itemListElement":[{"@type":"ListItem","position":1,"name":"Home","item":"https:\/\/www.welovecycling.com\/hu\/"},{"@type":"ListItem","position":2,"name":"\u00c9vente csaknem n\u00e9gymilli\u00f3 korai hal\u00e1lesetet el\u0151z meg a bicikliz\u00e9s"}]},{"@type":"WebSite","@id":"https:\/\/www.welovecycling.com\/hu\/#website","url":"https:\/\/www.welovecycling.com\/hu\/","name":"\u0160koda We Love Cycling - Magyarorsz\u00e1g","description":"\u0160koda WeLoveCycling","potentialAction":[{"@type":"SearchAction","target":{"@type":"EntryPoint","urlTemplate":"https:\/\/www.welovecycling.com\/hu\/?s={search_term_string}"},"query-input":{"@type":"PropertyValueSpecification","valueRequired":true,"valueName":"search_term_string"}}],"inLanguage":"hu"},{"@type":"Person","@id":"https:\/\/www.welovecycling.com\/hu\/#\/schema\/person\/414a2aebf1801691a5320edb6468e194","name":"hegyizs","image":{"@type":"ImageObject","inLanguage":"hu","@id":"https:\/\/www.welovecycling.com\/hu\/#\/schema\/person\/image\/","url":"https:\/\/secure.gravatar.com\/avatar\/02cf8a7906b8cf90cecb4679defac7cfd33a1c2e3b88e4903d947f3bb58eedd3?s=96&d=mm&r=g","contentUrl":"https:\/\/secure.gravatar.com\/avatar\/02cf8a7906b8cf90cecb4679defac7cfd33a1c2e3b88e4903d947f3bb58eedd3?s=96&d=mm&r=g","caption":"hegyizs"},"url":"https:\/\/www.welovecycling.com\/hu\/author\/hegyizs\/"}]}},"_links":{"self":[{"href":"https:\/\/www.welovecycling.com\/hu\/wp-json\/wp\/v2\/posts\/8306","targetHints":{"allow":["GET"]}}],"collection":[{"href":"https:\/\/www.welovecycling.com\/hu\/wp-json\/wp\/v2\/posts"}],"about":[{"href":"https:\/\/www.welovecycling.com\/hu\/wp-json\/wp\/v2\/types\/post"}],"author":[{"embeddable":true,"href":"https:\/\/www.welovecycling.com\/hu\/wp-json\/wp\/v2\/users\/71"}],"replies":[{"embeddable":true,"href":"https:\/\/www.welovecycling.com\/hu\/wp-json\/wp\/v2\/comments?post=8306"}],"version-history":[{"count":2,"href":"https:\/\/www.welovecycling.com\/hu\/wp-json\/wp\/v2\/posts\/8306\/revisions"}],"predecessor-version":[{"id":8316,"href":"https:\/\/www.welovecycling.com\/hu\/wp-json\/wp\/v2\/posts\/8306\/revisions\/8316"}],"wp:featuredmedia":[{"embeddable":true,"href":"https:\/\/www.welovecycling.com\/hu\/wp-json\/wp\/v2\/media\/8309"}],"wp:attachment":[{"href":"https:\/\/www.welovecycling.com\/hu\/wp-json\/wp\/v2\/media?parent=8306"}],"wp:term":[{"taxonomy":"category","embeddable":true,"href":"https:\/\/www.welovecycling.com\/hu\/wp-json\/wp\/v2\/categories?post=8306"},{"taxonomy":"post_tag","embeddable":true,"href":"https:\/\/www.welovecycling.com\/hu\/wp-json\/wp\/v2\/tags?post=8306"},{"taxonomy":"global-categories","embeddable":true,"href":"https:\/\/www.welovecycling.com\/hu\/wp-json\/wp\/v2\/global-categories?post=8306"}],"curies":[{"name":"wp","href":"https:\/\/api.w.org\/{rel}","templated":true}]}}