{"id":8302,"date":"2020-08-19T08:00:02","date_gmt":"2020-08-19T07:00:02","guid":{"rendered":"https:\/\/www.welovecycling.com\/hu\/?p=8302"},"modified":"2020-08-17T19:47:39","modified_gmt":"2020-08-17T18:47:39","slug":"13-jel-ami-elarul-egy-montist","status":"publish","type":"post","link":"https:\/\/www.welovecycling.com\/hu\/trekking-mtb\/13-jel-ami-elarul-egy-montist\/","title":{"rendered":"13 jel, ami el\u00e1rul egy montist"},"content":{"rendered":"<p><strong>Nem kell mentalist\u00e1nak lenned, ahhoz, hogy kisz\u00fard, ha egy MTB-st l\u00e1tsz. Ezek a jelek \u00e1rulj\u00e1k el a mountain bike szerelmeseit!<\/strong><\/p>\n<p><!--more--><\/p>\n<p>1. A p\u00f3l\u00f3ja alatt egy furcsa duzzanat jelzi, hogy volt m\u00e1r elt\u00f6rve a kulcscsontja.<\/p>\n<p>2. Annak ellen\u00e9re, hogy egy irod\u00e1ban dolgozik, a tenyer\u00e9t fav\u00e1g\u00f3kat megsz\u00e9gyen\u00edt\u0151 b\u0151rkem\u00e9nyed\u00e9sek bor\u00edtj\u00e1k.<\/p>\n<p>3. Telefonja h\u00e1tt\u00e9rk\u00e9pe &#8211; a gyerekei helyett &#8211; saj\u00e1t maga, ahogy egy \u0151r\u00fclt mutatv\u00e1nyt v\u00e9gez bring\u00e1j\u00e1val.<\/p>\n<p>4. Minden okt\u00f3berben k\u00f6rbetelefon\u00e1lja a bar\u00e1tait, hogy egy\u00fctt n\u00e9zz\u00e9k meg a Red Bull Rampage \u00e9l\u0151 ad\u00e1s\u00e1t.<\/p>\n<figure id=\"attachment_6712\" aria-describedby=\"caption-attachment-6712\" style=\"width: 1366px\" class=\"wp-caption alignnone\"><img loading=\"lazy\" decoding=\"async\" class=\"wp-image-6712 size-full\" src=\"https:\/\/d2p6e6u75xmxt8.cloudfront.net\/12\/2020\/01\/Woman-MTB-CVR-profimedia-0481069246.jpg\" alt=\"Female MTB Cyclist\" width=\"1366\" height=\"600\" srcset=\"https:\/\/d2p6e6u75xmxt8.cloudfront.net\/12\/2020\/01\/Woman-MTB-CVR-profimedia-0481069246.jpg 1366w, https:\/\/d2p6e6u75xmxt8.cloudfront.net\/12\/2020\/01\/Woman-MTB-CVR-profimedia-0481069246-300x132.jpg 300w, https:\/\/d2p6e6u75xmxt8.cloudfront.net\/12\/2020\/01\/Woman-MTB-CVR-profimedia-0481069246-768x337.jpg 768w, https:\/\/d2p6e6u75xmxt8.cloudfront.net\/12\/2020\/01\/Woman-MTB-CVR-profimedia-0481069246-1024x450.jpg 1024w\" sizes=\"auto, (max-width: 1366px) 100vw, 1366px\" \/><figcaption id=\"caption-attachment-6712\" class=\"wp-caption-text\">\u00a9\u00a0Profimedia<\/figcaption><\/figure>\n<p>5. Ha az utc\u00e1n s\u00e9t\u00e1l, minden ker\u00e9kp\u00e1r ut\u00e1n megfordul \u00e9s hozz\u00e1f\u0171z valamilyen megjegyz\u00e9st olyan szaknyelven, amit k\u00f6nnyen halandzs\u00e1nak lehet hinni.<\/p>\n<p>6.\u00a0 \u00c1ltal\u00e1ban halv\u00e1ny l\u00e1nc-nyomatok vannak a v\u00e1dlij\u00e1n, esetleg apr\u00f3 s\u00e1rp\u00f6tty\u00f6k az arc\u00e1n.<\/p>\n<p>7.\u00a0 Biciklil\u00e1ncb\u00f3l k\u00e9sz\u00fclt \u00e9kszereket visel a nyak\u00e1ban \u00e9s a csukl\u00f3j\u00e1n, \u00e9s k\u00f6zben azt hiszi, hogy ez m\u00e9g ma is olyan men\u0151, mint 10 \u00e9ve volt.<\/p>\n<figure id=\"attachment_8303\" aria-describedby=\"caption-attachment-8303\" style=\"width: 1500px\" class=\"wp-caption alignnone\"><img loading=\"lazy\" decoding=\"async\" class=\"wp-image-8303 size-full\" src=\"https:\/\/d2p6e6u75xmxt8.cloudfront.net\/12\/2020\/08\/bicycle-jewelry.jpg\" alt=\"Cycling Jewelry\" width=\"1500\" height=\"1079\" srcset=\"https:\/\/d2p6e6u75xmxt8.cloudfront.net\/12\/2020\/08\/bicycle-jewelry.jpg 1500w, https:\/\/d2p6e6u75xmxt8.cloudfront.net\/12\/2020\/08\/bicycle-jewelry-300x216.jpg 300w, https:\/\/d2p6e6u75xmxt8.cloudfront.net\/12\/2020\/08\/bicycle-jewelry-1024x737.jpg 1024w, https:\/\/d2p6e6u75xmxt8.cloudfront.net\/12\/2020\/08\/bicycle-jewelry-768x552.jpg 768w\" sizes=\"auto, (max-width: 1500px) 100vw, 1500px\" \/><figcaption id=\"caption-attachment-8303\" class=\"wp-caption-text\">Mi\u00e9rt ment ez ki a divatb\u00f3l?<\/figcaption><\/figure>\n<p>8. Soha nem fullad ki, m\u00e9g akkor sem, ha felm\u00e1szik a tizedik emeletre.<\/p>\n<p>9. Az asztal\u00e1n \u00e1ll egy b\u00f6gre, ami valamilyen ker\u00e9kp\u00e1rgumival kapcsolatos nev\u0171 fesztiv\u00e1lt hirdet.<\/p>\n<p>10. M\u00e9g a bev\u00e1s\u00e1rl\u00f3kocsival is megpr\u00f3b\u00e1l ugratni.<\/p>\n<p>11. A sziv\u00e1rv\u00e1nyos mez sz\u00e1m\u00e1ra nem a Pride felvonul\u00e1s\u00e1t jelenti.<\/p>\n<p>12. Hi\u00e1ba sz\u00e1rmazik olyan orsz\u00e1gb\u00f3l, ahol metrikus rendszert haszn\u00e1lnak, biztosan rajtakapod, hogy h\u00fcvelykben sz\u00e1mol \u2013 legal\u00e1bbis 26 \u00e9s 29 k\u00f6z\u00f6tt.<\/p>\n<p>13. \u00c9vente egyszer elt\u00f6ri a karj\u00e1t, de \u00fagy gipszeik be, hogy tov\u00e1bbra is tudja fogni a korm\u00e1nyt.<\/p>\n","protected":false},"excerpt":{"rendered":"<p>Nem kell mentalist\u00e1nak lenned, ahhoz, hogy kisz\u00fard, ha egy MTB-st l\u00e1tsz. Ezek a jelek \u00e1rulj\u00e1k el a mountain bike szerelmeseit!<\/p>\n","protected":false},"author":71,"featured_media":8305,"comment_status":"open","ping_status":"open","sticky":false,"template":"","format":"standard","meta":{"footnotes":""},"categories":[7],"tags":[],"global-categories":[],"class_list":["post-8302","post","type-post","status-publish","format-standard","has-post-thumbnail","hentry","category-trekking-mtb"],"yoast_head":"<!-- This site is optimized with the Yoast SEO Premium plugin v25.3 (Yoast SEO v25.9) - https:\/\/yoast.com\/wordpress\/plugins\/seo\/ -->\n<title>13 jel, ami el\u00e1rul egy montist - \u0160koda We Love Cycling - Magyarorsz\u00e1g<\/title>\n<meta name=\"description\" content=\"Nem kell mentalist\u00e1nak lenned, ahhoz, hogy kisz\u00fard, ha egy MTB-st l\u00e1tsz. Ezek a jelek \u00e1rulj\u00e1k el a mountain bike szerelmeseit!\" \/>\n<meta name=\"robots\" content=\"index, follow, max-snippet:-1, max-image-preview:large, max-video-preview:-1\" \/>\n<link rel=\"canonical\" href=\"https:\/\/www.welovecycling.com\/hu\/trekking-mtb\/13-jel-ami-elarul-egy-montist\/\" \/>\n<meta property=\"og:locale\" content=\"hu_HU\" \/>\n<meta property=\"og:type\" content=\"article\" \/>\n<meta property=\"og:title\" content=\"13 jel, ami el\u00e1rul egy montist\" \/>\n<meta property=\"og:description\" content=\"Nem kell mentalist\u00e1nak lenned, ahhoz, hogy kisz\u00fard, ha egy MTB-st l\u00e1tsz. Ezek a jelek \u00e1rulj\u00e1k el a mountain bike szerelmeseit!\" \/>\n<meta property=\"og:url\" content=\"https:\/\/www.welovecycling.com\/hu\/trekking-mtb\/13-jel-ami-elarul-egy-montist\/\" \/>\n<meta property=\"og:site_name\" content=\"\u0160koda We Love Cycling - Magyarorsz\u00e1g\" \/>\n<meta property=\"article:publisher\" content=\"https:\/\/www.facebook.com\/WeLoveCyclingHungary\/\" \/>\n<meta property=\"article:published_time\" content=\"2020-08-19T07:00:02+00:00\" \/>\n<meta property=\"og:image\" content=\"https:\/\/d2p6e6u75xmxt8.cloudfront.net\/12\/2020\/08\/wwrcover.jpg\" \/>\n\t<meta property=\"og:image:width\" content=\"1366\" \/>\n\t<meta property=\"og:image:height\" content=\"600\" \/>\n\t<meta property=\"og:image:type\" content=\"image\/jpeg\" \/>\n<meta name=\"author\" content=\"hegyizs\" \/>\n<meta name=\"twitter:card\" content=\"summary_large_image\" \/>\n<meta name=\"twitter:title\" content=\"13 jel, ami el\u00e1rul egy montist\" \/>\n<meta name=\"twitter:label1\" content=\"Written by\" \/>\n\t<meta name=\"twitter:data1\" content=\"Adam Marsal\" \/>\n\t<meta name=\"twitter:label2\" content=\"Est. reading time\" \/>\n\t<meta name=\"twitter:data2\" content=\"5\" \/>\n<script type=\"application\/ld+json\" class=\"yoast-schema-graph\">{\"@context\":\"https:\/\/schema.org\",\"@graph\":[{\"@type\":\"WebPage\",\"@id\":\"https:\/\/www.welovecycling.com\/hu\/trekking-mtb\/13-jel-ami-elarul-egy-montist\/\",\"url\":\"https:\/\/www.welovecycling.com\/hu\/trekking-mtb\/13-jel-ami-elarul-egy-montist\/\",\"name\":\"13 jel, ami el\u00e1rul egy montist - \u0160koda We Love Cycling - Magyarorsz\u00e1g\",\"isPartOf\":{\"@id\":\"https:\/\/www.welovecycling.com\/hu\/#website\"},\"primaryImageOfPage\":{\"@id\":\"https:\/\/www.welovecycling.com\/hu\/trekking-mtb\/13-jel-ami-elarul-egy-montist\/#primaryimage\"},\"image\":{\"@id\":\"https:\/\/www.welovecycling.com\/hu\/trekking-mtb\/13-jel-ami-elarul-egy-montist\/#primaryimage\"},\"thumbnailUrl\":\"https:\/\/d2p6e6u75xmxt8.cloudfront.net\/12\/2020\/08\/wwrcover.jpg\",\"datePublished\":\"2020-08-19T07:00:02+00:00\",\"author\":{\"@id\":\"https:\/\/www.welovecycling.com\/hu\/#\/schema\/person\/414a2aebf1801691a5320edb6468e194\"},\"description\":\"Nem kell mentalist\u00e1nak lenned, ahhoz, hogy kisz\u00fard, ha egy MTB-st l\u00e1tsz. Ezek a jelek \u00e1rulj\u00e1k el a mountain bike szerelmeseit!\",\"breadcrumb\":{\"@id\":\"https:\/\/www.welovecycling.com\/hu\/trekking-mtb\/13-jel-ami-elarul-egy-montist\/#breadcrumb\"},\"inLanguage\":\"hu\",\"potentialAction\":[{\"@type\":\"ReadAction\",\"target\":[\"https:\/\/www.welovecycling.com\/hu\/trekking-mtb\/13-jel-ami-elarul-egy-montist\/\"]}]},{\"@type\":\"ImageObject\",\"inLanguage\":\"hu\",\"@id\":\"https:\/\/www.welovecycling.com\/hu\/trekking-mtb\/13-jel-ami-elarul-egy-montist\/#primaryimage\",\"url\":\"https:\/\/d2p6e6u75xmxt8.cloudfront.net\/12\/2020\/08\/wwrcover.jpg\",\"contentUrl\":\"https:\/\/d2p6e6u75xmxt8.cloudfront.net\/12\/2020\/08\/wwrcover.jpg\",\"width\":1366,\"height\":600,\"caption\":\"Women MTB\"},{\"@type\":\"BreadcrumbList\",\"@id\":\"https:\/\/www.welovecycling.com\/hu\/trekking-mtb\/13-jel-ami-elarul-egy-montist\/#breadcrumb\",\"itemListElement\":[{\"@type\":\"ListItem\",\"position\":1,\"name\":\"Home\",\"item\":\"https:\/\/www.welovecycling.com\/hu\/\"},{\"@type\":\"ListItem\",\"position\":2,\"name\":\"13 jel, ami el\u00e1rul egy montist\"}]},{\"@type\":\"WebSite\",\"@id\":\"https:\/\/www.welovecycling.com\/hu\/#website\",\"url\":\"https:\/\/www.welovecycling.com\/hu\/\",\"name\":\"\u0160koda We Love Cycling - Magyarorsz\u00e1g\",\"description\":\"\u0160koda WeLoveCycling\",\"potentialAction\":[{\"@type\":\"SearchAction\",\"target\":{\"@type\":\"EntryPoint\",\"urlTemplate\":\"https:\/\/www.welovecycling.com\/hu\/?s={search_term_string}\"},\"query-input\":{\"@type\":\"PropertyValueSpecification\",\"valueRequired\":true,\"valueName\":\"search_term_string\"}}],\"inLanguage\":\"hu\"},{\"@type\":\"Person\",\"@id\":\"https:\/\/www.welovecycling.com\/hu\/#\/schema\/person\/414a2aebf1801691a5320edb6468e194\",\"name\":\"hegyizs\",\"image\":{\"@type\":\"ImageObject\",\"inLanguage\":\"hu\",\"@id\":\"https:\/\/www.welovecycling.com\/hu\/#\/schema\/person\/image\/\",\"url\":\"https:\/\/secure.gravatar.com\/avatar\/02cf8a7906b8cf90cecb4679defac7cfd33a1c2e3b88e4903d947f3bb58eedd3?s=96&d=mm&r=g\",\"contentUrl\":\"https:\/\/secure.gravatar.com\/avatar\/02cf8a7906b8cf90cecb4679defac7cfd33a1c2e3b88e4903d947f3bb58eedd3?s=96&d=mm&r=g\",\"caption\":\"hegyizs\"},\"url\":\"https:\/\/www.welovecycling.com\/hu\/author\/hegyizs\/\"}]}<\/script>\n<!-- \/ Yoast SEO Premium plugin. -->","yoast_head_json":{"title":"13 jel, ami el\u00e1rul egy montist - \u0160koda We Love Cycling - Magyarorsz\u00e1g","description":"Nem kell mentalist\u00e1nak lenned, ahhoz, hogy kisz\u00fard, ha egy MTB-st l\u00e1tsz. Ezek a jelek \u00e1rulj\u00e1k el a mountain bike szerelmeseit!","robots":{"index":"index","follow":"follow","max-snippet":"max-snippet:-1","max-image-preview":"max-image-preview:large","max-video-preview":"max-video-preview:-1"},"canonical":"https:\/\/www.welovecycling.com\/hu\/trekking-mtb\/13-jel-ami-elarul-egy-montist\/","og_locale":"hu_HU","og_type":"article","og_title":"13 jel, ami el\u00e1rul egy montist","og_description":"Nem kell mentalist\u00e1nak lenned, ahhoz, hogy kisz\u00fard, ha egy MTB-st l\u00e1tsz. Ezek a jelek \u00e1rulj\u00e1k el a mountain bike szerelmeseit!","og_url":"https:\/\/www.welovecycling.com\/hu\/trekking-mtb\/13-jel-ami-elarul-egy-montist\/","og_site_name":"\u0160koda We Love Cycling - Magyarorsz\u00e1g","article_publisher":"https:\/\/www.facebook.com\/WeLoveCyclingHungary\/","article_published_time":"2020-08-19T07:00:02+00:00","og_image":[{"width":1366,"height":600,"url":"https:\/\/d2p6e6u75xmxt8.cloudfront.net\/12\/2020\/08\/wwrcover.jpg","type":"image\/jpeg"}],"author":"hegyizs","twitter_card":"summary_large_image","twitter_title":"13 jel, ami el\u00e1rul egy montist","twitter_misc":{"Written by":"Adam Marsal","Est. reading time":"5"},"schema":{"@context":"https:\/\/schema.org","@graph":[{"@type":"WebPage","@id":"https:\/\/www.welovecycling.com\/hu\/trekking-mtb\/13-jel-ami-elarul-egy-montist\/","url":"https:\/\/www.welovecycling.com\/hu\/trekking-mtb\/13-jel-ami-elarul-egy-montist\/","name":"13 jel, ami el\u00e1rul egy montist - \u0160koda We Love Cycling - Magyarorsz\u00e1g","isPartOf":{"@id":"https:\/\/www.welovecycling.com\/hu\/#website"},"primaryImageOfPage":{"@id":"https:\/\/www.welovecycling.com\/hu\/trekking-mtb\/13-jel-ami-elarul-egy-montist\/#primaryimage"},"image":{"@id":"https:\/\/www.welovecycling.com\/hu\/trekking-mtb\/13-jel-ami-elarul-egy-montist\/#primaryimage"},"thumbnailUrl":"https:\/\/d2p6e6u75xmxt8.cloudfront.net\/12\/2020\/08\/wwrcover.jpg","datePublished":"2020-08-19T07:00:02+00:00","author":{"@id":"https:\/\/www.welovecycling.com\/hu\/#\/schema\/person\/414a2aebf1801691a5320edb6468e194"},"description":"Nem kell mentalist\u00e1nak lenned, ahhoz, hogy kisz\u00fard, ha egy MTB-st l\u00e1tsz. Ezek a jelek \u00e1rulj\u00e1k el a mountain bike szerelmeseit!","breadcrumb":{"@id":"https:\/\/www.welovecycling.com\/hu\/trekking-mtb\/13-jel-ami-elarul-egy-montist\/#breadcrumb"},"inLanguage":"hu","potentialAction":[{"@type":"ReadAction","target":["https:\/\/www.welovecycling.com\/hu\/trekking-mtb\/13-jel-ami-elarul-egy-montist\/"]}]},{"@type":"ImageObject","inLanguage":"hu","@id":"https:\/\/www.welovecycling.com\/hu\/trekking-mtb\/13-jel-ami-elarul-egy-montist\/#primaryimage","url":"https:\/\/d2p6e6u75xmxt8.cloudfront.net\/12\/2020\/08\/wwrcover.jpg","contentUrl":"https:\/\/d2p6e6u75xmxt8.cloudfront.net\/12\/2020\/08\/wwrcover.jpg","width":1366,"height":600,"caption":"Women MTB"},{"@type":"BreadcrumbList","@id":"https:\/\/www.welovecycling.com\/hu\/trekking-mtb\/13-jel-ami-elarul-egy-montist\/#breadcrumb","itemListElement":[{"@type":"ListItem","position":1,"name":"Home","item":"https:\/\/www.welovecycling.com\/hu\/"},{"@type":"ListItem","position":2,"name":"13 jel, ami el\u00e1rul egy montist"}]},{"@type":"WebSite","@id":"https:\/\/www.welovecycling.com\/hu\/#website","url":"https:\/\/www.welovecycling.com\/hu\/","name":"\u0160koda We Love Cycling - Magyarorsz\u00e1g","description":"\u0160koda WeLoveCycling","potentialAction":[{"@type":"SearchAction","target":{"@type":"EntryPoint","urlTemplate":"https:\/\/www.welovecycling.com\/hu\/?s={search_term_string}"},"query-input":{"@type":"PropertyValueSpecification","valueRequired":true,"valueName":"search_term_string"}}],"inLanguage":"hu"},{"@type":"Person","@id":"https:\/\/www.welovecycling.com\/hu\/#\/schema\/person\/414a2aebf1801691a5320edb6468e194","name":"hegyizs","image":{"@type":"ImageObject","inLanguage":"hu","@id":"https:\/\/www.welovecycling.com\/hu\/#\/schema\/person\/image\/","url":"https:\/\/secure.gravatar.com\/avatar\/02cf8a7906b8cf90cecb4679defac7cfd33a1c2e3b88e4903d947f3bb58eedd3?s=96&d=mm&r=g","contentUrl":"https:\/\/secure.gravatar.com\/avatar\/02cf8a7906b8cf90cecb4679defac7cfd33a1c2e3b88e4903d947f3bb58eedd3?s=96&d=mm&r=g","caption":"hegyizs"},"url":"https:\/\/www.welovecycling.com\/hu\/author\/hegyizs\/"}]}},"_links":{"self":[{"href":"https:\/\/www.welovecycling.com\/hu\/wp-json\/wp\/v2\/posts\/8302","targetHints":{"allow":["GET"]}}],"collection":[{"href":"https:\/\/www.welovecycling.com\/hu\/wp-json\/wp\/v2\/posts"}],"about":[{"href":"https:\/\/www.welovecycling.com\/hu\/wp-json\/wp\/v2\/types\/post"}],"author":[{"embeddable":true,"href":"https:\/\/www.welovecycling.com\/hu\/wp-json\/wp\/v2\/users\/71"}],"replies":[{"embeddable":true,"href":"https:\/\/www.welovecycling.com\/hu\/wp-json\/wp\/v2\/comments?post=8302"}],"version-history":[{"count":2,"href":"https:\/\/www.welovecycling.com\/hu\/wp-json\/wp\/v2\/posts\/8302\/revisions"}],"predecessor-version":[{"id":8315,"href":"https:\/\/www.welovecycling.com\/hu\/wp-json\/wp\/v2\/posts\/8302\/revisions\/8315"}],"wp:featuredmedia":[{"embeddable":true,"href":"https:\/\/www.welovecycling.com\/hu\/wp-json\/wp\/v2\/media\/8305"}],"wp:attachment":[{"href":"https:\/\/www.welovecycling.com\/hu\/wp-json\/wp\/v2\/media?parent=8302"}],"wp:term":[{"taxonomy":"category","embeddable":true,"href":"https:\/\/www.welovecycling.com\/hu\/wp-json\/wp\/v2\/categories?post=8302"},{"taxonomy":"post_tag","embeddable":true,"href":"https:\/\/www.welovecycling.com\/hu\/wp-json\/wp\/v2\/tags?post=8302"},{"taxonomy":"global-categories","embeddable":true,"href":"https:\/\/www.welovecycling.com\/hu\/wp-json\/wp\/v2\/global-categories?post=8302"}],"curies":[{"name":"wp","href":"https:\/\/api.w.org\/{rel}","templated":true}]}}