{"id":8297,"date":"2020-08-18T08:00:54","date_gmt":"2020-08-18T07:00:54","guid":{"rendered":"https:\/\/www.welovecycling.com\/hu\/?p=8297"},"modified":"2020-08-17T19:46:57","modified_gmt":"2020-08-17T18:46:57","slug":"rene-vietto-a-versenyzo-aki-a-kerekparos-tortenelem-legnagyobb-aldozatat-hozta","status":"publish","type":"post","link":"https:\/\/www.welovecycling.com\/hu\/orszaguti-kerekpar\/rene-vietto-a-versenyzo-aki-a-kerekparos-tortenelem-legnagyobb-aldozatat-hozta\/","title":{"rendered":"Ren\u00e9 Vietto, a versenyz\u0151, aki a ker\u00e9kp\u00e1ros t\u00f6rt\u00e9nelem legnagyobb \u00e1ldozat\u00e1t hozta"},"content":{"rendered":"<p><strong>H\u0171s\u00e9gesnek \u00e9s elk\u00f6telezettnek tartod magad? Ha a v\u00e1lasz igen, \u00e1llj meg egy pillanatra \u00e9s gondold \u00e1t, meddig menn\u00e9l el valami\u00e9rt, amit fontosnak tartasz. Ha megvan, j\u00e1tsszunk egy kicsit \u00e9s hasonl\u00edtsuk \u00f6ssze az eredm\u00e9nyt a k\u00e9t francia, Apo Lazarides \u00e9s Ren\u00e9 Vietto t\u00f6rt\u00e9net\u00e9vel.<\/strong><\/p>\n<p><!--more--><\/p>\n<p>Jean-Ap\u00f4tre Lazarid\u00e8s (becenev\u00e9n Apo) 1925-ben sz\u00fcletett. Mik\u00f6zben \u00e9lvezte a ker\u00e9kp\u00e1roz\u00e1st, kihaszn\u00e1lta egy\u00e9b el\u0151nyeit is. A n\u00e9met megsz\u00e1ll\u00e1s alatt Apo lett a francia ellen\u00e1ll\u00e1s k\u00e9tkerek\u0171 sz\u00e1ll\u00edt\u00f3ja. De most csak profi ker\u00e9kp\u00e1ros karrierj\u00e9re \u00f6sszpontos\u00edtunk!<\/p>\n<p>A fiatal Apo a h\u00edres francia bajnok, Ren\u00e9 Vietto tan\u00edtv\u00e1nya volt, aki k\u00f6zismert volt elsz\u00e1nts\u00e1g\u00e1r\u00f3l \u2013 nemcsak a gy\u0151zelem, hanem a csapata ir\u00e1nt is m\u00e9lyen elk\u00f6telezte mag\u00e1t. 1934-ben az akkor 20 \u00e9ves \u00edg\u00e9retes tehets\u00e9g a Pireneusokban tekert felfel\u00e9, m\u00e1r csak karny\u00fajt\u00e1snyira volt a s\u00e1rga trik\u00f3t\u00f3l, amikor utol\u00e9rte egy motorker\u00e9kp\u00e1ros, hogy elmondja: csapatvezet\u0151j\u00e9t baleset \u00e9rte, els\u0151 kereke teljesen t\u00f6nkrement, \u00edgy nem tudja folytatni a versenyt. Ekkor Vietto megfordult, visszatekert a vezet\u0151h\u00f6z \u00e9s neki adta els\u0151 kerek\u00e9t. A k\u00e9p, melyen egy k\u0151falon \u00fcl, figyeli a versenyt, \u00e9s zokog, m\u00e9lt\u00e1n v\u00e1lt h\u00edress\u00e9.<\/p>\n<div id='gallery-1' class='gallery galleryid-8297 gallery-columns-2 gallery-size-large'><figure class='gallery-item'>\n\t\t\t<div class='gallery-icon landscape'>\n\t\t\t\t<a href='https:\/\/d2p6e6u75xmxt8.cloudfront.net\/12\/2020\/08\/1934-vietto-rene-tdf-crying-official.jpg'><img loading=\"lazy\" decoding=\"async\" width=\"620\" height=\"367\" src=\"https:\/\/d2p6e6u75xmxt8.cloudfront.net\/12\/2020\/08\/1934-vietto-rene-tdf-crying-official.jpg\" class=\"attachment-large size-large\" alt=\"\" aria-describedby=\"gallery-1-8295\" srcset=\"https:\/\/d2p6e6u75xmxt8.cloudfront.net\/12\/2020\/08\/1934-vietto-rene-tdf-crying-official.jpg 620w, https:\/\/d2p6e6u75xmxt8.cloudfront.net\/12\/2020\/08\/1934-vietto-rene-tdf-crying-official-300x178.jpg 300w\" sizes=\"auto, (max-width: 620px) 100vw, 620px\" \/><\/a>\n\t\t\t<\/div>\n\t\t\t\t<figcaption class='wp-caption-text gallery-caption' id='gallery-1-8295'>\n\t\t\t\tRenn\u00e9\n\t\t\t\t<\/figcaption><\/figure><figure class='gallery-item'>\n\t\t\t<div class='gallery-icon landscape'>\n\t\t\t\t<a href='https:\/\/d2p6e6u75xmxt8.cloudfront.net\/12\/2020\/08\/profimedia-0067986253.jpg'><img loading=\"lazy\" decoding=\"async\" width=\"1024\" height=\"666\" src=\"https:\/\/d2p6e6u75xmxt8.cloudfront.net\/12\/2020\/08\/profimedia-0067986253-1024x666.jpg\" class=\"attachment-large size-large\" alt=\"\" srcset=\"https:\/\/d2p6e6u75xmxt8.cloudfront.net\/12\/2020\/08\/profimedia-0067986253-1024x666.jpg 1024w, https:\/\/d2p6e6u75xmxt8.cloudfront.net\/12\/2020\/08\/profimedia-0067986253-300x195.jpg 300w, https:\/\/d2p6e6u75xmxt8.cloudfront.net\/12\/2020\/08\/profimedia-0067986253-768x500.jpg 768w, https:\/\/d2p6e6u75xmxt8.cloudfront.net\/12\/2020\/08\/profimedia-0067986253.jpg 1250w\" sizes=\"auto, (max-width: 1024px) 100vw, 1024px\" \/><\/a>\n\t\t\t<\/div><\/figure>\n\t\t<\/div>\n\n<figure id=\"attachment_8298\" aria-describedby=\"caption-attachment-8298\" style=\"width: 1250px\" class=\"wp-caption alignnone\"><img loading=\"lazy\" decoding=\"async\" class=\"size-full wp-image-8298\" src=\"https:\/\/d2p6e6u75xmxt8.cloudfront.net\/12\/2020\/08\/Rene-Vietto-profimedia-0286569886.jpg\" alt=\"\" width=\"1250\" height=\"896\" srcset=\"https:\/\/d2p6e6u75xmxt8.cloudfront.net\/12\/2020\/08\/Rene-Vietto-profimedia-0286569886.jpg 1250w, https:\/\/d2p6e6u75xmxt8.cloudfront.net\/12\/2020\/08\/Rene-Vietto-profimedia-0286569886-300x215.jpg 300w, https:\/\/d2p6e6u75xmxt8.cloudfront.net\/12\/2020\/08\/Rene-Vietto-profimedia-0286569886-1024x734.jpg 1024w, https:\/\/d2p6e6u75xmxt8.cloudfront.net\/12\/2020\/08\/Rene-Vietto-profimedia-0286569886-768x551.jpg 768w\" sizes=\"auto, (max-width: 1250px) 100vw, 1250px\" \/><figcaption id=\"caption-attachment-8298\" class=\"wp-caption-text\">Ren\u00e9 Vietto, 1946. \u00a9 Profimedia<\/figcaption><\/figure>\n<p>M\u00e1r ekkor sz\u00edv\u00e9be fogadt\u00e1k a francia szurkol\u00f3k, azonban volt m\u00e9g egy hihetetlen h\u00faz\u00e1sa: 12 \u00e9vvel k\u00e9s\u0151bb, az 1947-es Tour el\u0151tt Ren\u00e9 l\u00e1bujja \u2013 v\u00e9rm\u00e9rgez\u00e9s k\u00f6vetkezt\u00e9ben \u2013 \u00fcszk\u00f6s\u00f6dni kezdett. Ez azt jelentette, hogy nem \u00e1llhatott rajthoz. \u0150t azonban nem akad\u00e1lyozhatta meg semmi, m\u00e9g saj\u00e1t l\u00e1bujja sem: \u00edgy azt\u00e1n a verseny el\u0151tt elment egy orvoshoz, \u00e9s lev\u00e1gatta az \u00fcszk\u00f6s ujjat. M\u00e1snap pedig elindult a Tour-on.<\/p>\n<p>Kanyarodjunk vissza a t\u00f6rt\u00e9net elej\u00e9n eml\u00edtett Apohoz. Vietto tan\u00edtv\u00e1nyak\u00e9nt szigor\u00fa, sokszor kegyetlen edz\u00e9si rutint kellett betartania, ami olykor \u00e9hez\u00e9st, f\u0171-ev\u00e9st \u00e9s alv\u00e1shi\u00e1nyt jelentett. Vietto \u00fagy gondolta, hogy az alv\u00e1s a haldokl\u00e1ssal egyenl\u0151. Apo mindent teljes\u00edtett. Azonban m\u00e9g valamit meg kellett tennie, hogy bizony\u00edtsa, mennyire elk\u00f6telezett: le kellett v\u00e1gnia a l\u00e1bujj\u00e1t.<\/p>\n<figure id=\"attachment_8299\" aria-describedby=\"caption-attachment-8299\" style=\"width: 1250px\" class=\"wp-caption alignnone\"><img loading=\"lazy\" decoding=\"async\" class=\"size-full wp-image-8299\" src=\"https:\/\/d2p6e6u75xmxt8.cloudfront.net\/2\/2020\/08\/Jean-Ap\u00f4tre-Lazarid\u00e8s-profimedia-0285825287.jpg\" alt=\"Jean-Ap\u00f4tre Lazarid\u00e8s\" width=\"1250\" height=\"897\" srcset=\"https:\/\/d2p6e6u75xmxt8.cloudfront.net\/12\/2020\/08\/Jean-Ap\u00f4tre-Lazarid\u00e8s-profimedia-0285825287.jpg 1250w, https:\/\/d2p6e6u75xmxt8.cloudfront.net\/12\/2020\/08\/Jean-Ap\u00f4tre-Lazarid\u00e8s-profimedia-0285825287-300x215.jpg 300w, https:\/\/d2p6e6u75xmxt8.cloudfront.net\/12\/2020\/08\/Jean-Ap\u00f4tre-Lazarid\u00e8s-profimedia-0285825287-1024x735.jpg 1024w, https:\/\/d2p6e6u75xmxt8.cloudfront.net\/12\/2020\/08\/Jean-Ap\u00f4tre-Lazarid\u00e8s-profimedia-0285825287-768x551.jpg 768w\" sizes=\"auto, (max-width: 1250px) 100vw, 1250px\" \/><figcaption id=\"caption-attachment-8299\" class=\"wp-caption-text\">Jean-Ap\u00f4tre Lazarides \u00a9 Profimedia<\/figcaption><\/figure>\n<p>A k\u00e9rd\u00e9sre, hogy mi\u00e9rt is kell ezt megtennie, a k\u00f6vetkez\u0151 volt a v\u00e1lasz: az\u00e9rt, hogy meg\u00e9rtse a profi ker\u00e9kp\u00e1roz\u00e1s f\u00e1jdalm\u00e1t \u00e9s \u00e1t\u00e9lje az \u00e1ldozatot, amit mestere hozott a sport\u00e9rt. Apo ism\u00e9t engedelmeskedett. \u00c9lete h\u00e1tral\u00e9v\u0151 r\u00e9sz\u00e9t s\u00e1ntik\u00e1lva t\u00f6lt\u00f6tte.<\/p>\n<p>T\u00e9rj\u00fcnk csak vissza az els\u0151 k\u00e9rd\u00e9sre, amit feltett\u00fcnk: te mit \u00e1ldozn\u00e1l fel a ker\u00e9kp\u00e1roz\u00e1s olt\u00e1r\u00e1n? Valami ilyesmire gondolt\u00e1l? Belef\u00e9r egy-k\u00e9t testr\u00e9sz?<\/p>\n<p>A t\u00f6rt\u00e9net minden sz\u00e9ps\u00e9ge (\u00e9s furcsas\u00e1ga) mellett meg kell eml\u00edten\u00fcnk azt is, hogy sem Vietto, sem Apo nem nyert\u00e9k meg a Tour-t. El\u0151bbi legjobb eredm\u00e9nye az 1939-es verseny m\u00e1sodik helye volt, Apo pedig 9. lett 1949-ben, de enn\u00e9l k\u00f6zelebb nem jutott a dobog\u00f3hoz.<\/p>\n","protected":false},"excerpt":{"rendered":"<p>H\u0171s\u00e9gesnek \u00e9s elk\u00f6telezettnek tartod magad? Ha a v\u00e1lasz igen, \u00e1llj meg egy pillanatra \u00e9s gondold \u00e1t, meddig menn\u00e9l el valami\u00e9rt, [&hellip;]<\/p>\n","protected":false},"author":71,"featured_media":8301,"comment_status":"open","ping_status":"open","sticky":false,"template":"","format":"standard","meta":{"footnotes":""},"categories":[8],"tags":[],"global-categories":[],"class_list":["post-8297","post","type-post","status-publish","format-standard","has-post-thumbnail","hentry","category-orszaguti-kerekpar"],"yoast_head":"<!-- This site is optimized with the Yoast SEO Premium plugin v25.3 (Yoast SEO v25.9) - https:\/\/yoast.com\/wordpress\/plugins\/seo\/ -->\n<title>Ren\u00e9 Vietto, a versenyz\u0151, aki a ker\u00e9kp\u00e1ros t\u00f6rt\u00e9nelem legnagyobb \u00e1ldozat\u00e1t hozta<\/title>\n<meta name=\"description\" content=\"H\u0171s\u00e9gesnek \u00e9s elk\u00f6telezettnek tartod magad? Ha a v\u00e1lasz igen, \u00e1llj meg egy pillanatra \u00e9s gondold \u00e1t, meddig menn\u00e9l el valami\u00e9rt, amit fontosnak tartasz. Ha megvan, j\u00e1tsszunk egy kicsit \u00e9s hasonl\u00edtsuk \u00f6ssze az eredm\u00e9nyt a k\u00e9t francia, Apo Lazarides \u00e9s Ren\u00e9 Vietto t\u00f6rt\u00e9net\u00e9vel.\" \/>\n<meta name=\"robots\" content=\"index, follow, max-snippet:-1, max-image-preview:large, max-video-preview:-1\" \/>\n<link rel=\"canonical\" href=\"https:\/\/www.welovecycling.com\/hu\/orszaguti-kerekpar\/rene-vietto-a-versenyzo-aki-a-kerekparos-tortenelem-legnagyobb-aldozatat-hozta\/\" \/>\n<meta property=\"og:locale\" content=\"hu_HU\" \/>\n<meta property=\"og:type\" content=\"article\" \/>\n<meta property=\"og:title\" content=\"Ren\u00e9 Vietto, a versenyz\u0151, aki a ker\u00e9kp\u00e1ros t\u00f6rt\u00e9nelem legnagyobb \u00e1ldozat\u00e1t hozta\" \/>\n<meta property=\"og:description\" content=\"H\u0171s\u00e9gesnek \u00e9s elk\u00f6telezettnek tartod magad? Ha a v\u00e1lasz igen, \u00e1llj meg egy pillanatra \u00e9s gondold \u00e1t, meddig menn\u00e9l el valami\u00e9rt, amit fontosnak tartasz. Ha megvan, j\u00e1tsszunk egy kicsit \u00e9s hasonl\u00edtsuk \u00f6ssze az eredm\u00e9nyt a k\u00e9t francia, Apo Lazarides \u00e9s Ren\u00e9 Vietto t\u00f6rt\u00e9net\u00e9vel.\" \/>\n<meta property=\"og:url\" content=\"https:\/\/www.welovecycling.com\/hu\/orszaguti-kerekpar\/rene-vietto-a-versenyzo-aki-a-kerekparos-tortenelem-legnagyobb-aldozatat-hozta\/\" \/>\n<meta property=\"og:site_name\" content=\"\u0160koda We Love Cycling - Magyarorsz\u00e1g\" \/>\n<meta property=\"article:publisher\" content=\"https:\/\/www.facebook.com\/WeLoveCyclingHungary\/\" \/>\n<meta property=\"article:published_time\" content=\"2020-08-18T07:00:54+00:00\" \/>\n<meta property=\"og:image\" content=\"https:\/\/d2p6e6u75xmxt8.cloudfront.net\/12\/2020\/08\/Rene-Vietto-CVR-profimedia-0067986218-2.jpg\" \/>\n\t<meta property=\"og:image:width\" content=\"1366\" \/>\n\t<meta property=\"og:image:height\" content=\"600\" \/>\n\t<meta property=\"og:image:type\" content=\"image\/jpeg\" \/>\n<meta name=\"author\" content=\"hegyizs\" \/>\n<meta name=\"twitter:card\" content=\"summary_large_image\" \/>\n<meta name=\"twitter:title\" content=\"Ren\u00e9 Vietto, a versenyz\u0151, aki a ker\u00e9kp\u00e1ros t\u00f6rt\u00e9nelem legnagyobb \u00e1ldozat\u00e1t hozta\" \/>\n<meta name=\"twitter:label1\" content=\"Written by\" \/>\n\t<meta name=\"twitter:data1\" content=\"Tereza Antonova\" \/>\n\t<meta name=\"twitter:label2\" content=\"Est. reading time\" \/>\n\t<meta name=\"twitter:data2\" content=\"7\" \/>\n<script type=\"application\/ld+json\" class=\"yoast-schema-graph\">{\"@context\":\"https:\/\/schema.org\",\"@graph\":[{\"@type\":\"WebPage\",\"@id\":\"https:\/\/www.welovecycling.com\/hu\/orszaguti-kerekpar\/rene-vietto-a-versenyzo-aki-a-kerekparos-tortenelem-legnagyobb-aldozatat-hozta\/\",\"url\":\"https:\/\/www.welovecycling.com\/hu\/orszaguti-kerekpar\/rene-vietto-a-versenyzo-aki-a-kerekparos-tortenelem-legnagyobb-aldozatat-hozta\/\",\"name\":\"Ren\u00e9 Vietto, a versenyz\u0151, aki a ker\u00e9kp\u00e1ros t\u00f6rt\u00e9nelem legnagyobb \u00e1ldozat\u00e1t hozta\",\"isPartOf\":{\"@id\":\"https:\/\/www.welovecycling.com\/hu\/#website\"},\"primaryImageOfPage\":{\"@id\":\"https:\/\/www.welovecycling.com\/hu\/orszaguti-kerekpar\/rene-vietto-a-versenyzo-aki-a-kerekparos-tortenelem-legnagyobb-aldozatat-hozta\/#primaryimage\"},\"image\":{\"@id\":\"https:\/\/www.welovecycling.com\/hu\/orszaguti-kerekpar\/rene-vietto-a-versenyzo-aki-a-kerekparos-tortenelem-legnagyobb-aldozatat-hozta\/#primaryimage\"},\"thumbnailUrl\":\"https:\/\/d2p6e6u75xmxt8.cloudfront.net\/12\/2020\/08\/Rene-Vietto-CVR-profimedia-0067986218-2.jpg\",\"datePublished\":\"2020-08-18T07:00:54+00:00\",\"author\":{\"@id\":\"https:\/\/www.welovecycling.com\/hu\/#\/schema\/person\/414a2aebf1801691a5320edb6468e194\"},\"description\":\"H\u0171s\u00e9gesnek \u00e9s elk\u00f6telezettnek tartod magad? Ha a v\u00e1lasz igen, \u00e1llj meg egy pillanatra \u00e9s gondold \u00e1t, meddig menn\u00e9l el valami\u00e9rt, amit fontosnak tartasz. Ha megvan, j\u00e1tsszunk egy kicsit \u00e9s hasonl\u00edtsuk \u00f6ssze az eredm\u00e9nyt a k\u00e9t francia, Apo Lazarides \u00e9s Ren\u00e9 Vietto t\u00f6rt\u00e9net\u00e9vel.\",\"breadcrumb\":{\"@id\":\"https:\/\/www.welovecycling.com\/hu\/orszaguti-kerekpar\/rene-vietto-a-versenyzo-aki-a-kerekparos-tortenelem-legnagyobb-aldozatat-hozta\/#breadcrumb\"},\"inLanguage\":\"hu\",\"potentialAction\":[{\"@type\":\"ReadAction\",\"target\":[\"https:\/\/www.welovecycling.com\/hu\/orszaguti-kerekpar\/rene-vietto-a-versenyzo-aki-a-kerekparos-tortenelem-legnagyobb-aldozatat-hozta\/\"]}]},{\"@type\":\"ImageObject\",\"inLanguage\":\"hu\",\"@id\":\"https:\/\/www.welovecycling.com\/hu\/orszaguti-kerekpar\/rene-vietto-a-versenyzo-aki-a-kerekparos-tortenelem-legnagyobb-aldozatat-hozta\/#primaryimage\",\"url\":\"https:\/\/d2p6e6u75xmxt8.cloudfront.net\/12\/2020\/08\/Rene-Vietto-CVR-profimedia-0067986218-2.jpg\",\"contentUrl\":\"https:\/\/d2p6e6u75xmxt8.cloudfront.net\/12\/2020\/08\/Rene-Vietto-CVR-profimedia-0067986218-2.jpg\",\"width\":1366,\"height\":600,\"caption\":\"Ren\u00e9 Vietto\"},{\"@type\":\"BreadcrumbList\",\"@id\":\"https:\/\/www.welovecycling.com\/hu\/orszaguti-kerekpar\/rene-vietto-a-versenyzo-aki-a-kerekparos-tortenelem-legnagyobb-aldozatat-hozta\/#breadcrumb\",\"itemListElement\":[{\"@type\":\"ListItem\",\"position\":1,\"name\":\"Home\",\"item\":\"https:\/\/www.welovecycling.com\/hu\/\"},{\"@type\":\"ListItem\",\"position\":2,\"name\":\"Ren\u00e9 Vietto, a versenyz\u0151, aki a ker\u00e9kp\u00e1ros t\u00f6rt\u00e9nelem legnagyobb \u00e1ldozat\u00e1t hozta\"}]},{\"@type\":\"WebSite\",\"@id\":\"https:\/\/www.welovecycling.com\/hu\/#website\",\"url\":\"https:\/\/www.welovecycling.com\/hu\/\",\"name\":\"\u0160koda We Love Cycling - Magyarorsz\u00e1g\",\"description\":\"\u0160koda WeLoveCycling\",\"potentialAction\":[{\"@type\":\"SearchAction\",\"target\":{\"@type\":\"EntryPoint\",\"urlTemplate\":\"https:\/\/www.welovecycling.com\/hu\/?s={search_term_string}\"},\"query-input\":{\"@type\":\"PropertyValueSpecification\",\"valueRequired\":true,\"valueName\":\"search_term_string\"}}],\"inLanguage\":\"hu\"},{\"@type\":\"Person\",\"@id\":\"https:\/\/www.welovecycling.com\/hu\/#\/schema\/person\/414a2aebf1801691a5320edb6468e194\",\"name\":\"hegyizs\",\"image\":{\"@type\":\"ImageObject\",\"inLanguage\":\"hu\",\"@id\":\"https:\/\/www.welovecycling.com\/hu\/#\/schema\/person\/image\/\",\"url\":\"https:\/\/secure.gravatar.com\/avatar\/02cf8a7906b8cf90cecb4679defac7cfd33a1c2e3b88e4903d947f3bb58eedd3?s=96&d=mm&r=g\",\"contentUrl\":\"https:\/\/secure.gravatar.com\/avatar\/02cf8a7906b8cf90cecb4679defac7cfd33a1c2e3b88e4903d947f3bb58eedd3?s=96&d=mm&r=g\",\"caption\":\"hegyizs\"},\"url\":\"https:\/\/www.welovecycling.com\/hu\/author\/hegyizs\/\"}]}<\/script>\n<!-- \/ Yoast SEO Premium plugin. -->","yoast_head_json":{"title":"Ren\u00e9 Vietto, a versenyz\u0151, aki a ker\u00e9kp\u00e1ros t\u00f6rt\u00e9nelem legnagyobb \u00e1ldozat\u00e1t hozta","description":"H\u0171s\u00e9gesnek \u00e9s elk\u00f6telezettnek tartod magad? Ha a v\u00e1lasz igen, \u00e1llj meg egy pillanatra \u00e9s gondold \u00e1t, meddig menn\u00e9l el valami\u00e9rt, amit fontosnak tartasz. Ha megvan, j\u00e1tsszunk egy kicsit \u00e9s hasonl\u00edtsuk \u00f6ssze az eredm\u00e9nyt a k\u00e9t francia, Apo Lazarides \u00e9s Ren\u00e9 Vietto t\u00f6rt\u00e9net\u00e9vel.","robots":{"index":"index","follow":"follow","max-snippet":"max-snippet:-1","max-image-preview":"max-image-preview:large","max-video-preview":"max-video-preview:-1"},"canonical":"https:\/\/www.welovecycling.com\/hu\/orszaguti-kerekpar\/rene-vietto-a-versenyzo-aki-a-kerekparos-tortenelem-legnagyobb-aldozatat-hozta\/","og_locale":"hu_HU","og_type":"article","og_title":"Ren\u00e9 Vietto, a versenyz\u0151, aki a ker\u00e9kp\u00e1ros t\u00f6rt\u00e9nelem legnagyobb \u00e1ldozat\u00e1t hozta","og_description":"H\u0171s\u00e9gesnek \u00e9s elk\u00f6telezettnek tartod magad? Ha a v\u00e1lasz igen, \u00e1llj meg egy pillanatra \u00e9s gondold \u00e1t, meddig menn\u00e9l el valami\u00e9rt, amit fontosnak tartasz. Ha megvan, j\u00e1tsszunk egy kicsit \u00e9s hasonl\u00edtsuk \u00f6ssze az eredm\u00e9nyt a k\u00e9t francia, Apo Lazarides \u00e9s Ren\u00e9 Vietto t\u00f6rt\u00e9net\u00e9vel.","og_url":"https:\/\/www.welovecycling.com\/hu\/orszaguti-kerekpar\/rene-vietto-a-versenyzo-aki-a-kerekparos-tortenelem-legnagyobb-aldozatat-hozta\/","og_site_name":"\u0160koda We Love Cycling - Magyarorsz\u00e1g","article_publisher":"https:\/\/www.facebook.com\/WeLoveCyclingHungary\/","article_published_time":"2020-08-18T07:00:54+00:00","og_image":[{"width":1366,"height":600,"url":"https:\/\/d2p6e6u75xmxt8.cloudfront.net\/12\/2020\/08\/Rene-Vietto-CVR-profimedia-0067986218-2.jpg","type":"image\/jpeg"}],"author":"hegyizs","twitter_card":"summary_large_image","twitter_title":"Ren\u00e9 Vietto, a versenyz\u0151, aki a ker\u00e9kp\u00e1ros t\u00f6rt\u00e9nelem legnagyobb \u00e1ldozat\u00e1t hozta","twitter_misc":{"Written by":"Tereza Antonova","Est. reading time":"7"},"schema":{"@context":"https:\/\/schema.org","@graph":[{"@type":"WebPage","@id":"https:\/\/www.welovecycling.com\/hu\/orszaguti-kerekpar\/rene-vietto-a-versenyzo-aki-a-kerekparos-tortenelem-legnagyobb-aldozatat-hozta\/","url":"https:\/\/www.welovecycling.com\/hu\/orszaguti-kerekpar\/rene-vietto-a-versenyzo-aki-a-kerekparos-tortenelem-legnagyobb-aldozatat-hozta\/","name":"Ren\u00e9 Vietto, a versenyz\u0151, aki a ker\u00e9kp\u00e1ros t\u00f6rt\u00e9nelem legnagyobb \u00e1ldozat\u00e1t hozta","isPartOf":{"@id":"https:\/\/www.welovecycling.com\/hu\/#website"},"primaryImageOfPage":{"@id":"https:\/\/www.welovecycling.com\/hu\/orszaguti-kerekpar\/rene-vietto-a-versenyzo-aki-a-kerekparos-tortenelem-legnagyobb-aldozatat-hozta\/#primaryimage"},"image":{"@id":"https:\/\/www.welovecycling.com\/hu\/orszaguti-kerekpar\/rene-vietto-a-versenyzo-aki-a-kerekparos-tortenelem-legnagyobb-aldozatat-hozta\/#primaryimage"},"thumbnailUrl":"https:\/\/d2p6e6u75xmxt8.cloudfront.net\/12\/2020\/08\/Rene-Vietto-CVR-profimedia-0067986218-2.jpg","datePublished":"2020-08-18T07:00:54+00:00","author":{"@id":"https:\/\/www.welovecycling.com\/hu\/#\/schema\/person\/414a2aebf1801691a5320edb6468e194"},"description":"H\u0171s\u00e9gesnek \u00e9s elk\u00f6telezettnek tartod magad? Ha a v\u00e1lasz igen, \u00e1llj meg egy pillanatra \u00e9s gondold \u00e1t, meddig menn\u00e9l el valami\u00e9rt, amit fontosnak tartasz. Ha megvan, j\u00e1tsszunk egy kicsit \u00e9s hasonl\u00edtsuk \u00f6ssze az eredm\u00e9nyt a k\u00e9t francia, Apo Lazarides \u00e9s Ren\u00e9 Vietto t\u00f6rt\u00e9net\u00e9vel.","breadcrumb":{"@id":"https:\/\/www.welovecycling.com\/hu\/orszaguti-kerekpar\/rene-vietto-a-versenyzo-aki-a-kerekparos-tortenelem-legnagyobb-aldozatat-hozta\/#breadcrumb"},"inLanguage":"hu","potentialAction":[{"@type":"ReadAction","target":["https:\/\/www.welovecycling.com\/hu\/orszaguti-kerekpar\/rene-vietto-a-versenyzo-aki-a-kerekparos-tortenelem-legnagyobb-aldozatat-hozta\/"]}]},{"@type":"ImageObject","inLanguage":"hu","@id":"https:\/\/www.welovecycling.com\/hu\/orszaguti-kerekpar\/rene-vietto-a-versenyzo-aki-a-kerekparos-tortenelem-legnagyobb-aldozatat-hozta\/#primaryimage","url":"https:\/\/d2p6e6u75xmxt8.cloudfront.net\/12\/2020\/08\/Rene-Vietto-CVR-profimedia-0067986218-2.jpg","contentUrl":"https:\/\/d2p6e6u75xmxt8.cloudfront.net\/12\/2020\/08\/Rene-Vietto-CVR-profimedia-0067986218-2.jpg","width":1366,"height":600,"caption":"Ren\u00e9 Vietto"},{"@type":"BreadcrumbList","@id":"https:\/\/www.welovecycling.com\/hu\/orszaguti-kerekpar\/rene-vietto-a-versenyzo-aki-a-kerekparos-tortenelem-legnagyobb-aldozatat-hozta\/#breadcrumb","itemListElement":[{"@type":"ListItem","position":1,"name":"Home","item":"https:\/\/www.welovecycling.com\/hu\/"},{"@type":"ListItem","position":2,"name":"Ren\u00e9 Vietto, a versenyz\u0151, aki a ker\u00e9kp\u00e1ros t\u00f6rt\u00e9nelem legnagyobb \u00e1ldozat\u00e1t hozta"}]},{"@type":"WebSite","@id":"https:\/\/www.welovecycling.com\/hu\/#website","url":"https:\/\/www.welovecycling.com\/hu\/","name":"\u0160koda We Love Cycling - Magyarorsz\u00e1g","description":"\u0160koda WeLoveCycling","potentialAction":[{"@type":"SearchAction","target":{"@type":"EntryPoint","urlTemplate":"https:\/\/www.welovecycling.com\/hu\/?s={search_term_string}"},"query-input":{"@type":"PropertyValueSpecification","valueRequired":true,"valueName":"search_term_string"}}],"inLanguage":"hu"},{"@type":"Person","@id":"https:\/\/www.welovecycling.com\/hu\/#\/schema\/person\/414a2aebf1801691a5320edb6468e194","name":"hegyizs","image":{"@type":"ImageObject","inLanguage":"hu","@id":"https:\/\/www.welovecycling.com\/hu\/#\/schema\/person\/image\/","url":"https:\/\/secure.gravatar.com\/avatar\/02cf8a7906b8cf90cecb4679defac7cfd33a1c2e3b88e4903d947f3bb58eedd3?s=96&d=mm&r=g","contentUrl":"https:\/\/secure.gravatar.com\/avatar\/02cf8a7906b8cf90cecb4679defac7cfd33a1c2e3b88e4903d947f3bb58eedd3?s=96&d=mm&r=g","caption":"hegyizs"},"url":"https:\/\/www.welovecycling.com\/hu\/author\/hegyizs\/"}]}},"_links":{"self":[{"href":"https:\/\/www.welovecycling.com\/hu\/wp-json\/wp\/v2\/posts\/8297","targetHints":{"allow":["GET"]}}],"collection":[{"href":"https:\/\/www.welovecycling.com\/hu\/wp-json\/wp\/v2\/posts"}],"about":[{"href":"https:\/\/www.welovecycling.com\/hu\/wp-json\/wp\/v2\/types\/post"}],"author":[{"embeddable":true,"href":"https:\/\/www.welovecycling.com\/hu\/wp-json\/wp\/v2\/users\/71"}],"replies":[{"embeddable":true,"href":"https:\/\/www.welovecycling.com\/hu\/wp-json\/wp\/v2\/comments?post=8297"}],"version-history":[{"count":2,"href":"https:\/\/www.welovecycling.com\/hu\/wp-json\/wp\/v2\/posts\/8297\/revisions"}],"predecessor-version":[{"id":8314,"href":"https:\/\/www.welovecycling.com\/hu\/wp-json\/wp\/v2\/posts\/8297\/revisions\/8314"}],"wp:featuredmedia":[{"embeddable":true,"href":"https:\/\/www.welovecycling.com\/hu\/wp-json\/wp\/v2\/media\/8301"}],"wp:attachment":[{"href":"https:\/\/www.welovecycling.com\/hu\/wp-json\/wp\/v2\/media?parent=8297"}],"wp:term":[{"taxonomy":"category","embeddable":true,"href":"https:\/\/www.welovecycling.com\/hu\/wp-json\/wp\/v2\/categories?post=8297"},{"taxonomy":"post_tag","embeddable":true,"href":"https:\/\/www.welovecycling.com\/hu\/wp-json\/wp\/v2\/tags?post=8297"},{"taxonomy":"global-categories","embeddable":true,"href":"https:\/\/www.welovecycling.com\/hu\/wp-json\/wp\/v2\/global-categories?post=8297"}],"curies":[{"name":"wp","href":"https:\/\/api.w.org\/{rel}","templated":true}]}}