{"id":8278,"date":"2020-08-13T08:00:23","date_gmt":"2020-08-13T07:00:23","guid":{"rendered":"https:\/\/www.welovecycling.com\/hu\/?p=8278"},"modified":"2020-08-11T13:50:32","modified_gmt":"2020-08-11T12:50:32","slug":"tyler-mccaul-azt-hiszem-a-jovoben-meg-ennel-is-nagyobbat-mehetunk","status":"publish","type":"post","link":"https:\/\/www.welovecycling.com\/hu\/trekking-mtb\/tyler-mccaul-azt-hiszem-a-jovoben-meg-ennel-is-nagyobbat-mehetunk\/","title":{"rendered":"Tyler McCaul: Azt hiszem, a j\u00f6v\u0151ben m\u00e9g enn\u00e9l is nagyobbat mehet\u00fcnk"},"content":{"rendered":"<p><strong>Soha nem rendeztek m\u00e9g nagyobb kih\u00edv\u00e1st jelent\u0151 MTB versenyt, mint a Red Bull Rampage. 2001 \u00f3ta minden \u00e9vben k\u00f6vethetj\u00fck, ahogy a vil\u00e1g legmer\u00e9szebb bring\u00e1sai sz\u00e1guldanak le a Utah \u00e1llambeli Zion meredek lejt\u0151in, hogy be\u00edrj\u00e1k nev\u00fcket a t\u00f6rt\u00e9nelembe. Egyik\u00fck a 31 \u00e9ves Tyler McCaul, aki nemr\u00e9g k\u00f6lt\u00f6z\u00f6tt Kaliforni\u00e1b\u00f3l Utahba az\u00e9rt, hogy k\u00f6zelebb legyen a legjobb bring\u00e1s helysz\u00ednekhez. Online \u00e9rt\u00fck el egy r\u00f6vid interj\u00fara, hogy megk\u00e9rdezz\u00fck: mennyire vesz\u00e9lyes egy 10 m\u00e9ter magas szikl\u00e1r\u00f3l biciklivel leugratni. Gyors fel\u00e9p\u00fcl\u00e9st k\u00edv\u00e1nunk az el\u0151z\u0151 s\u00e9r\u00fcl\u00e9sedb\u0151l, Tyler!<\/strong><\/p>\n<p><!--more--><\/p>\n<lite-youtube videoid=U-tPonIB3CE params=\"enablejsapi=1\" style=\"background-image: url('https:\/\/i.ytimg.com\/vi_webp\/U-tPonIB3CE\/maxresdefault.webp');\"><\/lite-youtube>\n<p><strong>2010 \u00f3ta indulsz a Red Bull Rampage versenyen. Mennyit fejl\u0151d\u00f6tt az esem\u00e9ny az elm\u00falt egy \u00e9vtizedben?<\/strong><\/p>\n<p><em>Minden \u00e9vben nagyon sokat v\u00e1ltozott. \u0150r\u00fcletes visszan\u00e9zni, hogy milyen ma ahhoz k\u00e9pest, amilyen volt ak\u00e1r csak akkor, amikor elkezdtem versenyezni. A legf\u0151bb az, hogy mennyit tanultunk ezen a terepen \u00e9s hogyan \u00e9p\u00edtett\u00fcnk nagyobb \u00e9s jobb dolgokat, valamint haszn\u00e1ltuk a vizet a s\u00e1r form\u00e1l\u00e1s\u00e1ra \u00e9s kialak\u00edt\u00e1s\u00e1ra, hogy ne s\u00fcllyedj\u00fcnk el benne \u00e9s ne ess\u00fcnk annyit. \u00cdgy m\u00e9g jobban fejl\u0151dik a bring\u00e1z\u00e1s, \u00e9s olyan helyeken is landolni tudunk, ahol m\u00e1sk\u00e9pp f\u00f6ldh\u00f6z csap\u00f3dn\u00e1nk.<\/em><\/p>\n<p><strong>Mi kell ahhoz, hogy valaki <\/strong><a href=\"https:\/\/www.welovecycling.com\/hu\/adrenalin\/hogyan-ess-el-a-leheto-legbiztonsagosabban\/\"><strong>induljon a Rampage-en<\/strong><\/a><strong>? Mi predesztin\u00e1l arra egy sportol\u00f3t, hogy ezen az esem\u00e9nyen r\u00e9szt vegyen?<\/strong><\/p>\n<p><em>Azt mondan\u00e1m, hogy mindenk\u00e9ppen sz\u00fcks\u00e9ges, hogy legyen n\u00e9mi m\u00faltja a downhill-versenyz\u00e9sben vagy legal\u00e1bb legyen tapasztalata downhill-bring\u00e1z\u00e1sban. Valamint nagyon fontos, hogy tudjon vonalat rajzolni fejben egy \u00fcres v\u00e1szonra a sivatagban \u00e9s tudja k\u00f6vetni ezt a vonalat.<\/em><\/p>\n<p>https:\/\/www.instagram.com\/p\/CCjr4NoF_o2\/<\/p>\n<p><strong>Mit \u00e9rzel a leveg\u0151ben, mik\u00f6zben azokat az \u00f3ri\u00e1si ugrat\u00e1sokat csin\u00e1lod, mint a Rampage-en? Le tudod \u00edrni, milyen \u00e9rz\u00e9s egy ilyen hossz\u00fa rep\u00fcl\u00e9s? Mi a legfontosabb r\u00e9sze a mutatv\u00e1ny ut\u00e1ni f\u00f6ldet \u00e9r\u00e9snek? Az ugrat\u00e1sok m\u00e9rete n\u0151ni fog m\u00e9g, vagy el\u00e9rte m\u00e1r a hat\u00e1rait az ember?<\/strong><\/p>\n<p><em>Sz\u00e1momra ez a legjobb \u00e9rz\u00e9s. Nagyon hamar felgyorsulsz, \u00e9s n\u00e9h\u00e1ny ugrat\u00e1s t\u00e9nyleg olyan, mintha szabades\u00e9sben lenn\u00e9l. A legfontosabb r\u00e9sze, hogy biztosan el\u00e9rd a megfelel\u0151 sebess\u00e9get. Ha t\u00fal gyorsan vagy t\u00fal lassan m\u00e9sz neki egy nagyobb ugr\u00e1snak, annak f\u00e1jdalmas v\u00e9ge lehet. Nem hinn\u00e9m, hogy el\u00e9rt\u00fck volna a hat\u00e1rokat az ugrat\u00e1sok nagys\u00e1g\u00e1ban. \u00dagy gondolom, l\u00e9tezik az a t\u00f6k\u00e9letes helysz\u00edn a sivatagban, amelyen m\u00e9g nagyobbat tudunk menni. A hely, amely megfelel\u0151 m\u00e9retekkel rendelkezik, hossz\u00fa lejt\u0151vel \u2013 szerintem ott sokkal nagyobbat tudn\u00e1nk menni. Rem\u00e9lem, egy nap megtal\u00e1lom.<\/em><\/p>\n<p><strong>Melyik volt eddigi karriered legr\u00e9miszt\u0151bb pillanata? \u00c9s melyik volt a legf\u00e1jdalmasabb?<\/strong><\/p>\n<p><em>Huh, ez neh\u00e9z k\u00e9rd\u00e9s! Azt hiszem, azok a legijeszt\u0151bb pillanatok, amikor a leveg\u0151ben vagy \u00e9s tudod, hogy esni fogsz, de semmit nem tehetsz ellene. A legf\u00e1jdalmasabb sz\u00e1momra az a s\u00e9r\u00fcl\u00e9s volt, amib\u0151l pont most gy\u00f3gyulok fel, de nem k\u00f6nny\u0171 ezt megmondani, mert ezeket a pillanatokat pr\u00f3b\u00e1lom kit\u00f6r\u00f6lni az eml\u00e9kezetemb\u0151l.<\/em><\/p>\n<figure id=\"attachment_8281\" aria-describedby=\"caption-attachment-8281\" style=\"width: 1600px\" class=\"wp-caption alignnone\"><img loading=\"lazy\" decoding=\"async\" class=\"wp-image-8281 size-full\" src=\"https:\/\/d2p6e6u75xmxt8.cloudfront.net\/12\/2020\/08\/Tyler-McCaul-2.jpg\" alt=\"Tyler McCaul\" width=\"1600\" height=\"1200\" srcset=\"https:\/\/d2p6e6u75xmxt8.cloudfront.net\/12\/2020\/08\/Tyler-McCaul-2.jpg 1600w, https:\/\/d2p6e6u75xmxt8.cloudfront.net\/12\/2020\/08\/Tyler-McCaul-2-300x225.jpg 300w, https:\/\/d2p6e6u75xmxt8.cloudfront.net\/12\/2020\/08\/Tyler-McCaul-2-1024x768.jpg 1024w, https:\/\/d2p6e6u75xmxt8.cloudfront.net\/12\/2020\/08\/Tyler-McCaul-2-768x576.jpg 768w, https:\/\/d2p6e6u75xmxt8.cloudfront.net\/12\/2020\/08\/Tyler-McCaul-2-1536x1152.jpg 1536w\" sizes=\"auto, (max-width: 1600px) 100vw, 1600px\" \/><figcaption id=\"caption-attachment-8281\" class=\"wp-caption-text\"><em>Tyler McCaul a Red Bull Rampage versenyen a Utah \u00e1llambeli Virginben 2019. okt\u00f3ber 24-\u00e9n. \u00a9 Michael Clark\/Red Bull Content Pool<\/em><\/figcaption><\/figure>\n<div id='gallery-1' class='gallery galleryid-8278 gallery-columns-2 gallery-size-large'><figure class='gallery-item'>\n\t\t\t<div class='gallery-icon landscape'>\n\t\t\t\t<a href='https:\/\/d2p6e6u75xmxt8.cloudfront.net\/12\/2020\/08\/Tyler-McCaul-3.jpg'><img loading=\"lazy\" decoding=\"async\" width=\"1024\" height=\"683\" src=\"https:\/\/d2p6e6u75xmxt8.cloudfront.net\/12\/2020\/08\/Tyler-McCaul-3-1024x683.jpg\" class=\"attachment-large size-large\" alt=\"Tyler McCaul\" srcset=\"https:\/\/d2p6e6u75xmxt8.cloudfront.net\/12\/2020\/08\/Tyler-McCaul-3-1024x683.jpg 1024w, https:\/\/d2p6e6u75xmxt8.cloudfront.net\/12\/2020\/08\/Tyler-McCaul-3-300x200.jpg 300w, https:\/\/d2p6e6u75xmxt8.cloudfront.net\/12\/2020\/08\/Tyler-McCaul-3-768x512.jpg 768w, https:\/\/d2p6e6u75xmxt8.cloudfront.net\/12\/2020\/08\/Tyler-McCaul-3-1536x1024.jpg 1536w, https:\/\/d2p6e6u75xmxt8.cloudfront.net\/12\/2020\/08\/Tyler-McCaul-3-272x182.jpg 272w, https:\/\/d2p6e6u75xmxt8.cloudfront.net\/12\/2020\/08\/Tyler-McCaul-3.jpg 1600w\" sizes=\"auto, (max-width: 1024px) 100vw, 1024px\" \/><\/a>\n\t\t\t<\/div><\/figure><figure class='gallery-item'>\n\t\t\t<div class='gallery-icon landscape'>\n\t\t\t\t<a href='https:\/\/d2p6e6u75xmxt8.cloudfront.net\/12\/2020\/08\/Tyler-McCaul-1.jpg'><img loading=\"lazy\" decoding=\"async\" width=\"1024\" height=\"683\" src=\"https:\/\/d2p6e6u75xmxt8.cloudfront.net\/12\/2020\/08\/Tyler-McCaul-1-1024x683.jpg\" class=\"attachment-large size-large\" alt=\"\" srcset=\"https:\/\/d2p6e6u75xmxt8.cloudfront.net\/12\/2020\/08\/Tyler-McCaul-1-1024x683.jpg 1024w, https:\/\/d2p6e6u75xmxt8.cloudfront.net\/12\/2020\/08\/Tyler-McCaul-1-300x200.jpg 300w, https:\/\/d2p6e6u75xmxt8.cloudfront.net\/12\/2020\/08\/Tyler-McCaul-1-768x512.jpg 768w, https:\/\/d2p6e6u75xmxt8.cloudfront.net\/12\/2020\/08\/Tyler-McCaul-1-1536x1024.jpg 1536w, https:\/\/d2p6e6u75xmxt8.cloudfront.net\/12\/2020\/08\/Tyler-McCaul-1-272x182.jpg 272w, https:\/\/d2p6e6u75xmxt8.cloudfront.net\/12\/2020\/08\/Tyler-McCaul-1.jpg 1600w\" sizes=\"auto, (max-width: 1024px) 100vw, 1024px\" \/><\/a>\n\t\t\t<\/div><\/figure>\n\t\t<\/div>\n\n<p><strong>Ha valaki megn\u00e9zi vide\u00f3n, ahogy tekersz, azt gondolhatja, \u0151r\u00fclt vagy, de rengeteg tapasztalat \u00e9s edz\u00e9s van a k\u00e9szs\u00e9geid m\u00f6g\u00f6tt. Megtal\u00e1ltad a t\u00f6k\u00e9letes edz\u00e9skever\u00e9ket, amely a freeride mester\u00e9v\u00e9 tett? M\u00e1s sport\u00e1gat is bevonsz, hogy t\u00f6k\u00e9letes legyen a kondid?<\/strong><\/p>\n<p><em>\u00c9n ezt tudom csin\u00e1lni \u00e9s ezen n\u0151ttem fel, soha nem \u00e1lltam le vele. Vicces, amikor az emberek \u0151r\u00fclts\u00e9gnek tartj\u00e1k. Szerintem pedig az irodai munka az \u0151r\u00fclts\u00e9g!<\/em><\/p>\n<p><strong>Hogyan befoly\u00e1solta a COVID-19 a (szakmai) \u00e9leted? Fedezt\u00e9l fel valamit, am\u00edg a vil\u00e1g a karant\u00e9n fogs\u00e1g\u00e1ban \u00e9lt?<\/strong><\/p>\n<p><em>A jegyesemmel a lehet\u0151s\u00e9geinkhez m\u00e9rten megpr\u00f3b\u00e1ltuk betartani a szoc\u00e1lis t\u00e1vols\u00e1gtart\u00e1st, de szerencs\u00e9re az isten h\u00e1ta m\u00f6g\u00f6tti sivatagban \u00e9l\u00fcnk, teh\u00e1t nem volt neh\u00e9z ezt megoldani! Egy el\u00e9g cs\u00fanya bokas\u00e9r\u00fcl\u00e9sb\u0151l pr\u00f3b\u00e1lok felgy\u00f3gyulni janu\u00e1r \u00f3ta, ez\u00e9rt k\u00e9nytelen vagyok legink\u00e1bb otthon maradni a rehab miatt. Pr\u00f3b\u00e1lok fot\u00f3z\u00e1st \u00e9s vide\u00f3v\u00e1g\u00e1st tanulni a r\u00e1m szakadt id\u0151ben, hogy ha visszat\u00e9rek, m\u00e9g jobb dolgokat tudjak majd kital\u00e1lni.<\/em><\/p>\n<p><strong>Hamarosan bemutatj\u00e1k az Accomplice (Cinkos) c\u00edm\u0171 filmet, amelyben fiv\u00e9reddel, Cammel szerepelsz. Mi\u00e9rt \u00e9rdemes megn\u00e9znie az interj\u00fa olvas\u00f3inak?<\/strong><\/p>\n<p><em>Alig v\u00e1rom, hogy l\u00e1ssam a filmet! Nagyon j\u00f3l \u00e9reztem magam a forgat\u00e1son, \u00e9s \u00fagy hallottam, hogy a film egy\u00e9b r\u00e9szei miatt is \u00e9rdemes megn\u00e9zni. Az\u00e9rt n\u00e9zz\u00e9k meg, mert az ehhez hasonl\u00f3 rendes mozifilmek el\u00e9g ritk\u00e1k manaps\u00e1g, \u00e9s a filmek szerintem sokkal nagyobb \u00e9lm\u00e9nyt ny\u00fajtanak, mint v\u00e9gigg\u00f6rgetni a milli\u00f3nyi vide\u00f3t az Instagramon. Az eg\u00e9sz est\u00e9s, magas produkci\u00f3s \u00e9rt\u00e9ket k\u00e9pvisel\u0151 filmeket t\u00e1mogatni kell, hogy ne jussanak ugyanarra a sorsra, mint a nyomtatott magazinok t\u00f6bbs\u00e9ge.<\/em><\/p>\n","protected":false},"excerpt":{"rendered":"<p>Soha nem rendeztek m\u00e9g nagyobb kih\u00edv\u00e1st jelent\u0151 MTB versenyt, mint a Red Bull Rampage. 2001 \u00f3ta minden \u00e9vben k\u00f6vethetj\u00fck, ahogy [&hellip;]<\/p>\n","protected":false},"author":71,"featured_media":8283,"comment_status":"open","ping_status":"open","sticky":false,"template":"","format":"standard","meta":{"footnotes":""},"categories":[7],"tags":[],"global-categories":[],"class_list":["post-8278","post","type-post","status-publish","format-standard","has-post-thumbnail","hentry","category-trekking-mtb"],"yoast_head":"<!-- This site is optimized with the Yoast SEO Premium plugin v25.3 (Yoast SEO v25.9) - https:\/\/yoast.com\/wordpress\/plugins\/seo\/ -->\n<title>Tyler McCaul: Azt hiszem, a j\u00f6v\u0151ben m\u00e9g enn\u00e9l is nagyobbat mehet\u00fcnk<\/title>\n<meta name=\"description\" content=\"Soha nem rendeztek m\u00e9g nagyobb kih\u00edv\u00e1st jelent\u0151 MTB versenyt, mint a Red Bull Rampage. 2001 \u00f3ta minden \u00e9vben k\u00f6vethetj\u00fck, ahogy a vil\u00e1g legmer\u00e9szebb bring\u00e1sai sz\u00e1guldanak le a Utah \u00e1llambeli Zion meredek lejt\u0151in, hogy be\u00edrj\u00e1k nev\u00fcket a t\u00f6rt\u00e9nelembe.\" \/>\n<meta name=\"robots\" content=\"index, follow, max-snippet:-1, max-image-preview:large, max-video-preview:-1\" \/>\n<link rel=\"canonical\" href=\"https:\/\/www.welovecycling.com\/hu\/trekking-mtb\/tyler-mccaul-azt-hiszem-a-jovoben-meg-ennel-is-nagyobbat-mehetunk\/\" \/>\n<meta property=\"og:locale\" content=\"hu_HU\" \/>\n<meta property=\"og:type\" content=\"article\" \/>\n<meta property=\"og:title\" content=\"Tyler McCaul: Azt hiszem, a j\u00f6v\u0151ben m\u00e9g enn\u00e9l is nagyobbat mehet\u00fcnk\" \/>\n<meta property=\"og:description\" content=\"Soha nem rendeztek m\u00e9g nagyobb kih\u00edv\u00e1st jelent\u0151 MTB versenyt, mint a Red Bull Rampage. 2001 \u00f3ta minden \u00e9vben k\u00f6vethetj\u00fck, ahogy a vil\u00e1g legmer\u00e9szebb bring\u00e1sai sz\u00e1guldanak le a Utah \u00e1llambeli Zion meredek lejt\u0151in, hogy be\u00edrj\u00e1k nev\u00fcket a t\u00f6rt\u00e9nelembe.\" \/>\n<meta property=\"og:url\" content=\"https:\/\/www.welovecycling.com\/hu\/trekking-mtb\/tyler-mccaul-azt-hiszem-a-jovoben-meg-ennel-is-nagyobbat-mehetunk\/\" \/>\n<meta property=\"og:site_name\" content=\"\u0160koda We Love Cycling - Magyarorsz\u00e1g\" \/>\n<meta property=\"article:publisher\" content=\"https:\/\/www.facebook.com\/WeLoveCyclingHungary\/\" \/>\n<meta property=\"article:published_time\" content=\"2020-08-13T07:00:23+00:00\" \/>\n<meta property=\"og:image\" content=\"https:\/\/d2p6e6u75xmxt8.cloudfront.net\/12\/2020\/08\/Tyler-Mccaul-CVR.jpg\" \/>\n\t<meta property=\"og:image:width\" content=\"1366\" \/>\n\t<meta property=\"og:image:height\" content=\"600\" \/>\n\t<meta property=\"og:image:type\" content=\"image\/jpeg\" \/>\n<meta name=\"author\" content=\"hegyizs\" \/>\n<meta name=\"twitter:card\" content=\"summary_large_image\" \/>\n<meta name=\"twitter:label1\" content=\"Written by\" \/>\n\t<meta name=\"twitter:data1\" content=\"Adam Marsal\" \/>\n\t<meta name=\"twitter:label2\" content=\"Est. reading time\" \/>\n\t<meta name=\"twitter:data2\" content=\"5\" \/>\n<script type=\"application\/ld+json\" class=\"yoast-schema-graph\">{\"@context\":\"https:\/\/schema.org\",\"@graph\":[{\"@type\":\"WebPage\",\"@id\":\"https:\/\/www.welovecycling.com\/hu\/trekking-mtb\/tyler-mccaul-azt-hiszem-a-jovoben-meg-ennel-is-nagyobbat-mehetunk\/\",\"url\":\"https:\/\/www.welovecycling.com\/hu\/trekking-mtb\/tyler-mccaul-azt-hiszem-a-jovoben-meg-ennel-is-nagyobbat-mehetunk\/\",\"name\":\"Tyler McCaul: Azt hiszem, a j\u00f6v\u0151ben m\u00e9g enn\u00e9l is nagyobbat mehet\u00fcnk\",\"isPartOf\":{\"@id\":\"https:\/\/www.welovecycling.com\/hu\/#website\"},\"primaryImageOfPage\":{\"@id\":\"https:\/\/www.welovecycling.com\/hu\/trekking-mtb\/tyler-mccaul-azt-hiszem-a-jovoben-meg-ennel-is-nagyobbat-mehetunk\/#primaryimage\"},\"image\":{\"@id\":\"https:\/\/www.welovecycling.com\/hu\/trekking-mtb\/tyler-mccaul-azt-hiszem-a-jovoben-meg-ennel-is-nagyobbat-mehetunk\/#primaryimage\"},\"thumbnailUrl\":\"https:\/\/d2p6e6u75xmxt8.cloudfront.net\/12\/2020\/08\/Tyler-Mccaul-CVR.jpg\",\"datePublished\":\"2020-08-13T07:00:23+00:00\",\"author\":{\"@id\":\"https:\/\/www.welovecycling.com\/hu\/#\/schema\/person\/414a2aebf1801691a5320edb6468e194\"},\"description\":\"Soha nem rendeztek m\u00e9g nagyobb kih\u00edv\u00e1st jelent\u0151 MTB versenyt, mint a Red Bull Rampage. 2001 \u00f3ta minden \u00e9vben k\u00f6vethetj\u00fck, ahogy a vil\u00e1g legmer\u00e9szebb bring\u00e1sai sz\u00e1guldanak le a Utah \u00e1llambeli Zion meredek lejt\u0151in, hogy be\u00edrj\u00e1k nev\u00fcket a t\u00f6rt\u00e9nelembe.\",\"breadcrumb\":{\"@id\":\"https:\/\/www.welovecycling.com\/hu\/trekking-mtb\/tyler-mccaul-azt-hiszem-a-jovoben-meg-ennel-is-nagyobbat-mehetunk\/#breadcrumb\"},\"inLanguage\":\"hu\",\"potentialAction\":[{\"@type\":\"ReadAction\",\"target\":[\"https:\/\/www.welovecycling.com\/hu\/trekking-mtb\/tyler-mccaul-azt-hiszem-a-jovoben-meg-ennel-is-nagyobbat-mehetunk\/\"]}]},{\"@type\":\"ImageObject\",\"inLanguage\":\"hu\",\"@id\":\"https:\/\/www.welovecycling.com\/hu\/trekking-mtb\/tyler-mccaul-azt-hiszem-a-jovoben-meg-ennel-is-nagyobbat-mehetunk\/#primaryimage\",\"url\":\"https:\/\/d2p6e6u75xmxt8.cloudfront.net\/12\/2020\/08\/Tyler-Mccaul-CVR.jpg\",\"contentUrl\":\"https:\/\/d2p6e6u75xmxt8.cloudfront.net\/12\/2020\/08\/Tyler-Mccaul-CVR.jpg\",\"width\":1366,\"height\":600,\"caption\":\"Tyler McCaul\"},{\"@type\":\"BreadcrumbList\",\"@id\":\"https:\/\/www.welovecycling.com\/hu\/trekking-mtb\/tyler-mccaul-azt-hiszem-a-jovoben-meg-ennel-is-nagyobbat-mehetunk\/#breadcrumb\",\"itemListElement\":[{\"@type\":\"ListItem\",\"position\":1,\"name\":\"Home\",\"item\":\"https:\/\/www.welovecycling.com\/hu\/\"},{\"@type\":\"ListItem\",\"position\":2,\"name\":\"Tyler McCaul: Azt hiszem, a j\u00f6v\u0151ben m\u00e9g enn\u00e9l is nagyobbat mehet\u00fcnk\"}]},{\"@type\":\"WebSite\",\"@id\":\"https:\/\/www.welovecycling.com\/hu\/#website\",\"url\":\"https:\/\/www.welovecycling.com\/hu\/\",\"name\":\"\u0160koda We Love Cycling - Magyarorsz\u00e1g\",\"description\":\"\u0160koda WeLoveCycling\",\"potentialAction\":[{\"@type\":\"SearchAction\",\"target\":{\"@type\":\"EntryPoint\",\"urlTemplate\":\"https:\/\/www.welovecycling.com\/hu\/?s={search_term_string}\"},\"query-input\":{\"@type\":\"PropertyValueSpecification\",\"valueRequired\":true,\"valueName\":\"search_term_string\"}}],\"inLanguage\":\"hu\"},{\"@type\":\"Person\",\"@id\":\"https:\/\/www.welovecycling.com\/hu\/#\/schema\/person\/414a2aebf1801691a5320edb6468e194\",\"name\":\"hegyizs\",\"image\":{\"@type\":\"ImageObject\",\"inLanguage\":\"hu\",\"@id\":\"https:\/\/www.welovecycling.com\/hu\/#\/schema\/person\/image\/\",\"url\":\"https:\/\/secure.gravatar.com\/avatar\/02cf8a7906b8cf90cecb4679defac7cfd33a1c2e3b88e4903d947f3bb58eedd3?s=96&d=mm&r=g\",\"contentUrl\":\"https:\/\/secure.gravatar.com\/avatar\/02cf8a7906b8cf90cecb4679defac7cfd33a1c2e3b88e4903d947f3bb58eedd3?s=96&d=mm&r=g\",\"caption\":\"hegyizs\"},\"url\":\"https:\/\/www.welovecycling.com\/hu\/author\/hegyizs\/\"}]}<\/script>\n<!-- \/ Yoast SEO Premium plugin. -->","yoast_head_json":{"title":"Tyler McCaul: Azt hiszem, a j\u00f6v\u0151ben m\u00e9g enn\u00e9l is nagyobbat mehet\u00fcnk","description":"Soha nem rendeztek m\u00e9g nagyobb kih\u00edv\u00e1st jelent\u0151 MTB versenyt, mint a Red Bull Rampage. 2001 \u00f3ta minden \u00e9vben k\u00f6vethetj\u00fck, ahogy a vil\u00e1g legmer\u00e9szebb bring\u00e1sai sz\u00e1guldanak le a Utah \u00e1llambeli Zion meredek lejt\u0151in, hogy be\u00edrj\u00e1k nev\u00fcket a t\u00f6rt\u00e9nelembe.","robots":{"index":"index","follow":"follow","max-snippet":"max-snippet:-1","max-image-preview":"max-image-preview:large","max-video-preview":"max-video-preview:-1"},"canonical":"https:\/\/www.welovecycling.com\/hu\/trekking-mtb\/tyler-mccaul-azt-hiszem-a-jovoben-meg-ennel-is-nagyobbat-mehetunk\/","og_locale":"hu_HU","og_type":"article","og_title":"Tyler McCaul: Azt hiszem, a j\u00f6v\u0151ben m\u00e9g enn\u00e9l is nagyobbat mehet\u00fcnk","og_description":"Soha nem rendeztek m\u00e9g nagyobb kih\u00edv\u00e1st jelent\u0151 MTB versenyt, mint a Red Bull Rampage. 2001 \u00f3ta minden \u00e9vben k\u00f6vethetj\u00fck, ahogy a vil\u00e1g legmer\u00e9szebb bring\u00e1sai sz\u00e1guldanak le a Utah \u00e1llambeli Zion meredek lejt\u0151in, hogy be\u00edrj\u00e1k nev\u00fcket a t\u00f6rt\u00e9nelembe.","og_url":"https:\/\/www.welovecycling.com\/hu\/trekking-mtb\/tyler-mccaul-azt-hiszem-a-jovoben-meg-ennel-is-nagyobbat-mehetunk\/","og_site_name":"\u0160koda We Love Cycling - Magyarorsz\u00e1g","article_publisher":"https:\/\/www.facebook.com\/WeLoveCyclingHungary\/","article_published_time":"2020-08-13T07:00:23+00:00","og_image":[{"width":1366,"height":600,"url":"https:\/\/d2p6e6u75xmxt8.cloudfront.net\/12\/2020\/08\/Tyler-Mccaul-CVR.jpg","type":"image\/jpeg"}],"author":"hegyizs","twitter_card":"summary_large_image","twitter_misc":{"Written by":"Adam Marsal","Est. reading time":"5"},"schema":{"@context":"https:\/\/schema.org","@graph":[{"@type":"WebPage","@id":"https:\/\/www.welovecycling.com\/hu\/trekking-mtb\/tyler-mccaul-azt-hiszem-a-jovoben-meg-ennel-is-nagyobbat-mehetunk\/","url":"https:\/\/www.welovecycling.com\/hu\/trekking-mtb\/tyler-mccaul-azt-hiszem-a-jovoben-meg-ennel-is-nagyobbat-mehetunk\/","name":"Tyler McCaul: Azt hiszem, a j\u00f6v\u0151ben m\u00e9g enn\u00e9l is nagyobbat mehet\u00fcnk","isPartOf":{"@id":"https:\/\/www.welovecycling.com\/hu\/#website"},"primaryImageOfPage":{"@id":"https:\/\/www.welovecycling.com\/hu\/trekking-mtb\/tyler-mccaul-azt-hiszem-a-jovoben-meg-ennel-is-nagyobbat-mehetunk\/#primaryimage"},"image":{"@id":"https:\/\/www.welovecycling.com\/hu\/trekking-mtb\/tyler-mccaul-azt-hiszem-a-jovoben-meg-ennel-is-nagyobbat-mehetunk\/#primaryimage"},"thumbnailUrl":"https:\/\/d2p6e6u75xmxt8.cloudfront.net\/12\/2020\/08\/Tyler-Mccaul-CVR.jpg","datePublished":"2020-08-13T07:00:23+00:00","author":{"@id":"https:\/\/www.welovecycling.com\/hu\/#\/schema\/person\/414a2aebf1801691a5320edb6468e194"},"description":"Soha nem rendeztek m\u00e9g nagyobb kih\u00edv\u00e1st jelent\u0151 MTB versenyt, mint a Red Bull Rampage. 2001 \u00f3ta minden \u00e9vben k\u00f6vethetj\u00fck, ahogy a vil\u00e1g legmer\u00e9szebb bring\u00e1sai sz\u00e1guldanak le a Utah \u00e1llambeli Zion meredek lejt\u0151in, hogy be\u00edrj\u00e1k nev\u00fcket a t\u00f6rt\u00e9nelembe.","breadcrumb":{"@id":"https:\/\/www.welovecycling.com\/hu\/trekking-mtb\/tyler-mccaul-azt-hiszem-a-jovoben-meg-ennel-is-nagyobbat-mehetunk\/#breadcrumb"},"inLanguage":"hu","potentialAction":[{"@type":"ReadAction","target":["https:\/\/www.welovecycling.com\/hu\/trekking-mtb\/tyler-mccaul-azt-hiszem-a-jovoben-meg-ennel-is-nagyobbat-mehetunk\/"]}]},{"@type":"ImageObject","inLanguage":"hu","@id":"https:\/\/www.welovecycling.com\/hu\/trekking-mtb\/tyler-mccaul-azt-hiszem-a-jovoben-meg-ennel-is-nagyobbat-mehetunk\/#primaryimage","url":"https:\/\/d2p6e6u75xmxt8.cloudfront.net\/12\/2020\/08\/Tyler-Mccaul-CVR.jpg","contentUrl":"https:\/\/d2p6e6u75xmxt8.cloudfront.net\/12\/2020\/08\/Tyler-Mccaul-CVR.jpg","width":1366,"height":600,"caption":"Tyler McCaul"},{"@type":"BreadcrumbList","@id":"https:\/\/www.welovecycling.com\/hu\/trekking-mtb\/tyler-mccaul-azt-hiszem-a-jovoben-meg-ennel-is-nagyobbat-mehetunk\/#breadcrumb","itemListElement":[{"@type":"ListItem","position":1,"name":"Home","item":"https:\/\/www.welovecycling.com\/hu\/"},{"@type":"ListItem","position":2,"name":"Tyler McCaul: Azt hiszem, a j\u00f6v\u0151ben m\u00e9g enn\u00e9l is nagyobbat mehet\u00fcnk"}]},{"@type":"WebSite","@id":"https:\/\/www.welovecycling.com\/hu\/#website","url":"https:\/\/www.welovecycling.com\/hu\/","name":"\u0160koda We Love Cycling - Magyarorsz\u00e1g","description":"\u0160koda WeLoveCycling","potentialAction":[{"@type":"SearchAction","target":{"@type":"EntryPoint","urlTemplate":"https:\/\/www.welovecycling.com\/hu\/?s={search_term_string}"},"query-input":{"@type":"PropertyValueSpecification","valueRequired":true,"valueName":"search_term_string"}}],"inLanguage":"hu"},{"@type":"Person","@id":"https:\/\/www.welovecycling.com\/hu\/#\/schema\/person\/414a2aebf1801691a5320edb6468e194","name":"hegyizs","image":{"@type":"ImageObject","inLanguage":"hu","@id":"https:\/\/www.welovecycling.com\/hu\/#\/schema\/person\/image\/","url":"https:\/\/secure.gravatar.com\/avatar\/02cf8a7906b8cf90cecb4679defac7cfd33a1c2e3b88e4903d947f3bb58eedd3?s=96&d=mm&r=g","contentUrl":"https:\/\/secure.gravatar.com\/avatar\/02cf8a7906b8cf90cecb4679defac7cfd33a1c2e3b88e4903d947f3bb58eedd3?s=96&d=mm&r=g","caption":"hegyizs"},"url":"https:\/\/www.welovecycling.com\/hu\/author\/hegyizs\/"}]}},"_links":{"self":[{"href":"https:\/\/www.welovecycling.com\/hu\/wp-json\/wp\/v2\/posts\/8278","targetHints":{"allow":["GET"]}}],"collection":[{"href":"https:\/\/www.welovecycling.com\/hu\/wp-json\/wp\/v2\/posts"}],"about":[{"href":"https:\/\/www.welovecycling.com\/hu\/wp-json\/wp\/v2\/types\/post"}],"author":[{"embeddable":true,"href":"https:\/\/www.welovecycling.com\/hu\/wp-json\/wp\/v2\/users\/71"}],"replies":[{"embeddable":true,"href":"https:\/\/www.welovecycling.com\/hu\/wp-json\/wp\/v2\/comments?post=8278"}],"version-history":[{"count":2,"href":"https:\/\/www.welovecycling.com\/hu\/wp-json\/wp\/v2\/posts\/8278\/revisions"}],"predecessor-version":[{"id":8284,"href":"https:\/\/www.welovecycling.com\/hu\/wp-json\/wp\/v2\/posts\/8278\/revisions\/8284"}],"wp:featuredmedia":[{"embeddable":true,"href":"https:\/\/www.welovecycling.com\/hu\/wp-json\/wp\/v2\/media\/8283"}],"wp:attachment":[{"href":"https:\/\/www.welovecycling.com\/hu\/wp-json\/wp\/v2\/media?parent=8278"}],"wp:term":[{"taxonomy":"category","embeddable":true,"href":"https:\/\/www.welovecycling.com\/hu\/wp-json\/wp\/v2\/categories?post=8278"},{"taxonomy":"post_tag","embeddable":true,"href":"https:\/\/www.welovecycling.com\/hu\/wp-json\/wp\/v2\/tags?post=8278"},{"taxonomy":"global-categories","embeddable":true,"href":"https:\/\/www.welovecycling.com\/hu\/wp-json\/wp\/v2\/global-categories?post=8278"}],"curies":[{"name":"wp","href":"https:\/\/api.w.org\/{rel}","templated":true}]}}