{"id":8271,"date":"2020-08-12T08:00:03","date_gmt":"2020-08-12T07:00:03","guid":{"rendered":"https:\/\/www.welovecycling.com\/hu\/?p=8271"},"modified":"2020-08-11T13:48:51","modified_gmt":"2020-08-11T12:48:51","slug":"volt-profi-versenyzo-magyarazza-el-hogyan-lehet-pump-track-palyan-tekerni-harom-gyerekkel","status":"publish","type":"post","link":"https:\/\/www.welovecycling.com\/hu\/csalad\/volt-profi-versenyzo-magyarazza-el-hogyan-lehet-pump-track-palyan-tekerni-harom-gyerekkel\/","title":{"rendered":"Volt profi versenyz\u0151 magyar\u00e1zza el, hogyan lehet pump-track p\u00e1ly\u00e1n tekerni h\u00e1rom gyerekkel"},"content":{"rendered":"<p><strong>Egyesek sz\u00e1m\u00e1ra a gyermek meg\u00e9rkez\u00e9se a csal\u00e1dba egyet jelent a bring\u00e1z\u00e1s befejez\u00e9s\u00e9vel. Katarina Tothova nem tartozik k\u00f6z\u00e9j\u00fck. A volt v\u00e1logatott downhill-versenyz\u0151 \u00e9s h\u00e1rom gyermek anyuk\u00e1ja rendszeresen hordja a pump-track p\u00e1ly\u00e1ra a kicsiket. A legfiatalabb, Simon, m\u00e9g csak hath\u00f3napos \u00e9s egy k\u00e9nyelmes baba\u00fcl\u00e9sben alszik a p\u00e1lya mellett, \u00edgy \u00e9desanyja b\u00e1rmikor fel tudja venni \u00e9s meg tudja nyugtatni, ha valami miatt fel\u00e9bred. K\u00f6zben a k\u00e9t m\u00e1sik gyermek, Zbysek (4) \u00e9s Katarina (2), \u00e9lvezettel tekernek, tanulj\u00e1k az <\/strong><a href=\"https:\/\/www.welovecycling.com\/hu\/csalad\/igy-tanitsd-meg-a-gyerekeket-bringazni-4-lepesben\/\"><strong>egyens\u00falyoz\u00e1st<\/strong><\/a><strong> \u00e9s a bukkan\u00f3k megh\u00f3d\u00edt\u00e1s\u00e1t.<\/strong><\/p>\n<p><!--more--><\/p>\n<p>A Szlov\u00e1ki\u00e1ban sz\u00fcletett Katarina 4 \u00e9ves kor\u00e1ban ker\u00fclt \u00e1t a Cseh K\u00f6zt\u00e1rsas\u00e1gba, mivel az \u00e9desapja a volt csehszlov\u00e1k hadseregben szolg\u00e1lt \u00e9s eg\u00e9sz csal\u00e1dj\u00e1val egy\u00fctt egy m\u00e1sik alakulathoz vez\u00e9nyelt\u00e9k \u00e1t. A most 33 \u00e9ves Katarina fiatalkor\u00e1ban szeretett bele a hegyi-ker\u00e9kp\u00e1roz\u00e1sba. Els\u0151 bring\u00e1s k\u00e9szs\u00e9geit egy BMX-p\u00e1ly\u00e1n saj\u00e1t\u00edtotta el, amikor el\u0151sz\u00f6r tekert teljes felf\u00fcggeszt\u00e9s\u0171 bring\u00e1n, \u00e9s ezeket legels\u0151 downhill (DH) verseny\u00e9n t\u00f6k\u00e9letes\u00edtette 2004-ben. <em>\u201eEl\u0151z\u0151 \u00e9jszaka esett \u00e9s a lefoly\u00f3 v\u00edz s\u00e1rcs\u00faszd\u00e1v\u00e1 v\u00e1ltoztatta a p\u00e1ly\u00e1t. Ink\u00e1bb botladoztam, mint tekertem\u201d<\/em> \u2013 eml\u00e9kszik vissza Katarina.<\/p>\n<figure id=\"attachment_8272\" aria-describedby=\"caption-attachment-8272\" style=\"width: 1440px\" class=\"wp-caption alignnone\"><img loading=\"lazy\" decoding=\"async\" class=\"wp-image-8272 size-full\" src=\"https:\/\/d2p6e6u75xmxt8.cloudfront.net\/12\/2020\/08\/Katarina-Cycling-with-Kids.jpg\" alt=\"Pump Track with Kids\" width=\"1440\" height=\"960\" srcset=\"https:\/\/d2p6e6u75xmxt8.cloudfront.net\/12\/2020\/08\/Katarina-Cycling-with-Kids.jpg 1440w, https:\/\/d2p6e6u75xmxt8.cloudfront.net\/12\/2020\/08\/Katarina-Cycling-with-Kids-300x200.jpg 300w, https:\/\/d2p6e6u75xmxt8.cloudfront.net\/12\/2020\/08\/Katarina-Cycling-with-Kids-1024x683.jpg 1024w, https:\/\/d2p6e6u75xmxt8.cloudfront.net\/12\/2020\/08\/Katarina-Cycling-with-Kids-768x512.jpg 768w, https:\/\/d2p6e6u75xmxt8.cloudfront.net\/12\/2020\/08\/Katarina-Cycling-with-Kids-272x182.jpg 272w\" sizes=\"auto, (max-width: 1440px) 100vw, 1440px\" \/><figcaption id=\"caption-attachment-8272\" class=\"wp-caption-text\">Katarina a gyerekeivel a p\u00e1ly\u00e1n<\/figcaption><\/figure>\n<p>Csup\u00e1n h\u00e1rom \u00e9v telt el \u00e9s csatlakozott a cseh DH v\u00e1logatotthoz, akikkel nekiv\u00e1gott a sv\u00e1jci vil\u00e1gkup\u00e1nak a nem sokkal k\u00e9s\u0151bb rettenetesen r\u00e9miszt\u0151 p\u00e1ly\u00e1j\u00e1r\u00f3l elh\u00edres\u00fclt Champ\u00e9ryben. Csup\u00e1n n\u00e9h\u00e1ny versenyz\u0151 \u00e9rt le es\u00e9s n\u00e9lk\u00fcl a k\u00f6vekkel \u00e9s s\u00e1rral teli, hihetetlen\u00fcl cs\u00fasz\u00f3s p\u00e1ly\u00e1n, ami Katarin\u00e1nak al\u00e1zatot tan\u00edtott. Ezt t\u00f6bb eur\u00f3pai vil\u00e1gkupa-verseny k\u00f6vette, de nagyobb sikerek n\u00e9lk\u00fcl.<\/p>\n<h4><strong>A DH p\u00e1ly\u00e1kt\u00f3l a gyerekekkel val\u00f3 pump-trackel\u00e9sig<\/strong><strong>\u00a0<\/strong><\/h4>\n<p>Egy 2009-es v\u00e1lls\u00e9r\u00fcl\u00e9s miatt Katarina k\u00e9nytelen volt egy id\u0151re felhagyni a versenyz\u00e9ssel, majd egy \u00fajabb v\u00e1llficam \u00e9s \u00ednszalag-szakad\u00e1s ut\u00e1n \u00fajra kellett gondolnia a karrierj\u00e9t<em>. \u201eNoha a bring\u00e1z\u00e1s nagyon sokat jelentett nekem, \u00fagy l\u00e1ttam, hogy elj\u00e1rt felettem az id\u0151, ez\u00e9rt eld\u00f6nt\u00f6ttem, hogy kil\u00e9pek a v\u00e1logatottb\u00f3l\u201d<\/em> \u2013 mes\u00e9li Katarina. Helyi versenyekre \u00e9s a csal\u00e1dalap\u00edt\u00e1sra kezdett koncentr\u00e1lni. Ekkor ismerte meg jelenlegi p\u00e1rj\u00e1t, Radeket, \u00e9s nemsok\u00e1ra meg\u00e9rkezett a h\u00e1rom gyermek is. Valah\u00e1nyszor tekerni t\u00e1mad kedve, mag\u00e1val kell vinnie \u0151ket k\u00e9t biciklivel, egy fut\u00f3biciklivel, h\u00e1rom buk\u00f3sisakkal \u00e9s rengeteg nasival. Mindent bepakol az aut\u00f3ba \u00e9s elindul a legk\u00f6zelebbi pump-track p\u00e1ly\u00e1ra, ami aut\u00f3val 15 percre van otthonukt\u00f3l.<\/p>\n<figure id=\"attachment_8273\" aria-describedby=\"caption-attachment-8273\" style=\"width: 1413px\" class=\"wp-caption alignnone\"><img loading=\"lazy\" decoding=\"async\" class=\"wp-image-8273 size-full\" src=\"https:\/\/d2p6e6u75xmxt8.cloudfront.net\/12\/2020\/08\/Katarina-Cycling-with-Kids-3.jpg\" alt=\"Pump Track with Kids\" width=\"1413\" height=\"942\" srcset=\"https:\/\/d2p6e6u75xmxt8.cloudfront.net\/12\/2020\/08\/Katarina-Cycling-with-Kids-3.jpg 1413w, https:\/\/d2p6e6u75xmxt8.cloudfront.net\/12\/2020\/08\/Katarina-Cycling-with-Kids-3-300x200.jpg 300w, https:\/\/d2p6e6u75xmxt8.cloudfront.net\/12\/2020\/08\/Katarina-Cycling-with-Kids-3-1024x683.jpg 1024w, https:\/\/d2p6e6u75xmxt8.cloudfront.net\/12\/2020\/08\/Katarina-Cycling-with-Kids-3-768x512.jpg 768w, https:\/\/d2p6e6u75xmxt8.cloudfront.net\/12\/2020\/08\/Katarina-Cycling-with-Kids-3-272x182.jpg 272w\" sizes=\"auto, (max-width: 1413px) 100vw, 1413px\" \/><figcaption id=\"caption-attachment-8273\" class=\"wp-caption-text\">Kem\u00e9ny menet<\/figcaption><\/figure>\n<div id='gallery-1' class='gallery galleryid-8271 gallery-columns-2 gallery-size-large'><figure class='gallery-item'>\n\t\t\t<div class='gallery-icon landscape'>\n\t\t\t\t<a href='https:\/\/d2p6e6u75xmxt8.cloudfront.net\/12\/2020\/08\/Katarina-Cycling-with-Kids-2.jpg'><img loading=\"lazy\" decoding=\"async\" width=\"1024\" height=\"683\" src=\"https:\/\/d2p6e6u75xmxt8.cloudfront.net\/12\/2020\/08\/Katarina-Cycling-with-Kids-2-1024x683.jpg\" class=\"attachment-large size-large\" alt=\"Pump Track with Kids\" srcset=\"https:\/\/d2p6e6u75xmxt8.cloudfront.net\/12\/2020\/08\/Katarina-Cycling-with-Kids-2-1024x683.jpg 1024w, https:\/\/d2p6e6u75xmxt8.cloudfront.net\/12\/2020\/08\/Katarina-Cycling-with-Kids-2-300x200.jpg 300w, https:\/\/d2p6e6u75xmxt8.cloudfront.net\/12\/2020\/08\/Katarina-Cycling-with-Kids-2-768x513.jpg 768w, https:\/\/d2p6e6u75xmxt8.cloudfront.net\/12\/2020\/08\/Katarina-Cycling-with-Kids-2-272x182.jpg 272w, https:\/\/d2p6e6u75xmxt8.cloudfront.net\/12\/2020\/08\/Katarina-Cycling-with-Kids-2.jpg 1254w\" sizes=\"auto, (max-width: 1024px) 100vw, 1024px\" \/><\/a>\n\t\t\t<\/div><\/figure><figure class='gallery-item'>\n\t\t\t<div class='gallery-icon landscape'>\n\t\t\t\t<a href='https:\/\/d2p6e6u75xmxt8.cloudfront.net\/12\/2020\/08\/Katarina-Cycling-with-Kids-1.jpg'><img loading=\"lazy\" decoding=\"async\" width=\"1024\" height=\"683\" src=\"https:\/\/d2p6e6u75xmxt8.cloudfront.net\/12\/2020\/08\/Katarina-Cycling-with-Kids-1-1024x683.jpg\" class=\"attachment-large size-large\" alt=\"\" srcset=\"https:\/\/d2p6e6u75xmxt8.cloudfront.net\/12\/2020\/08\/Katarina-Cycling-with-Kids-1-1024x683.jpg 1024w, https:\/\/d2p6e6u75xmxt8.cloudfront.net\/12\/2020\/08\/Katarina-Cycling-with-Kids-1-300x200.jpg 300w, https:\/\/d2p6e6u75xmxt8.cloudfront.net\/12\/2020\/08\/Katarina-Cycling-with-Kids-1-768x512.jpg 768w, https:\/\/d2p6e6u75xmxt8.cloudfront.net\/12\/2020\/08\/Katarina-Cycling-with-Kids-1-272x182.jpg 272w, https:\/\/d2p6e6u75xmxt8.cloudfront.net\/12\/2020\/08\/Katarina-Cycling-with-Kids-1.jpg 1440w\" sizes=\"auto, (max-width: 1024px) 100vw, 1024px\" \/><\/a>\n\t\t\t<\/div><\/figure>\n\t\t<\/div>\n\n<p>A parkol\u00f3ban kipakol az aut\u00f3b\u00f3l \u00e9s a legkisebbet hordozhat\u00f3 \u00fcl\u00e9sben viszi mag\u00e1val, hogy mindig a lehet\u0151 legk\u00f6zelebb legyen, mik\u00f6zben a nagyobbak a stadion mellett egyenesen a p\u00e1ly\u00e1ra tekernek. <em>\u201eId\u00e9n tavasszal kezdt\u00fcnk el egy\u00fctt bring\u00e1zni, \u00e9s az elej\u00e9n mindenhova figyelnem kellett. Nagyon f\u00e9ltem att\u00f3l, hogy valamelyik\u00fck megs\u00e9r\u00fcl. Most m\u00e1r tudom, hogy Zbysek \u00e9s Katarina biztons\u00e1gosan tudnak velem tekerni. N\u00e9ha ak\u00e1r h\u00e1rom k\u00f6rt is tudunk menni an\u00e9lk\u00fcl, hogy Simon fel\u00e9bredne \u00e9s az anyuk\u00e1j\u00e1t h\u00edvn\u00e1\u201d<\/em> &#8211; mondja Katarina. J\u00f3llehet t\u00f6bb id\u0151t t\u00f6lt a gyereknevel\u00e9ssel, mint a bring\u00e1z\u00e1ssal, el\u00e9gedett az ar\u00e1nnyal. \u00dagy gondolja, \u00edgy lehet megszerettetni a gyerekeivel a teker\u00e9st \u00e9s egy\u00fctt \u00e9lvezni a sportot.<\/p>\n","protected":false},"excerpt":{"rendered":"<p>Egyesek sz\u00e1m\u00e1ra a gyermek meg\u00e9rkez\u00e9se a csal\u00e1dba egyet jelent a bring\u00e1z\u00e1s befejez\u00e9s\u00e9vel. Katarina Tothova nem tartozik k\u00f6z\u00e9j\u00fck. A volt v\u00e1logatott [&hellip;]<\/p>\n","protected":false},"author":71,"featured_media":8275,"comment_status":"open","ping_status":"open","sticky":false,"template":"","format":"standard","meta":{"footnotes":""},"categories":[11],"tags":[],"global-categories":[],"class_list":["post-8271","post","type-post","status-publish","format-standard","has-post-thumbnail","hentry","category-csalad"],"yoast_head":"<!-- This site is optimized with the Yoast SEO Premium plugin v25.3 (Yoast SEO v25.9) - https:\/\/yoast.com\/wordpress\/plugins\/seo\/ -->\n<title>Volt profi versenyz\u0151 magyar\u00e1zza el, hogyan lehet pump-track p\u00e1ly\u00e1n tekerni h\u00e1rom gyerekkel - \u0160koda We Love Cycling - Magyarorsz\u00e1g<\/title>\n<meta name=\"description\" content=\"Egyesek sz\u00e1m\u00e1ra a gyermek meg\u00e9rkez\u00e9se a csal\u00e1dba egyet jelent a bring\u00e1z\u00e1s befejez\u00e9s\u00e9vel. Katarina Tothova nem tartozik k\u00f6z\u00e9j\u00fck. A volt v\u00e1logatott downhill-versenyz\u0151 \u00e9s h\u00e1rom gyermek anyuk\u00e1ja rendszeresen hordja a pump-track p\u00e1ly\u00e1ra a kicsiket.\" \/>\n<meta name=\"robots\" content=\"index, follow, max-snippet:-1, max-image-preview:large, max-video-preview:-1\" \/>\n<link rel=\"canonical\" href=\"https:\/\/www.welovecycling.com\/hu\/csalad\/volt-profi-versenyzo-magyarazza-el-hogyan-lehet-pump-track-palyan-tekerni-harom-gyerekkel\/\" \/>\n<meta property=\"og:locale\" content=\"hu_HU\" \/>\n<meta property=\"og:type\" content=\"article\" \/>\n<meta property=\"og:title\" content=\"Volt profi versenyz\u0151 magyar\u00e1zza el, hogyan lehet pump-track p\u00e1ly\u00e1n tekerni h\u00e1rom gyerekkel\" \/>\n<meta property=\"og:description\" content=\"Egyesek sz\u00e1m\u00e1ra a gyermek meg\u00e9rkez\u00e9se a csal\u00e1dba egyet jelent a bring\u00e1z\u00e1s befejez\u00e9s\u00e9vel. Katarina Tothova nem tartozik k\u00f6z\u00e9j\u00fck.\" \/>\n<meta property=\"og:url\" content=\"https:\/\/www.welovecycling.com\/hu\/csalad\/volt-profi-versenyzo-magyarazza-el-hogyan-lehet-pump-track-palyan-tekerni-harom-gyerekkel\/\" \/>\n<meta property=\"og:site_name\" content=\"\u0160koda We Love Cycling - Magyarorsz\u00e1g\" \/>\n<meta property=\"article:publisher\" content=\"https:\/\/www.facebook.com\/WeLoveCyclingHungary\/\" \/>\n<meta property=\"article:published_time\" content=\"2020-08-12T07:00:03+00:00\" \/>\n<meta property=\"og:image\" content=\"https:\/\/d2p6e6u75xmxt8.cloudfront.net\/12\/2020\/08\/Katarina-Pump-Track-CVR.jpg\" \/>\n\t<meta property=\"og:image:width\" content=\"1366\" \/>\n\t<meta property=\"og:image:height\" content=\"600\" \/>\n\t<meta property=\"og:image:type\" content=\"image\/jpeg\" \/>\n<meta name=\"author\" content=\"hegyizs\" \/>\n<meta name=\"twitter:card\" content=\"summary_large_image\" \/>\n<meta name=\"twitter:title\" content=\"Volt profi versenyz\u0151 magyar\u00e1zza el, hogyan lehet pump-track p\u00e1ly\u00e1n tekerni h\u00e1rom gyerekkel\" \/>\n<meta name=\"twitter:label1\" content=\"Written by\" \/>\n\t<meta name=\"twitter:data1\" content=\"Adam Marsal\" \/>\n\t<meta name=\"twitter:label2\" content=\"Est. reading time\" \/>\n\t<meta name=\"twitter:data2\" content=\"5\" \/>\n<script type=\"application\/ld+json\" class=\"yoast-schema-graph\">{\"@context\":\"https:\/\/schema.org\",\"@graph\":[{\"@type\":\"WebPage\",\"@id\":\"https:\/\/www.welovecycling.com\/hu\/csalad\/volt-profi-versenyzo-magyarazza-el-hogyan-lehet-pump-track-palyan-tekerni-harom-gyerekkel\/\",\"url\":\"https:\/\/www.welovecycling.com\/hu\/csalad\/volt-profi-versenyzo-magyarazza-el-hogyan-lehet-pump-track-palyan-tekerni-harom-gyerekkel\/\",\"name\":\"Volt profi versenyz\u0151 magyar\u00e1zza el, hogyan lehet pump-track p\u00e1ly\u00e1n tekerni h\u00e1rom gyerekkel - \u0160koda We Love Cycling - Magyarorsz\u00e1g\",\"isPartOf\":{\"@id\":\"https:\/\/www.welovecycling.com\/hu\/#website\"},\"primaryImageOfPage\":{\"@id\":\"https:\/\/www.welovecycling.com\/hu\/csalad\/volt-profi-versenyzo-magyarazza-el-hogyan-lehet-pump-track-palyan-tekerni-harom-gyerekkel\/#primaryimage\"},\"image\":{\"@id\":\"https:\/\/www.welovecycling.com\/hu\/csalad\/volt-profi-versenyzo-magyarazza-el-hogyan-lehet-pump-track-palyan-tekerni-harom-gyerekkel\/#primaryimage\"},\"thumbnailUrl\":\"https:\/\/d2p6e6u75xmxt8.cloudfront.net\/12\/2020\/08\/Katarina-Pump-Track-CVR.jpg\",\"datePublished\":\"2020-08-12T07:00:03+00:00\",\"author\":{\"@id\":\"https:\/\/www.welovecycling.com\/hu\/#\/schema\/person\/414a2aebf1801691a5320edb6468e194\"},\"description\":\"Egyesek sz\u00e1m\u00e1ra a gyermek meg\u00e9rkez\u00e9se a csal\u00e1dba egyet jelent a bring\u00e1z\u00e1s befejez\u00e9s\u00e9vel. Katarina Tothova nem tartozik k\u00f6z\u00e9j\u00fck. A volt v\u00e1logatott downhill-versenyz\u0151 \u00e9s h\u00e1rom gyermek anyuk\u00e1ja rendszeresen hordja a pump-track p\u00e1ly\u00e1ra a kicsiket.\",\"breadcrumb\":{\"@id\":\"https:\/\/www.welovecycling.com\/hu\/csalad\/volt-profi-versenyzo-magyarazza-el-hogyan-lehet-pump-track-palyan-tekerni-harom-gyerekkel\/#breadcrumb\"},\"inLanguage\":\"hu\",\"potentialAction\":[{\"@type\":\"ReadAction\",\"target\":[\"https:\/\/www.welovecycling.com\/hu\/csalad\/volt-profi-versenyzo-magyarazza-el-hogyan-lehet-pump-track-palyan-tekerni-harom-gyerekkel\/\"]}]},{\"@type\":\"ImageObject\",\"inLanguage\":\"hu\",\"@id\":\"https:\/\/www.welovecycling.com\/hu\/csalad\/volt-profi-versenyzo-magyarazza-el-hogyan-lehet-pump-track-palyan-tekerni-harom-gyerekkel\/#primaryimage\",\"url\":\"https:\/\/d2p6e6u75xmxt8.cloudfront.net\/12\/2020\/08\/Katarina-Pump-Track-CVR.jpg\",\"contentUrl\":\"https:\/\/d2p6e6u75xmxt8.cloudfront.net\/12\/2020\/08\/Katarina-Pump-Track-CVR.jpg\",\"width\":1366,\"height\":600,\"caption\":\"Pump Track with Kids\"},{\"@type\":\"BreadcrumbList\",\"@id\":\"https:\/\/www.welovecycling.com\/hu\/csalad\/volt-profi-versenyzo-magyarazza-el-hogyan-lehet-pump-track-palyan-tekerni-harom-gyerekkel\/#breadcrumb\",\"itemListElement\":[{\"@type\":\"ListItem\",\"position\":1,\"name\":\"Home\",\"item\":\"https:\/\/www.welovecycling.com\/hu\/\"},{\"@type\":\"ListItem\",\"position\":2,\"name\":\"Volt profi versenyz\u0151 magyar\u00e1zza el, hogyan lehet pump-track p\u00e1ly\u00e1n tekerni h\u00e1rom gyerekkel\"}]},{\"@type\":\"WebSite\",\"@id\":\"https:\/\/www.welovecycling.com\/hu\/#website\",\"url\":\"https:\/\/www.welovecycling.com\/hu\/\",\"name\":\"\u0160koda We Love Cycling - Magyarorsz\u00e1g\",\"description\":\"\u0160koda WeLoveCycling\",\"potentialAction\":[{\"@type\":\"SearchAction\",\"target\":{\"@type\":\"EntryPoint\",\"urlTemplate\":\"https:\/\/www.welovecycling.com\/hu\/?s={search_term_string}\"},\"query-input\":{\"@type\":\"PropertyValueSpecification\",\"valueRequired\":true,\"valueName\":\"search_term_string\"}}],\"inLanguage\":\"hu\"},{\"@type\":\"Person\",\"@id\":\"https:\/\/www.welovecycling.com\/hu\/#\/schema\/person\/414a2aebf1801691a5320edb6468e194\",\"name\":\"hegyizs\",\"image\":{\"@type\":\"ImageObject\",\"inLanguage\":\"hu\",\"@id\":\"https:\/\/www.welovecycling.com\/hu\/#\/schema\/person\/image\/\",\"url\":\"https:\/\/secure.gravatar.com\/avatar\/02cf8a7906b8cf90cecb4679defac7cfd33a1c2e3b88e4903d947f3bb58eedd3?s=96&d=mm&r=g\",\"contentUrl\":\"https:\/\/secure.gravatar.com\/avatar\/02cf8a7906b8cf90cecb4679defac7cfd33a1c2e3b88e4903d947f3bb58eedd3?s=96&d=mm&r=g\",\"caption\":\"hegyizs\"},\"url\":\"https:\/\/www.welovecycling.com\/hu\/author\/hegyizs\/\"}]}<\/script>\n<!-- \/ Yoast SEO Premium plugin. -->","yoast_head_json":{"title":"Volt profi versenyz\u0151 magyar\u00e1zza el, hogyan lehet pump-track p\u00e1ly\u00e1n tekerni h\u00e1rom gyerekkel - \u0160koda We Love Cycling - Magyarorsz\u00e1g","description":"Egyesek sz\u00e1m\u00e1ra a gyermek meg\u00e9rkez\u00e9se a csal\u00e1dba egyet jelent a bring\u00e1z\u00e1s befejez\u00e9s\u00e9vel. Katarina Tothova nem tartozik k\u00f6z\u00e9j\u00fck. A volt v\u00e1logatott downhill-versenyz\u0151 \u00e9s h\u00e1rom gyermek anyuk\u00e1ja rendszeresen hordja a pump-track p\u00e1ly\u00e1ra a kicsiket.","robots":{"index":"index","follow":"follow","max-snippet":"max-snippet:-1","max-image-preview":"max-image-preview:large","max-video-preview":"max-video-preview:-1"},"canonical":"https:\/\/www.welovecycling.com\/hu\/csalad\/volt-profi-versenyzo-magyarazza-el-hogyan-lehet-pump-track-palyan-tekerni-harom-gyerekkel\/","og_locale":"hu_HU","og_type":"article","og_title":"Volt profi versenyz\u0151 magyar\u00e1zza el, hogyan lehet pump-track p\u00e1ly\u00e1n tekerni h\u00e1rom gyerekkel","og_description":"Egyesek sz\u00e1m\u00e1ra a gyermek meg\u00e9rkez\u00e9se a csal\u00e1dba egyet jelent a bring\u00e1z\u00e1s befejez\u00e9s\u00e9vel. Katarina Tothova nem tartozik k\u00f6z\u00e9j\u00fck.","og_url":"https:\/\/www.welovecycling.com\/hu\/csalad\/volt-profi-versenyzo-magyarazza-el-hogyan-lehet-pump-track-palyan-tekerni-harom-gyerekkel\/","og_site_name":"\u0160koda We Love Cycling - Magyarorsz\u00e1g","article_publisher":"https:\/\/www.facebook.com\/WeLoveCyclingHungary\/","article_published_time":"2020-08-12T07:00:03+00:00","og_image":[{"width":1366,"height":600,"url":"https:\/\/d2p6e6u75xmxt8.cloudfront.net\/12\/2020\/08\/Katarina-Pump-Track-CVR.jpg","type":"image\/jpeg"}],"author":"hegyizs","twitter_card":"summary_large_image","twitter_title":"Volt profi versenyz\u0151 magyar\u00e1zza el, hogyan lehet pump-track p\u00e1ly\u00e1n tekerni h\u00e1rom gyerekkel","twitter_misc":{"Written by":"Adam Marsal","Est. reading time":"5"},"schema":{"@context":"https:\/\/schema.org","@graph":[{"@type":"WebPage","@id":"https:\/\/www.welovecycling.com\/hu\/csalad\/volt-profi-versenyzo-magyarazza-el-hogyan-lehet-pump-track-palyan-tekerni-harom-gyerekkel\/","url":"https:\/\/www.welovecycling.com\/hu\/csalad\/volt-profi-versenyzo-magyarazza-el-hogyan-lehet-pump-track-palyan-tekerni-harom-gyerekkel\/","name":"Volt profi versenyz\u0151 magyar\u00e1zza el, hogyan lehet pump-track p\u00e1ly\u00e1n tekerni h\u00e1rom gyerekkel - \u0160koda We Love Cycling - Magyarorsz\u00e1g","isPartOf":{"@id":"https:\/\/www.welovecycling.com\/hu\/#website"},"primaryImageOfPage":{"@id":"https:\/\/www.welovecycling.com\/hu\/csalad\/volt-profi-versenyzo-magyarazza-el-hogyan-lehet-pump-track-palyan-tekerni-harom-gyerekkel\/#primaryimage"},"image":{"@id":"https:\/\/www.welovecycling.com\/hu\/csalad\/volt-profi-versenyzo-magyarazza-el-hogyan-lehet-pump-track-palyan-tekerni-harom-gyerekkel\/#primaryimage"},"thumbnailUrl":"https:\/\/d2p6e6u75xmxt8.cloudfront.net\/12\/2020\/08\/Katarina-Pump-Track-CVR.jpg","datePublished":"2020-08-12T07:00:03+00:00","author":{"@id":"https:\/\/www.welovecycling.com\/hu\/#\/schema\/person\/414a2aebf1801691a5320edb6468e194"},"description":"Egyesek sz\u00e1m\u00e1ra a gyermek meg\u00e9rkez\u00e9se a csal\u00e1dba egyet jelent a bring\u00e1z\u00e1s befejez\u00e9s\u00e9vel. Katarina Tothova nem tartozik k\u00f6z\u00e9j\u00fck. A volt v\u00e1logatott downhill-versenyz\u0151 \u00e9s h\u00e1rom gyermek anyuk\u00e1ja rendszeresen hordja a pump-track p\u00e1ly\u00e1ra a kicsiket.","breadcrumb":{"@id":"https:\/\/www.welovecycling.com\/hu\/csalad\/volt-profi-versenyzo-magyarazza-el-hogyan-lehet-pump-track-palyan-tekerni-harom-gyerekkel\/#breadcrumb"},"inLanguage":"hu","potentialAction":[{"@type":"ReadAction","target":["https:\/\/www.welovecycling.com\/hu\/csalad\/volt-profi-versenyzo-magyarazza-el-hogyan-lehet-pump-track-palyan-tekerni-harom-gyerekkel\/"]}]},{"@type":"ImageObject","inLanguage":"hu","@id":"https:\/\/www.welovecycling.com\/hu\/csalad\/volt-profi-versenyzo-magyarazza-el-hogyan-lehet-pump-track-palyan-tekerni-harom-gyerekkel\/#primaryimage","url":"https:\/\/d2p6e6u75xmxt8.cloudfront.net\/12\/2020\/08\/Katarina-Pump-Track-CVR.jpg","contentUrl":"https:\/\/d2p6e6u75xmxt8.cloudfront.net\/12\/2020\/08\/Katarina-Pump-Track-CVR.jpg","width":1366,"height":600,"caption":"Pump Track with Kids"},{"@type":"BreadcrumbList","@id":"https:\/\/www.welovecycling.com\/hu\/csalad\/volt-profi-versenyzo-magyarazza-el-hogyan-lehet-pump-track-palyan-tekerni-harom-gyerekkel\/#breadcrumb","itemListElement":[{"@type":"ListItem","position":1,"name":"Home","item":"https:\/\/www.welovecycling.com\/hu\/"},{"@type":"ListItem","position":2,"name":"Volt profi versenyz\u0151 magyar\u00e1zza el, hogyan lehet pump-track p\u00e1ly\u00e1n tekerni h\u00e1rom gyerekkel"}]},{"@type":"WebSite","@id":"https:\/\/www.welovecycling.com\/hu\/#website","url":"https:\/\/www.welovecycling.com\/hu\/","name":"\u0160koda We Love Cycling - Magyarorsz\u00e1g","description":"\u0160koda WeLoveCycling","potentialAction":[{"@type":"SearchAction","target":{"@type":"EntryPoint","urlTemplate":"https:\/\/www.welovecycling.com\/hu\/?s={search_term_string}"},"query-input":{"@type":"PropertyValueSpecification","valueRequired":true,"valueName":"search_term_string"}}],"inLanguage":"hu"},{"@type":"Person","@id":"https:\/\/www.welovecycling.com\/hu\/#\/schema\/person\/414a2aebf1801691a5320edb6468e194","name":"hegyizs","image":{"@type":"ImageObject","inLanguage":"hu","@id":"https:\/\/www.welovecycling.com\/hu\/#\/schema\/person\/image\/","url":"https:\/\/secure.gravatar.com\/avatar\/02cf8a7906b8cf90cecb4679defac7cfd33a1c2e3b88e4903d947f3bb58eedd3?s=96&d=mm&r=g","contentUrl":"https:\/\/secure.gravatar.com\/avatar\/02cf8a7906b8cf90cecb4679defac7cfd33a1c2e3b88e4903d947f3bb58eedd3?s=96&d=mm&r=g","caption":"hegyizs"},"url":"https:\/\/www.welovecycling.com\/hu\/author\/hegyizs\/"}]}},"_links":{"self":[{"href":"https:\/\/www.welovecycling.com\/hu\/wp-json\/wp\/v2\/posts\/8271","targetHints":{"allow":["GET"]}}],"collection":[{"href":"https:\/\/www.welovecycling.com\/hu\/wp-json\/wp\/v2\/posts"}],"about":[{"href":"https:\/\/www.welovecycling.com\/hu\/wp-json\/wp\/v2\/types\/post"}],"author":[{"embeddable":true,"href":"https:\/\/www.welovecycling.com\/hu\/wp-json\/wp\/v2\/users\/71"}],"replies":[{"embeddable":true,"href":"https:\/\/www.welovecycling.com\/hu\/wp-json\/wp\/v2\/comments?post=8271"}],"version-history":[{"count":2,"href":"https:\/\/www.welovecycling.com\/hu\/wp-json\/wp\/v2\/posts\/8271\/revisions"}],"predecessor-version":[{"id":8285,"href":"https:\/\/www.welovecycling.com\/hu\/wp-json\/wp\/v2\/posts\/8271\/revisions\/8285"}],"wp:featuredmedia":[{"embeddable":true,"href":"https:\/\/www.welovecycling.com\/hu\/wp-json\/wp\/v2\/media\/8275"}],"wp:attachment":[{"href":"https:\/\/www.welovecycling.com\/hu\/wp-json\/wp\/v2\/media?parent=8271"}],"wp:term":[{"taxonomy":"category","embeddable":true,"href":"https:\/\/www.welovecycling.com\/hu\/wp-json\/wp\/v2\/categories?post=8271"},{"taxonomy":"post_tag","embeddable":true,"href":"https:\/\/www.welovecycling.com\/hu\/wp-json\/wp\/v2\/tags?post=8271"},{"taxonomy":"global-categories","embeddable":true,"href":"https:\/\/www.welovecycling.com\/hu\/wp-json\/wp\/v2\/global-categories?post=8271"}],"curies":[{"name":"wp","href":"https:\/\/api.w.org\/{rel}","templated":true}]}}