{"id":8265,"date":"2020-08-12T17:00:23","date_gmt":"2020-08-12T16:00:23","guid":{"rendered":"https:\/\/www.welovecycling.com\/hu\/?p=8265"},"modified":"2020-08-11T13:49:37","modified_gmt":"2020-08-11T12:49:37","slug":"szabaduljunk-meg-a-bringas-elitizmus-fogalmatol","status":"publish","type":"post","link":"https:\/\/www.welovecycling.com\/hu\/kozosseg-es-kultura\/szabaduljunk-meg-a-bringas-elitizmus-fogalmatol\/","title":{"rendered":"Szabaduljunk meg a bring\u00e1s elitizmus fogalm\u00e1t\u00f3l!"},"content":{"rendered":"<p><strong>Mostan\u00e1ban csupa j\u00f3 h\u00edr \u00e9rkezik a bring\u00e1sok sz\u00e1m\u00e1ra. A vil\u00e1gon mindenki biztons\u00e1gos \u00e9s f\u00fcggetlen k\u00f6zleked\u00e9si form\u00e1kat keres, \u00e9s sz\u00e1mos v\u00e1ros ruh\u00e1z be ker\u00e9kp\u00e1ros infrastrukt\u00far\u00e1j\u00e1nak fejleszt\u00e9s\u00e9be, \u00f6szt\u00f6nzi a bring\u00e1s k\u00f6zleked\u00e9st \u2013 s\u0151t ak\u00e1r a bring\u00e1k karbantart\u00e1s\u00e1hoz is t\u00e1mogat\u00e1st ny\u00fajt. Ez alapj\u00e1n azt gondolhatjuk, hogy j\u00f3 \u00faton haladunk afel\u00e9, hogy t\u00f6bb bring\u00e1s legyen az utakon, mint valaha. J\u00f3l hangzik, ugye? Nos, k\u00e9ts\u00e9g nem f\u00e9r ahhoz, hogy a k\u00f6z\u00f6ss\u00e9g k\u00fcl\u00f6nf\u00e9le \u00e9s csod\u00e1latos m\u00f3dokon n\u00f6vekszik, ugyanakkor tov\u00e1bbra is van egy makacs, fesz\u00fclts\u00e9get kelt\u0151 pont, amely akkor mer\u00fcl fel, amikor a bringarajong\u00f3k a nem bring\u00e1s k\u00f6z\u00f6s\u00e9ggel tal\u00e1lkoznak vagy megpr\u00f3b\u00e1lj\u00e1k r\u00e1venni ker\u00e9kp\u00e1r-szkeptikus bar\u00e1taikat a teker\u00e9sre. A biztons\u00e1gi \u00e9s edzetts\u00e9gi szintekkel kapcsolatos aggodalmakon fel\u00fcl szil\u00e1rdan tartja mag\u00e1t egy m\u00edtosz, amely szerint a bring\u00e1sok\u2026 h\u00e1t igen, sznobok.<\/strong><\/p>\n<p><!--more--><\/p>\n<p>\u0150szint\u00e9n sz\u00f3lva ez a k\u00e9p nem f\u00fcggetlen att\u00f3l, hogy a ker\u00e9kp\u00e1ros k\u00f6z\u00f6ss\u00e9g pr\u00f3b\u00e1l egyfajta exkluzivit\u00e1st hirdetni. Att\u00f3l kezdve, hogy szab\u00e1lyozz\u00e1k, hogy mi elfogadhat\u00f3 \u00e9s mi nem az, az arra vonatkoz\u00f3 tengernyi online tan\u00e1csig, hogy <em>\u201ehogy ne n\u00e9zz ki \u00fagy a bring\u00e1don, mint egy \u00fajonc\u201d<\/em>, minden t\u00e9ny azt t\u00e1masztja al\u00e1, hogy a ker\u00e9kp\u00e1roz\u00e1sban van egyfajta oszt\u00e1lyrendszer. M\u00e9g ha tagadhatatlan is, hogy van valami \u00e9lvezetes abban, ha elk\u00fcl\u00f6n\u00edtj\u00fck a k\u00fcl\u00f6nb\u00f6z\u0151 \u201ebring\u00e1st\u00edpusokat\u201d \u00e9s megtal\u00e1ljuk, melyik oszt\u00e1lyba tartozunk, ez a fajta szelekt\u00e1l\u00e1s t\u00f6bbet \u00e1rt, mint haszn\u00e1l.<\/p>\n<figure id=\"attachment_6156\" aria-describedby=\"caption-attachment-6156\" style=\"width: 1250px\" class=\"wp-caption alignnone\"><img loading=\"lazy\" decoding=\"async\" class=\"size-full wp-image-6156\" src=\"https:\/\/d2p6e6u75xmxt8.cloudfront.net\/12\/2019\/12\/Friends-MTB-profimedia-0281706401.jpg\" alt=\"Friends Cycling\" width=\"1250\" height=\"831\" srcset=\"https:\/\/d2p6e6u75xmxt8.cloudfront.net\/12\/2019\/12\/Friends-MTB-profimedia-0281706401.jpg 1250w, https:\/\/d2p6e6u75xmxt8.cloudfront.net\/12\/2019\/12\/Friends-MTB-profimedia-0281706401-300x199.jpg 300w, https:\/\/d2p6e6u75xmxt8.cloudfront.net\/12\/2019\/12\/Friends-MTB-profimedia-0281706401-768x511.jpg 768w, https:\/\/d2p6e6u75xmxt8.cloudfront.net\/12\/2019\/12\/Friends-MTB-profimedia-0281706401-1024x681.jpg 1024w, https:\/\/d2p6e6u75xmxt8.cloudfront.net\/12\/2019\/12\/Friends-MTB-profimedia-0281706401-272x182.jpg 272w\" sizes=\"auto, (max-width: 1250px) 100vw, 1250px\" \/><figcaption id=\"caption-attachment-6156\" class=\"wp-caption-text\"><em>A walesi Machynlleth k\u00f6rny\u00e9ki hegyekben \u00e9s erd\u0151kben bring\u00e1z\u00f3 bar\u00e1tok. \u00a9 redsnapper \/ Alamy \/ Profimedia<\/em><\/figcaption><\/figure>\n<p>Val\u00f3ban l\u00e1that\u00f3 volt az elm\u00falt \u00e9vekben egyfajta nyom\u00e1s az er\u0151teljesebb rekl\u00e1mmegjelen\u00e9s ir\u00e1ny\u00e1ban, \u00e9s sz\u00e1mos kezdem\u00e9nyez\u00e9s indult a ker\u00e9kp\u00e1roz\u00e1snak a kiszolg\u00e1ltatottabb k\u00f6z\u00f6ss\u00e9gekbe val\u00f3 bevezet\u00e9s\u00e9re. Ennek ellen\u00e9re m\u00e9g mindig sz\u00e1mos olyan t\u00e9nyez\u0151 van, amely meger\u0151s\u00edti a sznobs\u00e1gra utal\u00f3 sztereot\u00edpi\u00e1kat, \u00e9s ez rengeteg kezd\u0151 bring\u00e1st tasz\u00edt. Ha \u00fajra el\u0151t\u00e9rbe helyezn\u00e9nk a bring\u00e1s k\u00f6zleked\u00e9s hasznoss\u00e1g\u00e1t, az seg\u00edtene eloszlatni a henceg\u00e9ssel kapcsolatos asszoci\u00e1ci\u00f3kat, \u00e9s a ker\u00e9kp\u00e1roz\u00e1s mindenki sz\u00e1m\u00e1ra visszat\u00e9rhetne a gy\u00f6kereihez: a szabads\u00e1g \u00e9s k\u00f6tetlens\u00e9g \u00e9rz\u00e9s\u00e9hez. Mit is tehet\u00fcnk az\u00e9rt, hogy ez megt\u00f6rt\u00e9njen? A sport\u00e1gunkkal kapcsolatos helyes szeml\u00e9let terjeszt\u00e9se \u00e9s min\u00e9l t\u00f6bb ember nyeregbe cs\u00e1b\u00edt\u00e1sa \u00e9rdek\u00e9ben \u2014 mik\u00f6zben tov\u00e1bbra is tisztelg\u00fcnk azok el\u0151tt, akik k\u00e9t ker\u00e9ken kiemelked\u0151 teljes\u00edtm\u00e9nyt ny\u00fajtanak \u2014 vizsg\u00e1ljuk meg, hogyan tudn\u00e1nk eml\u00e9keztetni az embereket arra, hogy a ker\u00e9kp\u00e1roz\u00e1s mindenki sz\u00e1m\u00e1ra el\u00e9rhet\u0151 \u00e9s \u00e9lvezhet\u0151 tev\u00e9kenys\u00e9g!<\/p>\n<h2><strong>Ragaszkodj a t\u00e1rsas\u00e1godhoz, de l\u00e9gy kedves a t\u00f6bbiekkel!<\/strong><strong>\u00a0<\/strong><\/h2>\n<p>Mindannyian j\u00f3t nevett\u00fcnk, amikor be tudtuk magunkat skatuly\u00e1zni a viccesen k\u00f6r\u00fcl\u00edrt, k\u00fcl\u00f6nb\u00f6z\u0151 bring\u00e1st\u00edpusok egyik\u00e9be, de fontos, hogy ne \u00e9p\u00fclj\u00f6n be t\u00fal m\u00e9lyen a pszich\u00e9nkbe az <em>\u201e\u0151k kontra mi\u201d<\/em> mentalit\u00e1s. Ak\u00e1r rend\u00edthetetlen orsz\u00e1g\u00fatis, montis, utcai harcos vagy \u00fagynevezett \u201eszerkenty\u0171kapit\u00e1ny\u201d vagy, \u00e9rdemes eml\u00e9keztetned magad arra, hogy b\u00e1rmilyen messzinek is t\u0171nik ma m\u00e1r, de volt id\u0151, amikor a bringa rejt\u00e9lyes \u00e9s kezelhetetlen t\u00e1rgynak t\u0171nt sz\u00e1modra. A dombok megh\u00f3d\u00edt\u00e1sa, a d\u00edjak megnyer\u00e9se vagy a p\u00e1ly\u00e1k v\u00e9gigsz\u00e1nt\u00e1sa el\u0151tt nem tudtad, milyen izgalmak v\u00e1rnak r\u00e1d. \u00d6r\u00fcln\u00f6d kellene mindennek, ami a st\u00edlusodat egyediv\u00e9 \u00e9s nagyszer\u0171v\u00e9 tette, de nem \u00fagy, hogy azzal lekicsinyled a t\u00f6bbieket. M\u00e9g mindig ugyanannak a nagy \u00e9s boldog csal\u00e1dnak a tagjai vagyunk mindannyian.<\/p>\n<p><img loading=\"lazy\" decoding=\"async\" class=\"size-full wp-image-7913\" src=\"https:\/\/d2p6e6u75xmxt8.cloudfront.net\/12\/2020\/06\/Gaspi-CVR.jpg\" alt=\"\" width=\"1366\" height=\"600\" \/><\/p>\n<h2><strong>Mindig l\u00e9gy kedves a t\u00f6bbi bring\u00e1ssal!<\/strong><\/h2>\n<p>\u00c9rtsd meg, hogy a ker\u00e9kp\u00e1r m\u00e1sok \u00e9let\u00e9ben eg\u00e9szen m\u00e1s szerepet j\u00e1tszhat!<\/p>\n<p>Ha m\u00e1r a k\u00fcl\u00f6nb\u00f6z\u0151 bring\u00e1st\u00edpusok elfogad\u00e1s\u00e1r\u00f3l besz\u00e9l\u00fcnk \u00e9s l\u00e1ttatni akarjuk a ker\u00e9kp\u00e1roz\u00e1s hasznoss\u00e1g\u00e1t, fontos, hogy \u00e9szben tartsuk, hogy minden embernek egyedi kapcsolata van a bring\u00e1j\u00e1val. Lehet, hogy szeretsz \u00f6lre men\u0151 vit\u00e1t folytatni arr\u00f3l, hogy a patk\u00f3- vagy a t\u00e1rcsaf\u00e9k a jobb, de ez nem \u00e9rdekel mindenkit. Egy alap mindenes bicikli b\u0151ven hozza azt, amit sokan akarnak, ig\u00e9nyelnek vagy megengedhetnek maguknak. Ha azt l\u00e1tod, hogy valaki \u00fagy bring\u00e1zik, ahogy az sz\u00e1modra felfoghatatlan, eml\u00e9kezz az amerikai mond\u00e1sra: \u201e<em>T\u00e9gy meg egy m\u00e9rf\u00f6ldet m\u00e1s cip\u0151j\u00e9ben, miel\u0151tt kritiz\u00e1lod!\u201d<\/em><\/p>\n<h2><strong>Ne adj k\u00e9retlen tan\u00e1csot!<\/strong><strong>\u00a0<\/strong><\/h2>\n<p>Ez egy m\u00e1sik nagy k\u00e9rd\u00e9s, amely sokszor mer\u00fcl fel a bring\u00e1s klubok \u00e9s ker\u00e9kp\u00e1rboltok kult\u00far\u00e1j\u00e1val kapcsolatos vit\u00e1kban. Az a szomor\u00fa t\u00e9ny, hogy a j\u00f3 sz\u00e1nd\u00e9kkal adott, de rosszul id\u0151z\u00edtett tan\u00e1csnak jelent\u0151s \u00e9s negat\u00edv k\u00f6vetkezm\u00e9nyei lehetnek. Besz\u00e9lt\u00fcnk m\u00e1r arr\u00f3l, hogy az\u00e9rt lenne fontos megszabadulni att\u00f3l a kioktat\u00f3 hangnemt\u0151l \u00e9s a hierarchikus modor egy\u00e9b form\u00e1it\u00f3l, amelyek n\u00e9h\u00e1ny bring\u00e1s k\u00f6rben szok\u00e1sosak, mert ez a sportban m\u00e9g j\u00e1ratlanokat elb\u00e1tortalan\u00edthatja \u00e9s v\u00e9g\u00fcl a k\u00edv\u00e1nttal ellent\u00e9tes eredm\u00e9nnyel j\u00e1rhat. Alapszab\u00e1ly, hogy soha ne felt\u00e9telezz\u00fck, hogy valaki egy bizonyos szint\u0171 tud\u00e1ssal rendelkezik vagy nem rendelkezik. Ugyan\u00edgy nem befoly\u00e1solhatja egy szem\u00e9ly fizikai k\u00e9pess\u00e9g\u00e9t vagy ker\u00e9kp\u00e1ros k\u00e9szs\u00e9geit a neme, a bring\u00e1j\u00e1nak fajt\u00e1ja vagy az \u00e1ltala haszn\u00e1lt sz\u00f3k\u00e9szlet.<\/p>\n<figure id=\"attachment_8266\" aria-describedby=\"caption-attachment-8266\" style=\"width: 1250px\" class=\"wp-caption alignnone\"><img loading=\"lazy\" decoding=\"async\" class=\"size-full wp-image-8266\" src=\"https:\/\/d2p6e6u75xmxt8.cloudfront.net\/12\/2020\/08\/Friends-Cycling-Training-profimedia-0281706483.jpg\" alt=\"\" width=\"1250\" height=\"831\" srcset=\"https:\/\/d2p6e6u75xmxt8.cloudfront.net\/12\/2020\/08\/Friends-Cycling-Training-profimedia-0281706483.jpg 1250w, https:\/\/d2p6e6u75xmxt8.cloudfront.net\/12\/2020\/08\/Friends-Cycling-Training-profimedia-0281706483-300x199.jpg 300w, https:\/\/d2p6e6u75xmxt8.cloudfront.net\/12\/2020\/08\/Friends-Cycling-Training-profimedia-0281706483-1024x681.jpg 1024w, https:\/\/d2p6e6u75xmxt8.cloudfront.net\/12\/2020\/08\/Friends-Cycling-Training-profimedia-0281706483-768x511.jpg 768w, https:\/\/d2p6e6u75xmxt8.cloudfront.net\/12\/2020\/08\/Friends-Cycling-Training-profimedia-0281706483-272x182.jpg 272w\" sizes=\"auto, (max-width: 1250px) 100vw, 1250px\" \/><figcaption id=\"caption-attachment-8266\" class=\"wp-caption-text\"><em>J\u00f3 sz\u00e1nd\u00e9kkal is lehet rosszat tenni. <\/em> \u00a9 redsnapper \/ Alamy \/ Profimedia<\/figcaption><\/figure>\n<h2><strong>Fogadj el minden biciklit, ami szembe j\u00f6n veled!<\/strong><strong>\u00a0<\/strong><\/h2>\n<p>Ugyan\u00fagy, ahogy neh\u00e9z lehet lakatot tenni a sz\u00e1dra, amikor sz\u00edvesen adn\u00e1l k\u00e9retlen tan\u00e1csot a csoportt\u00far\u00e1tokon, szinte lehetetlennek t\u0171nik magadban tartani, ha elhanyagolt vagy rosszul be\u00e1ll\u00edtott bringa mellett tekersz el. Eml\u00e9kezz akkor is arra, hogy ami neked j\u00f3, nem biztos, hogy mindenkinek az, \u00e9s maradj nyitott! Ugyan\u00edgy ne \u00edt\u00e9ld el az elektromos ker\u00e9kp\u00e1rokat, se azokat az egyedi diz\u00e1jnokat, amik b\u00e9n\u00e1nak t\u0171nnek a szemedben; \u00fcnnepelj\u00fck, hogy a k\u00f6z\u00f6ss\u00e9g\u00fcnk soksz\u00edn\u0171, mindenki sz\u00e1m\u00e1ra el\u00e9rhet\u0151 \u00e9s kreat\u00edv!<\/p>\n<h2><strong>Ne feledd, hogy az a c\u00e9l, hogy min\u00e9l t\u00f6bben \u00fcljenek nyeregbe!<\/strong><strong>\u00a0<\/strong><\/h2>\n<p>Ha m\u00e9g mindig nem gy\u0151zt\u00fcnk meg afel\u0151l, hogy emiatt agg\u00f3dni kellene, keress r\u00e1 a Google-on a <em>\u201ehogy ne n\u00e9zz ki \u00fagy a bring\u00e1don, mint egy \u00fajonc\u201d<\/em> jelleg\u0171 cikkekre. Term\u00e9szetesen j\u00f3, ha az \u00faj bring\u00e1sok tesznek az\u00e9rt, hogy beletanuljanak a dolgok menet\u00e9be, de fontos az is, hogy \u00e9rezz\u00e9k: az edzett ker\u00e9kp\u00e1rosok elfogadj\u00e1k \u0151ket. Alapj\u00e1ban v\u00e9ve a ker\u00e9kp\u00e1ros k\u00f6z\u00f6ss\u00e9get a melegs\u00e9g, a t\u00e1mogat\u00e1s \u00e9s a bar\u00e1ts\u00e1g jellemzi \u2014 \u00e9s ezt tudj\u00e1k is meg az emberek!<\/p>\n","protected":false},"excerpt":{"rendered":"<p>Mostan\u00e1ban csupa j\u00f3 h\u00edr \u00e9rkezik a bring\u00e1sok sz\u00e1m\u00e1ra. A vil\u00e1gon mindenki biztons\u00e1gos \u00e9s f\u00fcggetlen k\u00f6zleked\u00e9si form\u00e1kat keres, \u00e9s sz\u00e1mos v\u00e1ros [&hellip;]<\/p>\n","protected":false},"author":71,"featured_media":8268,"comment_status":"open","ping_status":"open","sticky":false,"template":"","format":"standard","meta":{"footnotes":""},"categories":[12],"tags":[],"global-categories":[],"class_list":["post-8265","post","type-post","status-publish","format-standard","has-post-thumbnail","hentry","category-kozosseg-es-kultura"],"yoast_head":"<!-- This site is optimized with the Yoast SEO Premium plugin v25.3 (Yoast SEO v25.9) - https:\/\/yoast.com\/wordpress\/plugins\/seo\/ -->\n<title>Szabaduljunk meg a bring\u00e1s elitizmus fogalm\u00e1t\u00f3l! - \u0160koda We Love Cycling - Magyarorsz\u00e1g<\/title>\n<meta name=\"description\" content=\"Mostan\u00e1ban csupa j\u00f3 h\u00edr \u00e9rkezik a bring\u00e1sok sz\u00e1m\u00e1ra. A vil\u00e1gon mindenki biztons\u00e1gos \u00e9s f\u00fcggetlen k\u00f6zleked\u00e9si form\u00e1kat keres, \u00e9s sz\u00e1mos v\u00e1ros ruh\u00e1z be ker\u00e9kp\u00e1ros infrastrukt\u00far\u00e1j\u00e1nak fejleszt\u00e9s\u00e9be, \u00f6szt\u00f6nzi a bring\u00e1s k\u00f6zleked\u00e9st \u2013 s\u0151t ak\u00e1r a bring\u00e1k karbantart\u00e1s\u00e1hoz is t\u00e1mogat\u00e1st ny\u00fajt.\" \/>\n<meta name=\"robots\" content=\"index, follow, max-snippet:-1, max-image-preview:large, max-video-preview:-1\" \/>\n<link rel=\"canonical\" href=\"https:\/\/www.welovecycling.com\/hu\/kozosseg-es-kultura\/szabaduljunk-meg-a-bringas-elitizmus-fogalmatol\/\" \/>\n<meta property=\"og:locale\" content=\"hu_HU\" \/>\n<meta property=\"og:type\" content=\"article\" \/>\n<meta property=\"og:title\" content=\"Szabaduljunk meg a bring\u00e1s elitizmus fogalm\u00e1t\u00f3l!\" \/>\n<meta property=\"og:description\" content=\"Mostan\u00e1ban csupa j\u00f3 h\u00edr \u00e9rkezik a bring\u00e1sok sz\u00e1m\u00e1ra. A vil\u00e1gon mindenki biztons\u00e1gos \u00e9s f\u00fcggetlen k\u00f6zleked\u00e9si form\u00e1kat keres, \u00e9s sz\u00e1mos v\u00e1ros ruh\u00e1z be ker\u00e9kp\u00e1ros infrastrukt\u00far\u00e1j\u00e1nak fejleszt\u00e9s\u00e9be, \u00f6szt\u00f6nzi a bring\u00e1s k\u00f6zleked\u00e9st \u2013 s\u0151t ak\u00e1r a bring\u00e1k karbantart\u00e1s\u00e1hoz is t\u00e1mogat\u00e1st ny\u00fajt.\" \/>\n<meta property=\"og:url\" content=\"https:\/\/www.welovecycling.com\/hu\/kozosseg-es-kultura\/szabaduljunk-meg-a-bringas-elitizmus-fogalmatol\/\" \/>\n<meta property=\"og:site_name\" content=\"\u0160koda We Love Cycling - Magyarorsz\u00e1g\" \/>\n<meta property=\"article:publisher\" content=\"https:\/\/www.facebook.com\/WeLoveCyclingHungary\/\" \/>\n<meta property=\"article:published_time\" content=\"2020-08-12T16:00:23+00:00\" \/>\n<meta property=\"og:image\" content=\"https:\/\/d2p6e6u75xmxt8.cloudfront.net\/12\/2020\/08\/RaphaCVR.jpg\" \/>\n\t<meta property=\"og:image:width\" content=\"1366\" \/>\n\t<meta property=\"og:image:height\" content=\"600\" \/>\n\t<meta property=\"og:image:type\" content=\"image\/jpeg\" \/>\n<meta name=\"author\" content=\"hegyizs\" \/>\n<meta name=\"twitter:card\" content=\"summary_large_image\" \/>\n<meta name=\"twitter:label1\" content=\"Written by\" \/>\n\t<meta name=\"twitter:data1\" content=\"Megan Flottorp\" \/>\n\t<meta name=\"twitter:label2\" content=\"Est. reading time\" \/>\n\t<meta name=\"twitter:data2\" content=\"7\" \/>\n<script type=\"application\/ld+json\" class=\"yoast-schema-graph\">{\"@context\":\"https:\/\/schema.org\",\"@graph\":[{\"@type\":\"WebPage\",\"@id\":\"https:\/\/www.welovecycling.com\/hu\/kozosseg-es-kultura\/szabaduljunk-meg-a-bringas-elitizmus-fogalmatol\/\",\"url\":\"https:\/\/www.welovecycling.com\/hu\/kozosseg-es-kultura\/szabaduljunk-meg-a-bringas-elitizmus-fogalmatol\/\",\"name\":\"Szabaduljunk meg a bring\u00e1s elitizmus fogalm\u00e1t\u00f3l! - \u0160koda We Love Cycling - Magyarorsz\u00e1g\",\"isPartOf\":{\"@id\":\"https:\/\/www.welovecycling.com\/hu\/#website\"},\"primaryImageOfPage\":{\"@id\":\"https:\/\/www.welovecycling.com\/hu\/kozosseg-es-kultura\/szabaduljunk-meg-a-bringas-elitizmus-fogalmatol\/#primaryimage\"},\"image\":{\"@id\":\"https:\/\/www.welovecycling.com\/hu\/kozosseg-es-kultura\/szabaduljunk-meg-a-bringas-elitizmus-fogalmatol\/#primaryimage\"},\"thumbnailUrl\":\"https:\/\/d2p6e6u75xmxt8.cloudfront.net\/12\/2020\/08\/RaphaCVR.jpg\",\"datePublished\":\"2020-08-12T16:00:23+00:00\",\"author\":{\"@id\":\"https:\/\/www.welovecycling.com\/hu\/#\/schema\/person\/414a2aebf1801691a5320edb6468e194\"},\"description\":\"Mostan\u00e1ban csupa j\u00f3 h\u00edr \u00e9rkezik a bring\u00e1sok sz\u00e1m\u00e1ra. A vil\u00e1gon mindenki biztons\u00e1gos \u00e9s f\u00fcggetlen k\u00f6zleked\u00e9si form\u00e1kat keres, \u00e9s sz\u00e1mos v\u00e1ros ruh\u00e1z be ker\u00e9kp\u00e1ros infrastrukt\u00far\u00e1j\u00e1nak fejleszt\u00e9s\u00e9be, \u00f6szt\u00f6nzi a bring\u00e1s k\u00f6zleked\u00e9st \u2013 s\u0151t ak\u00e1r a bring\u00e1k karbantart\u00e1s\u00e1hoz is t\u00e1mogat\u00e1st ny\u00fajt.\",\"breadcrumb\":{\"@id\":\"https:\/\/www.welovecycling.com\/hu\/kozosseg-es-kultura\/szabaduljunk-meg-a-bringas-elitizmus-fogalmatol\/#breadcrumb\"},\"inLanguage\":\"hu\",\"potentialAction\":[{\"@type\":\"ReadAction\",\"target\":[\"https:\/\/www.welovecycling.com\/hu\/kozosseg-es-kultura\/szabaduljunk-meg-a-bringas-elitizmus-fogalmatol\/\"]}]},{\"@type\":\"ImageObject\",\"inLanguage\":\"hu\",\"@id\":\"https:\/\/www.welovecycling.com\/hu\/kozosseg-es-kultura\/szabaduljunk-meg-a-bringas-elitizmus-fogalmatol\/#primaryimage\",\"url\":\"https:\/\/d2p6e6u75xmxt8.cloudfront.net\/12\/2020\/08\/RaphaCVR.jpg\",\"contentUrl\":\"https:\/\/d2p6e6u75xmxt8.cloudfront.net\/12\/2020\/08\/RaphaCVR.jpg\",\"width\":1366,\"height\":600,\"caption\":\"Cycling Elitism\"},{\"@type\":\"BreadcrumbList\",\"@id\":\"https:\/\/www.welovecycling.com\/hu\/kozosseg-es-kultura\/szabaduljunk-meg-a-bringas-elitizmus-fogalmatol\/#breadcrumb\",\"itemListElement\":[{\"@type\":\"ListItem\",\"position\":1,\"name\":\"Home\",\"item\":\"https:\/\/www.welovecycling.com\/hu\/\"},{\"@type\":\"ListItem\",\"position\":2,\"name\":\"Szabaduljunk meg a bring\u00e1s elitizmus fogalm\u00e1t\u00f3l!\"}]},{\"@type\":\"WebSite\",\"@id\":\"https:\/\/www.welovecycling.com\/hu\/#website\",\"url\":\"https:\/\/www.welovecycling.com\/hu\/\",\"name\":\"\u0160koda We Love Cycling - Magyarorsz\u00e1g\",\"description\":\"\u0160koda WeLoveCycling\",\"potentialAction\":[{\"@type\":\"SearchAction\",\"target\":{\"@type\":\"EntryPoint\",\"urlTemplate\":\"https:\/\/www.welovecycling.com\/hu\/?s={search_term_string}\"},\"query-input\":{\"@type\":\"PropertyValueSpecification\",\"valueRequired\":true,\"valueName\":\"search_term_string\"}}],\"inLanguage\":\"hu\"},{\"@type\":\"Person\",\"@id\":\"https:\/\/www.welovecycling.com\/hu\/#\/schema\/person\/414a2aebf1801691a5320edb6468e194\",\"name\":\"hegyizs\",\"image\":{\"@type\":\"ImageObject\",\"inLanguage\":\"hu\",\"@id\":\"https:\/\/www.welovecycling.com\/hu\/#\/schema\/person\/image\/\",\"url\":\"https:\/\/secure.gravatar.com\/avatar\/02cf8a7906b8cf90cecb4679defac7cfd33a1c2e3b88e4903d947f3bb58eedd3?s=96&d=mm&r=g\",\"contentUrl\":\"https:\/\/secure.gravatar.com\/avatar\/02cf8a7906b8cf90cecb4679defac7cfd33a1c2e3b88e4903d947f3bb58eedd3?s=96&d=mm&r=g\",\"caption\":\"hegyizs\"},\"url\":\"https:\/\/www.welovecycling.com\/hu\/author\/hegyizs\/\"}]}<\/script>\n<!-- \/ Yoast SEO Premium plugin. -->","yoast_head_json":{"title":"Szabaduljunk meg a bring\u00e1s elitizmus fogalm\u00e1t\u00f3l! - \u0160koda We Love Cycling - Magyarorsz\u00e1g","description":"Mostan\u00e1ban csupa j\u00f3 h\u00edr \u00e9rkezik a bring\u00e1sok sz\u00e1m\u00e1ra. A vil\u00e1gon mindenki biztons\u00e1gos \u00e9s f\u00fcggetlen k\u00f6zleked\u00e9si form\u00e1kat keres, \u00e9s sz\u00e1mos v\u00e1ros ruh\u00e1z be ker\u00e9kp\u00e1ros infrastrukt\u00far\u00e1j\u00e1nak fejleszt\u00e9s\u00e9be, \u00f6szt\u00f6nzi a bring\u00e1s k\u00f6zleked\u00e9st \u2013 s\u0151t ak\u00e1r a bring\u00e1k karbantart\u00e1s\u00e1hoz is t\u00e1mogat\u00e1st ny\u00fajt.","robots":{"index":"index","follow":"follow","max-snippet":"max-snippet:-1","max-image-preview":"max-image-preview:large","max-video-preview":"max-video-preview:-1"},"canonical":"https:\/\/www.welovecycling.com\/hu\/kozosseg-es-kultura\/szabaduljunk-meg-a-bringas-elitizmus-fogalmatol\/","og_locale":"hu_HU","og_type":"article","og_title":"Szabaduljunk meg a bring\u00e1s elitizmus fogalm\u00e1t\u00f3l!","og_description":"Mostan\u00e1ban csupa j\u00f3 h\u00edr \u00e9rkezik a bring\u00e1sok sz\u00e1m\u00e1ra. A vil\u00e1gon mindenki biztons\u00e1gos \u00e9s f\u00fcggetlen k\u00f6zleked\u00e9si form\u00e1kat keres, \u00e9s sz\u00e1mos v\u00e1ros ruh\u00e1z be ker\u00e9kp\u00e1ros infrastrukt\u00far\u00e1j\u00e1nak fejleszt\u00e9s\u00e9be, \u00f6szt\u00f6nzi a bring\u00e1s k\u00f6zleked\u00e9st \u2013 s\u0151t ak\u00e1r a bring\u00e1k karbantart\u00e1s\u00e1hoz is t\u00e1mogat\u00e1st ny\u00fajt.","og_url":"https:\/\/www.welovecycling.com\/hu\/kozosseg-es-kultura\/szabaduljunk-meg-a-bringas-elitizmus-fogalmatol\/","og_site_name":"\u0160koda We Love Cycling - Magyarorsz\u00e1g","article_publisher":"https:\/\/www.facebook.com\/WeLoveCyclingHungary\/","article_published_time":"2020-08-12T16:00:23+00:00","og_image":[{"width":1366,"height":600,"url":"https:\/\/d2p6e6u75xmxt8.cloudfront.net\/12\/2020\/08\/RaphaCVR.jpg","type":"image\/jpeg"}],"author":"hegyizs","twitter_card":"summary_large_image","twitter_misc":{"Written by":"Megan Flottorp","Est. reading time":"7"},"schema":{"@context":"https:\/\/schema.org","@graph":[{"@type":"WebPage","@id":"https:\/\/www.welovecycling.com\/hu\/kozosseg-es-kultura\/szabaduljunk-meg-a-bringas-elitizmus-fogalmatol\/","url":"https:\/\/www.welovecycling.com\/hu\/kozosseg-es-kultura\/szabaduljunk-meg-a-bringas-elitizmus-fogalmatol\/","name":"Szabaduljunk meg a bring\u00e1s elitizmus fogalm\u00e1t\u00f3l! - \u0160koda We Love Cycling - Magyarorsz\u00e1g","isPartOf":{"@id":"https:\/\/www.welovecycling.com\/hu\/#website"},"primaryImageOfPage":{"@id":"https:\/\/www.welovecycling.com\/hu\/kozosseg-es-kultura\/szabaduljunk-meg-a-bringas-elitizmus-fogalmatol\/#primaryimage"},"image":{"@id":"https:\/\/www.welovecycling.com\/hu\/kozosseg-es-kultura\/szabaduljunk-meg-a-bringas-elitizmus-fogalmatol\/#primaryimage"},"thumbnailUrl":"https:\/\/d2p6e6u75xmxt8.cloudfront.net\/12\/2020\/08\/RaphaCVR.jpg","datePublished":"2020-08-12T16:00:23+00:00","author":{"@id":"https:\/\/www.welovecycling.com\/hu\/#\/schema\/person\/414a2aebf1801691a5320edb6468e194"},"description":"Mostan\u00e1ban csupa j\u00f3 h\u00edr \u00e9rkezik a bring\u00e1sok sz\u00e1m\u00e1ra. A vil\u00e1gon mindenki biztons\u00e1gos \u00e9s f\u00fcggetlen k\u00f6zleked\u00e9si form\u00e1kat keres, \u00e9s sz\u00e1mos v\u00e1ros ruh\u00e1z be ker\u00e9kp\u00e1ros infrastrukt\u00far\u00e1j\u00e1nak fejleszt\u00e9s\u00e9be, \u00f6szt\u00f6nzi a bring\u00e1s k\u00f6zleked\u00e9st \u2013 s\u0151t ak\u00e1r a bring\u00e1k karbantart\u00e1s\u00e1hoz is t\u00e1mogat\u00e1st ny\u00fajt.","breadcrumb":{"@id":"https:\/\/www.welovecycling.com\/hu\/kozosseg-es-kultura\/szabaduljunk-meg-a-bringas-elitizmus-fogalmatol\/#breadcrumb"},"inLanguage":"hu","potentialAction":[{"@type":"ReadAction","target":["https:\/\/www.welovecycling.com\/hu\/kozosseg-es-kultura\/szabaduljunk-meg-a-bringas-elitizmus-fogalmatol\/"]}]},{"@type":"ImageObject","inLanguage":"hu","@id":"https:\/\/www.welovecycling.com\/hu\/kozosseg-es-kultura\/szabaduljunk-meg-a-bringas-elitizmus-fogalmatol\/#primaryimage","url":"https:\/\/d2p6e6u75xmxt8.cloudfront.net\/12\/2020\/08\/RaphaCVR.jpg","contentUrl":"https:\/\/d2p6e6u75xmxt8.cloudfront.net\/12\/2020\/08\/RaphaCVR.jpg","width":1366,"height":600,"caption":"Cycling Elitism"},{"@type":"BreadcrumbList","@id":"https:\/\/www.welovecycling.com\/hu\/kozosseg-es-kultura\/szabaduljunk-meg-a-bringas-elitizmus-fogalmatol\/#breadcrumb","itemListElement":[{"@type":"ListItem","position":1,"name":"Home","item":"https:\/\/www.welovecycling.com\/hu\/"},{"@type":"ListItem","position":2,"name":"Szabaduljunk meg a bring\u00e1s elitizmus fogalm\u00e1t\u00f3l!"}]},{"@type":"WebSite","@id":"https:\/\/www.welovecycling.com\/hu\/#website","url":"https:\/\/www.welovecycling.com\/hu\/","name":"\u0160koda We Love Cycling - Magyarorsz\u00e1g","description":"\u0160koda WeLoveCycling","potentialAction":[{"@type":"SearchAction","target":{"@type":"EntryPoint","urlTemplate":"https:\/\/www.welovecycling.com\/hu\/?s={search_term_string}"},"query-input":{"@type":"PropertyValueSpecification","valueRequired":true,"valueName":"search_term_string"}}],"inLanguage":"hu"},{"@type":"Person","@id":"https:\/\/www.welovecycling.com\/hu\/#\/schema\/person\/414a2aebf1801691a5320edb6468e194","name":"hegyizs","image":{"@type":"ImageObject","inLanguage":"hu","@id":"https:\/\/www.welovecycling.com\/hu\/#\/schema\/person\/image\/","url":"https:\/\/secure.gravatar.com\/avatar\/02cf8a7906b8cf90cecb4679defac7cfd33a1c2e3b88e4903d947f3bb58eedd3?s=96&d=mm&r=g","contentUrl":"https:\/\/secure.gravatar.com\/avatar\/02cf8a7906b8cf90cecb4679defac7cfd33a1c2e3b88e4903d947f3bb58eedd3?s=96&d=mm&r=g","caption":"hegyizs"},"url":"https:\/\/www.welovecycling.com\/hu\/author\/hegyizs\/"}]}},"_links":{"self":[{"href":"https:\/\/www.welovecycling.com\/hu\/wp-json\/wp\/v2\/posts\/8265","targetHints":{"allow":["GET"]}}],"collection":[{"href":"https:\/\/www.welovecycling.com\/hu\/wp-json\/wp\/v2\/posts"}],"about":[{"href":"https:\/\/www.welovecycling.com\/hu\/wp-json\/wp\/v2\/types\/post"}],"author":[{"embeddable":true,"href":"https:\/\/www.welovecycling.com\/hu\/wp-json\/wp\/v2\/users\/71"}],"replies":[{"embeddable":true,"href":"https:\/\/www.welovecycling.com\/hu\/wp-json\/wp\/v2\/comments?post=8265"}],"version-history":[{"count":2,"href":"https:\/\/www.welovecycling.com\/hu\/wp-json\/wp\/v2\/posts\/8265\/revisions"}],"predecessor-version":[{"id":8286,"href":"https:\/\/www.welovecycling.com\/hu\/wp-json\/wp\/v2\/posts\/8265\/revisions\/8286"}],"wp:featuredmedia":[{"embeddable":true,"href":"https:\/\/www.welovecycling.com\/hu\/wp-json\/wp\/v2\/media\/8268"}],"wp:attachment":[{"href":"https:\/\/www.welovecycling.com\/hu\/wp-json\/wp\/v2\/media?parent=8265"}],"wp:term":[{"taxonomy":"category","embeddable":true,"href":"https:\/\/www.welovecycling.com\/hu\/wp-json\/wp\/v2\/categories?post=8265"},{"taxonomy":"post_tag","embeddable":true,"href":"https:\/\/www.welovecycling.com\/hu\/wp-json\/wp\/v2\/tags?post=8265"},{"taxonomy":"global-categories","embeddable":true,"href":"https:\/\/www.welovecycling.com\/hu\/wp-json\/wp\/v2\/global-categories?post=8265"}],"curies":[{"name":"wp","href":"https:\/\/api.w.org\/{rel}","templated":true}]}}