{"id":8253,"date":"2020-08-14T08:00:51","date_gmt":"2020-08-14T07:00:51","guid":{"rendered":"https:\/\/www.welovecycling.com\/hu\/?p=8253"},"modified":"2020-08-11T13:51:13","modified_gmt":"2020-08-11T12:51:13","slug":"beszelgetes-april-tacey-vel-a-team-drops-nemreg-berobbant-tehetsegevel","status":"publish","type":"post","link":"https:\/\/www.welovecycling.com\/hu\/orszaguti-kerekpar\/beszelgetes-april-tacey-vel-a-team-drops-nemreg-berobbant-tehetsegevel\/","title":{"rendered":"Besz\u00e9lget\u00e9s April Tacey-vel, a Team Drops nemr\u00e9g berobbant tehets\u00e9g\u00e9vel"},"content":{"rendered":"<p><strong>Ahhoz k\u00e9pest, hogy az idei \u00e9vben meglehet\u0151sen meredek belev\u00e1gni a profi bring\u00e1sok \u00e9let\u00e9be, n\u00e9h\u00e1ny \u00fajonc m\u00e9gis letette n\u00e9vjegy\u00e9t a most egyed\u00fclik\u00e9nt el\u00e9rhet\u0151 virtu\u00e1lis sz\u00ednt\u00e9ren. L\u00e1ssunk egy kezd\u0151 tehets\u00e9get: April Tacey-t! A 19 \u00e9ves brit ker\u00e9kp\u00e1ros kiemelked\u0151 teljes\u00edtm\u00e9nyt ny\u00fajtott a Virtu\u00e1lis Tour de France-on, ahol n\u00e9gy dobog\u00f3s helyet szerzett, k\u00e9t szakaszgy\u0151zelmet, valamint neki k\u00f6sz\u00f6nhet\u0151, hogy csapata, a <\/strong><a href=\"https:\/\/www.dropscycling.com\/\"><strong>Drops<\/strong><\/a><strong>, k\u00f6zelebb ker\u00fclt c\u00e9lj\u00e1hoz: a WorldTeambe val\u00f3 bejut\u00e1shoz.<\/strong><\/p>\n<p><!--more--><\/p>\n<p>Rendk\u00edv\u00fcl korai karrierj\u00e9nek legnagyobb gy\u0151zelm\u00e9t k\u00f6vet\u0151en a We Love Cycling arr\u00f3l besz\u00e9lgetett April Tacey-vel, milyen volt s\u00e9r\u00fcl\u00e9ssel ind\u00edtani els\u0151 profi szezonj\u00e1t, majd a vil\u00e1gj\u00e1rv\u00e1ny alatt \u00e9letm\u00f3dot v\u00e1ltani, v\u00e9g\u00fcl megnyerni a <a href=\"https:\/\/www.welovecycling.com\/hu\/orszaguti-kerekpar\/virtualis-tour-de-france-es-noi-kerekparozas\/\">Virtu\u00e1lis Tour de France<\/a> els\u0151 szakasz\u00e1t. Arr\u00f3l is mes\u00e9lt nek\u00fcnk, milyen rem\u00e9nyeket t\u00e1pl\u00e1l a n\u0151i ker\u00e9kp\u00e1roz\u00e1s j\u00f6v\u0151j\u00e9t illet\u0151en, \u00e9s hogy menyire v\u00e1rja m\u00e1r, hogy kipr\u00f3b\u00e1lhassa mag\u00e1t a val\u00f3di versenyen.<\/p>\n<figure id=\"attachment_8257\" aria-describedby=\"caption-attachment-8257\" style=\"width: 953px\" class=\"wp-caption alignnone\"><img loading=\"lazy\" decoding=\"async\" class=\"size-full wp-image-8257\" src=\"https:\/\/d2p6e6u75xmxt8.cloudfront.net\/12\/2020\/08\/87038661_2804723496275968_2414029301209890816_n.jpg\" alt=\"April Tacey\" width=\"953\" height=\"958\" srcset=\"https:\/\/d2p6e6u75xmxt8.cloudfront.net\/12\/2020\/08\/87038661_2804723496275968_2414029301209890816_n.jpg 953w, https:\/\/d2p6e6u75xmxt8.cloudfront.net\/12\/2020\/08\/87038661_2804723496275968_2414029301209890816_n-298x300.jpg 298w, https:\/\/d2p6e6u75xmxt8.cloudfront.net\/12\/2020\/08\/87038661_2804723496275968_2414029301209890816_n-150x150.jpg 150w, https:\/\/d2p6e6u75xmxt8.cloudfront.net\/12\/2020\/08\/87038661_2804723496275968_2414029301209890816_n-768x772.jpg 768w\" sizes=\"auto, (max-width: 953px) 100vw, 953px\" \/><figcaption id=\"caption-attachment-8257\" class=\"wp-caption-text\"><em>April Tacey Drops-trik\u00f3j\u00e1ban \u00a9 April Tacey<\/em><\/figcaption><\/figure>\n<p><strong>Csak \u00fagy z\u00e1poroztak az esem\u00e9nyek az elm\u00falt n\u00e9h\u00e1ny h\u00e9tben! Ugorjunk vissza kicsit az id\u0151ben \u00e9s besz\u00e9lj\u00fcnk arr\u00f3l, hogyan is kezdt\u00e9l el bring\u00e1zni, April!<\/strong><\/p>\n<p><em>A ker\u00e9kp\u00e1roz\u00e1s szinte mindig a v\u00e9remben volt. Bring\u00e1s csal\u00e1dban n\u0151ttem fel, \u00fagyhogy term\u00e9szetes volt, hogy \u00e9n is tekerni fogok. 11 \u00e9ves koromban voltam az els\u0151 cyclocross versenyemen. A l\u00e1ncom f\u00e9lig elpattant, de ez sem t\u00e1ntor\u00edtott el! A k\u00f6vetkez\u0151 \u00e9vben elkezdtem orsz\u00e1g\u00fati ker\u00e9kp\u00e1rozni \u2013 a t\u00f6bbi m\u00e1r t\u00f6rt\u00e9nelem.<\/em><em>\u00a0<\/em><\/p>\n<p><strong>Fiatalon robbant\u00e1l be!<\/strong><\/p>\n<p><em>Igen, szerelem volt ez els\u0151 l\u00e1t\u00e1sra. Im\u00e1dtam nyeregben t\u00f6lteni az id\u0151t. Sz\u00f3rakoztatott, mindig valami \u00fajat pr\u00f3b\u00e1ltam ki, \u00e9s \u00e9rdekes embereket ismertem meg. Teljesen verseny\u0151r\u00fclt vagyok!<\/em><\/p>\n<p><strong>K\u00e9pzelem! Vannak bring\u00e1s p\u00e9ldak\u00e9peid? Kire n\u00e9zel fel, ki \u00f6szt\u00f6n\u00f6z a profik k\u00f6z\u00fcl?<\/strong><\/p>\n<p><em>Mivel k\u00fcl\u00f6nb\u00f6z\u0151 \u00e1gakban indulok \u00e9s a kezdetekt\u0151l fogva mindenes bring\u00e1s akartam lenni, Marianne Vos mindig is egy\u00e9rtelm\u0171 ikon volt sz\u00e1momra. Leny\u0171g\u00f6z\u0151 sportol\u00f3 \u00e9s annyif\u00e9le verseny\u00e1gban diadalmaskodott! Nagyszer\u0171 taktikus, aki mind a hegyimenetben, mind az id\u0151futamokban \u00fcgyes. Leny\u0171g\u00f6z\u0151 \u00e9s komoly karrier \u00e1ll m\u00f6g\u00f6tte, \u00e9s a mai napig menetel el\u0151re. Mindig is hat\u00e1rozottan feln\u00e9ztem r\u00e1.<\/em><\/p>\n<div class=\"embed-controller-wrapper\">\n<blockquote class=\"twitter-tweet\" data-width=\"500\" data-dnt=\"true\">\n<p lang=\"en\" dir=\"ltr\">Last stage of the women\u2019s virtual <a href=\"https:\/\/twitter.com\/LeTour?ref_src=twsrc%5Etfw\">@LeTour<\/a>. What an amazing couple of weeks it\u2019s been with \ud83e\udd47\ud83e\udd47\ud83e\udd48\ud83e\udd49<br \/>If you\u2019d had told me that I\u2019d podium in all the races I wouldn\u2019t have believed you\ud83e\udd2fIt\u2019s been great to have some races on <a href=\"https:\/\/twitter.com\/GoZwift?ref_src=twsrc%5Etfw\">@GoZwift<\/a> but now I\u2019m so looking forward to the road season! <a href=\"https:\/\/t.co\/nUbMGeAxXs\">pic.twitter.com\/nUbMGeAxXs<\/a><\/p>\n<p>&mdash; April Tacey (@april_tacey) <a href=\"https:\/\/twitter.com\/april_tacey\/status\/1284878802150215681?ref_src=twsrc%5Etfw\">July 19, 2020<\/a><\/p><\/blockquote>\n<p><script async data-src=\"https:\/\/platform.twitter.com\/widgets.js\" charset=\"utf-8\"><\/script><\/div>\n<p><strong>Val\u00f3ban hihetetlen, \u00e9s \u0151 is fiatalon kezdte! Milyen \u00e9rz\u00e9s volt a Drops csapat\u00e1hoz igazolni?<\/strong><\/p>\n<p><em>Nagyszer\u0171! K\u00e9sznek \u00e9reztem magam, hogy szintet l\u00e9pjek a ker\u00e9kp\u00e1rversenyz\u00e9sben, \u00e9s alig v\u00e1rtam, hogy kider\u00fclj\u00f6n, mire vagyok k\u00e9pes a nagy viadalokon. Izgalommal t\u00f6lt\u00f6tt el, hogy k\u00e9pzettebb bring\u00e1sokt\u00f3l tanulhatok \u00e9s teljesen \u00faj tapasztalatokat szerezhetek. R\u00e9g\u00f3ta v\u00e1gytam erre, \u00edgy izgatottan v\u00e1gtam neki a szezonnak.<\/em><\/p>\n<p><strong>M\u00e9g \u00fagy is, hogy nem eg\u00e9szen ilyen szezonra sz\u00e1m\u00edtott\u00e1l.<\/strong><\/p>\n<p><em>H\u00e1t egy\u00e1ltal\u00e1n nem! Igaz\u00e1b\u00f3l el\u00e9g kem\u00e9nyen indult. Decemberben egy edz\u0151t\u00e1borban elt\u00f6rtem a t\u00e9rdem, \u00e9s r\u00e1j\u00f6ttem, hogy a szezon nagy r\u00e9sz\u00e9t ki kell hagynom. Persze meg voltam zuhanva. De el kellett magammal fogadtatnom a helyzetet. H\u00e1rom h\u00f3napig egy\u00e1ltal\u00e1n nem \u00fcltem nyeregben, \u00e9s v\u00e9g\u00fcl egy m\u00e1rciusi edz\u0151t\u00e1borban t\u00e9rtem vissza a csapathoz. Nagyon sokan t\u00e1mogattak, a csapatunk \u00e9s a fizioter\u00e1pi\u00e1s szakembereink b\u00e1mulatosan gondoskodtak arr\u00f3l, hogy lassan haladjak, biztons\u00e1gban legyek \u00e9s j\u00f3l \u00e9rezzem magam. \u00cdgy csak m\u00e1rciusban kezdtem el \u00fajra edzeni.<\/em><\/p>\n<p><strong>\u00c9pp a karant\u00e9n el\u0151tt. Micsoda pech! Hogyan kezelted?<\/strong><\/p>\n<p><em>\u0150szint\u00e9n sz\u00f3lva nem volt olyan v\u00e9szes. A csal\u00e1dommal voltam \u00e9s megfontoltan edzettem \u2013 elkezdtem a Zwiftre \u00f6sszpontos\u00edtani. Nagyszer\u0171 volt, hogy voltak motiv\u00e1l\u00f3 c\u00e9ljaim \u00e9s el\u0151ttem \u00e1ll\u00f3 esem\u00e9nyek. A m\u00e1jusi Tour for All-on j\u00f3l szerepeltem \u00e9s ez extra \u00f6nbizalmat ny\u00fajtott ahhoz, hogy m\u00e9g kem\u00e9nyebben eddzek a Virtu\u00e1lis Tour de France-ra.<\/em><\/p>\n<p>https:\/\/www.instagram.com\/p\/CCOb5aoFi0E\/<\/p>\n<p><strong>\u00cdgy van \u2013 m\u00e9g egyszer gratul\u00e1lok! \u00d3ri\u00e1si teljes\u00edtm\u00e9nnyel robbant\u00e1l be. Diadalmaskodni olyan id\u0151futam-vil\u00e1gbajnokok felett, mint Chloe Dygert \u00e9s Chantal Van den Broek-Blaak val\u00f3sz\u00edn\u0171leg \u0151r\u00fcletes lehetett. Milyen \u00e9rz\u00e9s volt?<\/strong><\/p>\n<p><em>El\u0151sz\u00f6r szinte sokkos \u00e1llapotba ker\u00fcltem. Persze nagyszer\u0171 \u00e9lm\u00e9ny volt \u00e9s nagyon izgalmas. Az els\u0151 szakasznak azzal a rem\u00e9nnyel indultam neki, hogy beker\u00fcl\u00f6k a legjobb 10 k\u00f6z\u00e9, sz\u00f3val amikor megnyertem \u2013 h\u00e1t, nehezen hittem el. A testv\u00e9rem seg\u00edtett a helysz\u00ednen, a sportigazgat\u00f3m a f\u00fclhallgat\u00f3mban, a csal\u00e1dom pedig a h\u00e1tt\u00e9rben szurkolt. Mindannyian kiab\u00e1lni kezdt\u00fcnk, el\u00e9gg\u00e9 sz\u00fcrre\u00e1lis volt. Ezut\u00e1n egy finom vacsor\u00e1val \u00fcnnepelt\u00fcnk a csal\u00e1dommal, de m\u00e9g ak\u00f6zben is csak err\u0151l tudtunk besz\u00e9lni. Olyanokat mondtunk, hogy \u201ev\u00e1rj, most tulajdonk\u00e9ppen mi is t\u00f6rt\u00e9nt?!\u201d Az\u00f3ta el\u00e1rasztanak a b\u00e1tor\u00edt\u00f3 \u00fczenetek \u00e9s h\u00edv\u00e1sok. Nagyon gyorsan meg kellett tanulnom alkalmazkodni ahhoz, hogy mennyi embert \u00e9rdeklek.<\/em><\/p>\n<p><strong>Nem lehetett k\u00f6nny\u0171 feldolgozni. De olyan j\u00f3, hogy a csal\u00e1dod veled volt. Ez a virtu\u00e1lis esem\u00e9nyek egyik pozit\u00edv hozad\u00e9ka! Miben m\u00e1s sz\u00e1modra a virtu\u00e1lis verseny?<\/strong><\/p>\n<p><em>Sz\u00e1momra ez is egy k\u00fcl\u00f6n sport\u00e1g. Mindenes bring\u00e1sk\u00e9nt a virtu\u00e1lis versenyben is jeleskedni szeretn\u00e9k. Az embernek sz\u00e1mba kell vennie a sport\u00e1gra jellemz\u0151 k\u00fcl\u00f6nb\u00f6z\u0151 szempontokat \u00e9s azok alapj\u00e1n kell minden erej\u00e9t beleadnia. Virtu\u00e1lisan sz\u00e1momra sokkal k\u00f6nnyebb a gyeng\u00e9bb versenyz\u0151kkel maradni a hegymenetekben \u00e9s letekerni \u0151ket a v\u00e9gs\u0151 sprintben. \u00c9s a virtu\u00e1lis esem\u00e9nyek szervez\u00e9se szempontj\u00e1b\u00f3l nagyszer\u0171 volt l\u00e1tni, hogy a n\u0151k egyenl\u0151 m\u00e9diaszerepl\u00e9shez \u00e9s szakaszokhoz jutottak. Remek lehet\u0151s\u00e9g volt, nagyon b\u00fcszke vagyok a csapatomra \u00e9s arra, amit v\u00e9ghez vitt\u00fcnk.<\/em><\/p>\n<lite-youtube videoid=bjkpy--_H2g params=\"enablejsapi=1\" style=\"background-image: url('https:\/\/i.ytimg.com\/vi_webp\/bjkpy--_H2g\/maxresdefault.webp');\"><\/lite-youtube>\n<p><strong>Ehhez nem f\u00e9r k\u00e9ts\u00e9g. \u00c9rdekes lesz l\u00e1tni, milyen szerepet v\u00edv majd ki a virtu\u00e1lis versenyz\u00e9s. Fiatal, \u00e9pp a karrierj\u00e9t kezd\u0151 bring\u00e1sk\u00e9nt mit gondolsz, milyen l\u00e9nyeges t\u00e9m\u00e1kr\u00f3l kellene besz\u00e9lgetn\u00fcnk a profi n\u0151i ker\u00e9kp\u00e1roz\u00e1s ter\u00fclet\u00e9n?<\/strong><\/p>\n<p><em>H\u00e1t, rem\u00e9lem, hogy az ilyen esem\u00e9nyeken t\u00f6rt\u00e9ntek precedens\u00e9rt\u00e9k\u0171ek lesznek. A n\u0151k mindenre k\u00e9pesek, amire a f\u00e9rfiak is, ez\u00e9rt rem\u00e9lem, hogy egyre t\u00f6bb alkalmunk lesz megmutatni tehets\u00e9g\u00fcnket. A sport \u00edgy egyre csak n\u00f6vekszik, fejl\u0151dik, \u00e9s egyre izgalmasabb\u00e1 v\u00e1lik. M\u00e9g az \u00e9n kezd\u0151d\u0151 karrierem sor\u00e1n is l\u00e1tom, hogyan lesz egyre \u00e9lesebb a k\u00fczdelem. Amikor elkezdtem versenyekre j\u00e1rni, kb. 40 r\u00e9sztvev\u0151 lehetett, \u00e9s csup\u00e1n n\u00e9h\u00e1ny \u00e9v alatt ez a sz\u00e1m megdupl\u00e1z\u00f3dott. Nagyon izgalmas id\u0151ket \u00e9l a n\u0151i ker\u00e9kp\u00e1roz\u00e1s.<\/em><\/p>\n<p><strong>\u00c1lmaid k\u00f6z\u00f6tt szerepel a val\u00f3di n\u0151i Tour de France-on val\u00f3 indul\u00e1s? Melyik val\u00f3di versenyen venn\u00e9l r\u00e9szt a legsz\u00edvesebben?<\/strong><\/p>\n<p><em>\u00dagy n\u0151ttem fel, hogy a Tour de France-t n\u00e9ztem \u00e9s elb\u0171v\u00f6lt, milyen embert pr\u00f3b\u00e1l\u00f3 \u00e9s gy\u00f6ny\u00f6r\u0171 verseny ez. Csod\u00e1latos lenne, ha a n\u0151k is versenyezhetn\u00e9nek a Touron \u00e9s megmutathatn\u00e1k, mire k\u00e9pesek! Ugyanakkor nagyon izgat a Paris-Roubaix. T\u00f6rt\u00e9nelmi pillanat ez, hiszen ez lesz az els\u0151 alkalom, hogy n\u0151k is indulhatnak rajta, \u00e9s ez a verseny nagyon illik a st\u00edlusomhoz.<\/em><\/p>\n<p><strong>K\u00e9ts\u00e9gtelen\u00fcl hihetetlen esem\u00e9ny lesz, \u00e9s alig v\u00e1rjuk, hogy t\u00e9ged is l\u00e1ssunk versenyezni okt\u00f3berben! K\u00f6sz\u00f6n\u00f6m, April Tacey, \u00e9s minden j\u00f3t!<\/strong><\/p>\n","protected":false},"excerpt":{"rendered":"<p>Ahhoz k\u00e9pest, hogy az idei \u00e9vben meglehet\u0151sen meredek belev\u00e1gni a profi bring\u00e1sok \u00e9let\u00e9be, n\u00e9h\u00e1ny \u00fajonc m\u00e9gis letette n\u00e9vjegy\u00e9t a most [&hellip;]<\/p>\n","protected":false},"author":71,"featured_media":8259,"comment_status":"open","ping_status":"open","sticky":false,"template":"","format":"standard","meta":{"footnotes":""},"categories":[8],"tags":[],"global-categories":[],"class_list":["post-8253","post","type-post","status-publish","format-standard","has-post-thumbnail","hentry","category-orszaguti-kerekpar"],"yoast_head":"<!-- This site is optimized with the Yoast SEO Premium plugin v25.3 (Yoast SEO v25.9) - https:\/\/yoast.com\/wordpress\/plugins\/seo\/ -->\n<title>Besz\u00e9lget\u00e9s April Tacey-vel, a Team Drops nemr\u00e9g berobbant tehets\u00e9g\u00e9vel<\/title>\n<meta name=\"description\" content=\"Ahhoz k\u00e9pest, hogy az idei \u00e9vben meglehet\u0151sen meredek belev\u00e1gni a profi bring\u00e1sok \u00e9let\u00e9be, n\u00e9h\u00e1ny \u00fajonc m\u00e9gis letette n\u00e9vjegy\u00e9t a most egyed\u00fclik\u00e9nt el\u00e9rhet\u0151 virtu\u00e1lis sz\u00ednt\u00e9ren.\" \/>\n<meta name=\"robots\" content=\"index, follow, max-snippet:-1, max-image-preview:large, max-video-preview:-1\" \/>\n<link rel=\"canonical\" href=\"https:\/\/www.welovecycling.com\/hu\/orszaguti-kerekpar\/beszelgetes-april-tacey-vel-a-team-drops-nemreg-berobbant-tehetsegevel\/\" \/>\n<meta property=\"og:locale\" content=\"hu_HU\" \/>\n<meta property=\"og:type\" content=\"article\" \/>\n<meta property=\"og:title\" content=\"Besz\u00e9lget\u00e9s April Tacey-vel, a Team Drops nemr\u00e9g berobbant tehets\u00e9g\u00e9vel\" \/>\n<meta property=\"og:description\" content=\"Ahhoz k\u00e9pest, hogy az idei \u00e9vben meglehet\u0151sen meredek belev\u00e1gni a profi bring\u00e1sok \u00e9let\u00e9be, n\u00e9h\u00e1ny \u00fajonc m\u00e9gis letette n\u00e9vjegy\u00e9t a most egyed\u00fclik\u00e9nt el\u00e9rhet\u0151 virtu\u00e1lis sz\u00ednt\u00e9ren.\" \/>\n<meta property=\"og:url\" content=\"https:\/\/www.welovecycling.com\/hu\/orszaguti-kerekpar\/beszelgetes-april-tacey-vel-a-team-drops-nemreg-berobbant-tehetsegevel\/\" \/>\n<meta property=\"og:site_name\" content=\"\u0160koda We Love Cycling - Magyarorsz\u00e1g\" \/>\n<meta property=\"article:publisher\" content=\"https:\/\/www.facebook.com\/WeLoveCyclingHungary\/\" \/>\n<meta property=\"article:published_time\" content=\"2020-08-14T07:00:51+00:00\" \/>\n<meta property=\"og:image\" content=\"https:\/\/d2p6e6u75xmxt8.cloudfront.net\/12\/2020\/08\/April-Tacey-CVR.jpg\" \/>\n\t<meta property=\"og:image:width\" content=\"1366\" \/>\n\t<meta property=\"og:image:height\" content=\"600\" \/>\n\t<meta property=\"og:image:type\" content=\"image\/jpeg\" \/>\n<meta name=\"author\" content=\"hegyizs\" \/>\n<meta name=\"twitter:card\" content=\"summary_large_image\" \/>\n<meta name=\"twitter:label1\" content=\"Written by\" \/>\n\t<meta name=\"twitter:data1\" content=\"Megan Flottorp\" \/>\n\t<meta name=\"twitter:label2\" content=\"Est. reading time\" \/>\n\t<meta name=\"twitter:data2\" content=\"7\" \/>\n<script type=\"application\/ld+json\" class=\"yoast-schema-graph\">{\"@context\":\"https:\/\/schema.org\",\"@graph\":[{\"@type\":\"WebPage\",\"@id\":\"https:\/\/www.welovecycling.com\/hu\/orszaguti-kerekpar\/beszelgetes-april-tacey-vel-a-team-drops-nemreg-berobbant-tehetsegevel\/\",\"url\":\"https:\/\/www.welovecycling.com\/hu\/orszaguti-kerekpar\/beszelgetes-april-tacey-vel-a-team-drops-nemreg-berobbant-tehetsegevel\/\",\"name\":\"Besz\u00e9lget\u00e9s April Tacey-vel, a Team Drops nemr\u00e9g berobbant tehets\u00e9g\u00e9vel\",\"isPartOf\":{\"@id\":\"https:\/\/www.welovecycling.com\/hu\/#website\"},\"primaryImageOfPage\":{\"@id\":\"https:\/\/www.welovecycling.com\/hu\/orszaguti-kerekpar\/beszelgetes-april-tacey-vel-a-team-drops-nemreg-berobbant-tehetsegevel\/#primaryimage\"},\"image\":{\"@id\":\"https:\/\/www.welovecycling.com\/hu\/orszaguti-kerekpar\/beszelgetes-april-tacey-vel-a-team-drops-nemreg-berobbant-tehetsegevel\/#primaryimage\"},\"thumbnailUrl\":\"https:\/\/d2p6e6u75xmxt8.cloudfront.net\/12\/2020\/08\/April-Tacey-CVR.jpg\",\"datePublished\":\"2020-08-14T07:00:51+00:00\",\"author\":{\"@id\":\"https:\/\/www.welovecycling.com\/hu\/#\/schema\/person\/414a2aebf1801691a5320edb6468e194\"},\"description\":\"Ahhoz k\u00e9pest, hogy az idei \u00e9vben meglehet\u0151sen meredek belev\u00e1gni a profi bring\u00e1sok \u00e9let\u00e9be, n\u00e9h\u00e1ny \u00fajonc m\u00e9gis letette n\u00e9vjegy\u00e9t a most egyed\u00fclik\u00e9nt el\u00e9rhet\u0151 virtu\u00e1lis sz\u00ednt\u00e9ren.\",\"breadcrumb\":{\"@id\":\"https:\/\/www.welovecycling.com\/hu\/orszaguti-kerekpar\/beszelgetes-april-tacey-vel-a-team-drops-nemreg-berobbant-tehetsegevel\/#breadcrumb\"},\"inLanguage\":\"hu\",\"potentialAction\":[{\"@type\":\"ReadAction\",\"target\":[\"https:\/\/www.welovecycling.com\/hu\/orszaguti-kerekpar\/beszelgetes-april-tacey-vel-a-team-drops-nemreg-berobbant-tehetsegevel\/\"]}]},{\"@type\":\"ImageObject\",\"inLanguage\":\"hu\",\"@id\":\"https:\/\/www.welovecycling.com\/hu\/orszaguti-kerekpar\/beszelgetes-april-tacey-vel-a-team-drops-nemreg-berobbant-tehetsegevel\/#primaryimage\",\"url\":\"https:\/\/d2p6e6u75xmxt8.cloudfront.net\/12\/2020\/08\/April-Tacey-CVR.jpg\",\"contentUrl\":\"https:\/\/d2p6e6u75xmxt8.cloudfront.net\/12\/2020\/08\/April-Tacey-CVR.jpg\",\"width\":1366,\"height\":600,\"caption\":\"April Tacey\"},{\"@type\":\"BreadcrumbList\",\"@id\":\"https:\/\/www.welovecycling.com\/hu\/orszaguti-kerekpar\/beszelgetes-april-tacey-vel-a-team-drops-nemreg-berobbant-tehetsegevel\/#breadcrumb\",\"itemListElement\":[{\"@type\":\"ListItem\",\"position\":1,\"name\":\"Home\",\"item\":\"https:\/\/www.welovecycling.com\/hu\/\"},{\"@type\":\"ListItem\",\"position\":2,\"name\":\"Besz\u00e9lget\u00e9s April Tacey-vel, a Team Drops nemr\u00e9g berobbant tehets\u00e9g\u00e9vel\"}]},{\"@type\":\"WebSite\",\"@id\":\"https:\/\/www.welovecycling.com\/hu\/#website\",\"url\":\"https:\/\/www.welovecycling.com\/hu\/\",\"name\":\"\u0160koda We Love Cycling - Magyarorsz\u00e1g\",\"description\":\"\u0160koda WeLoveCycling\",\"potentialAction\":[{\"@type\":\"SearchAction\",\"target\":{\"@type\":\"EntryPoint\",\"urlTemplate\":\"https:\/\/www.welovecycling.com\/hu\/?s={search_term_string}\"},\"query-input\":{\"@type\":\"PropertyValueSpecification\",\"valueRequired\":true,\"valueName\":\"search_term_string\"}}],\"inLanguage\":\"hu\"},{\"@type\":\"Person\",\"@id\":\"https:\/\/www.welovecycling.com\/hu\/#\/schema\/person\/414a2aebf1801691a5320edb6468e194\",\"name\":\"hegyizs\",\"image\":{\"@type\":\"ImageObject\",\"inLanguage\":\"hu\",\"@id\":\"https:\/\/www.welovecycling.com\/hu\/#\/schema\/person\/image\/\",\"url\":\"https:\/\/secure.gravatar.com\/avatar\/02cf8a7906b8cf90cecb4679defac7cfd33a1c2e3b88e4903d947f3bb58eedd3?s=96&d=mm&r=g\",\"contentUrl\":\"https:\/\/secure.gravatar.com\/avatar\/02cf8a7906b8cf90cecb4679defac7cfd33a1c2e3b88e4903d947f3bb58eedd3?s=96&d=mm&r=g\",\"caption\":\"hegyizs\"},\"url\":\"https:\/\/www.welovecycling.com\/hu\/author\/hegyizs\/\"}]}<\/script>\n<!-- \/ Yoast SEO Premium plugin. -->","yoast_head_json":{"title":"Besz\u00e9lget\u00e9s April Tacey-vel, a Team Drops nemr\u00e9g berobbant tehets\u00e9g\u00e9vel","description":"Ahhoz k\u00e9pest, hogy az idei \u00e9vben meglehet\u0151sen meredek belev\u00e1gni a profi bring\u00e1sok \u00e9let\u00e9be, n\u00e9h\u00e1ny \u00fajonc m\u00e9gis letette n\u00e9vjegy\u00e9t a most egyed\u00fclik\u00e9nt el\u00e9rhet\u0151 virtu\u00e1lis sz\u00ednt\u00e9ren.","robots":{"index":"index","follow":"follow","max-snippet":"max-snippet:-1","max-image-preview":"max-image-preview:large","max-video-preview":"max-video-preview:-1"},"canonical":"https:\/\/www.welovecycling.com\/hu\/orszaguti-kerekpar\/beszelgetes-april-tacey-vel-a-team-drops-nemreg-berobbant-tehetsegevel\/","og_locale":"hu_HU","og_type":"article","og_title":"Besz\u00e9lget\u00e9s April Tacey-vel, a Team Drops nemr\u00e9g berobbant tehets\u00e9g\u00e9vel","og_description":"Ahhoz k\u00e9pest, hogy az idei \u00e9vben meglehet\u0151sen meredek belev\u00e1gni a profi bring\u00e1sok \u00e9let\u00e9be, n\u00e9h\u00e1ny \u00fajonc m\u00e9gis letette n\u00e9vjegy\u00e9t a most egyed\u00fclik\u00e9nt el\u00e9rhet\u0151 virtu\u00e1lis sz\u00ednt\u00e9ren.","og_url":"https:\/\/www.welovecycling.com\/hu\/orszaguti-kerekpar\/beszelgetes-april-tacey-vel-a-team-drops-nemreg-berobbant-tehetsegevel\/","og_site_name":"\u0160koda We Love Cycling - Magyarorsz\u00e1g","article_publisher":"https:\/\/www.facebook.com\/WeLoveCyclingHungary\/","article_published_time":"2020-08-14T07:00:51+00:00","og_image":[{"width":1366,"height":600,"url":"https:\/\/d2p6e6u75xmxt8.cloudfront.net\/12\/2020\/08\/April-Tacey-CVR.jpg","type":"image\/jpeg"}],"author":"hegyizs","twitter_card":"summary_large_image","twitter_misc":{"Written by":"Megan Flottorp","Est. reading time":"7"},"schema":{"@context":"https:\/\/schema.org","@graph":[{"@type":"WebPage","@id":"https:\/\/www.welovecycling.com\/hu\/orszaguti-kerekpar\/beszelgetes-april-tacey-vel-a-team-drops-nemreg-berobbant-tehetsegevel\/","url":"https:\/\/www.welovecycling.com\/hu\/orszaguti-kerekpar\/beszelgetes-april-tacey-vel-a-team-drops-nemreg-berobbant-tehetsegevel\/","name":"Besz\u00e9lget\u00e9s April Tacey-vel, a Team Drops nemr\u00e9g berobbant tehets\u00e9g\u00e9vel","isPartOf":{"@id":"https:\/\/www.welovecycling.com\/hu\/#website"},"primaryImageOfPage":{"@id":"https:\/\/www.welovecycling.com\/hu\/orszaguti-kerekpar\/beszelgetes-april-tacey-vel-a-team-drops-nemreg-berobbant-tehetsegevel\/#primaryimage"},"image":{"@id":"https:\/\/www.welovecycling.com\/hu\/orszaguti-kerekpar\/beszelgetes-april-tacey-vel-a-team-drops-nemreg-berobbant-tehetsegevel\/#primaryimage"},"thumbnailUrl":"https:\/\/d2p6e6u75xmxt8.cloudfront.net\/12\/2020\/08\/April-Tacey-CVR.jpg","datePublished":"2020-08-14T07:00:51+00:00","author":{"@id":"https:\/\/www.welovecycling.com\/hu\/#\/schema\/person\/414a2aebf1801691a5320edb6468e194"},"description":"Ahhoz k\u00e9pest, hogy az idei \u00e9vben meglehet\u0151sen meredek belev\u00e1gni a profi bring\u00e1sok \u00e9let\u00e9be, n\u00e9h\u00e1ny \u00fajonc m\u00e9gis letette n\u00e9vjegy\u00e9t a most egyed\u00fclik\u00e9nt el\u00e9rhet\u0151 virtu\u00e1lis sz\u00ednt\u00e9ren.","breadcrumb":{"@id":"https:\/\/www.welovecycling.com\/hu\/orszaguti-kerekpar\/beszelgetes-april-tacey-vel-a-team-drops-nemreg-berobbant-tehetsegevel\/#breadcrumb"},"inLanguage":"hu","potentialAction":[{"@type":"ReadAction","target":["https:\/\/www.welovecycling.com\/hu\/orszaguti-kerekpar\/beszelgetes-april-tacey-vel-a-team-drops-nemreg-berobbant-tehetsegevel\/"]}]},{"@type":"ImageObject","inLanguage":"hu","@id":"https:\/\/www.welovecycling.com\/hu\/orszaguti-kerekpar\/beszelgetes-april-tacey-vel-a-team-drops-nemreg-berobbant-tehetsegevel\/#primaryimage","url":"https:\/\/d2p6e6u75xmxt8.cloudfront.net\/12\/2020\/08\/April-Tacey-CVR.jpg","contentUrl":"https:\/\/d2p6e6u75xmxt8.cloudfront.net\/12\/2020\/08\/April-Tacey-CVR.jpg","width":1366,"height":600,"caption":"April Tacey"},{"@type":"BreadcrumbList","@id":"https:\/\/www.welovecycling.com\/hu\/orszaguti-kerekpar\/beszelgetes-april-tacey-vel-a-team-drops-nemreg-berobbant-tehetsegevel\/#breadcrumb","itemListElement":[{"@type":"ListItem","position":1,"name":"Home","item":"https:\/\/www.welovecycling.com\/hu\/"},{"@type":"ListItem","position":2,"name":"Besz\u00e9lget\u00e9s April Tacey-vel, a Team Drops nemr\u00e9g berobbant tehets\u00e9g\u00e9vel"}]},{"@type":"WebSite","@id":"https:\/\/www.welovecycling.com\/hu\/#website","url":"https:\/\/www.welovecycling.com\/hu\/","name":"\u0160koda We Love Cycling - Magyarorsz\u00e1g","description":"\u0160koda WeLoveCycling","potentialAction":[{"@type":"SearchAction","target":{"@type":"EntryPoint","urlTemplate":"https:\/\/www.welovecycling.com\/hu\/?s={search_term_string}"},"query-input":{"@type":"PropertyValueSpecification","valueRequired":true,"valueName":"search_term_string"}}],"inLanguage":"hu"},{"@type":"Person","@id":"https:\/\/www.welovecycling.com\/hu\/#\/schema\/person\/414a2aebf1801691a5320edb6468e194","name":"hegyizs","image":{"@type":"ImageObject","inLanguage":"hu","@id":"https:\/\/www.welovecycling.com\/hu\/#\/schema\/person\/image\/","url":"https:\/\/secure.gravatar.com\/avatar\/02cf8a7906b8cf90cecb4679defac7cfd33a1c2e3b88e4903d947f3bb58eedd3?s=96&d=mm&r=g","contentUrl":"https:\/\/secure.gravatar.com\/avatar\/02cf8a7906b8cf90cecb4679defac7cfd33a1c2e3b88e4903d947f3bb58eedd3?s=96&d=mm&r=g","caption":"hegyizs"},"url":"https:\/\/www.welovecycling.com\/hu\/author\/hegyizs\/"}]}},"_links":{"self":[{"href":"https:\/\/www.welovecycling.com\/hu\/wp-json\/wp\/v2\/posts\/8253","targetHints":{"allow":["GET"]}}],"collection":[{"href":"https:\/\/www.welovecycling.com\/hu\/wp-json\/wp\/v2\/posts"}],"about":[{"href":"https:\/\/www.welovecycling.com\/hu\/wp-json\/wp\/v2\/types\/post"}],"author":[{"embeddable":true,"href":"https:\/\/www.welovecycling.com\/hu\/wp-json\/wp\/v2\/users\/71"}],"replies":[{"embeddable":true,"href":"https:\/\/www.welovecycling.com\/hu\/wp-json\/wp\/v2\/comments?post=8253"}],"version-history":[{"count":2,"href":"https:\/\/www.welovecycling.com\/hu\/wp-json\/wp\/v2\/posts\/8253\/revisions"}],"predecessor-version":[{"id":8288,"href":"https:\/\/www.welovecycling.com\/hu\/wp-json\/wp\/v2\/posts\/8253\/revisions\/8288"}],"wp:featuredmedia":[{"embeddable":true,"href":"https:\/\/www.welovecycling.com\/hu\/wp-json\/wp\/v2\/media\/8259"}],"wp:attachment":[{"href":"https:\/\/www.welovecycling.com\/hu\/wp-json\/wp\/v2\/media?parent=8253"}],"wp:term":[{"taxonomy":"category","embeddable":true,"href":"https:\/\/www.welovecycling.com\/hu\/wp-json\/wp\/v2\/categories?post=8253"},{"taxonomy":"post_tag","embeddable":true,"href":"https:\/\/www.welovecycling.com\/hu\/wp-json\/wp\/v2\/tags?post=8253"},{"taxonomy":"global-categories","embeddable":true,"href":"https:\/\/www.welovecycling.com\/hu\/wp-json\/wp\/v2\/global-categories?post=8253"}],"curies":[{"name":"wp","href":"https:\/\/api.w.org\/{rel}","templated":true}]}}