{"id":8244,"date":"2020-08-16T08:00:56","date_gmt":"2020-08-16T07:00:56","guid":{"rendered":"https:\/\/www.welovecycling.com\/hu\/?p=8244"},"modified":"2020-08-11T13:52:26","modified_gmt":"2020-08-11T12:52:26","slug":"mi-tortenik-ha-ket-idegen-az-univerzumra-bizza-magat","status":"publish","type":"post","link":"https:\/\/www.welovecycling.com\/hu\/blog\/mi-tortenik-ha-ket-idegen-az-univerzumra-bizza-magat\/","title":{"rendered":"Mi t\u00f6rt\u00e9nik, ha k\u00e9t idegen az univerzumra b\u00edzza mag\u00e1t?"},"content":{"rendered":"<p><strong>Leo nyugat fel\u00e9 tekert 309 napon \u00e1t. Noel keletnek indult, 176 nappal t\u00f6rt\u00e9net\u00fcnk el\u0151tt. Az, hogy a semmi k\u00f6zep\u00e9n tal\u00e1lkoztak, matekfeladatnak j\u00f3. A val\u00f3s\u00e1gban kisebb csoda.<\/strong><!--more--><\/p>\n<p>Egyszer volt, hol nem volt, volt egyszer k\u00e9t ember, akik Kazahszt\u00e1n sivatag\u00e1ban v\u00e1ndoroltak. Az \u00f3ce\u00e1n k\u00e9t partj\u00e1n sz\u00fclettek, sosem tal\u00e1lkoztak, azonban volt benn\u00fck valami k\u00f6z\u00f6s: mind a ketten biciklin \u00fcltek a sivatagban megszokott tev\u00e9k helyett, \u00e9s lassan k\u00f6zeledtek egy ponthoz, ahol meglepet\u00e9s \u00e9ri majd \u0151ket. Napr\u00f3l napra, \u00f3r\u00e1r\u00f3l \u00f3r\u00e1ra k\u00fczdik \u00e1t magukat a v\u00e9gtelennek t\u0171n\u0151 sivatagon. M\u00f6g\u00f6tt\u00fck t\u00f6bb ezer kilom\u00e9ter. El\u0151tt\u00fck m\u00e9g t\u00f6bb.<\/p>\n<p><img loading=\"lazy\" decoding=\"async\" class=\"aligncenter size-full wp-image-8246\" src=\"https:\/\/d2p6e6u75xmxt8.cloudfront.net\/12\/2020\/08\/2009-08-09-noel-road-web-1584452895.jpg\" alt=\"\" width=\"980\" height=\"735\" srcset=\"https:\/\/d2p6e6u75xmxt8.cloudfront.net\/12\/2020\/08\/2009-08-09-noel-road-web-1584452895.jpg 980w, https:\/\/d2p6e6u75xmxt8.cloudfront.net\/12\/2020\/08\/2009-08-09-noel-road-web-1584452895-300x225.jpg 300w, https:\/\/d2p6e6u75xmxt8.cloudfront.net\/12\/2020\/08\/2009-08-09-noel-road-web-1584452895-768x576.jpg 768w\" sizes=\"auto, (max-width: 980px) 100vw, 980px\" \/><\/p>\n<p>Az egyik kelet, a m\u00e1sik nyugat fel\u00e9 haladt. A 27 \u00e9ves amerikai 180 cm magas, 90 kil\u00f3, \u00e9s egy utaz\u00f3 borzas szak\u00e1ll\u00e1n \u00e1t mosolyog, napok \u00f3ta nem l\u00e1tott zuhanyt. A 170 cm magas, 64 kil\u00f3s brit 26 \u00e9ves, k\u00e9k band\u00e1zzsal \u00e9s egy kiss\u00e9 s\u00f6t\u00e9tebb szak\u00e1llal.<\/p>\n<figure id=\"attachment_8247\" aria-describedby=\"caption-attachment-8247\" style=\"width: 980px\" class=\"wp-caption aligncenter\"><img loading=\"lazy\" decoding=\"async\" class=\"size-full wp-image-8247\" src=\"https:\/\/d2p6e6u75xmxt8.cloudfront.net\/12\/2020\/08\/2009-08-09-leon-chaikana-meeting-1584453029.jpeg\" alt=\"\" width=\"980\" height=\"493\" srcset=\"https:\/\/d2p6e6u75xmxt8.cloudfront.net\/12\/2020\/08\/2009-08-09-leon-chaikana-meeting-1584453029.jpeg 980w, https:\/\/d2p6e6u75xmxt8.cloudfront.net\/12\/2020\/08\/2009-08-09-leon-chaikana-meeting-1584453029-300x151.jpeg 300w, https:\/\/d2p6e6u75xmxt8.cloudfront.net\/12\/2020\/08\/2009-08-09-leon-chaikana-meeting-1584453029-768x386.jpeg 768w\" sizes=\"auto, (max-width: 980px) 100vw, 980px\" \/><figcaption id=\"caption-attachment-8247\" class=\"wp-caption-text\">A teah\u00e1z, ahol Noel \u00e9s Leon tal\u00e1lkoztak.<\/figcaption><\/figure>\n<p>Te meg mi az \u00f6rd\u00f6g\u00f6t csin\u00e1lsz itt? \u2013 k\u00e9rdi az amerikai.<br \/>\n<em>Te <\/em>mit csin\u00e1lsz itt? \u2013 k\u00e9rdi az angol.<\/p>\n<p>Napok \u00f3ta most el\u0151sz\u00f6r sz\u00f3laltak meg az anyanyelv\u00fck\u00f6n. Ezer \u00e9ve nem l\u00e1ttak magukhoz hasonl\u00f3 bring\u00e1st!<\/p>\n<figure id=\"attachment_8248\" aria-describedby=\"caption-attachment-8248\" style=\"width: 980px\" class=\"wp-caption aligncenter\"><img loading=\"lazy\" decoding=\"async\" class=\"size-full wp-image-8248\" src=\"https:\/\/d2p6e6u75xmxt8.cloudfront.net\/12\/2020\/08\/2009-08-09-noel-web-1584453551.jpg\" alt=\"\" width=\"980\" height=\"976\" srcset=\"https:\/\/d2p6e6u75xmxt8.cloudfront.net\/12\/2020\/08\/2009-08-09-noel-web-1584453551.jpg 980w, https:\/\/d2p6e6u75xmxt8.cloudfront.net\/12\/2020\/08\/2009-08-09-noel-web-1584453551-300x300.jpg 300w, https:\/\/d2p6e6u75xmxt8.cloudfront.net\/12\/2020\/08\/2009-08-09-noel-web-1584453551-150x150.jpg 150w, https:\/\/d2p6e6u75xmxt8.cloudfront.net\/12\/2020\/08\/2009-08-09-noel-web-1584453551-768x765.jpg 768w\" sizes=\"auto, (max-width: 980px) 100vw, 980px\" \/><figcaption id=\"caption-attachment-8248\" class=\"wp-caption-text\">Noel<\/figcaption><\/figure>\n<figure id=\"attachment_8249\" aria-describedby=\"caption-attachment-8249\" style=\"width: 980px\" class=\"wp-caption aligncenter\"><img loading=\"lazy\" decoding=\"async\" class=\"size-full wp-image-8249\" src=\"https:\/\/d2p6e6u75xmxt8.cloudfront.net\/12\/2020\/08\/2009-08-09-leon-chaikhana-1584453590.jpeg\" alt=\"\" width=\"980\" height=\"976\" srcset=\"https:\/\/d2p6e6u75xmxt8.cloudfront.net\/12\/2020\/08\/2009-08-09-leon-chaikhana-1584453590.jpeg 980w, https:\/\/d2p6e6u75xmxt8.cloudfront.net\/12\/2020\/08\/2009-08-09-leon-chaikhana-1584453590-300x300.jpeg 300w, https:\/\/d2p6e6u75xmxt8.cloudfront.net\/12\/2020\/08\/2009-08-09-leon-chaikhana-1584453590-150x150.jpeg 150w, https:\/\/d2p6e6u75xmxt8.cloudfront.net\/12\/2020\/08\/2009-08-09-leon-chaikhana-1584453590-768x765.jpeg 768w\" sizes=\"auto, (max-width: 980px) 100vw, 980px\" \/><figcaption id=\"caption-attachment-8249\" class=\"wp-caption-text\">Leon<\/figcaption><\/figure>\n<p>Leon Whiteley 309 napon \u00e9s 11 337 m\u00e9rf\u00f6ld\u00f6n \u00e1t tartott nyugatra. Utaz\u00e1sa Gumi-ban kezd\u0151d\u00f6tt, egy d\u00e9l-koreai v\u00e1rosban, ahol egy \u00e9vet t\u00f6lt\u00f6tt angol nyelv tan\u00edt\u00e1s\u00e1val. Amikor a hivatali ideje lej\u00e1rt, a legmer\u00e9szebb, legs\u00f6t\u00e9tebb sz\u00e1razf\u00f6ldi \u00fatra indult, amit csak el tudott k\u00e9pzelni: elindult, hogy biciklivel menjen haza, Angli\u00e1ba &#8211; egyed\u00fcl. Az utaz\u00e1s nem a tervek szerint haladt, de Leon nem adta fel. Az volt az \u00e1lma, hogy a t\u00e9rk\u00e9p egyik v\u00e9g\u00e9b\u0151l a m\u00e1sikig tekerjen.<\/p>\n<p>Noel 176 nappal a Leonnal val\u00f3 tal\u00e1lkoz\u00e1s el\u0151tt sz\u00e1llt le Portug\u00e1li\u00e1ban, hogy nekiv\u00e1gjon a v\u00e9gtelen \u00fatnak Eur\u00e1zsi\u00e1n \u00e1t. Saj\u00e1t kontinense m\u00e1r t\u00fal k\u00f6nny\u0171nek \u00e9s szel\u00eddnek t\u0171nt. Fogott egy f\u00f6ldg\u00f6mb\u00f6t, \u00e9s megkereste a leghosszabb utat. Amit tal\u00e1lt, 19 orsz\u00e1got \u00f6lel fel. A vil\u00e1g egyik oldal\u00e1r\u00f3l a m\u00e1sikra.<\/p>\n<p><img loading=\"lazy\" decoding=\"async\" class=\"aligncenter size-large wp-image-8250\" src=\"https:\/\/d2p6e6u75xmxt8.cloudfront.net\/12\/2020\/08\/leon-noel-map-finkko-1584539448-880x1024.png\" alt=\"\" width=\"880\" height=\"1024\" srcset=\"https:\/\/d2p6e6u75xmxt8.cloudfront.net\/12\/2020\/08\/leon-noel-map-finkko-1584539448-880x1024.png 880w, https:\/\/d2p6e6u75xmxt8.cloudfront.net\/12\/2020\/08\/leon-noel-map-finkko-1584539448-258x300.png 258w, https:\/\/d2p6e6u75xmxt8.cloudfront.net\/12\/2020\/08\/leon-noel-map-finkko-1584539448-768x893.png 768w, https:\/\/d2p6e6u75xmxt8.cloudfront.net\/12\/2020\/08\/leon-noel-map-finkko-1584539448.png 980w\" sizes=\"auto, (max-width: 880px) 100vw, 880px\" \/><\/p>\n<p>Mindketten hatalmas utat tettek meg, tele neh\u00e9zs\u00e9gekkel. Idegenekkel vacsor\u00e1ztak \u00e9s t\u0151l\u00fck k\u00e9rtek sz\u00e1ll\u00e1st, szomjaztak \u00e9s izzadtak. \u00c9s egy\u00e1ltal\u00e1n nem sz\u00e1m\u00edtottak egym\u00e1sra. M\u00e9gis tal\u00e1lkoztak: mintha csak valaki meg\u00edrta volna a t\u00f6rt\u00e9net\u00fcket. Noel seg\u00edtett megjav\u00edtani Leon bring\u00e1j\u00e1t. Egy\u00fctt megvacsor\u00e1ztak, elmes\u00e9lt\u00e9k kalandjaikat, nevettek azon, hogy a nev\u00fck egym\u00e1s inverze, majd elk\u00f6sz\u00f6ntek, \u00e9s soha nem tal\u00e1lkoztak t\u00f6bb\u00e9.<\/p>\n<p><em>Forr\u00e1s: <\/em><a href=\"https:\/\/www.bicycling.com\/rides\/a31245986\/two-strangers-meet-bike-ride-journey\/\"><em>bicycling.com<\/em><\/a><\/p>\n","protected":false},"excerpt":{"rendered":"<p>Leo nyugat fel\u00e9 tekert 309 napon \u00e1t. Noel keletnek indult, 176 nappal t\u00f6rt\u00e9net\u00fcnk el\u0151tt. Az, hogy a semmi k\u00f6zep\u00e9n tal\u00e1lkoztak, [&hellip;]<\/p>\n","protected":false},"author":71,"featured_media":8245,"comment_status":"closed","ping_status":"open","sticky":false,"template":"","format":"standard","meta":{"footnotes":""},"categories":[13],"tags":[],"global-categories":[],"class_list":["post-8244","post","type-post","status-publish","format-standard","has-post-thumbnail","hentry","category-blog"],"yoast_head":"<!-- This site is optimized with the Yoast SEO Premium plugin v25.3 (Yoast SEO v25.9) - https:\/\/yoast.com\/wordpress\/plugins\/seo\/ -->\n<title>Mi t\u00f6rt\u00e9nik, ha k\u00e9t idegen az univerzumra b\u00edzza mag\u00e1t? - \u0160koda We Love Cycling - Magyarorsz\u00e1g<\/title>\n<meta name=\"robots\" content=\"index, follow, max-snippet:-1, max-image-preview:large, max-video-preview:-1\" \/>\n<link rel=\"canonical\" href=\"https:\/\/www.welovecycling.com\/hu\/blog\/mi-tortenik-ha-ket-idegen-az-univerzumra-bizza-magat\/\" \/>\n<meta property=\"og:locale\" content=\"hu_HU\" \/>\n<meta property=\"og:type\" content=\"article\" \/>\n<meta property=\"og:title\" content=\"Mi t\u00f6rt\u00e9nik, ha k\u00e9t idegen az univerzumra b\u00edzza mag\u00e1t?\" \/>\n<meta property=\"og:description\" content=\"Leo nyugat fel\u00e9 tekert 309 napon \u00e1t. Noel keletnek indult, 176 nappal t\u00f6rt\u00e9net\u00fcnk el\u0151tt. Az, hogy a semmi k\u00f6zep\u00e9n tal\u00e1lkoztak, [&hellip;]\" \/>\n<meta property=\"og:url\" content=\"https:\/\/www.welovecycling.com\/hu\/blog\/mi-tortenik-ha-ket-idegen-az-univerzumra-bizza-magat\/\" \/>\n<meta property=\"og:site_name\" content=\"\u0160koda We Love Cycling - Magyarorsz\u00e1g\" \/>\n<meta property=\"article:publisher\" content=\"https:\/\/www.facebook.com\/WeLoveCyclingHungary\/\" \/>\n<meta property=\"article:published_time\" content=\"2020-08-16T07:00:56+00:00\" \/>\n<meta property=\"og:image\" content=\"https:\/\/d2p6e6u75xmxt8.cloudfront.net\/12\/2020\/08\/img-1283-web-1584468626.jpg\" \/>\n\t<meta property=\"og:image:width\" content=\"1600\" \/>\n\t<meta property=\"og:image:height\" content=\"898\" \/>\n\t<meta property=\"og:image:type\" content=\"image\/jpeg\" \/>\n<meta name=\"author\" content=\"hegyizs\" \/>\n<meta name=\"twitter:card\" content=\"summary_large_image\" \/>\n<meta name=\"twitter:label1\" content=\"Written by\" \/>\n\t<meta name=\"twitter:data1\" content=\"WLC\" \/>\n\t<meta name=\"twitter:label2\" content=\"Est. reading time\" \/>\n\t<meta name=\"twitter:data2\" content=\"3 minutes\" \/>\n<script type=\"application\/ld+json\" class=\"yoast-schema-graph\">{\"@context\":\"https:\/\/schema.org\",\"@graph\":[{\"@type\":\"WebPage\",\"@id\":\"https:\/\/www.welovecycling.com\/hu\/blog\/mi-tortenik-ha-ket-idegen-az-univerzumra-bizza-magat\/\",\"url\":\"https:\/\/www.welovecycling.com\/hu\/blog\/mi-tortenik-ha-ket-idegen-az-univerzumra-bizza-magat\/\",\"name\":\"Mi t\u00f6rt\u00e9nik, ha k\u00e9t idegen az univerzumra b\u00edzza mag\u00e1t? - \u0160koda We Love Cycling - Magyarorsz\u00e1g\",\"isPartOf\":{\"@id\":\"https:\/\/www.welovecycling.com\/hu\/#website\"},\"primaryImageOfPage\":{\"@id\":\"https:\/\/www.welovecycling.com\/hu\/blog\/mi-tortenik-ha-ket-idegen-az-univerzumra-bizza-magat\/#primaryimage\"},\"image\":{\"@id\":\"https:\/\/www.welovecycling.com\/hu\/blog\/mi-tortenik-ha-ket-idegen-az-univerzumra-bizza-magat\/#primaryimage\"},\"thumbnailUrl\":\"https:\/\/d2p6e6u75xmxt8.cloudfront.net\/12\/2020\/08\/img-1283-web-1584468626.jpg\",\"datePublished\":\"2020-08-16T07:00:56+00:00\",\"author\":{\"@id\":\"https:\/\/www.welovecycling.com\/hu\/#\/schema\/person\/414a2aebf1801691a5320edb6468e194\"},\"breadcrumb\":{\"@id\":\"https:\/\/www.welovecycling.com\/hu\/blog\/mi-tortenik-ha-ket-idegen-az-univerzumra-bizza-magat\/#breadcrumb\"},\"inLanguage\":\"hu\",\"potentialAction\":[{\"@type\":\"ReadAction\",\"target\":[\"https:\/\/www.welovecycling.com\/hu\/blog\/mi-tortenik-ha-ket-idegen-az-univerzumra-bizza-magat\/\"]}]},{\"@type\":\"ImageObject\",\"inLanguage\":\"hu\",\"@id\":\"https:\/\/www.welovecycling.com\/hu\/blog\/mi-tortenik-ha-ket-idegen-az-univerzumra-bizza-magat\/#primaryimage\",\"url\":\"https:\/\/d2p6e6u75xmxt8.cloudfront.net\/12\/2020\/08\/img-1283-web-1584468626.jpg\",\"contentUrl\":\"https:\/\/d2p6e6u75xmxt8.cloudfront.net\/12\/2020\/08\/img-1283-web-1584468626.jpg\",\"width\":1600,\"height\":898},{\"@type\":\"BreadcrumbList\",\"@id\":\"https:\/\/www.welovecycling.com\/hu\/blog\/mi-tortenik-ha-ket-idegen-az-univerzumra-bizza-magat\/#breadcrumb\",\"itemListElement\":[{\"@type\":\"ListItem\",\"position\":1,\"name\":\"Home\",\"item\":\"https:\/\/www.welovecycling.com\/hu\/\"},{\"@type\":\"ListItem\",\"position\":2,\"name\":\"Mi t\u00f6rt\u00e9nik, ha k\u00e9t idegen az univerzumra b\u00edzza mag\u00e1t?\"}]},{\"@type\":\"WebSite\",\"@id\":\"https:\/\/www.welovecycling.com\/hu\/#website\",\"url\":\"https:\/\/www.welovecycling.com\/hu\/\",\"name\":\"\u0160koda We Love Cycling - Magyarorsz\u00e1g\",\"description\":\"\u0160koda WeLoveCycling\",\"potentialAction\":[{\"@type\":\"SearchAction\",\"target\":{\"@type\":\"EntryPoint\",\"urlTemplate\":\"https:\/\/www.welovecycling.com\/hu\/?s={search_term_string}\"},\"query-input\":{\"@type\":\"PropertyValueSpecification\",\"valueRequired\":true,\"valueName\":\"search_term_string\"}}],\"inLanguage\":\"hu\"},{\"@type\":\"Person\",\"@id\":\"https:\/\/www.welovecycling.com\/hu\/#\/schema\/person\/414a2aebf1801691a5320edb6468e194\",\"name\":\"hegyizs\",\"image\":{\"@type\":\"ImageObject\",\"inLanguage\":\"hu\",\"@id\":\"https:\/\/www.welovecycling.com\/hu\/#\/schema\/person\/image\/\",\"url\":\"https:\/\/secure.gravatar.com\/avatar\/02cf8a7906b8cf90cecb4679defac7cfd33a1c2e3b88e4903d947f3bb58eedd3?s=96&d=mm&r=g\",\"contentUrl\":\"https:\/\/secure.gravatar.com\/avatar\/02cf8a7906b8cf90cecb4679defac7cfd33a1c2e3b88e4903d947f3bb58eedd3?s=96&d=mm&r=g\",\"caption\":\"hegyizs\"},\"url\":\"https:\/\/www.welovecycling.com\/hu\/author\/hegyizs\/\"}]}<\/script>\n<!-- \/ Yoast SEO Premium plugin. -->","yoast_head_json":{"title":"Mi t\u00f6rt\u00e9nik, ha k\u00e9t idegen az univerzumra b\u00edzza mag\u00e1t? - \u0160koda We Love Cycling - Magyarorsz\u00e1g","robots":{"index":"index","follow":"follow","max-snippet":"max-snippet:-1","max-image-preview":"max-image-preview:large","max-video-preview":"max-video-preview:-1"},"canonical":"https:\/\/www.welovecycling.com\/hu\/blog\/mi-tortenik-ha-ket-idegen-az-univerzumra-bizza-magat\/","og_locale":"hu_HU","og_type":"article","og_title":"Mi t\u00f6rt\u00e9nik, ha k\u00e9t idegen az univerzumra b\u00edzza mag\u00e1t?","og_description":"Leo nyugat fel\u00e9 tekert 309 napon \u00e1t. Noel keletnek indult, 176 nappal t\u00f6rt\u00e9net\u00fcnk el\u0151tt. Az, hogy a semmi k\u00f6zep\u00e9n tal\u00e1lkoztak, [&hellip;]","og_url":"https:\/\/www.welovecycling.com\/hu\/blog\/mi-tortenik-ha-ket-idegen-az-univerzumra-bizza-magat\/","og_site_name":"\u0160koda We Love Cycling - Magyarorsz\u00e1g","article_publisher":"https:\/\/www.facebook.com\/WeLoveCyclingHungary\/","article_published_time":"2020-08-16T07:00:56+00:00","og_image":[{"width":1600,"height":898,"url":"https:\/\/d2p6e6u75xmxt8.cloudfront.net\/12\/2020\/08\/img-1283-web-1584468626.jpg","type":"image\/jpeg"}],"author":"hegyizs","twitter_card":"summary_large_image","twitter_misc":{"Written by":"WLC","Est. reading time":"3 minutes"},"schema":{"@context":"https:\/\/schema.org","@graph":[{"@type":"WebPage","@id":"https:\/\/www.welovecycling.com\/hu\/blog\/mi-tortenik-ha-ket-idegen-az-univerzumra-bizza-magat\/","url":"https:\/\/www.welovecycling.com\/hu\/blog\/mi-tortenik-ha-ket-idegen-az-univerzumra-bizza-magat\/","name":"Mi t\u00f6rt\u00e9nik, ha k\u00e9t idegen az univerzumra b\u00edzza mag\u00e1t? - \u0160koda We Love Cycling - Magyarorsz\u00e1g","isPartOf":{"@id":"https:\/\/www.welovecycling.com\/hu\/#website"},"primaryImageOfPage":{"@id":"https:\/\/www.welovecycling.com\/hu\/blog\/mi-tortenik-ha-ket-idegen-az-univerzumra-bizza-magat\/#primaryimage"},"image":{"@id":"https:\/\/www.welovecycling.com\/hu\/blog\/mi-tortenik-ha-ket-idegen-az-univerzumra-bizza-magat\/#primaryimage"},"thumbnailUrl":"https:\/\/d2p6e6u75xmxt8.cloudfront.net\/12\/2020\/08\/img-1283-web-1584468626.jpg","datePublished":"2020-08-16T07:00:56+00:00","author":{"@id":"https:\/\/www.welovecycling.com\/hu\/#\/schema\/person\/414a2aebf1801691a5320edb6468e194"},"breadcrumb":{"@id":"https:\/\/www.welovecycling.com\/hu\/blog\/mi-tortenik-ha-ket-idegen-az-univerzumra-bizza-magat\/#breadcrumb"},"inLanguage":"hu","potentialAction":[{"@type":"ReadAction","target":["https:\/\/www.welovecycling.com\/hu\/blog\/mi-tortenik-ha-ket-idegen-az-univerzumra-bizza-magat\/"]}]},{"@type":"ImageObject","inLanguage":"hu","@id":"https:\/\/www.welovecycling.com\/hu\/blog\/mi-tortenik-ha-ket-idegen-az-univerzumra-bizza-magat\/#primaryimage","url":"https:\/\/d2p6e6u75xmxt8.cloudfront.net\/12\/2020\/08\/img-1283-web-1584468626.jpg","contentUrl":"https:\/\/d2p6e6u75xmxt8.cloudfront.net\/12\/2020\/08\/img-1283-web-1584468626.jpg","width":1600,"height":898},{"@type":"BreadcrumbList","@id":"https:\/\/www.welovecycling.com\/hu\/blog\/mi-tortenik-ha-ket-idegen-az-univerzumra-bizza-magat\/#breadcrumb","itemListElement":[{"@type":"ListItem","position":1,"name":"Home","item":"https:\/\/www.welovecycling.com\/hu\/"},{"@type":"ListItem","position":2,"name":"Mi t\u00f6rt\u00e9nik, ha k\u00e9t idegen az univerzumra b\u00edzza mag\u00e1t?"}]},{"@type":"WebSite","@id":"https:\/\/www.welovecycling.com\/hu\/#website","url":"https:\/\/www.welovecycling.com\/hu\/","name":"\u0160koda We Love Cycling - Magyarorsz\u00e1g","description":"\u0160koda WeLoveCycling","potentialAction":[{"@type":"SearchAction","target":{"@type":"EntryPoint","urlTemplate":"https:\/\/www.welovecycling.com\/hu\/?s={search_term_string}"},"query-input":{"@type":"PropertyValueSpecification","valueRequired":true,"valueName":"search_term_string"}}],"inLanguage":"hu"},{"@type":"Person","@id":"https:\/\/www.welovecycling.com\/hu\/#\/schema\/person\/414a2aebf1801691a5320edb6468e194","name":"hegyizs","image":{"@type":"ImageObject","inLanguage":"hu","@id":"https:\/\/www.welovecycling.com\/hu\/#\/schema\/person\/image\/","url":"https:\/\/secure.gravatar.com\/avatar\/02cf8a7906b8cf90cecb4679defac7cfd33a1c2e3b88e4903d947f3bb58eedd3?s=96&d=mm&r=g","contentUrl":"https:\/\/secure.gravatar.com\/avatar\/02cf8a7906b8cf90cecb4679defac7cfd33a1c2e3b88e4903d947f3bb58eedd3?s=96&d=mm&r=g","caption":"hegyizs"},"url":"https:\/\/www.welovecycling.com\/hu\/author\/hegyizs\/"}]}},"_links":{"self":[{"href":"https:\/\/www.welovecycling.com\/hu\/wp-json\/wp\/v2\/posts\/8244","targetHints":{"allow":["GET"]}}],"collection":[{"href":"https:\/\/www.welovecycling.com\/hu\/wp-json\/wp\/v2\/posts"}],"about":[{"href":"https:\/\/www.welovecycling.com\/hu\/wp-json\/wp\/v2\/types\/post"}],"author":[{"embeddable":true,"href":"https:\/\/www.welovecycling.com\/hu\/wp-json\/wp\/v2\/users\/71"}],"replies":[{"embeddable":true,"href":"https:\/\/www.welovecycling.com\/hu\/wp-json\/wp\/v2\/comments?post=8244"}],"version-history":[{"count":2,"href":"https:\/\/www.welovecycling.com\/hu\/wp-json\/wp\/v2\/posts\/8244\/revisions"}],"predecessor-version":[{"id":8252,"href":"https:\/\/www.welovecycling.com\/hu\/wp-json\/wp\/v2\/posts\/8244\/revisions\/8252"}],"wp:featuredmedia":[{"embeddable":true,"href":"https:\/\/www.welovecycling.com\/hu\/wp-json\/wp\/v2\/media\/8245"}],"wp:attachment":[{"href":"https:\/\/www.welovecycling.com\/hu\/wp-json\/wp\/v2\/media?parent=8244"}],"wp:term":[{"taxonomy":"category","embeddable":true,"href":"https:\/\/www.welovecycling.com\/hu\/wp-json\/wp\/v2\/categories?post=8244"},{"taxonomy":"post_tag","embeddable":true,"href":"https:\/\/www.welovecycling.com\/hu\/wp-json\/wp\/v2\/tags?post=8244"},{"taxonomy":"global-categories","embeddable":true,"href":"https:\/\/www.welovecycling.com\/hu\/wp-json\/wp\/v2\/global-categories?post=8244"}],"curies":[{"name":"wp","href":"https:\/\/api.w.org\/{rel}","templated":true}]}}