{"id":8236,"date":"2020-08-06T08:00:32","date_gmt":"2020-08-06T07:00:32","guid":{"rendered":"https:\/\/www.welovecycling.com\/hu\/?p=8236"},"modified":"2020-08-04T10:19:50","modified_gmt":"2020-08-04T09:19:50","slug":"a-halogatas-tudomanyos-hattere-es-ellenszere","status":"publish","type":"post","link":"https:\/\/www.welovecycling.com\/hu\/blog\/a-halogatas-tudomanyos-hattere-es-ellenszere\/","title":{"rendered":"A halogat\u00e1s tudom\u00e1nyos h\u00e1ttere, \u00e9s ellenszere"},"content":{"rendered":"<p><strong>Id\u0151pontot foglalni az orvosn\u00e1l, belev\u00e1gni egy \u00faj edz\u00e9stervbe, megcsin\u00e1lni a h\u00e1zimunk\u00e1t \u2013 egy \u00faj kutat\u00e1s megvizsg\u00e1lta, mi\u00e9rt halogatjuk teend\u0151inket.<\/strong><!--more--><\/p>\n<p>Tudod, hogy meg kell csin\u00e1lnod az intervallum edz\u00e9sed, ha el akarod \u00e9rni a kit\u0171z\u00f6tt c\u00e9ljaidat, vagy, hogy le kell adnod egy projektet m\u00e9g p\u00e9ntek el\u0151tt, esetleg be kell jelentkezned v\u00e9gre a fogorvoshoz. \u00c9s m\u00e9gsem teszed meg. A halogat\u00e1s emberi dolog \u2013 ez\u00e9rt tartanak nyitva a bankok \u00e9s ad\u00f3irod\u00e1k \u00e9jf\u00e9lig a befizet\u00e9si hat\u00e1rid\u0151k napj\u00e1n \u2013 de mi\u00e9rt h\u00fazzuk a k\u00f6nny\u0171 dolgok megt\u00e9tel\u00e9t is a v\u00e9gtelens\u00e9gig? Egy friss kutat\u00e1s szerint, mely a <em>Journal of Consumer Psychology<\/em> foly\u00f3iratban jelent meg, a v\u00e1lasz az izgalom, a f\u00e9lelem \u00e9s a v\u00e1rakoz\u00e1s furcsa elegy\u00e9ben keresend\u0151.<\/p>\n<figure id=\"attachment_8238\" aria-describedby=\"caption-attachment-8238\" style=\"width: 960px\" class=\"wp-caption aligncenter\"><img loading=\"lazy\" decoding=\"async\" class=\"size-full wp-image-8238\" src=\"https:\/\/d2p6e6u75xmxt8.cloudfront.net\/12\/2020\/07\/calendar-2618814_960_720.jpg\" alt=\"\" width=\"960\" height=\"585\" \/><figcaption id=\"caption-attachment-8238\" class=\"wp-caption-text\">\u201eEzt \u00e1t\u00edrom holnapra, ezt meg j\u00f6v\u0151h\u00e9tre\u2026\u201d Fot\u00f3: pixabay.com<\/figcaption><\/figure>\n<p>A k\u00eds\u00e9rlet sor\u00e1n a kutat\u00f3k 171 r\u00e9sztvev\u0151t k\u00e9rtek arra, hogy fogyasszanak olyan zsel\u00e9s cukork\u00e1kat, melyeknek igen v\u00e1ltozatos \u00edze lehet: a finom narancsos \u00e9s g\u00f6r\u00f6gdinnye mellett undor\u00edt\u00f3 s\u00e1r, \u00e9s z\u00e1ptoj\u00e1s \u00edz\u0171t is kaphattak. Az emberek izgatottak voltak \u00e9s t\u00fcrelmetlenek, ha a finoms\u00e1gokr\u00f3l volt sz\u00f3, \u00e9s nem csak, hogy f\u00e9ltek a sz\u00f6rny\u0171ekt\u0151l, de az elfogyaszt\u00e1suk el\u0151tti v\u00e1rakoz\u00e1st\u00f3l is kiborultak.<\/p>\n<p><em>\u201eNem meglep\u0151, hogy a j\u00f3 dolgokat v\u00e1rjuk \u00e9s siettetj\u00fck, a rosszakat pedig igyeksz\u00fcnk k\u00e9sleltetni. A j\u00f3 \u00e9s rossz feladatok befoly\u00e1solj\u00e1k a viselked\u00e9s\u00fcnket\u201d<\/em> \u2013 magyar\u00e1zta David Hardisty, a kutat\u00e1s egyik szerz\u0151je. <em>\u201eHa p\u00e9ld\u00e1ul megk\u00e9rdezz\u00fck az embereket, hogy most akarnak 50 doll\u00e1rt kapni, vagy egy h\u00f3nap m\u00falva, mindenki az el\u0151bbit v\u00e1lasztja. De ha nekik kell fizetni\u00fck, akkor ink\u00e1bb k\u00e9s\u0151bb szeretn\u00e9k ezt megtenni. Ennek r\u00e9szben az az oka, hogy a rossz dolgokra nem szeret\u00fcnk gondolni sem, ha pedig nem gondolunk r\u00e1, akkor bizony nem is fogjuk megtenni \u0151ket a k\u00f6zelj\u00f6v\u0151ben. A j\u00f3 dolgokkal viszont szeret\u00fcnk foglalkozni!\u201d<\/em><\/p>\n<p>Hogy hogyan szak\u00edthatjuk meg ezt az \u00f6rd\u00f6gi k\u00f6rt? Hardisty szerint minden a gondolkod\u00e1sm\u00f3dunkon m\u00falik. <em>\u201eHa pozit\u00edv dologk\u00e9nt gondolsz egy edz\u00e9sre, akkor min\u00e9l hamarabb el akarod majd v\u00e9gezni, t\u00fcrelmetlen leszel \u00e9s v\u00e1gy\u00f3dni fogsz ut\u00e1na. Ha neh\u00e9zs\u00e9gk\u00e9nt \u00e9led meg, el fogod halasztani, ameddig csak teheted.\u201d<\/em><\/p>\n<p>M\u00e1s szavakkal: ha negat\u00edvk\u00e9nt l\u00e1tod a feladataidat, akkor vagy megcsin\u00e1lod \u0151ket, vagy nem\u2026 De ha \u00fagy gondolsz r\u00e1juk, mint izgalmas kih\u00edv\u00e1sokra, biztosan elv\u00e9gzed \u0151ket!<\/p>\n<p>A gondolkod\u00e1sm\u00f3d megv\u00e1ltoztat\u00e1sa teh\u00e1t seg\u00edthet: ahelyett, hogy arra gondolsz, <em>\u201emeg kell tenned\u201d<\/em> valamit, fogalmazz \u00fagy, hogy \u201e<em>meg fogod tenni.\u201d<\/em> Az agy reag\u00e1l az ilyen kis finoms\u00e1gokra. A v\u00e1rakoz\u00e1s \u00e9rz\u00e9s\u00e9nek ilyen fejleszt\u00e9se arra k\u00e9sztet, hogy szeresd azt, amit csin\u00e1lsz. Ok\u00e9, tal\u00e1n, ha az ad\u00f3befizet\u00e9sr\u0151l van sz\u00f3, nem fog seg\u00edteni. De a sportban bizony nagy lend\u00fcletet ad!<\/p>\n<p><em>Forr\u00e1s: <\/em><a href=\"https:\/\/www.bicycling.com\/news\/a33336767\/why-do-we-procrastinate-study\/\"><em>bicycling.com<\/em><\/a><\/p>\n","protected":false},"excerpt":{"rendered":"<p>Id\u0151pontot foglalni az orvosn\u00e1l, belev\u00e1gni egy \u00faj edz\u00e9stervbe, megcsin\u00e1lni a h\u00e1zimunk\u00e1t \u2013 egy \u00faj kutat\u00e1s megvizsg\u00e1lta, mi\u00e9rt halogatjuk teend\u0151inket.<\/p>\n","protected":false},"author":71,"featured_media":8237,"comment_status":"open","ping_status":"open","sticky":false,"template":"","format":"standard","meta":{"footnotes":""},"categories":[13],"tags":[],"global-categories":[],"class_list":["post-8236","post","type-post","status-publish","format-standard","has-post-thumbnail","hentry","category-blog"],"yoast_head":"<!-- This site is optimized with the Yoast SEO Premium plugin v25.3 (Yoast SEO v25.9) - https:\/\/yoast.com\/wordpress\/plugins\/seo\/ -->\n<title>A halogat\u00e1s tudom\u00e1nyos h\u00e1ttere, \u00e9s ellenszere - \u0160koda We Love Cycling - Magyarorsz\u00e1g<\/title>\n<meta name=\"description\" content=\"Id\u0151pontot foglalni az orvosn\u00e1l, belev\u00e1gni egy \u00faj edz\u00e9stervbe, megcsin\u00e1lni a h\u00e1zimunk\u00e1t \u2013 egy \u00faj kutat\u00e1s megvizsg\u00e1lta, mi\u00e9rt halogatjuk teend\u0151inket.\" \/>\n<meta name=\"robots\" content=\"index, follow, max-snippet:-1, max-image-preview:large, max-video-preview:-1\" \/>\n<link rel=\"canonical\" href=\"https:\/\/www.welovecycling.com\/hu\/blog\/a-halogatas-tudomanyos-hattere-es-ellenszere\/\" \/>\n<meta property=\"og:locale\" content=\"hu_HU\" \/>\n<meta property=\"og:type\" content=\"article\" \/>\n<meta property=\"og:title\" content=\"A halogat\u00e1s tudom\u00e1nyos h\u00e1ttere, \u00e9s ellenszere\" \/>\n<meta property=\"og:description\" content=\"Id\u0151pontot foglalni az orvosn\u00e1l, belev\u00e1gni egy \u00faj edz\u00e9stervbe, megcsin\u00e1lni a h\u00e1zimunk\u00e1t \u2013 egy \u00faj kutat\u00e1s megvizsg\u00e1lta, mi\u00e9rt halogatjuk teend\u0151inket.\" \/>\n<meta property=\"og:url\" content=\"https:\/\/www.welovecycling.com\/hu\/blog\/a-halogatas-tudomanyos-hattere-es-ellenszere\/\" \/>\n<meta property=\"og:site_name\" content=\"\u0160koda We Love Cycling - Magyarorsz\u00e1g\" \/>\n<meta property=\"article:publisher\" content=\"https:\/\/www.facebook.com\/WeLoveCyclingHungary\/\" \/>\n<meta property=\"article:published_time\" content=\"2020-08-06T07:00:32+00:00\" \/>\n<meta property=\"og:image\" content=\"https:\/\/d2p6e6u75xmxt8.cloudfront.net\/12\/2020\/07\/hammock-960320_960_720.jpg\" \/>\n\t<meta property=\"og:image:width\" content=\"960\" \/>\n\t<meta property=\"og:image:height\" content=\"640\" \/>\n\t<meta property=\"og:image:type\" content=\"image\/jpeg\" \/>\n<meta name=\"author\" content=\"hegyizs\" \/>\n<meta name=\"twitter:card\" content=\"summary_large_image\" \/>\n<meta name=\"twitter:label1\" content=\"Written by\" \/>\n\t<meta name=\"twitter:data1\" content=\"WLC\" \/>\n\t<meta name=\"twitter:label2\" content=\"Est. reading time\" \/>\n\t<meta name=\"twitter:data2\" content=\"3 minutes\" \/>\n<script type=\"application\/ld+json\" class=\"yoast-schema-graph\">{\"@context\":\"https:\/\/schema.org\",\"@graph\":[{\"@type\":\"WebPage\",\"@id\":\"https:\/\/www.welovecycling.com\/hu\/blog\/a-halogatas-tudomanyos-hattere-es-ellenszere\/\",\"url\":\"https:\/\/www.welovecycling.com\/hu\/blog\/a-halogatas-tudomanyos-hattere-es-ellenszere\/\",\"name\":\"A halogat\u00e1s tudom\u00e1nyos h\u00e1ttere, \u00e9s ellenszere - \u0160koda We Love Cycling - Magyarorsz\u00e1g\",\"isPartOf\":{\"@id\":\"https:\/\/www.welovecycling.com\/hu\/#website\"},\"primaryImageOfPage\":{\"@id\":\"https:\/\/www.welovecycling.com\/hu\/blog\/a-halogatas-tudomanyos-hattere-es-ellenszere\/#primaryimage\"},\"image\":{\"@id\":\"https:\/\/www.welovecycling.com\/hu\/blog\/a-halogatas-tudomanyos-hattere-es-ellenszere\/#primaryimage\"},\"thumbnailUrl\":\"https:\/\/d2p6e6u75xmxt8.cloudfront.net\/12\/2020\/07\/hammock-960320_960_720.jpg\",\"datePublished\":\"2020-08-06T07:00:32+00:00\",\"author\":{\"@id\":\"https:\/\/www.welovecycling.com\/hu\/#\/schema\/person\/414a2aebf1801691a5320edb6468e194\"},\"description\":\"Id\u0151pontot foglalni az orvosn\u00e1l, belev\u00e1gni egy \u00faj edz\u00e9stervbe, megcsin\u00e1lni a h\u00e1zimunk\u00e1t \u2013 egy \u00faj kutat\u00e1s megvizsg\u00e1lta, mi\u00e9rt halogatjuk teend\u0151inket.\",\"breadcrumb\":{\"@id\":\"https:\/\/www.welovecycling.com\/hu\/blog\/a-halogatas-tudomanyos-hattere-es-ellenszere\/#breadcrumb\"},\"inLanguage\":\"hu\",\"potentialAction\":[{\"@type\":\"ReadAction\",\"target\":[\"https:\/\/www.welovecycling.com\/hu\/blog\/a-halogatas-tudomanyos-hattere-es-ellenszere\/\"]}]},{\"@type\":\"ImageObject\",\"inLanguage\":\"hu\",\"@id\":\"https:\/\/www.welovecycling.com\/hu\/blog\/a-halogatas-tudomanyos-hattere-es-ellenszere\/#primaryimage\",\"url\":\"https:\/\/d2p6e6u75xmxt8.cloudfront.net\/12\/2020\/07\/hammock-960320_960_720.jpg\",\"contentUrl\":\"https:\/\/d2p6e6u75xmxt8.cloudfront.net\/12\/2020\/07\/hammock-960320_960_720.jpg\",\"width\":960,\"height\":640},{\"@type\":\"BreadcrumbList\",\"@id\":\"https:\/\/www.welovecycling.com\/hu\/blog\/a-halogatas-tudomanyos-hattere-es-ellenszere\/#breadcrumb\",\"itemListElement\":[{\"@type\":\"ListItem\",\"position\":1,\"name\":\"Home\",\"item\":\"https:\/\/www.welovecycling.com\/hu\/\"},{\"@type\":\"ListItem\",\"position\":2,\"name\":\"A halogat\u00e1s tudom\u00e1nyos h\u00e1ttere, \u00e9s ellenszere\"}]},{\"@type\":\"WebSite\",\"@id\":\"https:\/\/www.welovecycling.com\/hu\/#website\",\"url\":\"https:\/\/www.welovecycling.com\/hu\/\",\"name\":\"\u0160koda We Love Cycling - Magyarorsz\u00e1g\",\"description\":\"\u0160koda WeLoveCycling\",\"potentialAction\":[{\"@type\":\"SearchAction\",\"target\":{\"@type\":\"EntryPoint\",\"urlTemplate\":\"https:\/\/www.welovecycling.com\/hu\/?s={search_term_string}\"},\"query-input\":{\"@type\":\"PropertyValueSpecification\",\"valueRequired\":true,\"valueName\":\"search_term_string\"}}],\"inLanguage\":\"hu\"},{\"@type\":\"Person\",\"@id\":\"https:\/\/www.welovecycling.com\/hu\/#\/schema\/person\/414a2aebf1801691a5320edb6468e194\",\"name\":\"hegyizs\",\"image\":{\"@type\":\"ImageObject\",\"inLanguage\":\"hu\",\"@id\":\"https:\/\/www.welovecycling.com\/hu\/#\/schema\/person\/image\/\",\"url\":\"https:\/\/secure.gravatar.com\/avatar\/02cf8a7906b8cf90cecb4679defac7cfd33a1c2e3b88e4903d947f3bb58eedd3?s=96&d=mm&r=g\",\"contentUrl\":\"https:\/\/secure.gravatar.com\/avatar\/02cf8a7906b8cf90cecb4679defac7cfd33a1c2e3b88e4903d947f3bb58eedd3?s=96&d=mm&r=g\",\"caption\":\"hegyizs\"},\"url\":\"https:\/\/www.welovecycling.com\/hu\/author\/hegyizs\/\"}]}<\/script>\n<!-- \/ Yoast SEO Premium plugin. -->","yoast_head_json":{"title":"A halogat\u00e1s tudom\u00e1nyos h\u00e1ttere, \u00e9s ellenszere - \u0160koda We Love Cycling - Magyarorsz\u00e1g","description":"Id\u0151pontot foglalni az orvosn\u00e1l, belev\u00e1gni egy \u00faj edz\u00e9stervbe, megcsin\u00e1lni a h\u00e1zimunk\u00e1t \u2013 egy \u00faj kutat\u00e1s megvizsg\u00e1lta, mi\u00e9rt halogatjuk teend\u0151inket.","robots":{"index":"index","follow":"follow","max-snippet":"max-snippet:-1","max-image-preview":"max-image-preview:large","max-video-preview":"max-video-preview:-1"},"canonical":"https:\/\/www.welovecycling.com\/hu\/blog\/a-halogatas-tudomanyos-hattere-es-ellenszere\/","og_locale":"hu_HU","og_type":"article","og_title":"A halogat\u00e1s tudom\u00e1nyos h\u00e1ttere, \u00e9s ellenszere","og_description":"Id\u0151pontot foglalni az orvosn\u00e1l, belev\u00e1gni egy \u00faj edz\u00e9stervbe, megcsin\u00e1lni a h\u00e1zimunk\u00e1t \u2013 egy \u00faj kutat\u00e1s megvizsg\u00e1lta, mi\u00e9rt halogatjuk teend\u0151inket.","og_url":"https:\/\/www.welovecycling.com\/hu\/blog\/a-halogatas-tudomanyos-hattere-es-ellenszere\/","og_site_name":"\u0160koda We Love Cycling - Magyarorsz\u00e1g","article_publisher":"https:\/\/www.facebook.com\/WeLoveCyclingHungary\/","article_published_time":"2020-08-06T07:00:32+00:00","og_image":[{"width":960,"height":640,"url":"https:\/\/d2p6e6u75xmxt8.cloudfront.net\/12\/2020\/07\/hammock-960320_960_720.jpg","type":"image\/jpeg"}],"author":"hegyizs","twitter_card":"summary_large_image","twitter_misc":{"Written by":"WLC","Est. reading time":"3 minutes"},"schema":{"@context":"https:\/\/schema.org","@graph":[{"@type":"WebPage","@id":"https:\/\/www.welovecycling.com\/hu\/blog\/a-halogatas-tudomanyos-hattere-es-ellenszere\/","url":"https:\/\/www.welovecycling.com\/hu\/blog\/a-halogatas-tudomanyos-hattere-es-ellenszere\/","name":"A halogat\u00e1s tudom\u00e1nyos h\u00e1ttere, \u00e9s ellenszere - \u0160koda We Love Cycling - Magyarorsz\u00e1g","isPartOf":{"@id":"https:\/\/www.welovecycling.com\/hu\/#website"},"primaryImageOfPage":{"@id":"https:\/\/www.welovecycling.com\/hu\/blog\/a-halogatas-tudomanyos-hattere-es-ellenszere\/#primaryimage"},"image":{"@id":"https:\/\/www.welovecycling.com\/hu\/blog\/a-halogatas-tudomanyos-hattere-es-ellenszere\/#primaryimage"},"thumbnailUrl":"https:\/\/d2p6e6u75xmxt8.cloudfront.net\/12\/2020\/07\/hammock-960320_960_720.jpg","datePublished":"2020-08-06T07:00:32+00:00","author":{"@id":"https:\/\/www.welovecycling.com\/hu\/#\/schema\/person\/414a2aebf1801691a5320edb6468e194"},"description":"Id\u0151pontot foglalni az orvosn\u00e1l, belev\u00e1gni egy \u00faj edz\u00e9stervbe, megcsin\u00e1lni a h\u00e1zimunk\u00e1t \u2013 egy \u00faj kutat\u00e1s megvizsg\u00e1lta, mi\u00e9rt halogatjuk teend\u0151inket.","breadcrumb":{"@id":"https:\/\/www.welovecycling.com\/hu\/blog\/a-halogatas-tudomanyos-hattere-es-ellenszere\/#breadcrumb"},"inLanguage":"hu","potentialAction":[{"@type":"ReadAction","target":["https:\/\/www.welovecycling.com\/hu\/blog\/a-halogatas-tudomanyos-hattere-es-ellenszere\/"]}]},{"@type":"ImageObject","inLanguage":"hu","@id":"https:\/\/www.welovecycling.com\/hu\/blog\/a-halogatas-tudomanyos-hattere-es-ellenszere\/#primaryimage","url":"https:\/\/d2p6e6u75xmxt8.cloudfront.net\/12\/2020\/07\/hammock-960320_960_720.jpg","contentUrl":"https:\/\/d2p6e6u75xmxt8.cloudfront.net\/12\/2020\/07\/hammock-960320_960_720.jpg","width":960,"height":640},{"@type":"BreadcrumbList","@id":"https:\/\/www.welovecycling.com\/hu\/blog\/a-halogatas-tudomanyos-hattere-es-ellenszere\/#breadcrumb","itemListElement":[{"@type":"ListItem","position":1,"name":"Home","item":"https:\/\/www.welovecycling.com\/hu\/"},{"@type":"ListItem","position":2,"name":"A halogat\u00e1s tudom\u00e1nyos h\u00e1ttere, \u00e9s ellenszere"}]},{"@type":"WebSite","@id":"https:\/\/www.welovecycling.com\/hu\/#website","url":"https:\/\/www.welovecycling.com\/hu\/","name":"\u0160koda We Love Cycling - Magyarorsz\u00e1g","description":"\u0160koda WeLoveCycling","potentialAction":[{"@type":"SearchAction","target":{"@type":"EntryPoint","urlTemplate":"https:\/\/www.welovecycling.com\/hu\/?s={search_term_string}"},"query-input":{"@type":"PropertyValueSpecification","valueRequired":true,"valueName":"search_term_string"}}],"inLanguage":"hu"},{"@type":"Person","@id":"https:\/\/www.welovecycling.com\/hu\/#\/schema\/person\/414a2aebf1801691a5320edb6468e194","name":"hegyizs","image":{"@type":"ImageObject","inLanguage":"hu","@id":"https:\/\/www.welovecycling.com\/hu\/#\/schema\/person\/image\/","url":"https:\/\/secure.gravatar.com\/avatar\/02cf8a7906b8cf90cecb4679defac7cfd33a1c2e3b88e4903d947f3bb58eedd3?s=96&d=mm&r=g","contentUrl":"https:\/\/secure.gravatar.com\/avatar\/02cf8a7906b8cf90cecb4679defac7cfd33a1c2e3b88e4903d947f3bb58eedd3?s=96&d=mm&r=g","caption":"hegyizs"},"url":"https:\/\/www.welovecycling.com\/hu\/author\/hegyizs\/"}]}},"_links":{"self":[{"href":"https:\/\/www.welovecycling.com\/hu\/wp-json\/wp\/v2\/posts\/8236","targetHints":{"allow":["GET"]}}],"collection":[{"href":"https:\/\/www.welovecycling.com\/hu\/wp-json\/wp\/v2\/posts"}],"about":[{"href":"https:\/\/www.welovecycling.com\/hu\/wp-json\/wp\/v2\/types\/post"}],"author":[{"embeddable":true,"href":"https:\/\/www.welovecycling.com\/hu\/wp-json\/wp\/v2\/users\/71"}],"replies":[{"embeddable":true,"href":"https:\/\/www.welovecycling.com\/hu\/wp-json\/wp\/v2\/comments?post=8236"}],"version-history":[{"count":1,"href":"https:\/\/www.welovecycling.com\/hu\/wp-json\/wp\/v2\/posts\/8236\/revisions"}],"predecessor-version":[{"id":8239,"href":"https:\/\/www.welovecycling.com\/hu\/wp-json\/wp\/v2\/posts\/8236\/revisions\/8239"}],"wp:featuredmedia":[{"embeddable":true,"href":"https:\/\/www.welovecycling.com\/hu\/wp-json\/wp\/v2\/media\/8237"}],"wp:attachment":[{"href":"https:\/\/www.welovecycling.com\/hu\/wp-json\/wp\/v2\/media?parent=8236"}],"wp:term":[{"taxonomy":"category","embeddable":true,"href":"https:\/\/www.welovecycling.com\/hu\/wp-json\/wp\/v2\/categories?post=8236"},{"taxonomy":"post_tag","embeddable":true,"href":"https:\/\/www.welovecycling.com\/hu\/wp-json\/wp\/v2\/tags?post=8236"},{"taxonomy":"global-categories","embeddable":true,"href":"https:\/\/www.welovecycling.com\/hu\/wp-json\/wp\/v2\/global-categories?post=8236"}],"curies":[{"name":"wp","href":"https:\/\/api.w.org\/{rel}","templated":true}]}}