{"id":8217,"date":"2020-08-08T08:00:50","date_gmt":"2020-08-08T07:00:50","guid":{"rendered":"https:\/\/www.welovecycling.com\/hu\/?p=8217"},"modified":"2020-08-04T10:21:01","modified_gmt":"2020-08-04T09:21:01","slug":"mi-a-jobb-10-000-lepes-vagy-egy-ora-tekeres","status":"publish","type":"post","link":"https:\/\/www.welovecycling.com\/hu\/edzes-es-eletmod\/mi-a-jobb-10-000-lepes-vagy-egy-ora-tekeres\/","title":{"rendered":"Mi a jobb: 10.000 l\u00e9p\u00e9s vagy egy \u00f3ra teker\u00e9s?"},"content":{"rendered":"<p><strong>Te is hallottad m\u00e1r a tan\u00e1csot, hogy tegy\u00e9l meg napi 10.000 l\u00e9p\u00e9st, hogy eg\u00e9szs\u00e9ges maradj? J\u00f3l hangzik, de mi van, ha ink\u00e1bb biciklizn\u00e9l? Melyik a hat\u00e1sosabb m\u00f3dszer? N\u00e9zz\u00fck meg k\u00f6zelebbr\u0151l!<\/strong><!--more--><\/p>\n<h2><strong>A s\u00e9t\u00e1l\u00e1s t\u00f6bb ideig tart<\/strong><\/h2>\n<p>10.000 l\u00e9p\u00e9s megt\u00e9tele egy \u00e1tlagos embert 8 km-re visz el. Az \u00e1tlagos s\u00e9t\u00e1l\u00e1si sebess\u00e9g 5 km\/\u00f3ra, teh\u00e1t nagyj\u00e1b\u00f3l 1 \u00f3r\u00e1ba \u00e9s 36 percbe telik, hogy gyalog megtedd a t\u00e1vot.<\/p>\n<h2><strong>Biciklin t\u00f6bb kal\u00f3ria \u00e9g<\/strong><\/h2>\n<p>Az \u00e1tlagos 5 km\/\u00f3r\u00e1s sebess\u00e9g\u0171 gyalogl\u00e1s k\u00f6zben az ember \u00f3r\u00e1nk\u00e9nt k\u00f6r\u00fclbel\u00fcl 232 kcal-t \u00e9get el. Teh\u00e1t a teljes 8 km-es t\u00e1vols\u00e1g, vagyis a 10.000 l\u00e9p\u00e9s megt\u00e9tele alatt \u00f6sszesen k\u00f6r\u00fclbel\u00fcl 371 kcal-t haszn\u00e1lunk fel. M\u00e9rs\u00e9kelt, 20 km\/\u00f3r\u00e1s sebess\u00e9ggel t\u00f6rt\u00e9n\u0151 ker\u00e9kp\u00e1roz\u00e1s sor\u00e1n \u00f3r\u00e1nk\u00e9nt kb. 563 kcal-t \u00e9get\u00fcnk. A k\u00fcl\u00f6nbs\u00e9g m\u00e9g nagyobb, ha n\u00f6velj\u00fck az intenzit\u00e1st.<\/p>\n<h2><strong>A ker\u00e9kp\u00e1roz\u00e1s seg\u00edt megel\u0151zni az elh\u00edz\u00e1st<\/strong><\/h2>\n<p>Londoni kutat\u00f3k k\u00fcl\u00f6nf\u00e9le ing\u00e1z\u00e1si m\u00f3dszerek \u00e9s az elh\u00edz\u00e1s kock\u00e1zat\u00e1nak kapcsolat\u00e1t vizsg\u00e1lt\u00e1k. A 150 000 r\u00e9sztvev\u0151 adatai r\u00e1mutattak, hogy a gyalogl\u00e1s \u00e9s a ker\u00e9kp\u00e1roz\u00e1s is jobb eredm\u00e9nyeket mutatott, mint az aut\u00f3 vagy a t\u00f6megk\u00f6zleked\u00e9si eszk\u00f6z\u00f6k haszn\u00e1lata. A s\u00e9ta jelent\u0151sen cs\u00f6kkentette a BMI-t \u00e9s a testzs\u00edrt, de kisebb m\u00e9rt\u00e9kben, mint a ker\u00e9kp\u00e1roz\u00e1s. \u00c1tlagosan egy biciklivel dolgozni j\u00e1r\u00f3 5 kg-mal k\u00f6nnyebb, mint aki aut\u00f3val k\u00f6zlekedik.<\/p>\n<h2><strong>A s\u00e9t\u00e1l\u00e1shoz nem kell felszerel\u00e9s<\/strong><\/h2>\n<p>Ezek a sz\u00e1mok azonban nem sokat jelentenek, ha nem v\u00e9gzed el a gyakorlatokat, a s\u00e9t\u00e1t pedig egyszer\u0171bb elv\u00e9gezni. B\u00e1rki s\u00e9t\u00e1lhat szinte b\u00e1rmilyen k\u00f6r\u00fclm\u00e9nyek k\u00f6z\u00f6tt. A ker\u00e9kp\u00e1roz\u00e1shoz ker\u00e9kp\u00e1rra van sz\u00fcks\u00e9g, ide\u00e1lis esetben j\u00f3l karbantartott ker\u00e9kp\u00e1rra, emellett sisakra \u00e9s megfelel\u0151 utakra.<\/p>\n<figure id=\"attachment_8218\" aria-describedby=\"caption-attachment-8218\" style=\"width: 1000px\" class=\"wp-caption alignnone\"><a href=\"https:\/\/d2p6e6u75xmxt8.cloudfront.net\/12\/2020\/07\/Fat-Lad-At-the-Back-6.jpg\"><img loading=\"lazy\" decoding=\"async\" class=\"size-full wp-image-8218\" src=\"https:\/\/d2p6e6u75xmxt8.cloudfront.net\/12\/2020\/07\/Fat-Lad-At-the-Back-6.jpg\" alt=\"\" width=\"1000\" height=\"720\" \/><\/a><figcaption id=\"caption-attachment-8218\" class=\"wp-caption-text\">\u00a9Simon Wilkinson<\/figcaption><\/figure>\n<h2><strong>Jobb a bicikliz\u00e9s?<\/strong><\/h2>\n<p>Ha szereted, akkor igen! A ker\u00e9kp\u00e1roz\u00e1s id\u0151takar\u00e9kosabb, t\u00f6bb kal\u00f3ri\u00e1t \u00e9get el, \u00e9s el\u0151seg\u00edti a j\u00f3 testalkatot. A ker\u00e9kp\u00e1r birtokl\u00e1s\u00e1nak \u00e9s karbantart\u00e1s\u00e1nak \u201eh\u00e1tr\u00e1nya\u201d val\u00f3sz\u00edn\u0171leg olyan, amit egy bring\u00e1s kifejezetten \u00e9lvez. De ha a ker\u00e9kp\u00e1roz\u00e1s nem illik hozz\u00e1d, akkor a gyalogl\u00e1s is t\u00f6k\u00e9letes \u2013 b\u00e1rmi j\u00f3, csak ne a fenekeden \u00fclj!<\/p>\n","protected":false},"excerpt":{"rendered":"<p>Te is hallottad m\u00e1r a tan\u00e1csot, hogy tegy\u00e9l meg napi 10.000 l\u00e9p\u00e9st, hogy eg\u00e9szs\u00e9ges maradj? J\u00f3l hangzik, de mi van, [&hellip;]<\/p>\n","protected":false},"author":71,"featured_media":8220,"comment_status":"open","ping_status":"open","sticky":false,"template":"","format":"standard","meta":{"footnotes":""},"categories":[6],"tags":[],"global-categories":[],"class_list":["post-8217","post","type-post","status-publish","format-standard","has-post-thumbnail","hentry","category-edzes-es-eletmod"],"yoast_head":"<!-- This site is optimized with the Yoast SEO Premium plugin v25.3 (Yoast SEO v25.9) - https:\/\/yoast.com\/wordpress\/plugins\/seo\/ -->\n<title>Mi a jobb: 10.000 l\u00e9p\u00e9s vagy egy \u00f3ra teker\u00e9s? - \u0160koda We Love Cycling - Magyarorsz\u00e1g<\/title>\n<meta name=\"description\" content=\"Te is hallottad m\u00e1r a tan\u00e1csot, hogy tegy\u00e9l meg napi 10.000 l\u00e9p\u00e9st, hogy eg\u00e9szs\u00e9ges maradj?\" \/>\n<meta name=\"robots\" content=\"index, follow, max-snippet:-1, max-image-preview:large, max-video-preview:-1\" \/>\n<link rel=\"canonical\" href=\"https:\/\/www.welovecycling.com\/hu\/edzes-es-eletmod\/mi-a-jobb-10-000-lepes-vagy-egy-ora-tekeres\/\" \/>\n<meta property=\"og:locale\" content=\"hu_HU\" \/>\n<meta property=\"og:type\" content=\"article\" \/>\n<meta property=\"og:title\" content=\"Mi a jobb: 10.000 l\u00e9p\u00e9s vagy egy \u00f3ra teker\u00e9s?\" \/>\n<meta property=\"og:description\" content=\"Te is hallottad m\u00e1r a tan\u00e1csot, hogy tegy\u00e9l meg napi 10.000 l\u00e9p\u00e9st, hogy eg\u00e9szs\u00e9ges maradj?\" \/>\n<meta property=\"og:url\" content=\"https:\/\/www.welovecycling.com\/hu\/edzes-es-eletmod\/mi-a-jobb-10-000-lepes-vagy-egy-ora-tekeres\/\" \/>\n<meta property=\"og:site_name\" content=\"\u0160koda We Love Cycling - Magyarorsz\u00e1g\" \/>\n<meta property=\"article:publisher\" content=\"https:\/\/www.facebook.com\/WeLoveCyclingHungary\/\" \/>\n<meta property=\"article:published_time\" content=\"2020-08-08T07:00:50+00:00\" \/>\n<meta property=\"og:image\" content=\"https:\/\/d2p6e6u75xmxt8.cloudfront.net\/12\/2020\/07\/profimedia-0346797333-1.jpg\" \/>\n\t<meta property=\"og:image:width\" content=\"1366\" \/>\n\t<meta property=\"og:image:height\" content=\"600\" \/>\n\t<meta property=\"og:image:type\" content=\"image\/jpeg\" \/>\n<meta name=\"author\" content=\"hegyizs\" \/>\n<meta name=\"twitter:card\" content=\"summary_large_image\" \/>\n<meta name=\"twitter:label1\" content=\"Written by\" \/>\n\t<meta name=\"twitter:data1\" content=\"Jiri Kaloc\" \/>\n\t<meta name=\"twitter:label2\" content=\"Est. reading time\" \/>\n\t<meta name=\"twitter:data2\" content=\"4\" \/>\n<script type=\"application\/ld+json\" class=\"yoast-schema-graph\">{\"@context\":\"https:\/\/schema.org\",\"@graph\":[{\"@type\":\"WebPage\",\"@id\":\"https:\/\/www.welovecycling.com\/hu\/edzes-es-eletmod\/mi-a-jobb-10-000-lepes-vagy-egy-ora-tekeres\/\",\"url\":\"https:\/\/www.welovecycling.com\/hu\/edzes-es-eletmod\/mi-a-jobb-10-000-lepes-vagy-egy-ora-tekeres\/\",\"name\":\"Mi a jobb: 10.000 l\u00e9p\u00e9s vagy egy \u00f3ra teker\u00e9s? - \u0160koda We Love Cycling - Magyarorsz\u00e1g\",\"isPartOf\":{\"@id\":\"https:\/\/www.welovecycling.com\/hu\/#website\"},\"primaryImageOfPage\":{\"@id\":\"https:\/\/www.welovecycling.com\/hu\/edzes-es-eletmod\/mi-a-jobb-10-000-lepes-vagy-egy-ora-tekeres\/#primaryimage\"},\"image\":{\"@id\":\"https:\/\/www.welovecycling.com\/hu\/edzes-es-eletmod\/mi-a-jobb-10-000-lepes-vagy-egy-ora-tekeres\/#primaryimage\"},\"thumbnailUrl\":\"https:\/\/d2p6e6u75xmxt8.cloudfront.net\/12\/2020\/07\/profimedia-0346797333-1.jpg\",\"datePublished\":\"2020-08-08T07:00:50+00:00\",\"author\":{\"@id\":\"https:\/\/www.welovecycling.com\/hu\/#\/schema\/person\/414a2aebf1801691a5320edb6468e194\"},\"description\":\"Te is hallottad m\u00e1r a tan\u00e1csot, hogy tegy\u00e9l meg napi 10.000 l\u00e9p\u00e9st, hogy eg\u00e9szs\u00e9ges maradj?\",\"breadcrumb\":{\"@id\":\"https:\/\/www.welovecycling.com\/hu\/edzes-es-eletmod\/mi-a-jobb-10-000-lepes-vagy-egy-ora-tekeres\/#breadcrumb\"},\"inLanguage\":\"hu\",\"potentialAction\":[{\"@type\":\"ReadAction\",\"target\":[\"https:\/\/www.welovecycling.com\/hu\/edzes-es-eletmod\/mi-a-jobb-10-000-lepes-vagy-egy-ora-tekeres\/\"]}]},{\"@type\":\"ImageObject\",\"inLanguage\":\"hu\",\"@id\":\"https:\/\/www.welovecycling.com\/hu\/edzes-es-eletmod\/mi-a-jobb-10-000-lepes-vagy-egy-ora-tekeres\/#primaryimage\",\"url\":\"https:\/\/d2p6e6u75xmxt8.cloudfront.net\/12\/2020\/07\/profimedia-0346797333-1.jpg\",\"contentUrl\":\"https:\/\/d2p6e6u75xmxt8.cloudfront.net\/12\/2020\/07\/profimedia-0346797333-1.jpg\",\"width\":1366,\"height\":600},{\"@type\":\"BreadcrumbList\",\"@id\":\"https:\/\/www.welovecycling.com\/hu\/edzes-es-eletmod\/mi-a-jobb-10-000-lepes-vagy-egy-ora-tekeres\/#breadcrumb\",\"itemListElement\":[{\"@type\":\"ListItem\",\"position\":1,\"name\":\"Home\",\"item\":\"https:\/\/www.welovecycling.com\/hu\/\"},{\"@type\":\"ListItem\",\"position\":2,\"name\":\"Mi a jobb: 10.000 l\u00e9p\u00e9s vagy egy \u00f3ra teker\u00e9s?\"}]},{\"@type\":\"WebSite\",\"@id\":\"https:\/\/www.welovecycling.com\/hu\/#website\",\"url\":\"https:\/\/www.welovecycling.com\/hu\/\",\"name\":\"\u0160koda We Love Cycling - Magyarorsz\u00e1g\",\"description\":\"\u0160koda WeLoveCycling\",\"potentialAction\":[{\"@type\":\"SearchAction\",\"target\":{\"@type\":\"EntryPoint\",\"urlTemplate\":\"https:\/\/www.welovecycling.com\/hu\/?s={search_term_string}\"},\"query-input\":{\"@type\":\"PropertyValueSpecification\",\"valueRequired\":true,\"valueName\":\"search_term_string\"}}],\"inLanguage\":\"hu\"},{\"@type\":\"Person\",\"@id\":\"https:\/\/www.welovecycling.com\/hu\/#\/schema\/person\/414a2aebf1801691a5320edb6468e194\",\"name\":\"hegyizs\",\"image\":{\"@type\":\"ImageObject\",\"inLanguage\":\"hu\",\"@id\":\"https:\/\/www.welovecycling.com\/hu\/#\/schema\/person\/image\/\",\"url\":\"https:\/\/secure.gravatar.com\/avatar\/02cf8a7906b8cf90cecb4679defac7cfd33a1c2e3b88e4903d947f3bb58eedd3?s=96&d=mm&r=g\",\"contentUrl\":\"https:\/\/secure.gravatar.com\/avatar\/02cf8a7906b8cf90cecb4679defac7cfd33a1c2e3b88e4903d947f3bb58eedd3?s=96&d=mm&r=g\",\"caption\":\"hegyizs\"},\"url\":\"https:\/\/www.welovecycling.com\/hu\/author\/hegyizs\/\"}]}<\/script>\n<!-- \/ Yoast SEO Premium plugin. -->","yoast_head_json":{"title":"Mi a jobb: 10.000 l\u00e9p\u00e9s vagy egy \u00f3ra teker\u00e9s? - \u0160koda We Love Cycling - Magyarorsz\u00e1g","description":"Te is hallottad m\u00e1r a tan\u00e1csot, hogy tegy\u00e9l meg napi 10.000 l\u00e9p\u00e9st, hogy eg\u00e9szs\u00e9ges maradj?","robots":{"index":"index","follow":"follow","max-snippet":"max-snippet:-1","max-image-preview":"max-image-preview:large","max-video-preview":"max-video-preview:-1"},"canonical":"https:\/\/www.welovecycling.com\/hu\/edzes-es-eletmod\/mi-a-jobb-10-000-lepes-vagy-egy-ora-tekeres\/","og_locale":"hu_HU","og_type":"article","og_title":"Mi a jobb: 10.000 l\u00e9p\u00e9s vagy egy \u00f3ra teker\u00e9s?","og_description":"Te is hallottad m\u00e1r a tan\u00e1csot, hogy tegy\u00e9l meg napi 10.000 l\u00e9p\u00e9st, hogy eg\u00e9szs\u00e9ges maradj?","og_url":"https:\/\/www.welovecycling.com\/hu\/edzes-es-eletmod\/mi-a-jobb-10-000-lepes-vagy-egy-ora-tekeres\/","og_site_name":"\u0160koda We Love Cycling - Magyarorsz\u00e1g","article_publisher":"https:\/\/www.facebook.com\/WeLoveCyclingHungary\/","article_published_time":"2020-08-08T07:00:50+00:00","og_image":[{"width":1366,"height":600,"url":"https:\/\/d2p6e6u75xmxt8.cloudfront.net\/12\/2020\/07\/profimedia-0346797333-1.jpg","type":"image\/jpeg"}],"author":"hegyizs","twitter_card":"summary_large_image","twitter_misc":{"Written by":"Jiri Kaloc","Est. reading time":"4"},"schema":{"@context":"https:\/\/schema.org","@graph":[{"@type":"WebPage","@id":"https:\/\/www.welovecycling.com\/hu\/edzes-es-eletmod\/mi-a-jobb-10-000-lepes-vagy-egy-ora-tekeres\/","url":"https:\/\/www.welovecycling.com\/hu\/edzes-es-eletmod\/mi-a-jobb-10-000-lepes-vagy-egy-ora-tekeres\/","name":"Mi a jobb: 10.000 l\u00e9p\u00e9s vagy egy \u00f3ra teker\u00e9s? - \u0160koda We Love Cycling - Magyarorsz\u00e1g","isPartOf":{"@id":"https:\/\/www.welovecycling.com\/hu\/#website"},"primaryImageOfPage":{"@id":"https:\/\/www.welovecycling.com\/hu\/edzes-es-eletmod\/mi-a-jobb-10-000-lepes-vagy-egy-ora-tekeres\/#primaryimage"},"image":{"@id":"https:\/\/www.welovecycling.com\/hu\/edzes-es-eletmod\/mi-a-jobb-10-000-lepes-vagy-egy-ora-tekeres\/#primaryimage"},"thumbnailUrl":"https:\/\/d2p6e6u75xmxt8.cloudfront.net\/12\/2020\/07\/profimedia-0346797333-1.jpg","datePublished":"2020-08-08T07:00:50+00:00","author":{"@id":"https:\/\/www.welovecycling.com\/hu\/#\/schema\/person\/414a2aebf1801691a5320edb6468e194"},"description":"Te is hallottad m\u00e1r a tan\u00e1csot, hogy tegy\u00e9l meg napi 10.000 l\u00e9p\u00e9st, hogy eg\u00e9szs\u00e9ges maradj?","breadcrumb":{"@id":"https:\/\/www.welovecycling.com\/hu\/edzes-es-eletmod\/mi-a-jobb-10-000-lepes-vagy-egy-ora-tekeres\/#breadcrumb"},"inLanguage":"hu","potentialAction":[{"@type":"ReadAction","target":["https:\/\/www.welovecycling.com\/hu\/edzes-es-eletmod\/mi-a-jobb-10-000-lepes-vagy-egy-ora-tekeres\/"]}]},{"@type":"ImageObject","inLanguage":"hu","@id":"https:\/\/www.welovecycling.com\/hu\/edzes-es-eletmod\/mi-a-jobb-10-000-lepes-vagy-egy-ora-tekeres\/#primaryimage","url":"https:\/\/d2p6e6u75xmxt8.cloudfront.net\/12\/2020\/07\/profimedia-0346797333-1.jpg","contentUrl":"https:\/\/d2p6e6u75xmxt8.cloudfront.net\/12\/2020\/07\/profimedia-0346797333-1.jpg","width":1366,"height":600},{"@type":"BreadcrumbList","@id":"https:\/\/www.welovecycling.com\/hu\/edzes-es-eletmod\/mi-a-jobb-10-000-lepes-vagy-egy-ora-tekeres\/#breadcrumb","itemListElement":[{"@type":"ListItem","position":1,"name":"Home","item":"https:\/\/www.welovecycling.com\/hu\/"},{"@type":"ListItem","position":2,"name":"Mi a jobb: 10.000 l\u00e9p\u00e9s vagy egy \u00f3ra teker\u00e9s?"}]},{"@type":"WebSite","@id":"https:\/\/www.welovecycling.com\/hu\/#website","url":"https:\/\/www.welovecycling.com\/hu\/","name":"\u0160koda We Love Cycling - Magyarorsz\u00e1g","description":"\u0160koda WeLoveCycling","potentialAction":[{"@type":"SearchAction","target":{"@type":"EntryPoint","urlTemplate":"https:\/\/www.welovecycling.com\/hu\/?s={search_term_string}"},"query-input":{"@type":"PropertyValueSpecification","valueRequired":true,"valueName":"search_term_string"}}],"inLanguage":"hu"},{"@type":"Person","@id":"https:\/\/www.welovecycling.com\/hu\/#\/schema\/person\/414a2aebf1801691a5320edb6468e194","name":"hegyizs","image":{"@type":"ImageObject","inLanguage":"hu","@id":"https:\/\/www.welovecycling.com\/hu\/#\/schema\/person\/image\/","url":"https:\/\/secure.gravatar.com\/avatar\/02cf8a7906b8cf90cecb4679defac7cfd33a1c2e3b88e4903d947f3bb58eedd3?s=96&d=mm&r=g","contentUrl":"https:\/\/secure.gravatar.com\/avatar\/02cf8a7906b8cf90cecb4679defac7cfd33a1c2e3b88e4903d947f3bb58eedd3?s=96&d=mm&r=g","caption":"hegyizs"},"url":"https:\/\/www.welovecycling.com\/hu\/author\/hegyizs\/"}]}},"_links":{"self":[{"href":"https:\/\/www.welovecycling.com\/hu\/wp-json\/wp\/v2\/posts\/8217","targetHints":{"allow":["GET"]}}],"collection":[{"href":"https:\/\/www.welovecycling.com\/hu\/wp-json\/wp\/v2\/posts"}],"about":[{"href":"https:\/\/www.welovecycling.com\/hu\/wp-json\/wp\/v2\/types\/post"}],"author":[{"embeddable":true,"href":"https:\/\/www.welovecycling.com\/hu\/wp-json\/wp\/v2\/users\/71"}],"replies":[{"embeddable":true,"href":"https:\/\/www.welovecycling.com\/hu\/wp-json\/wp\/v2\/comments?post=8217"}],"version-history":[{"count":2,"href":"https:\/\/www.welovecycling.com\/hu\/wp-json\/wp\/v2\/posts\/8217\/revisions"}],"predecessor-version":[{"id":8225,"href":"https:\/\/www.welovecycling.com\/hu\/wp-json\/wp\/v2\/posts\/8217\/revisions\/8225"}],"wp:featuredmedia":[{"embeddable":true,"href":"https:\/\/www.welovecycling.com\/hu\/wp-json\/wp\/v2\/media\/8220"}],"wp:attachment":[{"href":"https:\/\/www.welovecycling.com\/hu\/wp-json\/wp\/v2\/media?parent=8217"}],"wp:term":[{"taxonomy":"category","embeddable":true,"href":"https:\/\/www.welovecycling.com\/hu\/wp-json\/wp\/v2\/categories?post=8217"},{"taxonomy":"post_tag","embeddable":true,"href":"https:\/\/www.welovecycling.com\/hu\/wp-json\/wp\/v2\/tags?post=8217"},{"taxonomy":"global-categories","embeddable":true,"href":"https:\/\/www.welovecycling.com\/hu\/wp-json\/wp\/v2\/global-categories?post=8217"}],"curies":[{"name":"wp","href":"https:\/\/api.w.org\/{rel}","templated":true}]}}