{"id":8211,"date":"2020-08-04T08:00:04","date_gmt":"2020-08-04T07:00:04","guid":{"rendered":"https:\/\/www.welovecycling.com\/hu\/?p=8211"},"modified":"2020-08-04T10:15:00","modified_gmt":"2020-08-04T09:15:00","slug":"gondolatolvaso-lesz-a-jovo-kerekparja","status":"publish","type":"post","link":"https:\/\/www.welovecycling.com\/hu\/kozosseg-es-kultura\/gondolatolvaso-lesz-a-jovo-kerekparja\/","title":{"rendered":"Gondolatolvas\u00f3 lesz a j\u00f6v\u0151 ker\u00e9kp\u00e1rja?"},"content":{"rendered":"<p><strong>Mi lenne, ha a ker\u00e9kp\u00e1rod sz\u00f3 szerint kital\u00e1ln\u00e1 a gondolataidat \u00e9s seg\u00edtene biztons\u00e1gosan k\u00f6zlekedni? Pontosan ezen dolgozik Josh Andres, a Monash Egyetem Exertion Games Lab \u00e9s az IBM kutat\u00f3ja, egy ausztr\u00e1l kutat\u00f3csoport seg\u00edts\u00e9g\u00e9vel. \u0150k alkott\u00e1k meg \u201eEna\u201d-t, amely a felhaszn\u00e1l\u00f3 idegi tev\u00e9kenys\u00e9g\u00e9b\u0151l felismeri, hogy a tudatos figyelme mennyire er\u0151s, \u00e9s ez alapj\u00e1n az \u00e9bers\u00e9g alapj\u00e1n seg\u00edti a k\u00f6zleked\u00e9sben.<\/strong><\/p>\n<p><!--more--><\/p>\n<p>Ena a k\u00f6vetkez\u0151k\u00e9ppen m\u0171k\u00f6dik: k\u00e9pzeld el, hogy egy csod\u00e1latos bringat\u00far\u00e1n veszel r\u00e9szt, elmer\u00fclsz a term\u00e9szetben, kikapcsolod a k\u00fclvil\u00e1got, csak n\u00e9zed, ahogy elsuhannak melletted a f\u00e1k, amikor hirtelen kil\u00e9p el\u00e9d egy kisgyerek az \u00fatra. \u00d6szt\u00f6n\u00f6sen elkapod a korm\u00e1nyt, \u00e9s azon leszel, hogy elker\u00fcld az \u00fctk\u00f6z\u00e9st. Ena \u00e9rz\u00e9keli, ha az agyad nincs az akt\u00edv figyelem st\u00e1tusz\u00e1ban, \u00e9s azt is, amikor a baleset megakad\u00e1lyoz\u00e1sa \u00e9rdek\u00e9ben egyszerre nagyon er\u0151sen \u00f6sszpontos\u00edtani kezd: ilyenkor seg\u00edt neked a lehet\u0151 legr\u00f6videbb id\u0151 alatt lelass\u00edtani.<\/p>\n<lite-youtube videoid=9Bp4o2XL_c8 params=\"enablejsapi=1\" style=\"background-image: url('https:\/\/i.ytimg.com\/vi_webp\/9Bp4o2XL_c8\/maxresdefault.webp');\"><\/lite-youtube>\n<p>A rendszer egy sisak seg\u00edts\u00e9g\u00e9vel m\u0171k\u00f6dik, ez egy elektroencephalogramot (EEG) tartalmaz, amely val\u00f3s id\u0151ben k\u00f6veti az agyhull\u00e1mokat \u00e9s az agym\u0171k\u00f6d\u00e9s mint\u00e1zatait, k\u00fcl\u00f6n\u00f6sen a l\u00e1t\u00e1s\u00e9rt felel\u0151s agyi r\u00e9szeken. Amikor az emberi elme vesz\u00e9lyt \u00e9rz\u00e9kel, l\u00e1t\u00e1sa lesz\u0171k\u00fcl arra a pontra, ahonnan a fenyeget\u00e9s \u00e9rkezik, \u00edgy jobban tud r\u00e1 \u00f6sszpontos\u00edtani. Az ekkor keletkez\u0151 agyhull\u00e1mokat a rendszer \u00e9rz\u00e9keli, \u00e9s azonnal f\u00e9kezni kezd. A kutat\u00f3k ezt h\u00edvj\u00e1k <em>\u201ebiztons\u00e1gos \u00e9s \u00e9lvezetes ember-g\u00e9p integr\u00e1ci\u00f3nak.\u201d<\/em><\/p>\n<p>A laborat\u00f3riumban Ena egy \u00e1tlagos Reid v\u00e1rosi ker\u00e9kp\u00e1r form\u00e1j\u00e1ban \u00f6lt\u00f6tt testet, amelyet e-bicikliv\u00e9 alak\u00edtottak \u00e1t egy be\u00e9p\u00edtett motor seg\u00edts\u00e9g\u00e9vel. Egy 18 V-os akkumul\u00e1tor \u00e9s egy processzor is felker\u00fclt a j\u00e1rm\u0171re, ut\u00f3bbit egy elektr\u00f3d\u00e1s sisakhoz kapcsolt\u00e1k, melyet a biciklis fog viselni. A sisak az EEG seg\u00edts\u00e9g\u00e9vel elektromos jeleket vesz fel az alany agy\u00e1b\u00f3l, a nyakszirti lebenyb\u0151l, mely a l\u00e1tottak feldolgoz\u00e1s\u00e1\u00e9rt felel\u0151s.<\/p>\n<p>Kor\u00e1bbi tanulm\u00e1nyok kimutatt\u00e1k, hogy a nyakszirti lebeny tev\u00e9kenys\u00e9g\u00e9nek monitoroz\u00e1s\u00e1val felismerhet\u0151, hogy az ember perif\u00e9rikus vagy centr\u00e1lis l\u00e1t\u00e1sm\u00f3dot haszn\u00e1l az adott pillanatban. Egyes tanulm\u00e1nyok szerint a \u201eperif\u00e9rikus tudatoss\u00e1g\u201d \u00e1llapota jobb teljes\u00edtm\u00e9nyt, koordin\u00e1ci\u00f3t \u00e9s a k\u00f6rnyezet fokozottabb \u00e9rz\u00e9kel\u00e9s\u00e9t eredm\u00e9nyezi.<\/p>\n<figure id=\"attachment_8213\" aria-describedby=\"caption-attachment-8213\" style=\"width: 768px\" class=\"wp-caption alignnone\"><img loading=\"lazy\" decoding=\"async\" class=\"wp-image-8213 size-full\" src=\"https:\/\/d2p6e6u75xmxt8.cloudfront.net\/12\/2020\/07\/photo2.png\" alt=\"Mind-reading bicycle\" width=\"768\" height=\"513\" \/><figcaption id=\"caption-attachment-8213\" class=\"wp-caption-text\">\u00a9\u00a0Simon Schluter<\/figcaption><\/figure>\n<p>A kutat\u00f3k \u00fagy programozt\u00e1k a rendszert, hogy a motor automatikusan seg\u00edtse a halad\u00e1st, amikor a biciklis a perif\u00e9ri\u00e1s tudatoss\u00e1g \u00e1llapot\u00e1ban van, \u00e9s a f\u00e9kez\u00e9st, amikor elhagyja ezt az \u00e1llapotot. Teh\u00e1t, ha az \u00fat akad\u00e1lymentes, \u00e9s az agy ellazult, akkor a ker\u00e9kp\u00e1r gyorsul, de ha az utas fesz\u00fcltt\u00e9 v\u00e1lik, akkor f\u00e9kezni kezd.<\/p>\n<p>Mivel a rendszer val\u00f3s id\u0151ben k\u00f6veti az idegi tev\u00e9kenys\u00e9geket, azonnal tudja, hogy melyik \u00e1llapotban vagy, \u00edgy k\u00e9pes reag\u00e1lni, \u00e9s le\u00e1ll\u00edtani a motort, m\u00e9g miel\u0151tt feldolgozn\u00e1d a fenyeget\u00e9st \u00e9s el\u00e9rn\u00e9d a f\u00e9ket. Nem semmi!<\/p>\n<p><img loading=\"lazy\" decoding=\"async\" class=\"size-full wp-image-8214\" src=\"https:\/\/d2p6e6u75xmxt8.cloudfront.net\/12\/2020\/07\/ena-arch-1024x238-1.jpg\" alt=\"Mind-Reading Bicycle\" width=\"1024\" height=\"238\" \/><\/p>\n<p>Huszon\u00f6t biciklis vett r\u00e9szt az els\u0151 tesztekben: egyenes \u00faton tekertek a gondolatolvas\u00f3 biciklin. Az \u00fat ut\u00e1ni besz\u00e9lget\u00e9s sor\u00e1n a legt\u00f6bb alany meger\u0151s\u00edtette, hogy a rendszer gyorsabban reag\u00e1lt, mint ahogy \u0151k maguk k\u00e9pesek lettek volna r\u00e1. \u201e<em>Van egy pillanat, amikor r\u00e1j\u00f6ssz, hogy cselekedned kell. Ena seg\u00edts\u00e9g\u00e9vel m\u00e1r ez alatt a r\u00f6vid id\u0151 alatt lassul a ker\u00e9kp\u00e1r, \u00edgy t\u00f6bb id\u0151d van reag\u00e1lni.\u201d<\/em><\/p>\n<p>Vajon t\u00e9nyleg ez lenne a j\u00f6v\u0151 ker\u00e9kp\u00e1rja? Van r\u00e1 es\u00e9ly, hogy igen. Sisakunk, e-bring\u00e1ink, \u00e9s r\u00e1juk szerelhet\u0151 sz\u00e1m\u00edt\u00f3g\u00e9peink m\u00e1r vannak. Csak egy EEG \u00e9rz\u00e9kel\u0151 kell. Ha pedig ez is el\u00e9rhet\u0151v\u00e9 v\u00e1lik, m\u00e1r csak egyetlen fontos k\u00e9rd\u00e9s marad: mennyibe fog mindez ker\u00fclni?<\/p>\n","protected":false},"excerpt":{"rendered":"<p>Mi lenne, ha a ker\u00e9kp\u00e1rod sz\u00f3 szerint kital\u00e1ln\u00e1 a gondolataidat \u00e9s seg\u00edtene biztons\u00e1gosan k\u00f6zlekedni? Pontosan ezen dolgozik Josh Andres, a [&hellip;]<\/p>\n","protected":false},"author":71,"featured_media":8216,"comment_status":"open","ping_status":"open","sticky":false,"template":"","format":"standard","meta":{"footnotes":""},"categories":[12],"tags":[],"global-categories":[],"class_list":["post-8211","post","type-post","status-publish","format-standard","has-post-thumbnail","hentry","category-kozosseg-es-kultura"],"yoast_head":"<!-- This site is optimized with the Yoast SEO Premium plugin v25.3 (Yoast SEO v25.9) - https:\/\/yoast.com\/wordpress\/plugins\/seo\/ -->\n<title>Gondolatolvas\u00f3 lesz a j\u00f6v\u0151 ker\u00e9kp\u00e1rja?<\/title>\n<meta name=\"description\" content=\"Mi lenne, ha a ker\u00e9kp\u00e1rod sz\u00f3 szerint kital\u00e1ln\u00e1 a gondolataidat \u00e9s seg\u00edtene biztons\u00e1gosan k\u00f6zlekedni?\" \/>\n<meta name=\"robots\" content=\"index, follow, max-snippet:-1, max-image-preview:large, max-video-preview:-1\" \/>\n<link rel=\"canonical\" href=\"https:\/\/www.welovecycling.com\/hu\/kozosseg-es-kultura\/gondolatolvaso-lesz-a-jovo-kerekparja\/\" \/>\n<meta property=\"og:locale\" content=\"hu_HU\" \/>\n<meta property=\"og:type\" content=\"article\" \/>\n<meta property=\"og:title\" content=\"Gondolatolvas\u00f3 lesz a j\u00f6v\u0151 ker\u00e9kp\u00e1rja?\" \/>\n<meta property=\"og:description\" content=\"Mi lenne, ha a ker\u00e9kp\u00e1rod sz\u00f3 szerint kital\u00e1ln\u00e1 a gondolataidat \u00e9s seg\u00edtene biztons\u00e1gosan k\u00f6zlekedni?\" \/>\n<meta property=\"og:url\" content=\"https:\/\/www.welovecycling.com\/hu\/kozosseg-es-kultura\/gondolatolvaso-lesz-a-jovo-kerekparja\/\" \/>\n<meta property=\"og:site_name\" content=\"\u0160koda We Love Cycling - Magyarorsz\u00e1g\" \/>\n<meta property=\"article:publisher\" content=\"https:\/\/www.facebook.com\/WeLoveCyclingHungary\/\" \/>\n<meta property=\"article:published_time\" content=\"2020-08-04T07:00:04+00:00\" \/>\n<meta property=\"article:modified_time\" content=\"2020-08-04T09:15:00+00:00\" \/>\n<meta property=\"og:image\" content=\"https:\/\/d2p6e6u75xmxt8.cloudfront.net\/12\/2020\/07\/Mind-Reading-Bicycle.jpg\" \/>\n\t<meta property=\"og:image:width\" content=\"1366\" \/>\n\t<meta property=\"og:image:height\" content=\"600\" \/>\n\t<meta property=\"og:image:type\" content=\"image\/jpeg\" \/>\n<meta name=\"author\" content=\"hegyizs\" \/>\n<meta name=\"twitter:card\" content=\"summary_large_image\" \/>\n<meta name=\"twitter:label1\" content=\"Written by\" \/>\n\t<meta name=\"twitter:data1\" content=\"Siegfried Mortkowitz\" \/>\n\t<meta name=\"twitter:label2\" content=\"Est. reading time\" \/>\n\t<meta name=\"twitter:data2\" content=\"7\" \/>\n<script type=\"application\/ld+json\" class=\"yoast-schema-graph\">{\"@context\":\"https:\/\/schema.org\",\"@graph\":[{\"@type\":\"WebPage\",\"@id\":\"https:\/\/www.welovecycling.com\/hu\/kozosseg-es-kultura\/gondolatolvaso-lesz-a-jovo-kerekparja\/\",\"url\":\"https:\/\/www.welovecycling.com\/hu\/kozosseg-es-kultura\/gondolatolvaso-lesz-a-jovo-kerekparja\/\",\"name\":\"Gondolatolvas\u00f3 lesz a j\u00f6v\u0151 ker\u00e9kp\u00e1rja?\",\"isPartOf\":{\"@id\":\"https:\/\/www.welovecycling.com\/hu\/#website\"},\"primaryImageOfPage\":{\"@id\":\"https:\/\/www.welovecycling.com\/hu\/kozosseg-es-kultura\/gondolatolvaso-lesz-a-jovo-kerekparja\/#primaryimage\"},\"image\":{\"@id\":\"https:\/\/www.welovecycling.com\/hu\/kozosseg-es-kultura\/gondolatolvaso-lesz-a-jovo-kerekparja\/#primaryimage\"},\"thumbnailUrl\":\"https:\/\/d2p6e6u75xmxt8.cloudfront.net\/12\/2020\/07\/Mind-Reading-Bicycle.jpg\",\"datePublished\":\"2020-08-04T07:00:04+00:00\",\"dateModified\":\"2020-08-04T09:15:00+00:00\",\"author\":{\"@id\":\"https:\/\/www.welovecycling.com\/hu\/#\/schema\/person\/414a2aebf1801691a5320edb6468e194\"},\"description\":\"Mi lenne, ha a ker\u00e9kp\u00e1rod sz\u00f3 szerint kital\u00e1ln\u00e1 a gondolataidat \u00e9s seg\u00edtene biztons\u00e1gosan k\u00f6zlekedni?\",\"breadcrumb\":{\"@id\":\"https:\/\/www.welovecycling.com\/hu\/kozosseg-es-kultura\/gondolatolvaso-lesz-a-jovo-kerekparja\/#breadcrumb\"},\"inLanguage\":\"hu\",\"potentialAction\":[{\"@type\":\"ReadAction\",\"target\":[\"https:\/\/www.welovecycling.com\/hu\/kozosseg-es-kultura\/gondolatolvaso-lesz-a-jovo-kerekparja\/\"]}]},{\"@type\":\"ImageObject\",\"inLanguage\":\"hu\",\"@id\":\"https:\/\/www.welovecycling.com\/hu\/kozosseg-es-kultura\/gondolatolvaso-lesz-a-jovo-kerekparja\/#primaryimage\",\"url\":\"https:\/\/d2p6e6u75xmxt8.cloudfront.net\/12\/2020\/07\/Mind-Reading-Bicycle.jpg\",\"contentUrl\":\"https:\/\/d2p6e6u75xmxt8.cloudfront.net\/12\/2020\/07\/Mind-Reading-Bicycle.jpg\",\"width\":1366,\"height\":600},{\"@type\":\"BreadcrumbList\",\"@id\":\"https:\/\/www.welovecycling.com\/hu\/kozosseg-es-kultura\/gondolatolvaso-lesz-a-jovo-kerekparja\/#breadcrumb\",\"itemListElement\":[{\"@type\":\"ListItem\",\"position\":1,\"name\":\"Home\",\"item\":\"https:\/\/www.welovecycling.com\/hu\/\"},{\"@type\":\"ListItem\",\"position\":2,\"name\":\"Gondolatolvas\u00f3 lesz a j\u00f6v\u0151 ker\u00e9kp\u00e1rja?\"}]},{\"@type\":\"WebSite\",\"@id\":\"https:\/\/www.welovecycling.com\/hu\/#website\",\"url\":\"https:\/\/www.welovecycling.com\/hu\/\",\"name\":\"\u0160koda We Love Cycling - Magyarorsz\u00e1g\",\"description\":\"\u0160koda WeLoveCycling\",\"potentialAction\":[{\"@type\":\"SearchAction\",\"target\":{\"@type\":\"EntryPoint\",\"urlTemplate\":\"https:\/\/www.welovecycling.com\/hu\/?s={search_term_string}\"},\"query-input\":{\"@type\":\"PropertyValueSpecification\",\"valueRequired\":true,\"valueName\":\"search_term_string\"}}],\"inLanguage\":\"hu\"},{\"@type\":\"Person\",\"@id\":\"https:\/\/www.welovecycling.com\/hu\/#\/schema\/person\/414a2aebf1801691a5320edb6468e194\",\"name\":\"hegyizs\",\"image\":{\"@type\":\"ImageObject\",\"inLanguage\":\"hu\",\"@id\":\"https:\/\/www.welovecycling.com\/hu\/#\/schema\/person\/image\/\",\"url\":\"https:\/\/secure.gravatar.com\/avatar\/02cf8a7906b8cf90cecb4679defac7cfd33a1c2e3b88e4903d947f3bb58eedd3?s=96&d=mm&r=g\",\"contentUrl\":\"https:\/\/secure.gravatar.com\/avatar\/02cf8a7906b8cf90cecb4679defac7cfd33a1c2e3b88e4903d947f3bb58eedd3?s=96&d=mm&r=g\",\"caption\":\"hegyizs\"},\"url\":\"https:\/\/www.welovecycling.com\/hu\/author\/hegyizs\/\"}]}<\/script>\n<!-- \/ Yoast SEO Premium plugin. -->","yoast_head_json":{"title":"Gondolatolvas\u00f3 lesz a j\u00f6v\u0151 ker\u00e9kp\u00e1rja?","description":"Mi lenne, ha a ker\u00e9kp\u00e1rod sz\u00f3 szerint kital\u00e1ln\u00e1 a gondolataidat \u00e9s seg\u00edtene biztons\u00e1gosan k\u00f6zlekedni?","robots":{"index":"index","follow":"follow","max-snippet":"max-snippet:-1","max-image-preview":"max-image-preview:large","max-video-preview":"max-video-preview:-1"},"canonical":"https:\/\/www.welovecycling.com\/hu\/kozosseg-es-kultura\/gondolatolvaso-lesz-a-jovo-kerekparja\/","og_locale":"hu_HU","og_type":"article","og_title":"Gondolatolvas\u00f3 lesz a j\u00f6v\u0151 ker\u00e9kp\u00e1rja?","og_description":"Mi lenne, ha a ker\u00e9kp\u00e1rod sz\u00f3 szerint kital\u00e1ln\u00e1 a gondolataidat \u00e9s seg\u00edtene biztons\u00e1gosan k\u00f6zlekedni?","og_url":"https:\/\/www.welovecycling.com\/hu\/kozosseg-es-kultura\/gondolatolvaso-lesz-a-jovo-kerekparja\/","og_site_name":"\u0160koda We Love Cycling - Magyarorsz\u00e1g","article_publisher":"https:\/\/www.facebook.com\/WeLoveCyclingHungary\/","article_published_time":"2020-08-04T07:00:04+00:00","article_modified_time":"2020-08-04T09:15:00+00:00","og_image":[{"width":1366,"height":600,"url":"https:\/\/d2p6e6u75xmxt8.cloudfront.net\/12\/2020\/07\/Mind-Reading-Bicycle.jpg","type":"image\/jpeg"}],"author":"hegyizs","twitter_card":"summary_large_image","twitter_misc":{"Written by":"Siegfried Mortkowitz","Est. reading time":"7"},"schema":{"@context":"https:\/\/schema.org","@graph":[{"@type":"WebPage","@id":"https:\/\/www.welovecycling.com\/hu\/kozosseg-es-kultura\/gondolatolvaso-lesz-a-jovo-kerekparja\/","url":"https:\/\/www.welovecycling.com\/hu\/kozosseg-es-kultura\/gondolatolvaso-lesz-a-jovo-kerekparja\/","name":"Gondolatolvas\u00f3 lesz a j\u00f6v\u0151 ker\u00e9kp\u00e1rja?","isPartOf":{"@id":"https:\/\/www.welovecycling.com\/hu\/#website"},"primaryImageOfPage":{"@id":"https:\/\/www.welovecycling.com\/hu\/kozosseg-es-kultura\/gondolatolvaso-lesz-a-jovo-kerekparja\/#primaryimage"},"image":{"@id":"https:\/\/www.welovecycling.com\/hu\/kozosseg-es-kultura\/gondolatolvaso-lesz-a-jovo-kerekparja\/#primaryimage"},"thumbnailUrl":"https:\/\/d2p6e6u75xmxt8.cloudfront.net\/12\/2020\/07\/Mind-Reading-Bicycle.jpg","datePublished":"2020-08-04T07:00:04+00:00","dateModified":"2020-08-04T09:15:00+00:00","author":{"@id":"https:\/\/www.welovecycling.com\/hu\/#\/schema\/person\/414a2aebf1801691a5320edb6468e194"},"description":"Mi lenne, ha a ker\u00e9kp\u00e1rod sz\u00f3 szerint kital\u00e1ln\u00e1 a gondolataidat \u00e9s seg\u00edtene biztons\u00e1gosan k\u00f6zlekedni?","breadcrumb":{"@id":"https:\/\/www.welovecycling.com\/hu\/kozosseg-es-kultura\/gondolatolvaso-lesz-a-jovo-kerekparja\/#breadcrumb"},"inLanguage":"hu","potentialAction":[{"@type":"ReadAction","target":["https:\/\/www.welovecycling.com\/hu\/kozosseg-es-kultura\/gondolatolvaso-lesz-a-jovo-kerekparja\/"]}]},{"@type":"ImageObject","inLanguage":"hu","@id":"https:\/\/www.welovecycling.com\/hu\/kozosseg-es-kultura\/gondolatolvaso-lesz-a-jovo-kerekparja\/#primaryimage","url":"https:\/\/d2p6e6u75xmxt8.cloudfront.net\/12\/2020\/07\/Mind-Reading-Bicycle.jpg","contentUrl":"https:\/\/d2p6e6u75xmxt8.cloudfront.net\/12\/2020\/07\/Mind-Reading-Bicycle.jpg","width":1366,"height":600},{"@type":"BreadcrumbList","@id":"https:\/\/www.welovecycling.com\/hu\/kozosseg-es-kultura\/gondolatolvaso-lesz-a-jovo-kerekparja\/#breadcrumb","itemListElement":[{"@type":"ListItem","position":1,"name":"Home","item":"https:\/\/www.welovecycling.com\/hu\/"},{"@type":"ListItem","position":2,"name":"Gondolatolvas\u00f3 lesz a j\u00f6v\u0151 ker\u00e9kp\u00e1rja?"}]},{"@type":"WebSite","@id":"https:\/\/www.welovecycling.com\/hu\/#website","url":"https:\/\/www.welovecycling.com\/hu\/","name":"\u0160koda We Love Cycling - Magyarorsz\u00e1g","description":"\u0160koda WeLoveCycling","potentialAction":[{"@type":"SearchAction","target":{"@type":"EntryPoint","urlTemplate":"https:\/\/www.welovecycling.com\/hu\/?s={search_term_string}"},"query-input":{"@type":"PropertyValueSpecification","valueRequired":true,"valueName":"search_term_string"}}],"inLanguage":"hu"},{"@type":"Person","@id":"https:\/\/www.welovecycling.com\/hu\/#\/schema\/person\/414a2aebf1801691a5320edb6468e194","name":"hegyizs","image":{"@type":"ImageObject","inLanguage":"hu","@id":"https:\/\/www.welovecycling.com\/hu\/#\/schema\/person\/image\/","url":"https:\/\/secure.gravatar.com\/avatar\/02cf8a7906b8cf90cecb4679defac7cfd33a1c2e3b88e4903d947f3bb58eedd3?s=96&d=mm&r=g","contentUrl":"https:\/\/secure.gravatar.com\/avatar\/02cf8a7906b8cf90cecb4679defac7cfd33a1c2e3b88e4903d947f3bb58eedd3?s=96&d=mm&r=g","caption":"hegyizs"},"url":"https:\/\/www.welovecycling.com\/hu\/author\/hegyizs\/"}]}},"_links":{"self":[{"href":"https:\/\/www.welovecycling.com\/hu\/wp-json\/wp\/v2\/posts\/8211","targetHints":{"allow":["GET"]}}],"collection":[{"href":"https:\/\/www.welovecycling.com\/hu\/wp-json\/wp\/v2\/posts"}],"about":[{"href":"https:\/\/www.welovecycling.com\/hu\/wp-json\/wp\/v2\/types\/post"}],"author":[{"embeddable":true,"href":"https:\/\/www.welovecycling.com\/hu\/wp-json\/wp\/v2\/users\/71"}],"replies":[{"embeddable":true,"href":"https:\/\/www.welovecycling.com\/hu\/wp-json\/wp\/v2\/comments?post=8211"}],"version-history":[{"count":2,"href":"https:\/\/www.welovecycling.com\/hu\/wp-json\/wp\/v2\/posts\/8211\/revisions"}],"predecessor-version":[{"id":8224,"href":"https:\/\/www.welovecycling.com\/hu\/wp-json\/wp\/v2\/posts\/8211\/revisions\/8224"}],"wp:featuredmedia":[{"embeddable":true,"href":"https:\/\/www.welovecycling.com\/hu\/wp-json\/wp\/v2\/media\/8216"}],"wp:attachment":[{"href":"https:\/\/www.welovecycling.com\/hu\/wp-json\/wp\/v2\/media?parent=8211"}],"wp:term":[{"taxonomy":"category","embeddable":true,"href":"https:\/\/www.welovecycling.com\/hu\/wp-json\/wp\/v2\/categories?post=8211"},{"taxonomy":"post_tag","embeddable":true,"href":"https:\/\/www.welovecycling.com\/hu\/wp-json\/wp\/v2\/tags?post=8211"},{"taxonomy":"global-categories","embeddable":true,"href":"https:\/\/www.welovecycling.com\/hu\/wp-json\/wp\/v2\/global-categories?post=8211"}],"curies":[{"name":"wp","href":"https:\/\/api.w.org\/{rel}","templated":true}]}}