{"id":8206,"date":"2020-08-07T08:00:26","date_gmt":"2020-08-07T07:00:26","guid":{"rendered":"https:\/\/www.welovecycling.com\/hu\/?p=8206"},"modified":"2020-08-04T10:20:26","modified_gmt":"2020-08-04T09:20:26","slug":"8-tanacs-mielott-bringaval-indulsz-dolgozni","status":"publish","type":"post","link":"https:\/\/www.welovecycling.com\/hu\/varosi-kerekparozas\/8-tanacs-mielott-bringaval-indulsz-dolgozni\/","title":{"rendered":"8 tan\u00e1cs, miel\u0151tt bring\u00e1val indulsz dolgozni"},"content":{"rendered":"<p><strong>Mi\u00f3ta j\u00e1tszol a gondolattal, hogy biciklivel j\u00e1rj dolgozni? Az ing\u00e1z\u00e1s \u00e9lvezetesebb, mint gondoln\u00e1d, a sz\u00f3rakoz\u00e1s mellett pedig ment\u00e1lis frissess\u00e9get is ny\u00fajt a reggeli teker\u00e9s. Miel\u0151tt azonban belev\u00e1gsz, bizonyosodj meg r\u00f3la, hogy minden k\u00e9szen \u00e1ll!<\/strong><!--more--><\/p>\n<h2><strong>1. <\/strong><strong>Tal\u00e1ld meg a legjobb \u00fatvonalat<\/strong><\/h2>\n<p>B\u00e1r biztosan rengeteg lehet\u0151s\u00e9g k\u00f6z\u00fcl v\u00e1laszthatsz, mindegyik \u00fatvonal m\u00e1s \u00e9s m\u00e1s: tal\u00e1ld meg a legk\u00e9nyelmesebbet \u00e9s legbiztons\u00e1gosabbat! Egy h\u00e9tv\u00e9gi napon fedezd fel, milyen utak k\u00f6z\u00fcl v\u00e1laszthatsz, a rejtett kis utc\u00e1kat \u00e9s eldugott parkokat is bele\u00e9rtve! Ne kapkodj, de ne is haladj t\u00fal lassan: egy \u00e1tlagos temp\u00f3t felv\u00e9ve tapasztalhatod meg mennyi ideig tart be\u00e9rni a munkahelyedre \u2013 persze a h\u00e9tv\u00e9gi teker\u00e9shez m\u00e9g hozz\u00e1 kell adni j\u00f3 p\u00e1r percet a leend\u0151 forgalom miatt. Ahogy egyre ink\u00e1bb megismered a kiv\u00e1lasztott utat, \u00fagy fogod egyre gyorsabban megtenni. Az els\u0151 napon viszont indulj kor\u00e1n, hogy ne k\u00e9ss el!<\/p>\n<figure id=\"attachment_8207\" aria-describedby=\"caption-attachment-8207\" style=\"width: 1250px\" class=\"wp-caption alignnone\"><img loading=\"lazy\" decoding=\"async\" class=\"size-full wp-image-8207\" src=\"https:\/\/d2p6e6u75xmxt8.cloudfront.net\/12\/2020\/07\/Cycling-Commuting-profimedia-0141093838.jpg\" alt=\"\" width=\"1250\" height=\"831\" \/><figcaption id=\"caption-attachment-8207\" class=\"wp-caption-text\">\u00a9 Profimedia<\/figcaption><\/figure>\n<h2><strong>2. <\/strong><strong>\u00c1lljon k\u00e9szen a bringa!<\/strong><\/h2>\n<p>Az eml\u00e9keidben tal\u00e1n a legmegb\u00edzhat\u00f3bb biciklik\u00e9nt \u00e9l, amit valaha h\u00e1t\u00e1n hordott a f\u00f6ld, de egy r\u00f6vid m\u0171szaki ellen\u0151rz\u00e9s nem fog \u00e1rtani! N\u00e9h\u00e1ny nappal a kit\u0171z\u00f6tt d\u00e1tum el\u0151tt alaposan n\u00e9zd \u00e1t a j\u00e1rg\u00e1nyod, \u00e9s ha hib\u00e1t tal\u00e1lsz, vidd szerel\u0151h\u00f6z! Ha a v\u00e1lt\u00f3k \u00e9s a f\u00e9kek j\u00f3l m\u0171k\u00f6dnek a pr\u00f3bautadon, csak fel kell f\u00fajnod a kerekeket, megkenni a l\u00e1ncot, \u00e9s k\u00e9szen is vagy!<\/p>\n<h2><strong>3. Vigy\u00e9l v\u00e1lt\u00f3ruh\u00e1t!<\/strong><\/h2>\n<p>Ami a legt\u00f6bb bring\u00e1snak gondot okoz: izzads\u00e1gfoltok a ruh\u00e1n, amiben eg\u00e9sz nap lenned kell. Ezt csak \u00fagy lehet elker\u00fclni, ha elektromos biciklivel m\u00e9sz, vagy bar\u00e1ts\u00e1got k\u00f6tsz a term\u00e9szettel, \u00e9s <strong>megk\u00e9red, hogy ne legyen t\u00fal meleg \u00e9s ne essen az es\u0151, amikor \u00e9pp \u00faton vagy. Ha van az \u00e9p\u00fcletben zuhanyz\u00f3, az sokat seg\u00edt a probl\u00e9m\u00e1n!<\/strong><\/p>\n<h2><strong>4. Parkol\u00e1s<\/strong><\/h2>\n<p>Minden munkahelyen m\u00e1s lehet\u0151s\u00e9gek vannak a bicikli t\u00e1rol\u00e1s\u00e1ra. A nagyv\u00e1llalatok \u00e1ltal\u00e1ban biztos\u00edtanak biztons\u00e1gos t\u00e1rol\u00f3t a k\u00e9t ker\u00e9ken \u00e9rkez\u0151knek. Ha nem tudod, hol vannak ezek elhelyezve, k\u00e9rdezd meg a HR oszt\u00e1lyt! Ha pedig nyilv\u00e1nos helyen vagy k\u00e9nytelen parkolni, keress forgalmas helyet \u00e9s v\u00e1lassz er\u0151s z\u00e1rat!<\/p>\n<figure id=\"attachment_5289\" aria-describedby=\"caption-attachment-5289\" style=\"width: 1250px\" class=\"wp-caption alignnone\"><img loading=\"lazy\" decoding=\"async\" class=\"size-full wp-image-5289\" src=\"https:\/\/d2p6e6u75xmxt8.cloudfront.net\/12\/2019\/10\/utrecht-bicycle-garage-profimedia-0466262466.jpg\" alt=\"\" width=\"1250\" height=\"833\" srcset=\"https:\/\/d2p6e6u75xmxt8.cloudfront.net\/12\/2019\/10\/utrecht-bicycle-garage-profimedia-0466262466.jpg 1250w, https:\/\/d2p6e6u75xmxt8.cloudfront.net\/12\/2019\/10\/utrecht-bicycle-garage-profimedia-0466262466-300x200.jpg 300w, https:\/\/d2p6e6u75xmxt8.cloudfront.net\/12\/2019\/10\/utrecht-bicycle-garage-profimedia-0466262466-768x512.jpg 768w, https:\/\/d2p6e6u75xmxt8.cloudfront.net\/12\/2019\/10\/utrecht-bicycle-garage-profimedia-0466262466-1024x682.jpg 1024w, https:\/\/d2p6e6u75xmxt8.cloudfront.net\/12\/2019\/10\/utrecht-bicycle-garage-profimedia-0466262466-272x182.jpg 272w\" sizes=\"auto, (max-width: 1250px) 100vw, 1250px\" \/><figcaption id=\"caption-attachment-5289\" class=\"wp-caption-text\"><em>\u00a9 Profimedia, Avalon Editorial, Wang Yanan<\/em><\/figcaption><\/figure>\n<h2><strong>5.\u00a0 Pakolj \u00f6ssze el\u0151re!<\/strong><\/h2>\n<p>A t\u00e1ska \u00f6sszepakol\u00e1sa n\u00e9lk\u00fcl is el\u00e9g sok dolgod lesz reggel, ha azt akarod, hogy minden sim\u00e1n menjen! El\u0151z\u0151 este k\u00e9sz\u00edtsd \u00f6ssze, amit vinni szeretn\u00e9l. A neh\u00e9z dolgokat &#8211; p\u00e9ld\u00e1ul a laptopod t\u00f6lt\u0151j\u00e9t, vagy egy v\u00e1lt\u00f3cip\u0151t &#8211; tedd alulra, a jobb egyens\u00faly \u00e9rdek\u00e9ben. Ha viszel v\u00e1lt\u00f3ruh\u00e1t, tedd k\u00fcl\u00f6n zacsk\u00f3ba, \u00e9s a t\u00e1ska tetej\u00e9re, hogy tiszta maradjon, \u00e9s ne gy\u0171r\u0151dj\u00f6n \u00f6ssze!<\/p>\n<h2><strong>6. T\u00f6ltsd fel az elemeket!<\/strong><\/h2>\n<p>Ha csak nem dinam\u00f3s biciklivel tekersz, t\u00f6ltsd fel a l\u00e1mp\u00e1kba passzol\u00f3 elemeket, hogy biztosan kitartsanak hazafel\u00e9 is!<\/p>\n<figure id=\"attachment_8208\" aria-describedby=\"caption-attachment-8208\" style=\"width: 1800px\" class=\"wp-caption alignnone\"><img loading=\"lazy\" decoding=\"async\" class=\"size-full wp-image-8208\" src=\"https:\/\/d2p6e6u75xmxt8.cloudfront.net\/12\/2020\/07\/Cycling-Commuting-profimedia-0285170835.jpg\" alt=\"\" width=\"1800\" height=\"1200\" \/><figcaption id=\"caption-attachment-8208\" class=\"wp-caption-text\">When in London, always check the weather forecast. \u00a9 Profimedia<\/figcaption><\/figure>\n<h2><strong>7. N\u00e9zd meg az id\u0151j\u00e1r\u00e1s-el\u0151rejelz\u00e9st!<br \/>\n<\/strong><\/h2>\n<p>Ha tiszt\u00e1n \u00e9s sz\u00e1razon szeretn\u00e9l meg\u00e9rkezni az els\u0151 bring\u00e1s utad ut\u00e1n, jobb, ha olyan napot v\u00e1lasztasz, amikorra nem j\u00f3solnak zivatarokat. Ha m\u00e1r lesz rutinod, bev\u00e1llalhatsz es\u0151s napokat is, hamar meg fogod tanulni, hogyan v\u00e9dekezz a hideg v\u00edzcseppek ellen!<\/p>\n<h2><strong>8. \u00c1ll\u00edts k\u00e9t \u00e9breszt\u0151t!<br \/>\n<\/strong><\/h2>\n<p>Egyet arra az id\u0151pontra, amikor fel kell kelned, \u00e9s egyet arra, amikor el kell indulnod. \u00dagy sz\u00e1molj, hogy legyen id\u0151d k\u00e9nyelmesen megtenni az utat, lezuhanyozni, \u00e9s \u00e1t\u00f6lt\u00f6zni is!<\/p>\n","protected":false},"excerpt":{"rendered":"<p>Mi\u00f3ta j\u00e1tszol a gondolattal, hogy biciklivel j\u00e1rj dolgozni? Az ing\u00e1z\u00e1s \u00e9lvezetesebb, mint gondoln\u00e1d, a sz\u00f3rakoz\u00e1s mellett pedig ment\u00e1lis frissess\u00e9get is [&hellip;]<\/p>\n","protected":false},"author":71,"featured_media":8210,"comment_status":"open","ping_status":"open","sticky":false,"template":"","format":"standard","meta":{"footnotes":""},"categories":[9],"tags":[],"global-categories":[],"class_list":["post-8206","post","type-post","status-publish","format-standard","has-post-thumbnail","hentry","category-varosi-kerekparozas"],"yoast_head":"<!-- This site is optimized with the Yoast SEO Premium plugin v25.3 (Yoast SEO v25.9) - https:\/\/yoast.com\/wordpress\/plugins\/seo\/ -->\n<title>8 tan\u00e1cs, miel\u0151tt bring\u00e1val indulsz dolgozni<\/title>\n<meta name=\"description\" content=\"Mi\u00f3ta j\u00e1tszol a gondolattal, hogy biciklivel j\u00e1rj dolgozni?\" \/>\n<meta name=\"robots\" content=\"index, follow, max-snippet:-1, max-image-preview:large, max-video-preview:-1\" \/>\n<link rel=\"canonical\" href=\"https:\/\/www.welovecycling.com\/hu\/varosi-kerekparozas\/8-tanacs-mielott-bringaval-indulsz-dolgozni\/\" \/>\n<meta property=\"og:locale\" content=\"hu_HU\" \/>\n<meta property=\"og:type\" content=\"article\" \/>\n<meta property=\"og:title\" content=\"8 tan\u00e1cs, miel\u0151tt bring\u00e1val indulsz dolgozni\" \/>\n<meta property=\"og:description\" content=\"Mi\u00f3ta j\u00e1tszol a gondolattal, hogy biciklivel j\u00e1rj dolgozni?\" \/>\n<meta property=\"og:url\" content=\"https:\/\/www.welovecycling.com\/hu\/varosi-kerekparozas\/8-tanacs-mielott-bringaval-indulsz-dolgozni\/\" \/>\n<meta property=\"og:site_name\" content=\"\u0160koda We Love Cycling - Magyarorsz\u00e1g\" \/>\n<meta property=\"article:publisher\" content=\"https:\/\/www.facebook.com\/WeLoveCyclingHungary\/\" \/>\n<meta property=\"article:published_time\" content=\"2020-08-07T07:00:26+00:00\" \/>\n<meta property=\"og:image\" content=\"https:\/\/d2p6e6u75xmxt8.cloudfront.net\/12\/2020\/07\/Cycling-to-Work-CVR-profimedia-0285170919.jpg\" \/>\n\t<meta property=\"og:image:width\" content=\"1366\" \/>\n\t<meta property=\"og:image:height\" content=\"600\" \/>\n\t<meta property=\"og:image:type\" content=\"image\/jpeg\" \/>\n<meta name=\"author\" content=\"hegyizs\" \/>\n<meta name=\"twitter:card\" content=\"summary_large_image\" \/>\n<meta name=\"twitter:label1\" content=\"Written by\" \/>\n\t<meta name=\"twitter:data1\" content=\"Adam Marsal\" \/>\n\t<meta name=\"twitter:label2\" content=\"Est. reading time\" \/>\n\t<meta name=\"twitter:data2\" content=\"5\" \/>\n<script type=\"application\/ld+json\" class=\"yoast-schema-graph\">{\"@context\":\"https:\/\/schema.org\",\"@graph\":[{\"@type\":\"WebPage\",\"@id\":\"https:\/\/www.welovecycling.com\/hu\/varosi-kerekparozas\/8-tanacs-mielott-bringaval-indulsz-dolgozni\/\",\"url\":\"https:\/\/www.welovecycling.com\/hu\/varosi-kerekparozas\/8-tanacs-mielott-bringaval-indulsz-dolgozni\/\",\"name\":\"8 tan\u00e1cs, miel\u0151tt bring\u00e1val indulsz dolgozni\",\"isPartOf\":{\"@id\":\"https:\/\/www.welovecycling.com\/hu\/#website\"},\"primaryImageOfPage\":{\"@id\":\"https:\/\/www.welovecycling.com\/hu\/varosi-kerekparozas\/8-tanacs-mielott-bringaval-indulsz-dolgozni\/#primaryimage\"},\"image\":{\"@id\":\"https:\/\/www.welovecycling.com\/hu\/varosi-kerekparozas\/8-tanacs-mielott-bringaval-indulsz-dolgozni\/#primaryimage\"},\"thumbnailUrl\":\"https:\/\/d2p6e6u75xmxt8.cloudfront.net\/12\/2020\/07\/Cycling-to-Work-CVR-profimedia-0285170919.jpg\",\"datePublished\":\"2020-08-07T07:00:26+00:00\",\"author\":{\"@id\":\"https:\/\/www.welovecycling.com\/hu\/#\/schema\/person\/414a2aebf1801691a5320edb6468e194\"},\"description\":\"Mi\u00f3ta j\u00e1tszol a gondolattal, hogy biciklivel j\u00e1rj dolgozni?\",\"breadcrumb\":{\"@id\":\"https:\/\/www.welovecycling.com\/hu\/varosi-kerekparozas\/8-tanacs-mielott-bringaval-indulsz-dolgozni\/#breadcrumb\"},\"inLanguage\":\"hu\",\"potentialAction\":[{\"@type\":\"ReadAction\",\"target\":[\"https:\/\/www.welovecycling.com\/hu\/varosi-kerekparozas\/8-tanacs-mielott-bringaval-indulsz-dolgozni\/\"]}]},{\"@type\":\"ImageObject\",\"inLanguage\":\"hu\",\"@id\":\"https:\/\/www.welovecycling.com\/hu\/varosi-kerekparozas\/8-tanacs-mielott-bringaval-indulsz-dolgozni\/#primaryimage\",\"url\":\"https:\/\/d2p6e6u75xmxt8.cloudfront.net\/12\/2020\/07\/Cycling-to-Work-CVR-profimedia-0285170919.jpg\",\"contentUrl\":\"https:\/\/d2p6e6u75xmxt8.cloudfront.net\/12\/2020\/07\/Cycling-to-Work-CVR-profimedia-0285170919.jpg\",\"width\":1366,\"height\":600,\"caption\":\"Cycling to Work\"},{\"@type\":\"BreadcrumbList\",\"@id\":\"https:\/\/www.welovecycling.com\/hu\/varosi-kerekparozas\/8-tanacs-mielott-bringaval-indulsz-dolgozni\/#breadcrumb\",\"itemListElement\":[{\"@type\":\"ListItem\",\"position\":1,\"name\":\"Home\",\"item\":\"https:\/\/www.welovecycling.com\/hu\/\"},{\"@type\":\"ListItem\",\"position\":2,\"name\":\"8 tan\u00e1cs, miel\u0151tt bring\u00e1val indulsz dolgozni\"}]},{\"@type\":\"WebSite\",\"@id\":\"https:\/\/www.welovecycling.com\/hu\/#website\",\"url\":\"https:\/\/www.welovecycling.com\/hu\/\",\"name\":\"\u0160koda We Love Cycling - Magyarorsz\u00e1g\",\"description\":\"\u0160koda WeLoveCycling\",\"potentialAction\":[{\"@type\":\"SearchAction\",\"target\":{\"@type\":\"EntryPoint\",\"urlTemplate\":\"https:\/\/www.welovecycling.com\/hu\/?s={search_term_string}\"},\"query-input\":{\"@type\":\"PropertyValueSpecification\",\"valueRequired\":true,\"valueName\":\"search_term_string\"}}],\"inLanguage\":\"hu\"},{\"@type\":\"Person\",\"@id\":\"https:\/\/www.welovecycling.com\/hu\/#\/schema\/person\/414a2aebf1801691a5320edb6468e194\",\"name\":\"hegyizs\",\"image\":{\"@type\":\"ImageObject\",\"inLanguage\":\"hu\",\"@id\":\"https:\/\/www.welovecycling.com\/hu\/#\/schema\/person\/image\/\",\"url\":\"https:\/\/secure.gravatar.com\/avatar\/02cf8a7906b8cf90cecb4679defac7cfd33a1c2e3b88e4903d947f3bb58eedd3?s=96&d=mm&r=g\",\"contentUrl\":\"https:\/\/secure.gravatar.com\/avatar\/02cf8a7906b8cf90cecb4679defac7cfd33a1c2e3b88e4903d947f3bb58eedd3?s=96&d=mm&r=g\",\"caption\":\"hegyizs\"},\"url\":\"https:\/\/www.welovecycling.com\/hu\/author\/hegyizs\/\"}]}<\/script>\n<!-- \/ Yoast SEO Premium plugin. -->","yoast_head_json":{"title":"8 tan\u00e1cs, miel\u0151tt bring\u00e1val indulsz dolgozni","description":"Mi\u00f3ta j\u00e1tszol a gondolattal, hogy biciklivel j\u00e1rj dolgozni?","robots":{"index":"index","follow":"follow","max-snippet":"max-snippet:-1","max-image-preview":"max-image-preview:large","max-video-preview":"max-video-preview:-1"},"canonical":"https:\/\/www.welovecycling.com\/hu\/varosi-kerekparozas\/8-tanacs-mielott-bringaval-indulsz-dolgozni\/","og_locale":"hu_HU","og_type":"article","og_title":"8 tan\u00e1cs, miel\u0151tt bring\u00e1val indulsz dolgozni","og_description":"Mi\u00f3ta j\u00e1tszol a gondolattal, hogy biciklivel j\u00e1rj dolgozni?","og_url":"https:\/\/www.welovecycling.com\/hu\/varosi-kerekparozas\/8-tanacs-mielott-bringaval-indulsz-dolgozni\/","og_site_name":"\u0160koda We Love Cycling - Magyarorsz\u00e1g","article_publisher":"https:\/\/www.facebook.com\/WeLoveCyclingHungary\/","article_published_time":"2020-08-07T07:00:26+00:00","og_image":[{"width":1366,"height":600,"url":"https:\/\/d2p6e6u75xmxt8.cloudfront.net\/12\/2020\/07\/Cycling-to-Work-CVR-profimedia-0285170919.jpg","type":"image\/jpeg"}],"author":"hegyizs","twitter_card":"summary_large_image","twitter_misc":{"Written by":"Adam Marsal","Est. reading time":"5"},"schema":{"@context":"https:\/\/schema.org","@graph":[{"@type":"WebPage","@id":"https:\/\/www.welovecycling.com\/hu\/varosi-kerekparozas\/8-tanacs-mielott-bringaval-indulsz-dolgozni\/","url":"https:\/\/www.welovecycling.com\/hu\/varosi-kerekparozas\/8-tanacs-mielott-bringaval-indulsz-dolgozni\/","name":"8 tan\u00e1cs, miel\u0151tt bring\u00e1val indulsz dolgozni","isPartOf":{"@id":"https:\/\/www.welovecycling.com\/hu\/#website"},"primaryImageOfPage":{"@id":"https:\/\/www.welovecycling.com\/hu\/varosi-kerekparozas\/8-tanacs-mielott-bringaval-indulsz-dolgozni\/#primaryimage"},"image":{"@id":"https:\/\/www.welovecycling.com\/hu\/varosi-kerekparozas\/8-tanacs-mielott-bringaval-indulsz-dolgozni\/#primaryimage"},"thumbnailUrl":"https:\/\/d2p6e6u75xmxt8.cloudfront.net\/12\/2020\/07\/Cycling-to-Work-CVR-profimedia-0285170919.jpg","datePublished":"2020-08-07T07:00:26+00:00","author":{"@id":"https:\/\/www.welovecycling.com\/hu\/#\/schema\/person\/414a2aebf1801691a5320edb6468e194"},"description":"Mi\u00f3ta j\u00e1tszol a gondolattal, hogy biciklivel j\u00e1rj dolgozni?","breadcrumb":{"@id":"https:\/\/www.welovecycling.com\/hu\/varosi-kerekparozas\/8-tanacs-mielott-bringaval-indulsz-dolgozni\/#breadcrumb"},"inLanguage":"hu","potentialAction":[{"@type":"ReadAction","target":["https:\/\/www.welovecycling.com\/hu\/varosi-kerekparozas\/8-tanacs-mielott-bringaval-indulsz-dolgozni\/"]}]},{"@type":"ImageObject","inLanguage":"hu","@id":"https:\/\/www.welovecycling.com\/hu\/varosi-kerekparozas\/8-tanacs-mielott-bringaval-indulsz-dolgozni\/#primaryimage","url":"https:\/\/d2p6e6u75xmxt8.cloudfront.net\/12\/2020\/07\/Cycling-to-Work-CVR-profimedia-0285170919.jpg","contentUrl":"https:\/\/d2p6e6u75xmxt8.cloudfront.net\/12\/2020\/07\/Cycling-to-Work-CVR-profimedia-0285170919.jpg","width":1366,"height":600,"caption":"Cycling to Work"},{"@type":"BreadcrumbList","@id":"https:\/\/www.welovecycling.com\/hu\/varosi-kerekparozas\/8-tanacs-mielott-bringaval-indulsz-dolgozni\/#breadcrumb","itemListElement":[{"@type":"ListItem","position":1,"name":"Home","item":"https:\/\/www.welovecycling.com\/hu\/"},{"@type":"ListItem","position":2,"name":"8 tan\u00e1cs, miel\u0151tt bring\u00e1val indulsz dolgozni"}]},{"@type":"WebSite","@id":"https:\/\/www.welovecycling.com\/hu\/#website","url":"https:\/\/www.welovecycling.com\/hu\/","name":"\u0160koda We Love Cycling - Magyarorsz\u00e1g","description":"\u0160koda WeLoveCycling","potentialAction":[{"@type":"SearchAction","target":{"@type":"EntryPoint","urlTemplate":"https:\/\/www.welovecycling.com\/hu\/?s={search_term_string}"},"query-input":{"@type":"PropertyValueSpecification","valueRequired":true,"valueName":"search_term_string"}}],"inLanguage":"hu"},{"@type":"Person","@id":"https:\/\/www.welovecycling.com\/hu\/#\/schema\/person\/414a2aebf1801691a5320edb6468e194","name":"hegyizs","image":{"@type":"ImageObject","inLanguage":"hu","@id":"https:\/\/www.welovecycling.com\/hu\/#\/schema\/person\/image\/","url":"https:\/\/secure.gravatar.com\/avatar\/02cf8a7906b8cf90cecb4679defac7cfd33a1c2e3b88e4903d947f3bb58eedd3?s=96&d=mm&r=g","contentUrl":"https:\/\/secure.gravatar.com\/avatar\/02cf8a7906b8cf90cecb4679defac7cfd33a1c2e3b88e4903d947f3bb58eedd3?s=96&d=mm&r=g","caption":"hegyizs"},"url":"https:\/\/www.welovecycling.com\/hu\/author\/hegyizs\/"}]}},"_links":{"self":[{"href":"https:\/\/www.welovecycling.com\/hu\/wp-json\/wp\/v2\/posts\/8206","targetHints":{"allow":["GET"]}}],"collection":[{"href":"https:\/\/www.welovecycling.com\/hu\/wp-json\/wp\/v2\/posts"}],"about":[{"href":"https:\/\/www.welovecycling.com\/hu\/wp-json\/wp\/v2\/types\/post"}],"author":[{"embeddable":true,"href":"https:\/\/www.welovecycling.com\/hu\/wp-json\/wp\/v2\/users\/71"}],"replies":[{"embeddable":true,"href":"https:\/\/www.welovecycling.com\/hu\/wp-json\/wp\/v2\/comments?post=8206"}],"version-history":[{"count":2,"href":"https:\/\/www.welovecycling.com\/hu\/wp-json\/wp\/v2\/posts\/8206\/revisions"}],"predecessor-version":[{"id":8223,"href":"https:\/\/www.welovecycling.com\/hu\/wp-json\/wp\/v2\/posts\/8206\/revisions\/8223"}],"wp:featuredmedia":[{"embeddable":true,"href":"https:\/\/www.welovecycling.com\/hu\/wp-json\/wp\/v2\/media\/8210"}],"wp:attachment":[{"href":"https:\/\/www.welovecycling.com\/hu\/wp-json\/wp\/v2\/media?parent=8206"}],"wp:term":[{"taxonomy":"category","embeddable":true,"href":"https:\/\/www.welovecycling.com\/hu\/wp-json\/wp\/v2\/categories?post=8206"},{"taxonomy":"post_tag","embeddable":true,"href":"https:\/\/www.welovecycling.com\/hu\/wp-json\/wp\/v2\/tags?post=8206"},{"taxonomy":"global-categories","embeddable":true,"href":"https:\/\/www.welovecycling.com\/hu\/wp-json\/wp\/v2\/global-categories?post=8206"}],"curies":[{"name":"wp","href":"https:\/\/api.w.org\/{rel}","templated":true}]}}