{"id":8202,"date":"2020-08-05T08:00:06","date_gmt":"2020-08-05T07:00:06","guid":{"rendered":"https:\/\/www.welovecycling.com\/hu\/?p=8202"},"modified":"2020-08-04T10:19:15","modified_gmt":"2020-08-04T09:19:15","slug":"igy-talald-fel-a-kozossegi-kerekpart-hogy-aztan-senki-ne-emlekezzen-rad","status":"publish","type":"post","link":"https:\/\/www.welovecycling.com\/hu\/orszaguti-kerekpar\/igy-talald-fel-a-kozossegi-kerekpart-hogy-aztan-senki-ne-emlekezzen-rad\/","title":{"rendered":"\u00cdgy tal\u00e1ld fel a k\u00f6z\u00f6ss\u00e9gi ker\u00e9kp\u00e1rt, hogy azt\u00e1n senki ne eml\u00e9kezzen r\u00e1d"},"content":{"rendered":"<p><strong>2020-ban \u00fagy t\u0171nhet, Hollandia mindig is ker\u00e9kp\u00e1ros nemzet volt, azonban csak 50 \u00e9vet kell visszaugranunk az id\u0151ben, hogy l\u00e1ssuk, ez nem igaz. Rengeteg id\u0151be \u00e9s er\u0151fesz\u00edt\u00e9sbe telt, hogy a biciklik megh\u00f3d\u00edts\u00e1k az utakat. J\u00f3 p\u00e9lda erre a k\u00f6z\u00f6ss\u00e9gi bring\u00e1k kialakul\u00e1s\u00e1nak t\u00f6rt\u00e9nete.<\/strong><!--more--><\/p>\n<p>Ahogy az lenni szokott, minden egy radik\u00e1lis csoporttal kezd\u0151d\u00f6tt, amely elhat\u00e1rozta, hogy megv\u00e1ltoztatja az akkoriban uralkod\u00f3 rendszert. A sz\u00f3ban forg\u00f3 \u201eProvo\u201d (a provok\u00e1lni sz\u00f3b\u00f3l) az 1960-as \u00e9vekben alakult, a doh\u00e1nyz\u00e1s-ellenes Robert Jasper Grootveld gondolataira \u00e9s elveire \u00e9p\u00fclve. Hamarosan a mozgalom m\u00e1s ter\u00fcleteket is be\u00e9p\u00edtett a programj\u00e1ba, \u00edgy egyre nagyobb \u00e9s nagyobb lett. Els\u0151 ki\u00e1ltv\u00e1nyukb\u00f3l (Provocation No. 5.) m\u00e1r egy\u00e9rtelm\u0171en kiolvashat\u00f3 volt, hogy a ker\u00e9kp\u00e1roz\u00e1ssal is akt\u00edvan foglalkoznak, hiszen ebben l\u00e1tt\u00e1k az amszterdami l\u00e9gszennyezetts\u00e9g megold\u00e1s\u00e1t. Ahhoz, hogy el\u00e9rj\u00e9k a c\u00e9ljaikat, a v\u00e1rosi ker\u00e9kp\u00e1roz\u00e1s akt\u00edv n\u00e9pszer\u0171s\u00edt\u00e9s\u00e9be fogtak: eg\u00e9sz pontosan a k\u00f6z\u00f6ss\u00e9gi bicikliz\u00e9s rendszer\u00e9nek kialak\u00edt\u00e1s\u00e1ba v\u00e1gtak bele.<\/p>\n<figure id=\"attachment_8203\" aria-describedby=\"caption-attachment-8203\" style=\"width: 582px\" class=\"wp-caption alignnone\"><img loading=\"lazy\" decoding=\"async\" class=\"size-full wp-image-8203\" src=\"https:\/\/d2p6e6u75xmxt8.cloudfront.net\/12\/2020\/07\/Luud_Schimmelpennink_1967.jpg\" alt=\"\" width=\"582\" height=\"776\" \/><figcaption id=\"caption-attachment-8203\" class=\"wp-caption-text\"><em>Luud Schimmelpennink, 1967<\/em><\/figcaption><\/figure>\n<p>Az \u00fagynevezett \u201eFeh\u00e9r Ker\u00e9kp\u00e1r Terv\u201d legnagyobb t\u00e1mogat\u00f3ja egy ragyog\u00f3 \u00e9s kimondhatatlan nev\u0171 f\u00e9rfi volt: Laurens Maria Hendrikus Schimmelpennink, akire a tov\u00e1bbiakban csak Luud Schimmelpenninkk\u00e9nt hivatkozunk. Igazi gondolkod\u00f3k\u00e9nt brili\u00e1ns \u00f6tlettel \u00e1llt el\u0151: v\u00e1s\u00e1roljon Amszterdam \u00f6nkorm\u00e1nyzata \u00e9vente 20.000 ker\u00e9kp\u00e1rt \u00e9s hagyja ezeket az utc\u00e1n, hogy b\u00e1rki szabadon haszn\u00e1lhassa \u0151ket!<\/p>\n<p>Schimmelpennink terve sajnos nem aratott nagy sikert: a v\u00e1rosi hat\u00f3s\u00e1gok elvetett\u00e9k az \u00f6tletet. De az elk\u00f6telezett elme soha nem adja fel! A Provo mozgalom \u00fagy d\u00f6nt\u00f6tt, hogy az \u00e1llam seg\u00edts\u00e9ge n\u00e9lk\u00fcl is megval\u00f3s\u00edtj\u00e1k az elk\u00e9pzel\u00e9st: 50 biciklit v\u00e1s\u00e1roltak \u00e9s festettek feh\u00e9rre, hogy az utc\u00e1n hagyj\u00e1k \u0151ket. A Feh\u00e9r Ker\u00e9kp\u00e1r Terv elindult! Ironikus m\u00f3don, v\u00e9g\u00fcl a rend\u0151rs\u00e9g volt az, aki elkobozta az ingyenes j\u00e1rg\u00e1nyokat. A mozgalom ugyanis megs\u00e9rtette azt az \u00f6nkorm\u00e1nyzati rendeletet, ami kimondja, hogy az \u0151rizetlen\u00fcl hagyott ker\u00e9kp\u00e1rokat le kell z\u00e1rni.<\/p>\n<div id='gallery-1' class='gallery galleryid-8202 gallery-columns-2 gallery-size-large'><figure class='gallery-item'>\n\t\t\t<div class='gallery-icon landscape'>\n\t\t\t\t<a href='https:\/\/d2p6e6u75xmxt8.cloudfront.net\/12\/2020\/07\/Screen-shot-2014-05-12-at-3.51.41-PM1.png'><img loading=\"lazy\" decoding=\"async\" width=\"470\" height=\"343\" src=\"https:\/\/d2p6e6u75xmxt8.cloudfront.net\/12\/2020\/07\/Screen-shot-2014-05-12-at-3.51.41-PM1.png\" class=\"attachment-large size-large\" alt=\"White Bicycle Plan\" \/><\/a>\n\t\t\t<\/div><\/figure><figure class='gallery-item'>\n\t\t\t<div class='gallery-icon landscape'>\n\t\t\t\t<a href='https:\/\/d2p6e6u75xmxt8.cloudfront.net\/12\/2020\/07\/white-bike-2.jpg'><img loading=\"lazy\" decoding=\"async\" width=\"600\" height=\"494\" src=\"https:\/\/d2p6e6u75xmxt8.cloudfront.net\/12\/2020\/07\/white-bike-2.jpg\" class=\"attachment-large size-large\" alt=\"\" \/><\/a>\n\t\t\t<\/div><\/figure>\n\t\t<\/div>\n\n<p>Szerencs\u00e9re a rend\u0151rs\u00e9g visszaadta a csoportnak az elkobzott bicikliket, \u00edgy a Provo tagjai tov\u00e1bb gondolkodhattak a megold\u00e1son. Felszerelt\u00e9k a j\u00e1rm\u0171veket z\u00e1rakkal \u00e9s r\u00e1juk festett\u00e9k a k\u00f3dot. B\u00e1rmennyire is ravasz volt az \u00f6tlet, v\u00e9g\u00fcl Schimmelpennink t\u00f6bbet akart: csatlakozott a V\u00e1rosi Tan\u00e1cshoz, \u00e9s bel\u00fclr\u0151l pr\u00f3b\u00e1lta v\u00e9ghezvinni, hogy a k\u00f6z\u00f6ss\u00e9gi ker\u00e9kp\u00e1rok biztos\u00edt\u00e1sa \u00f6nkorm\u00e1nyzati feladat legyen.<\/p>\n<p>Luud Schimmelpennink elk\u00e9pzel\u00e9sei ihlett\u00e9k azt a rendszert, amit ma m\u00e1s sz\u00e1mos eur\u00f3pai v\u00e1rosb\u00f3l ismerhet\u00fcnk. Mint annyi j\u00f6v\u0151be l\u00e1t\u00f3 embernek, neki sem siker\u00fclt \u00e9lete sor\u00e1n v\u00e9ghezvinni a terveit, azonban olyan magokat vetett el akkoriban, melyek kics\u00edr\u00e1zva megv\u00e1ltoztatt\u00e1k Hollandia arculat\u00e1t.<\/p>\n","protected":false},"excerpt":{"rendered":"<p>2020-ban \u00fagy t\u0171nhet, Hollandia mindig is ker\u00e9kp\u00e1ros nemzet volt, azonban csak 50 \u00e9vet kell visszaugranunk az id\u0151ben, hogy l\u00e1ssuk, ez [&hellip;]<\/p>\n","protected":false},"author":71,"featured_media":8205,"comment_status":"open","ping_status":"open","sticky":false,"template":"","format":"standard","meta":{"footnotes":""},"categories":[8],"tags":[],"global-categories":[],"class_list":["post-8202","post","type-post","status-publish","format-standard","has-post-thumbnail","hentry","category-orszaguti-kerekpar"],"yoast_head":"<!-- This site is optimized with the Yoast SEO Premium plugin v25.3 (Yoast SEO v25.9) - https:\/\/yoast.com\/wordpress\/plugins\/seo\/ -->\n<title>\u00cdgy tal\u00e1ld fel a k\u00f6z\u00f6ss\u00e9gi ker\u00e9kp\u00e1rt, hogy azt\u00e1n senki ne eml\u00e9kezzen r\u00e1d<\/title>\n<meta name=\"description\" content=\"2020-ban \u00fagy t\u0171nhet, Hollandia mindig is ker\u00e9kp\u00e1ros nemzet volt, azonban csak 50 \u00e9vet kell visszaugranunk az id\u0151ben, hogy l\u00e1ssuk, ez nem igaz.\" \/>\n<meta name=\"robots\" content=\"index, follow, max-snippet:-1, max-image-preview:large, max-video-preview:-1\" \/>\n<link rel=\"canonical\" href=\"https:\/\/www.welovecycling.com\/hu\/orszaguti-kerekpar\/igy-talald-fel-a-kozossegi-kerekpart-hogy-aztan-senki-ne-emlekezzen-rad\/\" \/>\n<meta property=\"og:locale\" content=\"hu_HU\" \/>\n<meta property=\"og:type\" content=\"article\" \/>\n<meta property=\"og:title\" content=\"\u00cdgy tal\u00e1ld fel a k\u00f6z\u00f6ss\u00e9gi ker\u00e9kp\u00e1rt, hogy azt\u00e1n senki ne eml\u00e9kezzen r\u00e1d\" \/>\n<meta property=\"og:description\" content=\"2020-ban \u00fagy t\u0171nhet, Hollandia mindig is ker\u00e9kp\u00e1ros nemzet volt, azonban csak 50 \u00e9vet kell visszaugranunk az id\u0151ben, hogy l\u00e1ssuk, ez nem igaz.\" \/>\n<meta property=\"og:url\" content=\"https:\/\/www.welovecycling.com\/hu\/orszaguti-kerekpar\/igy-talald-fel-a-kozossegi-kerekpart-hogy-aztan-senki-ne-emlekezzen-rad\/\" \/>\n<meta property=\"og:site_name\" content=\"\u0160koda We Love Cycling - Magyarorsz\u00e1g\" \/>\n<meta property=\"article:publisher\" content=\"https:\/\/www.facebook.com\/WeLoveCyclingHungary\/\" \/>\n<meta property=\"article:published_time\" content=\"2020-08-05T07:00:06+00:00\" \/>\n<meta property=\"og:image\" content=\"https:\/\/d2p6e6u75xmxt8.cloudfront.net\/12\/2020\/07\/Bike-Sharing-CVR-profimedia-0402871453.jpg\" \/>\n\t<meta property=\"og:image:width\" content=\"1366\" \/>\n\t<meta property=\"og:image:height\" content=\"600\" \/>\n\t<meta property=\"og:image:type\" content=\"image\/jpeg\" \/>\n<meta name=\"author\" content=\"hegyizs\" \/>\n<meta name=\"twitter:card\" content=\"summary_large_image\" \/>\n<meta name=\"twitter:label1\" content=\"Written by\" \/>\n\t<meta name=\"twitter:data1\" content=\"Tereza Antonova\" \/>\n\t<meta name=\"twitter:label2\" content=\"Est. reading time\" \/>\n\t<meta name=\"twitter:data2\" content=\"5\" \/>\n<script type=\"application\/ld+json\" class=\"yoast-schema-graph\">{\"@context\":\"https:\/\/schema.org\",\"@graph\":[{\"@type\":\"WebPage\",\"@id\":\"https:\/\/www.welovecycling.com\/hu\/orszaguti-kerekpar\/igy-talald-fel-a-kozossegi-kerekpart-hogy-aztan-senki-ne-emlekezzen-rad\/\",\"url\":\"https:\/\/www.welovecycling.com\/hu\/orszaguti-kerekpar\/igy-talald-fel-a-kozossegi-kerekpart-hogy-aztan-senki-ne-emlekezzen-rad\/\",\"name\":\"\u00cdgy tal\u00e1ld fel a k\u00f6z\u00f6ss\u00e9gi ker\u00e9kp\u00e1rt, hogy azt\u00e1n senki ne eml\u00e9kezzen r\u00e1d\",\"isPartOf\":{\"@id\":\"https:\/\/www.welovecycling.com\/hu\/#website\"},\"primaryImageOfPage\":{\"@id\":\"https:\/\/www.welovecycling.com\/hu\/orszaguti-kerekpar\/igy-talald-fel-a-kozossegi-kerekpart-hogy-aztan-senki-ne-emlekezzen-rad\/#primaryimage\"},\"image\":{\"@id\":\"https:\/\/www.welovecycling.com\/hu\/orszaguti-kerekpar\/igy-talald-fel-a-kozossegi-kerekpart-hogy-aztan-senki-ne-emlekezzen-rad\/#primaryimage\"},\"thumbnailUrl\":\"https:\/\/d2p6e6u75xmxt8.cloudfront.net\/12\/2020\/07\/Bike-Sharing-CVR-profimedia-0402871453.jpg\",\"datePublished\":\"2020-08-05T07:00:06+00:00\",\"author\":{\"@id\":\"https:\/\/www.welovecycling.com\/hu\/#\/schema\/person\/414a2aebf1801691a5320edb6468e194\"},\"description\":\"2020-ban \u00fagy t\u0171nhet, Hollandia mindig is ker\u00e9kp\u00e1ros nemzet volt, azonban csak 50 \u00e9vet kell visszaugranunk az id\u0151ben, hogy l\u00e1ssuk, ez nem igaz.\",\"breadcrumb\":{\"@id\":\"https:\/\/www.welovecycling.com\/hu\/orszaguti-kerekpar\/igy-talald-fel-a-kozossegi-kerekpart-hogy-aztan-senki-ne-emlekezzen-rad\/#breadcrumb\"},\"inLanguage\":\"hu\",\"potentialAction\":[{\"@type\":\"ReadAction\",\"target\":[\"https:\/\/www.welovecycling.com\/hu\/orszaguti-kerekpar\/igy-talald-fel-a-kozossegi-kerekpart-hogy-aztan-senki-ne-emlekezzen-rad\/\"]}]},{\"@type\":\"ImageObject\",\"inLanguage\":\"hu\",\"@id\":\"https:\/\/www.welovecycling.com\/hu\/orszaguti-kerekpar\/igy-talald-fel-a-kozossegi-kerekpart-hogy-aztan-senki-ne-emlekezzen-rad\/#primaryimage\",\"url\":\"https:\/\/d2p6e6u75xmxt8.cloudfront.net\/12\/2020\/07\/Bike-Sharing-CVR-profimedia-0402871453.jpg\",\"contentUrl\":\"https:\/\/d2p6e6u75xmxt8.cloudfront.net\/12\/2020\/07\/Bike-Sharing-CVR-profimedia-0402871453.jpg\",\"width\":1366,\"height\":600},{\"@type\":\"BreadcrumbList\",\"@id\":\"https:\/\/www.welovecycling.com\/hu\/orszaguti-kerekpar\/igy-talald-fel-a-kozossegi-kerekpart-hogy-aztan-senki-ne-emlekezzen-rad\/#breadcrumb\",\"itemListElement\":[{\"@type\":\"ListItem\",\"position\":1,\"name\":\"Home\",\"item\":\"https:\/\/www.welovecycling.com\/hu\/\"},{\"@type\":\"ListItem\",\"position\":2,\"name\":\"\u00cdgy tal\u00e1ld fel a k\u00f6z\u00f6ss\u00e9gi ker\u00e9kp\u00e1rt, hogy azt\u00e1n senki ne eml\u00e9kezzen r\u00e1d\"}]},{\"@type\":\"WebSite\",\"@id\":\"https:\/\/www.welovecycling.com\/hu\/#website\",\"url\":\"https:\/\/www.welovecycling.com\/hu\/\",\"name\":\"\u0160koda We Love Cycling - Magyarorsz\u00e1g\",\"description\":\"\u0160koda WeLoveCycling\",\"potentialAction\":[{\"@type\":\"SearchAction\",\"target\":{\"@type\":\"EntryPoint\",\"urlTemplate\":\"https:\/\/www.welovecycling.com\/hu\/?s={search_term_string}\"},\"query-input\":{\"@type\":\"PropertyValueSpecification\",\"valueRequired\":true,\"valueName\":\"search_term_string\"}}],\"inLanguage\":\"hu\"},{\"@type\":\"Person\",\"@id\":\"https:\/\/www.welovecycling.com\/hu\/#\/schema\/person\/414a2aebf1801691a5320edb6468e194\",\"name\":\"hegyizs\",\"image\":{\"@type\":\"ImageObject\",\"inLanguage\":\"hu\",\"@id\":\"https:\/\/www.welovecycling.com\/hu\/#\/schema\/person\/image\/\",\"url\":\"https:\/\/secure.gravatar.com\/avatar\/02cf8a7906b8cf90cecb4679defac7cfd33a1c2e3b88e4903d947f3bb58eedd3?s=96&d=mm&r=g\",\"contentUrl\":\"https:\/\/secure.gravatar.com\/avatar\/02cf8a7906b8cf90cecb4679defac7cfd33a1c2e3b88e4903d947f3bb58eedd3?s=96&d=mm&r=g\",\"caption\":\"hegyizs\"},\"url\":\"https:\/\/www.welovecycling.com\/hu\/author\/hegyizs\/\"}]}<\/script>\n<!-- \/ Yoast SEO Premium plugin. -->","yoast_head_json":{"title":"\u00cdgy tal\u00e1ld fel a k\u00f6z\u00f6ss\u00e9gi ker\u00e9kp\u00e1rt, hogy azt\u00e1n senki ne eml\u00e9kezzen r\u00e1d","description":"2020-ban \u00fagy t\u0171nhet, Hollandia mindig is ker\u00e9kp\u00e1ros nemzet volt, azonban csak 50 \u00e9vet kell visszaugranunk az id\u0151ben, hogy l\u00e1ssuk, ez nem igaz.","robots":{"index":"index","follow":"follow","max-snippet":"max-snippet:-1","max-image-preview":"max-image-preview:large","max-video-preview":"max-video-preview:-1"},"canonical":"https:\/\/www.welovecycling.com\/hu\/orszaguti-kerekpar\/igy-talald-fel-a-kozossegi-kerekpart-hogy-aztan-senki-ne-emlekezzen-rad\/","og_locale":"hu_HU","og_type":"article","og_title":"\u00cdgy tal\u00e1ld fel a k\u00f6z\u00f6ss\u00e9gi ker\u00e9kp\u00e1rt, hogy azt\u00e1n senki ne eml\u00e9kezzen r\u00e1d","og_description":"2020-ban \u00fagy t\u0171nhet, Hollandia mindig is ker\u00e9kp\u00e1ros nemzet volt, azonban csak 50 \u00e9vet kell visszaugranunk az id\u0151ben, hogy l\u00e1ssuk, ez nem igaz.","og_url":"https:\/\/www.welovecycling.com\/hu\/orszaguti-kerekpar\/igy-talald-fel-a-kozossegi-kerekpart-hogy-aztan-senki-ne-emlekezzen-rad\/","og_site_name":"\u0160koda We Love Cycling - Magyarorsz\u00e1g","article_publisher":"https:\/\/www.facebook.com\/WeLoveCyclingHungary\/","article_published_time":"2020-08-05T07:00:06+00:00","og_image":[{"width":1366,"height":600,"url":"https:\/\/d2p6e6u75xmxt8.cloudfront.net\/12\/2020\/07\/Bike-Sharing-CVR-profimedia-0402871453.jpg","type":"image\/jpeg"}],"author":"hegyizs","twitter_card":"summary_large_image","twitter_misc":{"Written by":"Tereza Antonova","Est. reading time":"5"},"schema":{"@context":"https:\/\/schema.org","@graph":[{"@type":"WebPage","@id":"https:\/\/www.welovecycling.com\/hu\/orszaguti-kerekpar\/igy-talald-fel-a-kozossegi-kerekpart-hogy-aztan-senki-ne-emlekezzen-rad\/","url":"https:\/\/www.welovecycling.com\/hu\/orszaguti-kerekpar\/igy-talald-fel-a-kozossegi-kerekpart-hogy-aztan-senki-ne-emlekezzen-rad\/","name":"\u00cdgy tal\u00e1ld fel a k\u00f6z\u00f6ss\u00e9gi ker\u00e9kp\u00e1rt, hogy azt\u00e1n senki ne eml\u00e9kezzen r\u00e1d","isPartOf":{"@id":"https:\/\/www.welovecycling.com\/hu\/#website"},"primaryImageOfPage":{"@id":"https:\/\/www.welovecycling.com\/hu\/orszaguti-kerekpar\/igy-talald-fel-a-kozossegi-kerekpart-hogy-aztan-senki-ne-emlekezzen-rad\/#primaryimage"},"image":{"@id":"https:\/\/www.welovecycling.com\/hu\/orszaguti-kerekpar\/igy-talald-fel-a-kozossegi-kerekpart-hogy-aztan-senki-ne-emlekezzen-rad\/#primaryimage"},"thumbnailUrl":"https:\/\/d2p6e6u75xmxt8.cloudfront.net\/12\/2020\/07\/Bike-Sharing-CVR-profimedia-0402871453.jpg","datePublished":"2020-08-05T07:00:06+00:00","author":{"@id":"https:\/\/www.welovecycling.com\/hu\/#\/schema\/person\/414a2aebf1801691a5320edb6468e194"},"description":"2020-ban \u00fagy t\u0171nhet, Hollandia mindig is ker\u00e9kp\u00e1ros nemzet volt, azonban csak 50 \u00e9vet kell visszaugranunk az id\u0151ben, hogy l\u00e1ssuk, ez nem igaz.","breadcrumb":{"@id":"https:\/\/www.welovecycling.com\/hu\/orszaguti-kerekpar\/igy-talald-fel-a-kozossegi-kerekpart-hogy-aztan-senki-ne-emlekezzen-rad\/#breadcrumb"},"inLanguage":"hu","potentialAction":[{"@type":"ReadAction","target":["https:\/\/www.welovecycling.com\/hu\/orszaguti-kerekpar\/igy-talald-fel-a-kozossegi-kerekpart-hogy-aztan-senki-ne-emlekezzen-rad\/"]}]},{"@type":"ImageObject","inLanguage":"hu","@id":"https:\/\/www.welovecycling.com\/hu\/orszaguti-kerekpar\/igy-talald-fel-a-kozossegi-kerekpart-hogy-aztan-senki-ne-emlekezzen-rad\/#primaryimage","url":"https:\/\/d2p6e6u75xmxt8.cloudfront.net\/12\/2020\/07\/Bike-Sharing-CVR-profimedia-0402871453.jpg","contentUrl":"https:\/\/d2p6e6u75xmxt8.cloudfront.net\/12\/2020\/07\/Bike-Sharing-CVR-profimedia-0402871453.jpg","width":1366,"height":600},{"@type":"BreadcrumbList","@id":"https:\/\/www.welovecycling.com\/hu\/orszaguti-kerekpar\/igy-talald-fel-a-kozossegi-kerekpart-hogy-aztan-senki-ne-emlekezzen-rad\/#breadcrumb","itemListElement":[{"@type":"ListItem","position":1,"name":"Home","item":"https:\/\/www.welovecycling.com\/hu\/"},{"@type":"ListItem","position":2,"name":"\u00cdgy tal\u00e1ld fel a k\u00f6z\u00f6ss\u00e9gi ker\u00e9kp\u00e1rt, hogy azt\u00e1n senki ne eml\u00e9kezzen r\u00e1d"}]},{"@type":"WebSite","@id":"https:\/\/www.welovecycling.com\/hu\/#website","url":"https:\/\/www.welovecycling.com\/hu\/","name":"\u0160koda We Love Cycling - Magyarorsz\u00e1g","description":"\u0160koda WeLoveCycling","potentialAction":[{"@type":"SearchAction","target":{"@type":"EntryPoint","urlTemplate":"https:\/\/www.welovecycling.com\/hu\/?s={search_term_string}"},"query-input":{"@type":"PropertyValueSpecification","valueRequired":true,"valueName":"search_term_string"}}],"inLanguage":"hu"},{"@type":"Person","@id":"https:\/\/www.welovecycling.com\/hu\/#\/schema\/person\/414a2aebf1801691a5320edb6468e194","name":"hegyizs","image":{"@type":"ImageObject","inLanguage":"hu","@id":"https:\/\/www.welovecycling.com\/hu\/#\/schema\/person\/image\/","url":"https:\/\/secure.gravatar.com\/avatar\/02cf8a7906b8cf90cecb4679defac7cfd33a1c2e3b88e4903d947f3bb58eedd3?s=96&d=mm&r=g","contentUrl":"https:\/\/secure.gravatar.com\/avatar\/02cf8a7906b8cf90cecb4679defac7cfd33a1c2e3b88e4903d947f3bb58eedd3?s=96&d=mm&r=g","caption":"hegyizs"},"url":"https:\/\/www.welovecycling.com\/hu\/author\/hegyizs\/"}]}},"_links":{"self":[{"href":"https:\/\/www.welovecycling.com\/hu\/wp-json\/wp\/v2\/posts\/8202","targetHints":{"allow":["GET"]}}],"collection":[{"href":"https:\/\/www.welovecycling.com\/hu\/wp-json\/wp\/v2\/posts"}],"about":[{"href":"https:\/\/www.welovecycling.com\/hu\/wp-json\/wp\/v2\/types\/post"}],"author":[{"embeddable":true,"href":"https:\/\/www.welovecycling.com\/hu\/wp-json\/wp\/v2\/users\/71"}],"replies":[{"embeddable":true,"href":"https:\/\/www.welovecycling.com\/hu\/wp-json\/wp\/v2\/comments?post=8202"}],"version-history":[{"count":2,"href":"https:\/\/www.welovecycling.com\/hu\/wp-json\/wp\/v2\/posts\/8202\/revisions"}],"predecessor-version":[{"id":8222,"href":"https:\/\/www.welovecycling.com\/hu\/wp-json\/wp\/v2\/posts\/8202\/revisions\/8222"}],"wp:featuredmedia":[{"embeddable":true,"href":"https:\/\/www.welovecycling.com\/hu\/wp-json\/wp\/v2\/media\/8205"}],"wp:attachment":[{"href":"https:\/\/www.welovecycling.com\/hu\/wp-json\/wp\/v2\/media?parent=8202"}],"wp:term":[{"taxonomy":"category","embeddable":true,"href":"https:\/\/www.welovecycling.com\/hu\/wp-json\/wp\/v2\/categories?post=8202"},{"taxonomy":"post_tag","embeddable":true,"href":"https:\/\/www.welovecycling.com\/hu\/wp-json\/wp\/v2\/tags?post=8202"},{"taxonomy":"global-categories","embeddable":true,"href":"https:\/\/www.welovecycling.com\/hu\/wp-json\/wp\/v2\/global-categories?post=8202"}],"curies":[{"name":"wp","href":"https:\/\/api.w.org\/{rel}","templated":true}]}}