{"id":8187,"date":"2020-08-01T08:00:39","date_gmt":"2020-08-01T07:00:39","guid":{"rendered":"https:\/\/www.welovecycling.com\/hu\/?p=8187"},"modified":"2020-07-24T16:24:51","modified_gmt":"2020-07-24T15:24:51","slug":"ezert-alszol-jobban-sportolas-utan","status":"publish","type":"post","link":"https:\/\/www.welovecycling.com\/hu\/edzes-es-eletmod\/ezert-alszol-jobban-sportolas-utan\/","title":{"rendered":"Ez\u00e9rt alszol jobban sportol\u00e1s ut\u00e1n"},"content":{"rendered":"<p><strong>A munkahelyi ing\u00e1z\u00e1s, a gyerekek fuvaroz\u00e1sa, \u00e9s a kora reggeli csoportos teker\u00e9sek az ut\u00f3bbi id\u0151ben elmaradtak, az \u00edgy felszabadult id\u0151t pedig sokan a felgy\u00fclemlett alv\u00e1shi\u00e1ny p\u00f3tl\u00e1s\u00e1ra ford\u00edtott\u00e1k. Azonban a t\u00f6bb alv\u00e1s nem felt\u00e9tlen\u00fcl pihentet\u0151bb.<\/strong><!--more--><\/p>\n<p>A pand\u00e9mia alatt \u00e1talakult alv\u00e1si szok\u00e1sokat, \u00e9s az \u00faj ritmus hat\u00e1s\u00e1t vizsg\u00e1lt\u00e1k a sv\u00e1jci tud\u00f3sok, amikor 435 embert k\u00e9rtek meg, hogy hat h\u00e9ten \u00e1t r\u00f6gz\u00edts\u00e9k alv\u00e1smennyis\u00e9g\u00fcket- \u00e9s min\u0151s\u00e9g\u00fcket, egy online felm\u00e9r\u00e9s keret\u00e9ben.<\/p>\n<p>A r\u00e9sztvev\u0151k egyharmada ak\u00e1r 50 perccel t\u00f6bbet aludt a karant\u00e9n alatt, mint kor\u00e1bban. Ez val\u00f3sz\u00edn\u0171leg nemcsak az ing\u00e1z\u00e1s megsz\u0171n\u00e9s\u00e9nek k\u00f6sz\u00f6nhet\u0151, hanem az \u00fan. \u201et\u00e1rsadalmi jetlag\u201d jelens\u00e9g\u00e9nek is. Ez a kifejez\u00e9s arra utal, hogy az emberek jobban be tudj\u00e1k \u00e1ll\u00edtani alv\u00e1sritmusukat saj\u00e1t biol\u00f3giai \u00f3r\u00e1juk szerint, mint k\u00fcls\u0151 szab\u00e1lyok \u00e9s esem\u00e9nyek alapj\u00e1n, mint p\u00e9ld\u00e1ul amikor k\u00e9s\u0151n \u00e9rnek haza.<\/p>\n<figure id=\"attachment_8189\" aria-describedby=\"caption-attachment-8189\" style=\"width: 1272px\" class=\"wp-caption aligncenter\"><img loading=\"lazy\" decoding=\"async\" class=\"size-full wp-image-8189\" src=\"https:\/\/d2p6e6u75xmxt8.cloudfront.net\/12\/2020\/07\/wlc202031_02.jpg\" alt=\"\" width=\"1272\" height=\"826\" \/><figcaption id=\"caption-attachment-8189\" class=\"wp-caption-text\">Ha biol\u00f3giai \u00f3r\u00e1nk szerint alak\u00edtjuk ki alv\u00e1sritmusunk, frissebben fogunk kelni. Fot\u00f3: pixabay.com<\/figcaption><\/figure>\n<p>Emellett az alanyok olyan min\u0151s\u00e9gi t\u00e9nyez\u0151kr\u0151l is besz\u00e1moltak, mint p\u00e9ld\u00e1ul az elalv\u00e1s neh\u00e9zs\u00e9ge, az \u00e9jszakai \u00e9bred\u00e9sek, az alv\u00e1sk\u00e9ptelens\u00e9g, a zajokra val\u00f3 reakci\u00f3, a reggeli frissess\u00e9g\u00e9rzet \u00e9s \u00f6sszess\u00e9g\u00e9ben az alv\u00e1s pihentet\u0151 jellege.<\/p>\n<p><em>\u201eSajnos a t\u00f6bb alv\u00e1s nem egyenesen ar\u00e1nyos a jobb alv\u00e1ssal\u201d<\/em> \u2013 magyar\u00e1zta a tanulm\u00e1ny vezet\u0151szerz\u0151je, Christine Blume. A Bicycling online magazinnak adott interj\u00faban elmondta, hogy val\u00f3j\u00e1ban az alv\u00e1s min\u0151s\u00e9g\u00e9nek roml\u00e1s\u00e1r\u00f3l sz\u00e1moltak be a kutat\u00e1s r\u00e9sztvev\u0151i, s\u0151t, olyanok is voltak, akik kevesebbet aludtak, mint kor\u00e1bban.<\/p>\n<p><em>\u201eEz nem meglep\u0151, hiszen az \u00faj szitu\u00e1ci\u00f3kkal mindig neh\u00e9z megk\u00fczdeni, az \u00f6n\u00e9rt\u00e9kel\u00e9s\u00fcnkre is hat\u00e1ssal lehet egy-egy ismeretlen helyzet\u201d<\/em> \u2013 tette hozz\u00e1 a szakember. <em>\u201e\u00c1ltal\u00e1ban az alv\u00e1s mennyis\u00e9ge nem ar\u00e1nyos a min\u0151s\u00e9g\u00e9vel, b\u00e1r k\u00e9ts\u00e9gtelen\u00fcl fontos aspektusa annak.\u201d<\/em><\/p>\n<h2><strong>Mit\u0151l alszunk jobban?<\/strong><\/h2>\n<p>A mozg\u00e1st\u00f3l, k\u00fcl\u00f6n\u00f6sen, ha a szabadban v\u00e9gezz\u00fck. Blume szerint a fizikai aktivit\u00e1s nagym\u00e9rt\u00e9kben befoly\u00e1solja az alv\u00e1s min\u0151s\u00e9g\u00e9t, a term\u00e9szetes napf\u00e9ny pedig szint\u00e9n hozz\u00e1j\u00e1rul a b\u00e9k\u00e9s \u00e9jszak\u00e1hoz, mivel seg\u00edti olyan hormonok szab\u00e1lyoz\u00e1s\u00e1t, mint p\u00e9ld\u00e1ul a melatonin \u00e9s a kortizol.<\/p>\n<p>M\u00e9g ha az emberek idej\u00fck nagy r\u00e9sz\u00e9t otthonukban t\u00f6lt\u00f6tt\u00e9k is, a testmozg\u00e1s seg\u00edtett nekik j\u00f3l aludni. Blume szerint az \u00f6n\u00e9rt\u00e9kel\u00e9si probl\u00e9m\u00e1k megsz\u0171n\u00e9s\u00e9hez is hozz\u00e1j\u00e1rul a sportol\u00e1s, ha pedig ki vagyunk b\u00e9k\u00fclve magunkkal, k\u00f6nnyebben \u00e9s zavartalanabbul alszunk.<\/p>\n<p><em>\u201eA testmozg\u00e1s lehet az egyik m\u00f3dja annak, hogy megbirk\u00f3zzunk a stresszel\u201d \u2013<\/em> magyar\u00e1zta Blume. <em>\u201eLehet\u0151s\u00e9get ad arra, hogy a t\u00f6bb alv\u00e1s jobb alv\u00e1shoz vezessen.\u201d<\/em><\/p>\n<p>Teh\u00e1t, ha rosszul alszol, nem az a megold\u00e1s, hogy egyre kor\u00e1bban \u00e9s kor\u00e1bban b\u00fajsz \u00e1gyba. \u00dclj nyeregbe \u00e9s ir\u00e1ny a term\u00e9szet!<\/p>\n<p><em>Forr\u00e1s: <\/em><a href=\"https:\/\/www.bicycling.com\/news\/a32932785\/sleep-quality-during-coronavirus-quarantine-study\/\"><em>bicycling.com<\/em><\/a><\/p>\n","protected":false},"excerpt":{"rendered":"<p>A munkahelyi ing\u00e1z\u00e1s, a gyerekek fuvaroz\u00e1sa, \u00e9s a kora reggeli csoportos teker\u00e9sek az ut\u00f3bbi id\u0151ben elmaradtak, az \u00edgy felszabadult id\u0151t [&hellip;]<\/p>\n","protected":false},"author":71,"featured_media":8188,"comment_status":"open","ping_status":"open","sticky":false,"template":"","format":"standard","meta":{"footnotes":""},"categories":[6],"tags":[],"global-categories":[],"class_list":["post-8187","post","type-post","status-publish","format-standard","has-post-thumbnail","hentry","category-edzes-es-eletmod"],"yoast_head":"<!-- This site is optimized with the Yoast SEO Premium plugin v25.3 (Yoast SEO v25.9) - https:\/\/yoast.com\/wordpress\/plugins\/seo\/ -->\n<title>Ez\u00e9rt alszol jobban sportol\u00e1s ut\u00e1n - \u0160koda We Love Cycling - Magyarorsz\u00e1g<\/title>\n<meta name=\"robots\" content=\"index, follow, max-snippet:-1, max-image-preview:large, max-video-preview:-1\" \/>\n<link rel=\"canonical\" href=\"https:\/\/www.welovecycling.com\/hu\/edzes-es-eletmod\/ezert-alszol-jobban-sportolas-utan\/\" \/>\n<meta property=\"og:locale\" content=\"hu_HU\" \/>\n<meta property=\"og:type\" content=\"article\" \/>\n<meta property=\"og:title\" content=\"Ez\u00e9rt alszol jobban sportol\u00e1s ut\u00e1n\" \/>\n<meta property=\"og:description\" content=\"A munkahelyi ing\u00e1z\u00e1s, a gyerekek fuvaroz\u00e1sa, \u00e9s a kora reggeli csoportos teker\u00e9sek az ut\u00f3bbi id\u0151ben elmaradtak, az \u00edgy felszabadult id\u0151t [&hellip;]\" \/>\n<meta property=\"og:url\" content=\"https:\/\/www.welovecycling.com\/hu\/edzes-es-eletmod\/ezert-alszol-jobban-sportolas-utan\/\" \/>\n<meta property=\"og:site_name\" content=\"\u0160koda We Love Cycling - Magyarorsz\u00e1g\" \/>\n<meta property=\"article:publisher\" content=\"https:\/\/www.facebook.com\/WeLoveCyclingHungary\/\" \/>\n<meta property=\"article:published_time\" content=\"2020-08-01T07:00:39+00:00\" \/>\n<meta property=\"og:image\" content=\"https:\/\/d2p6e6u75xmxt8.cloudfront.net\/12\/2020\/07\/wlc202031_01.jpg\" \/>\n\t<meta property=\"og:image:width\" content=\"1592\" \/>\n\t<meta property=\"og:image:height\" content=\"872\" \/>\n\t<meta property=\"og:image:type\" content=\"image\/jpeg\" \/>\n<meta name=\"author\" content=\"hegyizs\" \/>\n<meta name=\"twitter:card\" content=\"summary_large_image\" \/>\n<meta name=\"twitter:label1\" content=\"Written by\" \/>\n\t<meta name=\"twitter:data1\" content=\"WLC\" \/>\n\t<meta name=\"twitter:label2\" content=\"Est. reading time\" \/>\n\t<meta name=\"twitter:data2\" content=\"3 minutes\" \/>\n<script type=\"application\/ld+json\" class=\"yoast-schema-graph\">{\"@context\":\"https:\/\/schema.org\",\"@graph\":[{\"@type\":\"WebPage\",\"@id\":\"https:\/\/www.welovecycling.com\/hu\/edzes-es-eletmod\/ezert-alszol-jobban-sportolas-utan\/\",\"url\":\"https:\/\/www.welovecycling.com\/hu\/edzes-es-eletmod\/ezert-alszol-jobban-sportolas-utan\/\",\"name\":\"Ez\u00e9rt alszol jobban sportol\u00e1s ut\u00e1n - \u0160koda We Love Cycling - Magyarorsz\u00e1g\",\"isPartOf\":{\"@id\":\"https:\/\/www.welovecycling.com\/hu\/#website\"},\"primaryImageOfPage\":{\"@id\":\"https:\/\/www.welovecycling.com\/hu\/edzes-es-eletmod\/ezert-alszol-jobban-sportolas-utan\/#primaryimage\"},\"image\":{\"@id\":\"https:\/\/www.welovecycling.com\/hu\/edzes-es-eletmod\/ezert-alszol-jobban-sportolas-utan\/#primaryimage\"},\"thumbnailUrl\":\"https:\/\/d2p6e6u75xmxt8.cloudfront.net\/12\/2020\/07\/wlc202031_01.jpg\",\"datePublished\":\"2020-08-01T07:00:39+00:00\",\"author\":{\"@id\":\"https:\/\/www.welovecycling.com\/hu\/#\/schema\/person\/414a2aebf1801691a5320edb6468e194\"},\"breadcrumb\":{\"@id\":\"https:\/\/www.welovecycling.com\/hu\/edzes-es-eletmod\/ezert-alszol-jobban-sportolas-utan\/#breadcrumb\"},\"inLanguage\":\"hu\",\"potentialAction\":[{\"@type\":\"ReadAction\",\"target\":[\"https:\/\/www.welovecycling.com\/hu\/edzes-es-eletmod\/ezert-alszol-jobban-sportolas-utan\/\"]}]},{\"@type\":\"ImageObject\",\"inLanguage\":\"hu\",\"@id\":\"https:\/\/www.welovecycling.com\/hu\/edzes-es-eletmod\/ezert-alszol-jobban-sportolas-utan\/#primaryimage\",\"url\":\"https:\/\/d2p6e6u75xmxt8.cloudfront.net\/12\/2020\/07\/wlc202031_01.jpg\",\"contentUrl\":\"https:\/\/d2p6e6u75xmxt8.cloudfront.net\/12\/2020\/07\/wlc202031_01.jpg\",\"width\":1592,\"height\":872},{\"@type\":\"BreadcrumbList\",\"@id\":\"https:\/\/www.welovecycling.com\/hu\/edzes-es-eletmod\/ezert-alszol-jobban-sportolas-utan\/#breadcrumb\",\"itemListElement\":[{\"@type\":\"ListItem\",\"position\":1,\"name\":\"Home\",\"item\":\"https:\/\/www.welovecycling.com\/hu\/\"},{\"@type\":\"ListItem\",\"position\":2,\"name\":\"Ez\u00e9rt alszol jobban sportol\u00e1s ut\u00e1n\"}]},{\"@type\":\"WebSite\",\"@id\":\"https:\/\/www.welovecycling.com\/hu\/#website\",\"url\":\"https:\/\/www.welovecycling.com\/hu\/\",\"name\":\"\u0160koda We Love Cycling - Magyarorsz\u00e1g\",\"description\":\"\u0160koda WeLoveCycling\",\"potentialAction\":[{\"@type\":\"SearchAction\",\"target\":{\"@type\":\"EntryPoint\",\"urlTemplate\":\"https:\/\/www.welovecycling.com\/hu\/?s={search_term_string}\"},\"query-input\":{\"@type\":\"PropertyValueSpecification\",\"valueRequired\":true,\"valueName\":\"search_term_string\"}}],\"inLanguage\":\"hu\"},{\"@type\":\"Person\",\"@id\":\"https:\/\/www.welovecycling.com\/hu\/#\/schema\/person\/414a2aebf1801691a5320edb6468e194\",\"name\":\"hegyizs\",\"image\":{\"@type\":\"ImageObject\",\"inLanguage\":\"hu\",\"@id\":\"https:\/\/www.welovecycling.com\/hu\/#\/schema\/person\/image\/\",\"url\":\"https:\/\/secure.gravatar.com\/avatar\/02cf8a7906b8cf90cecb4679defac7cfd33a1c2e3b88e4903d947f3bb58eedd3?s=96&d=mm&r=g\",\"contentUrl\":\"https:\/\/secure.gravatar.com\/avatar\/02cf8a7906b8cf90cecb4679defac7cfd33a1c2e3b88e4903d947f3bb58eedd3?s=96&d=mm&r=g\",\"caption\":\"hegyizs\"},\"url\":\"https:\/\/www.welovecycling.com\/hu\/author\/hegyizs\/\"}]}<\/script>\n<!-- \/ Yoast SEO Premium plugin. -->","yoast_head_json":{"title":"Ez\u00e9rt alszol jobban sportol\u00e1s ut\u00e1n - \u0160koda We Love Cycling - Magyarorsz\u00e1g","robots":{"index":"index","follow":"follow","max-snippet":"max-snippet:-1","max-image-preview":"max-image-preview:large","max-video-preview":"max-video-preview:-1"},"canonical":"https:\/\/www.welovecycling.com\/hu\/edzes-es-eletmod\/ezert-alszol-jobban-sportolas-utan\/","og_locale":"hu_HU","og_type":"article","og_title":"Ez\u00e9rt alszol jobban sportol\u00e1s ut\u00e1n","og_description":"A munkahelyi ing\u00e1z\u00e1s, a gyerekek fuvaroz\u00e1sa, \u00e9s a kora reggeli csoportos teker\u00e9sek az ut\u00f3bbi id\u0151ben elmaradtak, az \u00edgy felszabadult id\u0151t [&hellip;]","og_url":"https:\/\/www.welovecycling.com\/hu\/edzes-es-eletmod\/ezert-alszol-jobban-sportolas-utan\/","og_site_name":"\u0160koda We Love Cycling - Magyarorsz\u00e1g","article_publisher":"https:\/\/www.facebook.com\/WeLoveCyclingHungary\/","article_published_time":"2020-08-01T07:00:39+00:00","og_image":[{"width":1592,"height":872,"url":"https:\/\/d2p6e6u75xmxt8.cloudfront.net\/12\/2020\/07\/wlc202031_01.jpg","type":"image\/jpeg"}],"author":"hegyizs","twitter_card":"summary_large_image","twitter_misc":{"Written by":"WLC","Est. reading time":"3 minutes"},"schema":{"@context":"https:\/\/schema.org","@graph":[{"@type":"WebPage","@id":"https:\/\/www.welovecycling.com\/hu\/edzes-es-eletmod\/ezert-alszol-jobban-sportolas-utan\/","url":"https:\/\/www.welovecycling.com\/hu\/edzes-es-eletmod\/ezert-alszol-jobban-sportolas-utan\/","name":"Ez\u00e9rt alszol jobban sportol\u00e1s ut\u00e1n - \u0160koda We Love Cycling - Magyarorsz\u00e1g","isPartOf":{"@id":"https:\/\/www.welovecycling.com\/hu\/#website"},"primaryImageOfPage":{"@id":"https:\/\/www.welovecycling.com\/hu\/edzes-es-eletmod\/ezert-alszol-jobban-sportolas-utan\/#primaryimage"},"image":{"@id":"https:\/\/www.welovecycling.com\/hu\/edzes-es-eletmod\/ezert-alszol-jobban-sportolas-utan\/#primaryimage"},"thumbnailUrl":"https:\/\/d2p6e6u75xmxt8.cloudfront.net\/12\/2020\/07\/wlc202031_01.jpg","datePublished":"2020-08-01T07:00:39+00:00","author":{"@id":"https:\/\/www.welovecycling.com\/hu\/#\/schema\/person\/414a2aebf1801691a5320edb6468e194"},"breadcrumb":{"@id":"https:\/\/www.welovecycling.com\/hu\/edzes-es-eletmod\/ezert-alszol-jobban-sportolas-utan\/#breadcrumb"},"inLanguage":"hu","potentialAction":[{"@type":"ReadAction","target":["https:\/\/www.welovecycling.com\/hu\/edzes-es-eletmod\/ezert-alszol-jobban-sportolas-utan\/"]}]},{"@type":"ImageObject","inLanguage":"hu","@id":"https:\/\/www.welovecycling.com\/hu\/edzes-es-eletmod\/ezert-alszol-jobban-sportolas-utan\/#primaryimage","url":"https:\/\/d2p6e6u75xmxt8.cloudfront.net\/12\/2020\/07\/wlc202031_01.jpg","contentUrl":"https:\/\/d2p6e6u75xmxt8.cloudfront.net\/12\/2020\/07\/wlc202031_01.jpg","width":1592,"height":872},{"@type":"BreadcrumbList","@id":"https:\/\/www.welovecycling.com\/hu\/edzes-es-eletmod\/ezert-alszol-jobban-sportolas-utan\/#breadcrumb","itemListElement":[{"@type":"ListItem","position":1,"name":"Home","item":"https:\/\/www.welovecycling.com\/hu\/"},{"@type":"ListItem","position":2,"name":"Ez\u00e9rt alszol jobban sportol\u00e1s ut\u00e1n"}]},{"@type":"WebSite","@id":"https:\/\/www.welovecycling.com\/hu\/#website","url":"https:\/\/www.welovecycling.com\/hu\/","name":"\u0160koda We Love Cycling - Magyarorsz\u00e1g","description":"\u0160koda WeLoveCycling","potentialAction":[{"@type":"SearchAction","target":{"@type":"EntryPoint","urlTemplate":"https:\/\/www.welovecycling.com\/hu\/?s={search_term_string}"},"query-input":{"@type":"PropertyValueSpecification","valueRequired":true,"valueName":"search_term_string"}}],"inLanguage":"hu"},{"@type":"Person","@id":"https:\/\/www.welovecycling.com\/hu\/#\/schema\/person\/414a2aebf1801691a5320edb6468e194","name":"hegyizs","image":{"@type":"ImageObject","inLanguage":"hu","@id":"https:\/\/www.welovecycling.com\/hu\/#\/schema\/person\/image\/","url":"https:\/\/secure.gravatar.com\/avatar\/02cf8a7906b8cf90cecb4679defac7cfd33a1c2e3b88e4903d947f3bb58eedd3?s=96&d=mm&r=g","contentUrl":"https:\/\/secure.gravatar.com\/avatar\/02cf8a7906b8cf90cecb4679defac7cfd33a1c2e3b88e4903d947f3bb58eedd3?s=96&d=mm&r=g","caption":"hegyizs"},"url":"https:\/\/www.welovecycling.com\/hu\/author\/hegyizs\/"}]}},"_links":{"self":[{"href":"https:\/\/www.welovecycling.com\/hu\/wp-json\/wp\/v2\/posts\/8187","targetHints":{"allow":["GET"]}}],"collection":[{"href":"https:\/\/www.welovecycling.com\/hu\/wp-json\/wp\/v2\/posts"}],"about":[{"href":"https:\/\/www.welovecycling.com\/hu\/wp-json\/wp\/v2\/types\/post"}],"author":[{"embeddable":true,"href":"https:\/\/www.welovecycling.com\/hu\/wp-json\/wp\/v2\/users\/71"}],"replies":[{"embeddable":true,"href":"https:\/\/www.welovecycling.com\/hu\/wp-json\/wp\/v2\/comments?post=8187"}],"version-history":[{"count":1,"href":"https:\/\/www.welovecycling.com\/hu\/wp-json\/wp\/v2\/posts\/8187\/revisions"}],"predecessor-version":[{"id":8190,"href":"https:\/\/www.welovecycling.com\/hu\/wp-json\/wp\/v2\/posts\/8187\/revisions\/8190"}],"wp:featuredmedia":[{"embeddable":true,"href":"https:\/\/www.welovecycling.com\/hu\/wp-json\/wp\/v2\/media\/8188"}],"wp:attachment":[{"href":"https:\/\/www.welovecycling.com\/hu\/wp-json\/wp\/v2\/media?parent=8187"}],"wp:term":[{"taxonomy":"category","embeddable":true,"href":"https:\/\/www.welovecycling.com\/hu\/wp-json\/wp\/v2\/categories?post=8187"},{"taxonomy":"post_tag","embeddable":true,"href":"https:\/\/www.welovecycling.com\/hu\/wp-json\/wp\/v2\/tags?post=8187"},{"taxonomy":"global-categories","embeddable":true,"href":"https:\/\/www.welovecycling.com\/hu\/wp-json\/wp\/v2\/global-categories?post=8187"}],"curies":[{"name":"wp","href":"https:\/\/api.w.org\/{rel}","templated":true}]}}