{"id":818,"date":"2018-05-23T15:49:19","date_gmt":"2018-05-23T15:49:19","guid":{"rendered":"https:\/\/www.welovecycling.com\/hu\/?p=818"},"modified":"2018-05-23T15:49:19","modified_gmt":"2018-05-23T15:49:19","slug":"3-biciklis-app-amit-neked-is-hasznalni-kellene","status":"publish","type":"post","link":"https:\/\/www.welovecycling.com\/hu\/edzes-es-eletmod\/3-biciklis-app-amit-neked-is-hasznalni-kellene\/","title":{"rendered":"4 biciklis app, amit neked is haszn\u00e1lni kellene"},"content":{"rendered":"<p>Manaps\u00e1g m\u00e1r mindenre van egy alkalmaz\u00e1s, \u00e9s egyre nagyobb a biciklis appok felhozatala is. Ha neked sincs kedved mindent let\u00f6lteni \u00e9s \u00e9vekig tesztelni, akkor pr\u00f3b\u00e1ld ki ezeket:<\/p>\n<p><!--more--><\/p>\n<h2>Strava<\/h2>\n<p>B\u00e1r nem kimondottan biciklis app, a Strava m\u00e9gis az egyik legn\u00e9pszer\u0171bb alkalmaz\u00e1s a bring\u00e1sok k\u00f6r\u00e9ben. Ez egy k\u00f6z\u00f6ss\u00e9gi oldal, ahol fut\u00f3kkal \u00e9s ker\u00e9kp\u00e1rosokkal l\u00e9phetsz kapcsolatba, m\u00e9rheted a saj\u00e1t aktivit\u00e1saidat, de van egy h\u00edrfolyamod is, ahol az \u00e1ltalad k\u00f6vetett felhaszn\u00e1l\u00f3k kalandjait, \u00fatvonalait l\u00e1tod.<\/p>\n<p>Ha m\u00e9red az aktivit\u00e1sod, akkor azt ut\u00f3lag kiposztolhatod a faladra, k\u00e9peket mell\u00e9kelhetsz hozz\u00e1, \u00e9s a Strava k\u00e9sz\u00edt egy t\u00e9rk\u00e9pet is arr\u00f3l, hogy pontosan merre j\u00e1rt\u00e1l. Az app tulajdonk\u00e9ppen egy digit\u00e1lis napl\u00f3, amit b\u00e1rmikor ut\u00f3lag is visszan\u00e9zhetsz.<\/p>\n<p><a href=\"https:\/\/d2p6e6u75xmxt8.cloudfront.net\/12\/2018\/05\/biciklis-applikacio-2.jpg\"><img loading=\"lazy\" decoding=\"async\" class=\"alignnone size-extra-large wp-image-819\" src=\"https:\/\/d2p6e6u75xmxt8.cloudfront.net\/12\/2018\/05\/biciklis-applikacio-2-1920x1280.jpg\" alt=\"biciklis-alkalmazas\" width=\"1920\" height=\"1280\" srcset=\"https:\/\/d2p6e6u75xmxt8.cloudfront.net\/12\/2018\/05\/biciklis-applikacio-2-1920x1280.jpg 1920w, https:\/\/d2p6e6u75xmxt8.cloudfront.net\/12\/2018\/05\/biciklis-applikacio-2-300x200.jpg 300w, https:\/\/d2p6e6u75xmxt8.cloudfront.net\/12\/2018\/05\/biciklis-applikacio-2-768x512.jpg 768w, https:\/\/d2p6e6u75xmxt8.cloudfront.net\/12\/2018\/05\/biciklis-applikacio-2-1024x683.jpg 1024w, https:\/\/d2p6e6u75xmxt8.cloudfront.net\/12\/2018\/05\/biciklis-applikacio-2-272x182.jpg 272w, https:\/\/d2p6e6u75xmxt8.cloudfront.net\/12\/2018\/05\/biciklis-applikacio-2.jpg 2048w, https:\/\/d2p6e6u75xmxt8.cloudfront.net\/12\/2018\/05\/biciklis-applikacio-2-1920x1280.jpg 1920w\" sizes=\"auto, (max-width: 1920px) 100vw, 1920px\" \/><\/a><\/p>\n<p>Ha gyakran j\u00e1rsz ugyanazon az \u00fatvonalon, akkor a Strava azt is megmutatja neked, hogy bizonyos szakaszokon mikor volt\u00e1l a leggyorsabb, s\u0151t, m\u00e1r felhaszn\u00e1l\u00f3kkal is \u00f6sszek\u00f6t, \u00edgy azt is l\u00e1thatod, hogy egy bizonyos \u00fatszakaszon ki az \u00e1lland\u00f3 rekorder.<\/p>\n<p>Ha k\u00edv\u00e1ncsi vagy arra, hogy pontosan hogy m\u0171k\u00f6dik, akkor n\u00e9zd meg, ahogyan Dave Erikson kipr\u00f3b\u00e1lja \u00e9lesben:<\/p>\n<div class=\"embed-controller-wrapper\">\n<div class=\"embed-wrapper\"><iframe title=\"How to Use Strava Cycling App\" width=\"500\" height=\"281\" data-src=\"https:\/\/www.youtube.com\/embed\/Gq-WV-ie3Lo?feature=oembed\" frameborder=\"0\" allow=\"accelerometer; autoplay; clipboard-write; encrypted-media; gyroscope; picture-in-picture; web-share\" referrerpolicy=\"strict-origin-when-cross-origin\" allowfullscreen><\/iframe><\/div>\n<\/div>\n<p>Let\u00f6lt\u00e9s iOS-re <a href=\"https:\/\/itunes.apple.com\/us\/app\/strava-run-ride-or-swim\/id426826309?mt=8\">itt.<\/a><\/p>\n<p>Let\u00f6lt\u00e9s Androidra <a href=\"https:\/\/play.google.com\/store\/apps\/details?id=com.strava&amp;hl=hu\">itt.<\/a><\/p>\n<h2>Size My Bike<\/h2>\n<p>Ezt az appot azoknak aj\u00e1nljuk, akik ker\u00e9kp\u00e1r v\u00e1s\u00e1rl\u00e1s el\u0151tt \u00e1llnak, de nem teljesen biztosak abban, hogy milyen m\u00e9ret\u0171 bringa sz\u00e1mukra a legide\u00e1lisabb. A pontos bringam\u00e9ret nagyon fontos, f\u0151leg azoknak, akik hosszabb utakat is bev\u00e1llalnak, hiszen ha nem j\u00f3 a v\u00e1zm\u00e9ret, f\u00e1jni kezd a h\u00e1tad, nem k\u00e9nyelmes a l\u00e1bnak, egysz\u00f3val rombolja a bringa\u00e9lm\u00e9nyt.<\/p>\n<p>Az app egyetlen h\u00e1tr\u00e1nya, hogy fizet\u0151s, a j\u00f3 h\u00edr viszont az, hogy nem dr\u00e1ga, 1300 forint\u00e9rt megv\u00e1s\u00e1rolhatod. T\u00f6bb \u00e9vre v\u00e1lasztunk magunknak biciklit, sz\u00f3val ennyit igaz\u00e1n meg\u00e9rdemel.<\/p>\n<p><a href=\"https:\/\/d2p6e6u75xmxt8.cloudfront.net\/12\/2018\/05\/biciklis-applikacio-1.png\"><img loading=\"lazy\" decoding=\"async\" class=\"alignnone size-extra-large wp-image-821\" src=\"https:\/\/d2p6e6u75xmxt8.cloudfront.net\/12\/2018\/05\/biciklis-applikacio-1-1920x1129.png\" alt=\"biciklis-alkalmazas\" width=\"1920\" height=\"1129\" srcset=\"https:\/\/d2p6e6u75xmxt8.cloudfront.net\/12\/2018\/05\/biciklis-applikacio-1-1920x1129.png 1920w, https:\/\/d2p6e6u75xmxt8.cloudfront.net\/12\/2018\/05\/biciklis-applikacio-1-300x176.png 300w, https:\/\/d2p6e6u75xmxt8.cloudfront.net\/12\/2018\/05\/biciklis-applikacio-1-768x452.png 768w, https:\/\/d2p6e6u75xmxt8.cloudfront.net\/12\/2018\/05\/biciklis-applikacio-1-1024x602.png 1024w, https:\/\/d2p6e6u75xmxt8.cloudfront.net\/12\/2018\/05\/biciklis-applikacio-1.png 2000w, https:\/\/d2p6e6u75xmxt8.cloudfront.net\/12\/2018\/05\/biciklis-applikacio-1-1920x1129.png 1920w\" sizes=\"auto, (max-width: 1920px) 100vw, 1920px\" \/><\/a><\/p>\n<p>Let\u00f6lt\u00e9s iOS-re <a href=\"https:\/\/itunes.apple.com\/us\/app\/sizemybike\/id358183415?mt=8\">itt.<\/a><\/p>\n<p>Let\u00f6lt\u00e9s Androidra <a href=\"https:\/\/play.google.com\/store\/apps\/details?id=org.canouet.android.smb&amp;hl=en_US\">itt.<\/a><\/p>\n<h2>Cyclemeter<\/h2>\n<p>A Cyclemeter hasonl\u00edt a Stravahoz, ezt az appot azoknak aj\u00e1nljuk, akiknek kev\u00e9sb\u00e9 fontos a k\u00f6z\u00f6ss\u00e9gi \u00e9lm\u00e9ny, ink\u00e1bb a statisztik\u00e1kra, vagy a bring\u00e1z\u00e1sainkkal kapcsolatos r\u00e9szletes adatokra k\u00edv\u00e1ncsiak.<\/p>\n<p>Az app gyakorlatilag mindent r\u00f6gz\u00edt, 120 k\u00fcl\u00f6nb\u00f6z\u0151, szem\u00e9lyre szabhat\u00f3 hangalap\u00fa \u00e9rtes\u00edt\u00e9st \u00e1ll\u00edthatunk be magunknak, de tele van hasznos inf\u00f3kkal, amelyeket p\u00e9ld\u00e1ul versenyeken hasznos\u00edthatunk, s\u0151t, az edz\u00e9sek ut\u00e1n m\u00e9g export\u00e1lhatjuk is az adatainkat.<\/p>\n<p><a href=\"https:\/\/d2p6e6u75xmxt8.cloudfront.net\/12\/2018\/05\/biciklis-applikacio-1.jpg\"><img loading=\"lazy\" decoding=\"async\" class=\"alignnone size-full wp-image-822\" src=\"https:\/\/d2p6e6u75xmxt8.cloudfront.net\/12\/2018\/05\/biciklis-applikacio-1.jpg\" alt=\"kerekparos-alkalmazas\" width=\"1024\" height=\"500\" srcset=\"https:\/\/d2p6e6u75xmxt8.cloudfront.net\/12\/2018\/05\/biciklis-applikacio-1.jpg 1024w, https:\/\/d2p6e6u75xmxt8.cloudfront.net\/12\/2018\/05\/biciklis-applikacio-1-300x146.jpg 300w, https:\/\/d2p6e6u75xmxt8.cloudfront.net\/12\/2018\/05\/biciklis-applikacio-1-768x375.jpg 768w\" sizes=\"auto, (max-width: 1024px) 100vw, 1024px\" \/><\/a><\/p>\n<p>Let\u00f6lt\u00e9s iOS-re <a href=\"https:\/\/itunes.apple.com\/us\/app\/cyclemeter-cycling-running-gps\/id330595774?mt=8\">itt!<\/a><\/p>\n<h2>First Aid For Cyclists<\/h2>\n<p>Ezt az appot rem\u00e9lj\u00fck soha nem kell haszn\u00e1lnod. Az is lehet, hogy soha nem fogsz bel\u00e9pni, ett\u0151l f\u00fcggetlen\u00fcl j\u00f3, ha ott van a telefonodon. A First Aid For Cyclists egy nagyon hasznos app, ami seg\u00edt neked, ha valamilyen biciklis balesetet szenvedsz. Itt megtal\u00e1lod azokat a baleseteket, amelyek gyakran el\u0151fordulnak, \u00e9s az appban l\u00e9p\u00e9sr\u0151l l\u00e9p\u00e9sre, \u00e1br\u00e1kkal \u00e9s infografik\u00e1kkal megtudhatod, mi a teend\u0151 ilyen esetekben.<\/p>\n<p>Let\u00f6lt\u00e9s iOS-re <a href=\"https:\/\/itunes.apple.com\/us\/app\/first-aid-for-cyclists\/id891259656?mt=8\">itt.<\/a><\/p>\n<p>Let\u00f6lt\u00e9s Androidra <a href=\"https:\/\/play.google.com\/store\/apps\/details?id=ani.android.frameworkapp&amp;hl=hu\">itt.<\/a><\/p>\n<p>&nbsp;<\/p>\n<p>&nbsp;<\/p>\n","protected":false},"excerpt":{"rendered":"<p>Manaps\u00e1g m\u00e1r mindenre van egy alkalmaz\u00e1s, \u00e9s egyre nagyobb a biciklis appok felhozatala is. Ha neked sincs kedved mindent let\u00f6lteni [&hellip;]<\/p>\n","protected":false},"author":71,"featured_media":819,"comment_status":"open","ping_status":"open","sticky":false,"template":"","format":"standard","meta":{"footnotes":""},"categories":[6],"tags":[17,26,16,22,47],"global-categories":[],"class_list":["post-818","post","type-post","status-publish","format-standard","has-post-thumbnail","hentry","category-edzes-es-eletmod","tag-bicikli","tag-biciklis-applikacio","tag-kerekpar","tag-kerekparozas","tag-strava"],"yoast_head":"<!-- This site is optimized with the Yoast SEO Premium plugin v25.3 (Yoast SEO v25.9) - https:\/\/yoast.com\/wordpress\/plugins\/seo\/ -->\n<title>4 biciklis app, amit neked is haszn\u00e1lni kellene - \u0160koda We Love Cycling - Magyarorsz\u00e1g<\/title>\n<meta name=\"description\" content=\"Biciklis applik\u00e1ci\u00f3t keresel? Egyre nagyobb a felhozatal, de mi mutatunk neked p\u00e1rat, aminek \u00f6r\u00fclni fogsz. Ezeket \u00e9rdemes let\u00f6lteni.\" \/>\n<meta name=\"robots\" content=\"index, follow, max-snippet:-1, max-image-preview:large, max-video-preview:-1\" \/>\n<link rel=\"canonical\" href=\"https:\/\/www.welovecycling.com\/hu\/edzes-es-eletmod\/3-biciklis-app-amit-neked-is-hasznalni-kellene\/\" \/>\n<meta property=\"og:locale\" content=\"hu_HU\" \/>\n<meta property=\"og:type\" content=\"article\" \/>\n<meta property=\"og:title\" content=\"4 biciklis app, amit neked is haszn\u00e1lni kellene\" \/>\n<meta property=\"og:description\" content=\"Biciklis applik\u00e1ci\u00f3t keresel? Egyre nagyobb a felhozatal, de mi mutatunk neked p\u00e1rat, aminek \u00f6r\u00fclni fogsz. Ezeket \u00e9rdemes let\u00f6lteni.\" \/>\n<meta property=\"og:url\" content=\"https:\/\/www.welovecycling.com\/hu\/edzes-es-eletmod\/3-biciklis-app-amit-neked-is-hasznalni-kellene\/\" \/>\n<meta property=\"og:site_name\" content=\"\u0160koda We Love Cycling - Magyarorsz\u00e1g\" \/>\n<meta property=\"article:publisher\" content=\"https:\/\/www.facebook.com\/WeLoveCyclingHungary\/\" \/>\n<meta property=\"article:published_time\" content=\"2018-05-23T15:49:19+00:00\" \/>\n<meta property=\"og:image\" content=\"https:\/\/d2p6e6u75xmxt8.cloudfront.net\/12\/2018\/05\/biciklis-applikacio-2.jpg\" \/>\n\t<meta property=\"og:image:width\" content=\"2048\" \/>\n\t<meta property=\"og:image:height\" content=\"1365\" \/>\n\t<meta property=\"og:image:type\" content=\"image\/jpeg\" \/>\n<meta name=\"author\" content=\"hegyizs\" \/>\n<meta name=\"twitter:card\" content=\"summary_large_image\" \/>\n<meta name=\"twitter:label1\" content=\"Written by\" \/>\n\t<meta name=\"twitter:data1\" content=\"hegyizs\" \/>\n\t<meta name=\"twitter:label2\" content=\"Est. reading time\" \/>\n\t<meta name=\"twitter:data2\" content=\"3 minutes\" \/>\n<script type=\"application\/ld+json\" class=\"yoast-schema-graph\">{\"@context\":\"https:\/\/schema.org\",\"@graph\":[{\"@type\":\"WebPage\",\"@id\":\"https:\/\/www.welovecycling.com\/hu\/edzes-es-eletmod\/3-biciklis-app-amit-neked-is-hasznalni-kellene\/\",\"url\":\"https:\/\/www.welovecycling.com\/hu\/edzes-es-eletmod\/3-biciklis-app-amit-neked-is-hasznalni-kellene\/\",\"name\":\"4 biciklis app, amit neked is haszn\u00e1lni kellene - \u0160koda We Love Cycling - Magyarorsz\u00e1g\",\"isPartOf\":{\"@id\":\"https:\/\/www.welovecycling.com\/hu\/#website\"},\"primaryImageOfPage\":{\"@id\":\"https:\/\/www.welovecycling.com\/hu\/edzes-es-eletmod\/3-biciklis-app-amit-neked-is-hasznalni-kellene\/#primaryimage\"},\"image\":{\"@id\":\"https:\/\/www.welovecycling.com\/hu\/edzes-es-eletmod\/3-biciklis-app-amit-neked-is-hasznalni-kellene\/#primaryimage\"},\"thumbnailUrl\":\"https:\/\/d2p6e6u75xmxt8.cloudfront.net\/12\/2018\/05\/biciklis-applikacio-2.jpg\",\"datePublished\":\"2018-05-23T15:49:19+00:00\",\"author\":{\"@id\":\"https:\/\/www.welovecycling.com\/hu\/#\/schema\/person\/414a2aebf1801691a5320edb6468e194\"},\"description\":\"Biciklis applik\u00e1ci\u00f3t keresel? Egyre nagyobb a felhozatal, de mi mutatunk neked p\u00e1rat, aminek \u00f6r\u00fclni fogsz. Ezeket \u00e9rdemes let\u00f6lteni.\",\"breadcrumb\":{\"@id\":\"https:\/\/www.welovecycling.com\/hu\/edzes-es-eletmod\/3-biciklis-app-amit-neked-is-hasznalni-kellene\/#breadcrumb\"},\"inLanguage\":\"hu\",\"potentialAction\":[{\"@type\":\"ReadAction\",\"target\":[\"https:\/\/www.welovecycling.com\/hu\/edzes-es-eletmod\/3-biciklis-app-amit-neked-is-hasznalni-kellene\/\"]}]},{\"@type\":\"ImageObject\",\"inLanguage\":\"hu\",\"@id\":\"https:\/\/www.welovecycling.com\/hu\/edzes-es-eletmod\/3-biciklis-app-amit-neked-is-hasznalni-kellene\/#primaryimage\",\"url\":\"https:\/\/d2p6e6u75xmxt8.cloudfront.net\/12\/2018\/05\/biciklis-applikacio-2.jpg\",\"contentUrl\":\"https:\/\/d2p6e6u75xmxt8.cloudfront.net\/12\/2018\/05\/biciklis-applikacio-2.jpg\",\"width\":2048,\"height\":1365,\"caption\":\"biciklis-alkalmazas\"},{\"@type\":\"BreadcrumbList\",\"@id\":\"https:\/\/www.welovecycling.com\/hu\/edzes-es-eletmod\/3-biciklis-app-amit-neked-is-hasznalni-kellene\/#breadcrumb\",\"itemListElement\":[{\"@type\":\"ListItem\",\"position\":1,\"name\":\"Home\",\"item\":\"https:\/\/www.welovecycling.com\/hu\/\"},{\"@type\":\"ListItem\",\"position\":2,\"name\":\"4 biciklis app, amit neked is haszn\u00e1lni kellene\"}]},{\"@type\":\"WebSite\",\"@id\":\"https:\/\/www.welovecycling.com\/hu\/#website\",\"url\":\"https:\/\/www.welovecycling.com\/hu\/\",\"name\":\"\u0160koda We Love Cycling - Magyarorsz\u00e1g\",\"description\":\"\u0160koda WeLoveCycling\",\"potentialAction\":[{\"@type\":\"SearchAction\",\"target\":{\"@type\":\"EntryPoint\",\"urlTemplate\":\"https:\/\/www.welovecycling.com\/hu\/?s={search_term_string}\"},\"query-input\":{\"@type\":\"PropertyValueSpecification\",\"valueRequired\":true,\"valueName\":\"search_term_string\"}}],\"inLanguage\":\"hu\"},{\"@type\":\"Person\",\"@id\":\"https:\/\/www.welovecycling.com\/hu\/#\/schema\/person\/414a2aebf1801691a5320edb6468e194\",\"name\":\"hegyizs\",\"image\":{\"@type\":\"ImageObject\",\"inLanguage\":\"hu\",\"@id\":\"https:\/\/www.welovecycling.com\/hu\/#\/schema\/person\/image\/\",\"url\":\"https:\/\/secure.gravatar.com\/avatar\/02cf8a7906b8cf90cecb4679defac7cfd33a1c2e3b88e4903d947f3bb58eedd3?s=96&d=mm&r=g\",\"contentUrl\":\"https:\/\/secure.gravatar.com\/avatar\/02cf8a7906b8cf90cecb4679defac7cfd33a1c2e3b88e4903d947f3bb58eedd3?s=96&d=mm&r=g\",\"caption\":\"hegyizs\"},\"url\":\"https:\/\/www.welovecycling.com\/hu\/author\/hegyizs\/\"}]}<\/script>\n<!-- \/ Yoast SEO Premium plugin. -->","yoast_head_json":{"title":"4 biciklis app, amit neked is haszn\u00e1lni kellene - \u0160koda We Love Cycling - Magyarorsz\u00e1g","description":"Biciklis applik\u00e1ci\u00f3t keresel? Egyre nagyobb a felhozatal, de mi mutatunk neked p\u00e1rat, aminek \u00f6r\u00fclni fogsz. Ezeket \u00e9rdemes let\u00f6lteni.","robots":{"index":"index","follow":"follow","max-snippet":"max-snippet:-1","max-image-preview":"max-image-preview:large","max-video-preview":"max-video-preview:-1"},"canonical":"https:\/\/www.welovecycling.com\/hu\/edzes-es-eletmod\/3-biciklis-app-amit-neked-is-hasznalni-kellene\/","og_locale":"hu_HU","og_type":"article","og_title":"4 biciklis app, amit neked is haszn\u00e1lni kellene","og_description":"Biciklis applik\u00e1ci\u00f3t keresel? Egyre nagyobb a felhozatal, de mi mutatunk neked p\u00e1rat, aminek \u00f6r\u00fclni fogsz. Ezeket \u00e9rdemes let\u00f6lteni.","og_url":"https:\/\/www.welovecycling.com\/hu\/edzes-es-eletmod\/3-biciklis-app-amit-neked-is-hasznalni-kellene\/","og_site_name":"\u0160koda We Love Cycling - Magyarorsz\u00e1g","article_publisher":"https:\/\/www.facebook.com\/WeLoveCyclingHungary\/","article_published_time":"2018-05-23T15:49:19+00:00","og_image":[{"width":2048,"height":1365,"url":"https:\/\/d2p6e6u75xmxt8.cloudfront.net\/12\/2018\/05\/biciklis-applikacio-2.jpg","type":"image\/jpeg"}],"author":"hegyizs","twitter_card":"summary_large_image","twitter_misc":{"Written by":"hegyizs","Est. reading time":"3 minutes"},"schema":{"@context":"https:\/\/schema.org","@graph":[{"@type":"WebPage","@id":"https:\/\/www.welovecycling.com\/hu\/edzes-es-eletmod\/3-biciklis-app-amit-neked-is-hasznalni-kellene\/","url":"https:\/\/www.welovecycling.com\/hu\/edzes-es-eletmod\/3-biciklis-app-amit-neked-is-hasznalni-kellene\/","name":"4 biciklis app, amit neked is haszn\u00e1lni kellene - \u0160koda We Love Cycling - Magyarorsz\u00e1g","isPartOf":{"@id":"https:\/\/www.welovecycling.com\/hu\/#website"},"primaryImageOfPage":{"@id":"https:\/\/www.welovecycling.com\/hu\/edzes-es-eletmod\/3-biciklis-app-amit-neked-is-hasznalni-kellene\/#primaryimage"},"image":{"@id":"https:\/\/www.welovecycling.com\/hu\/edzes-es-eletmod\/3-biciklis-app-amit-neked-is-hasznalni-kellene\/#primaryimage"},"thumbnailUrl":"https:\/\/d2p6e6u75xmxt8.cloudfront.net\/12\/2018\/05\/biciklis-applikacio-2.jpg","datePublished":"2018-05-23T15:49:19+00:00","author":{"@id":"https:\/\/www.welovecycling.com\/hu\/#\/schema\/person\/414a2aebf1801691a5320edb6468e194"},"description":"Biciklis applik\u00e1ci\u00f3t keresel? Egyre nagyobb a felhozatal, de mi mutatunk neked p\u00e1rat, aminek \u00f6r\u00fclni fogsz. Ezeket \u00e9rdemes let\u00f6lteni.","breadcrumb":{"@id":"https:\/\/www.welovecycling.com\/hu\/edzes-es-eletmod\/3-biciklis-app-amit-neked-is-hasznalni-kellene\/#breadcrumb"},"inLanguage":"hu","potentialAction":[{"@type":"ReadAction","target":["https:\/\/www.welovecycling.com\/hu\/edzes-es-eletmod\/3-biciklis-app-amit-neked-is-hasznalni-kellene\/"]}]},{"@type":"ImageObject","inLanguage":"hu","@id":"https:\/\/www.welovecycling.com\/hu\/edzes-es-eletmod\/3-biciklis-app-amit-neked-is-hasznalni-kellene\/#primaryimage","url":"https:\/\/d2p6e6u75xmxt8.cloudfront.net\/12\/2018\/05\/biciklis-applikacio-2.jpg","contentUrl":"https:\/\/d2p6e6u75xmxt8.cloudfront.net\/12\/2018\/05\/biciklis-applikacio-2.jpg","width":2048,"height":1365,"caption":"biciklis-alkalmazas"},{"@type":"BreadcrumbList","@id":"https:\/\/www.welovecycling.com\/hu\/edzes-es-eletmod\/3-biciklis-app-amit-neked-is-hasznalni-kellene\/#breadcrumb","itemListElement":[{"@type":"ListItem","position":1,"name":"Home","item":"https:\/\/www.welovecycling.com\/hu\/"},{"@type":"ListItem","position":2,"name":"4 biciklis app, amit neked is haszn\u00e1lni kellene"}]},{"@type":"WebSite","@id":"https:\/\/www.welovecycling.com\/hu\/#website","url":"https:\/\/www.welovecycling.com\/hu\/","name":"\u0160koda We Love Cycling - Magyarorsz\u00e1g","description":"\u0160koda WeLoveCycling","potentialAction":[{"@type":"SearchAction","target":{"@type":"EntryPoint","urlTemplate":"https:\/\/www.welovecycling.com\/hu\/?s={search_term_string}"},"query-input":{"@type":"PropertyValueSpecification","valueRequired":true,"valueName":"search_term_string"}}],"inLanguage":"hu"},{"@type":"Person","@id":"https:\/\/www.welovecycling.com\/hu\/#\/schema\/person\/414a2aebf1801691a5320edb6468e194","name":"hegyizs","image":{"@type":"ImageObject","inLanguage":"hu","@id":"https:\/\/www.welovecycling.com\/hu\/#\/schema\/person\/image\/","url":"https:\/\/secure.gravatar.com\/avatar\/02cf8a7906b8cf90cecb4679defac7cfd33a1c2e3b88e4903d947f3bb58eedd3?s=96&d=mm&r=g","contentUrl":"https:\/\/secure.gravatar.com\/avatar\/02cf8a7906b8cf90cecb4679defac7cfd33a1c2e3b88e4903d947f3bb58eedd3?s=96&d=mm&r=g","caption":"hegyizs"},"url":"https:\/\/www.welovecycling.com\/hu\/author\/hegyizs\/"}]}},"_links":{"self":[{"href":"https:\/\/www.welovecycling.com\/hu\/wp-json\/wp\/v2\/posts\/818","targetHints":{"allow":["GET"]}}],"collection":[{"href":"https:\/\/www.welovecycling.com\/hu\/wp-json\/wp\/v2\/posts"}],"about":[{"href":"https:\/\/www.welovecycling.com\/hu\/wp-json\/wp\/v2\/types\/post"}],"author":[{"embeddable":true,"href":"https:\/\/www.welovecycling.com\/hu\/wp-json\/wp\/v2\/users\/71"}],"replies":[{"embeddable":true,"href":"https:\/\/www.welovecycling.com\/hu\/wp-json\/wp\/v2\/comments?post=818"}],"version-history":[{"count":1,"href":"https:\/\/www.welovecycling.com\/hu\/wp-json\/wp\/v2\/posts\/818\/revisions"}],"predecessor-version":[{"id":823,"href":"https:\/\/www.welovecycling.com\/hu\/wp-json\/wp\/v2\/posts\/818\/revisions\/823"}],"wp:featuredmedia":[{"embeddable":true,"href":"https:\/\/www.welovecycling.com\/hu\/wp-json\/wp\/v2\/media\/819"}],"wp:attachment":[{"href":"https:\/\/www.welovecycling.com\/hu\/wp-json\/wp\/v2\/media?parent=818"}],"wp:term":[{"taxonomy":"category","embeddable":true,"href":"https:\/\/www.welovecycling.com\/hu\/wp-json\/wp\/v2\/categories?post=818"},{"taxonomy":"post_tag","embeddable":true,"href":"https:\/\/www.welovecycling.com\/hu\/wp-json\/wp\/v2\/tags?post=818"},{"taxonomy":"global-categories","embeddable":true,"href":"https:\/\/www.welovecycling.com\/hu\/wp-json\/wp\/v2\/global-categories?post=818"}],"curies":[{"name":"wp","href":"https:\/\/api.w.org\/{rel}","templated":true}]}}