{"id":8178,"date":"2020-08-02T08:00:39","date_gmt":"2020-08-02T07:00:39","guid":{"rendered":"https:\/\/www.welovecycling.com\/hu\/?p=8178"},"modified":"2020-07-24T16:19:46","modified_gmt":"2020-07-24T15:19:46","slug":"vajon-az-elektromos-kerekparok-jelentik-a-profi-versenyzes-jovojet","status":"publish","type":"post","link":"https:\/\/www.welovecycling.com\/hu\/trekking-mtb\/vajon-az-elektromos-kerekparok-jelentik-a-profi-versenyzes-jovojet\/","title":{"rendered":"Vajon az elektromos ker\u00e9kp\u00e1rok jelentik a profi versenyz\u00e9s j\u00f6v\u0151j\u00e9t?"},"content":{"rendered":"<p><strong>El tudsz k\u00e9pzelni egy e-Tour de France-t, ahol a versenyz\u0151k ped\u00e1loz\u00e1s n\u00e9lk\u00fcl, elektromotorjaik seg\u00edts\u00e9g\u00e9vel hajtanak fel a Mont Ventoux cs\u00facs\u00e1ra? Abszurd? Tal\u00e1n, de nem lehetetlen. Egyre ink\u00e1bb \u00fagy t\u0171nik, hogy az e-bike versenyz\u00e9s lesz a k\u00f6vetkez\u0151 nagy durran\u00e1s a ker\u00e9kp\u00e1rversenyek vil\u00e1g\u00e1ban \u2013 b\u00e1r jelenleg m\u00e9g a hegyi \u00e9s cross-country bring\u00e1kra, valamint az endur\u00f3ra korl\u00e1toz\u00f3dik.<\/strong><!--more--><\/p>\n<p>2019 augusztus\u00e1ban rendezt\u00e9k meg a legels\u0151 <a href=\"https:\/\/www.uci.org\/news\/2019\/first-uci-world-champions-for-e-mountain-bike-to-be-crowned-in-mont-saint-anne\">UCI e-MTB vil\u00e1gbajnoks\u00e1got<\/a> a kanadai Mt. Saint Anne-ben. A teljes\u00edtm\u00e9ny 250 wattban volt korl\u00e1tozva, \u00e9s a motorok 40 km\/h-s sebess\u00e9gn\u00e9l kikapcsoltak. Tilos volt akkumul\u00e1tort cser\u00e9lni \u00e9s t\u00f6lteni. A cross-country, az enduro \u00e9s a downhill legjobb versenyz\u0151i olyan cross-country veter\u00e1nokkal versenyeztek egy\u00fctt, mint a francia Julien Absalon \u00e9s a cseh Jaroslav Kulhav\u00fd, akik a top 5 befut\u00f3 \u00e9l\u00e9n \u00e1lltak. Ez is azt mutatja, hogy m\u00e9g mindig a tud\u00e1s a kulcs e versenyek megnyer\u00e9s\u00e9ben, nem az elektromosmotor-hajt\u00e1s.<\/p>\n<lite-youtube videoid=vcSMKWTEkcI params=\"enablejsapi=1\" style=\"background-image: url('https:\/\/i.ytimg.com\/vi_webp\/vcSMKWTEkcI\/maxresdefault.webp');\"><\/lite-youtube>\n<p>N\u00e9h\u00e1ny h\u00f3nappal kor\u00e1bban a legels\u0151 UCI E-Mountain Bike Cross Country Vil\u00e1gkupa els\u0151 szakasza Monaco mellett startolt el. Egy \u00fajabb monac\u00f3i nyit\u00f3versenyt k\u00f6vet\u0151en az idei sz\u00e9ri\u00e1t megszak\u00edtotta a koronav\u00edrus-j\u00e1rv\u00e1ny. De az UCI p\u00e1rtfog\u00e1sa alatt, \u00fagy t\u0171nik, a versenyre hossz\u00fa \u00e9s gy\u00fcm\u00f6lcs\u00f6z\u0151 j\u00f6v\u0151 v\u00e1r. Ezenfel\u00fcl az Enduro World Series (ugyancsak az UCI p\u00e1rtfog\u00e1s\u00e1val) az e-bike versenyeket felvette a 2020-as napt\u00e1r\u00e1ba. Az Enduro World Series-E eredetileg h\u00e1rom fordul\u00f3t jelentett volna Franciaorsz\u00e1gban, Sv\u00e1jcban \u00e9s Olaszorsz\u00e1gban, \u00e9s az \u00f6sszes\u00edtett gy\u0151ztesek megkapt\u00e1k volna az Enduro World Series-E bajnoki c\u00edmet.<\/p>\n<p>Az elektromos versenyeket az EWS hagyom\u00e1nyos enduro-versenyeit\u0151l elk\u00fcl\u00f6n\u00edtett p\u00e1ly\u00e1n tartott\u00e1k volna, amely vegy\u00edti a technikai emelked\u0151 \u00e9s downhill szakaszokat. \u201eEz a kombin\u00e1ci\u00f3 a versenyz\u0151 fizikai \u00e9s ker\u00e9kp\u00e1ros \u00fcgyess\u00e9gi k\u00e9szs\u00e9geit is cs\u00facsra j\u00e1ratja egy t\u00f6bbk\u00f6r\u00f6s, intenz\u00edv p\u00e1ly\u00e1n, amely seg\u00edt tov\u00e1bbfejleszteni az e-bike technol\u00f3gi\u00e1t, az e-bike p\u00e1lyakezel\u00e9st \u00e9s a diz\u00e1jnt\u201d \u2013 nyilatkozta az EWS.<\/p>\n<lite-youtube videoid=RzlupN6M_Ec params=\"enablejsapi=1\" style=\"background-image: url('https:\/\/i.ytimg.com\/vi_webp\/RzlupN6M_Ec\/maxresdefault.webp');\"><\/lite-youtube>\n<p>Az m\u00e9g nem der\u00fclt ki, milyen m\u00e9rt\u00e9kben t\u00f6rte meg a j\u00e1rv\u00e1ny a versenysorozatot, de a UCI t\u00e1mogat\u00e1s\u00e1val k\u00e9ts\u00e9gtelen a j\u00f6v\u0151je. Az Electric Bike Action Magazine szerint egy Troy Lee nev\u0171 hajdani amerikai motorversenyz\u0151t lehet az e-bike versenyz\u00e9s atyj\u00e1nak tekinteni. Lee 2017-ben egy versenyp\u00e1ly\u00e1n szerzett s\u00e9r\u00fcl\u00e9sb\u0151l \u00e9p\u00fclt \u00e9pp fel, amikor \u00fagy d\u00f6nt\u00f6tt, ad egy es\u00e9lyt egy Levo e-MTB bring\u00e1nak. Annyira megkedvelte a teker\u00e9st, hogy nem csak csal\u00e1dj\u00e1nak \u00e9s bar\u00e1tainak vett elektromos ker\u00e9kp\u00e1rokat, de a Bosch-sal \u00f6sszefogva csapatot alap\u00edtott \u00e9s megszervezte \u00c9szak-Amerika els\u0151 e-bike versenysorozat\u00e1t. A Boogaloo Race Series nevet adta neki (ami nem \u00f6sszet\u00e9vesztend\u0151 a sz\u00e9ls\u0151jobbos, korm\u00e1nyellenes Boogaloo mozgalommal), mert \u2013 mint mondta \u2013 \u201eEz egy verseny, de sokkal ink\u00e1bb sz\u00f3rakoz\u00e1s.\u201d<\/p>\n<p>A Boogaloo Race Series r\u00f6vid \u00e9let\u0171 volt, de a Bosch e-Bike Systems l\u00e9trehozta a Bosch eMTB Challenge versenyt, amelyet a Trek ker\u00e9kp\u00e1rgy\u00e1rt\u00f3 t\u00e1mogatott. Ez a versenysorozat ma is nagy n\u00e9pszer\u0171s\u00e9gnek \u00f6rvend, b\u00e1r a Covid-19 id\u00e9n megkurt\u00edtotta.<\/p>\n<p>Teh\u00e1t ak\u00e1r tetszik, ak\u00e1r nem: az e-bike versenyekkel igenis sz\u00e1molni kell. K\u00e9ts\u00e9gtelen, hogy a legmer\u00e9szebb fant\u00e1zi\u00e1val sem k\u00e9pzelhet\u0151 el, hogy a Tour de France elektromos lesz, de el tudok k\u00e9pzelni egy ezzel p\u00e1rhuzamos e-Tour de France-t, amely MTB-p\u00e1ly\u00e1kon zajlik az orsz\u00e1gban t\u00f6bb szakaszon. \u00c9s te hogy \u00e1llsz ezzel? Tetszik a gondolat?<\/p>\n","protected":false},"excerpt":{"rendered":"<p>El tudsz k\u00e9pzelni egy e-Tour de France-t, ahol a versenyz\u0151k ped\u00e1loz\u00e1s n\u00e9lk\u00fcl, elektromotorjaik seg\u00edts\u00e9g\u00e9vel hajtanak fel a Mont Ventoux cs\u00facs\u00e1ra? [&hellip;]<\/p>\n","protected":false},"author":71,"featured_media":8181,"comment_status":"open","ping_status":"open","sticky":false,"template":"","format":"standard","meta":{"footnotes":""},"categories":[7],"tags":[],"global-categories":[],"class_list":["post-8178","post","type-post","status-publish","format-standard","has-post-thumbnail","hentry","category-trekking-mtb"],"yoast_head":"<!-- This site is optimized with the Yoast SEO Premium plugin v25.3 (Yoast SEO v25.9) - https:\/\/yoast.com\/wordpress\/plugins\/seo\/ -->\n<title>Vajon az elektromos ker\u00e9kp\u00e1rok jelentik a profi versenyz\u00e9s j\u00f6v\u0151j\u00e9t? - \u0160koda We Love Cycling - Magyarorsz\u00e1g<\/title>\n<meta name=\"description\" content=\"El tudsz k\u00e9pzelni egy e-Tour de France-t, ahol a versenyz\u0151k ped\u00e1loz\u00e1s n\u00e9lk\u00fcl, elektromotorjaik seg\u00edts\u00e9g\u00e9vel hajtanak fel a Mont Ventoux cs\u00facs\u00e1ra? Abszurd?\" \/>\n<meta name=\"robots\" content=\"index, follow, max-snippet:-1, max-image-preview:large, max-video-preview:-1\" \/>\n<link rel=\"canonical\" href=\"https:\/\/www.welovecycling.com\/hu\/trekking-mtb\/vajon-az-elektromos-kerekparok-jelentik-a-profi-versenyzes-jovojet\/\" \/>\n<meta property=\"og:locale\" content=\"hu_HU\" \/>\n<meta property=\"og:type\" content=\"article\" \/>\n<meta property=\"og:title\" content=\"Vajon az elektromos ker\u00e9kp\u00e1rok jelentik a profi versenyz\u00e9s j\u00f6v\u0151j\u00e9t?\" \/>\n<meta property=\"og:description\" content=\"El tudsz k\u00e9pzelni egy e-Tour de France-t, ahol a versenyz\u0151k ped\u00e1loz\u00e1s n\u00e9lk\u00fcl, elektromotorjaik seg\u00edts\u00e9g\u00e9vel hajtanak fel a Mont Ventoux cs\u00facs\u00e1ra? Abszurd?\" \/>\n<meta property=\"og:url\" content=\"https:\/\/www.welovecycling.com\/hu\/trekking-mtb\/vajon-az-elektromos-kerekparok-jelentik-a-profi-versenyzes-jovojet\/\" \/>\n<meta property=\"og:site_name\" content=\"\u0160koda We Love Cycling - Magyarorsz\u00e1g\" \/>\n<meta property=\"article:publisher\" content=\"https:\/\/www.facebook.com\/WeLoveCyclingHungary\/\" \/>\n<meta property=\"article:published_time\" content=\"2020-08-02T07:00:39+00:00\" \/>\n<meta property=\"og:image\" content=\"https:\/\/d2p6e6u75xmxt8.cloudfront.net\/12\/2020\/07\/E-MTB-CVR.jpg\" \/>\n\t<meta property=\"og:image:width\" content=\"1366\" \/>\n\t<meta property=\"og:image:height\" content=\"600\" \/>\n\t<meta property=\"og:image:type\" content=\"image\/jpeg\" \/>\n<meta name=\"author\" content=\"hegyizs\" \/>\n<meta name=\"twitter:card\" content=\"summary_large_image\" \/>\n<meta name=\"twitter:label1\" content=\"Written by\" \/>\n\t<meta name=\"twitter:data1\" content=\"Siegfried Mortkowitz\" \/>\n\t<meta name=\"twitter:label2\" content=\"Est. reading time\" \/>\n\t<meta name=\"twitter:data2\" content=\"5\" \/>\n<script type=\"application\/ld+json\" class=\"yoast-schema-graph\">{\"@context\":\"https:\/\/schema.org\",\"@graph\":[{\"@type\":\"WebPage\",\"@id\":\"https:\/\/www.welovecycling.com\/hu\/trekking-mtb\/vajon-az-elektromos-kerekparok-jelentik-a-profi-versenyzes-jovojet\/\",\"url\":\"https:\/\/www.welovecycling.com\/hu\/trekking-mtb\/vajon-az-elektromos-kerekparok-jelentik-a-profi-versenyzes-jovojet\/\",\"name\":\"Vajon az elektromos ker\u00e9kp\u00e1rok jelentik a profi versenyz\u00e9s j\u00f6v\u0151j\u00e9t? - \u0160koda We Love Cycling - Magyarorsz\u00e1g\",\"isPartOf\":{\"@id\":\"https:\/\/www.welovecycling.com\/hu\/#website\"},\"primaryImageOfPage\":{\"@id\":\"https:\/\/www.welovecycling.com\/hu\/trekking-mtb\/vajon-az-elektromos-kerekparok-jelentik-a-profi-versenyzes-jovojet\/#primaryimage\"},\"image\":{\"@id\":\"https:\/\/www.welovecycling.com\/hu\/trekking-mtb\/vajon-az-elektromos-kerekparok-jelentik-a-profi-versenyzes-jovojet\/#primaryimage\"},\"thumbnailUrl\":\"https:\/\/d2p6e6u75xmxt8.cloudfront.net\/12\/2020\/07\/E-MTB-CVR.jpg\",\"datePublished\":\"2020-08-02T07:00:39+00:00\",\"author\":{\"@id\":\"https:\/\/www.welovecycling.com\/hu\/#\/schema\/person\/414a2aebf1801691a5320edb6468e194\"},\"description\":\"El tudsz k\u00e9pzelni egy e-Tour de France-t, ahol a versenyz\u0151k ped\u00e1loz\u00e1s n\u00e9lk\u00fcl, elektromotorjaik seg\u00edts\u00e9g\u00e9vel hajtanak fel a Mont Ventoux cs\u00facs\u00e1ra? Abszurd?\",\"breadcrumb\":{\"@id\":\"https:\/\/www.welovecycling.com\/hu\/trekking-mtb\/vajon-az-elektromos-kerekparok-jelentik-a-profi-versenyzes-jovojet\/#breadcrumb\"},\"inLanguage\":\"hu\",\"potentialAction\":[{\"@type\":\"ReadAction\",\"target\":[\"https:\/\/www.welovecycling.com\/hu\/trekking-mtb\/vajon-az-elektromos-kerekparok-jelentik-a-profi-versenyzes-jovojet\/\"]}]},{\"@type\":\"ImageObject\",\"inLanguage\":\"hu\",\"@id\":\"https:\/\/www.welovecycling.com\/hu\/trekking-mtb\/vajon-az-elektromos-kerekparok-jelentik-a-profi-versenyzes-jovojet\/#primaryimage\",\"url\":\"https:\/\/d2p6e6u75xmxt8.cloudfront.net\/12\/2020\/07\/E-MTB-CVR.jpg\",\"contentUrl\":\"https:\/\/d2p6e6u75xmxt8.cloudfront.net\/12\/2020\/07\/E-MTB-CVR.jpg\",\"width\":1366,\"height\":600,\"caption\":\"e-bikes racing\"},{\"@type\":\"BreadcrumbList\",\"@id\":\"https:\/\/www.welovecycling.com\/hu\/trekking-mtb\/vajon-az-elektromos-kerekparok-jelentik-a-profi-versenyzes-jovojet\/#breadcrumb\",\"itemListElement\":[{\"@type\":\"ListItem\",\"position\":1,\"name\":\"Home\",\"item\":\"https:\/\/www.welovecycling.com\/hu\/\"},{\"@type\":\"ListItem\",\"position\":2,\"name\":\"Vajon az elektromos ker\u00e9kp\u00e1rok jelentik a profi versenyz\u00e9s j\u00f6v\u0151j\u00e9t?\"}]},{\"@type\":\"WebSite\",\"@id\":\"https:\/\/www.welovecycling.com\/hu\/#website\",\"url\":\"https:\/\/www.welovecycling.com\/hu\/\",\"name\":\"\u0160koda We Love Cycling - Magyarorsz\u00e1g\",\"description\":\"\u0160koda WeLoveCycling\",\"potentialAction\":[{\"@type\":\"SearchAction\",\"target\":{\"@type\":\"EntryPoint\",\"urlTemplate\":\"https:\/\/www.welovecycling.com\/hu\/?s={search_term_string}\"},\"query-input\":{\"@type\":\"PropertyValueSpecification\",\"valueRequired\":true,\"valueName\":\"search_term_string\"}}],\"inLanguage\":\"hu\"},{\"@type\":\"Person\",\"@id\":\"https:\/\/www.welovecycling.com\/hu\/#\/schema\/person\/414a2aebf1801691a5320edb6468e194\",\"name\":\"hegyizs\",\"image\":{\"@type\":\"ImageObject\",\"inLanguage\":\"hu\",\"@id\":\"https:\/\/www.welovecycling.com\/hu\/#\/schema\/person\/image\/\",\"url\":\"https:\/\/secure.gravatar.com\/avatar\/02cf8a7906b8cf90cecb4679defac7cfd33a1c2e3b88e4903d947f3bb58eedd3?s=96&d=mm&r=g\",\"contentUrl\":\"https:\/\/secure.gravatar.com\/avatar\/02cf8a7906b8cf90cecb4679defac7cfd33a1c2e3b88e4903d947f3bb58eedd3?s=96&d=mm&r=g\",\"caption\":\"hegyizs\"},\"url\":\"https:\/\/www.welovecycling.com\/hu\/author\/hegyizs\/\"}]}<\/script>\n<!-- \/ Yoast SEO Premium plugin. -->","yoast_head_json":{"title":"Vajon az elektromos ker\u00e9kp\u00e1rok jelentik a profi versenyz\u00e9s j\u00f6v\u0151j\u00e9t? - \u0160koda We Love Cycling - Magyarorsz\u00e1g","description":"El tudsz k\u00e9pzelni egy e-Tour de France-t, ahol a versenyz\u0151k ped\u00e1loz\u00e1s n\u00e9lk\u00fcl, elektromotorjaik seg\u00edts\u00e9g\u00e9vel hajtanak fel a Mont Ventoux cs\u00facs\u00e1ra? Abszurd?","robots":{"index":"index","follow":"follow","max-snippet":"max-snippet:-1","max-image-preview":"max-image-preview:large","max-video-preview":"max-video-preview:-1"},"canonical":"https:\/\/www.welovecycling.com\/hu\/trekking-mtb\/vajon-az-elektromos-kerekparok-jelentik-a-profi-versenyzes-jovojet\/","og_locale":"hu_HU","og_type":"article","og_title":"Vajon az elektromos ker\u00e9kp\u00e1rok jelentik a profi versenyz\u00e9s j\u00f6v\u0151j\u00e9t?","og_description":"El tudsz k\u00e9pzelni egy e-Tour de France-t, ahol a versenyz\u0151k ped\u00e1loz\u00e1s n\u00e9lk\u00fcl, elektromotorjaik seg\u00edts\u00e9g\u00e9vel hajtanak fel a Mont Ventoux cs\u00facs\u00e1ra? Abszurd?","og_url":"https:\/\/www.welovecycling.com\/hu\/trekking-mtb\/vajon-az-elektromos-kerekparok-jelentik-a-profi-versenyzes-jovojet\/","og_site_name":"\u0160koda We Love Cycling - Magyarorsz\u00e1g","article_publisher":"https:\/\/www.facebook.com\/WeLoveCyclingHungary\/","article_published_time":"2020-08-02T07:00:39+00:00","og_image":[{"width":1366,"height":600,"url":"https:\/\/d2p6e6u75xmxt8.cloudfront.net\/12\/2020\/07\/E-MTB-CVR.jpg","type":"image\/jpeg"}],"author":"hegyizs","twitter_card":"summary_large_image","twitter_misc":{"Written by":"Siegfried Mortkowitz","Est. reading time":"5"},"schema":{"@context":"https:\/\/schema.org","@graph":[{"@type":"WebPage","@id":"https:\/\/www.welovecycling.com\/hu\/trekking-mtb\/vajon-az-elektromos-kerekparok-jelentik-a-profi-versenyzes-jovojet\/","url":"https:\/\/www.welovecycling.com\/hu\/trekking-mtb\/vajon-az-elektromos-kerekparok-jelentik-a-profi-versenyzes-jovojet\/","name":"Vajon az elektromos ker\u00e9kp\u00e1rok jelentik a profi versenyz\u00e9s j\u00f6v\u0151j\u00e9t? - \u0160koda We Love Cycling - Magyarorsz\u00e1g","isPartOf":{"@id":"https:\/\/www.welovecycling.com\/hu\/#website"},"primaryImageOfPage":{"@id":"https:\/\/www.welovecycling.com\/hu\/trekking-mtb\/vajon-az-elektromos-kerekparok-jelentik-a-profi-versenyzes-jovojet\/#primaryimage"},"image":{"@id":"https:\/\/www.welovecycling.com\/hu\/trekking-mtb\/vajon-az-elektromos-kerekparok-jelentik-a-profi-versenyzes-jovojet\/#primaryimage"},"thumbnailUrl":"https:\/\/d2p6e6u75xmxt8.cloudfront.net\/12\/2020\/07\/E-MTB-CVR.jpg","datePublished":"2020-08-02T07:00:39+00:00","author":{"@id":"https:\/\/www.welovecycling.com\/hu\/#\/schema\/person\/414a2aebf1801691a5320edb6468e194"},"description":"El tudsz k\u00e9pzelni egy e-Tour de France-t, ahol a versenyz\u0151k ped\u00e1loz\u00e1s n\u00e9lk\u00fcl, elektromotorjaik seg\u00edts\u00e9g\u00e9vel hajtanak fel a Mont Ventoux cs\u00facs\u00e1ra? Abszurd?","breadcrumb":{"@id":"https:\/\/www.welovecycling.com\/hu\/trekking-mtb\/vajon-az-elektromos-kerekparok-jelentik-a-profi-versenyzes-jovojet\/#breadcrumb"},"inLanguage":"hu","potentialAction":[{"@type":"ReadAction","target":["https:\/\/www.welovecycling.com\/hu\/trekking-mtb\/vajon-az-elektromos-kerekparok-jelentik-a-profi-versenyzes-jovojet\/"]}]},{"@type":"ImageObject","inLanguage":"hu","@id":"https:\/\/www.welovecycling.com\/hu\/trekking-mtb\/vajon-az-elektromos-kerekparok-jelentik-a-profi-versenyzes-jovojet\/#primaryimage","url":"https:\/\/d2p6e6u75xmxt8.cloudfront.net\/12\/2020\/07\/E-MTB-CVR.jpg","contentUrl":"https:\/\/d2p6e6u75xmxt8.cloudfront.net\/12\/2020\/07\/E-MTB-CVR.jpg","width":1366,"height":600,"caption":"e-bikes racing"},{"@type":"BreadcrumbList","@id":"https:\/\/www.welovecycling.com\/hu\/trekking-mtb\/vajon-az-elektromos-kerekparok-jelentik-a-profi-versenyzes-jovojet\/#breadcrumb","itemListElement":[{"@type":"ListItem","position":1,"name":"Home","item":"https:\/\/www.welovecycling.com\/hu\/"},{"@type":"ListItem","position":2,"name":"Vajon az elektromos ker\u00e9kp\u00e1rok jelentik a profi versenyz\u00e9s j\u00f6v\u0151j\u00e9t?"}]},{"@type":"WebSite","@id":"https:\/\/www.welovecycling.com\/hu\/#website","url":"https:\/\/www.welovecycling.com\/hu\/","name":"\u0160koda We Love Cycling - Magyarorsz\u00e1g","description":"\u0160koda WeLoveCycling","potentialAction":[{"@type":"SearchAction","target":{"@type":"EntryPoint","urlTemplate":"https:\/\/www.welovecycling.com\/hu\/?s={search_term_string}"},"query-input":{"@type":"PropertyValueSpecification","valueRequired":true,"valueName":"search_term_string"}}],"inLanguage":"hu"},{"@type":"Person","@id":"https:\/\/www.welovecycling.com\/hu\/#\/schema\/person\/414a2aebf1801691a5320edb6468e194","name":"hegyizs","image":{"@type":"ImageObject","inLanguage":"hu","@id":"https:\/\/www.welovecycling.com\/hu\/#\/schema\/person\/image\/","url":"https:\/\/secure.gravatar.com\/avatar\/02cf8a7906b8cf90cecb4679defac7cfd33a1c2e3b88e4903d947f3bb58eedd3?s=96&d=mm&r=g","contentUrl":"https:\/\/secure.gravatar.com\/avatar\/02cf8a7906b8cf90cecb4679defac7cfd33a1c2e3b88e4903d947f3bb58eedd3?s=96&d=mm&r=g","caption":"hegyizs"},"url":"https:\/\/www.welovecycling.com\/hu\/author\/hegyizs\/"}]}},"_links":{"self":[{"href":"https:\/\/www.welovecycling.com\/hu\/wp-json\/wp\/v2\/posts\/8178","targetHints":{"allow":["GET"]}}],"collection":[{"href":"https:\/\/www.welovecycling.com\/hu\/wp-json\/wp\/v2\/posts"}],"about":[{"href":"https:\/\/www.welovecycling.com\/hu\/wp-json\/wp\/v2\/types\/post"}],"author":[{"embeddable":true,"href":"https:\/\/www.welovecycling.com\/hu\/wp-json\/wp\/v2\/users\/71"}],"replies":[{"embeddable":true,"href":"https:\/\/www.welovecycling.com\/hu\/wp-json\/wp\/v2\/comments?post=8178"}],"version-history":[{"count":2,"href":"https:\/\/www.welovecycling.com\/hu\/wp-json\/wp\/v2\/posts\/8178\/revisions"}],"predecessor-version":[{"id":8192,"href":"https:\/\/www.welovecycling.com\/hu\/wp-json\/wp\/v2\/posts\/8178\/revisions\/8192"}],"wp:featuredmedia":[{"embeddable":true,"href":"https:\/\/www.welovecycling.com\/hu\/wp-json\/wp\/v2\/media\/8181"}],"wp:attachment":[{"href":"https:\/\/www.welovecycling.com\/hu\/wp-json\/wp\/v2\/media?parent=8178"}],"wp:term":[{"taxonomy":"category","embeddable":true,"href":"https:\/\/www.welovecycling.com\/hu\/wp-json\/wp\/v2\/categories?post=8178"},{"taxonomy":"post_tag","embeddable":true,"href":"https:\/\/www.welovecycling.com\/hu\/wp-json\/wp\/v2\/tags?post=8178"},{"taxonomy":"global-categories","embeddable":true,"href":"https:\/\/www.welovecycling.com\/hu\/wp-json\/wp\/v2\/global-categories?post=8178"}],"curies":[{"name":"wp","href":"https:\/\/api.w.org\/{rel}","templated":true}]}}