{"id":8171,"date":"2020-07-30T08:00:41","date_gmt":"2020-07-30T07:00:41","guid":{"rendered":"https:\/\/www.welovecycling.com\/hu\/?p=8171"},"modified":"2020-07-24T16:07:10","modified_gmt":"2020-07-24T15:07:10","slug":"virtualis-tour-de-france-es-noi-kerekparozas","status":"publish","type":"post","link":"https:\/\/www.welovecycling.com\/hu\/orszaguti-kerekpar\/virtualis-tour-de-france-es-noi-kerekparozas\/","title":{"rendered":"Virtu\u00e1lis Tour de France \u00e9s n\u0151i ker\u00e9kp\u00e1roz\u00e1s"},"content":{"rendered":"<p><strong>B\u00e1r a profi n\u0151i ker\u00e9kp\u00e1rosok sz\u00e1m\u00e1ra m\u00e9g mindig nincs Tour de France, amelyen megmutathatn\u00e1k szenved\u00e9lyes versenyszellem\u00fcket, ebben a h\u00f3napban \u00edzel\u00edt\u0151t kapunk abb\u00f3l, hogyan is n\u00e9zne ez ki \u2013 virtu\u00e1lis form\u00e1ban. M\u00edg a ker\u00e9kp\u00e1roz\u00e1s legrangosabb esem\u00e9nyei augusztusra lettek \u00e1t\u00fctemezve a koronav\u00edrus-j\u00e1rv\u00e1ny miatt, a Zwift online tr\u00e9ningplatform a Tour de France-ot szervez\u0151 A.S.O. egy\u00fcttm\u0171k\u00f6d\u00e9s\u00e9vel olyan megold\u00e1st fejlesztett, amely a ker\u00e9kp\u00e1rrajong\u00f3k sz\u00e1m\u00e1ra megadja azt az izgalommennyis\u00e9get, amelyet j\u00faliusra v\u00e1rtak.<\/strong><!--more--><\/p>\n<p>J\u00falius 4. \u00f3ta h\u00e9tv\u00e9genk\u00e9nt tizenhat n\u0151i \u00e9s huszonh\u00e1rom f\u00e9rfi csapat k\u00fczd azonos p\u00e1ly\u00e1kon a h\u00edres s\u00e1rga, z\u00f6ld, p\u00f6tty\u00f6s \u00e9s feh\u00e9r trik\u00f3k\u00e9rt. J\u00falius 19-\u00e9n, vas\u00e1rnap, z\u00e1r\u00e1sk\u00e9nt a hat speci\u00e1lisan megtervezett szakaszt keltett\u00e9k \u00e9letre olyan ker\u00e9kp\u00e1ros nagys\u00e1gok, mint az id\u0151futam-vil\u00e1gbajnok Chloe Dygert, a brit orsz\u00e1g\u00fati \u00e9s id\u0151futambajnok Alice Barnes, valamint a holland legenda, Marianne Vos.<\/p>\n<h2><strong>Az eddigi izgalmak<\/strong><strong>\u00a0<\/strong><\/h2>\n<p>A n\u0151i Tour de France 1989 \u00f3ta els\u0151k\u00e9nt t\u00f6rt\u00e9n\u0151 megism\u00e9tl\u00e9se, ez a virtu\u00e1lis esem\u00e9ny akci\u00f3ban d\u00fas volt, \u00e9s n\u00e9h\u00e1ny fiatalabb versenyz\u0151 kimagasl\u00f3 teljes\u00edtm\u00e9nyt ny\u00fajtott. Az els\u0151 szakaszt a 19 \u00e9ves April Tacey (DROPS) nyerte, aki m\u00falt vas\u00e1rnap a negyedik szakaszon is diadalmaskodott, lesprintelve a 21 \u00e9ves Anna Hendersont (Sunweb).<\/p>\n<lite-youtube videoid=W8mrj7v2uvE params=\"enablejsapi=1\" style=\"background-image: url('https:\/\/i.ytimg.com\/vi_webp\/W8mrj7v2uvE\/maxresdefault.webp');\"><\/lite-youtube>\n<p>Minden bizonnyal tanuls\u00e1gos ez az \u00e9lm\u00e9ny Tacey sz\u00e1m\u00e1ra, aki azt nyilatkozta a <a href=\"https:\/\/www.cyclingnews.com\/news\/tacey-overcomes-broken-knee-to-win-two-stages-of-the-virtual-tour-de-france\/\">Cycling News<\/a> port\u00e1lnak, hogy \u201eremek lehet\u0151s\u00e9g\u201d volt arra, hogy letegye a n\u00e9vjegyk\u00e1rty\u00e1j\u00e1t, valamint hogy \u201enagyszer\u0171 lenne j\u00f6v\u0151re a La Course-on versenyezni\u201d, \u00e9s ezzel a m\u00e9rf\u00f6ldk\u0151nek sz\u00e1m\u00edt\u00f3 esem\u00e9nyen m\u00e1r karrierje elej\u00e9n leny\u0171g\u00f6z\u0151 teljes\u00edtm\u00e9nyt ny\u00fajtott. J\u00f3 t\u00e1rsas\u00e1gba ker\u00fclt a t\u00f6bbi szakaszgy\u0151ztessel: Lauren Stephens (Tibco-Silicon Valley Bank) \u00e9s Tanja Erath (Canyon-SRAM) nyerte meg a m\u00e1sodik \u00e9s harmadik szakaszt.<\/p>\n<p>\u00d6sszes\u00edtettben tov\u00e1bbra is a TIBCO-SVB vezet 277 ponttal, \u0151ket k\u00f6veti a DROPS 219 ponttal \u00e9s a Canyon-SRAM 206-tal. H\u00e9tv\u00e9g\u00e9n az \u00f6t\u00f6dik szakasz k\u00f6vetkezik, a kir\u00e1lyn\u0151etap, amikor a versenyz\u0151k a Mont Ventoux-n elhelyezked\u0151 Chalet Reynard-ig tekernek fel. A verseny vas\u00e1rnap \u00e9r v\u00e9get, a mez\u0151ny ekkor fog a Champs-\u00c9lys\u00e9es-re befutni, hogy a Diadal\u00edv el\u0151tt \u00e1ll\u00f3 ikonikus c\u00e9lig k\u00fczdj\u00f6n a h\u00edrn\u00e9v\u00e9rt.<\/p>\n<div class=\"embed-controller-wrapper\">\n<blockquote class=\"twitter-tweet\" data-width=\"500\" data-dnt=\"true\">\n<p lang=\"en\" dir=\"ltr\">A dramatic finale awaits as the Virtual <a href=\"https:\/\/twitter.com\/LeTour?ref_src=twsrc%5Etfw\">@LeTour<\/a> draws to a close this weekend! \ud83d\udeb4\u200d\u2640\ufe0f\ud83c\uddeb\ud83c\uddf7\ud83d\udeb4\u200d\u2642 Catch the racing, then tackle the infamous slopes yourself. \ud83d\ude33 <a href=\"https:\/\/twitter.com\/hashtag\/TDFVirtual?src=hash&amp;ref_src=twsrc%5Etfw\">#TDFVirtual<\/a><\/p>\n<p>More info: <a href=\"https:\/\/t.co\/gRc2nCDFqa\">https:\/\/t.co\/gRc2nCDFqa<\/a> <a href=\"https:\/\/t.co\/tzSSUPJ6mg\">pic.twitter.com\/tzSSUPJ6mg<\/a><\/p>\n<p>&mdash; Zwift (@GoZwift) <a href=\"https:\/\/twitter.com\/GoZwift\/status\/1284050531925790720?ref_src=twsrc%5Etfw\">July 17, 2020<\/a><\/p><\/blockquote>\n<p><script async data-src=\"https:\/\/platform.twitter.com\/widgets.js\" charset=\"utf-8\"><\/script><\/div>\n<h2><strong>Lehet\u0151s\u00e9g az egyenrang\u00fa versenyz\u00e9sre<\/strong><strong>\u00a0<\/strong><\/h2>\n<p>A szuperklasszis versenyz\u00e9sen fel\u00fcl a <a href=\"https:\/\/www.welovecycling.com\/wide\/2020\/05\/08\/what-does-the-rest-of-the-season-look-like-for-womens-cycling\/\">profi n\u0151i versenyz\u0151k<\/a> az \u00faj lehet\u0151s\u00e9g mellett is felemelt\u00e9k a hangjukat, amely egyenl\u0151 b\u00e1n\u00e1sm\u00f3dban r\u00e9szes\u00edti \u0151ket a f\u00e9rfiakkal. Sokuk sz\u00e1m\u00e1ra e virtu\u00e1lis esem\u00e9ny val\u00f3di vonzereje az, hogy a f\u00e9rfiak \u00e9s a n\u0151k ugyanazon szakaszokon \u00e9s ugyanolyan ar\u00e1ny\u00fa telev\u00edzi\u00f3s k\u00f6zvet\u00edt\u00e9s mellett versenyezhetnek. Ahogy a jelenlegi brit orsz\u00e1g\u00fati bajnok, Alice Barnes fogalmazott a Telegraph Sportsnak: \u201eNagyszer\u0171, hogy ugyanazokon az \u00fatvonalakon teker\u00fcnk, \u00edgy az ember \u00f6ssze tudja vetni a versenyeket \u00e9s a k\u00fcl\u00f6nb\u00f6z\u0151 st\u00edlusokat.\u201d Egy m\u00e1sik kritikus pontra is r\u00e1vil\u00e1g\u00edtott, amikor azt mondta, hogy \u201ea szponzoraink sz\u00e1m\u00e1ra is \u00f3ri\u00e1si lehet\u0151s\u00e9g ez. Az\u00e9rt fizetnek nek\u00fcnk, hogy hirdess\u00fck \u0151ket \u00e9s jelenleg ezt nem kapj\u00e1k meg. Sz\u00f3val sz\u00e1mukra ez egy\u00e9rtelm\u0171en hatalmas es\u00e9ly.\u201d<\/p>\n<p>Ella Harris (Canyon-SRAM) azt is megjegyezte, hogy ez a nagyobb l\u00e1that\u00f3s\u00e1g rem\u00e9lhet\u0151leg a k\u00f6vetkez\u0151 versenyeken is folytat\u00f3dni fog. \u201eEz \u00f3ri\u00e1si l\u00f6ket a n\u0151i ker\u00e9kp\u00e1roz\u00e1snak, hiszen ez tov\u00e1bbi v\u00e1ltoz\u00e1sokat gener\u00e1l majd a szabadt\u00e9ri esem\u00e9nyek szempontj\u00e1b\u00f3l\u201d \u2013 mondta a csapat sajt\u00f3t\u00e1j\u00e9koztat\u00f3j\u00e1n. \u201e\u00dagy gondolom, forradalmi l\u00e9p\u00e9s ez a sport j\u00f6v\u0151je fel\u00e9, amely seg\u00edt lebontani az \u0151sr\u00e9gi gender-akad\u00e1lyokat, m\u00e9g ha virtu\u00e1lis form\u00e1ban is. Szerintem nagyon szuper, hogy a Zwift a platformja r\u00e9v\u00e9n seg\u00edt ezt a lehet\u0151s\u00e9get megteremteni.\u201d<\/p>\n<p>\u00dagy t\u0171nik, a virtu\u00e1lis verseny val\u00f3ban er\u0151sen t\u00e1mogatja a nemek k\u00f6z\u00f6tti egyenl\u0151s\u00e9get a ker\u00e9kp\u00e1rsportban. Az\u00e1ltal, hogy e szakaszokat vil\u00e1gszerte t\u00f6bb mint 130 orsz\u00e1gban k\u00f6zvet\u00edtik, k\u00e9ts\u00e9gtelen, hogy a Virtu\u00e1lis Tour de France a sprinterek, a hegyimen\u0151k \u00e9s az univerz\u00e1lis versenyz\u0151k sz\u00e1m\u00e1ra egyenl\u0151 es\u00e9lyeket k\u00edn\u00e1l\u00f3, hat\u00f3r\u00e1s szakaszaival, j\u00f3val t\u00f6bbet hoz n\u00e9h\u00e1ny \u00faj n\u0151iker\u00e9kp\u00e1r-rajong\u00f3n\u00e1l.<\/p>\n<figure id=\"attachment_8175\" aria-describedby=\"caption-attachment-8175\" style=\"width: 2246px\" class=\"wp-caption alignnone\"><img loading=\"lazy\" decoding=\"async\" class=\"wp-image-8175 size-full\" src=\"https:\/\/d2p6e6u75xmxt8.cloudfront.net\/12\/2020\/07\/Virtual-TdF-2.JPG.jpg\" alt=\"Virtual Tour de France\" width=\"2246\" height=\"1209\" \/><figcaption id=\"caption-attachment-8175\" class=\"wp-caption-text\"><em>Virtu\u00e1lis Tour de France \u2013 4. szakasz<\/em><\/figcaption><\/figure>\n<h2><strong>K\u00f6rvonalaz\u00f3dik a j\u00f6v\u0151<\/strong><strong>\u00a0<\/strong><\/h2>\n<p>Term\u00e9szetesen fontos, hogy ezt a lend\u00fcletet kihaszn\u00e1lj\u00e1k annak \u00e9rdek\u00e9ben, hogy ez az idei egyedi esem\u00e9ny ne csup\u00e1n egy rov\u00e1tka legyen a ker\u00e9kp\u00e1roz\u00e1s t\u00f6rt\u00e9net\u00e9nek id\u0151vonal\u00e1n. H\u00e1la a n\u0151k kitart\u00e1s\u00e1nak \u00e9s kiv\u00e9teles versenyszellem\u00e9nek, valamint a dinamikusan n\u00f6vekv\u0151 e-sport vil\u00e1gnak, kifejezetten \u00fagy t\u0171nik, ez csak a kezdet.<\/p>\n<p>A Zwift m\u00e1jus eleji Tour For All (A Tour Mindenki\u00e9) programja milli\u00f3s n\u00e9zetts\u00e9get gener\u00e1lt, \u00e9s \u00fagy t\u0171nik, Eric Min vez\u00e9rigazgat\u00f3 felismerte, hogy a n\u0151i ker\u00e9kp\u00e1roz\u00e1snak szerepe volt ezeknek az esem\u00e9nyeknek a siker\u00e9ben. Azt mondta, hogy ha az idei Virtu\u00e1lis Tour de France j\u00f3l siker\u00fcl, el tudja k\u00e9pzelni, hogy a Zwift j\u00f6v\u0151 ny\u00e1ron egy teljesen virtu\u00e1lis n\u0151i Tour de France-t szervez.<\/p>\n<p>Az A.S.O. is azt mondta, hogy m\u00e9rlegeli egy t\u00f6bbszakaszos n\u0151i verseny lehet\u0151s\u00e9g\u00e9t, amely 2022-ben kezd\u0151dne, de mivel a Covid-19 tov\u00e1bbra is komoly kih\u00edv\u00e1sok el\u00e9 \u00e1ll\u00edtja a szervez\u0151ket, \u00fagy fest, hogy a Zwift fogja bet\u00f6lteni a h\u00e9zagot \u2013 \u00e9s ebben el\u0151t\u00e9rbe helyezi a n\u0151i mez\u0151nyt. Min annak lehet\u0151s\u00e9g\u00e9r\u0151l, hogy a n\u0151i Tour de France fizikailag is megrendez\u00e9sre ker\u00fclj\u00f6n 1-2 \u00e9ven bel\u00fcl, a k\u00f6vetkez\u0151t mondta: \u201eBiztos vagyok benne, hogy mi lehet\u00fcnk a megold\u00e1s. Mi lehet\u00fcnk a h\u00edd \u2026 \u00fagy \u00e9rzem, a n\u0151i mez\u0151ny m\u00e9g a f\u00e9rfiak\u00e9n\u00e1l is jobban megtal\u00e1lta a Zwiftet. Nincs annyi verseny\u00fck \u00e9s l\u00e1tj\u00e1k, milyen el\u0151ny\u00f6ket hoz ez a szponzoraiknak.\u201d<\/p>\n<p>https:\/\/www.instagram.com\/p\/CCjI041ly31\/<\/p>\n<p>A profi n\u0151i ker\u00e9kp\u00e1rosok, akik bizony\u00edtott\u00e1k, hogy k\u00e9szek minden lehet\u0151s\u00e9get maxim\u00e1lisan kihaszn\u00e1lni, tov\u00e1bbra is hat\u00e1rtalan odaad\u00e1sr\u00f3l \u00e9s lelkesed\u00e9sr\u0151l tesznek tan\u00fabizonys\u00e1got sport\u00e1guk \u00e9p\u00edt\u00e9s\u00e9ben. B\u00edzzunk abban, hogy a n\u0151i versenybring\u00e1sok \u00edg\u00e9retes felvillan\u00e1sa a sport\u00e1g legnagyobb preszt\u00edzs\u0171 tus\u00e1j\u00e1n nemsok\u00e1ra mag\u00e1t\u00f3l \u00e9rtet\u0151d\u0151 lesz.<\/p>\n<p>H\u00e9tv\u00e9g\u00e9n a Zwift weboldal\u00e1n, az Eurosporton, illetve vil\u00e1gszerte az al\u00e1bbi telev\u00edzi\u00f3s csatorn\u00e1kon k\u00f6vetheted a Virtu\u00e1lis Tour de France z\u00e1r\u00f3 szakaszait:<\/p>\n<h4><strong>Eur\u00f3pa<\/strong><\/h4>\n<p>Eur\u00f3pa (Eurosport &amp; GCN)<br \/>\nD\u00e1nia (TV2 Sport)<br \/>\nNorv\u00e9gia (TV2 Sport\/TV2 Sumo)<br \/>\nFranciaorsz\u00e1g (Francetvsport)<br \/>\nBelgium &#8211; Vall\u00f3nia (RTBF \u2013 digit\u00e1lis)<br \/>\nBelgium &#8211; Flandria (VRT \u00e9\u00e9n)<br \/>\nHollandia (NOS \u2013 digit\u00e1lis)<br \/>\nPortug\u00e1lia (RTP2)<br \/>\nSpanyolorsz\u00e1g (Teledeporte vagy digit\u00e1lis)<\/p>\n<h4><strong>Amerika<\/strong><\/h4>\n<p>USA (NBC Sports Gold)<br \/>\nKanada (FloBikes)<br \/>\nAfrika\/Mena<br \/>\nSzubszaharai Afrika (Supersport)<\/p>\n<h4><strong>\u00c1zsia<\/strong><\/h4>\n<p>Ausztr\u00e1lia (SBS)<br \/>\nJap\u00e1n (J Sports)<br \/>\n\u00c1zsia \/Csendes-\u00f3ce\u00e1ni t\u00e9rs\u00e9g (Eurosport Asia &amp; GCN)<br \/>\nK\u00edna (Zhibo.tv)<br \/>\n\u00daj-Z\u00e9land (SKY Sport)<\/p>\n","protected":false},"excerpt":{"rendered":"<p>B\u00e1r a profi n\u0151i ker\u00e9kp\u00e1rosok sz\u00e1m\u00e1ra m\u00e9g mindig nincs Tour de France, amelyen megmutathatn\u00e1k szenved\u00e9lyes versenyszellem\u00fcket, ebben a h\u00f3napban \u00edzel\u00edt\u0151t [&hellip;]<\/p>\n","protected":false},"author":71,"featured_media":8177,"comment_status":"open","ping_status":"open","sticky":false,"template":"","format":"standard","meta":{"footnotes":""},"categories":[8],"tags":[],"global-categories":[],"class_list":["post-8171","post","type-post","status-publish","format-standard","has-post-thumbnail","hentry","category-orszaguti-kerekpar"],"yoast_head":"<!-- This site is optimized with the Yoast SEO Premium plugin v25.3 (Yoast SEO v25.9) - https:\/\/yoast.com\/wordpress\/plugins\/seo\/ -->\n<title>Virtu\u00e1lis Tour de France \u00e9s n\u0151i ker\u00e9kp\u00e1roz\u00e1s<\/title>\n<meta name=\"description\" content=\"B\u00e1r a profi n\u0151i ker\u00e9kp\u00e1rosok sz\u00e1m\u00e1ra m\u00e9g mindig nincs Tour de France, amelyen megmutathatn\u00e1k szenved\u00e9lyes versenyszellem\u00fcket, ebben a h\u00f3napban \u00edzel\u00edt\u0151t kapunk abb\u00f3l, hogyan is n\u00e9zne ez ki \u2013 virtu\u00e1lis form\u00e1ban.\" \/>\n<meta name=\"robots\" content=\"index, follow, max-snippet:-1, max-image-preview:large, max-video-preview:-1\" \/>\n<link rel=\"canonical\" href=\"https:\/\/www.welovecycling.com\/hu\/orszaguti-kerekpar\/virtualis-tour-de-france-es-noi-kerekparozas\/\" \/>\n<meta property=\"og:locale\" content=\"hu_HU\" \/>\n<meta property=\"og:type\" content=\"article\" \/>\n<meta property=\"og:title\" content=\"Virtu\u00e1lis Tour de France \u00e9s n\u0151i ker\u00e9kp\u00e1roz\u00e1s\" \/>\n<meta property=\"og:description\" content=\"B\u00e1r a profi n\u0151i ker\u00e9kp\u00e1rosok sz\u00e1m\u00e1ra m\u00e9g mindig nincs Tour de France, amelyen megmutathatn\u00e1k szenved\u00e9lyes versenyszellem\u00fcket, ebben a h\u00f3napban \u00edzel\u00edt\u0151t kapunk abb\u00f3l, hogyan is n\u00e9zne ez ki \u2013 virtu\u00e1lis form\u00e1ban.\" \/>\n<meta property=\"og:url\" content=\"https:\/\/www.welovecycling.com\/hu\/orszaguti-kerekpar\/virtualis-tour-de-france-es-noi-kerekparozas\/\" \/>\n<meta property=\"og:site_name\" content=\"\u0160koda We Love Cycling - Magyarorsz\u00e1g\" \/>\n<meta property=\"article:publisher\" content=\"https:\/\/www.facebook.com\/WeLoveCyclingHungary\/\" \/>\n<meta property=\"article:published_time\" content=\"2020-07-30T07:00:41+00:00\" \/>\n<meta property=\"og:image\" content=\"https:\/\/d2p6e6u75xmxt8.cloudfront.net\/12\/2020\/07\/Womens-Tour-CVR-1.JPG.jpg\" \/>\n\t<meta property=\"og:image:width\" content=\"1366\" \/>\n\t<meta property=\"og:image:height\" content=\"600\" \/>\n\t<meta property=\"og:image:type\" content=\"image\/jpeg\" \/>\n<meta name=\"author\" content=\"hegyizs\" \/>\n<meta name=\"twitter:card\" content=\"summary_large_image\" \/>\n<meta name=\"twitter:label1\" content=\"Written by\" \/>\n\t<meta name=\"twitter:data1\" content=\"Megan Flottorp\" \/>\n\t<meta name=\"twitter:label2\" content=\"Est. reading time\" \/>\n\t<meta name=\"twitter:data2\" content=\"7\" \/>\n<script type=\"application\/ld+json\" class=\"yoast-schema-graph\">{\"@context\":\"https:\/\/schema.org\",\"@graph\":[{\"@type\":\"WebPage\",\"@id\":\"https:\/\/www.welovecycling.com\/hu\/orszaguti-kerekpar\/virtualis-tour-de-france-es-noi-kerekparozas\/\",\"url\":\"https:\/\/www.welovecycling.com\/hu\/orszaguti-kerekpar\/virtualis-tour-de-france-es-noi-kerekparozas\/\",\"name\":\"Virtu\u00e1lis Tour de France \u00e9s n\u0151i ker\u00e9kp\u00e1roz\u00e1s\",\"isPartOf\":{\"@id\":\"https:\/\/www.welovecycling.com\/hu\/#website\"},\"primaryImageOfPage\":{\"@id\":\"https:\/\/www.welovecycling.com\/hu\/orszaguti-kerekpar\/virtualis-tour-de-france-es-noi-kerekparozas\/#primaryimage\"},\"image\":{\"@id\":\"https:\/\/www.welovecycling.com\/hu\/orszaguti-kerekpar\/virtualis-tour-de-france-es-noi-kerekparozas\/#primaryimage\"},\"thumbnailUrl\":\"https:\/\/d2p6e6u75xmxt8.cloudfront.net\/12\/2020\/07\/Womens-Tour-CVR-1.JPG.jpg\",\"datePublished\":\"2020-07-30T07:00:41+00:00\",\"author\":{\"@id\":\"https:\/\/www.welovecycling.com\/hu\/#\/schema\/person\/414a2aebf1801691a5320edb6468e194\"},\"description\":\"B\u00e1r a profi n\u0151i ker\u00e9kp\u00e1rosok sz\u00e1m\u00e1ra m\u00e9g mindig nincs Tour de France, amelyen megmutathatn\u00e1k szenved\u00e9lyes versenyszellem\u00fcket, ebben a h\u00f3napban \u00edzel\u00edt\u0151t kapunk abb\u00f3l, hogyan is n\u00e9zne ez ki \u2013 virtu\u00e1lis form\u00e1ban.\",\"breadcrumb\":{\"@id\":\"https:\/\/www.welovecycling.com\/hu\/orszaguti-kerekpar\/virtualis-tour-de-france-es-noi-kerekparozas\/#breadcrumb\"},\"inLanguage\":\"hu\",\"potentialAction\":[{\"@type\":\"ReadAction\",\"target\":[\"https:\/\/www.welovecycling.com\/hu\/orszaguti-kerekpar\/virtualis-tour-de-france-es-noi-kerekparozas\/\"]}]},{\"@type\":\"ImageObject\",\"inLanguage\":\"hu\",\"@id\":\"https:\/\/www.welovecycling.com\/hu\/orszaguti-kerekpar\/virtualis-tour-de-france-es-noi-kerekparozas\/#primaryimage\",\"url\":\"https:\/\/d2p6e6u75xmxt8.cloudfront.net\/12\/2020\/07\/Womens-Tour-CVR-1.JPG.jpg\",\"contentUrl\":\"https:\/\/d2p6e6u75xmxt8.cloudfront.net\/12\/2020\/07\/Womens-Tour-CVR-1.JPG.jpg\",\"width\":1366,\"height\":600},{\"@type\":\"BreadcrumbList\",\"@id\":\"https:\/\/www.welovecycling.com\/hu\/orszaguti-kerekpar\/virtualis-tour-de-france-es-noi-kerekparozas\/#breadcrumb\",\"itemListElement\":[{\"@type\":\"ListItem\",\"position\":1,\"name\":\"Home\",\"item\":\"https:\/\/www.welovecycling.com\/hu\/\"},{\"@type\":\"ListItem\",\"position\":2,\"name\":\"Virtu\u00e1lis Tour de France \u00e9s n\u0151i ker\u00e9kp\u00e1roz\u00e1s\"}]},{\"@type\":\"WebSite\",\"@id\":\"https:\/\/www.welovecycling.com\/hu\/#website\",\"url\":\"https:\/\/www.welovecycling.com\/hu\/\",\"name\":\"\u0160koda We Love Cycling - Magyarorsz\u00e1g\",\"description\":\"\u0160koda WeLoveCycling\",\"potentialAction\":[{\"@type\":\"SearchAction\",\"target\":{\"@type\":\"EntryPoint\",\"urlTemplate\":\"https:\/\/www.welovecycling.com\/hu\/?s={search_term_string}\"},\"query-input\":{\"@type\":\"PropertyValueSpecification\",\"valueRequired\":true,\"valueName\":\"search_term_string\"}}],\"inLanguage\":\"hu\"},{\"@type\":\"Person\",\"@id\":\"https:\/\/www.welovecycling.com\/hu\/#\/schema\/person\/414a2aebf1801691a5320edb6468e194\",\"name\":\"hegyizs\",\"image\":{\"@type\":\"ImageObject\",\"inLanguage\":\"hu\",\"@id\":\"https:\/\/www.welovecycling.com\/hu\/#\/schema\/person\/image\/\",\"url\":\"https:\/\/secure.gravatar.com\/avatar\/02cf8a7906b8cf90cecb4679defac7cfd33a1c2e3b88e4903d947f3bb58eedd3?s=96&d=mm&r=g\",\"contentUrl\":\"https:\/\/secure.gravatar.com\/avatar\/02cf8a7906b8cf90cecb4679defac7cfd33a1c2e3b88e4903d947f3bb58eedd3?s=96&d=mm&r=g\",\"caption\":\"hegyizs\"},\"url\":\"https:\/\/www.welovecycling.com\/hu\/author\/hegyizs\/\"}]}<\/script>\n<!-- \/ Yoast SEO Premium plugin. -->","yoast_head_json":{"title":"Virtu\u00e1lis Tour de France \u00e9s n\u0151i ker\u00e9kp\u00e1roz\u00e1s","description":"B\u00e1r a profi n\u0151i ker\u00e9kp\u00e1rosok sz\u00e1m\u00e1ra m\u00e9g mindig nincs Tour de France, amelyen megmutathatn\u00e1k szenved\u00e9lyes versenyszellem\u00fcket, ebben a h\u00f3napban \u00edzel\u00edt\u0151t kapunk abb\u00f3l, hogyan is n\u00e9zne ez ki \u2013 virtu\u00e1lis form\u00e1ban.","robots":{"index":"index","follow":"follow","max-snippet":"max-snippet:-1","max-image-preview":"max-image-preview:large","max-video-preview":"max-video-preview:-1"},"canonical":"https:\/\/www.welovecycling.com\/hu\/orszaguti-kerekpar\/virtualis-tour-de-france-es-noi-kerekparozas\/","og_locale":"hu_HU","og_type":"article","og_title":"Virtu\u00e1lis Tour de France \u00e9s n\u0151i ker\u00e9kp\u00e1roz\u00e1s","og_description":"B\u00e1r a profi n\u0151i ker\u00e9kp\u00e1rosok sz\u00e1m\u00e1ra m\u00e9g mindig nincs Tour de France, amelyen megmutathatn\u00e1k szenved\u00e9lyes versenyszellem\u00fcket, ebben a h\u00f3napban \u00edzel\u00edt\u0151t kapunk abb\u00f3l, hogyan is n\u00e9zne ez ki \u2013 virtu\u00e1lis form\u00e1ban.","og_url":"https:\/\/www.welovecycling.com\/hu\/orszaguti-kerekpar\/virtualis-tour-de-france-es-noi-kerekparozas\/","og_site_name":"\u0160koda We Love Cycling - Magyarorsz\u00e1g","article_publisher":"https:\/\/www.facebook.com\/WeLoveCyclingHungary\/","article_published_time":"2020-07-30T07:00:41+00:00","og_image":[{"width":1366,"height":600,"url":"https:\/\/d2p6e6u75xmxt8.cloudfront.net\/12\/2020\/07\/Womens-Tour-CVR-1.JPG.jpg","type":"image\/jpeg"}],"author":"hegyizs","twitter_card":"summary_large_image","twitter_misc":{"Written by":"Megan Flottorp","Est. reading time":"7"},"schema":{"@context":"https:\/\/schema.org","@graph":[{"@type":"WebPage","@id":"https:\/\/www.welovecycling.com\/hu\/orszaguti-kerekpar\/virtualis-tour-de-france-es-noi-kerekparozas\/","url":"https:\/\/www.welovecycling.com\/hu\/orszaguti-kerekpar\/virtualis-tour-de-france-es-noi-kerekparozas\/","name":"Virtu\u00e1lis Tour de France \u00e9s n\u0151i ker\u00e9kp\u00e1roz\u00e1s","isPartOf":{"@id":"https:\/\/www.welovecycling.com\/hu\/#website"},"primaryImageOfPage":{"@id":"https:\/\/www.welovecycling.com\/hu\/orszaguti-kerekpar\/virtualis-tour-de-france-es-noi-kerekparozas\/#primaryimage"},"image":{"@id":"https:\/\/www.welovecycling.com\/hu\/orszaguti-kerekpar\/virtualis-tour-de-france-es-noi-kerekparozas\/#primaryimage"},"thumbnailUrl":"https:\/\/d2p6e6u75xmxt8.cloudfront.net\/12\/2020\/07\/Womens-Tour-CVR-1.JPG.jpg","datePublished":"2020-07-30T07:00:41+00:00","author":{"@id":"https:\/\/www.welovecycling.com\/hu\/#\/schema\/person\/414a2aebf1801691a5320edb6468e194"},"description":"B\u00e1r a profi n\u0151i ker\u00e9kp\u00e1rosok sz\u00e1m\u00e1ra m\u00e9g mindig nincs Tour de France, amelyen megmutathatn\u00e1k szenved\u00e9lyes versenyszellem\u00fcket, ebben a h\u00f3napban \u00edzel\u00edt\u0151t kapunk abb\u00f3l, hogyan is n\u00e9zne ez ki \u2013 virtu\u00e1lis form\u00e1ban.","breadcrumb":{"@id":"https:\/\/www.welovecycling.com\/hu\/orszaguti-kerekpar\/virtualis-tour-de-france-es-noi-kerekparozas\/#breadcrumb"},"inLanguage":"hu","potentialAction":[{"@type":"ReadAction","target":["https:\/\/www.welovecycling.com\/hu\/orszaguti-kerekpar\/virtualis-tour-de-france-es-noi-kerekparozas\/"]}]},{"@type":"ImageObject","inLanguage":"hu","@id":"https:\/\/www.welovecycling.com\/hu\/orszaguti-kerekpar\/virtualis-tour-de-france-es-noi-kerekparozas\/#primaryimage","url":"https:\/\/d2p6e6u75xmxt8.cloudfront.net\/12\/2020\/07\/Womens-Tour-CVR-1.JPG.jpg","contentUrl":"https:\/\/d2p6e6u75xmxt8.cloudfront.net\/12\/2020\/07\/Womens-Tour-CVR-1.JPG.jpg","width":1366,"height":600},{"@type":"BreadcrumbList","@id":"https:\/\/www.welovecycling.com\/hu\/orszaguti-kerekpar\/virtualis-tour-de-france-es-noi-kerekparozas\/#breadcrumb","itemListElement":[{"@type":"ListItem","position":1,"name":"Home","item":"https:\/\/www.welovecycling.com\/hu\/"},{"@type":"ListItem","position":2,"name":"Virtu\u00e1lis Tour de France \u00e9s n\u0151i ker\u00e9kp\u00e1roz\u00e1s"}]},{"@type":"WebSite","@id":"https:\/\/www.welovecycling.com\/hu\/#website","url":"https:\/\/www.welovecycling.com\/hu\/","name":"\u0160koda We Love Cycling - Magyarorsz\u00e1g","description":"\u0160koda WeLoveCycling","potentialAction":[{"@type":"SearchAction","target":{"@type":"EntryPoint","urlTemplate":"https:\/\/www.welovecycling.com\/hu\/?s={search_term_string}"},"query-input":{"@type":"PropertyValueSpecification","valueRequired":true,"valueName":"search_term_string"}}],"inLanguage":"hu"},{"@type":"Person","@id":"https:\/\/www.welovecycling.com\/hu\/#\/schema\/person\/414a2aebf1801691a5320edb6468e194","name":"hegyizs","image":{"@type":"ImageObject","inLanguage":"hu","@id":"https:\/\/www.welovecycling.com\/hu\/#\/schema\/person\/image\/","url":"https:\/\/secure.gravatar.com\/avatar\/02cf8a7906b8cf90cecb4679defac7cfd33a1c2e3b88e4903d947f3bb58eedd3?s=96&d=mm&r=g","contentUrl":"https:\/\/secure.gravatar.com\/avatar\/02cf8a7906b8cf90cecb4679defac7cfd33a1c2e3b88e4903d947f3bb58eedd3?s=96&d=mm&r=g","caption":"hegyizs"},"url":"https:\/\/www.welovecycling.com\/hu\/author\/hegyizs\/"}]}},"_links":{"self":[{"href":"https:\/\/www.welovecycling.com\/hu\/wp-json\/wp\/v2\/posts\/8171","targetHints":{"allow":["GET"]}}],"collection":[{"href":"https:\/\/www.welovecycling.com\/hu\/wp-json\/wp\/v2\/posts"}],"about":[{"href":"https:\/\/www.welovecycling.com\/hu\/wp-json\/wp\/v2\/types\/post"}],"author":[{"embeddable":true,"href":"https:\/\/www.welovecycling.com\/hu\/wp-json\/wp\/v2\/users\/71"}],"replies":[{"embeddable":true,"href":"https:\/\/www.welovecycling.com\/hu\/wp-json\/wp\/v2\/comments?post=8171"}],"version-history":[{"count":2,"href":"https:\/\/www.welovecycling.com\/hu\/wp-json\/wp\/v2\/posts\/8171\/revisions"}],"predecessor-version":[{"id":8185,"href":"https:\/\/www.welovecycling.com\/hu\/wp-json\/wp\/v2\/posts\/8171\/revisions\/8185"}],"wp:featuredmedia":[{"embeddable":true,"href":"https:\/\/www.welovecycling.com\/hu\/wp-json\/wp\/v2\/media\/8177"}],"wp:attachment":[{"href":"https:\/\/www.welovecycling.com\/hu\/wp-json\/wp\/v2\/media?parent=8171"}],"wp:term":[{"taxonomy":"category","embeddable":true,"href":"https:\/\/www.welovecycling.com\/hu\/wp-json\/wp\/v2\/categories?post=8171"},{"taxonomy":"post_tag","embeddable":true,"href":"https:\/\/www.welovecycling.com\/hu\/wp-json\/wp\/v2\/tags?post=8171"},{"taxonomy":"global-categories","embeddable":true,"href":"https:\/\/www.welovecycling.com\/hu\/wp-json\/wp\/v2\/global-categories?post=8171"}],"curies":[{"name":"wp","href":"https:\/\/api.w.org\/{rel}","templated":true}]}}