{"id":8167,"date":"2020-07-29T08:00:58","date_gmt":"2020-07-29T07:00:58","guid":{"rendered":"https:\/\/www.welovecycling.com\/hu\/?p=8167"},"modified":"2020-07-27T09:24:05","modified_gmt":"2020-07-27T08:24:05","slug":"10-tipp-hogy-elmeny-legyen-a-munkaba-bringazas","status":"publish","type":"post","link":"https:\/\/www.welovecycling.com\/hu\/varosi-kerekparozas\/10-tipp-hogy-elmeny-legyen-a-munkaba-bringazas\/","title":{"rendered":"10 tipp, hogy \u00e9lm\u00e9ny legyen a munk\u00e1ba bring\u00e1z\u00e1s"},"content":{"rendered":"<p><strong>Gondolt\u00e1l m\u00e1r arra, hogy ker\u00e9kp\u00e1rral j\u00e1rj munk\u00e1ba? Vagy m\u00e1r \u00edgy is bring\u00e1n ing\u00e1zol? \u00c1m hi\u00e1ba a lelkesed\u00e9s, n\u00e9h\u00e1ny apr\u00f3 vagy \u00e9pp nagyobb probl\u00e9ma belerond\u00edthat a k\u00e9pbe. Ezek kik\u00fcsz\u00f6b\u00f6l\u00e9s\u00e9ben seg\u00edthetnek hasznos tippjeink, hogy \u00fajra \u00e9lm\u00e9ny legyen a teker\u00e9s.<\/strong><!--more--><\/p>\n<h2><strong>A ker\u00e9kp\u00e1r kiv\u00e1laszt\u00e1s\u00e1n\u00e1l az lebegjen a szemed el\u0151tt, hogy mire fogod haszn\u00e1lni, ne az, hogy hogy n\u00e9z ki!<\/strong><\/h2>\n<p><strong>\u00a0<\/strong>Sok bicikli a megjelen\u00e9s\u00e9vel rabolja el a sz\u00edv\u00fcnket. Hajlamosak vagyunk azzal motiv\u00e1lni magunkat, hogy olyan bring\u00e1t vesz\u00fcnk, ami gyerekkorunk \u00f3ta az \u00e1lmunk. De az els\u0151 v\u00e1rosi \u00fat ut\u00e1n hamar al\u00e1bbhagy a lelkesed\u00e9s. Kider\u00fcl, hogy az \u00e1lombiciklid sebess\u00e9gkioszt\u00e1sa nem megfelel\u0151, k\u00e9nyelmetlen macskak\u00f6v\u00f6n menni vele vagy nincs rajta s\u00e1rv\u00e9d\u0151, ami miatt minden egyes alkalommal, amikor elkap egy es\u0151, \u00fagy fogsz kin\u00e9zni, mint aki \u00e9pp horg\u00e1sz\u00e1sb\u00f3l j\u00f6tt. Minden bring\u00e1nak a rendeltet\u00e9s\u00e9hez kell igazodnia, \u00e9s ez al\u00f3l nem kiv\u00e9tel a napi ing\u00e1z\u00e1s sem. B\u00e1r k\u00f6zkedvelt a MTB vagy az \u00f6sszecsukhat\u00f3 bringa is a v\u00e1rosi haszn\u00e1latban, a munk\u00e1ba teker\u00e9shez haszn\u00e1lt ker\u00e9kp\u00e1r legyen egyszer\u0171, megb\u00edzhat\u00f3 \u00e9s praktikus. A sz\u00e9lesebb gumikkal kellemesebb gurulni, a letisztult diz\u00e1jnt\u00f3l nem lesz lassabb a bringa. Ha sz\u00edjhajt\u00e1sod van, nem lesz olajos a nadr\u00e1gsz\u00e1rad \u2013 \u00e9s igaz ez a h\u00e1ts\u00f3 agyv\u00e1lt\u00f3ra is. A s\u00e1rv\u00e9d\u0151kt\u0151l nem lesz s\u00e1ros a h\u00e1ts\u00f3 feled, a csomagtart\u00f3ba pedig berakhatod a cuccaidat, \u00edgy m\u00e9g hosszabb teker\u00e9s ut\u00e1n is sz\u00e1raz marad a h\u00e1tad. V\u00e9lem\u00e9ny\u00fcnk szerint \u00edgy n\u00e9znek ki a t\u00f6k\u00e9letes v\u00e1rosi biciklik. V\u00e1laszd a m\u00e1sodikat, ha j\u00f3l j\u00f6n a motoros r\u00e1seg\u00edt\u00e9s egy f\u00e1raszt\u00f3 munkanap ut\u00e1n.<\/p>\n<div id='gallery-1' class='gallery galleryid-8167 gallery-columns-2 gallery-size-large'><figure class='gallery-item'>\n\t\t\t<div class='gallery-icon landscape'>\n\t\t\t\t<a href='https:\/\/d2p6e6u75xmxt8.cloudfront.net\/12\/2020\/07\/24.jpg'><img loading=\"lazy\" decoding=\"async\" width=\"620\" height=\"413\" src=\"https:\/\/d2p6e6u75xmxt8.cloudfront.net\/12\/2020\/07\/24.jpg\" class=\"attachment-large size-large\" alt=\"Trek E-Bike\" aria-describedby=\"gallery-1-8165\" \/><\/a>\n\t\t\t<\/div>\n\t\t\t\t<figcaption class='wp-caption-text gallery-caption' id='gallery-1-8165'>\n\t\t\t\tTrek e-bike\n\t\t\t\t<\/figcaption><\/figure><figure class='gallery-item'>\n\t\t\t<div class='gallery-icon landscape'>\n\t\t\t\t<a href='https:\/\/d2p6e6u75xmxt8.cloudfront.net\/12\/2020\/07\/12.jpg'><img loading=\"lazy\" decoding=\"async\" width=\"1024\" height=\"627\" src=\"https:\/\/d2p6e6u75xmxt8.cloudfront.net\/12\/2020\/07\/12.jpg\" class=\"attachment-large size-large\" alt=\"GHOST SQUARE URBAN X7.8 AL W\" aria-describedby=\"gallery-1-8166\" \/><\/a>\n\t\t\t<\/div>\n\t\t\t\t<figcaption class='wp-caption-text gallery-caption' id='gallery-1-8166'>\n\t\t\t\tGHOST SQUARE URBAN X7.8 AL W\n\t\t\t\t<\/figcaption><\/figure>\n\t\t<\/div>\n\n<h2><strong>\u00d6lt\u00f6zk\u00f6dj megfelel\u0151en!<\/strong><strong>\u00a0<\/strong><\/h2>\n<p>Nagy el\u0151ny\u00fck van azoknak, akik a munkahelyre meg\u00e9rkezve le tudnak zuhanyozni. Nem felt\u00e9tlen\u00fcl sz\u00fcks\u00e9ges \u00e1t\u00f6lt\u00f6zni a kikapcsol\u00f3 teker\u00e9s ut\u00e1n, de j\u00f3l j\u00f6het \u2013 k\u00fcl\u00f6n\u00f6sen akkor, ha esik vagy t\u00fal meleg van kint. Ha nem minden nap bring\u00e1zol, a h\u00e9t egyik napj\u00e1t jel\u00f6ld ki arra, hogy a v\u00e1lt\u00f3ruh\u00e1kat bevidd a munkahelyre, ahol m\u00e9g jobb, ha biztons\u00e1gos helyen tudod t\u00e1rolni \u0151ket, illetve ki tudod ter\u00edteni sz\u00e1radni a bring\u00e1s szettedet. Igaz ez a v\u00e1lt\u00f3cip\u0151re, amit mindig az irod\u00e1ban tarthatsz. Ha kint t\u00e1rolod a ker\u00e9kp\u00e1rt, h\u00fazz egy nejlonzacsk\u00f3t az \u00fcl\u00e9sre, ha es\u0151 v\u00e1rhat\u00f3. Nincs is rosszabb, mint vizes h\u00e1ts\u00f3val hazatekerni.<\/p>\n<h2><strong>Tedd l\u00e1that\u00f3v\u00e1 magad!<\/strong><strong>\u00a0<\/strong><\/h2>\n<p>A ker\u00e9kp\u00e1rosokat nem kell eml\u00e9keztetni arra, hogy <a href=\"https:\/\/www.welovecycling.com\/wide\/2019\/10\/25\/its-the-best-time-to-buy-new-bicycle-lights\/\">legyenek l\u00e1that\u00f3ak<\/a>. Ha nincs t\u00fcrelmed rendszeresen \u00fajrat\u00f6lt\u00f6getni a l\u00e1mp\u00e1id elemeit, vagy att\u00f3l tartasz, hogy hazafel\u00e9 \u00faton mer\u00fclnek le, szerelj fel dinam\u00f3t, ami a forg\u00f3 ker\u00e9k energi\u00e1j\u00e1b\u00f3l termel \u00e1ramot. Kicsit ugyan levesz a teljes\u00edtm\u00e9nyedb\u0151l, de \u00edgy el\u00e9g a ped\u00e1loz\u00e1s a l\u00e1mp\u00e1k m\u0171k\u00f6dtet\u00e9s\u00e9hez.<\/p>\n<h2><strong>Keress \u00faj \u00fatvonalakat!<\/strong><strong>\u00a0<\/strong><\/h2>\n<p>M\u00e9g ha meg is van a leggyorsabb vagy legk\u00e9nyelmesebb \u00fatvonalad a munkahelyig \u00e9s vissza, minden rutin el\u0151bb-ut\u00f3bb unalmass\u00e1 v\u00e1lik. Ez\u00e9rt ne f\u00e9lj \u00faj utakat keresni \u00e9s kipr\u00f3b\u00e1lni! \u00cdgy olyan helyeket is felfedezhetsz, ahol m\u00e9g sosem j\u00e1rt\u00e1l, vagy egy kis ker\u00fcl\u0151vel biztons\u00e1gosabb, kisebb forgalm\u00fa utakra lelhetsz.<\/p>\n<figure id=\"attachment_3115\" aria-describedby=\"caption-attachment-3115\" style=\"width: 1250px\" class=\"wp-caption alignnone\"><img loading=\"lazy\" decoding=\"async\" class=\"size-full wp-image-3115\" src=\"https:\/\/d2p6e6u75xmxt8.cloudfront.net\/12\/2019\/04\/profimedia-0387299759.jpg\" alt=\"\" width=\"1250\" height=\"833\" srcset=\"https:\/\/d2p6e6u75xmxt8.cloudfront.net\/12\/2019\/04\/profimedia-0387299759.jpg 1250w, https:\/\/d2p6e6u75xmxt8.cloudfront.net\/12\/2019\/04\/profimedia-0387299759-300x200.jpg 300w, https:\/\/d2p6e6u75xmxt8.cloudfront.net\/12\/2019\/04\/profimedia-0387299759-768x512.jpg 768w, https:\/\/d2p6e6u75xmxt8.cloudfront.net\/12\/2019\/04\/profimedia-0387299759-1024x682.jpg 1024w, https:\/\/d2p6e6u75xmxt8.cloudfront.net\/12\/2019\/04\/profimedia-0387299759-272x182.jpg 272w\" sizes=\"auto, (max-width: 1250px) 100vw, 1250px\" \/><figcaption id=\"caption-attachment-3115\" class=\"wp-caption-text\"><em>Reggeli bring\u00e1s ing\u00e1z\u00f3k London belv\u00e1ros\u00e1ban. \u00a9 Profimedia, Alamy<\/em><\/figcaption><\/figure>\n<h2><strong>Ne ijedj meg!<\/strong><strong>\u00a0<\/strong><\/h2>\n<p>A statisztik\u00e1k minden \u00e9vben megmutatj\u00e1k az utakon t\u00f6rt\u00e9n\u0151 balesetek sz\u00e1zal\u00e9kos sz\u00e1mait. A helyzet azonban sokkal jobb, mint amit a sz\u00e1mok sejtetnek. A legt\u00f6bb aut\u00f3vezet\u0151 t\u00fcrelmes, \u00e9s k\u00f6lcs\u00f6n\u00f6s tiszteletad\u00e1ssal mindenki elf\u00e9r az \u00fattesten m\u00e9g akkor is, ha nincsen k\u00fcl\u00f6n ker\u00e9kp\u00e1rs\u00e1v kialak\u00edtva. Amiatt sem kell agg\u00f3dnod, ha a koll\u00e9g\u00e1id kinevetnek \u2013 k\u00e9s\u0151bb irigykedni fognak a kondidra, eg\u00e9szs\u00e9gedre \u00e9s \u00f6r\u00f6k\u00f6s j\u00f3 hangulatodra.<\/p>\n<h2><strong>Magabiztosan bring\u00e1zz!<\/strong><strong>\u00a0<\/strong><\/h2>\n<p>Azok a ker\u00e9kp\u00e1rosok, akik t\u00fal k\u00f6zel hajtanak a j\u00e1rdaszeg\u00e9lyhez, mert nagyon f\u00e9lnek a forgalomt\u00f3l, folyamatosan az \u00fctk\u00f6z\u00e9st\u0151l rettegnek. A legjobb, ha olyan magabiztos ker\u00e9kp\u00e1roz\u00e1si st\u00edlust alak\u00edtasz ki, amely kisz\u00e1m\u00edthat\u00f3 \u00e9s korrekt a t\u00f6bbi k\u00f6zleked\u0151 sz\u00e1m\u00e1ra is.<\/p>\n<h2><strong>Legyenek n\u00e1lad a legfontosabbak!<\/strong><strong>\u00a0<\/strong><\/h2>\n<p>A defektek\u00e9rt a v\u00e1rosban \u00e1ltal\u00e1ban az \u00fat sz\u00e9l\u00e9n l\u00e9v\u0151 hepehup\u00e1k \u00e9s t\u00f6rmel\u00e9kek felelnek. B\u00e1r rengeteg az olyan bring\u00e1s, aki azonnal seg\u00edt, ha sz\u00fcks\u00e9ged van r\u00e1, jobb, ha magadn\u00e1l hordasz egy pump\u00e1t \u00e9s egy p\u00f3tt\u00f6ml\u0151t, b\u00e1rmilyen messzire is m\u00e9sz.<\/p>\n<lite-youtube videoid=4PKJFMyQfD0 params=\"enablejsapi=1\" style=\"background-image: url('https:\/\/i.ytimg.com\/vi_webp\/4PKJFMyQfD0\/maxresdefault.webp');\"><\/lite-youtube>\n<h2><strong>Ne hagyd, hogy ellopj\u00e1k a bring\u00e1d!<\/strong><strong>\u00a0<\/strong><\/h2>\n<p>M\u00e9g a legjelent\u00e9ktelenebb ing\u00e1z\u00f3 ker\u00e9kp\u00e1rt is ellophatj\u00e1k. A ker\u00e9kp\u00e1rboltban k\u00e9rj olyan lakatot, amely k\u00f6nny\u0171 \u00e9s viszonylag ellen\u00e1ll\u00f3. Ha minden nap ugyanoda z\u00e1rod le a bring\u00e1d, hagyhatsz egy neh\u00e9z \u00e9s kifejezetten er\u0151s l\u00e1ncot az oszlophoz vagy ker\u00e9kp\u00e1rtart\u00f3hoz k\u00f6tve, hogy ne kelljen mindig lakatot hordanod magaddal.<\/p>\n<h2><strong>Biciklis kos\u00e1r<\/strong><strong>\u00a0<\/strong><\/h2>\n<p>A h\u00e1tizs\u00e1k j\u00f3 dolog, kiv\u00e9ve ha bring\u00e1zol, alatta ugyanis mindenk\u00e9ppen beizzad a h\u00e1tad. A h\u00e1ts\u00f3 csomagtart\u00f3ra r\u00f6gz\u00edtett kos\u00e1r nem csak a h\u00e1tadat tehermentes\u00edti, de alacsonyabbra is helyezi a ker\u00e9kp\u00e1r t\u00f6megk\u00f6z\u00e9ppontj\u00e1t.<\/p>\n<h2><strong>A szezon v\u00e9g\u00e9n vidd el szervizbe!<\/strong><strong>\u00a0<\/strong><\/h2>\n<p>Kev\u00e9s dolog tudja jobban elrontani egy bring\u00e1s kedv\u00e9t, mint a nem hib\u00e1tlanul m\u0171k\u00f6d\u0151 ker\u00e9kp\u00e1r. A nem megfelel\u0151en m\u0171k\u00f6d\u0151 v\u00e1lt\u00f3 vagy a zavar\u00f3 nyikorg\u00e1sok b\u00e1rmilyen ker\u00e9kp\u00e1rt\u00far\u00e1t t\u00f6nkre tudnak tenni. Ha rendszeresen ing\u00e1zol, a bring\u00e1dat minden szezon v\u00e9g\u00e9n n\u00e9zze \u00e1t szakember, hogy felk\u00e9sz\u00edtse a k\u00f6vetkez\u0151 \u00e9vre. Akik eg\u00e9sz \u00e9vben tekernek, azoknak legal\u00e1bb 6 havonta \u00e9rdemes \u00e1tn\u00e9zetni.<\/p>\n","protected":false},"excerpt":{"rendered":"<p>Gondolt\u00e1l m\u00e1r arra, hogy ker\u00e9kp\u00e1rral j\u00e1rj munk\u00e1ba? Vagy m\u00e1r \u00edgy is bring\u00e1n ing\u00e1zol? \u00c1m hi\u00e1ba a lelkesed\u00e9s, n\u00e9h\u00e1ny apr\u00f3 vagy [&hellip;]<\/p>\n","protected":false},"author":71,"featured_media":8170,"comment_status":"open","ping_status":"open","sticky":false,"template":"","format":"standard","meta":{"footnotes":""},"categories":[9],"tags":[],"global-categories":[],"class_list":["post-8167","post","type-post","status-publish","format-standard","has-post-thumbnail","hentry","category-varosi-kerekparozas"],"yoast_head":"<!-- This site is optimized with the Yoast SEO Premium plugin v25.3 (Yoast SEO v25.9) - https:\/\/yoast.com\/wordpress\/plugins\/seo\/ -->\n<title>10 tipp, hogy \u00e9lm\u00e9ny legyen a munk\u00e1ba bring\u00e1z\u00e1s<\/title>\n<meta name=\"description\" content=\"Gondolt\u00e1l m\u00e1r arra, hogy ker\u00e9kp\u00e1rral j\u00e1rj munk\u00e1ba? Vagy m\u00e1r \u00edgy is bring\u00e1n ing\u00e1zol?\" \/>\n<meta name=\"robots\" content=\"index, follow, max-snippet:-1, max-image-preview:large, max-video-preview:-1\" \/>\n<link rel=\"canonical\" href=\"https:\/\/www.welovecycling.com\/hu\/varosi-kerekparozas\/10-tipp-hogy-elmeny-legyen-a-munkaba-bringazas\/\" \/>\n<meta property=\"og:locale\" content=\"hu_HU\" \/>\n<meta property=\"og:type\" content=\"article\" \/>\n<meta property=\"og:title\" content=\"10 tipp, hogy \u00e9lm\u00e9ny legyen a munk\u00e1ba bring\u00e1z\u00e1s\" \/>\n<meta property=\"og:description\" content=\"Gondolt\u00e1l m\u00e1r arra, hogy ker\u00e9kp\u00e1rral j\u00e1rj munk\u00e1ba? Vagy m\u00e1r \u00edgy is bring\u00e1n ing\u00e1zol?\" \/>\n<meta property=\"og:url\" content=\"https:\/\/www.welovecycling.com\/hu\/varosi-kerekparozas\/10-tipp-hogy-elmeny-legyen-a-munkaba-bringazas\/\" \/>\n<meta property=\"og:site_name\" content=\"\u0160koda We Love Cycling - Magyarorsz\u00e1g\" \/>\n<meta property=\"article:publisher\" content=\"https:\/\/www.facebook.com\/WeLoveCyclingHungary\/\" \/>\n<meta property=\"article:published_time\" content=\"2020-07-29T07:00:58+00:00\" \/>\n<meta property=\"og:image\" content=\"https:\/\/d2p6e6u75xmxt8.cloudfront.net\/12\/2020\/07\/Bicycle-Commuting-CVR-profimedia-0232016269.jpg\" \/>\n\t<meta property=\"og:image:width\" content=\"1366\" \/>\n\t<meta property=\"og:image:height\" content=\"600\" \/>\n\t<meta property=\"og:image:type\" content=\"image\/jpeg\" \/>\n<meta name=\"author\" content=\"hegyizs\" \/>\n<meta name=\"twitter:card\" content=\"summary_large_image\" \/>\n<meta name=\"twitter:label1\" content=\"Written by\" \/>\n\t<meta name=\"twitter:data1\" content=\"Adam Marsal\" \/>\n\t<meta name=\"twitter:label2\" content=\"Est. reading time\" \/>\n\t<meta name=\"twitter:data2\" content=\"7\" \/>\n<script type=\"application\/ld+json\" class=\"yoast-schema-graph\">{\"@context\":\"https:\/\/schema.org\",\"@graph\":[{\"@type\":\"WebPage\",\"@id\":\"https:\/\/www.welovecycling.com\/hu\/varosi-kerekparozas\/10-tipp-hogy-elmeny-legyen-a-munkaba-bringazas\/\",\"url\":\"https:\/\/www.welovecycling.com\/hu\/varosi-kerekparozas\/10-tipp-hogy-elmeny-legyen-a-munkaba-bringazas\/\",\"name\":\"10 tipp, hogy \u00e9lm\u00e9ny legyen a munk\u00e1ba bring\u00e1z\u00e1s\",\"isPartOf\":{\"@id\":\"https:\/\/www.welovecycling.com\/hu\/#website\"},\"primaryImageOfPage\":{\"@id\":\"https:\/\/www.welovecycling.com\/hu\/varosi-kerekparozas\/10-tipp-hogy-elmeny-legyen-a-munkaba-bringazas\/#primaryimage\"},\"image\":{\"@id\":\"https:\/\/www.welovecycling.com\/hu\/varosi-kerekparozas\/10-tipp-hogy-elmeny-legyen-a-munkaba-bringazas\/#primaryimage\"},\"thumbnailUrl\":\"https:\/\/d2p6e6u75xmxt8.cloudfront.net\/12\/2020\/07\/Bicycle-Commuting-CVR-profimedia-0232016269.jpg\",\"datePublished\":\"2020-07-29T07:00:58+00:00\",\"author\":{\"@id\":\"https:\/\/www.welovecycling.com\/hu\/#\/schema\/person\/414a2aebf1801691a5320edb6468e194\"},\"description\":\"Gondolt\u00e1l m\u00e1r arra, hogy ker\u00e9kp\u00e1rral j\u00e1rj munk\u00e1ba? Vagy m\u00e1r \u00edgy is bring\u00e1n ing\u00e1zol?\",\"breadcrumb\":{\"@id\":\"https:\/\/www.welovecycling.com\/hu\/varosi-kerekparozas\/10-tipp-hogy-elmeny-legyen-a-munkaba-bringazas\/#breadcrumb\"},\"inLanguage\":\"hu\",\"potentialAction\":[{\"@type\":\"ReadAction\",\"target\":[\"https:\/\/www.welovecycling.com\/hu\/varosi-kerekparozas\/10-tipp-hogy-elmeny-legyen-a-munkaba-bringazas\/\"]}]},{\"@type\":\"ImageObject\",\"inLanguage\":\"hu\",\"@id\":\"https:\/\/www.welovecycling.com\/hu\/varosi-kerekparozas\/10-tipp-hogy-elmeny-legyen-a-munkaba-bringazas\/#primaryimage\",\"url\":\"https:\/\/d2p6e6u75xmxt8.cloudfront.net\/12\/2020\/07\/Bicycle-Commuting-CVR-profimedia-0232016269.jpg\",\"contentUrl\":\"https:\/\/d2p6e6u75xmxt8.cloudfront.net\/12\/2020\/07\/Bicycle-Commuting-CVR-profimedia-0232016269.jpg\",\"width\":1366,\"height\":600,\"caption\":\"Bicycle Commuting\"},{\"@type\":\"BreadcrumbList\",\"@id\":\"https:\/\/www.welovecycling.com\/hu\/varosi-kerekparozas\/10-tipp-hogy-elmeny-legyen-a-munkaba-bringazas\/#breadcrumb\",\"itemListElement\":[{\"@type\":\"ListItem\",\"position\":1,\"name\":\"Home\",\"item\":\"https:\/\/www.welovecycling.com\/hu\/\"},{\"@type\":\"ListItem\",\"position\":2,\"name\":\"10 tipp, hogy \u00e9lm\u00e9ny legyen a munk\u00e1ba bring\u00e1z\u00e1s\"}]},{\"@type\":\"WebSite\",\"@id\":\"https:\/\/www.welovecycling.com\/hu\/#website\",\"url\":\"https:\/\/www.welovecycling.com\/hu\/\",\"name\":\"\u0160koda We Love Cycling - Magyarorsz\u00e1g\",\"description\":\"\u0160koda WeLoveCycling\",\"potentialAction\":[{\"@type\":\"SearchAction\",\"target\":{\"@type\":\"EntryPoint\",\"urlTemplate\":\"https:\/\/www.welovecycling.com\/hu\/?s={search_term_string}\"},\"query-input\":{\"@type\":\"PropertyValueSpecification\",\"valueRequired\":true,\"valueName\":\"search_term_string\"}}],\"inLanguage\":\"hu\"},{\"@type\":\"Person\",\"@id\":\"https:\/\/www.welovecycling.com\/hu\/#\/schema\/person\/414a2aebf1801691a5320edb6468e194\",\"name\":\"hegyizs\",\"image\":{\"@type\":\"ImageObject\",\"inLanguage\":\"hu\",\"@id\":\"https:\/\/www.welovecycling.com\/hu\/#\/schema\/person\/image\/\",\"url\":\"https:\/\/secure.gravatar.com\/avatar\/02cf8a7906b8cf90cecb4679defac7cfd33a1c2e3b88e4903d947f3bb58eedd3?s=96&d=mm&r=g\",\"contentUrl\":\"https:\/\/secure.gravatar.com\/avatar\/02cf8a7906b8cf90cecb4679defac7cfd33a1c2e3b88e4903d947f3bb58eedd3?s=96&d=mm&r=g\",\"caption\":\"hegyizs\"},\"url\":\"https:\/\/www.welovecycling.com\/hu\/author\/hegyizs\/\"}]}<\/script>\n<!-- \/ Yoast SEO Premium plugin. -->","yoast_head_json":{"title":"10 tipp, hogy \u00e9lm\u00e9ny legyen a munk\u00e1ba bring\u00e1z\u00e1s","description":"Gondolt\u00e1l m\u00e1r arra, hogy ker\u00e9kp\u00e1rral j\u00e1rj munk\u00e1ba? Vagy m\u00e1r \u00edgy is bring\u00e1n ing\u00e1zol?","robots":{"index":"index","follow":"follow","max-snippet":"max-snippet:-1","max-image-preview":"max-image-preview:large","max-video-preview":"max-video-preview:-1"},"canonical":"https:\/\/www.welovecycling.com\/hu\/varosi-kerekparozas\/10-tipp-hogy-elmeny-legyen-a-munkaba-bringazas\/","og_locale":"hu_HU","og_type":"article","og_title":"10 tipp, hogy \u00e9lm\u00e9ny legyen a munk\u00e1ba bring\u00e1z\u00e1s","og_description":"Gondolt\u00e1l m\u00e1r arra, hogy ker\u00e9kp\u00e1rral j\u00e1rj munk\u00e1ba? Vagy m\u00e1r \u00edgy is bring\u00e1n ing\u00e1zol?","og_url":"https:\/\/www.welovecycling.com\/hu\/varosi-kerekparozas\/10-tipp-hogy-elmeny-legyen-a-munkaba-bringazas\/","og_site_name":"\u0160koda We Love Cycling - Magyarorsz\u00e1g","article_publisher":"https:\/\/www.facebook.com\/WeLoveCyclingHungary\/","article_published_time":"2020-07-29T07:00:58+00:00","og_image":[{"width":1366,"height":600,"url":"https:\/\/d2p6e6u75xmxt8.cloudfront.net\/12\/2020\/07\/Bicycle-Commuting-CVR-profimedia-0232016269.jpg","type":"image\/jpeg"}],"author":"hegyizs","twitter_card":"summary_large_image","twitter_misc":{"Written by":"Adam Marsal","Est. reading time":"7"},"schema":{"@context":"https:\/\/schema.org","@graph":[{"@type":"WebPage","@id":"https:\/\/www.welovecycling.com\/hu\/varosi-kerekparozas\/10-tipp-hogy-elmeny-legyen-a-munkaba-bringazas\/","url":"https:\/\/www.welovecycling.com\/hu\/varosi-kerekparozas\/10-tipp-hogy-elmeny-legyen-a-munkaba-bringazas\/","name":"10 tipp, hogy \u00e9lm\u00e9ny legyen a munk\u00e1ba bring\u00e1z\u00e1s","isPartOf":{"@id":"https:\/\/www.welovecycling.com\/hu\/#website"},"primaryImageOfPage":{"@id":"https:\/\/www.welovecycling.com\/hu\/varosi-kerekparozas\/10-tipp-hogy-elmeny-legyen-a-munkaba-bringazas\/#primaryimage"},"image":{"@id":"https:\/\/www.welovecycling.com\/hu\/varosi-kerekparozas\/10-tipp-hogy-elmeny-legyen-a-munkaba-bringazas\/#primaryimage"},"thumbnailUrl":"https:\/\/d2p6e6u75xmxt8.cloudfront.net\/12\/2020\/07\/Bicycle-Commuting-CVR-profimedia-0232016269.jpg","datePublished":"2020-07-29T07:00:58+00:00","author":{"@id":"https:\/\/www.welovecycling.com\/hu\/#\/schema\/person\/414a2aebf1801691a5320edb6468e194"},"description":"Gondolt\u00e1l m\u00e1r arra, hogy ker\u00e9kp\u00e1rral j\u00e1rj munk\u00e1ba? Vagy m\u00e1r \u00edgy is bring\u00e1n ing\u00e1zol?","breadcrumb":{"@id":"https:\/\/www.welovecycling.com\/hu\/varosi-kerekparozas\/10-tipp-hogy-elmeny-legyen-a-munkaba-bringazas\/#breadcrumb"},"inLanguage":"hu","potentialAction":[{"@type":"ReadAction","target":["https:\/\/www.welovecycling.com\/hu\/varosi-kerekparozas\/10-tipp-hogy-elmeny-legyen-a-munkaba-bringazas\/"]}]},{"@type":"ImageObject","inLanguage":"hu","@id":"https:\/\/www.welovecycling.com\/hu\/varosi-kerekparozas\/10-tipp-hogy-elmeny-legyen-a-munkaba-bringazas\/#primaryimage","url":"https:\/\/d2p6e6u75xmxt8.cloudfront.net\/12\/2020\/07\/Bicycle-Commuting-CVR-profimedia-0232016269.jpg","contentUrl":"https:\/\/d2p6e6u75xmxt8.cloudfront.net\/12\/2020\/07\/Bicycle-Commuting-CVR-profimedia-0232016269.jpg","width":1366,"height":600,"caption":"Bicycle Commuting"},{"@type":"BreadcrumbList","@id":"https:\/\/www.welovecycling.com\/hu\/varosi-kerekparozas\/10-tipp-hogy-elmeny-legyen-a-munkaba-bringazas\/#breadcrumb","itemListElement":[{"@type":"ListItem","position":1,"name":"Home","item":"https:\/\/www.welovecycling.com\/hu\/"},{"@type":"ListItem","position":2,"name":"10 tipp, hogy \u00e9lm\u00e9ny legyen a munk\u00e1ba bring\u00e1z\u00e1s"}]},{"@type":"WebSite","@id":"https:\/\/www.welovecycling.com\/hu\/#website","url":"https:\/\/www.welovecycling.com\/hu\/","name":"\u0160koda We Love Cycling - Magyarorsz\u00e1g","description":"\u0160koda WeLoveCycling","potentialAction":[{"@type":"SearchAction","target":{"@type":"EntryPoint","urlTemplate":"https:\/\/www.welovecycling.com\/hu\/?s={search_term_string}"},"query-input":{"@type":"PropertyValueSpecification","valueRequired":true,"valueName":"search_term_string"}}],"inLanguage":"hu"},{"@type":"Person","@id":"https:\/\/www.welovecycling.com\/hu\/#\/schema\/person\/414a2aebf1801691a5320edb6468e194","name":"hegyizs","image":{"@type":"ImageObject","inLanguage":"hu","@id":"https:\/\/www.welovecycling.com\/hu\/#\/schema\/person\/image\/","url":"https:\/\/secure.gravatar.com\/avatar\/02cf8a7906b8cf90cecb4679defac7cfd33a1c2e3b88e4903d947f3bb58eedd3?s=96&d=mm&r=g","contentUrl":"https:\/\/secure.gravatar.com\/avatar\/02cf8a7906b8cf90cecb4679defac7cfd33a1c2e3b88e4903d947f3bb58eedd3?s=96&d=mm&r=g","caption":"hegyizs"},"url":"https:\/\/www.welovecycling.com\/hu\/author\/hegyizs\/"}]}},"_links":{"self":[{"href":"https:\/\/www.welovecycling.com\/hu\/wp-json\/wp\/v2\/posts\/8167","targetHints":{"allow":["GET"]}}],"collection":[{"href":"https:\/\/www.welovecycling.com\/hu\/wp-json\/wp\/v2\/posts"}],"about":[{"href":"https:\/\/www.welovecycling.com\/hu\/wp-json\/wp\/v2\/types\/post"}],"author":[{"embeddable":true,"href":"https:\/\/www.welovecycling.com\/hu\/wp-json\/wp\/v2\/users\/71"}],"replies":[{"embeddable":true,"href":"https:\/\/www.welovecycling.com\/hu\/wp-json\/wp\/v2\/comments?post=8167"}],"version-history":[{"count":2,"href":"https:\/\/www.welovecycling.com\/hu\/wp-json\/wp\/v2\/posts\/8167\/revisions"}],"predecessor-version":[{"id":8194,"href":"https:\/\/www.welovecycling.com\/hu\/wp-json\/wp\/v2\/posts\/8167\/revisions\/8194"}],"wp:featuredmedia":[{"embeddable":true,"href":"https:\/\/www.welovecycling.com\/hu\/wp-json\/wp\/v2\/media\/8170"}],"wp:attachment":[{"href":"https:\/\/www.welovecycling.com\/hu\/wp-json\/wp\/v2\/media?parent=8167"}],"wp:term":[{"taxonomy":"category","embeddable":true,"href":"https:\/\/www.welovecycling.com\/hu\/wp-json\/wp\/v2\/categories?post=8167"},{"taxonomy":"post_tag","embeddable":true,"href":"https:\/\/www.welovecycling.com\/hu\/wp-json\/wp\/v2\/tags?post=8167"},{"taxonomy":"global-categories","embeddable":true,"href":"https:\/\/www.welovecycling.com\/hu\/wp-json\/wp\/v2\/global-categories?post=8167"}],"curies":[{"name":"wp","href":"https:\/\/api.w.org\/{rel}","templated":true}]}}