{"id":8146,"date":"2020-07-20T15:50:13","date_gmt":"2020-07-20T14:50:13","guid":{"rendered":"https:\/\/www.welovecycling.com\/hu\/?p=8146"},"modified":"2020-07-21T10:22:25","modified_gmt":"2020-07-21T09:22:25","slug":"kalandra-fel-indul-bringas-jatekunk","status":"publish","type":"post","link":"https:\/\/www.welovecycling.com\/hu\/kozosseg-es-kultura\/kalandra-fel-indul-bringas-jatekunk\/","title":{"rendered":"Kalandra fel! Indul bring\u00e1s j\u00e1t\u00e9kunk"},"content":{"rendered":"<p><strong>Mutass egy biciklist, aki nem szereti a kih\u00edv\u00e1sokat! Mi sem tudunk, \u00e9pp ez\u00e9rt hoztunk el nektek egy j\u00e1t\u00e9kot, amiben kalandorokk\u00e1 v\u00e1lhattok!<\/strong><!--more--><\/p>\n<p>A \u0160koda \u00e9s a We Love Cycling Magyarorsz\u00e1g csapata h\u00e1rom, kih\u00edv\u00e1sokkal t\u0171zdelt t\u00f6rt\u00e9nettel, \u00e9s izgalmas nyerem\u00e9nyekkel v\u00e1rja a bring\u00e1sokat a <u><a href=\"https:\/\/kalandor.skoda.hu\/\">Kalandor<\/a><\/u> oldal\u00e1n. Csatlakozz <a href=\"https:\/\/www.strava.com\/clubs\/wlchu\">Strava klubunkhoz<\/a>, \u00e9s mutasd meg, te hogy tekersz!<\/p>\n<p><img loading=\"lazy\" decoding=\"async\" class=\"aligncenter size-full wp-image-8147\" src=\"https:\/\/d2p6e6u75xmxt8.cloudfront.net\/12\/2020\/07\/WLC_w1_p2.jpg\" alt=\"\" width=\"1920\" height=\"820\" \/><\/p>\n<p style=\"text-align: center;\"><em>\u201eA kulcsot a kezedben szorongatod. Ahogy k\u00f6zelebb \u00e9rsz, lassan k\u00f6rvonalaz\u00f3dik, hogy mi \u00e1ll a t\u00f6lgyf\u00e1nak t\u00e1masztva\u2026 egy bicikli! Egy vastag l\u00e1nccal a fa t\u00f6rzs\u00e9hez k\u00f6t\u00f6tt\u00e9k, a l\u00e1ncon lakat. Megpr\u00f3b\u00e1lod beleilleszteni a kulcsot, \u00e9s\u2026 igen! A lakat halkan kattanva kiny\u00edlik. A k\u00e9rd\u00e9s m\u00e1r csak az, hogy merre indulj el\u2026\u201d<\/em><\/p>\n<p>B\u00fajj bele a f\u0151szerepl\u0151k b\u0151r\u00e9be, d\u00f6ntsd el, teljes\u00edted-e az utadat keresztez\u0151 kih\u00edv\u00e1sokat, \u00e9s nyerj aj\u00e1nd\u00e9kcsomagot vagy teszth\u00e9tv\u00e9g\u00e9t, vagy vidd haza a f\u0151nyerem\u00e9nyt, egy \u0160koda CITY biciklit! Minden h\u00e9ten \u00faj kih\u00edv\u00e1s v\u00e1r: ha bev\u00e1llalod, pattanj nyeregbe, teljes\u00edtsd az adott feladatot \u00e9s r\u00f6gz\u00edtsd az utat a Stravaban! Ha elk\u00fcld\u00f6d nek\u00fcnk a linket az \u00fatr\u00f3l, beker\u00fclsz a kalapba: minden h\u00e9ten aj\u00e1nd\u00e9kcsomagot sorsolunk.<\/p>\n<p>Ha pedig legal\u00e1bb egy kih\u00edv\u00e1st teljes\u00edtesz, nyerhetsz egy kalandos h\u00e9tv\u00e9g\u00e9t <a href=\"https:\/\/www.skoda.hu\/az-uj-octavia\">a \u0160koda OCTAVIA modellel<\/a>, amibe minden bring\u00e1s felszerel\u00e9s belef\u00e9r! Min\u00e9l t\u00f6bb kalandot v\u00e1llalsz be, ann\u00e1l nagyobb es\u00e9llyel lehet a ti\u00e9d a f\u0151nyerem\u00e9ny is. Te hova induln\u00e1l vele?<\/p>\n","protected":false},"excerpt":{"rendered":"<p>Mutass egy biciklist, aki nem szereti a kih\u00edv\u00e1sokat! Mi sem tudunk, \u00e9pp ez\u00e9rt hoztunk el nektek egy j\u00e1t\u00e9kot, amiben kalandorokk\u00e1 [&hellip;]<\/p>\n","protected":false},"author":71,"featured_media":8148,"comment_status":"open","ping_status":"open","sticky":false,"template":"","format":"standard","meta":{"footnotes":""},"categories":[12],"tags":[],"global-categories":[419],"class_list":["post-8146","post","type-post","status-publish","format-standard","has-post-thumbnail","hentry","category-kozosseg-es-kultura","global-categories-cycling"],"yoast_head":"<!-- This site is optimized with the Yoast SEO Premium plugin v25.3 (Yoast SEO v25.9) - https:\/\/yoast.com\/wordpress\/plugins\/seo\/ -->\n<title>Kalandra fel! Indul bring\u00e1s j\u00e1t\u00e9kunk - \u0160koda We Love Cycling - Magyarorsz\u00e1g<\/title>\n<meta name=\"robots\" content=\"index, follow, max-snippet:-1, max-image-preview:large, max-video-preview:-1\" \/>\n<link rel=\"canonical\" href=\"https:\/\/www.welovecycling.com\/hu\/kozosseg-es-kultura\/kalandra-fel-indul-bringas-jatekunk\/\" \/>\n<meta property=\"og:locale\" content=\"hu_HU\" \/>\n<meta property=\"og:type\" content=\"article\" \/>\n<meta property=\"og:title\" content=\"Kalandra fel! Indul bring\u00e1s j\u00e1t\u00e9kunk\" \/>\n<meta property=\"og:description\" content=\"Mutass egy biciklist, aki nem szereti a kih\u00edv\u00e1sokat! Mi sem tudunk, \u00e9pp ez\u00e9rt hoztunk el nektek egy j\u00e1t\u00e9kot, amiben kalandorokk\u00e1 [&hellip;]\" \/>\n<meta property=\"og:url\" content=\"https:\/\/www.welovecycling.com\/hu\/kozosseg-es-kultura\/kalandra-fel-indul-bringas-jatekunk\/\" \/>\n<meta property=\"og:site_name\" content=\"\u0160koda We Love Cycling - Magyarorsz\u00e1g\" \/>\n<meta property=\"article:publisher\" content=\"https:\/\/www.facebook.com\/WeLoveCyclingHungary\/\" \/>\n<meta property=\"article:published_time\" content=\"2020-07-20T14:50:13+00:00\" \/>\n<meta property=\"article:modified_time\" content=\"2020-07-21T09:22:25+00:00\" \/>\n<meta property=\"og:image\" content=\"https:\/\/d2p6e6u75xmxt8.cloudfront.net\/12\/2020\/07\/kalandor.jpg\" \/>\n\t<meta property=\"og:image:width\" content=\"1900\" \/>\n\t<meta property=\"og:image:height\" content=\"881\" \/>\n\t<meta property=\"og:image:type\" content=\"image\/jpeg\" \/>\n<meta name=\"author\" content=\"hegyizs\" \/>\n<meta name=\"twitter:card\" content=\"summary_large_image\" \/>\n<meta name=\"twitter:label1\" content=\"Written by\" \/>\n\t<meta name=\"twitter:data1\" content=\"WLC\" \/>\n\t<meta name=\"twitter:label2\" content=\"Est. reading time\" \/>\n\t<meta name=\"twitter:data2\" content=\"1 minute\" \/>\n<script type=\"application\/ld+json\" class=\"yoast-schema-graph\">{\"@context\":\"https:\/\/schema.org\",\"@graph\":[{\"@type\":\"WebPage\",\"@id\":\"https:\/\/www.welovecycling.com\/hu\/kozosseg-es-kultura\/kalandra-fel-indul-bringas-jatekunk\/\",\"url\":\"https:\/\/www.welovecycling.com\/hu\/kozosseg-es-kultura\/kalandra-fel-indul-bringas-jatekunk\/\",\"name\":\"Kalandra fel! Indul bring\u00e1s j\u00e1t\u00e9kunk - \u0160koda We Love Cycling - Magyarorsz\u00e1g\",\"isPartOf\":{\"@id\":\"https:\/\/www.welovecycling.com\/hu\/#website\"},\"primaryImageOfPage\":{\"@id\":\"https:\/\/www.welovecycling.com\/hu\/kozosseg-es-kultura\/kalandra-fel-indul-bringas-jatekunk\/#primaryimage\"},\"image\":{\"@id\":\"https:\/\/www.welovecycling.com\/hu\/kozosseg-es-kultura\/kalandra-fel-indul-bringas-jatekunk\/#primaryimage\"},\"thumbnailUrl\":\"https:\/\/d2p6e6u75xmxt8.cloudfront.net\/12\/2020\/07\/kalandor.jpg\",\"datePublished\":\"2020-07-20T14:50:13+00:00\",\"dateModified\":\"2020-07-21T09:22:25+00:00\",\"author\":{\"@id\":\"https:\/\/www.welovecycling.com\/hu\/#\/schema\/person\/414a2aebf1801691a5320edb6468e194\"},\"breadcrumb\":{\"@id\":\"https:\/\/www.welovecycling.com\/hu\/kozosseg-es-kultura\/kalandra-fel-indul-bringas-jatekunk\/#breadcrumb\"},\"inLanguage\":\"hu\",\"potentialAction\":[{\"@type\":\"ReadAction\",\"target\":[\"https:\/\/www.welovecycling.com\/hu\/kozosseg-es-kultura\/kalandra-fel-indul-bringas-jatekunk\/\"]}]},{\"@type\":\"ImageObject\",\"inLanguage\":\"hu\",\"@id\":\"https:\/\/www.welovecycling.com\/hu\/kozosseg-es-kultura\/kalandra-fel-indul-bringas-jatekunk\/#primaryimage\",\"url\":\"https:\/\/d2p6e6u75xmxt8.cloudfront.net\/12\/2020\/07\/kalandor.jpg\",\"contentUrl\":\"https:\/\/d2p6e6u75xmxt8.cloudfront.net\/12\/2020\/07\/kalandor.jpg\",\"width\":1900,\"height\":881},{\"@type\":\"BreadcrumbList\",\"@id\":\"https:\/\/www.welovecycling.com\/hu\/kozosseg-es-kultura\/kalandra-fel-indul-bringas-jatekunk\/#breadcrumb\",\"itemListElement\":[{\"@type\":\"ListItem\",\"position\":1,\"name\":\"Home\",\"item\":\"https:\/\/www.welovecycling.com\/hu\/\"},{\"@type\":\"ListItem\",\"position\":2,\"name\":\"Kalandra fel! Indul bring\u00e1s j\u00e1t\u00e9kunk\"}]},{\"@type\":\"WebSite\",\"@id\":\"https:\/\/www.welovecycling.com\/hu\/#website\",\"url\":\"https:\/\/www.welovecycling.com\/hu\/\",\"name\":\"\u0160koda We Love Cycling - Magyarorsz\u00e1g\",\"description\":\"\u0160koda WeLoveCycling\",\"potentialAction\":[{\"@type\":\"SearchAction\",\"target\":{\"@type\":\"EntryPoint\",\"urlTemplate\":\"https:\/\/www.welovecycling.com\/hu\/?s={search_term_string}\"},\"query-input\":{\"@type\":\"PropertyValueSpecification\",\"valueRequired\":true,\"valueName\":\"search_term_string\"}}],\"inLanguage\":\"hu\"},{\"@type\":\"Person\",\"@id\":\"https:\/\/www.welovecycling.com\/hu\/#\/schema\/person\/414a2aebf1801691a5320edb6468e194\",\"name\":\"hegyizs\",\"image\":{\"@type\":\"ImageObject\",\"inLanguage\":\"hu\",\"@id\":\"https:\/\/www.welovecycling.com\/hu\/#\/schema\/person\/image\/\",\"url\":\"https:\/\/secure.gravatar.com\/avatar\/02cf8a7906b8cf90cecb4679defac7cfd33a1c2e3b88e4903d947f3bb58eedd3?s=96&d=mm&r=g\",\"contentUrl\":\"https:\/\/secure.gravatar.com\/avatar\/02cf8a7906b8cf90cecb4679defac7cfd33a1c2e3b88e4903d947f3bb58eedd3?s=96&d=mm&r=g\",\"caption\":\"hegyizs\"},\"url\":\"https:\/\/www.welovecycling.com\/hu\/author\/hegyizs\/\"}]}<\/script>\n<!-- \/ Yoast SEO Premium plugin. -->","yoast_head_json":{"title":"Kalandra fel! Indul bring\u00e1s j\u00e1t\u00e9kunk - \u0160koda We Love Cycling - Magyarorsz\u00e1g","robots":{"index":"index","follow":"follow","max-snippet":"max-snippet:-1","max-image-preview":"max-image-preview:large","max-video-preview":"max-video-preview:-1"},"canonical":"https:\/\/www.welovecycling.com\/hu\/kozosseg-es-kultura\/kalandra-fel-indul-bringas-jatekunk\/","og_locale":"hu_HU","og_type":"article","og_title":"Kalandra fel! Indul bring\u00e1s j\u00e1t\u00e9kunk","og_description":"Mutass egy biciklist, aki nem szereti a kih\u00edv\u00e1sokat! Mi sem tudunk, \u00e9pp ez\u00e9rt hoztunk el nektek egy j\u00e1t\u00e9kot, amiben kalandorokk\u00e1 [&hellip;]","og_url":"https:\/\/www.welovecycling.com\/hu\/kozosseg-es-kultura\/kalandra-fel-indul-bringas-jatekunk\/","og_site_name":"\u0160koda We Love Cycling - Magyarorsz\u00e1g","article_publisher":"https:\/\/www.facebook.com\/WeLoveCyclingHungary\/","article_published_time":"2020-07-20T14:50:13+00:00","article_modified_time":"2020-07-21T09:22:25+00:00","og_image":[{"width":1900,"height":881,"url":"https:\/\/d2p6e6u75xmxt8.cloudfront.net\/12\/2020\/07\/kalandor.jpg","type":"image\/jpeg"}],"author":"hegyizs","twitter_card":"summary_large_image","twitter_misc":{"Written by":"WLC","Est. reading time":"1 minute"},"schema":{"@context":"https:\/\/schema.org","@graph":[{"@type":"WebPage","@id":"https:\/\/www.welovecycling.com\/hu\/kozosseg-es-kultura\/kalandra-fel-indul-bringas-jatekunk\/","url":"https:\/\/www.welovecycling.com\/hu\/kozosseg-es-kultura\/kalandra-fel-indul-bringas-jatekunk\/","name":"Kalandra fel! Indul bring\u00e1s j\u00e1t\u00e9kunk - \u0160koda We Love Cycling - Magyarorsz\u00e1g","isPartOf":{"@id":"https:\/\/www.welovecycling.com\/hu\/#website"},"primaryImageOfPage":{"@id":"https:\/\/www.welovecycling.com\/hu\/kozosseg-es-kultura\/kalandra-fel-indul-bringas-jatekunk\/#primaryimage"},"image":{"@id":"https:\/\/www.welovecycling.com\/hu\/kozosseg-es-kultura\/kalandra-fel-indul-bringas-jatekunk\/#primaryimage"},"thumbnailUrl":"https:\/\/d2p6e6u75xmxt8.cloudfront.net\/12\/2020\/07\/kalandor.jpg","datePublished":"2020-07-20T14:50:13+00:00","dateModified":"2020-07-21T09:22:25+00:00","author":{"@id":"https:\/\/www.welovecycling.com\/hu\/#\/schema\/person\/414a2aebf1801691a5320edb6468e194"},"breadcrumb":{"@id":"https:\/\/www.welovecycling.com\/hu\/kozosseg-es-kultura\/kalandra-fel-indul-bringas-jatekunk\/#breadcrumb"},"inLanguage":"hu","potentialAction":[{"@type":"ReadAction","target":["https:\/\/www.welovecycling.com\/hu\/kozosseg-es-kultura\/kalandra-fel-indul-bringas-jatekunk\/"]}]},{"@type":"ImageObject","inLanguage":"hu","@id":"https:\/\/www.welovecycling.com\/hu\/kozosseg-es-kultura\/kalandra-fel-indul-bringas-jatekunk\/#primaryimage","url":"https:\/\/d2p6e6u75xmxt8.cloudfront.net\/12\/2020\/07\/kalandor.jpg","contentUrl":"https:\/\/d2p6e6u75xmxt8.cloudfront.net\/12\/2020\/07\/kalandor.jpg","width":1900,"height":881},{"@type":"BreadcrumbList","@id":"https:\/\/www.welovecycling.com\/hu\/kozosseg-es-kultura\/kalandra-fel-indul-bringas-jatekunk\/#breadcrumb","itemListElement":[{"@type":"ListItem","position":1,"name":"Home","item":"https:\/\/www.welovecycling.com\/hu\/"},{"@type":"ListItem","position":2,"name":"Kalandra fel! Indul bring\u00e1s j\u00e1t\u00e9kunk"}]},{"@type":"WebSite","@id":"https:\/\/www.welovecycling.com\/hu\/#website","url":"https:\/\/www.welovecycling.com\/hu\/","name":"\u0160koda We Love Cycling - Magyarorsz\u00e1g","description":"\u0160koda WeLoveCycling","potentialAction":[{"@type":"SearchAction","target":{"@type":"EntryPoint","urlTemplate":"https:\/\/www.welovecycling.com\/hu\/?s={search_term_string}"},"query-input":{"@type":"PropertyValueSpecification","valueRequired":true,"valueName":"search_term_string"}}],"inLanguage":"hu"},{"@type":"Person","@id":"https:\/\/www.welovecycling.com\/hu\/#\/schema\/person\/414a2aebf1801691a5320edb6468e194","name":"hegyizs","image":{"@type":"ImageObject","inLanguage":"hu","@id":"https:\/\/www.welovecycling.com\/hu\/#\/schema\/person\/image\/","url":"https:\/\/secure.gravatar.com\/avatar\/02cf8a7906b8cf90cecb4679defac7cfd33a1c2e3b88e4903d947f3bb58eedd3?s=96&d=mm&r=g","contentUrl":"https:\/\/secure.gravatar.com\/avatar\/02cf8a7906b8cf90cecb4679defac7cfd33a1c2e3b88e4903d947f3bb58eedd3?s=96&d=mm&r=g","caption":"hegyizs"},"url":"https:\/\/www.welovecycling.com\/hu\/author\/hegyizs\/"}]}},"_links":{"self":[{"href":"https:\/\/www.welovecycling.com\/hu\/wp-json\/wp\/v2\/posts\/8146","targetHints":{"allow":["GET"]}}],"collection":[{"href":"https:\/\/www.welovecycling.com\/hu\/wp-json\/wp\/v2\/posts"}],"about":[{"href":"https:\/\/www.welovecycling.com\/hu\/wp-json\/wp\/v2\/types\/post"}],"author":[{"embeddable":true,"href":"https:\/\/www.welovecycling.com\/hu\/wp-json\/wp\/v2\/users\/71"}],"replies":[{"embeddable":true,"href":"https:\/\/www.welovecycling.com\/hu\/wp-json\/wp\/v2\/comments?post=8146"}],"version-history":[{"count":2,"href":"https:\/\/www.welovecycling.com\/hu\/wp-json\/wp\/v2\/posts\/8146\/revisions"}],"predecessor-version":[{"id":8151,"href":"https:\/\/www.welovecycling.com\/hu\/wp-json\/wp\/v2\/posts\/8146\/revisions\/8151"}],"wp:featuredmedia":[{"embeddable":true,"href":"https:\/\/www.welovecycling.com\/hu\/wp-json\/wp\/v2\/media\/8148"}],"wp:attachment":[{"href":"https:\/\/www.welovecycling.com\/hu\/wp-json\/wp\/v2\/media?parent=8146"}],"wp:term":[{"taxonomy":"category","embeddable":true,"href":"https:\/\/www.welovecycling.com\/hu\/wp-json\/wp\/v2\/categories?post=8146"},{"taxonomy":"post_tag","embeddable":true,"href":"https:\/\/www.welovecycling.com\/hu\/wp-json\/wp\/v2\/tags?post=8146"},{"taxonomy":"global-categories","embeddable":true,"href":"https:\/\/www.welovecycling.com\/hu\/wp-json\/wp\/v2\/global-categories?post=8146"}],"curies":[{"name":"wp","href":"https:\/\/api.w.org\/{rel}","templated":true}]}}