{"id":8134,"date":"2020-07-24T08:00:43","date_gmt":"2020-07-24T07:00:43","guid":{"rendered":"https:\/\/www.welovecycling.com\/hu\/?p=8134"},"modified":"2020-07-17T15:49:06","modified_gmt":"2020-07-17T14:49:06","slug":"hordd-magadon-a-legujabb-technologiat","status":"publish","type":"post","link":"https:\/\/www.welovecycling.com\/hu\/kozosseg-es-kultura\/hordd-magadon-a-legujabb-technologiat\/","title":{"rendered":"Hordd magadon a leg\u00fajabb technol\u00f3gi\u00e1t"},"content":{"rendered":"<p><strong>A technol\u00f3gi\u00e1nak k\u00f6sz\u00f6nhet\u0151en ma m\u00e1r nem csak az\u00e9rt hordhatunk kieg\u00e9sz\u00edt\u0151ket, hogy csinosak legy\u00fcnk. Rengeteg funkci\u00f3val igyekeznek megk\u00f6nny\u00edteni az \u00e9let\u00fcnket: m\u00e9rik a teljes\u00edtm\u00e9ny\u00fcnket, zen\u00e9lnek, seg\u00edtenek t\u00e1j\u00e9koz\u00f3dni, megk\u00f6nny\u00edtik a k\u00f6zleked\u00e9st, \u00f6sszekapcsolnak a bar\u00e1taiddal, s\u0151t, m\u00e9g az edz\u0151id is lehetnek. Nem meglep\u0151, hogy a ker\u00e9kp\u00e1roz\u00e1shoz is sz\u00e1mos hordhat\u00f3 technika tartozik. A szem\u00fcvegeket \u00e9s \u00f3r\u00e1kat m\u00e1r ismerj\u00fck. De vannak kev\u00e9sb\u00e9 felkapott kieg\u00e9sz\u00edt\u0151k is: hoztunk kett\u0151t, amir\u0151l tal\u00e1n m\u00e9g nem hallott\u00e1l, pedig igen hasznosak \u00e9s igen szokatlanok.<\/strong><!--more--><\/p>\n<h2><strong>T\u00f6bb, mint f\u00fclhallgat\u00f3<\/strong><\/h2>\n<p>A <a href=\"https:\/\/bragi.com\/\">Bragi Dash Pro f\u00fclhallgat\u00f3k<\/a> nem kifejezetten ker\u00e9kp\u00e1roz\u00e1shoz k\u00e9sz\u00fcltek, m\u00e9gis t\u00f6k\u00e9letesek a sport szerelmesei sz\u00e1m\u00e1ra. Az okos k\u00f6vet\u00e9snek \u00e9s intelligens hangvez\u00e9rl\u00e9snek k\u00f6sz\u00f6nhet\u0151en edz\u00e9seink t\u00f6k\u00e9letes kieg\u00e9sz\u00edt\u0151i.<\/p>\n<figure id=\"attachment_8136\" aria-describedby=\"caption-attachment-8136\" style=\"width: 1242px\" class=\"wp-caption alignnone\"><img loading=\"lazy\" decoding=\"async\" class=\"wp-image-8136 size-full\" src=\"https:\/\/d2p6e6u75xmxt8.cloudfront.net\/12\/2020\/07\/Bragi-Dash-Pro-earbuds.jpg\" alt=\"Bragi Dash Pro earbuds\" width=\"1242\" height=\"1223\" \/><figcaption id=\"caption-attachment-8136\" class=\"wp-caption-text\"><em>Bragi Dash Pro f\u00fclhallgat\u00f3k<\/em><\/figcaption><\/figure>\n<p>A be\u00e9p\u00edtett szenzorok \u00e9s az okostelefonnal val\u00f3 kapcsolat seg\u00edts\u00e9g\u00e9vel azonnali visszajelz\u00e9st ny\u00fajtanak az egyes mutat\u00f3kr\u00f3l, mint amilyen a sebess\u00e9g, vagy a pulzus. Ha l\u00e1tni szeretn\u00e9d, milyen \u00fctemben tekersz, csak meg\u00e9rinted az egyiket \u00e9s a f\u00fcledben hallod a v\u00e1laszt. Ha pedig csatlakoztatod a f\u00fclest az ingyenes Bragi alkalmaz\u00e1shoz, az el\u00e9getett kal\u00f3ri\u00e1kat, az edz\u00e9s id\u0151tartam\u00e1t, a t\u00e1vols\u00e1got \u00e9s a sebess\u00e9get is m\u00e9ri.<\/p>\n<p>Emellett pedig zen\u00e9t is t\u00e1rol, ami azt jelenti, hogy ak\u00e1r 1000 sz\u00e1mot is el\u00e9rhetsz, akkor is, ha nem vagy a ker\u00e9kp\u00e1ron. Nem mell\u00e9kesen 40 nyelven k\u00e9pes val\u00f3s idej\u0171 ford\u00edt\u00e1sra, teh\u00e1t ha k\u00fclf\u00f6ld\u00f6n besz\u00e9lgetni t\u00e1mad kedved, azonnal leford\u00edtja az idegen szavakat a saj\u00e1t nyelvedre. Ha pedig azon agg\u00f3dsz, hogy nem hallod a forgalmi zajokat bedugott f\u00fcllel \u2013 \u00e9s emiatt kell is agg\u00f3dni! \u2013 akkor megnyugodhatsz: egy plusz funkci\u00f3 seg\u00edts\u00e9g\u00e9vel be\u00e1ll\u00edthatod, hogy ne sz\u0171rje ki a forgalom hangjait zenehallgat\u00e1s k\u00f6zben.<\/p>\n<p>Mind\u00f6ssze k\u00e9t sz\u00e9ps\u00e9ghib\u00e1ja van a term\u00e9knek: az elem csak 5 \u00f3r\u00e1ig b\u00edrja, \u00e9s a Bragi Dash Pro cs\u00facsszuper f\u00fclhallgat\u00f3 cs\u00facsszuper \u00e1rral j\u00e1r, ami alatt azt \u00e9rtj\u00fck, hogy fent van a magas hegycs\u00facson: 300 fontba (117 000 Ft) ker\u00fcl. Persze, ha belegondolsz, mennyi technol\u00f3gia van ebben a kis csomagban, ez nem sz\u00e1m\u00edt annyira soknak.<\/p>\n<h2><strong>L\u00e9gzs\u00e1k a fejeden?<\/strong><\/h2>\n<lite-youtube videoid=QcWsZRTkDBc params=\"enablejsapi=1\" style=\"background-image: url('https:\/\/i.ytimg.com\/vi_webp\/QcWsZRTkDBc\/maxresdefault.webp');\"><\/lite-youtube>\n<p>A l\u00e9gzs\u00e1kokat alapvet\u0151en nem hordja mag\u00e1n az ember \u2013 kiv\u00e9ve, ha a H\u00f6vdig kinyithat\u00f3 sisak-gall\u00e9rr\u00f3l van sz\u00f3. Ez az eszk\u00f6z percenk\u00e9nt 200 k\u00e9pet k\u00e9sz\u00edt a mozg\u00e1sodr\u00f3l, \u00e9szreveszi, ha valami nem \u00fagy t\u00f6rt\u00e9nik, ahogy kellene, \u00e9s baleset eset\u00e9n kiny\u00edlik, hogy megv\u00e9dje a fejed a becsap\u00f3d\u00e1st\u00f3l. Az \u00e9rz\u00e9keny technol\u00f3gi\u00e1nak k\u00f6sz\u00f6nhet\u0151en a sisak k\u00e9pes megk\u00fcl\u00f6nb\u00f6ztetni egy bukkan\u00f3t egy val\u00f3di es\u00e9st\u0151l, \u00e9s azonnal aktiv\u00e1l\u00f3dik, ha kell. Egy m\u00e1sodperc t\u00f6rt r\u00e9sze alatt t\u00e9glakem\u00e9nys\u00e9g\u0171 v\u00e9delmet von a kopony\u00e1d k\u00f6r\u00e9. A baleset ut\u00e1n pedig \u00e9rtes\u00edti a kor\u00e1bban megadott szem\u00e9lyeket.<\/p>\n<p>Err\u0151l a tal\u00e1lm\u00e1nyr\u00f3l <a href=\"https:\/\/www.welovecycling.com\/hu\/biztonsag\/ki-ne-szeretne-egy-divatos-es-felfujhato-sisak-gallert\/\">m\u00e1r kor\u00e1bban is \u00edrtunk<\/a>, az \u00e1ra sajnos m\u00e9g mindig nem lett alacsonyabb, a Dash Pro f\u00fcldug\u00f3\u00e9val egyezik meg. Tov\u00e1bbi 50 font\u00e9rt pedig divatos mint\u00e1val d\u00edsz\u00edtve kapod k\u00e9zhez.<\/p>\n","protected":false},"excerpt":{"rendered":"<p>A technol\u00f3gi\u00e1nak k\u00f6sz\u00f6nhet\u0151en ma m\u00e1r nem csak az\u00e9rt hordhatunk kieg\u00e9sz\u00edt\u0151ket, hogy csinosak legy\u00fcnk. Rengeteg funkci\u00f3val igyekeznek megk\u00f6nny\u00edteni az \u00e9let\u00fcnket: m\u00e9rik [&hellip;]<\/p>\n","protected":false},"author":71,"featured_media":8138,"comment_status":"open","ping_status":"open","sticky":false,"template":"","format":"standard","meta":{"footnotes":""},"categories":[12],"tags":[],"global-categories":[],"class_list":["post-8134","post","type-post","status-publish","format-standard","has-post-thumbnail","hentry","category-kozosseg-es-kultura"],"yoast_head":"<!-- This site is optimized with the Yoast SEO Premium plugin v25.3 (Yoast SEO v25.9) - https:\/\/yoast.com\/wordpress\/plugins\/seo\/ -->\n<title>Hordd magadon a leg\u00fajabb technol\u00f3gi\u00e1t - \u0160koda We Love Cycling - Magyarorsz\u00e1g<\/title>\n<meta name=\"description\" content=\"Thanks to technology, you don\u2019t wear accessories anymore just to look better. It\u2019s not surprising then that there is also a range of wearable tech for bikes\" \/>\n<meta name=\"robots\" content=\"index, follow, max-snippet:-1, max-image-preview:large, max-video-preview:-1\" \/>\n<link rel=\"canonical\" href=\"https:\/\/www.welovecycling.com\/hu\/kozosseg-es-kultura\/hordd-magadon-a-legujabb-technologiat\/\" \/>\n<meta property=\"og:locale\" content=\"hu_HU\" \/>\n<meta property=\"og:type\" content=\"article\" \/>\n<meta property=\"og:title\" content=\"Hordd magadon a leg\u00fajabb technol\u00f3gi\u00e1t\" \/>\n<meta property=\"og:description\" content=\"Thanks to technology, you don\u2019t wear accessories anymore just to look better. It\u2019s not surprising then that there is also a range of wearable tech for bikes\" \/>\n<meta property=\"og:url\" content=\"https:\/\/www.welovecycling.com\/hu\/kozosseg-es-kultura\/hordd-magadon-a-legujabb-technologiat\/\" \/>\n<meta property=\"og:site_name\" content=\"\u0160koda We Love Cycling - Magyarorsz\u00e1g\" \/>\n<meta property=\"article:publisher\" content=\"https:\/\/www.facebook.com\/WeLoveCyclingHungary\/\" \/>\n<meta property=\"article:published_time\" content=\"2020-07-24T07:00:43+00:00\" \/>\n<meta property=\"og:image\" content=\"https:\/\/d2p6e6u75xmxt8.cloudfront.net\/12\/2020\/07\/Hovding-CVR.jpg\" \/>\n\t<meta property=\"og:image:width\" content=\"1366\" \/>\n\t<meta property=\"og:image:height\" content=\"600\" \/>\n\t<meta property=\"og:image:type\" content=\"image\/jpeg\" \/>\n<meta name=\"author\" content=\"hegyizs\" \/>\n<meta name=\"twitter:card\" content=\"summary_large_image\" \/>\n<meta name=\"twitter:label1\" content=\"Written by\" \/>\n\t<meta name=\"twitter:data1\" content=\"Siegfried Mortkowitz\" \/>\n\t<meta name=\"twitter:label2\" content=\"Est. reading time\" \/>\n\t<meta name=\"twitter:data2\" content=\"5\" \/>\n<script type=\"application\/ld+json\" class=\"yoast-schema-graph\">{\"@context\":\"https:\/\/schema.org\",\"@graph\":[{\"@type\":\"WebPage\",\"@id\":\"https:\/\/www.welovecycling.com\/hu\/kozosseg-es-kultura\/hordd-magadon-a-legujabb-technologiat\/\",\"url\":\"https:\/\/www.welovecycling.com\/hu\/kozosseg-es-kultura\/hordd-magadon-a-legujabb-technologiat\/\",\"name\":\"Hordd magadon a leg\u00fajabb technol\u00f3gi\u00e1t - \u0160koda We Love Cycling - Magyarorsz\u00e1g\",\"isPartOf\":{\"@id\":\"https:\/\/www.welovecycling.com\/hu\/#website\"},\"primaryImageOfPage\":{\"@id\":\"https:\/\/www.welovecycling.com\/hu\/kozosseg-es-kultura\/hordd-magadon-a-legujabb-technologiat\/#primaryimage\"},\"image\":{\"@id\":\"https:\/\/www.welovecycling.com\/hu\/kozosseg-es-kultura\/hordd-magadon-a-legujabb-technologiat\/#primaryimage\"},\"thumbnailUrl\":\"https:\/\/d2p6e6u75xmxt8.cloudfront.net\/12\/2020\/07\/Hovding-CVR.jpg\",\"datePublished\":\"2020-07-24T07:00:43+00:00\",\"author\":{\"@id\":\"https:\/\/www.welovecycling.com\/hu\/#\/schema\/person\/414a2aebf1801691a5320edb6468e194\"},\"description\":\"Thanks to technology, you don\u2019t wear accessories anymore just to look better. It\u2019s not surprising then that there is also a range of wearable tech for bikes\",\"breadcrumb\":{\"@id\":\"https:\/\/www.welovecycling.com\/hu\/kozosseg-es-kultura\/hordd-magadon-a-legujabb-technologiat\/#breadcrumb\"},\"inLanguage\":\"hu\",\"potentialAction\":[{\"@type\":\"ReadAction\",\"target\":[\"https:\/\/www.welovecycling.com\/hu\/kozosseg-es-kultura\/hordd-magadon-a-legujabb-technologiat\/\"]}]},{\"@type\":\"ImageObject\",\"inLanguage\":\"hu\",\"@id\":\"https:\/\/www.welovecycling.com\/hu\/kozosseg-es-kultura\/hordd-magadon-a-legujabb-technologiat\/#primaryimage\",\"url\":\"https:\/\/d2p6e6u75xmxt8.cloudfront.net\/12\/2020\/07\/Hovding-CVR.jpg\",\"contentUrl\":\"https:\/\/d2p6e6u75xmxt8.cloudfront.net\/12\/2020\/07\/Hovding-CVR.jpg\",\"width\":1366,\"height\":600},{\"@type\":\"BreadcrumbList\",\"@id\":\"https:\/\/www.welovecycling.com\/hu\/kozosseg-es-kultura\/hordd-magadon-a-legujabb-technologiat\/#breadcrumb\",\"itemListElement\":[{\"@type\":\"ListItem\",\"position\":1,\"name\":\"Home\",\"item\":\"https:\/\/www.welovecycling.com\/hu\/\"},{\"@type\":\"ListItem\",\"position\":2,\"name\":\"Hordd magadon a leg\u00fajabb technol\u00f3gi\u00e1t\"}]},{\"@type\":\"WebSite\",\"@id\":\"https:\/\/www.welovecycling.com\/hu\/#website\",\"url\":\"https:\/\/www.welovecycling.com\/hu\/\",\"name\":\"\u0160koda We Love Cycling - Magyarorsz\u00e1g\",\"description\":\"\u0160koda WeLoveCycling\",\"potentialAction\":[{\"@type\":\"SearchAction\",\"target\":{\"@type\":\"EntryPoint\",\"urlTemplate\":\"https:\/\/www.welovecycling.com\/hu\/?s={search_term_string}\"},\"query-input\":{\"@type\":\"PropertyValueSpecification\",\"valueRequired\":true,\"valueName\":\"search_term_string\"}}],\"inLanguage\":\"hu\"},{\"@type\":\"Person\",\"@id\":\"https:\/\/www.welovecycling.com\/hu\/#\/schema\/person\/414a2aebf1801691a5320edb6468e194\",\"name\":\"hegyizs\",\"image\":{\"@type\":\"ImageObject\",\"inLanguage\":\"hu\",\"@id\":\"https:\/\/www.welovecycling.com\/hu\/#\/schema\/person\/image\/\",\"url\":\"https:\/\/secure.gravatar.com\/avatar\/02cf8a7906b8cf90cecb4679defac7cfd33a1c2e3b88e4903d947f3bb58eedd3?s=96&d=mm&r=g\",\"contentUrl\":\"https:\/\/secure.gravatar.com\/avatar\/02cf8a7906b8cf90cecb4679defac7cfd33a1c2e3b88e4903d947f3bb58eedd3?s=96&d=mm&r=g\",\"caption\":\"hegyizs\"},\"url\":\"https:\/\/www.welovecycling.com\/hu\/author\/hegyizs\/\"}]}<\/script>\n<!-- \/ Yoast SEO Premium plugin. -->","yoast_head_json":{"title":"Hordd magadon a leg\u00fajabb technol\u00f3gi\u00e1t - \u0160koda We Love Cycling - Magyarorsz\u00e1g","description":"Thanks to technology, you don\u2019t wear accessories anymore just to look better. It\u2019s not surprising then that there is also a range of wearable tech for bikes","robots":{"index":"index","follow":"follow","max-snippet":"max-snippet:-1","max-image-preview":"max-image-preview:large","max-video-preview":"max-video-preview:-1"},"canonical":"https:\/\/www.welovecycling.com\/hu\/kozosseg-es-kultura\/hordd-magadon-a-legujabb-technologiat\/","og_locale":"hu_HU","og_type":"article","og_title":"Hordd magadon a leg\u00fajabb technol\u00f3gi\u00e1t","og_description":"Thanks to technology, you don\u2019t wear accessories anymore just to look better. It\u2019s not surprising then that there is also a range of wearable tech for bikes","og_url":"https:\/\/www.welovecycling.com\/hu\/kozosseg-es-kultura\/hordd-magadon-a-legujabb-technologiat\/","og_site_name":"\u0160koda We Love Cycling - Magyarorsz\u00e1g","article_publisher":"https:\/\/www.facebook.com\/WeLoveCyclingHungary\/","article_published_time":"2020-07-24T07:00:43+00:00","og_image":[{"width":1366,"height":600,"url":"https:\/\/d2p6e6u75xmxt8.cloudfront.net\/12\/2020\/07\/Hovding-CVR.jpg","type":"image\/jpeg"}],"author":"hegyizs","twitter_card":"summary_large_image","twitter_misc":{"Written by":"Siegfried Mortkowitz","Est. reading time":"5"},"schema":{"@context":"https:\/\/schema.org","@graph":[{"@type":"WebPage","@id":"https:\/\/www.welovecycling.com\/hu\/kozosseg-es-kultura\/hordd-magadon-a-legujabb-technologiat\/","url":"https:\/\/www.welovecycling.com\/hu\/kozosseg-es-kultura\/hordd-magadon-a-legujabb-technologiat\/","name":"Hordd magadon a leg\u00fajabb technol\u00f3gi\u00e1t - \u0160koda We Love Cycling - Magyarorsz\u00e1g","isPartOf":{"@id":"https:\/\/www.welovecycling.com\/hu\/#website"},"primaryImageOfPage":{"@id":"https:\/\/www.welovecycling.com\/hu\/kozosseg-es-kultura\/hordd-magadon-a-legujabb-technologiat\/#primaryimage"},"image":{"@id":"https:\/\/www.welovecycling.com\/hu\/kozosseg-es-kultura\/hordd-magadon-a-legujabb-technologiat\/#primaryimage"},"thumbnailUrl":"https:\/\/d2p6e6u75xmxt8.cloudfront.net\/12\/2020\/07\/Hovding-CVR.jpg","datePublished":"2020-07-24T07:00:43+00:00","author":{"@id":"https:\/\/www.welovecycling.com\/hu\/#\/schema\/person\/414a2aebf1801691a5320edb6468e194"},"description":"Thanks to technology, you don\u2019t wear accessories anymore just to look better. It\u2019s not surprising then that there is also a range of wearable tech for bikes","breadcrumb":{"@id":"https:\/\/www.welovecycling.com\/hu\/kozosseg-es-kultura\/hordd-magadon-a-legujabb-technologiat\/#breadcrumb"},"inLanguage":"hu","potentialAction":[{"@type":"ReadAction","target":["https:\/\/www.welovecycling.com\/hu\/kozosseg-es-kultura\/hordd-magadon-a-legujabb-technologiat\/"]}]},{"@type":"ImageObject","inLanguage":"hu","@id":"https:\/\/www.welovecycling.com\/hu\/kozosseg-es-kultura\/hordd-magadon-a-legujabb-technologiat\/#primaryimage","url":"https:\/\/d2p6e6u75xmxt8.cloudfront.net\/12\/2020\/07\/Hovding-CVR.jpg","contentUrl":"https:\/\/d2p6e6u75xmxt8.cloudfront.net\/12\/2020\/07\/Hovding-CVR.jpg","width":1366,"height":600},{"@type":"BreadcrumbList","@id":"https:\/\/www.welovecycling.com\/hu\/kozosseg-es-kultura\/hordd-magadon-a-legujabb-technologiat\/#breadcrumb","itemListElement":[{"@type":"ListItem","position":1,"name":"Home","item":"https:\/\/www.welovecycling.com\/hu\/"},{"@type":"ListItem","position":2,"name":"Hordd magadon a leg\u00fajabb technol\u00f3gi\u00e1t"}]},{"@type":"WebSite","@id":"https:\/\/www.welovecycling.com\/hu\/#website","url":"https:\/\/www.welovecycling.com\/hu\/","name":"\u0160koda We Love Cycling - Magyarorsz\u00e1g","description":"\u0160koda WeLoveCycling","potentialAction":[{"@type":"SearchAction","target":{"@type":"EntryPoint","urlTemplate":"https:\/\/www.welovecycling.com\/hu\/?s={search_term_string}"},"query-input":{"@type":"PropertyValueSpecification","valueRequired":true,"valueName":"search_term_string"}}],"inLanguage":"hu"},{"@type":"Person","@id":"https:\/\/www.welovecycling.com\/hu\/#\/schema\/person\/414a2aebf1801691a5320edb6468e194","name":"hegyizs","image":{"@type":"ImageObject","inLanguage":"hu","@id":"https:\/\/www.welovecycling.com\/hu\/#\/schema\/person\/image\/","url":"https:\/\/secure.gravatar.com\/avatar\/02cf8a7906b8cf90cecb4679defac7cfd33a1c2e3b88e4903d947f3bb58eedd3?s=96&d=mm&r=g","contentUrl":"https:\/\/secure.gravatar.com\/avatar\/02cf8a7906b8cf90cecb4679defac7cfd33a1c2e3b88e4903d947f3bb58eedd3?s=96&d=mm&r=g","caption":"hegyizs"},"url":"https:\/\/www.welovecycling.com\/hu\/author\/hegyizs\/"}]}},"_links":{"self":[{"href":"https:\/\/www.welovecycling.com\/hu\/wp-json\/wp\/v2\/posts\/8134","targetHints":{"allow":["GET"]}}],"collection":[{"href":"https:\/\/www.welovecycling.com\/hu\/wp-json\/wp\/v2\/posts"}],"about":[{"href":"https:\/\/www.welovecycling.com\/hu\/wp-json\/wp\/v2\/types\/post"}],"author":[{"embeddable":true,"href":"https:\/\/www.welovecycling.com\/hu\/wp-json\/wp\/v2\/users\/71"}],"replies":[{"embeddable":true,"href":"https:\/\/www.welovecycling.com\/hu\/wp-json\/wp\/v2\/comments?post=8134"}],"version-history":[{"count":2,"href":"https:\/\/www.welovecycling.com\/hu\/wp-json\/wp\/v2\/posts\/8134\/revisions"}],"predecessor-version":[{"id":8143,"href":"https:\/\/www.welovecycling.com\/hu\/wp-json\/wp\/v2\/posts\/8134\/revisions\/8143"}],"wp:featuredmedia":[{"embeddable":true,"href":"https:\/\/www.welovecycling.com\/hu\/wp-json\/wp\/v2\/media\/8138"}],"wp:attachment":[{"href":"https:\/\/www.welovecycling.com\/hu\/wp-json\/wp\/v2\/media?parent=8134"}],"wp:term":[{"taxonomy":"category","embeddable":true,"href":"https:\/\/www.welovecycling.com\/hu\/wp-json\/wp\/v2\/categories?post=8134"},{"taxonomy":"post_tag","embeddable":true,"href":"https:\/\/www.welovecycling.com\/hu\/wp-json\/wp\/v2\/tags?post=8134"},{"taxonomy":"global-categories","embeddable":true,"href":"https:\/\/www.welovecycling.com\/hu\/wp-json\/wp\/v2\/global-categories?post=8134"}],"curies":[{"name":"wp","href":"https:\/\/api.w.org\/{rel}","templated":true}]}}