{"id":809,"date":"2018-05-14T14:28:00","date_gmt":"2018-05-14T14:28:00","guid":{"rendered":"https:\/\/www.welovecycling.com\/hu\/?p=809"},"modified":"2018-05-14T14:28:10","modified_gmt":"2018-05-14T14:28:10","slug":"biciklizes-kutyaval-hogyan-erdemes","status":"publish","type":"post","link":"https:\/\/www.welovecycling.com\/hu\/edzes-es-eletmod\/biciklizes-kutyaval-hogyan-erdemes\/","title":{"rendered":"Bicikliz\u00e9s kuty\u00e1val: hogyan \u00e9rdemes?"},"content":{"rendered":"<p>Ha sok id\u0151t t\u00f6ltesz k\u00e9t ker\u00e9ken, de nem szeretn\u00e9d mell\u0151zni a kutyusod, akkor ezeket a szempontokat mindenk\u00e9pp vedd figyelembe. A bicikliz\u00e9s kuty\u00e1val \u00e9rdemes, de nem minden \u00e1ron!<\/p>\n<p><!--more--><\/p>\n<p><strong>Mit tudjon a kutya?<\/strong><\/p>\n<p>Ha kos\u00e1rban sz\u00e1ll\u00edtan\u00e1d a kuty\u00e1d, akkor tudnia kell higgadtan utazni, hiszen csak akkor tudtok biztons\u00e1gosan egy\u00fctt haladni. A higgadts\u00e1g akkor a legfontosabb, ha forgalomban utaztok egy\u00fctt, hiszen ha nyugtalankodik a kuty\u00e1d, akkor az ak\u00e1r balesetvesz\u00e9lyes is lehet.<\/p>\n<p><a href=\"https:\/\/d2p6e6u75xmxt8.cloudfront.net\/12\/2018\/05\/kerekparozas-kutyaval.jpg\"><img loading=\"lazy\" decoding=\"async\" class=\"alignnone size-full wp-image-810\" src=\"https:\/\/d2p6e6u75xmxt8.cloudfront.net\/12\/2018\/05\/kerekparozas-kutyaval.jpg\" alt=\"biciklizes-kutyaval\" width=\"1502\" height=\"1001\" srcset=\"https:\/\/d2p6e6u75xmxt8.cloudfront.net\/12\/2018\/05\/kerekparozas-kutyaval.jpg 1502w, https:\/\/d2p6e6u75xmxt8.cloudfront.net\/12\/2018\/05\/kerekparozas-kutyaval-300x200.jpg 300w, https:\/\/d2p6e6u75xmxt8.cloudfront.net\/12\/2018\/05\/kerekparozas-kutyaval-768x512.jpg 768w, https:\/\/d2p6e6u75xmxt8.cloudfront.net\/12\/2018\/05\/kerekparozas-kutyaval-1024x682.jpg 1024w, https:\/\/d2p6e6u75xmxt8.cloudfront.net\/12\/2018\/05\/kerekparozas-kutyaval-272x182.jpg 272w\" sizes=\"auto, (max-width: 1502px) 100vw, 1502px\" \/><\/a><\/p>\n<p>Ha ker\u00e9kp\u00e1r mellett s\u00e9t\u00e1ltatn\u00e1d a kuty\u00e1d, akkor a legalapvet\u0151bb szempont, hogy fegyelmezetten tudjon s\u00e9t\u00e1lni. Az a legide\u00e1lisabb, ha kiskora \u00f3ta tan\u00edtod neki ezt a k\u00fcl\u00f6nleges s\u00e9t\u00e1l\u00e1si m\u00f3dot, kb. f\u00e9l \u00e9ves kor\u00e1ban m\u00e1r elkezdhetitek kipr\u00f3b\u00e1lni a bring\u00e1s s\u00e9t\u00e1kat.<\/p>\n<p>Ez egy sokkal akt\u00edvabb mozg\u00e1sforma, gyorsabban haladtok, ez\u00e9rt semmik\u00e9pp ne s\u00e9t\u00e1ltasd a kuty\u00e1dat \u00edgy, ha \u00edz\u00fcleti probl\u00e9m\u00e1i vannak, sz\u00edvbeteg, vagy egyszer\u0171en csak egy lust\u00e1bb fajta, akin\u00e9l nem aj\u00e1nlj\u00e1k a hossz\u00fa, p\u00f6rg\u0151s s\u00e9t\u00e1kat. Ha lusta kuty\u00e1d van, a v\u00e9g\u00e9n m\u00e9g \u00edgy kell majd hazagur\u00edtanod:<\/p>\n<div class=\"embed-controller-wrapper\"><a href=\"https:\/\/giphy.com\/gifs\/dog-drunk-KOWchpAFBtOPm\"><img loading=\"lazy\" decoding=\"async\" src=\"https:\/\/media0.giphy.com\/media\/KOWchpAFBtOPm\/giphy.gif\" alt=\"Drunk Cinco De Mayo GIF - Find &amp; Share on GIPHY\" width=\"272\" height=\"204\" \/><\/a><\/div>\n<p><strong>De mi\u00e9rt j\u00f3 ez az eg\u00e9sz?<\/strong><\/p>\n<p>Neked \u00e9s neki is j\u00f3. T\u00f6bb id\u0151t t\u00f6lt\u00f6t\u00f6k egy\u00fctt, \u00e9s m\u00e9g jobban megtanultok alkalmazkodni egym\u00e1shoz. Ha olyan kuty\u00e1d van, akinek magas a mozg\u00e1sig\u00e9nye, akkor nagy val\u00f3sz\u00edn\u0171s\u00e9ggel ezzel a m\u00f3dszerrel siker\u00fcl kif\u00e1rasztanod. Igazi win-win szitu\u00e1ci\u00f3!<\/p>\n<p><a href=\"https:\/\/d2p6e6u75xmxt8.cloudfront.net\/12\/2018\/05\/kerekparozas-kutyaval-2.jpg\"><img loading=\"lazy\" decoding=\"async\" class=\"alignnone size-full wp-image-811\" src=\"https:\/\/d2p6e6u75xmxt8.cloudfront.net\/12\/2018\/05\/kerekparozas-kutyaval-2.jpg\" alt=\"biciklizes-kutyaval\" width=\"1566\" height=\"1176\" srcset=\"https:\/\/d2p6e6u75xmxt8.cloudfront.net\/12\/2018\/05\/kerekparozas-kutyaval-2.jpg 1566w, https:\/\/d2p6e6u75xmxt8.cloudfront.net\/12\/2018\/05\/kerekparozas-kutyaval-2-300x225.jpg 300w, https:\/\/d2p6e6u75xmxt8.cloudfront.net\/12\/2018\/05\/kerekparozas-kutyaval-2-768x577.jpg 768w, https:\/\/d2p6e6u75xmxt8.cloudfront.net\/12\/2018\/05\/kerekparozas-kutyaval-2-1024x769.jpg 1024w\" sizes=\"auto, (max-width: 1566px) 100vw, 1566px\" \/><\/a><\/p>\n<p><strong>Szabad vagy nem?<\/strong><\/p>\n<p>Miel\u0151tt \u00fatnak induln\u00e1tok, \u00e9rdemes ellen\u0151rizni, mit mondanak a t\u00f6rv\u00e9nyek. Magyarorsz\u00e1gon a v\u00e1rosokban p\u00e9ld\u00e1ul tilos ker\u00e9kp\u00e1rral kuty\u00e1t s\u00e9t\u00e1ltatni, ezzel ellent\u00e9tben Ausztri\u00e1ban szabad a p\u00e1lya!<\/p>\n<p>Ha itthon szeretn\u00e9l belev\u00e1gni a kutyas\u00e9t\u00e1ltat\u00e1sba, akkor ezt ne a f\u0151v\u00e1rosi forgalomban, hanem ink\u00e1bb a szabadban tedd, mondjuk \u00edgy:<\/p>\n<p><strong><a href=\"https:\/\/d2p6e6u75xmxt8.cloudfront.net\/12\/2018\/05\/kerekparozas-kutyaval-3-e1526307396910.jpg\"><img loading=\"lazy\" decoding=\"async\" class=\"alignnone wp-image-812 \" src=\"https:\/\/d2p6e6u75xmxt8.cloudfront.net\/12\/2018\/05\/kerekparozas-kutyaval-3-e1526307396910-1080x1920.jpg\" alt=\"biciklizes-kutyaval\" width=\"357\" height=\"635\" srcset=\"https:\/\/d2p6e6u75xmxt8.cloudfront.net\/12\/2018\/05\/kerekparozas-kutyaval-3-e1526307396910-1080x1920.jpg 1080w, https:\/\/d2p6e6u75xmxt8.cloudfront.net\/12\/2018\/05\/kerekparozas-kutyaval-3-e1526307396910-169x300.jpg 169w, https:\/\/d2p6e6u75xmxt8.cloudfront.net\/12\/2018\/05\/kerekparozas-kutyaval-3-e1526307396910-768x1365.jpg 768w, https:\/\/d2p6e6u75xmxt8.cloudfront.net\/12\/2018\/05\/kerekparozas-kutyaval-3-e1526307396910-576x1024.jpg 576w, https:\/\/d2p6e6u75xmxt8.cloudfront.net\/12\/2018\/05\/kerekparozas-kutyaval-3-e1526307396910.jpg 1482w, https:\/\/d2p6e6u75xmxt8.cloudfront.net\/12\/2018\/05\/kerekparozas-kutyaval-3-e1526307396910-1080x1920.jpg 1080w\" sizes=\"auto, (max-width: 357px) 100vw, 357px\" \/><\/a><br \/>\n<\/strong><\/p>\n<p><strong>+1 montis kutya<\/strong><\/p>\n<p>Vannak nagyon profi kutyabring\u00e1sok is. Ha szeretn\u00e9tek tanulni a legjobbakt\u00f3l, k\u00f6vess\u00e9tek Instagramon Rubyt, aki mindenhov\u00e1 elk\u00eds\u00e9ri montis gazdij\u00e1t!<\/p>\n<p>Itt egy vide\u00f3 Ruby kalandos h\u00e9tk\u00f6znapjair\u00f3l:<\/p>\n<p><a href=\"https:\/\/www.instagram.com\/p\/BVAH3gEh0Bf\/?taken-by=rubythetraildog\">https:\/\/www.instagram.com\/p\/BVAH3gEh0Bf\/?taken-by=rubythetraildog<\/a><\/p>\n<p><a href=\"https:\/\/www.instagram.com\/rubythetraildog\/\">Itt tal\u00e1lod<\/a> Ruby Instagram profilj\u00e1t.<\/p>\n<p>&nbsp;<\/p>\n","protected":false},"excerpt":{"rendered":"<p>Ha sok id\u0151t t\u00f6ltesz k\u00e9t ker\u00e9ken, de nem szeretn\u00e9d mell\u0151zni a kutyusod, akkor ezeket a szempontokat mindenk\u00e9pp vedd figyelembe. A [&hellip;]<\/p>\n","protected":false},"author":71,"featured_media":816,"comment_status":"open","ping_status":"open","sticky":false,"template":"","format":"standard","meta":{"footnotes":""},"categories":[11,6],"tags":[17,18,44,45,16,23,46,24,42],"global-categories":[],"class_list":["post-809","post","type-post","status-publish","format-standard","has-post-thumbnail","hentry","category-csalad","category-edzes-es-eletmod","tag-bicikli","tag-biciklizes","tag-biciklizes-kutyaval","tag-edzes","tag-kerekpar","tag-kerekparos-edzesterv","tag-kutya","tag-miert-bringazz","tag-tekeres"],"yoast_head":"<!-- This site is optimized with the Yoast SEO Premium plugin v25.3 (Yoast SEO v25.9) - https:\/\/yoast.com\/wordpress\/plugins\/seo\/ -->\n<title>Bicikliz\u00e9s kuty\u00e1val: hogyan \u00e9rdemes? - \u0160koda We Love Cycling - Magyarorsz\u00e1g<\/title>\n<meta name=\"description\" content=\"Biciklizni kuty\u00e1val \u00e9rdemes, de nem minden \u00e1ron! Kattints \u00e9s n\u00e9zd meg te is, mire \u00e9rdemes figyelni, ha \u00e9rdekel a bicikliz\u00e9s kedvenceddel.\" \/>\n<meta name=\"robots\" content=\"index, follow, max-snippet:-1, max-image-preview:large, max-video-preview:-1\" \/>\n<link rel=\"canonical\" href=\"https:\/\/www.welovecycling.com\/hu\/edzes-es-eletmod\/biciklizes-kutyaval-hogyan-erdemes\/\" \/>\n<meta property=\"og:locale\" content=\"hu_HU\" \/>\n<meta property=\"og:type\" content=\"article\" \/>\n<meta property=\"og:title\" content=\"Bicikliz\u00e9s kuty\u00e1val: hogyan \u00e9rdemes?\" \/>\n<meta property=\"og:description\" content=\"Biciklizni kuty\u00e1val \u00e9rdemes, de nem minden \u00e1ron! Kattints \u00e9s n\u00e9zd meg te is, mire \u00e9rdemes figyelni, ha \u00e9rdekel a bicikliz\u00e9s kedvenceddel.\" \/>\n<meta property=\"og:url\" content=\"https:\/\/www.welovecycling.com\/hu\/edzes-es-eletmod\/biciklizes-kutyaval-hogyan-erdemes\/\" \/>\n<meta property=\"og:site_name\" content=\"\u0160koda We Love Cycling - Magyarorsz\u00e1g\" \/>\n<meta property=\"article:publisher\" content=\"https:\/\/www.facebook.com\/WeLoveCyclingHungary\/\" \/>\n<meta property=\"article:published_time\" content=\"2018-05-14T14:28:00+00:00\" \/>\n<meta property=\"article:modified_time\" content=\"2018-05-14T14:28:10+00:00\" \/>\n<meta property=\"og:image\" content=\"https:\/\/d2p6e6u75xmxt8.cloudfront.net\/12\/2018\/05\/dog-2534449_1920.jpg\" \/>\n\t<meta property=\"og:image:width\" content=\"1920\" \/>\n\t<meta property=\"og:image:height\" content=\"1280\" \/>\n\t<meta property=\"og:image:type\" content=\"image\/jpeg\" \/>\n<meta name=\"author\" content=\"hegyizs\" \/>\n<meta name=\"twitter:card\" content=\"summary_large_image\" \/>\n<meta name=\"twitter:label1\" content=\"Written by\" \/>\n\t<meta name=\"twitter:data1\" content=\"hegyizs\" \/>\n\t<meta name=\"twitter:label2\" content=\"Est. reading time\" \/>\n\t<meta name=\"twitter:data2\" content=\"2 minutes\" \/>\n<script type=\"application\/ld+json\" class=\"yoast-schema-graph\">{\"@context\":\"https:\/\/schema.org\",\"@graph\":[{\"@type\":\"WebPage\",\"@id\":\"https:\/\/www.welovecycling.com\/hu\/edzes-es-eletmod\/biciklizes-kutyaval-hogyan-erdemes\/\",\"url\":\"https:\/\/www.welovecycling.com\/hu\/edzes-es-eletmod\/biciklizes-kutyaval-hogyan-erdemes\/\",\"name\":\"Bicikliz\u00e9s kuty\u00e1val: hogyan \u00e9rdemes? - \u0160koda We Love Cycling - Magyarorsz\u00e1g\",\"isPartOf\":{\"@id\":\"https:\/\/www.welovecycling.com\/hu\/#website\"},\"primaryImageOfPage\":{\"@id\":\"https:\/\/www.welovecycling.com\/hu\/edzes-es-eletmod\/biciklizes-kutyaval-hogyan-erdemes\/#primaryimage\"},\"image\":{\"@id\":\"https:\/\/www.welovecycling.com\/hu\/edzes-es-eletmod\/biciklizes-kutyaval-hogyan-erdemes\/#primaryimage\"},\"thumbnailUrl\":\"https:\/\/d2p6e6u75xmxt8.cloudfront.net\/12\/2018\/05\/dog-2534449_1920.jpg\",\"datePublished\":\"2018-05-14T14:28:00+00:00\",\"dateModified\":\"2018-05-14T14:28:10+00:00\",\"author\":{\"@id\":\"https:\/\/www.welovecycling.com\/hu\/#\/schema\/person\/414a2aebf1801691a5320edb6468e194\"},\"description\":\"Biciklizni kuty\u00e1val \u00e9rdemes, de nem minden \u00e1ron! Kattints \u00e9s n\u00e9zd meg te is, mire \u00e9rdemes figyelni, ha \u00e9rdekel a bicikliz\u00e9s kedvenceddel.\",\"breadcrumb\":{\"@id\":\"https:\/\/www.welovecycling.com\/hu\/edzes-es-eletmod\/biciklizes-kutyaval-hogyan-erdemes\/#breadcrumb\"},\"inLanguage\":\"hu\",\"potentialAction\":[{\"@type\":\"ReadAction\",\"target\":[\"https:\/\/www.welovecycling.com\/hu\/edzes-es-eletmod\/biciklizes-kutyaval-hogyan-erdemes\/\"]}]},{\"@type\":\"ImageObject\",\"inLanguage\":\"hu\",\"@id\":\"https:\/\/www.welovecycling.com\/hu\/edzes-es-eletmod\/biciklizes-kutyaval-hogyan-erdemes\/#primaryimage\",\"url\":\"https:\/\/d2p6e6u75xmxt8.cloudfront.net\/12\/2018\/05\/dog-2534449_1920.jpg\",\"contentUrl\":\"https:\/\/d2p6e6u75xmxt8.cloudfront.net\/12\/2018\/05\/dog-2534449_1920.jpg\",\"width\":1920,\"height\":1280,\"caption\":\"biciklizes-kutyaval\"},{\"@type\":\"BreadcrumbList\",\"@id\":\"https:\/\/www.welovecycling.com\/hu\/edzes-es-eletmod\/biciklizes-kutyaval-hogyan-erdemes\/#breadcrumb\",\"itemListElement\":[{\"@type\":\"ListItem\",\"position\":1,\"name\":\"Home\",\"item\":\"https:\/\/www.welovecycling.com\/hu\/\"},{\"@type\":\"ListItem\",\"position\":2,\"name\":\"Bicikliz\u00e9s kuty\u00e1val: hogyan \u00e9rdemes?\"}]},{\"@type\":\"WebSite\",\"@id\":\"https:\/\/www.welovecycling.com\/hu\/#website\",\"url\":\"https:\/\/www.welovecycling.com\/hu\/\",\"name\":\"\u0160koda We Love Cycling - Magyarorsz\u00e1g\",\"description\":\"\u0160koda WeLoveCycling\",\"potentialAction\":[{\"@type\":\"SearchAction\",\"target\":{\"@type\":\"EntryPoint\",\"urlTemplate\":\"https:\/\/www.welovecycling.com\/hu\/?s={search_term_string}\"},\"query-input\":{\"@type\":\"PropertyValueSpecification\",\"valueRequired\":true,\"valueName\":\"search_term_string\"}}],\"inLanguage\":\"hu\"},{\"@type\":\"Person\",\"@id\":\"https:\/\/www.welovecycling.com\/hu\/#\/schema\/person\/414a2aebf1801691a5320edb6468e194\",\"name\":\"hegyizs\",\"image\":{\"@type\":\"ImageObject\",\"inLanguage\":\"hu\",\"@id\":\"https:\/\/www.welovecycling.com\/hu\/#\/schema\/person\/image\/\",\"url\":\"https:\/\/secure.gravatar.com\/avatar\/02cf8a7906b8cf90cecb4679defac7cfd33a1c2e3b88e4903d947f3bb58eedd3?s=96&d=mm&r=g\",\"contentUrl\":\"https:\/\/secure.gravatar.com\/avatar\/02cf8a7906b8cf90cecb4679defac7cfd33a1c2e3b88e4903d947f3bb58eedd3?s=96&d=mm&r=g\",\"caption\":\"hegyizs\"},\"url\":\"https:\/\/www.welovecycling.com\/hu\/author\/hegyizs\/\"}]}<\/script>\n<!-- \/ Yoast SEO Premium plugin. -->","yoast_head_json":{"title":"Bicikliz\u00e9s kuty\u00e1val: hogyan \u00e9rdemes? - \u0160koda We Love Cycling - Magyarorsz\u00e1g","description":"Biciklizni kuty\u00e1val \u00e9rdemes, de nem minden \u00e1ron! Kattints \u00e9s n\u00e9zd meg te is, mire \u00e9rdemes figyelni, ha \u00e9rdekel a bicikliz\u00e9s kedvenceddel.","robots":{"index":"index","follow":"follow","max-snippet":"max-snippet:-1","max-image-preview":"max-image-preview:large","max-video-preview":"max-video-preview:-1"},"canonical":"https:\/\/www.welovecycling.com\/hu\/edzes-es-eletmod\/biciklizes-kutyaval-hogyan-erdemes\/","og_locale":"hu_HU","og_type":"article","og_title":"Bicikliz\u00e9s kuty\u00e1val: hogyan \u00e9rdemes?","og_description":"Biciklizni kuty\u00e1val \u00e9rdemes, de nem minden \u00e1ron! Kattints \u00e9s n\u00e9zd meg te is, mire \u00e9rdemes figyelni, ha \u00e9rdekel a bicikliz\u00e9s kedvenceddel.","og_url":"https:\/\/www.welovecycling.com\/hu\/edzes-es-eletmod\/biciklizes-kutyaval-hogyan-erdemes\/","og_site_name":"\u0160koda We Love Cycling - Magyarorsz\u00e1g","article_publisher":"https:\/\/www.facebook.com\/WeLoveCyclingHungary\/","article_published_time":"2018-05-14T14:28:00+00:00","article_modified_time":"2018-05-14T14:28:10+00:00","og_image":[{"width":1920,"height":1280,"url":"https:\/\/d2p6e6u75xmxt8.cloudfront.net\/12\/2018\/05\/dog-2534449_1920.jpg","type":"image\/jpeg"}],"author":"hegyizs","twitter_card":"summary_large_image","twitter_misc":{"Written by":"hegyizs","Est. reading time":"2 minutes"},"schema":{"@context":"https:\/\/schema.org","@graph":[{"@type":"WebPage","@id":"https:\/\/www.welovecycling.com\/hu\/edzes-es-eletmod\/biciklizes-kutyaval-hogyan-erdemes\/","url":"https:\/\/www.welovecycling.com\/hu\/edzes-es-eletmod\/biciklizes-kutyaval-hogyan-erdemes\/","name":"Bicikliz\u00e9s kuty\u00e1val: hogyan \u00e9rdemes? - \u0160koda We Love Cycling - Magyarorsz\u00e1g","isPartOf":{"@id":"https:\/\/www.welovecycling.com\/hu\/#website"},"primaryImageOfPage":{"@id":"https:\/\/www.welovecycling.com\/hu\/edzes-es-eletmod\/biciklizes-kutyaval-hogyan-erdemes\/#primaryimage"},"image":{"@id":"https:\/\/www.welovecycling.com\/hu\/edzes-es-eletmod\/biciklizes-kutyaval-hogyan-erdemes\/#primaryimage"},"thumbnailUrl":"https:\/\/d2p6e6u75xmxt8.cloudfront.net\/12\/2018\/05\/dog-2534449_1920.jpg","datePublished":"2018-05-14T14:28:00+00:00","dateModified":"2018-05-14T14:28:10+00:00","author":{"@id":"https:\/\/www.welovecycling.com\/hu\/#\/schema\/person\/414a2aebf1801691a5320edb6468e194"},"description":"Biciklizni kuty\u00e1val \u00e9rdemes, de nem minden \u00e1ron! Kattints \u00e9s n\u00e9zd meg te is, mire \u00e9rdemes figyelni, ha \u00e9rdekel a bicikliz\u00e9s kedvenceddel.","breadcrumb":{"@id":"https:\/\/www.welovecycling.com\/hu\/edzes-es-eletmod\/biciklizes-kutyaval-hogyan-erdemes\/#breadcrumb"},"inLanguage":"hu","potentialAction":[{"@type":"ReadAction","target":["https:\/\/www.welovecycling.com\/hu\/edzes-es-eletmod\/biciklizes-kutyaval-hogyan-erdemes\/"]}]},{"@type":"ImageObject","inLanguage":"hu","@id":"https:\/\/www.welovecycling.com\/hu\/edzes-es-eletmod\/biciklizes-kutyaval-hogyan-erdemes\/#primaryimage","url":"https:\/\/d2p6e6u75xmxt8.cloudfront.net\/12\/2018\/05\/dog-2534449_1920.jpg","contentUrl":"https:\/\/d2p6e6u75xmxt8.cloudfront.net\/12\/2018\/05\/dog-2534449_1920.jpg","width":1920,"height":1280,"caption":"biciklizes-kutyaval"},{"@type":"BreadcrumbList","@id":"https:\/\/www.welovecycling.com\/hu\/edzes-es-eletmod\/biciklizes-kutyaval-hogyan-erdemes\/#breadcrumb","itemListElement":[{"@type":"ListItem","position":1,"name":"Home","item":"https:\/\/www.welovecycling.com\/hu\/"},{"@type":"ListItem","position":2,"name":"Bicikliz\u00e9s kuty\u00e1val: hogyan \u00e9rdemes?"}]},{"@type":"WebSite","@id":"https:\/\/www.welovecycling.com\/hu\/#website","url":"https:\/\/www.welovecycling.com\/hu\/","name":"\u0160koda We Love Cycling - Magyarorsz\u00e1g","description":"\u0160koda WeLoveCycling","potentialAction":[{"@type":"SearchAction","target":{"@type":"EntryPoint","urlTemplate":"https:\/\/www.welovecycling.com\/hu\/?s={search_term_string}"},"query-input":{"@type":"PropertyValueSpecification","valueRequired":true,"valueName":"search_term_string"}}],"inLanguage":"hu"},{"@type":"Person","@id":"https:\/\/www.welovecycling.com\/hu\/#\/schema\/person\/414a2aebf1801691a5320edb6468e194","name":"hegyizs","image":{"@type":"ImageObject","inLanguage":"hu","@id":"https:\/\/www.welovecycling.com\/hu\/#\/schema\/person\/image\/","url":"https:\/\/secure.gravatar.com\/avatar\/02cf8a7906b8cf90cecb4679defac7cfd33a1c2e3b88e4903d947f3bb58eedd3?s=96&d=mm&r=g","contentUrl":"https:\/\/secure.gravatar.com\/avatar\/02cf8a7906b8cf90cecb4679defac7cfd33a1c2e3b88e4903d947f3bb58eedd3?s=96&d=mm&r=g","caption":"hegyizs"},"url":"https:\/\/www.welovecycling.com\/hu\/author\/hegyizs\/"}]}},"_links":{"self":[{"href":"https:\/\/www.welovecycling.com\/hu\/wp-json\/wp\/v2\/posts\/809","targetHints":{"allow":["GET"]}}],"collection":[{"href":"https:\/\/www.welovecycling.com\/hu\/wp-json\/wp\/v2\/posts"}],"about":[{"href":"https:\/\/www.welovecycling.com\/hu\/wp-json\/wp\/v2\/types\/post"}],"author":[{"embeddable":true,"href":"https:\/\/www.welovecycling.com\/hu\/wp-json\/wp\/v2\/users\/71"}],"replies":[{"embeddable":true,"href":"https:\/\/www.welovecycling.com\/hu\/wp-json\/wp\/v2\/comments?post=809"}],"version-history":[{"count":1,"href":"https:\/\/www.welovecycling.com\/hu\/wp-json\/wp\/v2\/posts\/809\/revisions"}],"predecessor-version":[{"id":815,"href":"https:\/\/www.welovecycling.com\/hu\/wp-json\/wp\/v2\/posts\/809\/revisions\/815"}],"wp:featuredmedia":[{"embeddable":true,"href":"https:\/\/www.welovecycling.com\/hu\/wp-json\/wp\/v2\/media\/816"}],"wp:attachment":[{"href":"https:\/\/www.welovecycling.com\/hu\/wp-json\/wp\/v2\/media?parent=809"}],"wp:term":[{"taxonomy":"category","embeddable":true,"href":"https:\/\/www.welovecycling.com\/hu\/wp-json\/wp\/v2\/categories?post=809"},{"taxonomy":"post_tag","embeddable":true,"href":"https:\/\/www.welovecycling.com\/hu\/wp-json\/wp\/v2\/tags?post=809"},{"taxonomy":"global-categories","embeddable":true,"href":"https:\/\/www.welovecycling.com\/hu\/wp-json\/wp\/v2\/global-categories?post=809"}],"curies":[{"name":"wp","href":"https:\/\/api.w.org\/{rel}","templated":true}]}}