{"id":8079,"date":"2020-07-16T08:00:57","date_gmt":"2020-07-16T07:00:57","guid":{"rendered":"https:\/\/www.welovecycling.com\/hu\/?p=8079"},"modified":"2020-07-13T12:10:24","modified_gmt":"2020-07-13T11:10:24","slug":"jiri-jezek-orokre-kerekparos-leszek","status":"publish","type":"post","link":"https:\/\/www.welovecycling.com\/hu\/blog\/jiri-jezek-orokre-kerekparos-leszek\/","title":{"rendered":"Ji\u0159\u00ed Je\u017eek: \u00d6r\u00f6kre ker\u00e9kp\u00e1ros leszek"},"content":{"rendered":"<p><strong>Egy igaz\u00e1n k\u00fcl\u00f6nleges vend\u00e9g besz\u00e9lgetett Laura Meseguerrel a nyolcadik #Ride2Unite \u00e9l\u0151 interj\u00fa-sorozatban: a vil\u00e1g legh\u00edresebb paraker\u00e9kp\u00e1rosa, a cseh Ji\u0159\u00ed Je\u017eek. Ji\u0159\u00ed sikerhez vezet\u0151 \u00fatj\u00e1t v\u00e1ratlan baleset szak\u00edtotta meg. \u00c9lete gy\u00f6keresen megv\u00e1ltozott, el\u0151sz\u00f6r rossz ir\u00e1nyba, v\u00e9g\u00fcl azonban minden j\u00f3ra fordult. Inspir\u00e1l\u00f3, motiv\u00e1l\u00f3 \u00e9s ny\u00edlt besz\u00e9lget\u00e9s tan\u00fai lehett\u00fcnk, ahogy a ker\u00e9kp\u00e1ros m\u00faltj\u00e1r\u00f3l \u00e9s jelen\u00e9r\u0151l mes\u00e9lt.<\/strong><!--more--><\/p>\n<p>Ji\u0159\u00ed karrierje teh\u00e1t nem indult felh\u0151tlen\u00fcl. Jobb l\u00e1b\u00e1t t\u00e9rdt\u0151l lefel\u00e9 elvesz\u00edtette 11 \u00e9vesen, amikor el\u00fct\u00f6tte egy teheraut\u00f3. Ma \u00fagy hivatkozik erre a balesetre, mint egy figyelmeztet\u00e9sre, mely seg\u00edtett, hogy megtal\u00e1lja az \u00e1lmait. 20 \u00e9ves kor\u00e1ra a kompetit\u00edv ker\u00e9kp\u00e1roz\u00e1s lett a hobbija, 5 \u00e9v m\u00falva pedig m\u00e1r a vil\u00e1g legjobb paraker\u00e9kp\u00e1rosa c\u00edm v\u00e1rom\u00e1nyosa lett. Ekkor j\u00f6ttek a nagyobb sikerek: vil\u00e1gbajnoks\u00e1gokr\u00f3l \u00e9s Paralimpi\u00e1kr\u00f3l t\u00e9rt haza arany\u00e9remmel a nyak\u00e1ban, 2000-ben Sydney-b\u0151l, 2004-ben Ath\u00e9nb\u00f3l, 2008-ban Beijingb\u0151l, 2012-ben pedig Londonb\u00f3l. \u00d6sszesen 11-szer lett paralimpiai bajnok. Az els\u0151 gy\u0151zelem az ismerts\u00e9get is elhozta, ezzel egy\u00fctt pedig a szponzorokat, t\u00e1mogat\u00f3kat is, \u00edgy felhagyott civil munk\u00e1j\u00e1val \u00e9s teljes munkaid\u0151s ker\u00e9kp\u00e1ros lett. Karrierje cs\u00facspontj\u00e1n olyanokkal is felvette a versenyt, akiknek nincs testi fogyat\u00e9koss\u00e1guk. \u00c9vente 27-30 ezer kilom\u00e9tert is letekert. Nem r\u00e9g a 21. sz\u00e1zad egyik legnagyobb sportol\u00f3jak\u00e9nt ismert\u00e9k el. 2017 okt\u00f3ber\u00e9ben vonult vissza, de az\u00f3ta is akt\u00edv ker\u00e9kp\u00e1ros, edz\u0151 \u00e9s nagyk\u00f6vet, mindemellett pedig a cseh nemzeti paralimpiai csapat kapit\u00e1nya.<\/p>\n<p>https:\/\/www.instagram.com\/p\/CCG2failwr-\/<\/p>\n<p>Ji\u0159\u00ed Je\u017eek a technikai probl\u00e9m\u00e1k ellen\u00e9re sz\u00e9les mosollyal l\u00e9pett be az online besz\u00e9lget\u00e9sbe. Egy k\u00f6lt\u00f6z\u00e9s k\u00f6zep\u00e9be cs\u00f6ppent\u00fcnk, a h\u00e1tt\u00e9rben Ji\u0159\u00ed csal\u00e1dja pakolt \u00e9s rendezkedett. Laura megeml\u00edtette, hogy tal\u00e1n nem a legjobbkor h\u00edvjuk, de \u0151 csak ennyit mondott: <em>\u201eIlyen az \u00e9let. K\u00f6sz a sz\u00fcnet\u00e9rt!\u201d<\/em><\/p>\n<p>Miut\u00e1n megbesz\u00e9lt\u00e9k, hogy milyen a j\u00e1rv\u00e1nyhelyzet Csehorsz\u00e1gban, Ji\u0159\u00ed elmondta, mennyire \u00f6r\u00fcl, hogy \u00fajra tekerhet a bar\u00e1taival, hiszen az ut\u00f3bbi p\u00e1r h\u00f3nap mindenki sz\u00e1m\u00e1ra kih\u00edv\u00e1s volt<em>. \u201eNemcsak a sportol\u00f3knak volt neh\u00e9z a bez\u00e1rts\u00e1g, hanem mindenkinek, f\u0151leg az id\u0151seknek. Seg\u00edtettem, ahol tudtam, bring\u00e1val j\u00e1rtam bev\u00e1s\u00e1rolni annak, akinek sz\u00fcks\u00e9ge volt r\u00e1.\u201d<\/em><\/p>\n<p>Miel\u0151tt r\u00e1t\u00e9rtek volna a parasportol\u00f3 karrierj\u00e9re, Laura arr\u00f3l k\u00e9rdezte, hogyan foglalja el mag\u00e1t ami\u00f3ta nyugd\u00edjba vonult. <em>\u201eAbbahagytam a versenyz\u00e9st, a profi sportol\u00e1st, de \u00f6r\u00f6kre ker\u00e9kp\u00e1ros maradok. Minden nap nyeregbe \u00fcl\u00f6k, seg\u00edtek a versenyek megszervez\u00e9s\u00e9ben, szeretek n\u00e9z\u0151k\u00e9nt is jelen lenni. Van, hogy a n\u00e9pszer\u0171s\u00edt\u00e9sben is r\u00e9szt veszek, igyekszem inspir\u00e1l\u00f3 lenni a fiatalok sz\u00e1m\u00e1ra.\u201d<\/em> Ji\u0159\u00ed csapatban szeret tekerni legink\u00e1bb, ma m\u00e1r els\u0151sorban a mozg\u00e1s \u00f6r\u00f6m\u00e9\u00e9rt, nem pedig a gy\u0151zelem\u00e9rt hajt. <em>\u201eA We Love Cycling nagyk\u00f6vetek\u00e9nt ennek a nagy ker\u00e9kp\u00e1ros csal\u00e1dnak a r\u00e9sze maradhattam, ami nagyon boldogg\u00e1 tesz. Igyekszem min\u00e9l t\u00f6bb embernek elmondani, mennyire fontos a bicikliz\u00e9s!\u201d<\/em><\/p>\n<figure id=\"attachment_8081\" aria-describedby=\"caption-attachment-8081\" style=\"width: 1250px\" class=\"wp-caption alignnone\"><img loading=\"lazy\" decoding=\"async\" class=\"size-full wp-image-8081\" src=\"https:\/\/d2p6e6u75xmxt8.cloudfront.net\/12\/2020\/07\/Jiri-Jezek-profimedia-0140874167.jpg\" alt=\"\" width=\"1250\" height=\"908\" \/><figcaption id=\"caption-attachment-8081\" class=\"wp-caption-text\"><em>2012 szeptember 5. Ji\u0159\u00ed angliai gy\u0151zelm\u00e9t \u00fcnnepli. \u00a9 Profimedia<\/em><\/figcaption><\/figure>\n<p>Ahogy minden interj\u00fan, most is sz\u00f3ba ker\u00fclt a versenyz\u0151 m\u00faltja. <em>\u201eKisgyerekk\u00e9nt profi focista akartam lenni. A legjobb pr\u00e1gai csapatban j\u00e1tszottam, de igazs\u00e1g szerint t\u00f6bb volt bennem a lelkesed\u00e9s, mint a tehets\u00e9g. 11 \u00e9vesen balszerencs\u00e9m volt, amikor \u00e1tkeltem az \u00faton, \u00e9s egy nagy kamion alatt v\u00e9geztem. Egy l\u00e1bbal kevesebb voltam, amikor fel\u00e9bredtem a k\u00f3rh\u00e1zban. Nem volt k\u00f6nny\u0171 id\u0151szak ez. Focista akartam lenni, de f\u00e9l l\u00e1bbal tudtam, hogy nem lehetek az.\u201d<\/em><\/p>\n<p>Ekkor kezdett el azon gondolkodni, hogy hogyan tov\u00e1bb: a lehet\u0151 leghamarabb vissza akart t\u00e9rni kedvelt hobbijaihoz. Amikor kider\u00fclt, hogy prot\u00e9zis\u00e9vel tud futni, \u00fajra elkezdett r\u00f6plabd\u00e1zni, kosarazni. Minden tev\u00e9kenys\u00e9g, amit felfedezett, n\u00f6velte \u00f6nbizalm\u00e1t. <em>\u201eA sport seg\u00edtett visszatal\u00e1lni az \u00e9letemhez.\u201d <\/em>Soha nem fordult meg a fej\u00e9ben, hogy feladja, ez a hozz\u00e1\u00e1ll\u00e1s pedig m\u00e1soknak is seg\u00edthet, hogy elfogadj\u00e1k \u00f6nmagukat \u00e9s megtal\u00e1lj\u00e1k hely\u00fcket a sport vil\u00e1g\u00e1ban is.<\/p>\n<p>\u00c9s hogy ki vezette be \u0151t a paraker\u00e9kp\u00e1roz\u00e1s vil\u00e1g\u00e1ba? Egy r\u00e9gi p\u00e1ciense, abb\u00f3l az id\u0151b\u0151l, amikor m\u00e9g prot\u00e9ziseket k\u00e9sz\u00edtett: az els\u0151 cseh paraker\u00e9kp\u00e1ros. Besz\u00e9lgetni kezdtek &#8211; a t\u00f6bbi pedig m\u00e1r t\u00f6rt\u00e9nelem.<\/p>\n","protected":false},"excerpt":{"rendered":"<p>Egy igaz\u00e1n k\u00fcl\u00f6nleges vend\u00e9g besz\u00e9lgetett Laura Meseguerrel a nyolcadik #Ride2Unite \u00e9l\u0151 interj\u00fa-sorozatban: a vil\u00e1g legh\u00edresebb paraker\u00e9kp\u00e1rosa, a cseh Ji\u0159\u00ed Je\u017eek. [&hellip;]<\/p>\n","protected":false},"author":71,"featured_media":8083,"comment_status":"open","ping_status":"open","sticky":false,"template":"","format":"standard","meta":{"footnotes":""},"categories":[13],"tags":[],"global-categories":[],"class_list":["post-8079","post","type-post","status-publish","format-standard","has-post-thumbnail","hentry","category-blog"],"yoast_head":"<!-- This site is optimized with the Yoast SEO Premium plugin v25.3 (Yoast SEO v25.9) - https:\/\/yoast.com\/wordpress\/plugins\/seo\/ -->\n<title>Ji\u0159\u00ed Je\u017eek: \u00d6r\u00f6kre ker\u00e9kp\u00e1ros leszek - \u0160koda We Love Cycling - Magyarorsz\u00e1g<\/title>\n<meta name=\"robots\" content=\"index, follow, max-snippet:-1, max-image-preview:large, max-video-preview:-1\" \/>\n<link rel=\"canonical\" href=\"https:\/\/www.welovecycling.com\/hu\/blog\/jiri-jezek-orokre-kerekparos-leszek\/\" \/>\n<meta property=\"og:locale\" content=\"hu_HU\" \/>\n<meta property=\"og:type\" content=\"article\" \/>\n<meta property=\"og:title\" content=\"Ji\u0159\u00ed Je\u017eek: \u00d6r\u00f6kre ker\u00e9kp\u00e1ros leszek\" \/>\n<meta property=\"og:description\" content=\"Egy igaz\u00e1n k\u00fcl\u00f6nleges vend\u00e9g besz\u00e9lgetett Laura Meseguerrel a nyolcadik #Ride2Unite \u00e9l\u0151 interj\u00fa-sorozatban: a vil\u00e1g legh\u00edresebb paraker\u00e9kp\u00e1rosa, a cseh Ji\u0159\u00ed Je\u017eek. [&hellip;]\" \/>\n<meta property=\"og:url\" content=\"https:\/\/www.welovecycling.com\/hu\/blog\/jiri-jezek-orokre-kerekparos-leszek\/\" \/>\n<meta property=\"og:site_name\" content=\"\u0160koda We Love Cycling - Magyarorsz\u00e1g\" \/>\n<meta property=\"article:publisher\" content=\"https:\/\/www.facebook.com\/WeLoveCyclingHungary\/\" \/>\n<meta property=\"article:published_time\" content=\"2020-07-16T07:00:57+00:00\" \/>\n<meta property=\"og:image\" content=\"https:\/\/d2p6e6u75xmxt8.cloudfront.net\/12\/2020\/07\/Jiri-Jezek-CVR-profimedia-0535643302.jpg\" \/>\n\t<meta property=\"og:image:width\" content=\"1366\" \/>\n\t<meta property=\"og:image:height\" content=\"600\" \/>\n\t<meta property=\"og:image:type\" content=\"image\/jpeg\" \/>\n<meta name=\"author\" content=\"hegyizs\" \/>\n<meta name=\"twitter:card\" content=\"summary_large_image\" \/>\n<meta name=\"twitter:label1\" content=\"Written by\" \/>\n\t<meta name=\"twitter:data1\" content=\"Frantiska Blazkova\" \/>\n\t<meta name=\"twitter:label2\" content=\"Est. reading time\" \/>\n\t<meta name=\"twitter:data2\" content=\"5\" \/>\n<script type=\"application\/ld+json\" class=\"yoast-schema-graph\">{\"@context\":\"https:\/\/schema.org\",\"@graph\":[{\"@type\":\"WebPage\",\"@id\":\"https:\/\/www.welovecycling.com\/hu\/blog\/jiri-jezek-orokre-kerekparos-leszek\/\",\"url\":\"https:\/\/www.welovecycling.com\/hu\/blog\/jiri-jezek-orokre-kerekparos-leszek\/\",\"name\":\"Ji\u0159\u00ed Je\u017eek: \u00d6r\u00f6kre ker\u00e9kp\u00e1ros leszek - \u0160koda We Love Cycling - Magyarorsz\u00e1g\",\"isPartOf\":{\"@id\":\"https:\/\/www.welovecycling.com\/hu\/#website\"},\"primaryImageOfPage\":{\"@id\":\"https:\/\/www.welovecycling.com\/hu\/blog\/jiri-jezek-orokre-kerekparos-leszek\/#primaryimage\"},\"image\":{\"@id\":\"https:\/\/www.welovecycling.com\/hu\/blog\/jiri-jezek-orokre-kerekparos-leszek\/#primaryimage\"},\"thumbnailUrl\":\"https:\/\/d2p6e6u75xmxt8.cloudfront.net\/12\/2020\/07\/Jiri-Jezek-CVR-profimedia-0535643302.jpg\",\"datePublished\":\"2020-07-16T07:00:57+00:00\",\"author\":{\"@id\":\"https:\/\/www.welovecycling.com\/hu\/#\/schema\/person\/414a2aebf1801691a5320edb6468e194\"},\"breadcrumb\":{\"@id\":\"https:\/\/www.welovecycling.com\/hu\/blog\/jiri-jezek-orokre-kerekparos-leszek\/#breadcrumb\"},\"inLanguage\":\"hu\",\"potentialAction\":[{\"@type\":\"ReadAction\",\"target\":[\"https:\/\/www.welovecycling.com\/hu\/blog\/jiri-jezek-orokre-kerekparos-leszek\/\"]}]},{\"@type\":\"ImageObject\",\"inLanguage\":\"hu\",\"@id\":\"https:\/\/www.welovecycling.com\/hu\/blog\/jiri-jezek-orokre-kerekparos-leszek\/#primaryimage\",\"url\":\"https:\/\/d2p6e6u75xmxt8.cloudfront.net\/12\/2020\/07\/Jiri-Jezek-CVR-profimedia-0535643302.jpg\",\"contentUrl\":\"https:\/\/d2p6e6u75xmxt8.cloudfront.net\/12\/2020\/07\/Jiri-Jezek-CVR-profimedia-0535643302.jpg\",\"width\":1366,\"height\":600},{\"@type\":\"BreadcrumbList\",\"@id\":\"https:\/\/www.welovecycling.com\/hu\/blog\/jiri-jezek-orokre-kerekparos-leszek\/#breadcrumb\",\"itemListElement\":[{\"@type\":\"ListItem\",\"position\":1,\"name\":\"Home\",\"item\":\"https:\/\/www.welovecycling.com\/hu\/\"},{\"@type\":\"ListItem\",\"position\":2,\"name\":\"Ji\u0159\u00ed Je\u017eek: \u00d6r\u00f6kre ker\u00e9kp\u00e1ros leszek\"}]},{\"@type\":\"WebSite\",\"@id\":\"https:\/\/www.welovecycling.com\/hu\/#website\",\"url\":\"https:\/\/www.welovecycling.com\/hu\/\",\"name\":\"\u0160koda We Love Cycling - Magyarorsz\u00e1g\",\"description\":\"\u0160koda WeLoveCycling\",\"potentialAction\":[{\"@type\":\"SearchAction\",\"target\":{\"@type\":\"EntryPoint\",\"urlTemplate\":\"https:\/\/www.welovecycling.com\/hu\/?s={search_term_string}\"},\"query-input\":{\"@type\":\"PropertyValueSpecification\",\"valueRequired\":true,\"valueName\":\"search_term_string\"}}],\"inLanguage\":\"hu\"},{\"@type\":\"Person\",\"@id\":\"https:\/\/www.welovecycling.com\/hu\/#\/schema\/person\/414a2aebf1801691a5320edb6468e194\",\"name\":\"hegyizs\",\"image\":{\"@type\":\"ImageObject\",\"inLanguage\":\"hu\",\"@id\":\"https:\/\/www.welovecycling.com\/hu\/#\/schema\/person\/image\/\",\"url\":\"https:\/\/secure.gravatar.com\/avatar\/02cf8a7906b8cf90cecb4679defac7cfd33a1c2e3b88e4903d947f3bb58eedd3?s=96&d=mm&r=g\",\"contentUrl\":\"https:\/\/secure.gravatar.com\/avatar\/02cf8a7906b8cf90cecb4679defac7cfd33a1c2e3b88e4903d947f3bb58eedd3?s=96&d=mm&r=g\",\"caption\":\"hegyizs\"},\"url\":\"https:\/\/www.welovecycling.com\/hu\/author\/hegyizs\/\"}]}<\/script>\n<!-- \/ Yoast SEO Premium plugin. -->","yoast_head_json":{"title":"Ji\u0159\u00ed Je\u017eek: \u00d6r\u00f6kre ker\u00e9kp\u00e1ros leszek - \u0160koda We Love Cycling - Magyarorsz\u00e1g","robots":{"index":"index","follow":"follow","max-snippet":"max-snippet:-1","max-image-preview":"max-image-preview:large","max-video-preview":"max-video-preview:-1"},"canonical":"https:\/\/www.welovecycling.com\/hu\/blog\/jiri-jezek-orokre-kerekparos-leszek\/","og_locale":"hu_HU","og_type":"article","og_title":"Ji\u0159\u00ed Je\u017eek: \u00d6r\u00f6kre ker\u00e9kp\u00e1ros leszek","og_description":"Egy igaz\u00e1n k\u00fcl\u00f6nleges vend\u00e9g besz\u00e9lgetett Laura Meseguerrel a nyolcadik #Ride2Unite \u00e9l\u0151 interj\u00fa-sorozatban: a vil\u00e1g legh\u00edresebb paraker\u00e9kp\u00e1rosa, a cseh Ji\u0159\u00ed Je\u017eek. [&hellip;]","og_url":"https:\/\/www.welovecycling.com\/hu\/blog\/jiri-jezek-orokre-kerekparos-leszek\/","og_site_name":"\u0160koda We Love Cycling - Magyarorsz\u00e1g","article_publisher":"https:\/\/www.facebook.com\/WeLoveCyclingHungary\/","article_published_time":"2020-07-16T07:00:57+00:00","og_image":[{"width":1366,"height":600,"url":"https:\/\/d2p6e6u75xmxt8.cloudfront.net\/12\/2020\/07\/Jiri-Jezek-CVR-profimedia-0535643302.jpg","type":"image\/jpeg"}],"author":"hegyizs","twitter_card":"summary_large_image","twitter_misc":{"Written by":"Frantiska Blazkova","Est. reading time":"5"},"schema":{"@context":"https:\/\/schema.org","@graph":[{"@type":"WebPage","@id":"https:\/\/www.welovecycling.com\/hu\/blog\/jiri-jezek-orokre-kerekparos-leszek\/","url":"https:\/\/www.welovecycling.com\/hu\/blog\/jiri-jezek-orokre-kerekparos-leszek\/","name":"Ji\u0159\u00ed Je\u017eek: \u00d6r\u00f6kre ker\u00e9kp\u00e1ros leszek - \u0160koda We Love Cycling - Magyarorsz\u00e1g","isPartOf":{"@id":"https:\/\/www.welovecycling.com\/hu\/#website"},"primaryImageOfPage":{"@id":"https:\/\/www.welovecycling.com\/hu\/blog\/jiri-jezek-orokre-kerekparos-leszek\/#primaryimage"},"image":{"@id":"https:\/\/www.welovecycling.com\/hu\/blog\/jiri-jezek-orokre-kerekparos-leszek\/#primaryimage"},"thumbnailUrl":"https:\/\/d2p6e6u75xmxt8.cloudfront.net\/12\/2020\/07\/Jiri-Jezek-CVR-profimedia-0535643302.jpg","datePublished":"2020-07-16T07:00:57+00:00","author":{"@id":"https:\/\/www.welovecycling.com\/hu\/#\/schema\/person\/414a2aebf1801691a5320edb6468e194"},"breadcrumb":{"@id":"https:\/\/www.welovecycling.com\/hu\/blog\/jiri-jezek-orokre-kerekparos-leszek\/#breadcrumb"},"inLanguage":"hu","potentialAction":[{"@type":"ReadAction","target":["https:\/\/www.welovecycling.com\/hu\/blog\/jiri-jezek-orokre-kerekparos-leszek\/"]}]},{"@type":"ImageObject","inLanguage":"hu","@id":"https:\/\/www.welovecycling.com\/hu\/blog\/jiri-jezek-orokre-kerekparos-leszek\/#primaryimage","url":"https:\/\/d2p6e6u75xmxt8.cloudfront.net\/12\/2020\/07\/Jiri-Jezek-CVR-profimedia-0535643302.jpg","contentUrl":"https:\/\/d2p6e6u75xmxt8.cloudfront.net\/12\/2020\/07\/Jiri-Jezek-CVR-profimedia-0535643302.jpg","width":1366,"height":600},{"@type":"BreadcrumbList","@id":"https:\/\/www.welovecycling.com\/hu\/blog\/jiri-jezek-orokre-kerekparos-leszek\/#breadcrumb","itemListElement":[{"@type":"ListItem","position":1,"name":"Home","item":"https:\/\/www.welovecycling.com\/hu\/"},{"@type":"ListItem","position":2,"name":"Ji\u0159\u00ed Je\u017eek: \u00d6r\u00f6kre ker\u00e9kp\u00e1ros leszek"}]},{"@type":"WebSite","@id":"https:\/\/www.welovecycling.com\/hu\/#website","url":"https:\/\/www.welovecycling.com\/hu\/","name":"\u0160koda We Love Cycling - Magyarorsz\u00e1g","description":"\u0160koda WeLoveCycling","potentialAction":[{"@type":"SearchAction","target":{"@type":"EntryPoint","urlTemplate":"https:\/\/www.welovecycling.com\/hu\/?s={search_term_string}"},"query-input":{"@type":"PropertyValueSpecification","valueRequired":true,"valueName":"search_term_string"}}],"inLanguage":"hu"},{"@type":"Person","@id":"https:\/\/www.welovecycling.com\/hu\/#\/schema\/person\/414a2aebf1801691a5320edb6468e194","name":"hegyizs","image":{"@type":"ImageObject","inLanguage":"hu","@id":"https:\/\/www.welovecycling.com\/hu\/#\/schema\/person\/image\/","url":"https:\/\/secure.gravatar.com\/avatar\/02cf8a7906b8cf90cecb4679defac7cfd33a1c2e3b88e4903d947f3bb58eedd3?s=96&d=mm&r=g","contentUrl":"https:\/\/secure.gravatar.com\/avatar\/02cf8a7906b8cf90cecb4679defac7cfd33a1c2e3b88e4903d947f3bb58eedd3?s=96&d=mm&r=g","caption":"hegyizs"},"url":"https:\/\/www.welovecycling.com\/hu\/author\/hegyizs\/"}]}},"_links":{"self":[{"href":"https:\/\/www.welovecycling.com\/hu\/wp-json\/wp\/v2\/posts\/8079","targetHints":{"allow":["GET"]}}],"collection":[{"href":"https:\/\/www.welovecycling.com\/hu\/wp-json\/wp\/v2\/posts"}],"about":[{"href":"https:\/\/www.welovecycling.com\/hu\/wp-json\/wp\/v2\/types\/post"}],"author":[{"embeddable":true,"href":"https:\/\/www.welovecycling.com\/hu\/wp-json\/wp\/v2\/users\/71"}],"replies":[{"embeddable":true,"href":"https:\/\/www.welovecycling.com\/hu\/wp-json\/wp\/v2\/comments?post=8079"}],"version-history":[{"count":2,"href":"https:\/\/www.welovecycling.com\/hu\/wp-json\/wp\/v2\/posts\/8079\/revisions"}],"predecessor-version":[{"id":8095,"href":"https:\/\/www.welovecycling.com\/hu\/wp-json\/wp\/v2\/posts\/8079\/revisions\/8095"}],"wp:featuredmedia":[{"embeddable":true,"href":"https:\/\/www.welovecycling.com\/hu\/wp-json\/wp\/v2\/media\/8083"}],"wp:attachment":[{"href":"https:\/\/www.welovecycling.com\/hu\/wp-json\/wp\/v2\/media?parent=8079"}],"wp:term":[{"taxonomy":"category","embeddable":true,"href":"https:\/\/www.welovecycling.com\/hu\/wp-json\/wp\/v2\/categories?post=8079"},{"taxonomy":"post_tag","embeddable":true,"href":"https:\/\/www.welovecycling.com\/hu\/wp-json\/wp\/v2\/tags?post=8079"},{"taxonomy":"global-categories","embeddable":true,"href":"https:\/\/www.welovecycling.com\/hu\/wp-json\/wp\/v2\/global-categories?post=8079"}],"curies":[{"name":"wp","href":"https:\/\/api.w.org\/{rel}","templated":true}]}}