{"id":8070,"date":"2020-07-14T08:00:20","date_gmt":"2020-07-14T07:00:20","guid":{"rendered":"https:\/\/www.welovecycling.com\/hu\/?p=8070"},"modified":"2020-07-13T12:08:50","modified_gmt":"2020-07-13T11:08:50","slug":"igy-vedekezz-a-kullancsok-ellen","status":"publish","type":"post","link":"https:\/\/www.welovecycling.com\/hu\/trekking-mtb\/igy-vedekezz-a-kullancsok-ellen\/","title":{"rendered":"\u00cdgy v\u00e9dekezz a kullancsok ellen"},"content":{"rendered":"<p><strong>Rengeteg bevett szok\u00e1s l\u00e9tezik a v\u00e9rsz\u00edv\u00f3k ellen, a montisok viszont aligha fogj\u00e1k betartani a<\/strong> <strong>nadr\u00e1gra felh\u00fazott zokni tr\u00fckkj\u00e9t. M\u00e9gis mit tehet\u00fcnk, ha hegyeken \u2013 \u00e9s kullancsokon &#8211; \u00e1t vezet az<\/strong> <strong>utunk?<\/strong><!--more--><\/p>\n<p>A kullancsok olyan parazit\u00e1k, akik els\u0151sorban madarakb\u00f3l, vad\u00e1llatokb\u00f3l, \u00e9s biciklisekb\u0151l t\u00e1pl\u00e1lkoznak, kort\u00f3l \u00e9s nemt\u0151l f\u00fcggetlen\u00fcl szedve \u00e1ldozataikat. Vil\u00e1gszerte igen n\u00e9pes sz\u00e1mban megtal\u00e1lhat\u00f3k, f\u0151leg a meleg \u00e9s p\u00e1r\u00e1s k\u00f6rnyezetet kedvelik, p\u00e9ld\u00e1ul az erd\u0151ket, ahol a bring\u00e1sok is sz\u00edvesen t\u00f6ltik ny\u00e1ri szabadidej\u00fcket.<\/p>\n<figure id=\"attachment_8071\" aria-describedby=\"caption-attachment-8071\" style=\"width: 1000px\" class=\"wp-caption alignnone\"><img loading=\"lazy\" decoding=\"async\" class=\"size-full wp-image-8071\" src=\"https:\/\/d2p6e6u75xmxt8.cloudfront.net\/12\/2020\/07\/profimedia-0435924501.jpg\" alt=\"\" width=\"1000\" height=\"667\" \/><figcaption id=\"caption-attachment-8071\" class=\"wp-caption-text\">\u00a9 Profimedia<\/figcaption><\/figure>\n<p>Hi\u00e1ba csak p\u00e1r millim\u00e9teresek, s\u00falyos betegs\u00e9geket terjesztenek, mint amilyen p\u00e9ld\u00e1ul a Lyme-k\u00f3r, \u00e9s az agyvel\u0151gyullad\u00e1s, \u00edgy rendk\u00edv\u00fcl vesz\u00e9lyesek. Mindk\u00e9t eml\u00edtett betegs\u00e9g hossz\u00fa id\u0151re led\u00f6nti az embert a l\u00e1b\u00e1r\u00f3l, \u00e9s olyan sz\u00f6v\u0151dm\u00e9nyeik lehetnek, melyek b\u00e9nul\u00e1st is okozhatnak. Nem is kell enn\u00e9l t\u00f6bb indok, hogy meggy\u0151zz\u00fck a bring\u00e1sokat: v\u00e9dekezni kell ellen\u00fck.<\/p>\n<p>Legink\u00e1bb a s\u0171r\u0171 aljn\u00f6v\u00e9nyzetet \u00e9s a magas f\u0171vel ben\u0151tt mez\u0151ket kedvelik, \u00e9pp ahogy mi, bring\u00e1sok is. \u00c9szrev\u00e9tlen\u00fcl lapulnak meg, arra v\u00e1rva, hogy megcsapja \u0151ket a zs\u00e1km\u00e1ny szaga, de a test\u00fcnk \u00e1ltal kibocs\u00e1tott h\u0151t \u00e9s a mozg\u00e1sunkat is \u00e9rz\u00e9kelik. Ha meg\u00e1llsz, esetleg le\u00fclsz a f\u0171be, azonnal megsz\u00f3lal a bels\u0151 riaszt\u00f3juk. Nyolc l\u00e1bukat nyakukba kapva rohannak az \u00e9letet jelent\u0151 v\u00e9rforr\u00e1s fel\u00e9. Ha siker\u00fcl el\u00e9rni\u00fck, a ruh\u00e1nkba vagy b\u0151r\u00fcnkbe kapaszkodva k\u00eds\u00e9rnek minket tov\u00e1bb utunkon. De m\u00e9g csak ekkor j\u00f6n a dolgok rossz r\u00e9sze.<\/p>\n<p>A m\u00e1sodpil\u00f3t\u00e1nak felcsapott kullancs elkezd puha b\u0151rfel\u00fclet ut\u00e1n kutatni \u2013 nem kell mondanunk, hogy hol tal\u00e1lja meg. Ha megfelel\u0151 helyre bukkan, les\u00e1torozik. Pontosabban belef\u00farja mag\u00e1t a b\u0151rbe az apr\u00f3 kis \u00e1llkapcs\u00e1val. Azt\u00e1n egy szigonyszer\u0171 szervvel bebiztos\u00edtja mag\u00e1t \u00e9s sz\u00edvni kezdi a v\u00e9r\u00fcnket.<\/p>\n<p>Hogyan lehetne mindezt megel\u0151zni?<\/p>\n<h2><strong>Olt\u00e1s<\/strong><\/h2>\n<p>A rossz h\u00edr, hogy a leghat\u00e9konyabb, ha t\u00e9len vagy kora tavasszal kezded meg az olt\u00e1ssorozatot, ugyanis h\u00e1rom injekci\u00f3 kell ahhoz, hogy teljesen immunis legy\u00e9l a kullancsok \u00e1ltal terjesztett betegs\u00e9gre. A j\u00f3 h\u00edr, hogy m\u00e1r az els\u0151 olt\u00e1s is hatni kezd 14 nappal a bead\u00e1sa ut\u00e1n. K\u00e9rdezd az orvosod a r\u00e9szletekr\u0151l!<\/p>\n<p><img loading=\"lazy\" decoding=\"async\" class=\"alignnone size-full wp-image-8072\" src=\"https:\/\/d2p6e6u75xmxt8.cloudfront.net\/12\/2020\/07\/gaspi1.jpg\" alt=\"\" width=\"900\" height=\"600\" \/><\/p>\n<h2><strong>Ruh\u00e1zat<\/strong><\/h2>\n<p>A vil\u00e1gos ruha aj\u00e1nlott, hiszen k\u00f6nnyebben \u00e9szreveszed a rajta m\u00e1sz\u00f3 rovarokat. A cs\u00fasz\u00f3sabb anyagok szint\u00e9n j\u00f3l j\u00f6hetnek, mert k\u00f6nnyen dug\u00e1ba d\u00f6nthetik a kis \u00e9l\u0151sk\u00f6d\u0151k ambici\u00f3zus terveit, ha lecs\u00fasznak r\u00f3la. Ha le\u00fclsz a f\u0171be, \u00fclj egy kab\u00e1tra, vagy b\u00e1rmire, ami megv\u00e9dhet.<\/p>\n<h2><strong>Rovarriaszt\u00f3 \u00e9s B-vitamin<\/strong><\/h2>\n<p>A rovarriaszt\u00f3knak k\u00e9t fajt\u00e1ja van: az egyik tartalmaz szintetikus anyagot (DEET), a m\u00e1sik pedig organikus. El\u0151bbi hat\u00e9konyabb, de nem szabad k\u00f6zvetlen\u00fcl a b\u0151rre f\u00fajni, mert irrit\u00e1ci\u00f3t okozhat. T\u00f6bb tanulm\u00e1ny is bebizony\u00edtotta, hogy azokat kev\u00e9sb\u00e9 t\u00e1madj\u00e1k a v\u00e9rsz\u00edv\u00f3k, akinek v\u00e9r\u00fckben sok a B-vitamin. Abban viszont nem \u00e9rtenek egyet a tud\u00f3sok, hogy a vitamin j\u00f3volt\u00e1b\u00f3l termelt hormonok a felel\u0151sek ez\u00e9rt, vagy egyszer\u0171en az izzads\u00e1gban megtal\u00e1lhat\u00f3 vitamin-maradv\u00e1nyok. Mindenesetre s\u00f6rt inni nem \u00e1rthat, hiszen tele van B-vitaminnal! (Persze csak m\u00e9rt\u00e9kkel!) Nagysz\u00fcleink pedig h\u00e1zilag k\u00e9sz\u00edtett riaszt\u00f3szerekkel v\u00e9dekeztek, melybe rozmaringot, levendul\u00e1t \u00e9s fokhagym\u00e1t kevertek.<\/p>\n<h2><strong>Cs\u00edpd \u0151ket nyakon!<\/strong><\/h2>\n<p>Minden kir\u00e1ndul\u00e1s ut\u00e1n alaposan vizsg\u00e1ld \u00e1t magad, f\u0151leg a l\u00e1gyabb r\u00e9szeken: a t\u00e9rdhajlatban, a h\u00f3naljban, a fejb\u0151rben, a h\u00e1ton \u00e9s az intim testr\u00e9szeken keresd a kullancsokat. Min\u00e9l tov\u00e1bb maradnak benned, ann\u00e1l nagyobb es\u00e9llyel okoznak Lyme-k\u00f3rt, sz\u00f3val ha tal\u00e1lsz egyet, azonnal t\u00e1vol\u00edtsd el!<\/p>\n","protected":false},"excerpt":{"rendered":"<p>Rengeteg bevett szok\u00e1s l\u00e9tezik a v\u00e9rsz\u00edv\u00f3k ellen, a montisok viszont aligha fogj\u00e1k betartani a nadr\u00e1gra felh\u00fazott zokni tr\u00fckkj\u00e9t. M\u00e9gis mit [&hellip;]<\/p>\n","protected":false},"author":71,"featured_media":8074,"comment_status":"open","ping_status":"open","sticky":false,"template":"","format":"standard","meta":{"footnotes":""},"categories":[7],"tags":[],"global-categories":[],"class_list":["post-8070","post","type-post","status-publish","format-standard","has-post-thumbnail","hentry","category-trekking-mtb"],"yoast_head":"<!-- This site is optimized with the Yoast SEO Premium plugin v25.3 (Yoast SEO v25.9) - https:\/\/yoast.com\/wordpress\/plugins\/seo\/ -->\n<title>\u00cdgy v\u00e9dekezz a kullancsok ellen - \u0160koda We Love Cycling - Magyarorsz\u00e1g<\/title>\n<meta name=\"robots\" content=\"index, follow, max-snippet:-1, max-image-preview:large, max-video-preview:-1\" \/>\n<link rel=\"canonical\" href=\"https:\/\/www.welovecycling.com\/hu\/trekking-mtb\/igy-vedekezz-a-kullancsok-ellen\/\" \/>\n<meta property=\"og:locale\" content=\"hu_HU\" \/>\n<meta property=\"og:type\" content=\"article\" \/>\n<meta property=\"og:title\" content=\"\u00cdgy v\u00e9dekezz a kullancsok ellen\" \/>\n<meta property=\"og:description\" content=\"Rengeteg bevett szok\u00e1s l\u00e9tezik a v\u00e9rsz\u00edv\u00f3k ellen, a montisok viszont aligha fogj\u00e1k betartani a nadr\u00e1gra felh\u00fazott zokni tr\u00fckkj\u00e9t. M\u00e9gis mit [&hellip;]\" \/>\n<meta property=\"og:url\" content=\"https:\/\/www.welovecycling.com\/hu\/trekking-mtb\/igy-vedekezz-a-kullancsok-ellen\/\" \/>\n<meta property=\"og:site_name\" content=\"\u0160koda We Love Cycling - Magyarorsz\u00e1g\" \/>\n<meta property=\"article:publisher\" content=\"https:\/\/www.facebook.com\/WeLoveCyclingHungary\/\" \/>\n<meta property=\"article:published_time\" content=\"2020-07-14T07:00:20+00:00\" \/>\n<meta property=\"og:image\" content=\"https:\/\/d2p6e6u75xmxt8.cloudfront.net\/12\/2020\/07\/MTB-Trails-CVR-profimedia-0495545084.jpg\" \/>\n\t<meta property=\"og:image:width\" content=\"1366\" \/>\n\t<meta property=\"og:image:height\" content=\"600\" \/>\n\t<meta property=\"og:image:type\" content=\"image\/jpeg\" \/>\n<meta name=\"author\" content=\"hegyizs\" \/>\n<meta name=\"twitter:card\" content=\"summary_large_image\" \/>\n<meta name=\"twitter:label1\" content=\"Written by\" \/>\n\t<meta name=\"twitter:data1\" content=\"Adam Marsal\" \/>\n\t<meta name=\"twitter:label2\" content=\"Est. reading time\" \/>\n\t<meta name=\"twitter:data2\" content=\"7\" \/>\n<script type=\"application\/ld+json\" class=\"yoast-schema-graph\">{\"@context\":\"https:\/\/schema.org\",\"@graph\":[{\"@type\":\"WebPage\",\"@id\":\"https:\/\/www.welovecycling.com\/hu\/trekking-mtb\/igy-vedekezz-a-kullancsok-ellen\/\",\"url\":\"https:\/\/www.welovecycling.com\/hu\/trekking-mtb\/igy-vedekezz-a-kullancsok-ellen\/\",\"name\":\"\u00cdgy v\u00e9dekezz a kullancsok ellen - \u0160koda We Love Cycling - Magyarorsz\u00e1g\",\"isPartOf\":{\"@id\":\"https:\/\/www.welovecycling.com\/hu\/#website\"},\"primaryImageOfPage\":{\"@id\":\"https:\/\/www.welovecycling.com\/hu\/trekking-mtb\/igy-vedekezz-a-kullancsok-ellen\/#primaryimage\"},\"image\":{\"@id\":\"https:\/\/www.welovecycling.com\/hu\/trekking-mtb\/igy-vedekezz-a-kullancsok-ellen\/#primaryimage\"},\"thumbnailUrl\":\"https:\/\/d2p6e6u75xmxt8.cloudfront.net\/12\/2020\/07\/MTB-Trails-CVR-profimedia-0495545084.jpg\",\"datePublished\":\"2020-07-14T07:00:20+00:00\",\"author\":{\"@id\":\"https:\/\/www.welovecycling.com\/hu\/#\/schema\/person\/414a2aebf1801691a5320edb6468e194\"},\"breadcrumb\":{\"@id\":\"https:\/\/www.welovecycling.com\/hu\/trekking-mtb\/igy-vedekezz-a-kullancsok-ellen\/#breadcrumb\"},\"inLanguage\":\"hu\",\"potentialAction\":[{\"@type\":\"ReadAction\",\"target\":[\"https:\/\/www.welovecycling.com\/hu\/trekking-mtb\/igy-vedekezz-a-kullancsok-ellen\/\"]}]},{\"@type\":\"ImageObject\",\"inLanguage\":\"hu\",\"@id\":\"https:\/\/www.welovecycling.com\/hu\/trekking-mtb\/igy-vedekezz-a-kullancsok-ellen\/#primaryimage\",\"url\":\"https:\/\/d2p6e6u75xmxt8.cloudfront.net\/12\/2020\/07\/MTB-Trails-CVR-profimedia-0495545084.jpg\",\"contentUrl\":\"https:\/\/d2p6e6u75xmxt8.cloudfront.net\/12\/2020\/07\/MTB-Trails-CVR-profimedia-0495545084.jpg\",\"width\":1366,\"height\":600},{\"@type\":\"BreadcrumbList\",\"@id\":\"https:\/\/www.welovecycling.com\/hu\/trekking-mtb\/igy-vedekezz-a-kullancsok-ellen\/#breadcrumb\",\"itemListElement\":[{\"@type\":\"ListItem\",\"position\":1,\"name\":\"Home\",\"item\":\"https:\/\/www.welovecycling.com\/hu\/\"},{\"@type\":\"ListItem\",\"position\":2,\"name\":\"\u00cdgy v\u00e9dekezz a kullancsok ellen\"}]},{\"@type\":\"WebSite\",\"@id\":\"https:\/\/www.welovecycling.com\/hu\/#website\",\"url\":\"https:\/\/www.welovecycling.com\/hu\/\",\"name\":\"\u0160koda We Love Cycling - Magyarorsz\u00e1g\",\"description\":\"\u0160koda WeLoveCycling\",\"potentialAction\":[{\"@type\":\"SearchAction\",\"target\":{\"@type\":\"EntryPoint\",\"urlTemplate\":\"https:\/\/www.welovecycling.com\/hu\/?s={search_term_string}\"},\"query-input\":{\"@type\":\"PropertyValueSpecification\",\"valueRequired\":true,\"valueName\":\"search_term_string\"}}],\"inLanguage\":\"hu\"},{\"@type\":\"Person\",\"@id\":\"https:\/\/www.welovecycling.com\/hu\/#\/schema\/person\/414a2aebf1801691a5320edb6468e194\",\"name\":\"hegyizs\",\"image\":{\"@type\":\"ImageObject\",\"inLanguage\":\"hu\",\"@id\":\"https:\/\/www.welovecycling.com\/hu\/#\/schema\/person\/image\/\",\"url\":\"https:\/\/secure.gravatar.com\/avatar\/02cf8a7906b8cf90cecb4679defac7cfd33a1c2e3b88e4903d947f3bb58eedd3?s=96&d=mm&r=g\",\"contentUrl\":\"https:\/\/secure.gravatar.com\/avatar\/02cf8a7906b8cf90cecb4679defac7cfd33a1c2e3b88e4903d947f3bb58eedd3?s=96&d=mm&r=g\",\"caption\":\"hegyizs\"},\"url\":\"https:\/\/www.welovecycling.com\/hu\/author\/hegyizs\/\"}]}<\/script>\n<!-- \/ Yoast SEO Premium plugin. -->","yoast_head_json":{"title":"\u00cdgy v\u00e9dekezz a kullancsok ellen - \u0160koda We Love Cycling - Magyarorsz\u00e1g","robots":{"index":"index","follow":"follow","max-snippet":"max-snippet:-1","max-image-preview":"max-image-preview:large","max-video-preview":"max-video-preview:-1"},"canonical":"https:\/\/www.welovecycling.com\/hu\/trekking-mtb\/igy-vedekezz-a-kullancsok-ellen\/","og_locale":"hu_HU","og_type":"article","og_title":"\u00cdgy v\u00e9dekezz a kullancsok ellen","og_description":"Rengeteg bevett szok\u00e1s l\u00e9tezik a v\u00e9rsz\u00edv\u00f3k ellen, a montisok viszont aligha fogj\u00e1k betartani a nadr\u00e1gra felh\u00fazott zokni tr\u00fckkj\u00e9t. M\u00e9gis mit [&hellip;]","og_url":"https:\/\/www.welovecycling.com\/hu\/trekking-mtb\/igy-vedekezz-a-kullancsok-ellen\/","og_site_name":"\u0160koda We Love Cycling - Magyarorsz\u00e1g","article_publisher":"https:\/\/www.facebook.com\/WeLoveCyclingHungary\/","article_published_time":"2020-07-14T07:00:20+00:00","og_image":[{"width":1366,"height":600,"url":"https:\/\/d2p6e6u75xmxt8.cloudfront.net\/12\/2020\/07\/MTB-Trails-CVR-profimedia-0495545084.jpg","type":"image\/jpeg"}],"author":"hegyizs","twitter_card":"summary_large_image","twitter_misc":{"Written by":"Adam Marsal","Est. reading time":"7"},"schema":{"@context":"https:\/\/schema.org","@graph":[{"@type":"WebPage","@id":"https:\/\/www.welovecycling.com\/hu\/trekking-mtb\/igy-vedekezz-a-kullancsok-ellen\/","url":"https:\/\/www.welovecycling.com\/hu\/trekking-mtb\/igy-vedekezz-a-kullancsok-ellen\/","name":"\u00cdgy v\u00e9dekezz a kullancsok ellen - \u0160koda We Love Cycling - Magyarorsz\u00e1g","isPartOf":{"@id":"https:\/\/www.welovecycling.com\/hu\/#website"},"primaryImageOfPage":{"@id":"https:\/\/www.welovecycling.com\/hu\/trekking-mtb\/igy-vedekezz-a-kullancsok-ellen\/#primaryimage"},"image":{"@id":"https:\/\/www.welovecycling.com\/hu\/trekking-mtb\/igy-vedekezz-a-kullancsok-ellen\/#primaryimage"},"thumbnailUrl":"https:\/\/d2p6e6u75xmxt8.cloudfront.net\/12\/2020\/07\/MTB-Trails-CVR-profimedia-0495545084.jpg","datePublished":"2020-07-14T07:00:20+00:00","author":{"@id":"https:\/\/www.welovecycling.com\/hu\/#\/schema\/person\/414a2aebf1801691a5320edb6468e194"},"breadcrumb":{"@id":"https:\/\/www.welovecycling.com\/hu\/trekking-mtb\/igy-vedekezz-a-kullancsok-ellen\/#breadcrumb"},"inLanguage":"hu","potentialAction":[{"@type":"ReadAction","target":["https:\/\/www.welovecycling.com\/hu\/trekking-mtb\/igy-vedekezz-a-kullancsok-ellen\/"]}]},{"@type":"ImageObject","inLanguage":"hu","@id":"https:\/\/www.welovecycling.com\/hu\/trekking-mtb\/igy-vedekezz-a-kullancsok-ellen\/#primaryimage","url":"https:\/\/d2p6e6u75xmxt8.cloudfront.net\/12\/2020\/07\/MTB-Trails-CVR-profimedia-0495545084.jpg","contentUrl":"https:\/\/d2p6e6u75xmxt8.cloudfront.net\/12\/2020\/07\/MTB-Trails-CVR-profimedia-0495545084.jpg","width":1366,"height":600},{"@type":"BreadcrumbList","@id":"https:\/\/www.welovecycling.com\/hu\/trekking-mtb\/igy-vedekezz-a-kullancsok-ellen\/#breadcrumb","itemListElement":[{"@type":"ListItem","position":1,"name":"Home","item":"https:\/\/www.welovecycling.com\/hu\/"},{"@type":"ListItem","position":2,"name":"\u00cdgy v\u00e9dekezz a kullancsok ellen"}]},{"@type":"WebSite","@id":"https:\/\/www.welovecycling.com\/hu\/#website","url":"https:\/\/www.welovecycling.com\/hu\/","name":"\u0160koda We Love Cycling - Magyarorsz\u00e1g","description":"\u0160koda WeLoveCycling","potentialAction":[{"@type":"SearchAction","target":{"@type":"EntryPoint","urlTemplate":"https:\/\/www.welovecycling.com\/hu\/?s={search_term_string}"},"query-input":{"@type":"PropertyValueSpecification","valueRequired":true,"valueName":"search_term_string"}}],"inLanguage":"hu"},{"@type":"Person","@id":"https:\/\/www.welovecycling.com\/hu\/#\/schema\/person\/414a2aebf1801691a5320edb6468e194","name":"hegyizs","image":{"@type":"ImageObject","inLanguage":"hu","@id":"https:\/\/www.welovecycling.com\/hu\/#\/schema\/person\/image\/","url":"https:\/\/secure.gravatar.com\/avatar\/02cf8a7906b8cf90cecb4679defac7cfd33a1c2e3b88e4903d947f3bb58eedd3?s=96&d=mm&r=g","contentUrl":"https:\/\/secure.gravatar.com\/avatar\/02cf8a7906b8cf90cecb4679defac7cfd33a1c2e3b88e4903d947f3bb58eedd3?s=96&d=mm&r=g","caption":"hegyizs"},"url":"https:\/\/www.welovecycling.com\/hu\/author\/hegyizs\/"}]}},"_links":{"self":[{"href":"https:\/\/www.welovecycling.com\/hu\/wp-json\/wp\/v2\/posts\/8070","targetHints":{"allow":["GET"]}}],"collection":[{"href":"https:\/\/www.welovecycling.com\/hu\/wp-json\/wp\/v2\/posts"}],"about":[{"href":"https:\/\/www.welovecycling.com\/hu\/wp-json\/wp\/v2\/types\/post"}],"author":[{"embeddable":true,"href":"https:\/\/www.welovecycling.com\/hu\/wp-json\/wp\/v2\/users\/71"}],"replies":[{"embeddable":true,"href":"https:\/\/www.welovecycling.com\/hu\/wp-json\/wp\/v2\/comments?post=8070"}],"version-history":[{"count":2,"href":"https:\/\/www.welovecycling.com\/hu\/wp-json\/wp\/v2\/posts\/8070\/revisions"}],"predecessor-version":[{"id":8093,"href":"https:\/\/www.welovecycling.com\/hu\/wp-json\/wp\/v2\/posts\/8070\/revisions\/8093"}],"wp:featuredmedia":[{"embeddable":true,"href":"https:\/\/www.welovecycling.com\/hu\/wp-json\/wp\/v2\/media\/8074"}],"wp:attachment":[{"href":"https:\/\/www.welovecycling.com\/hu\/wp-json\/wp\/v2\/media?parent=8070"}],"wp:term":[{"taxonomy":"category","embeddable":true,"href":"https:\/\/www.welovecycling.com\/hu\/wp-json\/wp\/v2\/categories?post=8070"},{"taxonomy":"post_tag","embeddable":true,"href":"https:\/\/www.welovecycling.com\/hu\/wp-json\/wp\/v2\/tags?post=8070"},{"taxonomy":"global-categories","embeddable":true,"href":"https:\/\/www.welovecycling.com\/hu\/wp-json\/wp\/v2\/global-categories?post=8070"}],"curies":[{"name":"wp","href":"https:\/\/api.w.org\/{rel}","templated":true}]}}