{"id":8064,"date":"2020-07-12T18:00:36","date_gmt":"2020-07-12T17:00:36","guid":{"rendered":"https:\/\/www.welovecycling.com\/hu\/?p=8064"},"modified":"2020-07-12T21:51:08","modified_gmt":"2020-07-12T20:51:08","slug":"ezeket-akarjuk-eltanulni-sagantol","status":"publish","type":"post","link":"https:\/\/www.welovecycling.com\/hu\/orszaguti-kerekpar\/ezeket-akarjuk-eltanulni-sagantol\/","title":{"rendered":"Ezeket akarjuk eltanulni Sagant\u00f3l"},"content":{"rendered":"<p><strong>Ha az utca ember\u00e9t k\u00e9rdezed arr\u00f3l, ki a valaha \u00e9lt legnagyobb bring\u00e1s, kevesen fogj\u00e1k Eddy Merckx, Miguel Indurain vagy Chris Froome nev\u00e9t eml\u00edteni. Ann\u00e1l t\u00f6bben Peter Sagant, aki a ker\u00e9kp\u00e1ros k\u00f6r\u00f6k\u00f6n k\u00edv\u00fcl is nagy rajong\u00f3t\u00e1borra tett szert. \u00cdme, n\u00e9h\u00e1ny dolog, amit tanulhatunk t\u0151le.<\/strong><!--more--><\/p>\n<h2><strong>Megtartja a szav\u00e1t<\/strong><\/h2>\n<p>Amikor a 2020-as Giro \u00fatvonal\u00e1t nyilv\u00e1noss\u00e1gra hozt\u00e1k, Sagan \u00edg\u00e9retet tett, hogy &#8211; karrierje sor\u00e1n el\u0151sz\u00f6r &#8211; indulni fog a versenyen. <em>\u201eOtt tal\u00e1lkozunk\u201d<\/em> \u2013 mondta akkoriban, amikor m\u00e9g \u00fagy volt, hogy \u00e1tszeli majd Olaszorsz\u00e1got a megm\u00e9rettet\u00e9s keret\u00e9ben, j\u00f3val azel\u0151tt, hogy elindulna a Tour-on. Azt\u00e1n j\u00f6tt a koronav\u00edrus \u00e9s a tervek darabjaira hullottak. Az UCI 2020-as napt\u00e1ra megsz\u0171nt l\u00e9tezni. Az \u00faj id\u0151pontok pedig nem kedveztek Sagannak: a Tour nem t\u00f6bb, mint 12 nappal indul k\u00e9s\u0151bb, mint ahogy a Giro v\u00e9get \u00e9r. R\u00e1ad\u00e1sul ut\u00f3bbi m\u00e1s versenyekkel is \u00fctk\u00f6zik. Sagan k\u00f6nnyen kimenthette volna mag\u00e1t a kellemetlenn\u00e9 v\u00e1lt feladat al\u00f3l, de nem tette. Ink\u00e1bb a Cycling Monuments-r\u0151l marad le \u2013 2009 \u00f3ta el\u0151sz\u00f6r \u2013 hogy megk\u00fczdj\u00f6n a Giro 42 szakasz\u00e1val, azt\u00e1n szinte r\u00f6gt\u00f6n a Tour-on l\u00e1thassuk. Szurkolunk neki, sz\u00e9p menet lesz!<\/p>\n<lite-youtube videoid=maZgWQlkdPs params=\"enablejsapi=1\" style=\"background-image: url('https:\/\/i.ytimg.com\/vi_webp\/maZgWQlkdPs\/maxresdefault.webp');\"><\/lite-youtube>\n<h2><strong>Sz\u00f3rakoztat\u00f3<\/strong><\/h2>\n<p>A Wall Street farkasak\u00e9nt egy interj\u00faban, vagy Forrest Gumpk\u00e9nt egy versenyen, m\u00e1r t\u00f6bbsz\u00f6r bebizony\u00edtotta, hogy mestere a filmes karakterek ut\u00e1nz\u00e1s\u00e1nak. Tal\u00e1lhatsz r\u00f3la vide\u00f3t, melyben \u00fagy edz, mint Rocky Balboa, de olyat is, melyben feles\u00e9g\u00e9vel a Grease h\u00edres zen\u00e9j\u00e9re t\u00e1ncol. <em>\u201eAz \u00e9letem olyan, mint egy film\u201d <\/em>\u2013 nyilatkozta egy vide\u00f3ban, melyet haz\u00e1j\u00e1ban, Szlov\u00e1ki\u00e1ban forgattak. Ez k\u00e9ts\u00e9gk\u00edv\u00fcl igaz is, \u00e9s sokat hozz\u00e1 tesz, hogy val\u00f3ban filmekb\u0151l vesz hozz\u00e1 jeleneteket.<\/p>\n<lite-youtube videoid=7LoQuoSydK8 params=\"enablejsapi=1\" style=\"background-image: url('https:\/\/i.ytimg.com\/vi_webp\/7LoQuoSydK8\/maxresdefault.webp');\"><\/lite-youtube>\n<h2><strong>Kiv\u00e9telesen tehets\u00e9ges<\/strong><\/h2>\n<p>Sok egy\u00e9b mellett, Sagan nagyon profin b\u00e1nik a ker\u00e9kp\u00e1rj\u00e1val. Mindegy, hogy pelotonr\u00f3l, orsz\u00e1g\u00fati versenyr\u0151l, egyker\u00e9ken gurul\u00e1sr\u00f3l, a lehet\u0151 legink\u00e1bb aerodinamikus poz\u00edci\u00f3 felv\u00e9tel\u00e9r\u0151l, vagy a forgalomban val\u00f3 szlalomoz\u00e1sr\u00f3l van sz\u00f3, minden percben olyan, mintha egy var\u00e1zsl\u00f3 lenne k\u00e9t ker\u00e9ken. \u00c9pp ez\u00e9rt k\u00e9pes ugyanolyan j\u00f3l teljes\u00edteni downhillesk\u00e9nt, mint orsz\u00e1g\u00fatisk\u00e9nt.<\/p>\n<div class=\"embed-controller-wrapper\">\n<blockquote class=\"twitter-tweet\" data-width=\"500\" data-dnt=\"true\">\n<p lang=\"en\" dir=\"ltr\">After a long and hard day in the saddle, training in the mountains of <a href=\"https:\/\/twitter.com\/oetztalcom?ref_src=twsrc%5Etfw\">@oetztalcom<\/a>, it&#39;s time to relax a bit&#8230;<a href=\"https:\/\/twitter.com\/BORAhansgrohe?ref_src=twsrc%5Etfw\">@BORAhansgrohe<\/a> @BORAGmbH <a href=\"https:\/\/twitter.com\/Hansgrohe_PR?ref_src=twsrc%5Etfw\">@Hansgrohe_PR<\/a> <a href=\"https:\/\/twitter.com\/iamspecialized?ref_src=twsrc%5Etfw\">@iamspecialized<\/a> <a href=\"https:\/\/twitter.com\/sportful?ref_src=twsrc%5Etfw\">@sportful<\/a> <a href=\"https:\/\/twitter.com\/ride100percent?ref_src=twsrc%5Etfw\">@ride100percent<\/a> <a href=\"https:\/\/t.co\/f2snQyGfvm\">pic.twitter.com\/f2snQyGfvm<\/a><\/p>\n<p>&mdash; Peter Sagan (@petosagan) <a href=\"https:\/\/twitter.com\/petosagan\/status\/1273666305418289157?ref_src=twsrc%5Etfw\">June 18, 2020<\/a><\/p><\/blockquote>\n<p><script async data-src=\"https:\/\/platform.twitter.com\/widgets.js\" charset=\"utf-8\"><\/script><\/div>\n<h2><strong>Csak laz\u00e1n!<\/strong><\/h2>\n<p>A mott\u00f3j\u00e1t Jokert\u0151l k\u00f6lcs\u00f6n\u00f6zte \u00e9s mag\u00e1ra is varratta: <em>\u201eWhy so serious?\u201d<\/em> Azt vallja, hogy az \u00e9let t\u00fal r\u00f6vid ahhoz, hogy komolyan vegy\u00fck. Hab\u00e1r a profi sportol\u00f3i karrier rengeteg f\u00e1jdalommal \u00e9s k\u00fczdelemmel j\u00e1r, \u0151 ezeket vagy nem \u00e9rzi, vagy remek\u00fcl siker\u00fcl elrejtenie. Ahelyett, hogy egy v\u00e9resen komoly versenysportk\u00e9nt prezent\u00e1ln\u00e1 a ker\u00e9kp\u00e1roz\u00e1st, ink\u00e1bb egy sz\u00f3rakoztat\u00f3 laz\u00edt\u00e1sk\u00e9nt jelen\u00edti meg, ebbe pedig az is beletartozik, hogy lezseren, maga mellett l\u00f3gatott kezekkel szeli \u00e1t a c\u00e9lvonalat, furcs\u00e1n viselkedik a kamer\u00e1k el\u0151tt, \u00e9s vicces rekl\u00e1mokban szerepel.<\/p>\n<lite-youtube videoid=K-eQ2nzURIQ params=\"enablejsapi=1\" style=\"background-image: url('https:\/\/i.ytimg.com\/vi_webp\/K-eQ2nzURIQ\/maxresdefault.webp');\"><\/lite-youtube>\n<p>Sok riv\u00e1lis\u00e1val ellent\u00e9tben, \u0151t sosem zavarja, ha egy rajong\u00f3 autogramot k\u00e9r, m\u00e9g akkor sem, ha ez a Tour egyik legmeredekebb szakasz\u00e1n t\u00f6rt\u00e9nik. Csal\u00f3dotts\u00e1g pedig nem l\u00e1tszik rajta, akkor sem, ha \u00e9ppen p\u00e1r m\u00e1sodperccel cs\u00faszik le az els\u0151 helyr\u0151l. M\u00e9g ha valami balul is s\u00fcl el, \u0151 akkor is pozit\u00edv marad: hiszen vannak fontosabb dolgok az \u00e9letben, mint a gy\u0151zelem. M\u00edg m\u00e1sok g\u00e9pk\u00e9nt hajtanak el\u0151re, az \u00fajabb \u00e9s \u00fajabb c\u00e9lkit\u0171z\u00e9seik fel\u00e9, \u0151 ember marad, ezzel pedig sokak sz\u00edv\u00e9t siker\u00fclt megnyernie.<\/p>\n","protected":false},"excerpt":{"rendered":"<p>Ha az utca ember\u00e9t k\u00e9rdezed arr\u00f3l, ki a valaha \u00e9lt legnagyobb bring\u00e1s, kevesen fogj\u00e1k Eddy Merckx, Miguel Indurain vagy Chris [&hellip;]<\/p>\n","protected":false},"author":71,"featured_media":8069,"comment_status":"open","ping_status":"open","sticky":false,"template":"","format":"standard","meta":{"footnotes":""},"categories":[8],"tags":[],"global-categories":[],"class_list":["post-8064","post","type-post","status-publish","format-standard","has-post-thumbnail","hentry","category-orszaguti-kerekpar"],"yoast_head":"<!-- This site is optimized with the Yoast SEO Premium plugin v25.3 (Yoast SEO v25.9) - https:\/\/yoast.com\/wordpress\/plugins\/seo\/ -->\n<title>Ezeket akarjuk eltanulni Sagant\u00f3l - \u0160koda We Love Cycling - Magyarorsz\u00e1g<\/title>\n<meta name=\"robots\" content=\"index, follow, max-snippet:-1, max-image-preview:large, max-video-preview:-1\" \/>\n<link rel=\"canonical\" href=\"https:\/\/www.welovecycling.com\/hu\/orszaguti-kerekpar\/ezeket-akarjuk-eltanulni-sagantol\/\" \/>\n<meta property=\"og:locale\" content=\"hu_HU\" \/>\n<meta property=\"og:type\" content=\"article\" \/>\n<meta property=\"og:title\" content=\"Ezeket akarjuk eltanulni Sagant\u00f3l\" \/>\n<meta property=\"og:description\" content=\"Ha az utca ember\u00e9t k\u00e9rdezed arr\u00f3l, ki a valaha \u00e9lt legnagyobb bring\u00e1s, kevesen fogj\u00e1k Eddy Merckx, Miguel Indurain vagy Chris [&hellip;]\" \/>\n<meta property=\"og:url\" content=\"https:\/\/www.welovecycling.com\/hu\/orszaguti-kerekpar\/ezeket-akarjuk-eltanulni-sagantol\/\" \/>\n<meta property=\"og:site_name\" content=\"\u0160koda We Love Cycling - Magyarorsz\u00e1g\" \/>\n<meta property=\"article:publisher\" content=\"https:\/\/www.facebook.com\/WeLoveCyclingHungary\/\" \/>\n<meta property=\"article:published_time\" content=\"2020-07-12T17:00:36+00:00\" \/>\n<meta property=\"article:modified_time\" content=\"2020-07-12T20:51:08+00:00\" \/>\n<meta property=\"og:image\" content=\"https:\/\/d2p6e6u75xmxt8.cloudfront.net\/12\/2020\/07\/Peter-Sagan-CVR-profimedia-0467892447.jpg\" \/>\n\t<meta property=\"og:image:width\" content=\"1366\" \/>\n\t<meta property=\"og:image:height\" content=\"600\" \/>\n\t<meta property=\"og:image:type\" content=\"image\/jpeg\" \/>\n<meta name=\"author\" content=\"hegyizs\" \/>\n<meta name=\"twitter:card\" content=\"summary_large_image\" \/>\n<meta name=\"twitter:label1\" content=\"Written by\" \/>\n\t<meta name=\"twitter:data1\" content=\"Adam Marsal\" \/>\n\t<meta name=\"twitter:label2\" content=\"Est. reading time\" \/>\n\t<meta name=\"twitter:data2\" content=\"5\" \/>\n<script type=\"application\/ld+json\" class=\"yoast-schema-graph\">{\"@context\":\"https:\/\/schema.org\",\"@graph\":[{\"@type\":\"WebPage\",\"@id\":\"https:\/\/www.welovecycling.com\/hu\/orszaguti-kerekpar\/ezeket-akarjuk-eltanulni-sagantol\/\",\"url\":\"https:\/\/www.welovecycling.com\/hu\/orszaguti-kerekpar\/ezeket-akarjuk-eltanulni-sagantol\/\",\"name\":\"Ezeket akarjuk eltanulni Sagant\u00f3l - \u0160koda We Love Cycling - Magyarorsz\u00e1g\",\"isPartOf\":{\"@id\":\"https:\/\/www.welovecycling.com\/hu\/#website\"},\"primaryImageOfPage\":{\"@id\":\"https:\/\/www.welovecycling.com\/hu\/orszaguti-kerekpar\/ezeket-akarjuk-eltanulni-sagantol\/#primaryimage\"},\"image\":{\"@id\":\"https:\/\/www.welovecycling.com\/hu\/orszaguti-kerekpar\/ezeket-akarjuk-eltanulni-sagantol\/#primaryimage\"},\"thumbnailUrl\":\"https:\/\/d2p6e6u75xmxt8.cloudfront.net\/12\/2020\/07\/Peter-Sagan-CVR-profimedia-0467892447.jpg\",\"datePublished\":\"2020-07-12T17:00:36+00:00\",\"dateModified\":\"2020-07-12T20:51:08+00:00\",\"author\":{\"@id\":\"https:\/\/www.welovecycling.com\/hu\/#\/schema\/person\/414a2aebf1801691a5320edb6468e194\"},\"breadcrumb\":{\"@id\":\"https:\/\/www.welovecycling.com\/hu\/orszaguti-kerekpar\/ezeket-akarjuk-eltanulni-sagantol\/#breadcrumb\"},\"inLanguage\":\"hu\",\"potentialAction\":[{\"@type\":\"ReadAction\",\"target\":[\"https:\/\/www.welovecycling.com\/hu\/orszaguti-kerekpar\/ezeket-akarjuk-eltanulni-sagantol\/\"]}]},{\"@type\":\"ImageObject\",\"inLanguage\":\"hu\",\"@id\":\"https:\/\/www.welovecycling.com\/hu\/orszaguti-kerekpar\/ezeket-akarjuk-eltanulni-sagantol\/#primaryimage\",\"url\":\"https:\/\/d2p6e6u75xmxt8.cloudfront.net\/12\/2020\/07\/Peter-Sagan-CVR-profimedia-0467892447.jpg\",\"contentUrl\":\"https:\/\/d2p6e6u75xmxt8.cloudfront.net\/12\/2020\/07\/Peter-Sagan-CVR-profimedia-0467892447.jpg\",\"width\":1366,\"height\":600},{\"@type\":\"BreadcrumbList\",\"@id\":\"https:\/\/www.welovecycling.com\/hu\/orszaguti-kerekpar\/ezeket-akarjuk-eltanulni-sagantol\/#breadcrumb\",\"itemListElement\":[{\"@type\":\"ListItem\",\"position\":1,\"name\":\"Home\",\"item\":\"https:\/\/www.welovecycling.com\/hu\/\"},{\"@type\":\"ListItem\",\"position\":2,\"name\":\"Ezeket akarjuk eltanulni Sagant\u00f3l\"}]},{\"@type\":\"WebSite\",\"@id\":\"https:\/\/www.welovecycling.com\/hu\/#website\",\"url\":\"https:\/\/www.welovecycling.com\/hu\/\",\"name\":\"\u0160koda We Love Cycling - Magyarorsz\u00e1g\",\"description\":\"\u0160koda WeLoveCycling\",\"potentialAction\":[{\"@type\":\"SearchAction\",\"target\":{\"@type\":\"EntryPoint\",\"urlTemplate\":\"https:\/\/www.welovecycling.com\/hu\/?s={search_term_string}\"},\"query-input\":{\"@type\":\"PropertyValueSpecification\",\"valueRequired\":true,\"valueName\":\"search_term_string\"}}],\"inLanguage\":\"hu\"},{\"@type\":\"Person\",\"@id\":\"https:\/\/www.welovecycling.com\/hu\/#\/schema\/person\/414a2aebf1801691a5320edb6468e194\",\"name\":\"hegyizs\",\"image\":{\"@type\":\"ImageObject\",\"inLanguage\":\"hu\",\"@id\":\"https:\/\/www.welovecycling.com\/hu\/#\/schema\/person\/image\/\",\"url\":\"https:\/\/secure.gravatar.com\/avatar\/02cf8a7906b8cf90cecb4679defac7cfd33a1c2e3b88e4903d947f3bb58eedd3?s=96&d=mm&r=g\",\"contentUrl\":\"https:\/\/secure.gravatar.com\/avatar\/02cf8a7906b8cf90cecb4679defac7cfd33a1c2e3b88e4903d947f3bb58eedd3?s=96&d=mm&r=g\",\"caption\":\"hegyizs\"},\"url\":\"https:\/\/www.welovecycling.com\/hu\/author\/hegyizs\/\"}]}<\/script>\n<!-- \/ Yoast SEO Premium plugin. -->","yoast_head_json":{"title":"Ezeket akarjuk eltanulni Sagant\u00f3l - \u0160koda We Love Cycling - Magyarorsz\u00e1g","robots":{"index":"index","follow":"follow","max-snippet":"max-snippet:-1","max-image-preview":"max-image-preview:large","max-video-preview":"max-video-preview:-1"},"canonical":"https:\/\/www.welovecycling.com\/hu\/orszaguti-kerekpar\/ezeket-akarjuk-eltanulni-sagantol\/","og_locale":"hu_HU","og_type":"article","og_title":"Ezeket akarjuk eltanulni Sagant\u00f3l","og_description":"Ha az utca ember\u00e9t k\u00e9rdezed arr\u00f3l, ki a valaha \u00e9lt legnagyobb bring\u00e1s, kevesen fogj\u00e1k Eddy Merckx, Miguel Indurain vagy Chris [&hellip;]","og_url":"https:\/\/www.welovecycling.com\/hu\/orszaguti-kerekpar\/ezeket-akarjuk-eltanulni-sagantol\/","og_site_name":"\u0160koda We Love Cycling - Magyarorsz\u00e1g","article_publisher":"https:\/\/www.facebook.com\/WeLoveCyclingHungary\/","article_published_time":"2020-07-12T17:00:36+00:00","article_modified_time":"2020-07-12T20:51:08+00:00","og_image":[{"width":1366,"height":600,"url":"https:\/\/d2p6e6u75xmxt8.cloudfront.net\/12\/2020\/07\/Peter-Sagan-CVR-profimedia-0467892447.jpg","type":"image\/jpeg"}],"author":"hegyizs","twitter_card":"summary_large_image","twitter_misc":{"Written by":"Adam Marsal","Est. reading time":"5"},"schema":{"@context":"https:\/\/schema.org","@graph":[{"@type":"WebPage","@id":"https:\/\/www.welovecycling.com\/hu\/orszaguti-kerekpar\/ezeket-akarjuk-eltanulni-sagantol\/","url":"https:\/\/www.welovecycling.com\/hu\/orszaguti-kerekpar\/ezeket-akarjuk-eltanulni-sagantol\/","name":"Ezeket akarjuk eltanulni Sagant\u00f3l - \u0160koda We Love Cycling - Magyarorsz\u00e1g","isPartOf":{"@id":"https:\/\/www.welovecycling.com\/hu\/#website"},"primaryImageOfPage":{"@id":"https:\/\/www.welovecycling.com\/hu\/orszaguti-kerekpar\/ezeket-akarjuk-eltanulni-sagantol\/#primaryimage"},"image":{"@id":"https:\/\/www.welovecycling.com\/hu\/orszaguti-kerekpar\/ezeket-akarjuk-eltanulni-sagantol\/#primaryimage"},"thumbnailUrl":"https:\/\/d2p6e6u75xmxt8.cloudfront.net\/12\/2020\/07\/Peter-Sagan-CVR-profimedia-0467892447.jpg","datePublished":"2020-07-12T17:00:36+00:00","dateModified":"2020-07-12T20:51:08+00:00","author":{"@id":"https:\/\/www.welovecycling.com\/hu\/#\/schema\/person\/414a2aebf1801691a5320edb6468e194"},"breadcrumb":{"@id":"https:\/\/www.welovecycling.com\/hu\/orszaguti-kerekpar\/ezeket-akarjuk-eltanulni-sagantol\/#breadcrumb"},"inLanguage":"hu","potentialAction":[{"@type":"ReadAction","target":["https:\/\/www.welovecycling.com\/hu\/orszaguti-kerekpar\/ezeket-akarjuk-eltanulni-sagantol\/"]}]},{"@type":"ImageObject","inLanguage":"hu","@id":"https:\/\/www.welovecycling.com\/hu\/orszaguti-kerekpar\/ezeket-akarjuk-eltanulni-sagantol\/#primaryimage","url":"https:\/\/d2p6e6u75xmxt8.cloudfront.net\/12\/2020\/07\/Peter-Sagan-CVR-profimedia-0467892447.jpg","contentUrl":"https:\/\/d2p6e6u75xmxt8.cloudfront.net\/12\/2020\/07\/Peter-Sagan-CVR-profimedia-0467892447.jpg","width":1366,"height":600},{"@type":"BreadcrumbList","@id":"https:\/\/www.welovecycling.com\/hu\/orszaguti-kerekpar\/ezeket-akarjuk-eltanulni-sagantol\/#breadcrumb","itemListElement":[{"@type":"ListItem","position":1,"name":"Home","item":"https:\/\/www.welovecycling.com\/hu\/"},{"@type":"ListItem","position":2,"name":"Ezeket akarjuk eltanulni Sagant\u00f3l"}]},{"@type":"WebSite","@id":"https:\/\/www.welovecycling.com\/hu\/#website","url":"https:\/\/www.welovecycling.com\/hu\/","name":"\u0160koda We Love Cycling - Magyarorsz\u00e1g","description":"\u0160koda WeLoveCycling","potentialAction":[{"@type":"SearchAction","target":{"@type":"EntryPoint","urlTemplate":"https:\/\/www.welovecycling.com\/hu\/?s={search_term_string}"},"query-input":{"@type":"PropertyValueSpecification","valueRequired":true,"valueName":"search_term_string"}}],"inLanguage":"hu"},{"@type":"Person","@id":"https:\/\/www.welovecycling.com\/hu\/#\/schema\/person\/414a2aebf1801691a5320edb6468e194","name":"hegyizs","image":{"@type":"ImageObject","inLanguage":"hu","@id":"https:\/\/www.welovecycling.com\/hu\/#\/schema\/person\/image\/","url":"https:\/\/secure.gravatar.com\/avatar\/02cf8a7906b8cf90cecb4679defac7cfd33a1c2e3b88e4903d947f3bb58eedd3?s=96&d=mm&r=g","contentUrl":"https:\/\/secure.gravatar.com\/avatar\/02cf8a7906b8cf90cecb4679defac7cfd33a1c2e3b88e4903d947f3bb58eedd3?s=96&d=mm&r=g","caption":"hegyizs"},"url":"https:\/\/www.welovecycling.com\/hu\/author\/hegyizs\/"}]}},"_links":{"self":[{"href":"https:\/\/www.welovecycling.com\/hu\/wp-json\/wp\/v2\/posts\/8064","targetHints":{"allow":["GET"]}}],"collection":[{"href":"https:\/\/www.welovecycling.com\/hu\/wp-json\/wp\/v2\/posts"}],"about":[{"href":"https:\/\/www.welovecycling.com\/hu\/wp-json\/wp\/v2\/types\/post"}],"author":[{"embeddable":true,"href":"https:\/\/www.welovecycling.com\/hu\/wp-json\/wp\/v2\/users\/71"}],"replies":[{"embeddable":true,"href":"https:\/\/www.welovecycling.com\/hu\/wp-json\/wp\/v2\/comments?post=8064"}],"version-history":[{"count":2,"href":"https:\/\/www.welovecycling.com\/hu\/wp-json\/wp\/v2\/posts\/8064\/revisions"}],"predecessor-version":[{"id":8090,"href":"https:\/\/www.welovecycling.com\/hu\/wp-json\/wp\/v2\/posts\/8064\/revisions\/8090"}],"wp:featuredmedia":[{"embeddable":true,"href":"https:\/\/www.welovecycling.com\/hu\/wp-json\/wp\/v2\/media\/8069"}],"wp:attachment":[{"href":"https:\/\/www.welovecycling.com\/hu\/wp-json\/wp\/v2\/media?parent=8064"}],"wp:term":[{"taxonomy":"category","embeddable":true,"href":"https:\/\/www.welovecycling.com\/hu\/wp-json\/wp\/v2\/categories?post=8064"},{"taxonomy":"post_tag","embeddable":true,"href":"https:\/\/www.welovecycling.com\/hu\/wp-json\/wp\/v2\/tags?post=8064"},{"taxonomy":"global-categories","embeddable":true,"href":"https:\/\/www.welovecycling.com\/hu\/wp-json\/wp\/v2\/global-categories?post=8064"}],"curies":[{"name":"wp","href":"https:\/\/api.w.org\/{rel}","templated":true}]}}