{"id":8041,"date":"2020-07-17T08:00:37","date_gmt":"2020-07-17T07:00:37","guid":{"rendered":"https:\/\/www.welovecycling.com\/hu\/?p=8041"},"modified":"2020-07-13T12:11:27","modified_gmt":"2020-07-13T11:11:27","slug":"8-bringas-elfoglaltsag-gyerekeknek","status":"publish","type":"post","link":"https:\/\/www.welovecycling.com\/hu\/csalad\/8-bringas-elfoglaltsag-gyerekeknek\/","title":{"rendered":"8 bring\u00e1s elfoglalts\u00e1g gyerekeknek"},"content":{"rendered":"<p><strong style=\"font-size: 16px;\">A gyerekek unatkoznak. Sokszor. F\u00e1raszt\u00f3 folyton lek\u00f6tni \u0151ket a ny\u00e1ri sz\u00fcnid\u0151 alatt. Kiv\u00e9ve, ha mindenkinek van bring\u00e1ja \u00e9s kreat\u00edv anyuk\u00e1ja, apuk\u00e1ja, aki ilyen szuper j\u00e1t\u00e9kokat tal\u00e1l ki nekik!<\/strong><br \/>\n<!--more--><\/p>\n<p><img loading=\"lazy\" decoding=\"async\" class=\"aligncenter size-full wp-image-8051\" src=\"https:\/\/d2p6e6u75xmxt8.cloudfront.net\/12\/2020\/07\/Bike-Rodeo-Feature-Collage.jpg\" alt=\"\" width=\"1200\" height=\"656\" \/><\/p>\n<h2><strong>1. Aut\u00f3mos\u00f3 biciklikre szabva<\/strong><\/h2>\n<figure id=\"attachment_8052\" aria-describedby=\"caption-attachment-8052\" style=\"width: 1200px\" class=\"wp-caption aligncenter\"><img loading=\"lazy\" decoding=\"async\" class=\"size-full wp-image-8052\" src=\"https:\/\/d2p6e6u75xmxt8.cloudfront.net\/12\/2020\/07\/Bike-Wash.jpg\" alt=\"\" width=\"1200\" height=\"823\" \/><figcaption id=\"caption-attachment-8052\" class=\"wp-caption-text\">Fot\u00f3: Design Mom<\/figcaption><\/figure>\n<p>A forr\u00f3 ny\u00e1ri napokon j\u00f3lesik a h\u0171s\u00edt\u00f3 zuhany, a biciklik \u00e9s a v\u00edz pedig szuper komb\u00f3! Egy aut\u00f3mos\u00f3 mint\u00e1j\u00e1ra fel\u00e9p\u00edteni egy bringamos\u00f3t nem olyan neh\u00e9z, csak n\u00e9h\u00e1ny PVC cs\u0151 kell hozz\u00e1 \u00e9s n\u00e9mi szivacs. \u00c9s biztosan elnyeri nektek a legjobb sz\u00fcl\u0151-d\u00edjat! Inspir\u00e1l\u00f3djatok a Design Mom oldal\u00e1n!<\/p>\n<h2><strong>2. Pokemon Go!<\/strong><\/h2>\n<p><img loading=\"lazy\" decoding=\"async\" class=\"aligncenter size-full wp-image-8053\" src=\"https:\/\/d2p6e6u75xmxt8.cloudfront.net\/12\/2020\/07\/Pokemon-Go-Group-2.jpg\" alt=\"\" width=\"1200\" height=\"800\" \/><\/p>\n<p>Legy\u00fcnk \u0151szint\u00e9k, hi\u00e1ba a csod\u00e1s id\u0151, a gyerekek a nap nagy r\u00e9sz\u00e9t sz\u00edvesen t\u00f6ltik vide\u00f3j\u00e1t\u00e9kokkal. Mi\u00e9rt is ne haszn\u00e1lhatn\u00e1nk ezt ki arra, hogy kivigy\u00fck \u0151ket a term\u00e9szetbe? Meg is van a t\u00f6k\u00e9letes kombin\u00e1ci\u00f3: j\u00e1tszattok a Pokemon Go-val! Bring\u00e1val gyorsan el\u00e9rhetitek a helyeket, ahol k\u00fcl\u00f6nb\u00f6z\u0151 Pokemonok v\u00e1rnak r\u00e1tok. Biztosan nem akartok majd hazamenni!<\/p>\n<h2><strong>3. Limbo!<\/strong><\/h2>\n<p><img loading=\"lazy\" decoding=\"async\" class=\"aligncenter size-full wp-image-8054\" src=\"https:\/\/d2p6e6u75xmxt8.cloudfront.net\/12\/2020\/07\/noodles.jpg\" alt=\"\" width=\"1200\" height=\"600\" \/><\/p>\n<p>Az \u00fasz\u00f3rudakkal nem csak \u00faszni lehet: t\u00f6k\u00e9letesek a bring\u00e1s limb\u00f3z\u00e1shoz is! A j\u00e1t\u00e9k mellett m\u00e9g az egyens\u00falyoz\u00e1s k\u00e9pess\u00e9g\u00e9vel is megaj\u00e1nd\u00e9kozza a kicsiket. S\u0151t, az itt szerzett gyakorlat j\u00f3l j\u00f6het, amikor alacsony \u00e1gak el\u0151l kell elhajolni.<\/p>\n<h2><strong>4. R\u00e1mpa<\/strong><\/h2>\n<p><img loading=\"lazy\" decoding=\"async\" class=\"aligncenter size-full wp-image-8055\" src=\"https:\/\/d2p6e6u75xmxt8.cloudfront.net\/12\/2020\/07\/bike-ramp-collage.jpg\" alt=\"\" width=\"1200\" height=\"800\" \/><\/p>\n<p>Kev\u00e9s cs\u00e1b\u00edt\u00f3bb dolog van a gyerekek sz\u00e1m\u00e1ra, mint egy kis adrenalin \u2013 m\u00e9g ha t\u00e9nyleg csak egy eg\u00e9szen picir\u0151l van is sz\u00f3. Egy saj\u00e1t r\u00e1mpa a h\u00e1ts\u00f3 kertben remek vonzer\u0151 lehet.<\/p>\n<h2><strong>5. Rodeo<\/strong><\/h2>\n<p><img loading=\"lazy\" decoding=\"async\" class=\"aligncenter size-full wp-image-8056\" src=\"https:\/\/d2p6e6u75xmxt8.cloudfront.net\/12\/2020\/07\/Bike-Rodeo-Stay-in-the-Line-2.jpg\" alt=\"\" width=\"1200\" height=\"1200\" \/><\/p>\n<p>A gyerekek im\u00e1dnak versenyezni, egy kis eg\u00e9szs\u00e9ges vet\u00e9lked\u00e9s pedig nem \u00e1rthat. Viszl\u00e1t unalom, hello rodeo! \u00c1ll\u00edts fel n\u00e9h\u00e1ny akad\u00e1lyt, h\u00edvj\u00e1tok meg a bar\u00e1tokat, \u00e9s indulhat a verseny! Neked pedig nincs m\u00e1s dolgod, mint n\u00e9zni, hogyan mulatnak a gyerekek.<\/p>\n<h2><strong>6. Szlalom<\/strong><\/h2>\n<p><img loading=\"lazy\" decoding=\"async\" class=\"aligncenter size-full wp-image-8057\" src=\"https:\/\/d2p6e6u75xmxt8.cloudfront.net\/12\/2020\/07\/cones-2.jpg\" alt=\"\" width=\"1200\" height=\"650\" \/><\/p>\n<p>Ak\u00e1r a versenyp\u00e1lya r\u00e9sze is lehet a korm\u00e1nyz\u00e1s gyakorl\u00e1sa, \u00e9s nem kell hozz\u00e1 m\u00e1s, csak n\u00e9h\u00e1ny terel\u0151k\u00fap.<\/p>\n<h2><strong>7. Aszfaltkr\u00e9ta<\/strong><\/h2>\n<p><img loading=\"lazy\" decoding=\"async\" class=\"aligncenter size-full wp-image-8058\" src=\"https:\/\/d2p6e6u75xmxt8.cloudfront.net\/12\/2020\/07\/sidewalk-chalk.jpg\" alt=\"\" width=\"1200\" height=\"600\" \/><\/p>\n<p>Egyszer\u0171, de nagyszer\u0171: v\u00e9gtelen lehet\u0151s\u00e9g ny\u00edlik meg ugyanazon az \u00fatszakaszon, ha a gyerekek kez\u00e9be nyomunk egy doboz aszfaltkr\u00e9t\u00e1t. Rajzolj\u00e1k meg a saj\u00e1t p\u00e1ly\u00e1jukat! Ak\u00e1r h\u00e1zakat, t\u0171zolt\u00f3s\u00e1got, b\u00fcf\u00e9t is alkothatnak az \u00fat sz\u00e9l\u00e9re.<\/p>\n<h2><strong>8. V\u00edzibomba pukkaszt\u00e1s<\/strong><\/h2>\n<p><img loading=\"lazy\" decoding=\"async\" class=\"aligncenter size-full wp-image-8059\" src=\"https:\/\/d2p6e6u75xmxt8.cloudfront.net\/12\/2020\/07\/water-balloons.jpg\" alt=\"\" width=\"1200\" height=\"400\" \/><\/p>\n<p>Az egyenes vonalon teker\u00e9s \u00e9s a pontos ir\u00e1ny\u00edt\u00e1s fontos r\u00e9sze a biztons\u00e1gos ker\u00e9kp\u00e1roz\u00e1snak. Ennek elsaj\u00e1t\u00edt\u00e1s\u00e1ban seg\u00edt a k\u00f6vetkez\u0151 j\u00e1t\u00e9k: t\u00f6ltsetek meg lufikat v\u00edzzel, sz\u00f3rj\u00e1tok sz\u00e9t a ter\u00fcleten \u00e9s versenyezzetek, ki tudja a legt\u00f6bbet sz\u00e9tpukkasztani azzal, hogy \u00e1tgurul rajtuk!<\/p>\n<p>J\u00f3 sz\u00f3rakoz\u00e1st!<\/p>\n<p><em>Forr\u00e1s: <\/em><a href=\"https:\/\/www.twowheelingtots.com\/15-biking-activities-for-summer\/?fbclid=IwAR3_yFRCg4S0awjR_6PUiygyPIsuPVMW1bg0km6qjnXrsRmamWSlplSP1oc\"><em>twowheelingtots.com<\/em><\/a><\/p>\n","protected":false},"excerpt":{"rendered":"<p>A gyerekek unatkoznak. Sokszor. F\u00e1raszt\u00f3 folyton lek\u00f6tni \u0151ket a ny\u00e1ri sz\u00fcnid\u0151 alatt. Kiv\u00e9ve, ha mindenkinek van bring\u00e1ja \u00e9s kreat\u00edv anyuk\u00e1ja, [&hellip;]<\/p>\n","protected":false},"author":71,"featured_media":8062,"comment_status":"open","ping_status":"open","sticky":false,"template":"","format":"standard","meta":{"footnotes":""},"categories":[11],"tags":[],"global-categories":[],"class_list":["post-8041","post","type-post","status-publish","format-standard","has-post-thumbnail","hentry","category-csalad"],"yoast_head":"<!-- This site is optimized with the Yoast SEO Premium plugin v25.3 (Yoast SEO v25.9) - https:\/\/yoast.com\/wordpress\/plugins\/seo\/ -->\n<title>8 bring\u00e1s elfoglalts\u00e1g gyerekeknek - \u0160koda We Love Cycling - Magyarorsz\u00e1g<\/title>\n<meta name=\"robots\" content=\"index, follow, max-snippet:-1, max-image-preview:large, max-video-preview:-1\" \/>\n<link rel=\"canonical\" href=\"https:\/\/www.welovecycling.com\/hu\/csalad\/8-bringas-elfoglaltsag-gyerekeknek\/\" \/>\n<meta property=\"og:locale\" content=\"hu_HU\" \/>\n<meta property=\"og:type\" content=\"article\" \/>\n<meta property=\"og:title\" content=\"8 bring\u00e1s elfoglalts\u00e1g gyerekeknek\" \/>\n<meta property=\"og:description\" content=\"A gyerekek unatkoznak. Sokszor. F\u00e1raszt\u00f3 folyton lek\u00f6tni \u0151ket a ny\u00e1ri sz\u00fcnid\u0151 alatt. Kiv\u00e9ve, ha mindenkinek van bring\u00e1ja \u00e9s kreat\u00edv anyuk\u00e1ja, [&hellip;]\" \/>\n<meta property=\"og:url\" content=\"https:\/\/www.welovecycling.com\/hu\/csalad\/8-bringas-elfoglaltsag-gyerekeknek\/\" \/>\n<meta property=\"og:site_name\" content=\"\u0160koda We Love Cycling - Magyarorsz\u00e1g\" \/>\n<meta property=\"article:publisher\" content=\"https:\/\/www.facebook.com\/WeLoveCyclingHungary\/\" \/>\n<meta property=\"article:published_time\" content=\"2020-07-17T07:00:37+00:00\" \/>\n<meta property=\"og:image\" content=\"https:\/\/d2p6e6u75xmxt8.cloudfront.net\/12\/2020\/07\/pexel366.jpg\" \/>\n\t<meta property=\"og:image:width\" content=\"1920\" \/>\n\t<meta property=\"og:image:height\" content=\"1280\" \/>\n\t<meta property=\"og:image:type\" content=\"image\/jpeg\" \/>\n<meta name=\"author\" content=\"hegyizs\" \/>\n<meta name=\"twitter:card\" content=\"summary_large_image\" \/>\n<meta name=\"twitter:label1\" content=\"Written by\" \/>\n\t<meta name=\"twitter:data1\" content=\"WLC\" \/>\n\t<meta name=\"twitter:label2\" content=\"Est. reading time\" \/>\n\t<meta name=\"twitter:data2\" content=\"3 minutes\" \/>\n<script type=\"application\/ld+json\" class=\"yoast-schema-graph\">{\"@context\":\"https:\/\/schema.org\",\"@graph\":[{\"@type\":\"WebPage\",\"@id\":\"https:\/\/www.welovecycling.com\/hu\/csalad\/8-bringas-elfoglaltsag-gyerekeknek\/\",\"url\":\"https:\/\/www.welovecycling.com\/hu\/csalad\/8-bringas-elfoglaltsag-gyerekeknek\/\",\"name\":\"8 bring\u00e1s elfoglalts\u00e1g gyerekeknek - \u0160koda We Love Cycling - Magyarorsz\u00e1g\",\"isPartOf\":{\"@id\":\"https:\/\/www.welovecycling.com\/hu\/#website\"},\"primaryImageOfPage\":{\"@id\":\"https:\/\/www.welovecycling.com\/hu\/csalad\/8-bringas-elfoglaltsag-gyerekeknek\/#primaryimage\"},\"image\":{\"@id\":\"https:\/\/www.welovecycling.com\/hu\/csalad\/8-bringas-elfoglaltsag-gyerekeknek\/#primaryimage\"},\"thumbnailUrl\":\"https:\/\/d2p6e6u75xmxt8.cloudfront.net\/12\/2020\/07\/pexel366.jpg\",\"datePublished\":\"2020-07-17T07:00:37+00:00\",\"author\":{\"@id\":\"https:\/\/www.welovecycling.com\/hu\/#\/schema\/person\/414a2aebf1801691a5320edb6468e194\"},\"breadcrumb\":{\"@id\":\"https:\/\/www.welovecycling.com\/hu\/csalad\/8-bringas-elfoglaltsag-gyerekeknek\/#breadcrumb\"},\"inLanguage\":\"hu\",\"potentialAction\":[{\"@type\":\"ReadAction\",\"target\":[\"https:\/\/www.welovecycling.com\/hu\/csalad\/8-bringas-elfoglaltsag-gyerekeknek\/\"]}]},{\"@type\":\"ImageObject\",\"inLanguage\":\"hu\",\"@id\":\"https:\/\/www.welovecycling.com\/hu\/csalad\/8-bringas-elfoglaltsag-gyerekeknek\/#primaryimage\",\"url\":\"https:\/\/d2p6e6u75xmxt8.cloudfront.net\/12\/2020\/07\/pexel366.jpg\",\"contentUrl\":\"https:\/\/d2p6e6u75xmxt8.cloudfront.net\/12\/2020\/07\/pexel366.jpg\",\"width\":1920,\"height\":1280},{\"@type\":\"BreadcrumbList\",\"@id\":\"https:\/\/www.welovecycling.com\/hu\/csalad\/8-bringas-elfoglaltsag-gyerekeknek\/#breadcrumb\",\"itemListElement\":[{\"@type\":\"ListItem\",\"position\":1,\"name\":\"Home\",\"item\":\"https:\/\/www.welovecycling.com\/hu\/\"},{\"@type\":\"ListItem\",\"position\":2,\"name\":\"8 bring\u00e1s elfoglalts\u00e1g gyerekeknek\"}]},{\"@type\":\"WebSite\",\"@id\":\"https:\/\/www.welovecycling.com\/hu\/#website\",\"url\":\"https:\/\/www.welovecycling.com\/hu\/\",\"name\":\"\u0160koda We Love Cycling - Magyarorsz\u00e1g\",\"description\":\"\u0160koda WeLoveCycling\",\"potentialAction\":[{\"@type\":\"SearchAction\",\"target\":{\"@type\":\"EntryPoint\",\"urlTemplate\":\"https:\/\/www.welovecycling.com\/hu\/?s={search_term_string}\"},\"query-input\":{\"@type\":\"PropertyValueSpecification\",\"valueRequired\":true,\"valueName\":\"search_term_string\"}}],\"inLanguage\":\"hu\"},{\"@type\":\"Person\",\"@id\":\"https:\/\/www.welovecycling.com\/hu\/#\/schema\/person\/414a2aebf1801691a5320edb6468e194\",\"name\":\"hegyizs\",\"image\":{\"@type\":\"ImageObject\",\"inLanguage\":\"hu\",\"@id\":\"https:\/\/www.welovecycling.com\/hu\/#\/schema\/person\/image\/\",\"url\":\"https:\/\/secure.gravatar.com\/avatar\/02cf8a7906b8cf90cecb4679defac7cfd33a1c2e3b88e4903d947f3bb58eedd3?s=96&d=mm&r=g\",\"contentUrl\":\"https:\/\/secure.gravatar.com\/avatar\/02cf8a7906b8cf90cecb4679defac7cfd33a1c2e3b88e4903d947f3bb58eedd3?s=96&d=mm&r=g\",\"caption\":\"hegyizs\"},\"url\":\"https:\/\/www.welovecycling.com\/hu\/author\/hegyizs\/\"}]}<\/script>\n<!-- \/ Yoast SEO Premium plugin. -->","yoast_head_json":{"title":"8 bring\u00e1s elfoglalts\u00e1g gyerekeknek - \u0160koda We Love Cycling - Magyarorsz\u00e1g","robots":{"index":"index","follow":"follow","max-snippet":"max-snippet:-1","max-image-preview":"max-image-preview:large","max-video-preview":"max-video-preview:-1"},"canonical":"https:\/\/www.welovecycling.com\/hu\/csalad\/8-bringas-elfoglaltsag-gyerekeknek\/","og_locale":"hu_HU","og_type":"article","og_title":"8 bring\u00e1s elfoglalts\u00e1g gyerekeknek","og_description":"A gyerekek unatkoznak. Sokszor. F\u00e1raszt\u00f3 folyton lek\u00f6tni \u0151ket a ny\u00e1ri sz\u00fcnid\u0151 alatt. Kiv\u00e9ve, ha mindenkinek van bring\u00e1ja \u00e9s kreat\u00edv anyuk\u00e1ja, [&hellip;]","og_url":"https:\/\/www.welovecycling.com\/hu\/csalad\/8-bringas-elfoglaltsag-gyerekeknek\/","og_site_name":"\u0160koda We Love Cycling - Magyarorsz\u00e1g","article_publisher":"https:\/\/www.facebook.com\/WeLoveCyclingHungary\/","article_published_time":"2020-07-17T07:00:37+00:00","og_image":[{"width":1920,"height":1280,"url":"https:\/\/d2p6e6u75xmxt8.cloudfront.net\/12\/2020\/07\/pexel366.jpg","type":"image\/jpeg"}],"author":"hegyizs","twitter_card":"summary_large_image","twitter_misc":{"Written by":"WLC","Est. reading time":"3 minutes"},"schema":{"@context":"https:\/\/schema.org","@graph":[{"@type":"WebPage","@id":"https:\/\/www.welovecycling.com\/hu\/csalad\/8-bringas-elfoglaltsag-gyerekeknek\/","url":"https:\/\/www.welovecycling.com\/hu\/csalad\/8-bringas-elfoglaltsag-gyerekeknek\/","name":"8 bring\u00e1s elfoglalts\u00e1g gyerekeknek - \u0160koda We Love Cycling - Magyarorsz\u00e1g","isPartOf":{"@id":"https:\/\/www.welovecycling.com\/hu\/#website"},"primaryImageOfPage":{"@id":"https:\/\/www.welovecycling.com\/hu\/csalad\/8-bringas-elfoglaltsag-gyerekeknek\/#primaryimage"},"image":{"@id":"https:\/\/www.welovecycling.com\/hu\/csalad\/8-bringas-elfoglaltsag-gyerekeknek\/#primaryimage"},"thumbnailUrl":"https:\/\/d2p6e6u75xmxt8.cloudfront.net\/12\/2020\/07\/pexel366.jpg","datePublished":"2020-07-17T07:00:37+00:00","author":{"@id":"https:\/\/www.welovecycling.com\/hu\/#\/schema\/person\/414a2aebf1801691a5320edb6468e194"},"breadcrumb":{"@id":"https:\/\/www.welovecycling.com\/hu\/csalad\/8-bringas-elfoglaltsag-gyerekeknek\/#breadcrumb"},"inLanguage":"hu","potentialAction":[{"@type":"ReadAction","target":["https:\/\/www.welovecycling.com\/hu\/csalad\/8-bringas-elfoglaltsag-gyerekeknek\/"]}]},{"@type":"ImageObject","inLanguage":"hu","@id":"https:\/\/www.welovecycling.com\/hu\/csalad\/8-bringas-elfoglaltsag-gyerekeknek\/#primaryimage","url":"https:\/\/d2p6e6u75xmxt8.cloudfront.net\/12\/2020\/07\/pexel366.jpg","contentUrl":"https:\/\/d2p6e6u75xmxt8.cloudfront.net\/12\/2020\/07\/pexel366.jpg","width":1920,"height":1280},{"@type":"BreadcrumbList","@id":"https:\/\/www.welovecycling.com\/hu\/csalad\/8-bringas-elfoglaltsag-gyerekeknek\/#breadcrumb","itemListElement":[{"@type":"ListItem","position":1,"name":"Home","item":"https:\/\/www.welovecycling.com\/hu\/"},{"@type":"ListItem","position":2,"name":"8 bring\u00e1s elfoglalts\u00e1g gyerekeknek"}]},{"@type":"WebSite","@id":"https:\/\/www.welovecycling.com\/hu\/#website","url":"https:\/\/www.welovecycling.com\/hu\/","name":"\u0160koda We Love Cycling - Magyarorsz\u00e1g","description":"\u0160koda WeLoveCycling","potentialAction":[{"@type":"SearchAction","target":{"@type":"EntryPoint","urlTemplate":"https:\/\/www.welovecycling.com\/hu\/?s={search_term_string}"},"query-input":{"@type":"PropertyValueSpecification","valueRequired":true,"valueName":"search_term_string"}}],"inLanguage":"hu"},{"@type":"Person","@id":"https:\/\/www.welovecycling.com\/hu\/#\/schema\/person\/414a2aebf1801691a5320edb6468e194","name":"hegyizs","image":{"@type":"ImageObject","inLanguage":"hu","@id":"https:\/\/www.welovecycling.com\/hu\/#\/schema\/person\/image\/","url":"https:\/\/secure.gravatar.com\/avatar\/02cf8a7906b8cf90cecb4679defac7cfd33a1c2e3b88e4903d947f3bb58eedd3?s=96&d=mm&r=g","contentUrl":"https:\/\/secure.gravatar.com\/avatar\/02cf8a7906b8cf90cecb4679defac7cfd33a1c2e3b88e4903d947f3bb58eedd3?s=96&d=mm&r=g","caption":"hegyizs"},"url":"https:\/\/www.welovecycling.com\/hu\/author\/hegyizs\/"}]}},"_links":{"self":[{"href":"https:\/\/www.welovecycling.com\/hu\/wp-json\/wp\/v2\/posts\/8041","targetHints":{"allow":["GET"]}}],"collection":[{"href":"https:\/\/www.welovecycling.com\/hu\/wp-json\/wp\/v2\/posts"}],"about":[{"href":"https:\/\/www.welovecycling.com\/hu\/wp-json\/wp\/v2\/types\/post"}],"author":[{"embeddable":true,"href":"https:\/\/www.welovecycling.com\/hu\/wp-json\/wp\/v2\/users\/71"}],"replies":[{"embeddable":true,"href":"https:\/\/www.welovecycling.com\/hu\/wp-json\/wp\/v2\/comments?post=8041"}],"version-history":[{"count":1,"href":"https:\/\/www.welovecycling.com\/hu\/wp-json\/wp\/v2\/posts\/8041\/revisions"}],"predecessor-version":[{"id":8063,"href":"https:\/\/www.welovecycling.com\/hu\/wp-json\/wp\/v2\/posts\/8041\/revisions\/8063"}],"wp:featuredmedia":[{"embeddable":true,"href":"https:\/\/www.welovecycling.com\/hu\/wp-json\/wp\/v2\/media\/8062"}],"wp:attachment":[{"href":"https:\/\/www.welovecycling.com\/hu\/wp-json\/wp\/v2\/media?parent=8041"}],"wp:term":[{"taxonomy":"category","embeddable":true,"href":"https:\/\/www.welovecycling.com\/hu\/wp-json\/wp\/v2\/categories?post=8041"},{"taxonomy":"post_tag","embeddable":true,"href":"https:\/\/www.welovecycling.com\/hu\/wp-json\/wp\/v2\/tags?post=8041"},{"taxonomy":"global-categories","embeddable":true,"href":"https:\/\/www.welovecycling.com\/hu\/wp-json\/wp\/v2\/global-categories?post=8041"}],"curies":[{"name":"wp","href":"https:\/\/api.w.org\/{rel}","templated":true}]}}