{"id":8033,"date":"2020-07-18T08:00:24","date_gmt":"2020-07-18T07:00:24","guid":{"rendered":"https:\/\/www.welovecycling.com\/hu\/?p=8033"},"modified":"2020-07-13T12:12:27","modified_gmt":"2020-07-13T11:12:27","slug":"e-kerekparral-a-vilag-korul","status":"publish","type":"post","link":"https:\/\/www.welovecycling.com\/hu\/blog\/e-kerekparral-a-vilag-korul\/","title":{"rendered":"E-ker\u00e9kp\u00e1rral a vil\u00e1g k\u00f6r\u00fcl"},"content":{"rendered":"<p><strong>\u201eA mai vil\u00e1g nagyon k\u00fcl\u00f6nb\u00f6zik att\u00f3l, mint amilyen gyerekkoromban volt. Most egy gombnyom\u00e1ssal b\u00e1rmit el\u00e9rhet\u00fcnk, amire v\u00e1gyunk. Elk\u00e9pzelhetj\u00fck magunkat a vil\u00e1g\u0171rben, a tenger alatt, vagy egy gy\u00f6ny\u00f6r\u0171, p\u00e1r\u00e1s es\u0151erd\u0151 k\u00f6zep\u00e9n. De l\u00e1tni \u00e9s ott lenni k\u00e9t nagyon k\u00fcl\u00f6nb\u00f6z\u0151 dolog.\u201d &#8211; Hrvoje Juri\u0107 e-bring\u00e1j\u00e1n \u00fatnak eredt, hogy vil\u00e1grekordot d\u00f6nts\u00f6n.<\/strong><!--more--><\/p>\n<p>Amikor elindultam az els\u0151 nagy ker\u00e9kp\u00e1ros kir\u00e1ndul\u00e1somra &#8211; egy 1200 km hossz\u00fa t\u00far\u00e1ra a horv\u00e1t tengerparthoz &#8211; csak 200 eur\u00f3 volt a zsebemben \u00e9s egy p\u00e1r All Star kos\u00e1rlabdacip\u0151 egy bar\u00e1tom k\u00f6lcs\u00f6n-h\u00e1tizs\u00e1kj\u00e1ban (amir\u0151l nagyon gyorsan kider\u00fclt, hogy nem v\u00edz\u00e1ll\u00f3)! \u00d6t nappal k\u00e9s\u0151bb el\u00e9rtem a partot. Annak ellen\u00e9re, hogy nem volt tapasztalatom, p\u00e9nzem, sem \u00e9telem, b\u00e1tor voltam \u00e9s elsz\u00e1nt, \u00edgy a ker\u00e9kp\u00e1roz\u00e1s ir\u00e1nti szenved\u00e9lyem elvezetett az \u00faton.<\/p>\n<p><img loading=\"lazy\" decoding=\"async\" class=\"aligncenter size-full wp-image-8035\" src=\"https:\/\/d2p6e6u75xmxt8.cloudfront.net\/12\/2020\/07\/preview2.jpg\" alt=\"\" width=\"1140\" height=\"760\" \/><\/p>\n<p>A k\u00f6vetkez\u0151 \u00e9vben m\u00e9g nagyobb exped\u00edci\u00f3ra indultam &#8211; egy 6000 km-es k\u00f6r\u00fatra Eur\u00f3p\u00e1n \u00e1t. Csak ezut\u00e1n, a k\u00f6lcs\u00f6nz\u00f6tt ker\u00e9kp\u00e1rral megtett t\u00fara ut\u00e1n kezdtem az \u00edr\u00e1s ir\u00e1nti szeretetemet \u00f6sszek\u00f6tni a bicikliz\u00e9s ir\u00e1ntival. Kiadtam egy k\u00f6nyvet a kalandjaimr\u00f3l, a Marijan&#8217;s Path c\u00edmmel, mely 3000 p\u00e9ld\u00e1nyban kelt el.<\/p>\n<p>Legbel\u00fcl mindig tudtam, hogy l\u00e1tni akarom a vil\u00e1got, hogy kalandor vagyok. \u00c9letem nagy r\u00e9sz\u00e9t k\u00fcl\u00f6nb\u00f6z\u0151 t\u00e1jak megh\u00f3d\u00edt\u00e1s\u00e1val t\u00f6lt\u00f6ttem szeretett b\u0171nt\u00e1rsammal, a biciklimmel. \u00c9s most k\u00e9szen \u00e1llok arra, hogy \u00e1tl\u00e9pjem a hat\u00e1raim \u00e9s fel\u00e1ll\u00edtsak egy Guinness-vil\u00e1grekordot: hogy \u00e9n legyek az ember, aki a vil\u00e1gon leggyorsabban ker\u00fclte meg a F\u00f6ldet, vagyis tett meg 29.000 km-et, egy e-bike nyerg\u00e9ben. \u00c1ttekerek majd az oroszorsz\u00e1gi Szib\u00e9ri\u00e1n, a forr\u00f3 Nullarbor sivatagon Ausztr\u00e1li\u00e1ban, \u00e9s az eg\u00e9sz transz-kanadai aut\u00f3p\u00e1ly\u00e1n az alaszkai Anchorage-t\u00f3l a kanadai keleti parton fekv\u0151 Halifaxig &#8211; ez a r\u00e9sz \u00f6nmag\u00e1ban 8500 kilom\u00e9ter hossz\u00fa. N\u00e9ha azon gondolkodom, vajon nem \u0151r\u00fcltem-e meg. De azt\u00e1n visszatekintek az \u00e9letemre, \u00e9s tudom, hogy soha nem b\u00e1ntam meg a megtett utakat.<\/p>\n<p><img loading=\"lazy\" decoding=\"async\" class=\"aligncenter size-full wp-image-8036\" src=\"https:\/\/d2p6e6u75xmxt8.cloudfront.net\/12\/2020\/07\/preview3.jpg\" alt=\"\" width=\"1140\" height=\"664\" \/><\/p>\n<p>Amikor fiatalabb koromban a horv\u00e1torsz\u00e1gi egyetemen tanultam, r\u00e1j\u00f6ttem, hogy nem akarok diplom\u00e1t szerezni \u00e9s egy bankban dolgozni \u00e9letem v\u00e9g\u00e9ig; egyszer\u0171en nyugd\u00edjba vonulni, mint mindenki m\u00e1s, akik soha nem \u00e9ltek igaz\u00e1n. A sz\u00fcleim rem\u00e9lt\u00e9k, hogy &#8220;megfelel\u0151&#8221; munk\u00e1t tal\u00e1lok majd, \u00e9s egy kedves l\u00e1nyt, akit feles\u00e9g\u00fcl veszek, leteleped\u00fcnk \u00e9s gyerekeket nevel\u00fcnk. De nekem m\u00e1s terveim voltak. Egy nap k\u00f6lcs\u00f6nvettem a b\u00e1ty\u00e1m r\u00e9gi biciklij\u00e9t. 20 km ut\u00e1n teljesen kimer\u00fcltem, alig jutottam el a k\u00f6vetkez\u0151 faluba, m\u00e1ris keser\u0171en h\u00edvtam fel ap\u00e1mat, hogy j\u00f6jj\u00f6n \u00e9rtem. Ez az els\u0151 ismeretlen utaz\u00e1s m\u00e9gis foglyul ejtette a sz\u00edvemet, a l\u00e1bamat \u00e9s a lelkemet. Akkor \u00e9s ott m\u00e1r tudtam, hogy erre sz\u00fclettem.<\/p>\n<p><img loading=\"lazy\" decoding=\"async\" class=\"aligncenter size-full wp-image-8037\" src=\"https:\/\/d2p6e6u75xmxt8.cloudfront.net\/12\/2020\/07\/preview4.jpg\" alt=\"\" width=\"1140\" height=\"759\" \/><\/p>\n<p>2013-ban leg\u00fajabb bring\u00e1m h\u00e1t\u00e1n indultam \u00fatnak. Legeml\u00e9kezetesebb utunk Nordkappba vezetett, Eur\u00f3pa legalacsonyabb pontj\u00e1ra, -22 fokos hidegben. Szint\u00e9n eml\u00e9kezetes utaz\u00e1s volt, amikor megh\u00f3d\u00edtottuk az Alpokat, akkor 52 nap alatt 12 kg-ot fogytam, \u00e9s hipoglik\u00e9mi\u00e1val k\u00f3rh\u00e1zba ker\u00fcltem! De hamarosan \u00fajra a nyeregben terveztem a k\u00f6vetkez\u0151 kalandunkat. K\u00e9s\u0151bb k\u00eds\u00e9rletezni akartam m\u00e1s t\u00edpus\u00fa ker\u00e9kp\u00e1rokkal \u00e9s m\u00e9g nagyobb kih\u00edv\u00e1sokkal is.<\/p>\n<p><img loading=\"lazy\" decoding=\"async\" class=\"aligncenter size-full wp-image-8038\" src=\"https:\/\/d2p6e6u75xmxt8.cloudfront.net\/12\/2020\/07\/previ5.jpg\" alt=\"\" width=\"1140\" height=\"641\" \/><\/p>\n<p>Ekkor hat\u00e1roztam el, hogy e-biciklivel indulok egy vil\u00e1gk\u00f6r\u00fcli \u00fatra. Megsz\u00e1llott lettem. Alig volt szoci\u00e1lis \u00e9letem, napi hat \u00f3r\u00e1t edzettem a belt\u00e9ri traineren. \u00dasztam \u00e9s f\u00e9lmaratont futottam Ena-val, a szeretett kuty\u00e1mmal. Szerettem volna legy\u0151zni \u00e9letem legnagyobb ker\u00e9kp\u00e1ros kih\u00edv\u00e1s\u00e1t a sz\u00fcleim eml\u00e9k\u00e9re, akik annak ellen\u00e9re, hogy megd\u00f6bbentek d\u00f6nt\u00e9seimen, soha nem sz\u0171ntek meg szeretni \u00e9s t\u00e1mogatni. S\u00falyos csap\u00e1s volt, amikor elvesz\u00edtettem \u0151ket. De a ker\u00e9kp\u00e1roz\u00e1shoz hasonl\u00f3an az id\u0151j\u00e1r\u00e1si viszonyok \u00e9s a t\u00e1j egyenetlens\u00e9ge ellen\u00e9re is mindig tov\u00e1bb kell l\u00e9pni.<\/p>\n<p><img loading=\"lazy\" decoding=\"async\" class=\"aligncenter size-full wp-image-8039\" src=\"https:\/\/d2p6e6u75xmxt8.cloudfront.net\/12\/2020\/07\/prew6.jpg\" alt=\"\" width=\"1140\" height=\"727\" \/><\/p>\n<p>Hogy \u0151szinte legyek, a vil\u00e1grekord lehet\u0151s\u00e9ge csak egy b\u00f3nusz volt. Az\u00e9rt indultam \u00fatnak, hogy a sz\u00fcleim b\u00fcszk\u00e9k legyenek r\u00e1m, \u00e9s k\u00f6sz\u00f6netet mondjak minden t\u00e1mogat\u00f3 bar\u00e1tomnak \u00e9s szeretettemnek, ami\u00e9rt hittek bennem. \u00c9s v\u00e9g\u00fcl, hogy t\u00e1pl\u00e1ljam az ismeretlen utak ir\u00e1nti \u00e9hs\u00e9gem. Egyszer\u0171en im\u00e1dok tekerni.<\/p>\n<p><em>Hrvoje Juri\u0107 Z\u00e1gr\u00e1bb\u00f3l indult \u00fatnak, az els\u0151 szakasz Oroszorsz\u00e1gban, Vladivostokban \u00e9rt v\u00e9get. Innen Ausztr\u00e1li\u00e1ba haj\u00f3zott, megtett a kontinensen t\u00f6bb mint 5000 km-et, majd az Egyes\u00fclt \u00c1llamokban folytatta \u00fatj\u00e1t. A negyedik, \u00e9s egyben utols\u00f3 szakasz Portug\u00e1li\u00e1b\u00f3l indult \u00e9s Z\u00e1gr\u00e1bban bez\u00e1rult a k\u00f6r. 133 nap, 6 \u00f3ra \u00e9s 3 perc alatt 29061 km-et tekert le, 4 kontinensen, 20 orsz\u00e1gon \u00e9s 12 id\u0151z\u00f3n\u00e1n \u00e1t. \u00c9lm\u00e9nyeir\u0151l hamarosan k\u00f6nyvben is olvashattok, de <\/em><a href=\"https:\/\/www.facebook.com\/GiantWorldTour\/\"><em>Facebook oldal\u00e1n<\/em><\/a><em> is csod\u00e1s k\u00e9pek mes\u00e9lik el a kalandjait!<\/em><\/p>\n<p><em>Forr\u00e1s: <\/em><a href=\"https:\/\/www.giant-bicycles.com\/global\/ride-of-my-life\"><em>giant-bicycles.com<\/em><\/a><\/p>\n","protected":false},"excerpt":{"rendered":"<p>\u201eA mai vil\u00e1g nagyon k\u00fcl\u00f6nb\u00f6zik att\u00f3l, mint amilyen gyerekkoromban volt. Most egy gombnyom\u00e1ssal b\u00e1rmit el\u00e9rhet\u00fcnk, amire v\u00e1gyunk. Elk\u00e9pzelhetj\u00fck magunkat a [&hellip;]<\/p>\n","protected":false},"author":71,"featured_media":8034,"comment_status":"open","ping_status":"open","sticky":false,"template":"","format":"standard","meta":{"footnotes":""},"categories":[13],"tags":[],"global-categories":[],"class_list":["post-8033","post","type-post","status-publish","format-standard","has-post-thumbnail","hentry","category-blog"],"yoast_head":"<!-- This site is optimized with the Yoast SEO Premium plugin v25.3 (Yoast SEO v25.9) - https:\/\/yoast.com\/wordpress\/plugins\/seo\/ -->\n<title>E-ker\u00e9kp\u00e1rral a vil\u00e1g k\u00f6r\u00fcl - \u0160koda We Love Cycling - Magyarorsz\u00e1g<\/title>\n<meta name=\"robots\" content=\"index, follow, max-snippet:-1, max-image-preview:large, max-video-preview:-1\" \/>\n<link rel=\"canonical\" href=\"https:\/\/www.welovecycling.com\/hu\/blog\/e-kerekparral-a-vilag-korul\/\" \/>\n<meta property=\"og:locale\" content=\"hu_HU\" \/>\n<meta property=\"og:type\" content=\"article\" \/>\n<meta property=\"og:title\" content=\"E-ker\u00e9kp\u00e1rral a vil\u00e1g k\u00f6r\u00fcl\" \/>\n<meta property=\"og:description\" content=\"\u201eA mai vil\u00e1g nagyon k\u00fcl\u00f6nb\u00f6zik att\u00f3l, mint amilyen gyerekkoromban volt. Most egy gombnyom\u00e1ssal b\u00e1rmit el\u00e9rhet\u00fcnk, amire v\u00e1gyunk. Elk\u00e9pzelhetj\u00fck magunkat a [&hellip;]\" \/>\n<meta property=\"og:url\" content=\"https:\/\/www.welovecycling.com\/hu\/blog\/e-kerekparral-a-vilag-korul\/\" \/>\n<meta property=\"og:site_name\" content=\"\u0160koda We Love Cycling - Magyarorsz\u00e1g\" \/>\n<meta property=\"article:publisher\" content=\"https:\/\/www.facebook.com\/WeLoveCyclingHungary\/\" \/>\n<meta property=\"article:published_time\" content=\"2020-07-18T07:00:24+00:00\" \/>\n<meta property=\"og:image\" content=\"https:\/\/d2p6e6u75xmxt8.cloudfront.net\/12\/2020\/07\/preview.jpg\" \/>\n\t<meta property=\"og:image:width\" content=\"1140\" \/>\n\t<meta property=\"og:image:height\" content=\"738\" \/>\n\t<meta property=\"og:image:type\" content=\"image\/jpeg\" \/>\n<meta name=\"author\" content=\"hegyizs\" \/>\n<meta name=\"twitter:card\" content=\"summary_large_image\" \/>\n<meta name=\"twitter:label1\" content=\"Written by\" \/>\n\t<meta name=\"twitter:data1\" content=\"WLC\" \/>\n\t<meta name=\"twitter:label2\" content=\"Est. reading time\" \/>\n\t<meta name=\"twitter:data2\" content=\"5 minutes\" \/>\n<script type=\"application\/ld+json\" class=\"yoast-schema-graph\">{\"@context\":\"https:\/\/schema.org\",\"@graph\":[{\"@type\":\"WebPage\",\"@id\":\"https:\/\/www.welovecycling.com\/hu\/blog\/e-kerekparral-a-vilag-korul\/\",\"url\":\"https:\/\/www.welovecycling.com\/hu\/blog\/e-kerekparral-a-vilag-korul\/\",\"name\":\"E-ker\u00e9kp\u00e1rral a vil\u00e1g k\u00f6r\u00fcl - \u0160koda We Love Cycling - Magyarorsz\u00e1g\",\"isPartOf\":{\"@id\":\"https:\/\/www.welovecycling.com\/hu\/#website\"},\"primaryImageOfPage\":{\"@id\":\"https:\/\/www.welovecycling.com\/hu\/blog\/e-kerekparral-a-vilag-korul\/#primaryimage\"},\"image\":{\"@id\":\"https:\/\/www.welovecycling.com\/hu\/blog\/e-kerekparral-a-vilag-korul\/#primaryimage\"},\"thumbnailUrl\":\"https:\/\/d2p6e6u75xmxt8.cloudfront.net\/12\/2020\/07\/preview.jpg\",\"datePublished\":\"2020-07-18T07:00:24+00:00\",\"author\":{\"@id\":\"https:\/\/www.welovecycling.com\/hu\/#\/schema\/person\/414a2aebf1801691a5320edb6468e194\"},\"breadcrumb\":{\"@id\":\"https:\/\/www.welovecycling.com\/hu\/blog\/e-kerekparral-a-vilag-korul\/#breadcrumb\"},\"inLanguage\":\"hu\",\"potentialAction\":[{\"@type\":\"ReadAction\",\"target\":[\"https:\/\/www.welovecycling.com\/hu\/blog\/e-kerekparral-a-vilag-korul\/\"]}]},{\"@type\":\"ImageObject\",\"inLanguage\":\"hu\",\"@id\":\"https:\/\/www.welovecycling.com\/hu\/blog\/e-kerekparral-a-vilag-korul\/#primaryimage\",\"url\":\"https:\/\/d2p6e6u75xmxt8.cloudfront.net\/12\/2020\/07\/preview.jpg\",\"contentUrl\":\"https:\/\/d2p6e6u75xmxt8.cloudfront.net\/12\/2020\/07\/preview.jpg\",\"width\":1140,\"height\":738},{\"@type\":\"BreadcrumbList\",\"@id\":\"https:\/\/www.welovecycling.com\/hu\/blog\/e-kerekparral-a-vilag-korul\/#breadcrumb\",\"itemListElement\":[{\"@type\":\"ListItem\",\"position\":1,\"name\":\"Home\",\"item\":\"https:\/\/www.welovecycling.com\/hu\/\"},{\"@type\":\"ListItem\",\"position\":2,\"name\":\"E-ker\u00e9kp\u00e1rral a vil\u00e1g k\u00f6r\u00fcl\"}]},{\"@type\":\"WebSite\",\"@id\":\"https:\/\/www.welovecycling.com\/hu\/#website\",\"url\":\"https:\/\/www.welovecycling.com\/hu\/\",\"name\":\"\u0160koda We Love Cycling - Magyarorsz\u00e1g\",\"description\":\"\u0160koda WeLoveCycling\",\"potentialAction\":[{\"@type\":\"SearchAction\",\"target\":{\"@type\":\"EntryPoint\",\"urlTemplate\":\"https:\/\/www.welovecycling.com\/hu\/?s={search_term_string}\"},\"query-input\":{\"@type\":\"PropertyValueSpecification\",\"valueRequired\":true,\"valueName\":\"search_term_string\"}}],\"inLanguage\":\"hu\"},{\"@type\":\"Person\",\"@id\":\"https:\/\/www.welovecycling.com\/hu\/#\/schema\/person\/414a2aebf1801691a5320edb6468e194\",\"name\":\"hegyizs\",\"image\":{\"@type\":\"ImageObject\",\"inLanguage\":\"hu\",\"@id\":\"https:\/\/www.welovecycling.com\/hu\/#\/schema\/person\/image\/\",\"url\":\"https:\/\/secure.gravatar.com\/avatar\/02cf8a7906b8cf90cecb4679defac7cfd33a1c2e3b88e4903d947f3bb58eedd3?s=96&d=mm&r=g\",\"contentUrl\":\"https:\/\/secure.gravatar.com\/avatar\/02cf8a7906b8cf90cecb4679defac7cfd33a1c2e3b88e4903d947f3bb58eedd3?s=96&d=mm&r=g\",\"caption\":\"hegyizs\"},\"url\":\"https:\/\/www.welovecycling.com\/hu\/author\/hegyizs\/\"}]}<\/script>\n<!-- \/ Yoast SEO Premium plugin. -->","yoast_head_json":{"title":"E-ker\u00e9kp\u00e1rral a vil\u00e1g k\u00f6r\u00fcl - \u0160koda We Love Cycling - Magyarorsz\u00e1g","robots":{"index":"index","follow":"follow","max-snippet":"max-snippet:-1","max-image-preview":"max-image-preview:large","max-video-preview":"max-video-preview:-1"},"canonical":"https:\/\/www.welovecycling.com\/hu\/blog\/e-kerekparral-a-vilag-korul\/","og_locale":"hu_HU","og_type":"article","og_title":"E-ker\u00e9kp\u00e1rral a vil\u00e1g k\u00f6r\u00fcl","og_description":"\u201eA mai vil\u00e1g nagyon k\u00fcl\u00f6nb\u00f6zik att\u00f3l, mint amilyen gyerekkoromban volt. Most egy gombnyom\u00e1ssal b\u00e1rmit el\u00e9rhet\u00fcnk, amire v\u00e1gyunk. Elk\u00e9pzelhetj\u00fck magunkat a [&hellip;]","og_url":"https:\/\/www.welovecycling.com\/hu\/blog\/e-kerekparral-a-vilag-korul\/","og_site_name":"\u0160koda We Love Cycling - Magyarorsz\u00e1g","article_publisher":"https:\/\/www.facebook.com\/WeLoveCyclingHungary\/","article_published_time":"2020-07-18T07:00:24+00:00","og_image":[{"width":1140,"height":738,"url":"https:\/\/d2p6e6u75xmxt8.cloudfront.net\/12\/2020\/07\/preview.jpg","type":"image\/jpeg"}],"author":"hegyizs","twitter_card":"summary_large_image","twitter_misc":{"Written by":"WLC","Est. reading time":"5 minutes"},"schema":{"@context":"https:\/\/schema.org","@graph":[{"@type":"WebPage","@id":"https:\/\/www.welovecycling.com\/hu\/blog\/e-kerekparral-a-vilag-korul\/","url":"https:\/\/www.welovecycling.com\/hu\/blog\/e-kerekparral-a-vilag-korul\/","name":"E-ker\u00e9kp\u00e1rral a vil\u00e1g k\u00f6r\u00fcl - \u0160koda We Love Cycling - Magyarorsz\u00e1g","isPartOf":{"@id":"https:\/\/www.welovecycling.com\/hu\/#website"},"primaryImageOfPage":{"@id":"https:\/\/www.welovecycling.com\/hu\/blog\/e-kerekparral-a-vilag-korul\/#primaryimage"},"image":{"@id":"https:\/\/www.welovecycling.com\/hu\/blog\/e-kerekparral-a-vilag-korul\/#primaryimage"},"thumbnailUrl":"https:\/\/d2p6e6u75xmxt8.cloudfront.net\/12\/2020\/07\/preview.jpg","datePublished":"2020-07-18T07:00:24+00:00","author":{"@id":"https:\/\/www.welovecycling.com\/hu\/#\/schema\/person\/414a2aebf1801691a5320edb6468e194"},"breadcrumb":{"@id":"https:\/\/www.welovecycling.com\/hu\/blog\/e-kerekparral-a-vilag-korul\/#breadcrumb"},"inLanguage":"hu","potentialAction":[{"@type":"ReadAction","target":["https:\/\/www.welovecycling.com\/hu\/blog\/e-kerekparral-a-vilag-korul\/"]}]},{"@type":"ImageObject","inLanguage":"hu","@id":"https:\/\/www.welovecycling.com\/hu\/blog\/e-kerekparral-a-vilag-korul\/#primaryimage","url":"https:\/\/d2p6e6u75xmxt8.cloudfront.net\/12\/2020\/07\/preview.jpg","contentUrl":"https:\/\/d2p6e6u75xmxt8.cloudfront.net\/12\/2020\/07\/preview.jpg","width":1140,"height":738},{"@type":"BreadcrumbList","@id":"https:\/\/www.welovecycling.com\/hu\/blog\/e-kerekparral-a-vilag-korul\/#breadcrumb","itemListElement":[{"@type":"ListItem","position":1,"name":"Home","item":"https:\/\/www.welovecycling.com\/hu\/"},{"@type":"ListItem","position":2,"name":"E-ker\u00e9kp\u00e1rral a vil\u00e1g k\u00f6r\u00fcl"}]},{"@type":"WebSite","@id":"https:\/\/www.welovecycling.com\/hu\/#website","url":"https:\/\/www.welovecycling.com\/hu\/","name":"\u0160koda We Love Cycling - Magyarorsz\u00e1g","description":"\u0160koda WeLoveCycling","potentialAction":[{"@type":"SearchAction","target":{"@type":"EntryPoint","urlTemplate":"https:\/\/www.welovecycling.com\/hu\/?s={search_term_string}"},"query-input":{"@type":"PropertyValueSpecification","valueRequired":true,"valueName":"search_term_string"}}],"inLanguage":"hu"},{"@type":"Person","@id":"https:\/\/www.welovecycling.com\/hu\/#\/schema\/person\/414a2aebf1801691a5320edb6468e194","name":"hegyizs","image":{"@type":"ImageObject","inLanguage":"hu","@id":"https:\/\/www.welovecycling.com\/hu\/#\/schema\/person\/image\/","url":"https:\/\/secure.gravatar.com\/avatar\/02cf8a7906b8cf90cecb4679defac7cfd33a1c2e3b88e4903d947f3bb58eedd3?s=96&d=mm&r=g","contentUrl":"https:\/\/secure.gravatar.com\/avatar\/02cf8a7906b8cf90cecb4679defac7cfd33a1c2e3b88e4903d947f3bb58eedd3?s=96&d=mm&r=g","caption":"hegyizs"},"url":"https:\/\/www.welovecycling.com\/hu\/author\/hegyizs\/"}]}},"_links":{"self":[{"href":"https:\/\/www.welovecycling.com\/hu\/wp-json\/wp\/v2\/posts\/8033","targetHints":{"allow":["GET"]}}],"collection":[{"href":"https:\/\/www.welovecycling.com\/hu\/wp-json\/wp\/v2\/posts"}],"about":[{"href":"https:\/\/www.welovecycling.com\/hu\/wp-json\/wp\/v2\/types\/post"}],"author":[{"embeddable":true,"href":"https:\/\/www.welovecycling.com\/hu\/wp-json\/wp\/v2\/users\/71"}],"replies":[{"embeddable":true,"href":"https:\/\/www.welovecycling.com\/hu\/wp-json\/wp\/v2\/comments?post=8033"}],"version-history":[{"count":1,"href":"https:\/\/www.welovecycling.com\/hu\/wp-json\/wp\/v2\/posts\/8033\/revisions"}],"predecessor-version":[{"id":8040,"href":"https:\/\/www.welovecycling.com\/hu\/wp-json\/wp\/v2\/posts\/8033\/revisions\/8040"}],"wp:featuredmedia":[{"embeddable":true,"href":"https:\/\/www.welovecycling.com\/hu\/wp-json\/wp\/v2\/media\/8034"}],"wp:attachment":[{"href":"https:\/\/www.welovecycling.com\/hu\/wp-json\/wp\/v2\/media?parent=8033"}],"wp:term":[{"taxonomy":"category","embeddable":true,"href":"https:\/\/www.welovecycling.com\/hu\/wp-json\/wp\/v2\/categories?post=8033"},{"taxonomy":"post_tag","embeddable":true,"href":"https:\/\/www.welovecycling.com\/hu\/wp-json\/wp\/v2\/tags?post=8033"},{"taxonomy":"global-categories","embeddable":true,"href":"https:\/\/www.welovecycling.com\/hu\/wp-json\/wp\/v2\/global-categories?post=8033"}],"curies":[{"name":"wp","href":"https:\/\/api.w.org\/{rel}","templated":true}]}}