{"id":803,"date":"2018-05-14T13:56:41","date_gmt":"2018-05-14T13:56:41","guid":{"rendered":"https:\/\/www.welovecycling.com\/hu\/?p=803"},"modified":"2018-05-14T13:56:41","modified_gmt":"2018-05-14T13:56:41","slug":"biciklizo-gyerekek-3-kerdes-es-4-valasz","status":"publish","type":"post","link":"https:\/\/www.welovecycling.com\/hu\/csalad\/biciklizo-gyerekek-3-kerdes-es-4-valasz\/","title":{"rendered":"Bicikliz\u0151 gyerekek: 3 k\u00e9rd\u00e9s \u00e9s 4 v\u00e1lasz"},"content":{"rendered":"<p><b>A gyerekek nagyon gyorsan megtanulnak tekerni. De mire kell figyelni a bicikliz\u0151 gyerekekn\u00e9l? \u00cdme 3 k\u00e9rd\u00e9s \u00e9s 4 v\u00e1lasz a t\u00e9m\u00e1val kapcsolatosan.<\/b><\/p>\n<p><!--more--><\/p>\n<p><strong>Mennyi id\u0151 alatt tanulj\u00e1k meg?<\/strong><\/p>\n<p>A gyerekek csak \u00fagy sz\u00edvj\u00e1k magukba a tud\u00e1st, \u00edgy nagyon gyorsan megtanulnak biciklizni is. N\u00e9h\u00e1nyan m\u00e1r a b\u00f6lcsibe is k\u00e9t ker\u00e9ken gurulnak be.<\/p>\n<div class=\"embed-controller-wrapper\"><a href=\"https:\/\/giphy.com\/gifs\/bike-black-and-white-girls-d1vaWA1lsbIdy\"><img loading=\"lazy\" decoding=\"async\" src=\"https:\/\/media0.giphy.com\/media\/d1vaWA1lsbIdy\/giphy.gif\" alt=\"Black And White Bike GIF - Find &amp; Share on GIPHY\" width=\"500\" height=\"281\" \/><\/a><\/div>\n<p>Ha a te gyereked m\u00e9gsem ebbe a kateg\u00f3ri\u00e1ba tartozik, semmi okod az aggodalomra! Teljesen term\u00e9szetes, hogy n\u00e9h\u00e1nyan csak 8-10 \u00e9ves korukra jutnak el od\u00e1ig, hogy \u00f6n\u00e1ll\u00f3an tudjanak biciklizni. J\u00f3, ha szem el\u0151tt tartod, hogy a ker\u00e9kp\u00e1roz\u00e1s megtanul\u00e1sa nem verseny, a gyerek meg fogja tanulni, amikor felk\u00e9sz\u00fcltnek \u00e9rzi mag\u00e1t.<\/p>\n<p><strong>Oldalker\u00e9kkel vagy an\u00e9lk\u00fcl?<\/strong><\/p>\n<p>A bicikliz\u00e9s seg\u00edti az egyens\u00faly\u00e9rz\u00e9k fejl\u0151d\u00e9s\u00e9t, \u00e9s a mozg\u00e1skoordin\u00e1ci\u00f3t, de \u00f6sszehangolja a k\u00e9t agyf\u00e9ltek\u00e9t is, \u00edgy j\u00f3 hat\u00e1ssal van az idegrendszerre. A gyerekeknek els\u0151 k\u00f6rben a l\u00e1bbal hajthat\u00f3 gyerekmotor javasolt, ami annyira nem fejleszti az egyens\u00faly\u00e9rz\u00e9ket, de hozz\u00e1szoktatja \u0151ket a ker\u00e9kp\u00e1rhoz. Amikor ez m\u00e1r nagyon j\u00f3l megy, akkor \u00e9rdemes v\u00e1ltani a fut\u00f3biciklire, majd a ped\u00e1los biciklire.<\/p>\n<p><strong>\u00a0<a href=\"https:\/\/d2p6e6u75xmxt8.cloudfront.net\/12\/2018\/05\/biciklizes-gyerekkorban-2.jpg\"><img loading=\"lazy\" decoding=\"async\" class=\"alignnone size-full wp-image-806\" src=\"https:\/\/d2p6e6u75xmxt8.cloudfront.net\/12\/2018\/05\/biciklizes-gyerekkorban-2.jpg\" alt=\"bicikli-gyerekek\" width=\"1024\" height=\"679\" srcset=\"https:\/\/d2p6e6u75xmxt8.cloudfront.net\/12\/2018\/05\/biciklizes-gyerekkorban-2.jpg 1024w, https:\/\/d2p6e6u75xmxt8.cloudfront.net\/12\/2018\/05\/biciklizes-gyerekkorban-2-300x199.jpg 300w, https:\/\/d2p6e6u75xmxt8.cloudfront.net\/12\/2018\/05\/biciklizes-gyerekkorban-2-768x509.jpg 768w\" sizes=\"auto, (max-width: 1024px) 100vw, 1024px\" \/><\/a><\/strong><\/p>\n<p><strong>Milyen felszerel\u00e9ssel?<\/strong><\/p>\n<p>A kis lurk\u00f3k folyamatosan k\u00eds\u00e9rleteznek, feszegetik saj\u00e1t hat\u00e1raikat, ez\u00e9rt az a legjobb, ha a megfelel\u0151 v\u00e9d\u0151felszerel\u00e9ssel biztons\u00e1gban tudjuk \u0151ket. Buk\u00f3sisak, k\u00f6ny\u00f6k- \u00e9s t\u00e9rdv\u00e9d\u0151 mindig legyen rajtuk!<\/p>\n<p><strong>+ 1 v\u00e1lasz: ezt csin\u00e1ld, ha j\u00f3 fej sz\u00fcl\u0151 szeretn\u00e9l lenni<\/strong><\/p>\n<p>B\u00edzz a gyerekben, \u00e9s ne f\u00e9ltsd \u0151t indokolatlanul. Ha elesik, ne er\u0151ltesd az \u00fajrakezd\u00e9st. Lehet, hogy n\u00e9h\u00e1ny h\u00f3napig nem akar majd biciklizni, ilyen esetekben nem \u00e9rdemes r\u00e1er\u0151ltetni, \u0151 majd \u00e9rezni fogja, hogy mikor szeretne \u00fajra nyeregbe \u00fclni.<\/p>\n<p>N\u00e9ha sz\u00fcks\u00e9g van a pozit\u00edv meger\u0151s\u00edt\u00e9sekre is: dics\u00e9rd meg, ha j\u00f3l megy neki a cang\u00e1z\u00e1s, mert az apr\u00f3, jelent\u00e9ktelennek t\u0171n\u0151 kedvess\u00e9gek motiv\u00e1lj\u00e1k a gyerekeket.<\/p>\n<p><a href=\"https:\/\/d2p6e6u75xmxt8.cloudfront.net\/12\/2018\/05\/biciklizes-gyerekkorban-1.jpg\"><img loading=\"lazy\" decoding=\"async\" class=\"alignnone size-full wp-image-807\" src=\"https:\/\/d2p6e6u75xmxt8.cloudfront.net\/12\/2018\/05\/biciklizes-gyerekkorban-1.jpg\" alt=\"biciklizes-gyerekek\" width=\"1077\" height=\"1113\" srcset=\"https:\/\/d2p6e6u75xmxt8.cloudfront.net\/12\/2018\/05\/biciklizes-gyerekkorban-1.jpg 1077w, https:\/\/d2p6e6u75xmxt8.cloudfront.net\/12\/2018\/05\/biciklizes-gyerekkorban-1-290x300.jpg 290w, https:\/\/d2p6e6u75xmxt8.cloudfront.net\/12\/2018\/05\/biciklizes-gyerekkorban-1-768x794.jpg 768w, https:\/\/d2p6e6u75xmxt8.cloudfront.net\/12\/2018\/05\/biciklizes-gyerekkorban-1-991x1024.jpg 991w\" sizes=\"auto, (max-width: 1077px) 100vw, 1077px\" \/><\/a><\/p>\n","protected":false},"excerpt":{"rendered":"<p>A gyerekek nagyon gyorsan megtanulnak tekerni. De mire kell figyelni a bicikliz\u0151 gyerekekn\u00e9l? \u00cdme 3 k\u00e9rd\u00e9s \u00e9s 4 v\u00e1lasz a [&hellip;]<\/p>\n","protected":false},"author":71,"featured_media":806,"comment_status":"open","ping_status":"open","sticky":false,"template":"","format":"standard","meta":{"footnotes":""},"categories":[11],"tags":[17,18,43,41,16,42],"global-categories":[],"class_list":["post-803","post","type-post","status-publish","format-standard","has-post-thumbnail","hentry","category-csalad","tag-bicikli","tag-biciklizes","tag-biciklizo-gyerekek","tag-gyerekek","tag-kerekpar","tag-tekeres"],"yoast_head":"<!-- This site is optimized with the Yoast SEO Premium plugin v25.3 (Yoast SEO v25.9) - https:\/\/yoast.com\/wordpress\/plugins\/seo\/ -->\n<title>Bicikliz\u0151 gyerekek: 3 k\u00e9rd\u00e9s \u00e9s 4 v\u00e1lasz - \u0160koda We Love Cycling - Magyarorsz\u00e1g<\/title>\n<meta name=\"description\" content=\"A gyerekek nagyon gyorsan megtanulnak tekerni. De mire kell figyelni a bicikliz\u0151 gyerekekn\u00e9l? \u00cdme 3 k\u00e9rd\u00e9s \u00e9s 4 v\u00e1lasz a t\u00e9m\u00e1val kapcsolatosan.\" \/>\n<meta name=\"robots\" content=\"index, follow, max-snippet:-1, max-image-preview:large, max-video-preview:-1\" \/>\n<link rel=\"canonical\" href=\"https:\/\/www.welovecycling.com\/hu\/csalad\/biciklizo-gyerekek-3-kerdes-es-4-valasz\/\" \/>\n<meta property=\"og:locale\" content=\"hu_HU\" \/>\n<meta property=\"og:type\" content=\"article\" \/>\n<meta property=\"og:title\" content=\"Bicikliz\u0151 gyerekek: 3 k\u00e9rd\u00e9s \u00e9s 4 v\u00e1lasz\" \/>\n<meta property=\"og:description\" content=\"A gyerekek nagyon gyorsan megtanulnak tekerni. De mire kell figyelni a bicikliz\u0151 gyerekekn\u00e9l? \u00cdme 3 k\u00e9rd\u00e9s \u00e9s 4 v\u00e1lasz a t\u00e9m\u00e1val kapcsolatosan.\" \/>\n<meta property=\"og:url\" content=\"https:\/\/www.welovecycling.com\/hu\/csalad\/biciklizo-gyerekek-3-kerdes-es-4-valasz\/\" \/>\n<meta property=\"og:site_name\" content=\"\u0160koda We Love Cycling - Magyarorsz\u00e1g\" \/>\n<meta property=\"article:publisher\" content=\"https:\/\/www.facebook.com\/WeLoveCyclingHungary\/\" \/>\n<meta property=\"article:published_time\" content=\"2018-05-14T13:56:41+00:00\" \/>\n<meta property=\"og:image\" content=\"https:\/\/d2p6e6u75xmxt8.cloudfront.net\/12\/2018\/05\/biciklizes-gyerekkorban-2.jpg\" \/>\n\t<meta property=\"og:image:width\" content=\"1024\" \/>\n\t<meta property=\"og:image:height\" content=\"679\" \/>\n\t<meta property=\"og:image:type\" content=\"image\/jpeg\" \/>\n<meta name=\"author\" content=\"hegyizs\" \/>\n<meta name=\"twitter:card\" content=\"summary_large_image\" \/>\n<meta name=\"twitter:label1\" content=\"Written by\" \/>\n\t<meta name=\"twitter:data1\" content=\"hegyizs\" \/>\n\t<meta name=\"twitter:label2\" content=\"Est. reading time\" \/>\n\t<meta name=\"twitter:data2\" content=\"2 minutes\" \/>\n<script type=\"application\/ld+json\" class=\"yoast-schema-graph\">{\"@context\":\"https:\/\/schema.org\",\"@graph\":[{\"@type\":\"WebPage\",\"@id\":\"https:\/\/www.welovecycling.com\/hu\/csalad\/biciklizo-gyerekek-3-kerdes-es-4-valasz\/\",\"url\":\"https:\/\/www.welovecycling.com\/hu\/csalad\/biciklizo-gyerekek-3-kerdes-es-4-valasz\/\",\"name\":\"Bicikliz\u0151 gyerekek: 3 k\u00e9rd\u00e9s \u00e9s 4 v\u00e1lasz - \u0160koda We Love Cycling - Magyarorsz\u00e1g\",\"isPartOf\":{\"@id\":\"https:\/\/www.welovecycling.com\/hu\/#website\"},\"primaryImageOfPage\":{\"@id\":\"https:\/\/www.welovecycling.com\/hu\/csalad\/biciklizo-gyerekek-3-kerdes-es-4-valasz\/#primaryimage\"},\"image\":{\"@id\":\"https:\/\/www.welovecycling.com\/hu\/csalad\/biciklizo-gyerekek-3-kerdes-es-4-valasz\/#primaryimage\"},\"thumbnailUrl\":\"https:\/\/d2p6e6u75xmxt8.cloudfront.net\/12\/2018\/05\/biciklizes-gyerekkorban-2.jpg\",\"datePublished\":\"2018-05-14T13:56:41+00:00\",\"author\":{\"@id\":\"https:\/\/www.welovecycling.com\/hu\/#\/schema\/person\/414a2aebf1801691a5320edb6468e194\"},\"description\":\"A gyerekek nagyon gyorsan megtanulnak tekerni. De mire kell figyelni a bicikliz\u0151 gyerekekn\u00e9l? \u00cdme 3 k\u00e9rd\u00e9s \u00e9s 4 v\u00e1lasz a t\u00e9m\u00e1val kapcsolatosan.\",\"breadcrumb\":{\"@id\":\"https:\/\/www.welovecycling.com\/hu\/csalad\/biciklizo-gyerekek-3-kerdes-es-4-valasz\/#breadcrumb\"},\"inLanguage\":\"hu\",\"potentialAction\":[{\"@type\":\"ReadAction\",\"target\":[\"https:\/\/www.welovecycling.com\/hu\/csalad\/biciklizo-gyerekek-3-kerdes-es-4-valasz\/\"]}]},{\"@type\":\"ImageObject\",\"inLanguage\":\"hu\",\"@id\":\"https:\/\/www.welovecycling.com\/hu\/csalad\/biciklizo-gyerekek-3-kerdes-es-4-valasz\/#primaryimage\",\"url\":\"https:\/\/d2p6e6u75xmxt8.cloudfront.net\/12\/2018\/05\/biciklizes-gyerekkorban-2.jpg\",\"contentUrl\":\"https:\/\/d2p6e6u75xmxt8.cloudfront.net\/12\/2018\/05\/biciklizes-gyerekkorban-2.jpg\",\"width\":1024,\"height\":679,\"caption\":\"bicikli-gyerekek\"},{\"@type\":\"BreadcrumbList\",\"@id\":\"https:\/\/www.welovecycling.com\/hu\/csalad\/biciklizo-gyerekek-3-kerdes-es-4-valasz\/#breadcrumb\",\"itemListElement\":[{\"@type\":\"ListItem\",\"position\":1,\"name\":\"Home\",\"item\":\"https:\/\/www.welovecycling.com\/hu\/\"},{\"@type\":\"ListItem\",\"position\":2,\"name\":\"Bicikliz\u0151 gyerekek: 3 k\u00e9rd\u00e9s \u00e9s 4 v\u00e1lasz\"}]},{\"@type\":\"WebSite\",\"@id\":\"https:\/\/www.welovecycling.com\/hu\/#website\",\"url\":\"https:\/\/www.welovecycling.com\/hu\/\",\"name\":\"\u0160koda We Love Cycling - Magyarorsz\u00e1g\",\"description\":\"\u0160koda WeLoveCycling\",\"potentialAction\":[{\"@type\":\"SearchAction\",\"target\":{\"@type\":\"EntryPoint\",\"urlTemplate\":\"https:\/\/www.welovecycling.com\/hu\/?s={search_term_string}\"},\"query-input\":{\"@type\":\"PropertyValueSpecification\",\"valueRequired\":true,\"valueName\":\"search_term_string\"}}],\"inLanguage\":\"hu\"},{\"@type\":\"Person\",\"@id\":\"https:\/\/www.welovecycling.com\/hu\/#\/schema\/person\/414a2aebf1801691a5320edb6468e194\",\"name\":\"hegyizs\",\"image\":{\"@type\":\"ImageObject\",\"inLanguage\":\"hu\",\"@id\":\"https:\/\/www.welovecycling.com\/hu\/#\/schema\/person\/image\/\",\"url\":\"https:\/\/secure.gravatar.com\/avatar\/02cf8a7906b8cf90cecb4679defac7cfd33a1c2e3b88e4903d947f3bb58eedd3?s=96&d=mm&r=g\",\"contentUrl\":\"https:\/\/secure.gravatar.com\/avatar\/02cf8a7906b8cf90cecb4679defac7cfd33a1c2e3b88e4903d947f3bb58eedd3?s=96&d=mm&r=g\",\"caption\":\"hegyizs\"},\"url\":\"https:\/\/www.welovecycling.com\/hu\/author\/hegyizs\/\"}]}<\/script>\n<!-- \/ Yoast SEO Premium plugin. -->","yoast_head_json":{"title":"Bicikliz\u0151 gyerekek: 3 k\u00e9rd\u00e9s \u00e9s 4 v\u00e1lasz - \u0160koda We Love Cycling - Magyarorsz\u00e1g","description":"A gyerekek nagyon gyorsan megtanulnak tekerni. De mire kell figyelni a bicikliz\u0151 gyerekekn\u00e9l? \u00cdme 3 k\u00e9rd\u00e9s \u00e9s 4 v\u00e1lasz a t\u00e9m\u00e1val kapcsolatosan.","robots":{"index":"index","follow":"follow","max-snippet":"max-snippet:-1","max-image-preview":"max-image-preview:large","max-video-preview":"max-video-preview:-1"},"canonical":"https:\/\/www.welovecycling.com\/hu\/csalad\/biciklizo-gyerekek-3-kerdes-es-4-valasz\/","og_locale":"hu_HU","og_type":"article","og_title":"Bicikliz\u0151 gyerekek: 3 k\u00e9rd\u00e9s \u00e9s 4 v\u00e1lasz","og_description":"A gyerekek nagyon gyorsan megtanulnak tekerni. De mire kell figyelni a bicikliz\u0151 gyerekekn\u00e9l? \u00cdme 3 k\u00e9rd\u00e9s \u00e9s 4 v\u00e1lasz a t\u00e9m\u00e1val kapcsolatosan.","og_url":"https:\/\/www.welovecycling.com\/hu\/csalad\/biciklizo-gyerekek-3-kerdes-es-4-valasz\/","og_site_name":"\u0160koda We Love Cycling - Magyarorsz\u00e1g","article_publisher":"https:\/\/www.facebook.com\/WeLoveCyclingHungary\/","article_published_time":"2018-05-14T13:56:41+00:00","og_image":[{"width":1024,"height":679,"url":"https:\/\/d2p6e6u75xmxt8.cloudfront.net\/12\/2018\/05\/biciklizes-gyerekkorban-2.jpg","type":"image\/jpeg"}],"author":"hegyizs","twitter_card":"summary_large_image","twitter_misc":{"Written by":"hegyizs","Est. reading time":"2 minutes"},"schema":{"@context":"https:\/\/schema.org","@graph":[{"@type":"WebPage","@id":"https:\/\/www.welovecycling.com\/hu\/csalad\/biciklizo-gyerekek-3-kerdes-es-4-valasz\/","url":"https:\/\/www.welovecycling.com\/hu\/csalad\/biciklizo-gyerekek-3-kerdes-es-4-valasz\/","name":"Bicikliz\u0151 gyerekek: 3 k\u00e9rd\u00e9s \u00e9s 4 v\u00e1lasz - \u0160koda We Love Cycling - Magyarorsz\u00e1g","isPartOf":{"@id":"https:\/\/www.welovecycling.com\/hu\/#website"},"primaryImageOfPage":{"@id":"https:\/\/www.welovecycling.com\/hu\/csalad\/biciklizo-gyerekek-3-kerdes-es-4-valasz\/#primaryimage"},"image":{"@id":"https:\/\/www.welovecycling.com\/hu\/csalad\/biciklizo-gyerekek-3-kerdes-es-4-valasz\/#primaryimage"},"thumbnailUrl":"https:\/\/d2p6e6u75xmxt8.cloudfront.net\/12\/2018\/05\/biciklizes-gyerekkorban-2.jpg","datePublished":"2018-05-14T13:56:41+00:00","author":{"@id":"https:\/\/www.welovecycling.com\/hu\/#\/schema\/person\/414a2aebf1801691a5320edb6468e194"},"description":"A gyerekek nagyon gyorsan megtanulnak tekerni. De mire kell figyelni a bicikliz\u0151 gyerekekn\u00e9l? \u00cdme 3 k\u00e9rd\u00e9s \u00e9s 4 v\u00e1lasz a t\u00e9m\u00e1val kapcsolatosan.","breadcrumb":{"@id":"https:\/\/www.welovecycling.com\/hu\/csalad\/biciklizo-gyerekek-3-kerdes-es-4-valasz\/#breadcrumb"},"inLanguage":"hu","potentialAction":[{"@type":"ReadAction","target":["https:\/\/www.welovecycling.com\/hu\/csalad\/biciklizo-gyerekek-3-kerdes-es-4-valasz\/"]}]},{"@type":"ImageObject","inLanguage":"hu","@id":"https:\/\/www.welovecycling.com\/hu\/csalad\/biciklizo-gyerekek-3-kerdes-es-4-valasz\/#primaryimage","url":"https:\/\/d2p6e6u75xmxt8.cloudfront.net\/12\/2018\/05\/biciklizes-gyerekkorban-2.jpg","contentUrl":"https:\/\/d2p6e6u75xmxt8.cloudfront.net\/12\/2018\/05\/biciklizes-gyerekkorban-2.jpg","width":1024,"height":679,"caption":"bicikli-gyerekek"},{"@type":"BreadcrumbList","@id":"https:\/\/www.welovecycling.com\/hu\/csalad\/biciklizo-gyerekek-3-kerdes-es-4-valasz\/#breadcrumb","itemListElement":[{"@type":"ListItem","position":1,"name":"Home","item":"https:\/\/www.welovecycling.com\/hu\/"},{"@type":"ListItem","position":2,"name":"Bicikliz\u0151 gyerekek: 3 k\u00e9rd\u00e9s \u00e9s 4 v\u00e1lasz"}]},{"@type":"WebSite","@id":"https:\/\/www.welovecycling.com\/hu\/#website","url":"https:\/\/www.welovecycling.com\/hu\/","name":"\u0160koda We Love Cycling - Magyarorsz\u00e1g","description":"\u0160koda WeLoveCycling","potentialAction":[{"@type":"SearchAction","target":{"@type":"EntryPoint","urlTemplate":"https:\/\/www.welovecycling.com\/hu\/?s={search_term_string}"},"query-input":{"@type":"PropertyValueSpecification","valueRequired":true,"valueName":"search_term_string"}}],"inLanguage":"hu"},{"@type":"Person","@id":"https:\/\/www.welovecycling.com\/hu\/#\/schema\/person\/414a2aebf1801691a5320edb6468e194","name":"hegyizs","image":{"@type":"ImageObject","inLanguage":"hu","@id":"https:\/\/www.welovecycling.com\/hu\/#\/schema\/person\/image\/","url":"https:\/\/secure.gravatar.com\/avatar\/02cf8a7906b8cf90cecb4679defac7cfd33a1c2e3b88e4903d947f3bb58eedd3?s=96&d=mm&r=g","contentUrl":"https:\/\/secure.gravatar.com\/avatar\/02cf8a7906b8cf90cecb4679defac7cfd33a1c2e3b88e4903d947f3bb58eedd3?s=96&d=mm&r=g","caption":"hegyizs"},"url":"https:\/\/www.welovecycling.com\/hu\/author\/hegyizs\/"}]}},"_links":{"self":[{"href":"https:\/\/www.welovecycling.com\/hu\/wp-json\/wp\/v2\/posts\/803","targetHints":{"allow":["GET"]}}],"collection":[{"href":"https:\/\/www.welovecycling.com\/hu\/wp-json\/wp\/v2\/posts"}],"about":[{"href":"https:\/\/www.welovecycling.com\/hu\/wp-json\/wp\/v2\/types\/post"}],"author":[{"embeddable":true,"href":"https:\/\/www.welovecycling.com\/hu\/wp-json\/wp\/v2\/users\/71"}],"replies":[{"embeddable":true,"href":"https:\/\/www.welovecycling.com\/hu\/wp-json\/wp\/v2\/comments?post=803"}],"version-history":[{"count":1,"href":"https:\/\/www.welovecycling.com\/hu\/wp-json\/wp\/v2\/posts\/803\/revisions"}],"predecessor-version":[{"id":808,"href":"https:\/\/www.welovecycling.com\/hu\/wp-json\/wp\/v2\/posts\/803\/revisions\/808"}],"wp:featuredmedia":[{"embeddable":true,"href":"https:\/\/www.welovecycling.com\/hu\/wp-json\/wp\/v2\/media\/806"}],"wp:attachment":[{"href":"https:\/\/www.welovecycling.com\/hu\/wp-json\/wp\/v2\/media?parent=803"}],"wp:term":[{"taxonomy":"category","embeddable":true,"href":"https:\/\/www.welovecycling.com\/hu\/wp-json\/wp\/v2\/categories?post=803"},{"taxonomy":"post_tag","embeddable":true,"href":"https:\/\/www.welovecycling.com\/hu\/wp-json\/wp\/v2\/tags?post=803"},{"taxonomy":"global-categories","embeddable":true,"href":"https:\/\/www.welovecycling.com\/hu\/wp-json\/wp\/v2\/global-categories?post=803"}],"curies":[{"name":"wp","href":"https:\/\/api.w.org\/{rel}","templated":true}]}}