{"id":8023,"date":"2020-07-12T08:00:37","date_gmt":"2020-07-12T07:00:37","guid":{"rendered":"https:\/\/www.welovecycling.com\/hu\/?p=8023"},"modified":"2020-07-03T13:50:49","modified_gmt":"2020-07-03T12:50:49","slug":"7-erv-az-elektromos-bringak-mellett","status":"publish","type":"post","link":"https:\/\/www.welovecycling.com\/hu\/edzes-es-eletmod\/7-erv-az-elektromos-bringak-mellett\/","title":{"rendered":"7 \u00e9rv az elektromos bring\u00e1k mellett"},"content":{"rendered":"<p><strong>Az e-ker\u00e9kp\u00e1rok piaca egyre n\u0151, \u00fagy t\u0171nik, hozz\u00e1 kell szoknunk a l\u00e1tv\u00e1nyukhoz, vagy ak\u00e1r a haszn\u00e1latukhoz is. Ennek van, aki \u00f6r\u00fcl, van, aki kev\u00e9sb\u00e9, de az biztos, hogy vannak el\u0151nyei az elektromos meghajt\u00e1snak.<\/strong><!--more--><\/p>\n<h2><strong>1. K\u00f6nnyebb tekerni<\/strong><\/h2>\n<p>Ha egy e-biciklin lenyomod a ped\u00e1lt, egy apr\u00f3 motor seg\u00edti az er\u0151fesz\u00edt\u00e9seid. \u00cdgy olyan emelked\u0151ket is be tudsz venni, amiket hagyom\u00e1nyos bring\u00e1n meg sem pr\u00f3b\u00e1ln\u00e1l. \u00dagy tekersz, ahogy egy\u00e9bk\u00e9nt is tekern\u00e9l, csak gyorsabban haladsz. Ed Benjamin, az eCycliElecrtic vez\u00e9rigazgat\u00f3ja \u00edgy \u00edrta le az elektromos bring\u00e1k l\u00e9nyeg\u00e9t: \u201eUgyan\u00fagy a l\u00e1baddal szab\u00e1lyozod a sebess\u00e9get, mint egy hagyom\u00e1nyos bicikli eset\u00e9n. Csak k\u00f6zben iszonyat er\u0151snek \u00e9s mindenre k\u00e9pesnek \u00e9rzed magad.\u201d<\/p>\n<p>A ped\u00e1loz\u00e1sra val\u00f3 r\u00e1seg\u00edt\u00e9s mellett vannak olyan biciklik, amiken egy gombot is tal\u00e1lsz: ezzel tudod beind\u00edtani a motort. Ekkor m\u00e1r nem teljesen ugyanaz az \u00e9lm\u00e9ny, mint amit megszoktunk, sok helyen nem is leg\u00e1lisak ezek a biciklik. \u00c1ltal\u00e1ban a kezd\u0151k haszn\u00e1lnak ilyen ker\u00e9kp\u00e1rokat, de k\u00e9s\u0151bb \u0151k is \u00e1tnyergelnek pedelecre.<\/p>\n<h2><strong>2. Sz\u00e1guldozhatsz vele\u2026 egy darabig<\/strong><\/h2>\n<p>Min\u00e9l ink\u00e1bb tekersz, ann\u00e1l ink\u00e1bb seg\u00edt a motor is, \u00edgy igen magas sebess\u00e9get el tudsz \u00e9rni \u2013 azonban ennek is van hat\u00e1ra. Tov\u00e1bbra is bring\u00e1kr\u00f3l besz\u00e9l\u00fcnk, nem pedig motorbiciklikr\u0151l. \u00dagy vannak kialak\u00edtva, hogy 35-45 km\/\u00f3r\u00e1n\u00e1l ne tudj vel\u00fck gyorsabban menni.<\/p>\n<p>Be\u00e1ll\u00edthatod, milyen m\u00e9rt\u00e9k\u0171 seg\u00edts\u00e9get szeretn\u00e9l kapni a motort\u0151l.\u00a0 A legt\u00f6bb e-bring\u00e1n van eco \u00e9s turbo fokozat, \u00edgy te d\u00f6nt\u00f6d el, \u00e9pp mire van sz\u00fcks\u00e9ged.<\/p>\n<h2><strong>3. T\u00f6bbet fogsz tekerni a nagyon sokn\u00e1l is<\/strong><\/h2>\n<p>Egy e-bicikli beszerz\u00e9se dr\u00e1mai m\u00f3don n\u00f6veli a nyeregben elt\u00f6lt\u00f6tt id\u0151t \u2013 bizony\u00edtja az 1800 f\u0151s \u00c9szak-amerikai kutat\u00e1s. A r\u00e9sztvev\u0151k 55%-a tekert naponta miel\u0151tt e-bring\u00e1t vett, ez a sz\u00e1m 91%-ra n\u0151tt a v\u00e1s\u00e1rl\u00e1s ut\u00e1n. M\u00e9g ha kicsattan\u00f3 eg\u00e9szs\u00e9gnek is \u00f6rvendhetsz, \u00e9s fitt vagy, akkor is elf\u00e1radsz el\u0151bb-ut\u00f3bb. Az elektromos biciklin pihenhetsz. A sebess\u00e9g \u00edg\u00e9rete pedig vonz\u00f3bb\u00e1 teszi az edz\u00e9seket.<\/p>\n<h2><strong>4. Mindenre van e-megold\u00e1s<\/strong><\/h2>\n<p>Mondj egy probl\u00e9m\u00e1t, megoldjuk egy e-biciklivel! L\u00e9tezik elektromos teherbringa, orsz\u00e1g\u00fati, v\u00e1rosi, rekre\u00e1ci\u00f3s, MTB \u00e9s m\u00e9g sorolhatn\u00e1nk.<\/p>\n<figure id=\"attachment_8027\" aria-describedby=\"caption-attachment-8027\" style=\"width: 980px\" class=\"wp-caption aligncenter\"><img loading=\"lazy\" decoding=\"async\" class=\"size-full wp-image-8027\" src=\"https:\/\/d2p6e6u75xmxt8.cloudfront.net\/12\/2020\/07\/cargo-bike-pictured-during-the-launch-of-the-new-jump-news-photo-1592251609.jpg\" alt=\"\" width=\"980\" height=\"653\" \/><figcaption id=\"caption-attachment-8027\" class=\"wp-caption-text\">HATIM KAGHAT Getty Images<\/figcaption><\/figure>\n<h2><strong>5. Az aut\u00f3 alternat\u00edv\u00e1i<\/strong><\/h2>\n<p>\u201eSokan az\u00e9rt vesznek e-ker\u00e9kp\u00e1rt, hogy kevesebbszer kelljen aut\u00f3ba \u00fclni\u00fck\u201d \u2013 magyar\u00e1zta Benjamin. Az adatok pedig al\u00e1t\u00e1masztj\u00e1k az \u00e1ll\u00edt\u00e1s\u00e1t: a v\u00e1s\u00e1rl\u00f3k 28%-a saj\u00e1t bevall\u00e1sa szerint aut\u00f3j\u00e1t szeretn\u00e9 helyettes\u00edteni \u00faj biciklij\u00e9vel.<\/p>\n<h2><strong>6. \u00cdgy is megizzadsz<\/strong><\/h2>\n<p>T\u00e9ny, hogy seg\u00edt a be\u00e9p\u00edtett motor, de e-bring\u00e1n \u00fclni is ugyanolyan fizikai aktivit\u00e1snak sz\u00e1m\u00edt, mint hagyom\u00e1nyoson. A Colorado University kutat\u00f3i szerint heti h\u00e1romszor 40 perc m\u00e1r el\u00e9g ahhoz, hogy megel\u0151zz\u00fck a kardiovaszkul\u00e1ris betegs\u00e9geket. \u201eSokan nem el\u00e9g fittek ahhoz, hogy sok\u00e1ig tudjanak tekerni hagyom\u00e1nyos biciklin, a pozit\u00edv hat\u00e1sok el\u00e9r\u00e9shez pedig id\u0151 kell\u201d \u2013 tette hozz\u00e1 Benjamin.<\/p>\n<h2><strong>7. B\u00e1r nem olcs\u00f3k, m\u00e9gis sp\u00f3rolhatsz vel\u00fck<\/strong><\/h2>\n<p>Egyel\u0151re nem igaz\u00e1n vannak olcs\u00f3 modellek a piacon, viszont ha t\u00e9nyleg aut\u00f3 helyett haszn\u00e1lod, hamar visszaj\u00f6n az \u00e1ra a megsp\u00f3rolt benzinb\u0151l. Arr\u00f3l nem is besz\u00e9lve, hogy ha eg\u00e9szs\u00e9ges maradsz, nem kell gy\u00f3gyszerre k\u00f6ltened vagy kimaradnod a munk\u00e1b\u00f3l.<\/p>\n<figure id=\"attachment_8028\" aria-describedby=\"caption-attachment-8028\" style=\"width: 980px\" class=\"wp-caption aligncenter\"><img loading=\"lazy\" decoding=\"async\" class=\"size-full wp-image-8028\" src=\"https:\/\/d2p6e6u75xmxt8.cloudfront.net\/12\/2020\/07\/charging-station-for-e-bikes-stands-next-to-a-bicycle-rack-news-photo-1592254294.jpg\" alt=\"\" width=\"980\" height=\"654\" \/><figcaption id=\"caption-attachment-8028\" class=\"wp-caption-text\">Thomas Trutschel Getty Images<\/figcaption><\/figure>\n<p>Forr\u00e1s: <a href=\"https:\/\/www.bicycling.com\/skills-tips\/a20044021\/13-things-about-e-bikes\/\">bicycling.com<\/a><\/p>\n","protected":false},"excerpt":{"rendered":"<p>Az e-ker\u00e9kp\u00e1rok piaca egyre n\u0151, \u00fagy t\u0171nik, hozz\u00e1 kell szoknunk a l\u00e1tv\u00e1nyukhoz, vagy ak\u00e1r a haszn\u00e1latukhoz is. Ennek van, aki [&hellip;]<\/p>\n","protected":false},"author":71,"featured_media":8026,"comment_status":"open","ping_status":"open","sticky":false,"template":"","format":"standard","meta":{"footnotes":""},"categories":[6],"tags":[],"global-categories":[],"class_list":["post-8023","post","type-post","status-publish","format-standard","has-post-thumbnail","hentry","category-edzes-es-eletmod"],"yoast_head":"<!-- This site is optimized with the Yoast SEO Premium plugin v25.3 (Yoast SEO v25.9) - https:\/\/yoast.com\/wordpress\/plugins\/seo\/ -->\n<title>7 \u00e9rv az elektromos bring\u00e1k mellett - \u0160koda We Love Cycling - Magyarorsz\u00e1g<\/title>\n<meta name=\"robots\" content=\"index, follow, max-snippet:-1, max-image-preview:large, max-video-preview:-1\" \/>\n<link rel=\"canonical\" href=\"https:\/\/www.welovecycling.com\/hu\/edzes-es-eletmod\/7-erv-az-elektromos-bringak-mellett\/\" \/>\n<meta property=\"og:locale\" content=\"hu_HU\" \/>\n<meta property=\"og:type\" content=\"article\" \/>\n<meta property=\"og:title\" content=\"7 \u00e9rv az elektromos bring\u00e1k mellett\" \/>\n<meta property=\"og:description\" content=\"Az e-ker\u00e9kp\u00e1rok piaca egyre n\u0151, \u00fagy t\u0171nik, hozz\u00e1 kell szoknunk a l\u00e1tv\u00e1nyukhoz, vagy ak\u00e1r a haszn\u00e1latukhoz is. Ennek van, aki [&hellip;]\" \/>\n<meta property=\"og:url\" content=\"https:\/\/www.welovecycling.com\/hu\/edzes-es-eletmod\/7-erv-az-elektromos-bringak-mellett\/\" \/>\n<meta property=\"og:site_name\" content=\"\u0160koda We Love Cycling - Magyarorsz\u00e1g\" \/>\n<meta property=\"article:publisher\" content=\"https:\/\/www.facebook.com\/WeLoveCyclingHungary\/\" \/>\n<meta property=\"article:published_time\" content=\"2020-07-12T07:00:37+00:00\" \/>\n<meta property=\"og:image\" content=\"https:\/\/d2p6e6u75xmxt8.cloudfront.net\/12\/2020\/07\/young-male-commuter-locking-electric-bicycle-royalty-free-image-1592254904.jpg\" \/>\n\t<meta property=\"og:image:width\" content=\"980\" \/>\n\t<meta property=\"og:image:height\" content=\"978\" \/>\n\t<meta property=\"og:image:type\" content=\"image\/jpeg\" \/>\n<meta name=\"author\" content=\"hegyizs\" \/>\n<meta name=\"twitter:card\" content=\"summary_large_image\" \/>\n<meta name=\"twitter:label1\" content=\"Written by\" \/>\n\t<meta name=\"twitter:data1\" content=\"WLC\" \/>\n\t<meta name=\"twitter:label2\" content=\"Est. reading time\" \/>\n\t<meta name=\"twitter:data2\" content=\"3 minutes\" \/>\n<script type=\"application\/ld+json\" class=\"yoast-schema-graph\">{\"@context\":\"https:\/\/schema.org\",\"@graph\":[{\"@type\":\"WebPage\",\"@id\":\"https:\/\/www.welovecycling.com\/hu\/edzes-es-eletmod\/7-erv-az-elektromos-bringak-mellett\/\",\"url\":\"https:\/\/www.welovecycling.com\/hu\/edzes-es-eletmod\/7-erv-az-elektromos-bringak-mellett\/\",\"name\":\"7 \u00e9rv az elektromos bring\u00e1k mellett - \u0160koda We Love Cycling - Magyarorsz\u00e1g\",\"isPartOf\":{\"@id\":\"https:\/\/www.welovecycling.com\/hu\/#website\"},\"primaryImageOfPage\":{\"@id\":\"https:\/\/www.welovecycling.com\/hu\/edzes-es-eletmod\/7-erv-az-elektromos-bringak-mellett\/#primaryimage\"},\"image\":{\"@id\":\"https:\/\/www.welovecycling.com\/hu\/edzes-es-eletmod\/7-erv-az-elektromos-bringak-mellett\/#primaryimage\"},\"thumbnailUrl\":\"https:\/\/d2p6e6u75xmxt8.cloudfront.net\/12\/2020\/07\/young-male-commuter-locking-electric-bicycle-royalty-free-image-1592254904.jpg\",\"datePublished\":\"2020-07-12T07:00:37+00:00\",\"author\":{\"@id\":\"https:\/\/www.welovecycling.com\/hu\/#\/schema\/person\/414a2aebf1801691a5320edb6468e194\"},\"breadcrumb\":{\"@id\":\"https:\/\/www.welovecycling.com\/hu\/edzes-es-eletmod\/7-erv-az-elektromos-bringak-mellett\/#breadcrumb\"},\"inLanguage\":\"hu\",\"potentialAction\":[{\"@type\":\"ReadAction\",\"target\":[\"https:\/\/www.welovecycling.com\/hu\/edzes-es-eletmod\/7-erv-az-elektromos-bringak-mellett\/\"]}]},{\"@type\":\"ImageObject\",\"inLanguage\":\"hu\",\"@id\":\"https:\/\/www.welovecycling.com\/hu\/edzes-es-eletmod\/7-erv-az-elektromos-bringak-mellett\/#primaryimage\",\"url\":\"https:\/\/d2p6e6u75xmxt8.cloudfront.net\/12\/2020\/07\/young-male-commuter-locking-electric-bicycle-royalty-free-image-1592254904.jpg\",\"contentUrl\":\"https:\/\/d2p6e6u75xmxt8.cloudfront.net\/12\/2020\/07\/young-male-commuter-locking-electric-bicycle-royalty-free-image-1592254904.jpg\",\"width\":980,\"height\":978},{\"@type\":\"BreadcrumbList\",\"@id\":\"https:\/\/www.welovecycling.com\/hu\/edzes-es-eletmod\/7-erv-az-elektromos-bringak-mellett\/#breadcrumb\",\"itemListElement\":[{\"@type\":\"ListItem\",\"position\":1,\"name\":\"Home\",\"item\":\"https:\/\/www.welovecycling.com\/hu\/\"},{\"@type\":\"ListItem\",\"position\":2,\"name\":\"7 \u00e9rv az elektromos bring\u00e1k mellett\"}]},{\"@type\":\"WebSite\",\"@id\":\"https:\/\/www.welovecycling.com\/hu\/#website\",\"url\":\"https:\/\/www.welovecycling.com\/hu\/\",\"name\":\"\u0160koda We Love Cycling - Magyarorsz\u00e1g\",\"description\":\"\u0160koda WeLoveCycling\",\"potentialAction\":[{\"@type\":\"SearchAction\",\"target\":{\"@type\":\"EntryPoint\",\"urlTemplate\":\"https:\/\/www.welovecycling.com\/hu\/?s={search_term_string}\"},\"query-input\":{\"@type\":\"PropertyValueSpecification\",\"valueRequired\":true,\"valueName\":\"search_term_string\"}}],\"inLanguage\":\"hu\"},{\"@type\":\"Person\",\"@id\":\"https:\/\/www.welovecycling.com\/hu\/#\/schema\/person\/414a2aebf1801691a5320edb6468e194\",\"name\":\"hegyizs\",\"image\":{\"@type\":\"ImageObject\",\"inLanguage\":\"hu\",\"@id\":\"https:\/\/www.welovecycling.com\/hu\/#\/schema\/person\/image\/\",\"url\":\"https:\/\/secure.gravatar.com\/avatar\/02cf8a7906b8cf90cecb4679defac7cfd33a1c2e3b88e4903d947f3bb58eedd3?s=96&d=mm&r=g\",\"contentUrl\":\"https:\/\/secure.gravatar.com\/avatar\/02cf8a7906b8cf90cecb4679defac7cfd33a1c2e3b88e4903d947f3bb58eedd3?s=96&d=mm&r=g\",\"caption\":\"hegyizs\"},\"url\":\"https:\/\/www.welovecycling.com\/hu\/author\/hegyizs\/\"}]}<\/script>\n<!-- \/ Yoast SEO Premium plugin. -->","yoast_head_json":{"title":"7 \u00e9rv az elektromos bring\u00e1k mellett - \u0160koda We Love Cycling - Magyarorsz\u00e1g","robots":{"index":"index","follow":"follow","max-snippet":"max-snippet:-1","max-image-preview":"max-image-preview:large","max-video-preview":"max-video-preview:-1"},"canonical":"https:\/\/www.welovecycling.com\/hu\/edzes-es-eletmod\/7-erv-az-elektromos-bringak-mellett\/","og_locale":"hu_HU","og_type":"article","og_title":"7 \u00e9rv az elektromos bring\u00e1k mellett","og_description":"Az e-ker\u00e9kp\u00e1rok piaca egyre n\u0151, \u00fagy t\u0171nik, hozz\u00e1 kell szoknunk a l\u00e1tv\u00e1nyukhoz, vagy ak\u00e1r a haszn\u00e1latukhoz is. Ennek van, aki [&hellip;]","og_url":"https:\/\/www.welovecycling.com\/hu\/edzes-es-eletmod\/7-erv-az-elektromos-bringak-mellett\/","og_site_name":"\u0160koda We Love Cycling - Magyarorsz\u00e1g","article_publisher":"https:\/\/www.facebook.com\/WeLoveCyclingHungary\/","article_published_time":"2020-07-12T07:00:37+00:00","og_image":[{"width":980,"height":978,"url":"https:\/\/d2p6e6u75xmxt8.cloudfront.net\/12\/2020\/07\/young-male-commuter-locking-electric-bicycle-royalty-free-image-1592254904.jpg","type":"image\/jpeg"}],"author":"hegyizs","twitter_card":"summary_large_image","twitter_misc":{"Written by":"WLC","Est. reading time":"3 minutes"},"schema":{"@context":"https:\/\/schema.org","@graph":[{"@type":"WebPage","@id":"https:\/\/www.welovecycling.com\/hu\/edzes-es-eletmod\/7-erv-az-elektromos-bringak-mellett\/","url":"https:\/\/www.welovecycling.com\/hu\/edzes-es-eletmod\/7-erv-az-elektromos-bringak-mellett\/","name":"7 \u00e9rv az elektromos bring\u00e1k mellett - \u0160koda We Love Cycling - Magyarorsz\u00e1g","isPartOf":{"@id":"https:\/\/www.welovecycling.com\/hu\/#website"},"primaryImageOfPage":{"@id":"https:\/\/www.welovecycling.com\/hu\/edzes-es-eletmod\/7-erv-az-elektromos-bringak-mellett\/#primaryimage"},"image":{"@id":"https:\/\/www.welovecycling.com\/hu\/edzes-es-eletmod\/7-erv-az-elektromos-bringak-mellett\/#primaryimage"},"thumbnailUrl":"https:\/\/d2p6e6u75xmxt8.cloudfront.net\/12\/2020\/07\/young-male-commuter-locking-electric-bicycle-royalty-free-image-1592254904.jpg","datePublished":"2020-07-12T07:00:37+00:00","author":{"@id":"https:\/\/www.welovecycling.com\/hu\/#\/schema\/person\/414a2aebf1801691a5320edb6468e194"},"breadcrumb":{"@id":"https:\/\/www.welovecycling.com\/hu\/edzes-es-eletmod\/7-erv-az-elektromos-bringak-mellett\/#breadcrumb"},"inLanguage":"hu","potentialAction":[{"@type":"ReadAction","target":["https:\/\/www.welovecycling.com\/hu\/edzes-es-eletmod\/7-erv-az-elektromos-bringak-mellett\/"]}]},{"@type":"ImageObject","inLanguage":"hu","@id":"https:\/\/www.welovecycling.com\/hu\/edzes-es-eletmod\/7-erv-az-elektromos-bringak-mellett\/#primaryimage","url":"https:\/\/d2p6e6u75xmxt8.cloudfront.net\/12\/2020\/07\/young-male-commuter-locking-electric-bicycle-royalty-free-image-1592254904.jpg","contentUrl":"https:\/\/d2p6e6u75xmxt8.cloudfront.net\/12\/2020\/07\/young-male-commuter-locking-electric-bicycle-royalty-free-image-1592254904.jpg","width":980,"height":978},{"@type":"BreadcrumbList","@id":"https:\/\/www.welovecycling.com\/hu\/edzes-es-eletmod\/7-erv-az-elektromos-bringak-mellett\/#breadcrumb","itemListElement":[{"@type":"ListItem","position":1,"name":"Home","item":"https:\/\/www.welovecycling.com\/hu\/"},{"@type":"ListItem","position":2,"name":"7 \u00e9rv az elektromos bring\u00e1k mellett"}]},{"@type":"WebSite","@id":"https:\/\/www.welovecycling.com\/hu\/#website","url":"https:\/\/www.welovecycling.com\/hu\/","name":"\u0160koda We Love Cycling - Magyarorsz\u00e1g","description":"\u0160koda WeLoveCycling","potentialAction":[{"@type":"SearchAction","target":{"@type":"EntryPoint","urlTemplate":"https:\/\/www.welovecycling.com\/hu\/?s={search_term_string}"},"query-input":{"@type":"PropertyValueSpecification","valueRequired":true,"valueName":"search_term_string"}}],"inLanguage":"hu"},{"@type":"Person","@id":"https:\/\/www.welovecycling.com\/hu\/#\/schema\/person\/414a2aebf1801691a5320edb6468e194","name":"hegyizs","image":{"@type":"ImageObject","inLanguage":"hu","@id":"https:\/\/www.welovecycling.com\/hu\/#\/schema\/person\/image\/","url":"https:\/\/secure.gravatar.com\/avatar\/02cf8a7906b8cf90cecb4679defac7cfd33a1c2e3b88e4903d947f3bb58eedd3?s=96&d=mm&r=g","contentUrl":"https:\/\/secure.gravatar.com\/avatar\/02cf8a7906b8cf90cecb4679defac7cfd33a1c2e3b88e4903d947f3bb58eedd3?s=96&d=mm&r=g","caption":"hegyizs"},"url":"https:\/\/www.welovecycling.com\/hu\/author\/hegyizs\/"}]}},"_links":{"self":[{"href":"https:\/\/www.welovecycling.com\/hu\/wp-json\/wp\/v2\/posts\/8023","targetHints":{"allow":["GET"]}}],"collection":[{"href":"https:\/\/www.welovecycling.com\/hu\/wp-json\/wp\/v2\/posts"}],"about":[{"href":"https:\/\/www.welovecycling.com\/hu\/wp-json\/wp\/v2\/types\/post"}],"author":[{"embeddable":true,"href":"https:\/\/www.welovecycling.com\/hu\/wp-json\/wp\/v2\/users\/71"}],"replies":[{"embeddable":true,"href":"https:\/\/www.welovecycling.com\/hu\/wp-json\/wp\/v2\/comments?post=8023"}],"version-history":[{"count":2,"href":"https:\/\/www.welovecycling.com\/hu\/wp-json\/wp\/v2\/posts\/8023\/revisions"}],"predecessor-version":[{"id":8030,"href":"https:\/\/www.welovecycling.com\/hu\/wp-json\/wp\/v2\/posts\/8023\/revisions\/8030"}],"wp:featuredmedia":[{"embeddable":true,"href":"https:\/\/www.welovecycling.com\/hu\/wp-json\/wp\/v2\/media\/8026"}],"wp:attachment":[{"href":"https:\/\/www.welovecycling.com\/hu\/wp-json\/wp\/v2\/media?parent=8023"}],"wp:term":[{"taxonomy":"category","embeddable":true,"href":"https:\/\/www.welovecycling.com\/hu\/wp-json\/wp\/v2\/categories?post=8023"},{"taxonomy":"post_tag","embeddable":true,"href":"https:\/\/www.welovecycling.com\/hu\/wp-json\/wp\/v2\/tags?post=8023"},{"taxonomy":"global-categories","embeddable":true,"href":"https:\/\/www.welovecycling.com\/hu\/wp-json\/wp\/v2\/global-categories?post=8023"}],"curies":[{"name":"wp","href":"https:\/\/api.w.org\/{rel}","templated":true}]}}