{"id":8017,"date":"2020-07-11T08:00:06","date_gmt":"2020-07-11T07:00:06","guid":{"rendered":"https:\/\/www.welovecycling.com\/hu\/?p=8017"},"modified":"2020-07-03T13:50:03","modified_gmt":"2020-07-03T12:50:03","slug":"az-elso-brit-csapat-aki-megjarta-a-tour-t","status":"publish","type":"post","link":"https:\/\/www.welovecycling.com\/hu\/kozosseg-es-kultura\/az-elso-brit-csapat-aki-megjarta-a-tour-t\/","title":{"rendered":"Az els\u0151 brit csapat, aki megj\u00e1rta a Tour-t"},"content":{"rendered":"<p><strong>65 \u00e9vvel ezel\u0151tt Nagy-Britannia el\u0151sz\u00f6r vett r\u00e9szt a Tour de France versenyen. A nemzet minden rem\u00e9nye a csapatban \u00e9s vezet\u0151j\u00fckben volt: Cozen k\u00eds\u00e9rte el izgalmas \u00fatj\u00e1ra Steelt, Maitlandet, Hoart, Robinsont \u00e9s Krebs-t.<\/strong><!--more--><\/p>\n<p>1995-ben, a Tour utols\u00f3 szakasz\u00e1t megel\u0151z\u0151 \u00e9jszak\u00e1n, a brit Brian Robinson \u00e9s Tony Hoar nem tudtak aludni. H\u00e1tuk m\u00f6g\u00f6tt 4,247 km k\u0151kem\u00e9ny verseny, buk\u00e1sok \u00e9s defektek, h\u00e1rom h\u00e9t \u00fattalan utakon, hegyeken \u00e9s v\u00f6lgyeken \u00e1t. Most m\u00e1r csak 229 km \u00e1ll el\u0151tt\u00fck, a szakasz Tours \u00e9s P\u00e1rizs k\u00f6z\u00f6tt, \u00e9s a v\u00e9gs\u0151 sprint a h\u00edres Parc de Princes-en \u00e1t.<\/p>\n<p>Ugyanezen a napon, kor\u00e1bban, a brit csapat 68,6 km-t tekert, Hoar 1 perccel \u00e9s 22 m\u00e1sodperccel hagyta le Robinsont. M\u00e9gis Robinson aratott nagyobb sikert: 40 hellyel l\u00e9pett feljebb az \u00f6sszes\u00edt\u0151 rangsorban.<\/p>\n<p>V\u00e9g\u00fcl csak elj\u00f6tt a hajnal. J\u00falius 30, szombat. P\u00e1r \u00f3ra m\u00falva a Tour harmadszoros bajnokk\u00e9nt fogja \u00fcnnepelni Louison Bobet-et.<\/p>\n<p>6 \u00f3r\u00e1val, 38 perccel \u00e9s 39 m\u00e1sodperccel azut\u00e1n, hogy Robinson \u00e9s Hoar elhagyta Tours v\u00e1ros\u00e1t, be\u00e9rtek a c\u00e9lba, 68 m\u00e1sik ker\u00e9kp\u00e1rossal egyetemben. A briteket melegen fogadta a p\u00e1rizsi t\u00f6meg. Robinson a 29. helyet szerezte meg, Hoar pedig a 69. lett, majdnem egy \u00f3r\u00e1val lemaradva a 68. befut\u00f3t\u00f3l, Henri Sitek-t\u0151l. Az \u00fat fel\u00e9n\u00e9l j\u00e1rhatott, amikor a brit sajt\u00f3 lehozta, hogy nem fogja tudni megcsin\u00e1lni, \u00edgy, amikor c\u00e9lba \u00e9rt, hatalmas \u00fcdvrialg\u00e1s fogadta.<\/p>\n<figure id=\"attachment_8019\" aria-describedby=\"caption-attachment-8019\" style=\"width: 441px\" class=\"wp-caption aligncenter\"><img loading=\"lazy\" decoding=\"async\" class=\"size-full wp-image-8019\" src=\"https:\/\/d2p6e6u75xmxt8.cloudfront.net\/12\/2020\/07\/GB-TdF55_GettyImages-119265816_393890522_653403611-441x620-1.jpg\" alt=\"\" width=\"441\" height=\"620\" \/><figcaption id=\"caption-attachment-8019\" class=\"wp-caption-text\">K\u00e9p: \u00a0Bert Hardy\/Picture Post\/Hulton Archive\/Getty Images<\/figcaption><\/figure>\n<p>Hoar-nak t\u00e9nyleg nem volt k\u00f6nny\u0171 dolga, nem t\u00faloztak az \u00fajs\u00e1gok: Monacoban h\u00e1romszor esett a hegyi szakaszokon, \u00edgy nem \u00e9rt be id\u0151ben. M\u00e9gis folytathatta a versenyt, azonban a forgalom nem kis gondot okozott neki a k\u00f6vetkez\u0151 szakaszon. De megcsin\u00e1lta, \u00e9s amikor P\u00e1rizsba \u00e9rt, egy kis piros l\u00e1mp\u00e1st csatolt a bring\u00e1j\u00e1ra, \u00edgy \u00fcnnepelt. Szinte legend\u00e1v\u00e1 v\u00e1lt a fiatal angol: minden\u00e1ron teljes\u00edteni akarta a versenyt. Saj\u00e1t nemzeti h\u0151s\u00fck, Louis Robet ut\u00e1n Hoart v\u00e1rt\u00e1k a legink\u00e1bb a francia szurkol\u00f3k.<\/p>\n<p><em>\u201eEz volt \u00e9letem legkem\u00e9nyebb versenye. De tudtam, hogy meg\u00e9ri, \u00edgy nyomtam, ahogy csak tudtam\u201d<\/em> \u2013 nyilatkozta Hoar.<\/p>\n<p>Na \u00e9s Robinson? Igaz\u00e1n le volt ny\u0171g\u00f6zve. Egy angol lapnak \u00edgy nyilatkozott: <em>\u201eM\u00e9g visszat\u00e9rek\u201d<\/em> \u2013 \u00e9s \u00edgy is lett.<\/p>\n<p>Charles Holland \u00e9s Bill Burl voltak az els\u0151 britek, akik r\u00e9szt vettek a versenyen, 1937-ben, egy h\u00e1romf\u0151s csapatban, a kanadai Pierre Gachon oldal\u00e1n. Azonban ekkor m\u00e9g nem volt m\u00f6g\u00f6tt\u00fck egy j\u00f3l m\u0171k\u00f6d\u0151 rendszer, mely t\u00e1mogatta volna \u0151ket, \u00edgy egyik\u00fck sem \u00e9rt be a c\u00e9lba. Az \u00f6tlet, hogy egy teljes, \u00e9s t\u00e1mogatott csapat induljon a Tour-on 1953-ban mer\u00fclt fel, a Sv\u00e9dorsz\u00e1gban megrendezett Vil\u00e1gbajnoks\u00e1gon.<\/p>\n<p>Ekkor kezd\u0151d\u00f6tt el ugyanis a p\u00e1rbesz\u00e9d, melynek indik\u00e1torai a <em>Cycling<\/em> \u00e9s a <em>The Bicycle<\/em> magazinok voltak: mi\u00e9rt is ne indulhatn\u00e1nak angol versenyz\u0151k is a francia versenyen?<\/p>\n<figure id=\"attachment_8020\" aria-describedby=\"caption-attachment-8020\" style=\"width: 546px\" class=\"wp-caption aligncenter\"><img loading=\"lazy\" decoding=\"async\" class=\"size-full wp-image-8020\" src=\"https:\/\/d2p6e6u75xmxt8.cloudfront.net\/12\/2020\/07\/GB-TdF55_GettyImages-164597845_393890571_653403611-546x830-1.jpg\" alt=\"\" width=\"546\" height=\"830\" \/><figcaption id=\"caption-attachment-8020\" class=\"wp-caption-text\">Photo by Bert Hardy\/Picture Post\/Hulton Archive\/Getty Images<\/figcaption><\/figure>\n<p>A diskurzusban r\u00e9szt vett D. D. Mac McLahan, a Hercules bringa-gy\u00e1rt\u00f3 c\u00e9g vezet\u0151je is. Remek lehet\u0151s\u00e9get szimatolt meg: b\u00e1r a csapatok nemzeti sz\u00ednekben indultak, nem pedig m\u00e1rk\u00e1k\u00e9ban, m\u00e9gis nagy szerepet rem\u00e9lt t\u00e1mogat\u00f3k\u00e9nt a c\u00e9gvezet\u0151.<\/p>\n<p>1954 november\u00e9ben megsz\u00fcletett a d\u00f6nt\u00e9s: indul Nagy-Britannia a versenyen. 1955 elej\u00e9n a Hercules elk\u00fcldte a versenyz\u0151iket C\u00f4te d&#8217;Azurba, hogy fejl\u0151djenek \u00e9s megszerezz\u00e9k a nagyon is sz\u00fcks\u00e9ges eur\u00f3pai tapasztalatokat. J\u00faniusban kiv\u00e1lasztott\u00e1k azokat a versenyz\u0151ket, akik indulnak majd a francia versenyen: Dave Bedwell (Romford), Tony Hoar (Emsworth), Stan Jones (Birmingham), Fred Krebs (Cambridge), Bob Maitland (Birmingham), Ken Mitchell (Kenton), Bernard Pusey (Redhill), Brian Robinson (Huddersfield), Ian Steel (Glasgow) \u00e9s Bevis Wood (Manchester). A 10 indul\u00f3 k\u00f6z\u00fcl 6 a Hercules ker\u00e9kp\u00e1rosa volt, \u0151ket Syd Cozens, a c\u00e9g menedzsere vezette.<\/p>\n<p>Huszonn\u00e9gy nappal k\u00e9s\u0151bb ez a 10 ember rajthoz \u00e1llt \u00e9s t\u00f6rt\u00e9nelmet \u00edrt. A dolog b\u00e1rhogy els\u00fclhetett. A L\u2019\u00c9quipe magazin \u00edgy \u00edrt a csapatr\u00f3l: <em>\u201eT\u00f6bb benn\u00fck a b\u00e1tors\u00e1g, mint a tapasztalat.\u201d<\/em> Az anyaorsz\u00e1gban pedig: <em>\u201eVan es\u00e9ly\u00fcnk? \u0150szint\u00e9n, nincs\u2026 m\u00e1r az is j\u00f3, ha egy\u00e1ltal\u00e1n be\u00e9r valamelyik\u00fck.\u201d<\/em><\/p>\n<p>Val\u00f3ban nem indult j\u00f3l a verseny, h\u00e1rom szakasz alatt h\u00e1rman is kiestek. A csapattagok k\u00f6z\u00f6tt tapinthat\u00f3 volt a fesz\u00fclts\u00e9g, r\u00e1ad\u00e1sul sz\u00e1mos defektet is elszenvedtek. Az els\u0151t mind\u00f6ssze 30 perccel a rajt ut\u00e1n. Ahogy Rouge pr\u00f3b\u00e1lta felpump\u00e1lni a lapos kereket, az sz\u00e9tdurrant, \u00edgy cser\u00e9lni kellett.<\/p>\n<figure id=\"attachment_8021\" aria-describedby=\"caption-attachment-8021\" style=\"width: 620px\" class=\"wp-caption aligncenter\"><img loading=\"lazy\" decoding=\"async\" class=\"size-full wp-image-8021\" src=\"https:\/\/d2p6e6u75xmxt8.cloudfront.net\/12\/2020\/07\/GB-TdF55_GettyImages-164829512_393890601_653403611-620x371-1.jpg\" alt=\"\" width=\"620\" height=\"371\" \/><figcaption id=\"caption-attachment-8021\" class=\"wp-caption-text\">Robinson \u00e9s Krebs. K\u00e9p:Bert Hardy\/Picture Post\/Hulton Archive\/Getty Images<\/figcaption><\/figure>\n<p>A verseny el\u0151rehaladt\u00e1val egyre d\u0151ltek ki a brit versenyz\u0151k. Jones a hetedik szakaszban, Steel egy kem\u00e9ny m\u00e1sz\u00e1s ut\u00e1n, Maitland baleset k\u00f6vetkezt\u00e9ben a kilencedik \u00e1llom\u00e1s el\u0151tt. Fent is maradt r\u00f3la egy fot\u00f3, amin egy fal tetej\u00e9n \u00fcl, v\u00e9rz\u0151 k\u00f6ny\u00f6kkel \u00e9s egy h\u00e1ziasszony l\u00e1tja el a sebeit. Krebs \u00e9s Mitchell m\u00e9g Avignon el\u0151tt b\u00facs\u00faztak a versenyt\u0151l. 11 szakasz volt h\u00e1tra, \u00e9s mind\u00f6ssze k\u00e9t ker\u00e9kp\u00e1ros k\u00e9pviselte az angol nemzetet.<\/p>\n<p>Nem csoda h\u00e1t, hogy hatalmas \u00fcdvrivalg\u00e1s fogadta Robinsont \u00e9s Hoar-t, amikor be\u00e9rtek a c\u00e9lba. Robinson remek\u00fcl teljes\u00edtett, egyes \u00edr\u00e1sok szerint <em>\u201e\u00fagy szenvedett, ahogy m\u00e9g soha nem szenvedett angol ker\u00e9kp\u00e1ros.\u201d<\/em> 39 versenyt\u00e1rs\u00e1t hagyta le, emelked\u0151n \u2013 szinte rep\u00fclt. \u00cdgy v\u00e9gzett v\u00e9g\u00fcl a 29. helyen.<\/p>\n<p>Az els\u0151 megm\u00e9rettet\u00e9s \u00f3ta eltelt 65 \u00e9vben Nagy-Britannia hatszor szerezte meg a Tour els\u0151 hely\u00e9t. Minden kezdet neh\u00e9z \u2013 neh\u00e9z, de egyben csod\u00e1latra m\u00e9lt\u00f3 is.<\/p>\n<p><em>Forr\u00e1s: <\/em><a href=\"https:\/\/www.cyclingweekly.com\/news\/racing\/tour-de-france\/the-story-of-britains-first-ever-tour-de-france-team-45872Z\"><em>cyclingweekly.com<\/em><\/a><\/p>\n","protected":false},"excerpt":{"rendered":"<p>65 \u00e9vvel ezel\u0151tt Nagy-Britannia el\u0151sz\u00f6r vett r\u00e9szt a Tour de France versenyen. A nemzet minden rem\u00e9nye a csapatban \u00e9s vezet\u0151j\u00fckben [&hellip;]<\/p>\n","protected":false},"author":71,"featured_media":8018,"comment_status":"open","ping_status":"open","sticky":false,"template":"","format":"standard","meta":{"footnotes":""},"categories":[12],"tags":[],"global-categories":[],"class_list":["post-8017","post","type-post","status-publish","format-standard","has-post-thumbnail","hentry","category-kozosseg-es-kultura"],"yoast_head":"<!-- This site is optimized with the Yoast SEO Premium plugin v25.3 (Yoast SEO v25.9) - https:\/\/yoast.com\/wordpress\/plugins\/seo\/ -->\n<title>Az els\u0151 brit csapat, aki megj\u00e1rta a Tour-t - \u0160koda We Love Cycling - Magyarorsz\u00e1g<\/title>\n<meta name=\"robots\" content=\"index, follow, max-snippet:-1, max-image-preview:large, max-video-preview:-1\" \/>\n<link rel=\"canonical\" href=\"https:\/\/www.welovecycling.com\/hu\/kozosseg-es-kultura\/az-elso-brit-csapat-aki-megjarta-a-tour-t\/\" \/>\n<meta property=\"og:locale\" content=\"hu_HU\" \/>\n<meta property=\"og:type\" content=\"article\" \/>\n<meta property=\"og:title\" content=\"Az els\u0151 brit csapat, aki megj\u00e1rta a Tour-t\" \/>\n<meta property=\"og:description\" content=\"65 \u00e9vvel ezel\u0151tt Nagy-Britannia el\u0151sz\u00f6r vett r\u00e9szt a Tour de France versenyen. A nemzet minden rem\u00e9nye a csapatban \u00e9s vezet\u0151j\u00fckben [&hellip;]\" \/>\n<meta property=\"og:url\" content=\"https:\/\/www.welovecycling.com\/hu\/kozosseg-es-kultura\/az-elso-brit-csapat-aki-megjarta-a-tour-t\/\" \/>\n<meta property=\"og:site_name\" content=\"\u0160koda We Love Cycling - Magyarorsz\u00e1g\" \/>\n<meta property=\"article:publisher\" content=\"https:\/\/www.facebook.com\/WeLoveCyclingHungary\/\" \/>\n<meta property=\"article:published_time\" content=\"2020-07-11T07:00:06+00:00\" \/>\n<meta property=\"og:image\" content=\"https:\/\/d2p6e6u75xmxt8.cloudfront.net\/12\/2020\/07\/GB-TdF55_GettyImages-3416139_393890642_653403611-copy-920x603-1.jpg\" \/>\n\t<meta property=\"og:image:width\" content=\"920\" \/>\n\t<meta property=\"og:image:height\" content=\"603\" \/>\n\t<meta property=\"og:image:type\" content=\"image\/jpeg\" \/>\n<meta name=\"author\" content=\"hegyizs\" \/>\n<meta name=\"twitter:card\" content=\"summary_large_image\" \/>\n<meta name=\"twitter:label1\" content=\"Written by\" \/>\n\t<meta name=\"twitter:data1\" content=\"WLC\" \/>\n\t<meta name=\"twitter:label2\" content=\"Est. reading time\" \/>\n\t<meta name=\"twitter:data2\" content=\"5 minutes\" \/>\n<script type=\"application\/ld+json\" class=\"yoast-schema-graph\">{\"@context\":\"https:\/\/schema.org\",\"@graph\":[{\"@type\":\"WebPage\",\"@id\":\"https:\/\/www.welovecycling.com\/hu\/kozosseg-es-kultura\/az-elso-brit-csapat-aki-megjarta-a-tour-t\/\",\"url\":\"https:\/\/www.welovecycling.com\/hu\/kozosseg-es-kultura\/az-elso-brit-csapat-aki-megjarta-a-tour-t\/\",\"name\":\"Az els\u0151 brit csapat, aki megj\u00e1rta a Tour-t - \u0160koda We Love Cycling - Magyarorsz\u00e1g\",\"isPartOf\":{\"@id\":\"https:\/\/www.welovecycling.com\/hu\/#website\"},\"primaryImageOfPage\":{\"@id\":\"https:\/\/www.welovecycling.com\/hu\/kozosseg-es-kultura\/az-elso-brit-csapat-aki-megjarta-a-tour-t\/#primaryimage\"},\"image\":{\"@id\":\"https:\/\/www.welovecycling.com\/hu\/kozosseg-es-kultura\/az-elso-brit-csapat-aki-megjarta-a-tour-t\/#primaryimage\"},\"thumbnailUrl\":\"https:\/\/d2p6e6u75xmxt8.cloudfront.net\/12\/2020\/07\/GB-TdF55_GettyImages-3416139_393890642_653403611-copy-920x603-1.jpg\",\"datePublished\":\"2020-07-11T07:00:06+00:00\",\"author\":{\"@id\":\"https:\/\/www.welovecycling.com\/hu\/#\/schema\/person\/414a2aebf1801691a5320edb6468e194\"},\"breadcrumb\":{\"@id\":\"https:\/\/www.welovecycling.com\/hu\/kozosseg-es-kultura\/az-elso-brit-csapat-aki-megjarta-a-tour-t\/#breadcrumb\"},\"inLanguage\":\"hu\",\"potentialAction\":[{\"@type\":\"ReadAction\",\"target\":[\"https:\/\/www.welovecycling.com\/hu\/kozosseg-es-kultura\/az-elso-brit-csapat-aki-megjarta-a-tour-t\/\"]}]},{\"@type\":\"ImageObject\",\"inLanguage\":\"hu\",\"@id\":\"https:\/\/www.welovecycling.com\/hu\/kozosseg-es-kultura\/az-elso-brit-csapat-aki-megjarta-a-tour-t\/#primaryimage\",\"url\":\"https:\/\/d2p6e6u75xmxt8.cloudfront.net\/12\/2020\/07\/GB-TdF55_GettyImages-3416139_393890642_653403611-copy-920x603-1.jpg\",\"contentUrl\":\"https:\/\/d2p6e6u75xmxt8.cloudfront.net\/12\/2020\/07\/GB-TdF55_GettyImages-3416139_393890642_653403611-copy-920x603-1.jpg\",\"width\":920,\"height\":603},{\"@type\":\"BreadcrumbList\",\"@id\":\"https:\/\/www.welovecycling.com\/hu\/kozosseg-es-kultura\/az-elso-brit-csapat-aki-megjarta-a-tour-t\/#breadcrumb\",\"itemListElement\":[{\"@type\":\"ListItem\",\"position\":1,\"name\":\"Home\",\"item\":\"https:\/\/www.welovecycling.com\/hu\/\"},{\"@type\":\"ListItem\",\"position\":2,\"name\":\"Az els\u0151 brit csapat, aki megj\u00e1rta a Tour-t\"}]},{\"@type\":\"WebSite\",\"@id\":\"https:\/\/www.welovecycling.com\/hu\/#website\",\"url\":\"https:\/\/www.welovecycling.com\/hu\/\",\"name\":\"\u0160koda We Love Cycling - Magyarorsz\u00e1g\",\"description\":\"\u0160koda WeLoveCycling\",\"potentialAction\":[{\"@type\":\"SearchAction\",\"target\":{\"@type\":\"EntryPoint\",\"urlTemplate\":\"https:\/\/www.welovecycling.com\/hu\/?s={search_term_string}\"},\"query-input\":{\"@type\":\"PropertyValueSpecification\",\"valueRequired\":true,\"valueName\":\"search_term_string\"}}],\"inLanguage\":\"hu\"},{\"@type\":\"Person\",\"@id\":\"https:\/\/www.welovecycling.com\/hu\/#\/schema\/person\/414a2aebf1801691a5320edb6468e194\",\"name\":\"hegyizs\",\"image\":{\"@type\":\"ImageObject\",\"inLanguage\":\"hu\",\"@id\":\"https:\/\/www.welovecycling.com\/hu\/#\/schema\/person\/image\/\",\"url\":\"https:\/\/secure.gravatar.com\/avatar\/02cf8a7906b8cf90cecb4679defac7cfd33a1c2e3b88e4903d947f3bb58eedd3?s=96&d=mm&r=g\",\"contentUrl\":\"https:\/\/secure.gravatar.com\/avatar\/02cf8a7906b8cf90cecb4679defac7cfd33a1c2e3b88e4903d947f3bb58eedd3?s=96&d=mm&r=g\",\"caption\":\"hegyizs\"},\"url\":\"https:\/\/www.welovecycling.com\/hu\/author\/hegyizs\/\"}]}<\/script>\n<!-- \/ Yoast SEO Premium plugin. -->","yoast_head_json":{"title":"Az els\u0151 brit csapat, aki megj\u00e1rta a Tour-t - \u0160koda We Love Cycling - Magyarorsz\u00e1g","robots":{"index":"index","follow":"follow","max-snippet":"max-snippet:-1","max-image-preview":"max-image-preview:large","max-video-preview":"max-video-preview:-1"},"canonical":"https:\/\/www.welovecycling.com\/hu\/kozosseg-es-kultura\/az-elso-brit-csapat-aki-megjarta-a-tour-t\/","og_locale":"hu_HU","og_type":"article","og_title":"Az els\u0151 brit csapat, aki megj\u00e1rta a Tour-t","og_description":"65 \u00e9vvel ezel\u0151tt Nagy-Britannia el\u0151sz\u00f6r vett r\u00e9szt a Tour de France versenyen. A nemzet minden rem\u00e9nye a csapatban \u00e9s vezet\u0151j\u00fckben [&hellip;]","og_url":"https:\/\/www.welovecycling.com\/hu\/kozosseg-es-kultura\/az-elso-brit-csapat-aki-megjarta-a-tour-t\/","og_site_name":"\u0160koda We Love Cycling - Magyarorsz\u00e1g","article_publisher":"https:\/\/www.facebook.com\/WeLoveCyclingHungary\/","article_published_time":"2020-07-11T07:00:06+00:00","og_image":[{"width":920,"height":603,"url":"https:\/\/d2p6e6u75xmxt8.cloudfront.net\/12\/2020\/07\/GB-TdF55_GettyImages-3416139_393890642_653403611-copy-920x603-1.jpg","type":"image\/jpeg"}],"author":"hegyizs","twitter_card":"summary_large_image","twitter_misc":{"Written by":"WLC","Est. reading time":"5 minutes"},"schema":{"@context":"https:\/\/schema.org","@graph":[{"@type":"WebPage","@id":"https:\/\/www.welovecycling.com\/hu\/kozosseg-es-kultura\/az-elso-brit-csapat-aki-megjarta-a-tour-t\/","url":"https:\/\/www.welovecycling.com\/hu\/kozosseg-es-kultura\/az-elso-brit-csapat-aki-megjarta-a-tour-t\/","name":"Az els\u0151 brit csapat, aki megj\u00e1rta a Tour-t - \u0160koda We Love Cycling - Magyarorsz\u00e1g","isPartOf":{"@id":"https:\/\/www.welovecycling.com\/hu\/#website"},"primaryImageOfPage":{"@id":"https:\/\/www.welovecycling.com\/hu\/kozosseg-es-kultura\/az-elso-brit-csapat-aki-megjarta-a-tour-t\/#primaryimage"},"image":{"@id":"https:\/\/www.welovecycling.com\/hu\/kozosseg-es-kultura\/az-elso-brit-csapat-aki-megjarta-a-tour-t\/#primaryimage"},"thumbnailUrl":"https:\/\/d2p6e6u75xmxt8.cloudfront.net\/12\/2020\/07\/GB-TdF55_GettyImages-3416139_393890642_653403611-copy-920x603-1.jpg","datePublished":"2020-07-11T07:00:06+00:00","author":{"@id":"https:\/\/www.welovecycling.com\/hu\/#\/schema\/person\/414a2aebf1801691a5320edb6468e194"},"breadcrumb":{"@id":"https:\/\/www.welovecycling.com\/hu\/kozosseg-es-kultura\/az-elso-brit-csapat-aki-megjarta-a-tour-t\/#breadcrumb"},"inLanguage":"hu","potentialAction":[{"@type":"ReadAction","target":["https:\/\/www.welovecycling.com\/hu\/kozosseg-es-kultura\/az-elso-brit-csapat-aki-megjarta-a-tour-t\/"]}]},{"@type":"ImageObject","inLanguage":"hu","@id":"https:\/\/www.welovecycling.com\/hu\/kozosseg-es-kultura\/az-elso-brit-csapat-aki-megjarta-a-tour-t\/#primaryimage","url":"https:\/\/d2p6e6u75xmxt8.cloudfront.net\/12\/2020\/07\/GB-TdF55_GettyImages-3416139_393890642_653403611-copy-920x603-1.jpg","contentUrl":"https:\/\/d2p6e6u75xmxt8.cloudfront.net\/12\/2020\/07\/GB-TdF55_GettyImages-3416139_393890642_653403611-copy-920x603-1.jpg","width":920,"height":603},{"@type":"BreadcrumbList","@id":"https:\/\/www.welovecycling.com\/hu\/kozosseg-es-kultura\/az-elso-brit-csapat-aki-megjarta-a-tour-t\/#breadcrumb","itemListElement":[{"@type":"ListItem","position":1,"name":"Home","item":"https:\/\/www.welovecycling.com\/hu\/"},{"@type":"ListItem","position":2,"name":"Az els\u0151 brit csapat, aki megj\u00e1rta a Tour-t"}]},{"@type":"WebSite","@id":"https:\/\/www.welovecycling.com\/hu\/#website","url":"https:\/\/www.welovecycling.com\/hu\/","name":"\u0160koda We Love Cycling - Magyarorsz\u00e1g","description":"\u0160koda WeLoveCycling","potentialAction":[{"@type":"SearchAction","target":{"@type":"EntryPoint","urlTemplate":"https:\/\/www.welovecycling.com\/hu\/?s={search_term_string}"},"query-input":{"@type":"PropertyValueSpecification","valueRequired":true,"valueName":"search_term_string"}}],"inLanguage":"hu"},{"@type":"Person","@id":"https:\/\/www.welovecycling.com\/hu\/#\/schema\/person\/414a2aebf1801691a5320edb6468e194","name":"hegyizs","image":{"@type":"ImageObject","inLanguage":"hu","@id":"https:\/\/www.welovecycling.com\/hu\/#\/schema\/person\/image\/","url":"https:\/\/secure.gravatar.com\/avatar\/02cf8a7906b8cf90cecb4679defac7cfd33a1c2e3b88e4903d947f3bb58eedd3?s=96&d=mm&r=g","contentUrl":"https:\/\/secure.gravatar.com\/avatar\/02cf8a7906b8cf90cecb4679defac7cfd33a1c2e3b88e4903d947f3bb58eedd3?s=96&d=mm&r=g","caption":"hegyizs"},"url":"https:\/\/www.welovecycling.com\/hu\/author\/hegyizs\/"}]}},"_links":{"self":[{"href":"https:\/\/www.welovecycling.com\/hu\/wp-json\/wp\/v2\/posts\/8017","targetHints":{"allow":["GET"]}}],"collection":[{"href":"https:\/\/www.welovecycling.com\/hu\/wp-json\/wp\/v2\/posts"}],"about":[{"href":"https:\/\/www.welovecycling.com\/hu\/wp-json\/wp\/v2\/types\/post"}],"author":[{"embeddable":true,"href":"https:\/\/www.welovecycling.com\/hu\/wp-json\/wp\/v2\/users\/71"}],"replies":[{"embeddable":true,"href":"https:\/\/www.welovecycling.com\/hu\/wp-json\/wp\/v2\/comments?post=8017"}],"version-history":[{"count":1,"href":"https:\/\/www.welovecycling.com\/hu\/wp-json\/wp\/v2\/posts\/8017\/revisions"}],"predecessor-version":[{"id":8022,"href":"https:\/\/www.welovecycling.com\/hu\/wp-json\/wp\/v2\/posts\/8017\/revisions\/8022"}],"wp:featuredmedia":[{"embeddable":true,"href":"https:\/\/www.welovecycling.com\/hu\/wp-json\/wp\/v2\/media\/8018"}],"wp:attachment":[{"href":"https:\/\/www.welovecycling.com\/hu\/wp-json\/wp\/v2\/media?parent=8017"}],"wp:term":[{"taxonomy":"category","embeddable":true,"href":"https:\/\/www.welovecycling.com\/hu\/wp-json\/wp\/v2\/categories?post=8017"},{"taxonomy":"post_tag","embeddable":true,"href":"https:\/\/www.welovecycling.com\/hu\/wp-json\/wp\/v2\/tags?post=8017"},{"taxonomy":"global-categories","embeddable":true,"href":"https:\/\/www.welovecycling.com\/hu\/wp-json\/wp\/v2\/global-categories?post=8017"}],"curies":[{"name":"wp","href":"https:\/\/api.w.org\/{rel}","templated":true}]}}