{"id":8001,"date":"2020-07-09T08:00:07","date_gmt":"2020-07-09T07:00:07","guid":{"rendered":"https:\/\/www.welovecycling.com\/hu\/?p=8001"},"modified":"2020-07-03T13:48:12","modified_gmt":"2020-07-03T12:48:12","slug":"jot-tesz-a-gazdasagnak-a-bringas-infrastruktura","status":"publish","type":"post","link":"https:\/\/www.welovecycling.com\/hu\/varosi-kerekparozas\/jot-tesz-a-gazdasagnak-a-bringas-infrastruktura\/","title":{"rendered":"J\u00f3t tesz a gazdas\u00e1gnak a bring\u00e1s infrastrukt\u00fara"},"content":{"rendered":"<p><strong>Minden biciklis v\u00e1gya, hogy az eg\u00e9sz v\u00e1roson \u00e1t\u00edvel\u0151 ker\u00e9kp\u00e1r\u00fat-h\u00e1l\u00f3zatot tudhasson a kerekei alatt, azonban a legt\u00f6bb helyen t\u00f6bb a nem-bring\u00e1s lakos, mint a bring\u00e1s. Sz\u00e9lmalomharcot v\u00edvunk. Egy \u00faj kutat\u00e1s azonban a mi oldalunkon \u00e1ll: a tanulm\u00e1ny szerint a ker\u00e9kp\u00e1rutak nemcsak azoknak j\u00f3k, akik haszn\u00e1lj\u00e1k \u0151ket, hanem az \u00fczleteknek \u00e9s v\u00e1llalatoknak is.<\/strong><!--more--><\/p>\n<h2><strong>A kiskeresked\u0151k \u00e9s az \u00e9telfut\u00e1rok is j\u00f3l j\u00e1rnak<\/strong><\/h2>\n<p>A portlandi Stat University a non-profit PeopleForBikes szervezettel \u00f6sszefogva v\u00e9gezte el a kutat\u00e1st, mely sor\u00e1n hat v\u00e1rost \u2013 Portlandet, Seattle-t, San Franciscot, Memphist \u00e9s Indianapolist vizsg\u00e1lt\u00e1k. Az eredm\u00e9nyek \u00f6nmaguk\u00e9rt besz\u00e9lnek: az infrastruktur\u00e1lis fejleszt\u00e9sek, mint p\u00e9ld\u00e1ul a ker\u00e9kp\u00e1rutak, seg\u00edtik az \u00fczletek fellend\u00fcl\u00e9s\u00e9t, kiv\u00e1lt a kiskeresked\u00e9sek \u00e9s az \u00e9lelmiszer-ell\u00e1t\u00e1ssal foglalkoz\u00f3 szektorok eset\u00e9ben.<\/p>\n<figure id=\"attachment_8002\" aria-describedby=\"caption-attachment-8002\" style=\"width: 1250px\" class=\"wp-caption alignnone\"><img loading=\"lazy\" decoding=\"async\" class=\"size-full wp-image-8002\" src=\"https:\/\/d2p6e6u75xmxt8.cloudfront.net\/12\/2020\/07\/Bike-Lane-profimedia-0522416780.jpg\" alt=\"\" width=\"1250\" height=\"868\" \/><figcaption id=\"caption-attachment-8002\" class=\"wp-caption-text\"><em>Bicikli\u00fat Londonban: a fejleszt\u00e9s miatt egy s\u00e1vosra sz\u0171k\u00fclt az aut\u00f3\u00fat, ezzel is arra \u00f6szt\u00f6nzi a korm\u00e1ny a lakosokat, hogy j\u00e1rjanak t\u00f6bbet biciklivel. \u00a9 Profimedia<\/em><\/figcaption><\/figure>\n<p><em>\u201eNagyon fontosnak tartom ezt a pozit\u00edv kapcsolatot a c\u00e9gek \u00fczleti sikerei \u00e9s a ker\u00e9kp\u00e1rutak k\u00f6z\u00f6tt. Legyen sz\u00f3 munkaer\u0151-felv\u00e9telr\u0151l, vagy \u00e9rt\u00e9kes\u00edt\u00e9sr\u0151l, a j\u00f3 infrastrukt\u00fara seg\u00edt!\u201d<\/em> \u2013 magyar\u00e1zta Jenny Liu, a Toulan School professzora.<\/p>\n<h2><strong>Az adatok egy\u00e9rtelm\u0171ek: t\u00f6bb bringa\u00fat kell<\/strong><\/h2>\n<p>B\u00e1r m\u00e1r kor\u00e1bban is t\u00f6rt\u00e9ntek hasonl\u00f3 kutat\u00e1sok, ez volt az els\u0151, ami t\u00f6bb szempontb\u00f3l, t\u00f6bb v\u00e1rosban, analitikus m\u00f3dszerrel k\u00f6zel\u00edtette meg a t\u00e9m\u00e1t. \u00c9ppen ez\u00e9rt hiteles: t\u00e1maszt ny\u00fajthat a d\u00f6nt\u00e9shoz\u00f3knak a v\u00e1rosi k\u00f6zleked\u00e9s fejleszt\u00e9s\u00e9ben.<\/p>\n<p><em>\u201eA tanulm\u00e1ny adatokkal bizony\u00edtja azt, amit m\u00e1r kor\u00e1bban is l\u00e1ttunk: a ker\u00e9kp\u00e1ros infrastrukt\u00fara fejleszt\u00e9se pozit\u00edv hat\u00e1ssal van a k\u00f6rny\u00e9k gazdas\u00e1g\u00e1ra\u201d<\/em> \u2013 mondta Zoe Kircos, a PeopleForBikes vezet\u0151je. <em>\u201eAz egyetemmel val\u00f3 egy\u00fcttm\u0171k\u00f6d\u00e9s\u00fcnk sor\u00e1n rengeteg er\u0151forr\u00e1st kaptunk, \u00edgy hivatalosan is elmondhatjuk, mennyire kellenek a biciklis\u00e1vok!\u201d<\/em><\/p>\n<figure id=\"attachment_8003\" aria-describedby=\"caption-attachment-8003\" style=\"width: 1000px\" class=\"wp-caption alignnone\"><img loading=\"lazy\" decoding=\"async\" class=\"size-full wp-image-8003\" src=\"https:\/\/d2p6e6u75xmxt8.cloudfront.net\/12\/2020\/07\/Bike-Lane-profimedia-0453807106.jpg\" alt=\"\" width=\"1000\" height=\"750\" \/><figcaption id=\"caption-attachment-8003\" class=\"wp-caption-text\"><em>Z\u00f6ldre festett bicikli\u00fat Honoluluban. \u00a9 Profimedia<\/em><\/figcaption><\/figure>\n<h2><strong>Aut\u00f3\u00fat \u00e9s parkol\u00f3s\u00e1v helyett<\/strong><\/h2>\n<p>\u00c9rdekes m\u00f3don, m\u00e9g akkor is jobban j\u00e1rnak az \u00e9ttermek \u00e9s a HR-esek, ha a ker\u00e9kp\u00e1roz\u00e1s olt\u00e1r\u00e1n aut\u00f3utakat kell fel\u00e1ldozni.<\/p>\n<p><em>\u201eHatalmas lehet\u0151s\u00e9geket rejt mag\u00e1ban a legt\u00f6bb v\u00e1ros, ha \u00fajragondolja a k\u00f6zleked\u00e9si rendszer\u00e9t\u201d<\/em> &#8211; tette hozz\u00e1 Liu.<\/p>\n","protected":false},"excerpt":{"rendered":"<p>Minden biciklis v\u00e1gya, hogy az eg\u00e9sz v\u00e1roson \u00e1t\u00edvel\u0151 ker\u00e9kp\u00e1r\u00fat-h\u00e1l\u00f3zatot tudhasson a kerekei alatt, azonban a legt\u00f6bb helyen t\u00f6bb a nem-bring\u00e1s [&hellip;]<\/p>\n","protected":false},"author":71,"featured_media":8005,"comment_status":"open","ping_status":"open","sticky":false,"template":"","format":"standard","meta":{"footnotes":""},"categories":[9],"tags":[],"global-categories":[],"class_list":["post-8001","post","type-post","status-publish","format-standard","has-post-thumbnail","hentry","category-varosi-kerekparozas"],"yoast_head":"<!-- This site is optimized with the Yoast SEO Premium plugin v25.3 (Yoast SEO v25.9) - https:\/\/yoast.com\/wordpress\/plugins\/seo\/ -->\n<title>J\u00f3t tesz a gazdas\u00e1gnak a bring\u00e1s infrastrukt\u00fara - \u0160koda We Love Cycling - Magyarorsz\u00e1g<\/title>\n<meta name=\"robots\" content=\"index, follow, max-snippet:-1, max-image-preview:large, max-video-preview:-1\" \/>\n<link rel=\"canonical\" href=\"https:\/\/www.welovecycling.com\/hu\/varosi-kerekparozas\/jot-tesz-a-gazdasagnak-a-bringas-infrastruktura\/\" \/>\n<meta property=\"og:locale\" content=\"hu_HU\" \/>\n<meta property=\"og:type\" content=\"article\" \/>\n<meta property=\"og:title\" content=\"J\u00f3t tesz a gazdas\u00e1gnak a bring\u00e1s infrastrukt\u00fara\" \/>\n<meta property=\"og:description\" content=\"Minden biciklis v\u00e1gya, hogy az eg\u00e9sz v\u00e1roson \u00e1t\u00edvel\u0151 ker\u00e9kp\u00e1r\u00fat-h\u00e1l\u00f3zatot tudhasson a kerekei alatt, azonban a legt\u00f6bb helyen t\u00f6bb a nem-bring\u00e1s [&hellip;]\" \/>\n<meta property=\"og:url\" content=\"https:\/\/www.welovecycling.com\/hu\/varosi-kerekparozas\/jot-tesz-a-gazdasagnak-a-bringas-infrastruktura\/\" \/>\n<meta property=\"og:site_name\" content=\"\u0160koda We Love Cycling - Magyarorsz\u00e1g\" \/>\n<meta property=\"article:publisher\" content=\"https:\/\/www.facebook.com\/WeLoveCyclingHungary\/\" \/>\n<meta property=\"article:published_time\" content=\"2020-07-09T07:00:07+00:00\" \/>\n<meta property=\"og:image\" content=\"https:\/\/d2p6e6u75xmxt8.cloudfront.net\/12\/2020\/07\/BIcycle-Lane-CVR-profimedia-0535326196.jpg\" \/>\n\t<meta property=\"og:image:width\" content=\"1366\" \/>\n\t<meta property=\"og:image:height\" content=\"600\" \/>\n\t<meta property=\"og:image:type\" content=\"image\/jpeg\" \/>\n<meta name=\"author\" content=\"hegyizs\" \/>\n<meta name=\"twitter:card\" content=\"summary_large_image\" \/>\n<meta name=\"twitter:label1\" content=\"Written by\" \/>\n\t<meta name=\"twitter:data1\" content=\"Jiri Kaloc\" \/>\n\t<meta name=\"twitter:label2\" content=\"Est. reading time\" \/>\n\t<meta name=\"twitter:data2\" content=\"5\" \/>\n<script type=\"application\/ld+json\" class=\"yoast-schema-graph\">{\"@context\":\"https:\/\/schema.org\",\"@graph\":[{\"@type\":\"WebPage\",\"@id\":\"https:\/\/www.welovecycling.com\/hu\/varosi-kerekparozas\/jot-tesz-a-gazdasagnak-a-bringas-infrastruktura\/\",\"url\":\"https:\/\/www.welovecycling.com\/hu\/varosi-kerekparozas\/jot-tesz-a-gazdasagnak-a-bringas-infrastruktura\/\",\"name\":\"J\u00f3t tesz a gazdas\u00e1gnak a bring\u00e1s infrastrukt\u00fara - \u0160koda We Love Cycling - Magyarorsz\u00e1g\",\"isPartOf\":{\"@id\":\"https:\/\/www.welovecycling.com\/hu\/#website\"},\"primaryImageOfPage\":{\"@id\":\"https:\/\/www.welovecycling.com\/hu\/varosi-kerekparozas\/jot-tesz-a-gazdasagnak-a-bringas-infrastruktura\/#primaryimage\"},\"image\":{\"@id\":\"https:\/\/www.welovecycling.com\/hu\/varosi-kerekparozas\/jot-tesz-a-gazdasagnak-a-bringas-infrastruktura\/#primaryimage\"},\"thumbnailUrl\":\"https:\/\/d2p6e6u75xmxt8.cloudfront.net\/12\/2020\/07\/BIcycle-Lane-CVR-profimedia-0535326196.jpg\",\"datePublished\":\"2020-07-09T07:00:07+00:00\",\"author\":{\"@id\":\"https:\/\/www.welovecycling.com\/hu\/#\/schema\/person\/414a2aebf1801691a5320edb6468e194\"},\"breadcrumb\":{\"@id\":\"https:\/\/www.welovecycling.com\/hu\/varosi-kerekparozas\/jot-tesz-a-gazdasagnak-a-bringas-infrastruktura\/#breadcrumb\"},\"inLanguage\":\"hu\",\"potentialAction\":[{\"@type\":\"ReadAction\",\"target\":[\"https:\/\/www.welovecycling.com\/hu\/varosi-kerekparozas\/jot-tesz-a-gazdasagnak-a-bringas-infrastruktura\/\"]}]},{\"@type\":\"ImageObject\",\"inLanguage\":\"hu\",\"@id\":\"https:\/\/www.welovecycling.com\/hu\/varosi-kerekparozas\/jot-tesz-a-gazdasagnak-a-bringas-infrastruktura\/#primaryimage\",\"url\":\"https:\/\/d2p6e6u75xmxt8.cloudfront.net\/12\/2020\/07\/BIcycle-Lane-CVR-profimedia-0535326196.jpg\",\"contentUrl\":\"https:\/\/d2p6e6u75xmxt8.cloudfront.net\/12\/2020\/07\/BIcycle-Lane-CVR-profimedia-0535326196.jpg\",\"width\":1366,\"height\":600},{\"@type\":\"BreadcrumbList\",\"@id\":\"https:\/\/www.welovecycling.com\/hu\/varosi-kerekparozas\/jot-tesz-a-gazdasagnak-a-bringas-infrastruktura\/#breadcrumb\",\"itemListElement\":[{\"@type\":\"ListItem\",\"position\":1,\"name\":\"Home\",\"item\":\"https:\/\/www.welovecycling.com\/hu\/\"},{\"@type\":\"ListItem\",\"position\":2,\"name\":\"J\u00f3t tesz a gazdas\u00e1gnak a bring\u00e1s infrastrukt\u00fara\"}]},{\"@type\":\"WebSite\",\"@id\":\"https:\/\/www.welovecycling.com\/hu\/#website\",\"url\":\"https:\/\/www.welovecycling.com\/hu\/\",\"name\":\"\u0160koda We Love Cycling - Magyarorsz\u00e1g\",\"description\":\"\u0160koda WeLoveCycling\",\"potentialAction\":[{\"@type\":\"SearchAction\",\"target\":{\"@type\":\"EntryPoint\",\"urlTemplate\":\"https:\/\/www.welovecycling.com\/hu\/?s={search_term_string}\"},\"query-input\":{\"@type\":\"PropertyValueSpecification\",\"valueRequired\":true,\"valueName\":\"search_term_string\"}}],\"inLanguage\":\"hu\"},{\"@type\":\"Person\",\"@id\":\"https:\/\/www.welovecycling.com\/hu\/#\/schema\/person\/414a2aebf1801691a5320edb6468e194\",\"name\":\"hegyizs\",\"image\":{\"@type\":\"ImageObject\",\"inLanguage\":\"hu\",\"@id\":\"https:\/\/www.welovecycling.com\/hu\/#\/schema\/person\/image\/\",\"url\":\"https:\/\/secure.gravatar.com\/avatar\/02cf8a7906b8cf90cecb4679defac7cfd33a1c2e3b88e4903d947f3bb58eedd3?s=96&d=mm&r=g\",\"contentUrl\":\"https:\/\/secure.gravatar.com\/avatar\/02cf8a7906b8cf90cecb4679defac7cfd33a1c2e3b88e4903d947f3bb58eedd3?s=96&d=mm&r=g\",\"caption\":\"hegyizs\"},\"url\":\"https:\/\/www.welovecycling.com\/hu\/author\/hegyizs\/\"}]}<\/script>\n<!-- \/ Yoast SEO Premium plugin. -->","yoast_head_json":{"title":"J\u00f3t tesz a gazdas\u00e1gnak a bring\u00e1s infrastrukt\u00fara - \u0160koda We Love Cycling - Magyarorsz\u00e1g","robots":{"index":"index","follow":"follow","max-snippet":"max-snippet:-1","max-image-preview":"max-image-preview:large","max-video-preview":"max-video-preview:-1"},"canonical":"https:\/\/www.welovecycling.com\/hu\/varosi-kerekparozas\/jot-tesz-a-gazdasagnak-a-bringas-infrastruktura\/","og_locale":"hu_HU","og_type":"article","og_title":"J\u00f3t tesz a gazdas\u00e1gnak a bring\u00e1s infrastrukt\u00fara","og_description":"Minden biciklis v\u00e1gya, hogy az eg\u00e9sz v\u00e1roson \u00e1t\u00edvel\u0151 ker\u00e9kp\u00e1r\u00fat-h\u00e1l\u00f3zatot tudhasson a kerekei alatt, azonban a legt\u00f6bb helyen t\u00f6bb a nem-bring\u00e1s [&hellip;]","og_url":"https:\/\/www.welovecycling.com\/hu\/varosi-kerekparozas\/jot-tesz-a-gazdasagnak-a-bringas-infrastruktura\/","og_site_name":"\u0160koda We Love Cycling - Magyarorsz\u00e1g","article_publisher":"https:\/\/www.facebook.com\/WeLoveCyclingHungary\/","article_published_time":"2020-07-09T07:00:07+00:00","og_image":[{"width":1366,"height":600,"url":"https:\/\/d2p6e6u75xmxt8.cloudfront.net\/12\/2020\/07\/BIcycle-Lane-CVR-profimedia-0535326196.jpg","type":"image\/jpeg"}],"author":"hegyizs","twitter_card":"summary_large_image","twitter_misc":{"Written by":"Jiri Kaloc","Est. reading time":"5"},"schema":{"@context":"https:\/\/schema.org","@graph":[{"@type":"WebPage","@id":"https:\/\/www.welovecycling.com\/hu\/varosi-kerekparozas\/jot-tesz-a-gazdasagnak-a-bringas-infrastruktura\/","url":"https:\/\/www.welovecycling.com\/hu\/varosi-kerekparozas\/jot-tesz-a-gazdasagnak-a-bringas-infrastruktura\/","name":"J\u00f3t tesz a gazdas\u00e1gnak a bring\u00e1s infrastrukt\u00fara - \u0160koda We Love Cycling - Magyarorsz\u00e1g","isPartOf":{"@id":"https:\/\/www.welovecycling.com\/hu\/#website"},"primaryImageOfPage":{"@id":"https:\/\/www.welovecycling.com\/hu\/varosi-kerekparozas\/jot-tesz-a-gazdasagnak-a-bringas-infrastruktura\/#primaryimage"},"image":{"@id":"https:\/\/www.welovecycling.com\/hu\/varosi-kerekparozas\/jot-tesz-a-gazdasagnak-a-bringas-infrastruktura\/#primaryimage"},"thumbnailUrl":"https:\/\/d2p6e6u75xmxt8.cloudfront.net\/12\/2020\/07\/BIcycle-Lane-CVR-profimedia-0535326196.jpg","datePublished":"2020-07-09T07:00:07+00:00","author":{"@id":"https:\/\/www.welovecycling.com\/hu\/#\/schema\/person\/414a2aebf1801691a5320edb6468e194"},"breadcrumb":{"@id":"https:\/\/www.welovecycling.com\/hu\/varosi-kerekparozas\/jot-tesz-a-gazdasagnak-a-bringas-infrastruktura\/#breadcrumb"},"inLanguage":"hu","potentialAction":[{"@type":"ReadAction","target":["https:\/\/www.welovecycling.com\/hu\/varosi-kerekparozas\/jot-tesz-a-gazdasagnak-a-bringas-infrastruktura\/"]}]},{"@type":"ImageObject","inLanguage":"hu","@id":"https:\/\/www.welovecycling.com\/hu\/varosi-kerekparozas\/jot-tesz-a-gazdasagnak-a-bringas-infrastruktura\/#primaryimage","url":"https:\/\/d2p6e6u75xmxt8.cloudfront.net\/12\/2020\/07\/BIcycle-Lane-CVR-profimedia-0535326196.jpg","contentUrl":"https:\/\/d2p6e6u75xmxt8.cloudfront.net\/12\/2020\/07\/BIcycle-Lane-CVR-profimedia-0535326196.jpg","width":1366,"height":600},{"@type":"BreadcrumbList","@id":"https:\/\/www.welovecycling.com\/hu\/varosi-kerekparozas\/jot-tesz-a-gazdasagnak-a-bringas-infrastruktura\/#breadcrumb","itemListElement":[{"@type":"ListItem","position":1,"name":"Home","item":"https:\/\/www.welovecycling.com\/hu\/"},{"@type":"ListItem","position":2,"name":"J\u00f3t tesz a gazdas\u00e1gnak a bring\u00e1s infrastrukt\u00fara"}]},{"@type":"WebSite","@id":"https:\/\/www.welovecycling.com\/hu\/#website","url":"https:\/\/www.welovecycling.com\/hu\/","name":"\u0160koda We Love Cycling - Magyarorsz\u00e1g","description":"\u0160koda WeLoveCycling","potentialAction":[{"@type":"SearchAction","target":{"@type":"EntryPoint","urlTemplate":"https:\/\/www.welovecycling.com\/hu\/?s={search_term_string}"},"query-input":{"@type":"PropertyValueSpecification","valueRequired":true,"valueName":"search_term_string"}}],"inLanguage":"hu"},{"@type":"Person","@id":"https:\/\/www.welovecycling.com\/hu\/#\/schema\/person\/414a2aebf1801691a5320edb6468e194","name":"hegyizs","image":{"@type":"ImageObject","inLanguage":"hu","@id":"https:\/\/www.welovecycling.com\/hu\/#\/schema\/person\/image\/","url":"https:\/\/secure.gravatar.com\/avatar\/02cf8a7906b8cf90cecb4679defac7cfd33a1c2e3b88e4903d947f3bb58eedd3?s=96&d=mm&r=g","contentUrl":"https:\/\/secure.gravatar.com\/avatar\/02cf8a7906b8cf90cecb4679defac7cfd33a1c2e3b88e4903d947f3bb58eedd3?s=96&d=mm&r=g","caption":"hegyizs"},"url":"https:\/\/www.welovecycling.com\/hu\/author\/hegyizs\/"}]}},"_links":{"self":[{"href":"https:\/\/www.welovecycling.com\/hu\/wp-json\/wp\/v2\/posts\/8001","targetHints":{"allow":["GET"]}}],"collection":[{"href":"https:\/\/www.welovecycling.com\/hu\/wp-json\/wp\/v2\/posts"}],"about":[{"href":"https:\/\/www.welovecycling.com\/hu\/wp-json\/wp\/v2\/types\/post"}],"author":[{"embeddable":true,"href":"https:\/\/www.welovecycling.com\/hu\/wp-json\/wp\/v2\/users\/71"}],"replies":[{"embeddable":true,"href":"https:\/\/www.welovecycling.com\/hu\/wp-json\/wp\/v2\/comments?post=8001"}],"version-history":[{"count":2,"href":"https:\/\/www.welovecycling.com\/hu\/wp-json\/wp\/v2\/posts\/8001\/revisions"}],"predecessor-version":[{"id":8014,"href":"https:\/\/www.welovecycling.com\/hu\/wp-json\/wp\/v2\/posts\/8001\/revisions\/8014"}],"wp:featuredmedia":[{"embeddable":true,"href":"https:\/\/www.welovecycling.com\/hu\/wp-json\/wp\/v2\/media\/8005"}],"wp:attachment":[{"href":"https:\/\/www.welovecycling.com\/hu\/wp-json\/wp\/v2\/media?parent=8001"}],"wp:term":[{"taxonomy":"category","embeddable":true,"href":"https:\/\/www.welovecycling.com\/hu\/wp-json\/wp\/v2\/categories?post=8001"},{"taxonomy":"post_tag","embeddable":true,"href":"https:\/\/www.welovecycling.com\/hu\/wp-json\/wp\/v2\/tags?post=8001"},{"taxonomy":"global-categories","embeddable":true,"href":"https:\/\/www.welovecycling.com\/hu\/wp-json\/wp\/v2\/global-categories?post=8001"}],"curies":[{"name":"wp","href":"https:\/\/api.w.org\/{rel}","templated":true}]}}