{"id":7995,"date":"2020-07-08T08:00:30","date_gmt":"2020-07-08T07:00:30","guid":{"rendered":"https:\/\/www.welovecycling.com\/hu\/?p=7995"},"modified":"2020-07-03T13:47:05","modified_gmt":"2020-07-03T12:47:05","slug":"philippe-gilbert-masokkal-osszezarva-a-negy-fal-kozott-ez-uj-volt-nekem","status":"publish","type":"post","link":"https:\/\/www.welovecycling.com\/hu\/orszaguti-kerekpar\/philippe-gilbert-masokkal-osszezarva-a-negy-fal-kozott-ez-uj-volt-nekem\/","title":{"rendered":"Philippe Gilbert: \u201eM\u00e1sokkal \u00f6sszez\u00e1rva, a n\u00e9gy fal k\u00f6z\u00f6tt &#8211; ez \u00faj volt nekem\u201d"},"content":{"rendered":"<p><strong>A nemzetk\u00f6zi We Love Cycling #Ride2Unite sorozat\u00e1ban a belga orsz\u00e1g\u00fati versenyz\u0151 Philippe Gilbert is mes\u00e9lt arr\u00f3l, \u0151 hogyan \u00e9lte meg a bez\u00e1rts\u00e1got. B\u00e1r \u00fagy t\u0171nik, a pand\u00e9mia lassan visszavonul, \u00e9s a korl\u00e1toz\u00e1sok is enyh\u00fcltek, azonban a nyoma mindannyiunkban ott marad, \u00e9s ezzel a biciklisek sincsenek m\u00e1sk\u00e9pp. Elmaradtak a nagy versenyek, az \u00faj id\u0151pontokat m\u00e9g mindig ide-oda tologatj\u00e1k, minden bizonytalan. A hetedik ad\u00e1sban Gilberttel besz\u00e9lgett\u00fcnk.<\/strong><!--more--><\/p>\n<p>Jelenleg a Team Lotto Soudal tagja, de igen v\u00e1ltozatos karrier \u00e1ll a h\u00e1ta m\u00f6g\u00f6tt. A Quick-Step Floors \u00e9s a BMC csapataiban is versenyzett, 18-szoros Classic-nyertes, de \u00e1llt m\u00e1r a dobog\u00f3 tetej\u00e9n az UCI orsz\u00e1g\u00fati bajnok\u00e1gon, a Tour de Flanders, a Li\u00e9ge-Bastogne-Li\u00e9ge \u00e9s az Amstel Gold Race ut\u00e1n is. Egy igen sokoldal\u00fa versenyz\u0151, mind sprintekben, mind m\u00e1sz\u00e1sban kiv\u00e1l\u00f3, \u00edgy j\u00f3 vele egy csapatban lenni. Laura Meseguer, a #Ride2Unite riportere az edz\u00e9seir\u0151l, a csapatt\u00e1rsair\u00f3l, tan\u00e1rair\u00f3l, a m\u00faltj\u00e1r\u00f3l \u00e9s j\u00f6v\u0151j\u00e9r\u0151l k\u00e9rdezte Philippe Gilbertet.<\/p>\n<p>https:\/\/www.instagram.com\/p\/CB0t95UFJde\/<\/p>\n<p>Az els\u0151 t\u00e9ma a legaktu\u00e1lisabb volt: hogyan viselte Philippe a bez\u00e1rts\u00e1got az elm\u00falt k\u00e9t h\u00f3napban? Az els\u0151 j\u00f3 h\u00edr az volt sz\u00e1m\u00e1ra, hogy biciklizni m\u00e1r szabad, majd lassan teljesen vissza\u00e1llt a r\u00e9gi ker\u00e9kv\u00e1g\u00e1sba, ahogy az UCI versenynapt\u00e1ra is erre t\u00f6rekszik. <em>\u201eNem volt k\u00f6nny\u0171 otthon \u00fclni, \u00e9s mind\u00f6ssze a trainereken edzeni, nagyon \u00f6r\u00fcltem, hogy kiszabadulhattam\u201d<\/em> \u2013 v\u00e1laszolta Philippe. Hozz\u00e1tette, hogy egyel\u0151re csak Franciaorsz\u00e1gban \u00e9s Monac\u00f3ban teker, nem akar m\u00e9g messzebbre utazni.<\/p>\n<p><em>\u201eSzerintem mindannyian tanulhattunk ebb\u0151l az id\u0151szakb\u00f3l\u201d<\/em> \u2013 mondta a versenyz\u0151, kieg\u00e9sz\u00edtve, hogy ha m\u00e1st nem is, legal\u00e1bb a higi\u00e9niai szok\u00e1sainkat biztosan megv\u00e1ltoztatta a v\u00edrus. <em>\u201eMi, sportol\u00f3k hozz\u00e1 vagyunk szokva a gyakori k\u00e9zmos\u00e1shoz, f\u0151leg amikor egy esem\u00e9nyen sok emberrel tal\u00e1lkozunk \u00e9s fogunk kezet, ak\u00e1r t\u00f6bb sz\u00e1zzal is. Nek\u00fcnk m\u00e1r a protokoll r\u00e9sze volt teh\u00e1t a k\u00e9zmos\u00e1s, most m\u00e1r mindenki sz\u00e1m\u00e1ra az.\u201d<\/em><\/p>\n<figure id=\"attachment_7998\" aria-describedby=\"caption-attachment-7998\" style=\"width: 1250px\" class=\"wp-caption alignnone\"><img loading=\"lazy\" decoding=\"async\" class=\"size-full wp-image-7998\" src=\"https:\/\/d2p6e6u75xmxt8.cloudfront.net\/12\/2020\/07\/Philippe-Gilbert-CVR-profimedia-0506318164.jpg\" alt=\"\" width=\"1250\" height=\"833\" \/><figcaption id=\"caption-attachment-7998\" class=\"wp-caption-text\"><em>Philippe Gilbert a Paris-Nice hetedik szakasz\u00e1n, 2020 m\u00e1rcius\u00e1ban. \u00a9 Profimedia<\/em><\/figcaption><\/figure>\n<p>Arra a k\u00e9rd\u00e9se, hogy \u0151, szem\u00e9ly szerint mit tanult az elm\u00falt hetekben, \u00edgy v\u00e1laszolt: <em>\u201e\u00d6sszez\u00e1rva \u00e9lni emberekkel, a n\u00e9gy fal k\u00f6z\u00f6tt, \u00faj volt sz\u00e1momra, hiszen 16 \u00e9ves korom \u00f3ta folyamatosan utazom, a ny\u00e1ri sz\u00fcnid\u0151k pedig t\u00e1borokban teltek. Most 39 \u00e9ves vagyok, teh\u00e1t az elm\u00falt 25 \u00e9vben nem igaz\u00e1n aludtam k\u00e9t h\u00e9tn\u00e9l tov\u00e1bb ugyanabban az \u00e1gyban. A karant\u00e9n elej\u00e9n nem volt k\u00f6nny\u0171, annyira hozz\u00e1szoktam, hogy b\u00e1rmikor \u00f6sszepakolhatom a b\u0151r\u00f6nd\u00f6m \u00e9s fel\u00fclhetek egy vonatra vagy rep\u00fcl\u0151re. De egy\u00fctt lenni a csal\u00e1ddal eg\u00e9szen m\u00e1sfajta \u00e9lm\u00e9nyt adott v\u00e9g\u00fcl.&#8221;<\/em><\/p>\n<p>A besz\u00e9lget\u00e9s v\u00e9g\u00fcl elkanyarodott az eml\u00e9kek fel\u00e9. Laura arr\u00f3l k\u00e9rdezte interj\u00faalany\u00e1t, hogy hogyan \u00e9li meg, hogy sok, vele egyid\u0151s csapatt\u00e1rsa nyugd\u00edjba vonul. <em>\u201eM\u00e9g mindig szuper versenyz\u0151ink vannak, akik annyi id\u0151sek, mint \u00e9n, gondoljunk csak Koen de Kort-ra\u201d <\/em>\u2013 hangzott a v\u00e1lasz. <em>\u201ePersze nem vagyunk sokan, de m\u00e9g mindig van kivel versengeni \u00e9s van kinek \u00f6r\u00fclni. Ha valamelyik\u00fcnk el\u00e9r egy sz\u00e9p eredm\u00e9nyt, egyb\u0151l k\u00fcldj\u00fck neki a gratul\u00e1l\u00f3 \u00fczeneteket. Ahogy sz\u0171k\u00fcl a koroszt\u00e1lyunk, \u00fagy lesz egyre \u00f6sszetart\u00f3bb.\u201d<\/em><\/p>\n<p>A teljes besz\u00e9lget\u00e9st a <a href=\"https:\/\/www.instagram.com\/wlcmagazine\/channel\/\">We Love Cycling Instagram oldal\u00e1n<\/a> \u00e9rheted el.<\/p>\n","protected":false},"excerpt":{"rendered":"<p>A nemzetk\u00f6zi We Love Cycling #Ride2Unite sorozat\u00e1ban a belga orsz\u00e1g\u00fati versenyz\u0151 Philippe Gilbert is mes\u00e9lt arr\u00f3l, \u0151 hogyan \u00e9lte meg [&hellip;]<\/p>\n","protected":false},"author":71,"featured_media":8000,"comment_status":"open","ping_status":"open","sticky":false,"template":"","format":"standard","meta":{"footnotes":""},"categories":[8],"tags":[],"global-categories":[],"class_list":["post-7995","post","type-post","status-publish","format-standard","has-post-thumbnail","hentry","category-orszaguti-kerekpar"],"yoast_head":"<!-- This site is optimized with the Yoast SEO Premium plugin v25.3 (Yoast SEO v25.9) - https:\/\/yoast.com\/wordpress\/plugins\/seo\/ -->\n<title>Philippe Gilbert: \u201eM\u00e1sokkal \u00f6sszez\u00e1rva, a n\u00e9gy fal k\u00f6z\u00f6tt - ez \u00faj volt nekem\u201d - \u0160koda We Love Cycling - Magyarorsz\u00e1g<\/title>\n<meta name=\"robots\" content=\"index, follow, max-snippet:-1, max-image-preview:large, max-video-preview:-1\" \/>\n<link rel=\"canonical\" href=\"https:\/\/www.welovecycling.com\/hu\/orszaguti-kerekpar\/philippe-gilbert-masokkal-osszezarva-a-negy-fal-kozott-ez-uj-volt-nekem\/\" \/>\n<meta property=\"og:locale\" content=\"hu_HU\" \/>\n<meta property=\"og:type\" content=\"article\" \/>\n<meta property=\"og:title\" content=\"Philippe Gilbert: \u201eM\u00e1sokkal \u00f6sszez\u00e1rva, a n\u00e9gy fal k\u00f6z\u00f6tt - ez \u00faj volt nekem\u201d\" \/>\n<meta property=\"og:description\" content=\"A nemzetk\u00f6zi We Love Cycling #Ride2Unite sorozat\u00e1ban a belga orsz\u00e1g\u00fati versenyz\u0151 Philippe Gilbert is mes\u00e9lt arr\u00f3l, \u0151 hogyan \u00e9lte meg [&hellip;]\" \/>\n<meta property=\"og:url\" content=\"https:\/\/www.welovecycling.com\/hu\/orszaguti-kerekpar\/philippe-gilbert-masokkal-osszezarva-a-negy-fal-kozott-ez-uj-volt-nekem\/\" \/>\n<meta property=\"og:site_name\" content=\"\u0160koda We Love Cycling - Magyarorsz\u00e1g\" \/>\n<meta property=\"article:publisher\" content=\"https:\/\/www.facebook.com\/WeLoveCyclingHungary\/\" \/>\n<meta property=\"article:published_time\" content=\"2020-07-08T07:00:30+00:00\" \/>\n<meta property=\"og:image\" content=\"https:\/\/d2p6e6u75xmxt8.cloudfront.net\/12\/2020\/07\/Philippe-Gilbert-CVR-profimedia-0501715650-1.jpg\" \/>\n\t<meta property=\"og:image:width\" content=\"1366\" \/>\n\t<meta property=\"og:image:height\" content=\"600\" \/>\n\t<meta property=\"og:image:type\" content=\"image\/jpeg\" \/>\n<meta name=\"author\" content=\"hegyizs\" \/>\n<meta name=\"twitter:card\" content=\"summary_large_image\" \/>\n<meta name=\"twitter:label1\" content=\"Written by\" \/>\n\t<meta name=\"twitter:data1\" content=\"Frantiska Blazkova\" \/>\n\t<meta name=\"twitter:label2\" content=\"Est. reading time\" \/>\n\t<meta name=\"twitter:data2\" content=\"7\" \/>\n<script type=\"application\/ld+json\" class=\"yoast-schema-graph\">{\"@context\":\"https:\/\/schema.org\",\"@graph\":[{\"@type\":\"WebPage\",\"@id\":\"https:\/\/www.welovecycling.com\/hu\/orszaguti-kerekpar\/philippe-gilbert-masokkal-osszezarva-a-negy-fal-kozott-ez-uj-volt-nekem\/\",\"url\":\"https:\/\/www.welovecycling.com\/hu\/orszaguti-kerekpar\/philippe-gilbert-masokkal-osszezarva-a-negy-fal-kozott-ez-uj-volt-nekem\/\",\"name\":\"Philippe Gilbert: \u201eM\u00e1sokkal \u00f6sszez\u00e1rva, a n\u00e9gy fal k\u00f6z\u00f6tt - ez \u00faj volt nekem\u201d - \u0160koda We Love Cycling - Magyarorsz\u00e1g\",\"isPartOf\":{\"@id\":\"https:\/\/www.welovecycling.com\/hu\/#website\"},\"primaryImageOfPage\":{\"@id\":\"https:\/\/www.welovecycling.com\/hu\/orszaguti-kerekpar\/philippe-gilbert-masokkal-osszezarva-a-negy-fal-kozott-ez-uj-volt-nekem\/#primaryimage\"},\"image\":{\"@id\":\"https:\/\/www.welovecycling.com\/hu\/orszaguti-kerekpar\/philippe-gilbert-masokkal-osszezarva-a-negy-fal-kozott-ez-uj-volt-nekem\/#primaryimage\"},\"thumbnailUrl\":\"https:\/\/d2p6e6u75xmxt8.cloudfront.net\/12\/2020\/07\/Philippe-Gilbert-CVR-profimedia-0501715650-1.jpg\",\"datePublished\":\"2020-07-08T07:00:30+00:00\",\"author\":{\"@id\":\"https:\/\/www.welovecycling.com\/hu\/#\/schema\/person\/414a2aebf1801691a5320edb6468e194\"},\"breadcrumb\":{\"@id\":\"https:\/\/www.welovecycling.com\/hu\/orszaguti-kerekpar\/philippe-gilbert-masokkal-osszezarva-a-negy-fal-kozott-ez-uj-volt-nekem\/#breadcrumb\"},\"inLanguage\":\"hu\",\"potentialAction\":[{\"@type\":\"ReadAction\",\"target\":[\"https:\/\/www.welovecycling.com\/hu\/orszaguti-kerekpar\/philippe-gilbert-masokkal-osszezarva-a-negy-fal-kozott-ez-uj-volt-nekem\/\"]}]},{\"@type\":\"ImageObject\",\"inLanguage\":\"hu\",\"@id\":\"https:\/\/www.welovecycling.com\/hu\/orszaguti-kerekpar\/philippe-gilbert-masokkal-osszezarva-a-negy-fal-kozott-ez-uj-volt-nekem\/#primaryimage\",\"url\":\"https:\/\/d2p6e6u75xmxt8.cloudfront.net\/12\/2020\/07\/Philippe-Gilbert-CVR-profimedia-0501715650-1.jpg\",\"contentUrl\":\"https:\/\/d2p6e6u75xmxt8.cloudfront.net\/12\/2020\/07\/Philippe-Gilbert-CVR-profimedia-0501715650-1.jpg\",\"width\":1366,\"height\":600},{\"@type\":\"BreadcrumbList\",\"@id\":\"https:\/\/www.welovecycling.com\/hu\/orszaguti-kerekpar\/philippe-gilbert-masokkal-osszezarva-a-negy-fal-kozott-ez-uj-volt-nekem\/#breadcrumb\",\"itemListElement\":[{\"@type\":\"ListItem\",\"position\":1,\"name\":\"Home\",\"item\":\"https:\/\/www.welovecycling.com\/hu\/\"},{\"@type\":\"ListItem\",\"position\":2,\"name\":\"Philippe Gilbert: \u201eM\u00e1sokkal \u00f6sszez\u00e1rva, a n\u00e9gy fal k\u00f6z\u00f6tt &#8211; ez \u00faj volt nekem\u201d\"}]},{\"@type\":\"WebSite\",\"@id\":\"https:\/\/www.welovecycling.com\/hu\/#website\",\"url\":\"https:\/\/www.welovecycling.com\/hu\/\",\"name\":\"\u0160koda We Love Cycling - Magyarorsz\u00e1g\",\"description\":\"\u0160koda WeLoveCycling\",\"potentialAction\":[{\"@type\":\"SearchAction\",\"target\":{\"@type\":\"EntryPoint\",\"urlTemplate\":\"https:\/\/www.welovecycling.com\/hu\/?s={search_term_string}\"},\"query-input\":{\"@type\":\"PropertyValueSpecification\",\"valueRequired\":true,\"valueName\":\"search_term_string\"}}],\"inLanguage\":\"hu\"},{\"@type\":\"Person\",\"@id\":\"https:\/\/www.welovecycling.com\/hu\/#\/schema\/person\/414a2aebf1801691a5320edb6468e194\",\"name\":\"hegyizs\",\"image\":{\"@type\":\"ImageObject\",\"inLanguage\":\"hu\",\"@id\":\"https:\/\/www.welovecycling.com\/hu\/#\/schema\/person\/image\/\",\"url\":\"https:\/\/secure.gravatar.com\/avatar\/02cf8a7906b8cf90cecb4679defac7cfd33a1c2e3b88e4903d947f3bb58eedd3?s=96&d=mm&r=g\",\"contentUrl\":\"https:\/\/secure.gravatar.com\/avatar\/02cf8a7906b8cf90cecb4679defac7cfd33a1c2e3b88e4903d947f3bb58eedd3?s=96&d=mm&r=g\",\"caption\":\"hegyizs\"},\"url\":\"https:\/\/www.welovecycling.com\/hu\/author\/hegyizs\/\"}]}<\/script>\n<!-- \/ Yoast SEO Premium plugin. -->","yoast_head_json":{"title":"Philippe Gilbert: \u201eM\u00e1sokkal \u00f6sszez\u00e1rva, a n\u00e9gy fal k\u00f6z\u00f6tt - ez \u00faj volt nekem\u201d - \u0160koda We Love Cycling - Magyarorsz\u00e1g","robots":{"index":"index","follow":"follow","max-snippet":"max-snippet:-1","max-image-preview":"max-image-preview:large","max-video-preview":"max-video-preview:-1"},"canonical":"https:\/\/www.welovecycling.com\/hu\/orszaguti-kerekpar\/philippe-gilbert-masokkal-osszezarva-a-negy-fal-kozott-ez-uj-volt-nekem\/","og_locale":"hu_HU","og_type":"article","og_title":"Philippe Gilbert: \u201eM\u00e1sokkal \u00f6sszez\u00e1rva, a n\u00e9gy fal k\u00f6z\u00f6tt - ez \u00faj volt nekem\u201d","og_description":"A nemzetk\u00f6zi We Love Cycling #Ride2Unite sorozat\u00e1ban a belga orsz\u00e1g\u00fati versenyz\u0151 Philippe Gilbert is mes\u00e9lt arr\u00f3l, \u0151 hogyan \u00e9lte meg [&hellip;]","og_url":"https:\/\/www.welovecycling.com\/hu\/orszaguti-kerekpar\/philippe-gilbert-masokkal-osszezarva-a-negy-fal-kozott-ez-uj-volt-nekem\/","og_site_name":"\u0160koda We Love Cycling - Magyarorsz\u00e1g","article_publisher":"https:\/\/www.facebook.com\/WeLoveCyclingHungary\/","article_published_time":"2020-07-08T07:00:30+00:00","og_image":[{"width":1366,"height":600,"url":"https:\/\/d2p6e6u75xmxt8.cloudfront.net\/12\/2020\/07\/Philippe-Gilbert-CVR-profimedia-0501715650-1.jpg","type":"image\/jpeg"}],"author":"hegyizs","twitter_card":"summary_large_image","twitter_misc":{"Written by":"Frantiska Blazkova","Est. reading time":"7"},"schema":{"@context":"https:\/\/schema.org","@graph":[{"@type":"WebPage","@id":"https:\/\/www.welovecycling.com\/hu\/orszaguti-kerekpar\/philippe-gilbert-masokkal-osszezarva-a-negy-fal-kozott-ez-uj-volt-nekem\/","url":"https:\/\/www.welovecycling.com\/hu\/orszaguti-kerekpar\/philippe-gilbert-masokkal-osszezarva-a-negy-fal-kozott-ez-uj-volt-nekem\/","name":"Philippe Gilbert: \u201eM\u00e1sokkal \u00f6sszez\u00e1rva, a n\u00e9gy fal k\u00f6z\u00f6tt - ez \u00faj volt nekem\u201d - \u0160koda We Love Cycling - Magyarorsz\u00e1g","isPartOf":{"@id":"https:\/\/www.welovecycling.com\/hu\/#website"},"primaryImageOfPage":{"@id":"https:\/\/www.welovecycling.com\/hu\/orszaguti-kerekpar\/philippe-gilbert-masokkal-osszezarva-a-negy-fal-kozott-ez-uj-volt-nekem\/#primaryimage"},"image":{"@id":"https:\/\/www.welovecycling.com\/hu\/orszaguti-kerekpar\/philippe-gilbert-masokkal-osszezarva-a-negy-fal-kozott-ez-uj-volt-nekem\/#primaryimage"},"thumbnailUrl":"https:\/\/d2p6e6u75xmxt8.cloudfront.net\/12\/2020\/07\/Philippe-Gilbert-CVR-profimedia-0501715650-1.jpg","datePublished":"2020-07-08T07:00:30+00:00","author":{"@id":"https:\/\/www.welovecycling.com\/hu\/#\/schema\/person\/414a2aebf1801691a5320edb6468e194"},"breadcrumb":{"@id":"https:\/\/www.welovecycling.com\/hu\/orszaguti-kerekpar\/philippe-gilbert-masokkal-osszezarva-a-negy-fal-kozott-ez-uj-volt-nekem\/#breadcrumb"},"inLanguage":"hu","potentialAction":[{"@type":"ReadAction","target":["https:\/\/www.welovecycling.com\/hu\/orszaguti-kerekpar\/philippe-gilbert-masokkal-osszezarva-a-negy-fal-kozott-ez-uj-volt-nekem\/"]}]},{"@type":"ImageObject","inLanguage":"hu","@id":"https:\/\/www.welovecycling.com\/hu\/orszaguti-kerekpar\/philippe-gilbert-masokkal-osszezarva-a-negy-fal-kozott-ez-uj-volt-nekem\/#primaryimage","url":"https:\/\/d2p6e6u75xmxt8.cloudfront.net\/12\/2020\/07\/Philippe-Gilbert-CVR-profimedia-0501715650-1.jpg","contentUrl":"https:\/\/d2p6e6u75xmxt8.cloudfront.net\/12\/2020\/07\/Philippe-Gilbert-CVR-profimedia-0501715650-1.jpg","width":1366,"height":600},{"@type":"BreadcrumbList","@id":"https:\/\/www.welovecycling.com\/hu\/orszaguti-kerekpar\/philippe-gilbert-masokkal-osszezarva-a-negy-fal-kozott-ez-uj-volt-nekem\/#breadcrumb","itemListElement":[{"@type":"ListItem","position":1,"name":"Home","item":"https:\/\/www.welovecycling.com\/hu\/"},{"@type":"ListItem","position":2,"name":"Philippe Gilbert: \u201eM\u00e1sokkal \u00f6sszez\u00e1rva, a n\u00e9gy fal k\u00f6z\u00f6tt &#8211; ez \u00faj volt nekem\u201d"}]},{"@type":"WebSite","@id":"https:\/\/www.welovecycling.com\/hu\/#website","url":"https:\/\/www.welovecycling.com\/hu\/","name":"\u0160koda We Love Cycling - Magyarorsz\u00e1g","description":"\u0160koda WeLoveCycling","potentialAction":[{"@type":"SearchAction","target":{"@type":"EntryPoint","urlTemplate":"https:\/\/www.welovecycling.com\/hu\/?s={search_term_string}"},"query-input":{"@type":"PropertyValueSpecification","valueRequired":true,"valueName":"search_term_string"}}],"inLanguage":"hu"},{"@type":"Person","@id":"https:\/\/www.welovecycling.com\/hu\/#\/schema\/person\/414a2aebf1801691a5320edb6468e194","name":"hegyizs","image":{"@type":"ImageObject","inLanguage":"hu","@id":"https:\/\/www.welovecycling.com\/hu\/#\/schema\/person\/image\/","url":"https:\/\/secure.gravatar.com\/avatar\/02cf8a7906b8cf90cecb4679defac7cfd33a1c2e3b88e4903d947f3bb58eedd3?s=96&d=mm&r=g","contentUrl":"https:\/\/secure.gravatar.com\/avatar\/02cf8a7906b8cf90cecb4679defac7cfd33a1c2e3b88e4903d947f3bb58eedd3?s=96&d=mm&r=g","caption":"hegyizs"},"url":"https:\/\/www.welovecycling.com\/hu\/author\/hegyizs\/"}]}},"_links":{"self":[{"href":"https:\/\/www.welovecycling.com\/hu\/wp-json\/wp\/v2\/posts\/7995","targetHints":{"allow":["GET"]}}],"collection":[{"href":"https:\/\/www.welovecycling.com\/hu\/wp-json\/wp\/v2\/posts"}],"about":[{"href":"https:\/\/www.welovecycling.com\/hu\/wp-json\/wp\/v2\/types\/post"}],"author":[{"embeddable":true,"href":"https:\/\/www.welovecycling.com\/hu\/wp-json\/wp\/v2\/users\/71"}],"replies":[{"embeddable":true,"href":"https:\/\/www.welovecycling.com\/hu\/wp-json\/wp\/v2\/comments?post=7995"}],"version-history":[{"count":2,"href":"https:\/\/www.welovecycling.com\/hu\/wp-json\/wp\/v2\/posts\/7995\/revisions"}],"predecessor-version":[{"id":8013,"href":"https:\/\/www.welovecycling.com\/hu\/wp-json\/wp\/v2\/posts\/7995\/revisions\/8013"}],"wp:featuredmedia":[{"embeddable":true,"href":"https:\/\/www.welovecycling.com\/hu\/wp-json\/wp\/v2\/media\/8000"}],"wp:attachment":[{"href":"https:\/\/www.welovecycling.com\/hu\/wp-json\/wp\/v2\/media?parent=7995"}],"wp:term":[{"taxonomy":"category","embeddable":true,"href":"https:\/\/www.welovecycling.com\/hu\/wp-json\/wp\/v2\/categories?post=7995"},{"taxonomy":"post_tag","embeddable":true,"href":"https:\/\/www.welovecycling.com\/hu\/wp-json\/wp\/v2\/tags?post=7995"},{"taxonomy":"global-categories","embeddable":true,"href":"https:\/\/www.welovecycling.com\/hu\/wp-json\/wp\/v2\/global-categories?post=7995"}],"curies":[{"name":"wp","href":"https:\/\/api.w.org\/{rel}","templated":true}]}}