{"id":7991,"date":"2020-07-06T08:00:45","date_gmt":"2020-07-06T07:00:45","guid":{"rendered":"https:\/\/www.welovecycling.com\/hu\/?p=7991"},"modified":"2020-07-03T13:45:23","modified_gmt":"2020-07-03T12:45:23","slug":"legalabb-integetett-volna-igy-feledkezett-meg-beuffeuil-az-udvariassagrol","status":"publish","type":"post","link":"https:\/\/www.welovecycling.com\/hu\/orszaguti-kerekpar\/legalabb-integetett-volna-igy-feledkezett-meg-beuffeuil-az-udvariassagrol\/","title":{"rendered":"Legal\u00e1bb integetett volna! \u00cdgy feledkezett meg Beuffeuil az udvariass\u00e1gr\u00f3l"},"content":{"rendered":"<p><strong>B\u00f6rt\u00f6nbe lehet ker\u00fclni egy defekt miatt? T\u00e9ny, hogy nagyon rosszkor tud j\u00f6nni a lapos ker\u00e9k, az\u00e9rt m\u00e9giscsak t\u00falz\u00e1snak t\u0171nik ez a k\u00f6vetkezm\u00e9ny. \u00c9s m\u00e9gis: volt, hogy valakit majdnem r\u00e1cs m\u00f6g\u00e9 juttatott<\/strong>.<!--more--><\/p>\n<p>Egy forr\u00f3 j\u00faliusi napon t\u00f6rt\u00e9nt\u2026 Ok\u00e9, val\u00f3j\u00e1ban nem tudjuk, hogy t\u00e9nyleg meleg volt-e, de azt igen, hogy j\u00falius 16-ra esett a Tour de France-nak az a bizonyos szakasza, ami alatt a szervez\u0151k s\u00fcrg\u0151s \u00fczenetet kaptak: egy fontos szem\u00e9ly \u00e9rkezik a helysz\u00ednre, hogy megn\u00e9zze a kertje el\u0151tt elhalad\u00f3 versenyz\u0151ket. Nem m\u00e1s, mint a h\u00edres eln\u00f6k, Charles de Gaulle.<\/p>\n<p>Jacques Goddet, a f\u0151szervez\u0151, komoly kih\u00edv\u00e1ssal tal\u00e1lta mag\u00e1t szemben: gyorsan ki kellett tal\u00e1lnia valamit, ami m\u00e9lt\u00f3 k\u00f6sz\u00f6nt\u00e9se az eln\u00f6knek. Mi\u00e9rt ne \u00e1llhatn\u00e1nak meg a versenyz\u0151k az eml\u00edtett kert el\u0151tt, hogy \u00fcdv\u00f6z\u00f6lj\u00e9k \u0151t? Szerencs\u00e9re \u00fagy d\u00f6nt\u00f6tt, hogy kik\u00e9ri Henry Anglade, a francia ker\u00e9kp\u00e1ros v\u00e9lem\u00e9ny\u00e9t is. \u0150 vetette fel, hogy tal\u00e1n nem a legjobb \u00f6tlet megszak\u00edtani a versenyt.<\/p>\n<figure id=\"attachment_7992\" aria-describedby=\"caption-attachment-7992\" style=\"width: 750px\" class=\"wp-caption alignnone\"><img loading=\"lazy\" decoding=\"async\" class=\"size-full wp-image-7992\" src=\"https:\/\/d2p6e6u75xmxt8.cloudfront.net\/12\/2020\/07\/pierre-beuffeuil-1b01e17f-ea8b-44a1-a4c1-a0cb06d14f5-resize-750.jpeg\" alt=\"\" width=\"750\" height=\"1082\" \/><figcaption id=\"caption-attachment-7992\" class=\"wp-caption-text\"><em>\u201eGaulle-ra szavaztam\u201d \u2013 nyilatkozta k\u00e9s\u0151bb Pierre Beuffeuil.<\/em><\/figcaption><\/figure>\n<p>Anglade felaj\u00e1nlotta, hogy seg\u00edt \u00e9rtes\u00edteni a versenyz\u0151ket a meglepet\u00e9s-l\u00e1togat\u00e1sr\u00f3l. Minden rendben is ment, amikor a versenyz\u0151k elhaladtak a szeretett Gaulle el\u0151tt, lelass\u00edtottak, \u00e9s boldogan \u00fcdv\u00f6z\u00f6lt\u00e9k. Kiv\u00e9ve Pierre Beuffeuilt, aki \u00fagy hajtott el az integet\u0151 csapat mellett, mintha ott sem lenn\u00e9nek.<\/p>\n<p>Ezen feld\u00fch\u00f6dve versenyt\u00e1rsai is teljes er\u0151vel tekerni kezdtek \u00e9s megkezd\u0151d\u00f6tt a hajsza. De amire felocs\u00fadtak, a fenegyerek m\u00e1r \u00e1rkon-bokron t\u00fal volt. Meg is nyerte a szakaszt.<\/p>\n<p>Ne legy\u00fcnk igazs\u00e1gtalanok a v\u00e1ratlan gy\u0151ztessel: ments\u00e9g\u00e9re legyen mondva, az eg\u00e9sz \u00fcgyr\u0151l semmit sem tudott. Kor\u00e1bban ugyanis defektet kapott, \u00edgy j\u00f3l lemaradt, \u00e9s a nap h\u00e1tral\u00e9v\u0151 r\u00e9sz\u00e9ben pr\u00f3b\u00e1lt felkapaszkodni a t\u00f6bbiekhez, \u00edgy nem jutott el hozz\u00e1 az inform\u00e1ci\u00f3, ami mindenki m\u00e1st meg\u00e1ll\u00e1sra k\u00e9sztetett. Hogy is v\u00e1rhatn\u00e1nk el, hogy meg\u00e1lljon, amikor pont siker\u00fclt be\u00e9rnie a csapatot?<\/p>\n<p>Azonban hamar lehervadt arc\u00e1r\u00f3l a mosoly, amikor a d\u00fch\u00f6ng\u0151 szervez\u0151 b\u00f6rt\u00f6nnel fenyegette. Szerencs\u00e9re nem siker\u00fclt v\u00e1d al\u00e1 helyezni \u2013 ebben biztosan szerepe volt a t\u00e9nynek, hogy Gaulle nem volt dikt\u00e1tor. \u00cdgy a h\u0171v\u00f6sre nem, csak a bizarr ker\u00e9kp\u00e1ros t\u00f6rt\u00e9netek f\u0151h\u0151sei k\u00f6z\u00e9 ker\u00fclt Beuffeuil.<\/p>\n","protected":false},"excerpt":{"rendered":"<p>B\u00f6rt\u00f6nbe lehet ker\u00fclni egy defekt miatt? T\u00e9ny, hogy nagyon rosszkor tud j\u00f6nni a lapos ker\u00e9k, az\u00e9rt m\u00e9giscsak t\u00falz\u00e1snak t\u0171nik ez [&hellip;]<\/p>\n","protected":false},"author":71,"featured_media":7994,"comment_status":"open","ping_status":"open","sticky":false,"template":"","format":"standard","meta":{"footnotes":""},"categories":[8],"tags":[],"global-categories":[],"class_list":["post-7991","post","type-post","status-publish","format-standard","has-post-thumbnail","hentry","category-orszaguti-kerekpar"],"yoast_head":"<!-- This site is optimized with the Yoast SEO Premium plugin v25.3 (Yoast SEO v25.9) - https:\/\/yoast.com\/wordpress\/plugins\/seo\/ -->\n<title>Legal\u00e1bb integetett volna! \u00cdgy feledkezett meg Beuffeuil az udvariass\u00e1gr\u00f3l - \u0160koda We Love Cycling - Magyarorsz\u00e1g<\/title>\n<meta name=\"robots\" content=\"index, follow, max-snippet:-1, max-image-preview:large, max-video-preview:-1\" \/>\n<link rel=\"canonical\" href=\"https:\/\/www.welovecycling.com\/hu\/orszaguti-kerekpar\/legalabb-integetett-volna-igy-feledkezett-meg-beuffeuil-az-udvariassagrol\/\" \/>\n<meta property=\"og:locale\" content=\"hu_HU\" \/>\n<meta property=\"og:type\" content=\"article\" \/>\n<meta property=\"og:title\" content=\"Legal\u00e1bb integetett volna! \u00cdgy feledkezett meg Beuffeuil az udvariass\u00e1gr\u00f3l\" \/>\n<meta property=\"og:description\" content=\"B\u00f6rt\u00f6nbe lehet ker\u00fclni egy defekt miatt? T\u00e9ny, hogy nagyon rosszkor tud j\u00f6nni a lapos ker\u00e9k, az\u00e9rt m\u00e9giscsak t\u00falz\u00e1snak t\u0171nik ez [&hellip;]\" \/>\n<meta property=\"og:url\" content=\"https:\/\/www.welovecycling.com\/hu\/orszaguti-kerekpar\/legalabb-integetett-volna-igy-feledkezett-meg-beuffeuil-az-udvariassagrol\/\" \/>\n<meta property=\"og:site_name\" content=\"\u0160koda We Love Cycling - Magyarorsz\u00e1g\" \/>\n<meta property=\"article:publisher\" content=\"https:\/\/www.facebook.com\/WeLoveCyclingHungary\/\" \/>\n<meta property=\"article:published_time\" content=\"2020-07-06T07:00:45+00:00\" \/>\n<meta property=\"og:image\" content=\"https:\/\/d2p6e6u75xmxt8.cloudfront.net\/12\/2020\/07\/Pierre-Beuffeuil-CVR-profimedia-0017378295.jpg\" \/>\n\t<meta property=\"og:image:width\" content=\"1366\" \/>\n\t<meta property=\"og:image:height\" content=\"600\" \/>\n\t<meta property=\"og:image:type\" content=\"image\/jpeg\" \/>\n<meta name=\"author\" content=\"hegyizs\" \/>\n<meta name=\"twitter:card\" content=\"summary_large_image\" \/>\n<meta name=\"twitter:label1\" content=\"Written by\" \/>\n\t<meta name=\"twitter:data1\" content=\"Tereza Antonova\" \/>\n\t<meta name=\"twitter:label2\" content=\"Est. reading time\" \/>\n\t<meta name=\"twitter:data2\" content=\"5\" \/>\n<script type=\"application\/ld+json\" class=\"yoast-schema-graph\">{\"@context\":\"https:\/\/schema.org\",\"@graph\":[{\"@type\":\"WebPage\",\"@id\":\"https:\/\/www.welovecycling.com\/hu\/orszaguti-kerekpar\/legalabb-integetett-volna-igy-feledkezett-meg-beuffeuil-az-udvariassagrol\/\",\"url\":\"https:\/\/www.welovecycling.com\/hu\/orszaguti-kerekpar\/legalabb-integetett-volna-igy-feledkezett-meg-beuffeuil-az-udvariassagrol\/\",\"name\":\"Legal\u00e1bb integetett volna! \u00cdgy feledkezett meg Beuffeuil az udvariass\u00e1gr\u00f3l - \u0160koda We Love Cycling - Magyarorsz\u00e1g\",\"isPartOf\":{\"@id\":\"https:\/\/www.welovecycling.com\/hu\/#website\"},\"primaryImageOfPage\":{\"@id\":\"https:\/\/www.welovecycling.com\/hu\/orszaguti-kerekpar\/legalabb-integetett-volna-igy-feledkezett-meg-beuffeuil-az-udvariassagrol\/#primaryimage\"},\"image\":{\"@id\":\"https:\/\/www.welovecycling.com\/hu\/orszaguti-kerekpar\/legalabb-integetett-volna-igy-feledkezett-meg-beuffeuil-az-udvariassagrol\/#primaryimage\"},\"thumbnailUrl\":\"https:\/\/d2p6e6u75xmxt8.cloudfront.net\/12\/2020\/07\/Pierre-Beuffeuil-CVR-profimedia-0017378295.jpg\",\"datePublished\":\"2020-07-06T07:00:45+00:00\",\"author\":{\"@id\":\"https:\/\/www.welovecycling.com\/hu\/#\/schema\/person\/414a2aebf1801691a5320edb6468e194\"},\"breadcrumb\":{\"@id\":\"https:\/\/www.welovecycling.com\/hu\/orszaguti-kerekpar\/legalabb-integetett-volna-igy-feledkezett-meg-beuffeuil-az-udvariassagrol\/#breadcrumb\"},\"inLanguage\":\"hu\",\"potentialAction\":[{\"@type\":\"ReadAction\",\"target\":[\"https:\/\/www.welovecycling.com\/hu\/orszaguti-kerekpar\/legalabb-integetett-volna-igy-feledkezett-meg-beuffeuil-az-udvariassagrol\/\"]}]},{\"@type\":\"ImageObject\",\"inLanguage\":\"hu\",\"@id\":\"https:\/\/www.welovecycling.com\/hu\/orszaguti-kerekpar\/legalabb-integetett-volna-igy-feledkezett-meg-beuffeuil-az-udvariassagrol\/#primaryimage\",\"url\":\"https:\/\/d2p6e6u75xmxt8.cloudfront.net\/12\/2020\/07\/Pierre-Beuffeuil-CVR-profimedia-0017378295.jpg\",\"contentUrl\":\"https:\/\/d2p6e6u75xmxt8.cloudfront.net\/12\/2020\/07\/Pierre-Beuffeuil-CVR-profimedia-0017378295.jpg\",\"width\":1366,\"height\":600},{\"@type\":\"BreadcrumbList\",\"@id\":\"https:\/\/www.welovecycling.com\/hu\/orszaguti-kerekpar\/legalabb-integetett-volna-igy-feledkezett-meg-beuffeuil-az-udvariassagrol\/#breadcrumb\",\"itemListElement\":[{\"@type\":\"ListItem\",\"position\":1,\"name\":\"Home\",\"item\":\"https:\/\/www.welovecycling.com\/hu\/\"},{\"@type\":\"ListItem\",\"position\":2,\"name\":\"Legal\u00e1bb integetett volna! \u00cdgy feledkezett meg Beuffeuil az udvariass\u00e1gr\u00f3l\"}]},{\"@type\":\"WebSite\",\"@id\":\"https:\/\/www.welovecycling.com\/hu\/#website\",\"url\":\"https:\/\/www.welovecycling.com\/hu\/\",\"name\":\"\u0160koda We Love Cycling - Magyarorsz\u00e1g\",\"description\":\"\u0160koda WeLoveCycling\",\"potentialAction\":[{\"@type\":\"SearchAction\",\"target\":{\"@type\":\"EntryPoint\",\"urlTemplate\":\"https:\/\/www.welovecycling.com\/hu\/?s={search_term_string}\"},\"query-input\":{\"@type\":\"PropertyValueSpecification\",\"valueRequired\":true,\"valueName\":\"search_term_string\"}}],\"inLanguage\":\"hu\"},{\"@type\":\"Person\",\"@id\":\"https:\/\/www.welovecycling.com\/hu\/#\/schema\/person\/414a2aebf1801691a5320edb6468e194\",\"name\":\"hegyizs\",\"image\":{\"@type\":\"ImageObject\",\"inLanguage\":\"hu\",\"@id\":\"https:\/\/www.welovecycling.com\/hu\/#\/schema\/person\/image\/\",\"url\":\"https:\/\/secure.gravatar.com\/avatar\/02cf8a7906b8cf90cecb4679defac7cfd33a1c2e3b88e4903d947f3bb58eedd3?s=96&d=mm&r=g\",\"contentUrl\":\"https:\/\/secure.gravatar.com\/avatar\/02cf8a7906b8cf90cecb4679defac7cfd33a1c2e3b88e4903d947f3bb58eedd3?s=96&d=mm&r=g\",\"caption\":\"hegyizs\"},\"url\":\"https:\/\/www.welovecycling.com\/hu\/author\/hegyizs\/\"}]}<\/script>\n<!-- \/ Yoast SEO Premium plugin. -->","yoast_head_json":{"title":"Legal\u00e1bb integetett volna! \u00cdgy feledkezett meg Beuffeuil az udvariass\u00e1gr\u00f3l - \u0160koda We Love Cycling - Magyarorsz\u00e1g","robots":{"index":"index","follow":"follow","max-snippet":"max-snippet:-1","max-image-preview":"max-image-preview:large","max-video-preview":"max-video-preview:-1"},"canonical":"https:\/\/www.welovecycling.com\/hu\/orszaguti-kerekpar\/legalabb-integetett-volna-igy-feledkezett-meg-beuffeuil-az-udvariassagrol\/","og_locale":"hu_HU","og_type":"article","og_title":"Legal\u00e1bb integetett volna! \u00cdgy feledkezett meg Beuffeuil az udvariass\u00e1gr\u00f3l","og_description":"B\u00f6rt\u00f6nbe lehet ker\u00fclni egy defekt miatt? T\u00e9ny, hogy nagyon rosszkor tud j\u00f6nni a lapos ker\u00e9k, az\u00e9rt m\u00e9giscsak t\u00falz\u00e1snak t\u0171nik ez [&hellip;]","og_url":"https:\/\/www.welovecycling.com\/hu\/orszaguti-kerekpar\/legalabb-integetett-volna-igy-feledkezett-meg-beuffeuil-az-udvariassagrol\/","og_site_name":"\u0160koda We Love Cycling - Magyarorsz\u00e1g","article_publisher":"https:\/\/www.facebook.com\/WeLoveCyclingHungary\/","article_published_time":"2020-07-06T07:00:45+00:00","og_image":[{"width":1366,"height":600,"url":"https:\/\/d2p6e6u75xmxt8.cloudfront.net\/12\/2020\/07\/Pierre-Beuffeuil-CVR-profimedia-0017378295.jpg","type":"image\/jpeg"}],"author":"hegyizs","twitter_card":"summary_large_image","twitter_misc":{"Written by":"Tereza Antonova","Est. reading time":"5"},"schema":{"@context":"https:\/\/schema.org","@graph":[{"@type":"WebPage","@id":"https:\/\/www.welovecycling.com\/hu\/orszaguti-kerekpar\/legalabb-integetett-volna-igy-feledkezett-meg-beuffeuil-az-udvariassagrol\/","url":"https:\/\/www.welovecycling.com\/hu\/orszaguti-kerekpar\/legalabb-integetett-volna-igy-feledkezett-meg-beuffeuil-az-udvariassagrol\/","name":"Legal\u00e1bb integetett volna! \u00cdgy feledkezett meg Beuffeuil az udvariass\u00e1gr\u00f3l - \u0160koda We Love Cycling - Magyarorsz\u00e1g","isPartOf":{"@id":"https:\/\/www.welovecycling.com\/hu\/#website"},"primaryImageOfPage":{"@id":"https:\/\/www.welovecycling.com\/hu\/orszaguti-kerekpar\/legalabb-integetett-volna-igy-feledkezett-meg-beuffeuil-az-udvariassagrol\/#primaryimage"},"image":{"@id":"https:\/\/www.welovecycling.com\/hu\/orszaguti-kerekpar\/legalabb-integetett-volna-igy-feledkezett-meg-beuffeuil-az-udvariassagrol\/#primaryimage"},"thumbnailUrl":"https:\/\/d2p6e6u75xmxt8.cloudfront.net\/12\/2020\/07\/Pierre-Beuffeuil-CVR-profimedia-0017378295.jpg","datePublished":"2020-07-06T07:00:45+00:00","author":{"@id":"https:\/\/www.welovecycling.com\/hu\/#\/schema\/person\/414a2aebf1801691a5320edb6468e194"},"breadcrumb":{"@id":"https:\/\/www.welovecycling.com\/hu\/orszaguti-kerekpar\/legalabb-integetett-volna-igy-feledkezett-meg-beuffeuil-az-udvariassagrol\/#breadcrumb"},"inLanguage":"hu","potentialAction":[{"@type":"ReadAction","target":["https:\/\/www.welovecycling.com\/hu\/orszaguti-kerekpar\/legalabb-integetett-volna-igy-feledkezett-meg-beuffeuil-az-udvariassagrol\/"]}]},{"@type":"ImageObject","inLanguage":"hu","@id":"https:\/\/www.welovecycling.com\/hu\/orszaguti-kerekpar\/legalabb-integetett-volna-igy-feledkezett-meg-beuffeuil-az-udvariassagrol\/#primaryimage","url":"https:\/\/d2p6e6u75xmxt8.cloudfront.net\/12\/2020\/07\/Pierre-Beuffeuil-CVR-profimedia-0017378295.jpg","contentUrl":"https:\/\/d2p6e6u75xmxt8.cloudfront.net\/12\/2020\/07\/Pierre-Beuffeuil-CVR-profimedia-0017378295.jpg","width":1366,"height":600},{"@type":"BreadcrumbList","@id":"https:\/\/www.welovecycling.com\/hu\/orszaguti-kerekpar\/legalabb-integetett-volna-igy-feledkezett-meg-beuffeuil-az-udvariassagrol\/#breadcrumb","itemListElement":[{"@type":"ListItem","position":1,"name":"Home","item":"https:\/\/www.welovecycling.com\/hu\/"},{"@type":"ListItem","position":2,"name":"Legal\u00e1bb integetett volna! \u00cdgy feledkezett meg Beuffeuil az udvariass\u00e1gr\u00f3l"}]},{"@type":"WebSite","@id":"https:\/\/www.welovecycling.com\/hu\/#website","url":"https:\/\/www.welovecycling.com\/hu\/","name":"\u0160koda We Love Cycling - Magyarorsz\u00e1g","description":"\u0160koda WeLoveCycling","potentialAction":[{"@type":"SearchAction","target":{"@type":"EntryPoint","urlTemplate":"https:\/\/www.welovecycling.com\/hu\/?s={search_term_string}"},"query-input":{"@type":"PropertyValueSpecification","valueRequired":true,"valueName":"search_term_string"}}],"inLanguage":"hu"},{"@type":"Person","@id":"https:\/\/www.welovecycling.com\/hu\/#\/schema\/person\/414a2aebf1801691a5320edb6468e194","name":"hegyizs","image":{"@type":"ImageObject","inLanguage":"hu","@id":"https:\/\/www.welovecycling.com\/hu\/#\/schema\/person\/image\/","url":"https:\/\/secure.gravatar.com\/avatar\/02cf8a7906b8cf90cecb4679defac7cfd33a1c2e3b88e4903d947f3bb58eedd3?s=96&d=mm&r=g","contentUrl":"https:\/\/secure.gravatar.com\/avatar\/02cf8a7906b8cf90cecb4679defac7cfd33a1c2e3b88e4903d947f3bb58eedd3?s=96&d=mm&r=g","caption":"hegyizs"},"url":"https:\/\/www.welovecycling.com\/hu\/author\/hegyizs\/"}]}},"_links":{"self":[{"href":"https:\/\/www.welovecycling.com\/hu\/wp-json\/wp\/v2\/posts\/7991","targetHints":{"allow":["GET"]}}],"collection":[{"href":"https:\/\/www.welovecycling.com\/hu\/wp-json\/wp\/v2\/posts"}],"about":[{"href":"https:\/\/www.welovecycling.com\/hu\/wp-json\/wp\/v2\/types\/post"}],"author":[{"embeddable":true,"href":"https:\/\/www.welovecycling.com\/hu\/wp-json\/wp\/v2\/users\/71"}],"replies":[{"embeddable":true,"href":"https:\/\/www.welovecycling.com\/hu\/wp-json\/wp\/v2\/comments?post=7991"}],"version-history":[{"count":2,"href":"https:\/\/www.welovecycling.com\/hu\/wp-json\/wp\/v2\/posts\/7991\/revisions"}],"predecessor-version":[{"id":8012,"href":"https:\/\/www.welovecycling.com\/hu\/wp-json\/wp\/v2\/posts\/7991\/revisions\/8012"}],"wp:featuredmedia":[{"embeddable":true,"href":"https:\/\/www.welovecycling.com\/hu\/wp-json\/wp\/v2\/media\/7994"}],"wp:attachment":[{"href":"https:\/\/www.welovecycling.com\/hu\/wp-json\/wp\/v2\/media?parent=7991"}],"wp:term":[{"taxonomy":"category","embeddable":true,"href":"https:\/\/www.welovecycling.com\/hu\/wp-json\/wp\/v2\/categories?post=7991"},{"taxonomy":"post_tag","embeddable":true,"href":"https:\/\/www.welovecycling.com\/hu\/wp-json\/wp\/v2\/tags?post=7991"},{"taxonomy":"global-categories","embeddable":true,"href":"https:\/\/www.welovecycling.com\/hu\/wp-json\/wp\/v2\/global-categories?post=7991"}],"curies":[{"name":"wp","href":"https:\/\/api.w.org\/{rel}","templated":true}]}}