{"id":7986,"date":"2020-07-07T08:00:30","date_gmt":"2020-07-07T07:00:30","guid":{"rendered":"https:\/\/www.welovecycling.com\/hu\/?p=7986"},"modified":"2020-07-03T13:45:44","modified_gmt":"2020-07-03T12:45:44","slug":"miert-jobb-partnerek-a-biciklisek","status":"publish","type":"post","link":"https:\/\/www.welovecycling.com\/hu\/kozosseg-es-kultura\/miert-jobb-partnerek-a-biciklisek\/","title":{"rendered":"Mi\u00e9rt jobb partnerek a biciklisek?"},"content":{"rendered":"<p><strong>B\u00e1r el\u0151fordul, hogy hosszas egyezked\u00e9sek el\u0151znek meg egy-egy k\u00f6z\u00f6s bringat\u00far\u00e1t, m\u00e9gis tudj\u00e1tok, hogy nem v\u00e1laszthattatok volna jobb p\u00e1rt, mint egy m\u00e1sik ker\u00e9kp\u00e1ros. Besz\u00e9ljenek maguk\u00e9rt a t\u00e9nyek!<\/strong><!--more--><\/p>\n<h2><strong>J\u00f3 form\u00e1ban van<\/strong><\/h2>\n<p>Sz\u00e1mos kutat\u00e1s kimutatta, hogy az id\u0151s\u00f6d\u0151 bring\u00e1sok fiatalabbnak \u00e9rzik magukat, mint amilyenek val\u00f3j\u00e1ban. A bicikliz\u00e9s bizony\u00edtottan hozz\u00e1j\u00e1rul az eg\u00e9szs\u00e9g\u00fcnk megtart\u00e1s\u00e1hoz, j\u00f3t tesz a sz\u00edvnek, a t\u00fcd\u0151nek \u00e9s a v\u00e9rkering\u00e9snek. Emellett persze az izomn\u00f6veked\u00e9st is el\u0151seg\u00edti, a koordin\u00e1ci\u00f3r\u00f3l, \u00edz\u00fcletekr\u0151l, tart\u00e1sr\u00f3l \u00e9s immunit\u00e1sr\u00f3l nem is besz\u00e9lve. \u00c9p testben \u00e9p l\u00e9lek: h\u00e1t nem csod\u00e1s egy boldog \u00e9s eg\u00e9szs\u00e9ges ember mellett \u00e9bredni reggelente?<\/p>\n<p>https:\/\/www.instagram.com\/p\/CBvc1NwgASj\/<\/p>\n<h2><strong>Kiegyens\u00falyozott<\/strong><\/h2>\n<p>A boldogs\u00e1ghoz nincs t\u00f6k\u00e9letesen bev\u00e1lt recept, a sport azonban biztosan fontos hozz\u00e1val\u00f3, ha a bels\u0151 egyens\u00falyr\u00f3l van sz\u00f3. A fizikai aktivit\u00e1s ut\u00e1n pedig a medit\u00e1ci\u00f3, relax\u00e1ci\u00f3 a k\u00f6vetkez\u0151 l\u00e9p\u00e9s. A bicikliz\u00e9s \u00f6sszekapcsolja ezeket. A rendszeres sportol\u00e1s megsz\u00fcnteti a bels\u0151 fesz\u00fclts\u00e9geket, \u00edgy nyugodtan oldhatjuk meg napi feladatainkat. Bizony\u00edtott, hogy a bicikliz\u00e9s cs\u00f6kkenti a stresszt, a szorong\u00e1st \u00e9s a depresszi\u00f3 kialakul\u00e1s\u00e1nak lehet\u0151s\u00e9g\u00e9t.<\/p>\n<h2><strong>Nem lehet k\u00e9tbalkezes<\/strong><\/h2>\n<p>Ha nem tudunk megjav\u00edtani valamit, \u0151 biztosan el\u0151veszi minden tapasztalat\u00e1t, amit a bring\u00e1ja karbantart\u00e1sa sor\u00e1n szerzett. R\u00e1ad\u00e1sul val\u00f3sz\u00edn\u0171leg rengeteg szersz\u00e1ma van a gar\u00e1zsban, ami sokszor j\u00f3l j\u00f6het.<\/p>\n<h2><strong>Szereti a kalandokat<\/strong><\/h2>\n<p>Utazni egy biciklis sz\u00e1m\u00e1ra olyan, mint leveg\u0151t venni: sz\u00fcletett felfedez\u0151k vagyunk. Min\u00e9l t\u00e1volabbra jutunk, ann\u00e1l jobb! Egy biciklis p\u00e1rral megny\u00edlik el\u0151tted a vil\u00e1g, k\u00f6z\u00f6s programk\u00e9nt k\u00f6rbeutazhatj\u00e1tok a vil\u00e1got.<\/p>\n<figure id=\"attachment_7988\" aria-describedby=\"caption-attachment-7988\" style=\"width: 1250px\" class=\"wp-caption alignnone\"><img loading=\"lazy\" decoding=\"async\" class=\"size-full wp-image-7988\" src=\"https:\/\/d2p6e6u75xmxt8.cloudfront.net\/12\/2020\/07\/Cycling-Couple-profimedia-0193637284.jpg\" alt=\"\" width=\"1250\" height=\"833\" \/><figcaption id=\"caption-attachment-7988\" class=\"wp-caption-text\">\u00a9 Profimedia<\/figcaption><\/figure>\n<h2><strong>Nem marad ki \u00e9jszak\u00e1ra<\/strong><\/h2>\n<p>Mivel m\u00e1r megvan a saj\u00e1t f\u00fcgg\u0151s\u00e9ge \u2013 a bicikli \u2013 nem f\u00e9r bele m\u00e1s az \u00e9let\u00e9be. \u00cdgy nem lesz az egy poh\u00e1r s\u00f6rb\u0151l hajnalig tart\u00f3 duhajkod\u00e1s, hiszen nem akarja m\u00e1snaposan t\u00f6lteni a k\u00f6vetkez\u0151 napot, amikor nyeregben is t\u00f6lthetn\u00e9. Mivel szabadidej\u00e9t \u00e9s sz\u00edv\u00e9t kit\u00f6lti a ker\u00e9kp\u00e1r, nem kell foly\u00e9kony szerekkel felt\u00f6lteni ezeket.<\/p>\n<h2><strong>H\u0171s\u00e9gesek<\/strong><\/h2>\n<p>A pszichol\u00f3gusok szerint a megcsal\u00e1s az unalom \u00e9s az \u00e9lm\u00e9nyek hi\u00e1ny\u00e1nak eredm\u00e9nye. Persze vannak, akik b\u00e1rmilyen k\u00f6r\u00fclm\u00e9nyek k\u00f6z\u00f6tt k\u00e9pesek csalni, azonban a legt\u00f6bb ember h\u0171s\u00e9ges marad, ameddig nem ker\u00fcl \u00e9rzelmi vagy szexu\u00e1lis hull\u00e1mv\u00f6lgybe a kapcsolat. A rendszeres bicikliz\u00e9s seg\u00edt meg\u0151rizni a boldogs\u00e1g\u00e9rzetet, az \u00e9lettel \u00e9s a kapcsolatunkkal val\u00f3 el\u00e9gedetts\u00e9get. A boldogs\u00e1g pedig ragad\u00f3s \u2013 ha egy p\u00e1r egyik tagja mosolyogva t\u00e9r haza bringat\u00far\u00e1j\u00e1r\u00f3l, val\u00f3sz\u00edn\u0171leg a m\u00e1sik is \u00e1tveszi j\u00f3kedv\u00e9t. Mindemellett a bicikliz\u00e9s n\u00f6veli a libid\u00f3t, \u00edgy nem kell m\u00e1s \u00e1gy\u00e1ban keresni a kiel\u00e9g\u00fcl\u00e9st.<\/p>\n","protected":false},"excerpt":{"rendered":"<p>B\u00e1r el\u0151fordul, hogy hosszas egyezked\u00e9sek el\u0151znek meg egy-egy k\u00f6z\u00f6s bringat\u00far\u00e1t, m\u00e9gis tudj\u00e1tok, hogy nem v\u00e1laszthattatok volna jobb p\u00e1rt, mint egy [&hellip;]<\/p>\n","protected":false},"author":71,"featured_media":7990,"comment_status":"open","ping_status":"open","sticky":false,"template":"","format":"standard","meta":{"footnotes":""},"categories":[12],"tags":[],"global-categories":[],"class_list":["post-7986","post","type-post","status-publish","format-standard","has-post-thumbnail","hentry","category-kozosseg-es-kultura"],"yoast_head":"<!-- This site is optimized with the Yoast SEO Premium plugin v25.3 (Yoast SEO v25.9) - https:\/\/yoast.com\/wordpress\/plugins\/seo\/ -->\n<title>Mi\u00e9rt jobb partnerek a biciklisek? - \u0160koda We Love Cycling - Magyarorsz\u00e1g<\/title>\n<meta name=\"robots\" content=\"index, follow, max-snippet:-1, max-image-preview:large, max-video-preview:-1\" \/>\n<link rel=\"canonical\" href=\"https:\/\/www.welovecycling.com\/hu\/kozosseg-es-kultura\/miert-jobb-partnerek-a-biciklisek\/\" \/>\n<meta property=\"og:locale\" content=\"hu_HU\" \/>\n<meta property=\"og:type\" content=\"article\" \/>\n<meta property=\"og:title\" content=\"Mi\u00e9rt jobb partnerek a biciklisek?\" \/>\n<meta property=\"og:description\" content=\"B\u00e1r el\u0151fordul, hogy hosszas egyezked\u00e9sek el\u0151znek meg egy-egy k\u00f6z\u00f6s bringat\u00far\u00e1t, m\u00e9gis tudj\u00e1tok, hogy nem v\u00e1laszthattatok volna jobb p\u00e1rt, mint egy [&hellip;]\" \/>\n<meta property=\"og:url\" content=\"https:\/\/www.welovecycling.com\/hu\/kozosseg-es-kultura\/miert-jobb-partnerek-a-biciklisek\/\" \/>\n<meta property=\"og:site_name\" content=\"\u0160koda We Love Cycling - Magyarorsz\u00e1g\" \/>\n<meta property=\"article:publisher\" content=\"https:\/\/www.facebook.com\/WeLoveCyclingHungary\/\" \/>\n<meta property=\"article:published_time\" content=\"2020-07-07T07:00:30+00:00\" \/>\n<meta property=\"og:image\" content=\"https:\/\/d2p6e6u75xmxt8.cloudfront.net\/12\/2020\/07\/Cycling-Love-CVR-profimedia-0427280626.jpg\" \/>\n\t<meta property=\"og:image:width\" content=\"1366\" \/>\n\t<meta property=\"og:image:height\" content=\"600\" \/>\n\t<meta property=\"og:image:type\" content=\"image\/jpeg\" \/>\n<meta name=\"author\" content=\"hegyizs\" \/>\n<meta name=\"twitter:card\" content=\"summary_large_image\" \/>\n<meta name=\"twitter:label1\" content=\"Written by\" \/>\n\t<meta name=\"twitter:data1\" content=\"Adam Marsal\" \/>\n\t<meta name=\"twitter:label2\" content=\"Est. reading time\" \/>\n\t<meta name=\"twitter:data2\" content=\"5\" \/>\n<script type=\"application\/ld+json\" class=\"yoast-schema-graph\">{\"@context\":\"https:\/\/schema.org\",\"@graph\":[{\"@type\":\"WebPage\",\"@id\":\"https:\/\/www.welovecycling.com\/hu\/kozosseg-es-kultura\/miert-jobb-partnerek-a-biciklisek\/\",\"url\":\"https:\/\/www.welovecycling.com\/hu\/kozosseg-es-kultura\/miert-jobb-partnerek-a-biciklisek\/\",\"name\":\"Mi\u00e9rt jobb partnerek a biciklisek? - \u0160koda We Love Cycling - Magyarorsz\u00e1g\",\"isPartOf\":{\"@id\":\"https:\/\/www.welovecycling.com\/hu\/#website\"},\"primaryImageOfPage\":{\"@id\":\"https:\/\/www.welovecycling.com\/hu\/kozosseg-es-kultura\/miert-jobb-partnerek-a-biciklisek\/#primaryimage\"},\"image\":{\"@id\":\"https:\/\/www.welovecycling.com\/hu\/kozosseg-es-kultura\/miert-jobb-partnerek-a-biciklisek\/#primaryimage\"},\"thumbnailUrl\":\"https:\/\/d2p6e6u75xmxt8.cloudfront.net\/12\/2020\/07\/Cycling-Love-CVR-profimedia-0427280626.jpg\",\"datePublished\":\"2020-07-07T07:00:30+00:00\",\"author\":{\"@id\":\"https:\/\/www.welovecycling.com\/hu\/#\/schema\/person\/414a2aebf1801691a5320edb6468e194\"},\"breadcrumb\":{\"@id\":\"https:\/\/www.welovecycling.com\/hu\/kozosseg-es-kultura\/miert-jobb-partnerek-a-biciklisek\/#breadcrumb\"},\"inLanguage\":\"hu\",\"potentialAction\":[{\"@type\":\"ReadAction\",\"target\":[\"https:\/\/www.welovecycling.com\/hu\/kozosseg-es-kultura\/miert-jobb-partnerek-a-biciklisek\/\"]}]},{\"@type\":\"ImageObject\",\"inLanguage\":\"hu\",\"@id\":\"https:\/\/www.welovecycling.com\/hu\/kozosseg-es-kultura\/miert-jobb-partnerek-a-biciklisek\/#primaryimage\",\"url\":\"https:\/\/d2p6e6u75xmxt8.cloudfront.net\/12\/2020\/07\/Cycling-Love-CVR-profimedia-0427280626.jpg\",\"contentUrl\":\"https:\/\/d2p6e6u75xmxt8.cloudfront.net\/12\/2020\/07\/Cycling-Love-CVR-profimedia-0427280626.jpg\",\"width\":1366,\"height\":600},{\"@type\":\"BreadcrumbList\",\"@id\":\"https:\/\/www.welovecycling.com\/hu\/kozosseg-es-kultura\/miert-jobb-partnerek-a-biciklisek\/#breadcrumb\",\"itemListElement\":[{\"@type\":\"ListItem\",\"position\":1,\"name\":\"Home\",\"item\":\"https:\/\/www.welovecycling.com\/hu\/\"},{\"@type\":\"ListItem\",\"position\":2,\"name\":\"Mi\u00e9rt jobb partnerek a biciklisek?\"}]},{\"@type\":\"WebSite\",\"@id\":\"https:\/\/www.welovecycling.com\/hu\/#website\",\"url\":\"https:\/\/www.welovecycling.com\/hu\/\",\"name\":\"\u0160koda We Love Cycling - Magyarorsz\u00e1g\",\"description\":\"\u0160koda WeLoveCycling\",\"potentialAction\":[{\"@type\":\"SearchAction\",\"target\":{\"@type\":\"EntryPoint\",\"urlTemplate\":\"https:\/\/www.welovecycling.com\/hu\/?s={search_term_string}\"},\"query-input\":{\"@type\":\"PropertyValueSpecification\",\"valueRequired\":true,\"valueName\":\"search_term_string\"}}],\"inLanguage\":\"hu\"},{\"@type\":\"Person\",\"@id\":\"https:\/\/www.welovecycling.com\/hu\/#\/schema\/person\/414a2aebf1801691a5320edb6468e194\",\"name\":\"hegyizs\",\"image\":{\"@type\":\"ImageObject\",\"inLanguage\":\"hu\",\"@id\":\"https:\/\/www.welovecycling.com\/hu\/#\/schema\/person\/image\/\",\"url\":\"https:\/\/secure.gravatar.com\/avatar\/02cf8a7906b8cf90cecb4679defac7cfd33a1c2e3b88e4903d947f3bb58eedd3?s=96&d=mm&r=g\",\"contentUrl\":\"https:\/\/secure.gravatar.com\/avatar\/02cf8a7906b8cf90cecb4679defac7cfd33a1c2e3b88e4903d947f3bb58eedd3?s=96&d=mm&r=g\",\"caption\":\"hegyizs\"},\"url\":\"https:\/\/www.welovecycling.com\/hu\/author\/hegyizs\/\"}]}<\/script>\n<!-- \/ Yoast SEO Premium plugin. -->","yoast_head_json":{"title":"Mi\u00e9rt jobb partnerek a biciklisek? - \u0160koda We Love Cycling - Magyarorsz\u00e1g","robots":{"index":"index","follow":"follow","max-snippet":"max-snippet:-1","max-image-preview":"max-image-preview:large","max-video-preview":"max-video-preview:-1"},"canonical":"https:\/\/www.welovecycling.com\/hu\/kozosseg-es-kultura\/miert-jobb-partnerek-a-biciklisek\/","og_locale":"hu_HU","og_type":"article","og_title":"Mi\u00e9rt jobb partnerek a biciklisek?","og_description":"B\u00e1r el\u0151fordul, hogy hosszas egyezked\u00e9sek el\u0151znek meg egy-egy k\u00f6z\u00f6s bringat\u00far\u00e1t, m\u00e9gis tudj\u00e1tok, hogy nem v\u00e1laszthattatok volna jobb p\u00e1rt, mint egy [&hellip;]","og_url":"https:\/\/www.welovecycling.com\/hu\/kozosseg-es-kultura\/miert-jobb-partnerek-a-biciklisek\/","og_site_name":"\u0160koda We Love Cycling - Magyarorsz\u00e1g","article_publisher":"https:\/\/www.facebook.com\/WeLoveCyclingHungary\/","article_published_time":"2020-07-07T07:00:30+00:00","og_image":[{"width":1366,"height":600,"url":"https:\/\/d2p6e6u75xmxt8.cloudfront.net\/12\/2020\/07\/Cycling-Love-CVR-profimedia-0427280626.jpg","type":"image\/jpeg"}],"author":"hegyizs","twitter_card":"summary_large_image","twitter_misc":{"Written by":"Adam Marsal","Est. reading time":"5"},"schema":{"@context":"https:\/\/schema.org","@graph":[{"@type":"WebPage","@id":"https:\/\/www.welovecycling.com\/hu\/kozosseg-es-kultura\/miert-jobb-partnerek-a-biciklisek\/","url":"https:\/\/www.welovecycling.com\/hu\/kozosseg-es-kultura\/miert-jobb-partnerek-a-biciklisek\/","name":"Mi\u00e9rt jobb partnerek a biciklisek? - \u0160koda We Love Cycling - Magyarorsz\u00e1g","isPartOf":{"@id":"https:\/\/www.welovecycling.com\/hu\/#website"},"primaryImageOfPage":{"@id":"https:\/\/www.welovecycling.com\/hu\/kozosseg-es-kultura\/miert-jobb-partnerek-a-biciklisek\/#primaryimage"},"image":{"@id":"https:\/\/www.welovecycling.com\/hu\/kozosseg-es-kultura\/miert-jobb-partnerek-a-biciklisek\/#primaryimage"},"thumbnailUrl":"https:\/\/d2p6e6u75xmxt8.cloudfront.net\/12\/2020\/07\/Cycling-Love-CVR-profimedia-0427280626.jpg","datePublished":"2020-07-07T07:00:30+00:00","author":{"@id":"https:\/\/www.welovecycling.com\/hu\/#\/schema\/person\/414a2aebf1801691a5320edb6468e194"},"breadcrumb":{"@id":"https:\/\/www.welovecycling.com\/hu\/kozosseg-es-kultura\/miert-jobb-partnerek-a-biciklisek\/#breadcrumb"},"inLanguage":"hu","potentialAction":[{"@type":"ReadAction","target":["https:\/\/www.welovecycling.com\/hu\/kozosseg-es-kultura\/miert-jobb-partnerek-a-biciklisek\/"]}]},{"@type":"ImageObject","inLanguage":"hu","@id":"https:\/\/www.welovecycling.com\/hu\/kozosseg-es-kultura\/miert-jobb-partnerek-a-biciklisek\/#primaryimage","url":"https:\/\/d2p6e6u75xmxt8.cloudfront.net\/12\/2020\/07\/Cycling-Love-CVR-profimedia-0427280626.jpg","contentUrl":"https:\/\/d2p6e6u75xmxt8.cloudfront.net\/12\/2020\/07\/Cycling-Love-CVR-profimedia-0427280626.jpg","width":1366,"height":600},{"@type":"BreadcrumbList","@id":"https:\/\/www.welovecycling.com\/hu\/kozosseg-es-kultura\/miert-jobb-partnerek-a-biciklisek\/#breadcrumb","itemListElement":[{"@type":"ListItem","position":1,"name":"Home","item":"https:\/\/www.welovecycling.com\/hu\/"},{"@type":"ListItem","position":2,"name":"Mi\u00e9rt jobb partnerek a biciklisek?"}]},{"@type":"WebSite","@id":"https:\/\/www.welovecycling.com\/hu\/#website","url":"https:\/\/www.welovecycling.com\/hu\/","name":"\u0160koda We Love Cycling - Magyarorsz\u00e1g","description":"\u0160koda WeLoveCycling","potentialAction":[{"@type":"SearchAction","target":{"@type":"EntryPoint","urlTemplate":"https:\/\/www.welovecycling.com\/hu\/?s={search_term_string}"},"query-input":{"@type":"PropertyValueSpecification","valueRequired":true,"valueName":"search_term_string"}}],"inLanguage":"hu"},{"@type":"Person","@id":"https:\/\/www.welovecycling.com\/hu\/#\/schema\/person\/414a2aebf1801691a5320edb6468e194","name":"hegyizs","image":{"@type":"ImageObject","inLanguage":"hu","@id":"https:\/\/www.welovecycling.com\/hu\/#\/schema\/person\/image\/","url":"https:\/\/secure.gravatar.com\/avatar\/02cf8a7906b8cf90cecb4679defac7cfd33a1c2e3b88e4903d947f3bb58eedd3?s=96&d=mm&r=g","contentUrl":"https:\/\/secure.gravatar.com\/avatar\/02cf8a7906b8cf90cecb4679defac7cfd33a1c2e3b88e4903d947f3bb58eedd3?s=96&d=mm&r=g","caption":"hegyizs"},"url":"https:\/\/www.welovecycling.com\/hu\/author\/hegyizs\/"}]}},"_links":{"self":[{"href":"https:\/\/www.welovecycling.com\/hu\/wp-json\/wp\/v2\/posts\/7986","targetHints":{"allow":["GET"]}}],"collection":[{"href":"https:\/\/www.welovecycling.com\/hu\/wp-json\/wp\/v2\/posts"}],"about":[{"href":"https:\/\/www.welovecycling.com\/hu\/wp-json\/wp\/v2\/types\/post"}],"author":[{"embeddable":true,"href":"https:\/\/www.welovecycling.com\/hu\/wp-json\/wp\/v2\/users\/71"}],"replies":[{"embeddable":true,"href":"https:\/\/www.welovecycling.com\/hu\/wp-json\/wp\/v2\/comments?post=7986"}],"version-history":[{"count":2,"href":"https:\/\/www.welovecycling.com\/hu\/wp-json\/wp\/v2\/posts\/7986\/revisions"}],"predecessor-version":[{"id":8011,"href":"https:\/\/www.welovecycling.com\/hu\/wp-json\/wp\/v2\/posts\/7986\/revisions\/8011"}],"wp:featuredmedia":[{"embeddable":true,"href":"https:\/\/www.welovecycling.com\/hu\/wp-json\/wp\/v2\/media\/7990"}],"wp:attachment":[{"href":"https:\/\/www.welovecycling.com\/hu\/wp-json\/wp\/v2\/media?parent=7986"}],"wp:term":[{"taxonomy":"category","embeddable":true,"href":"https:\/\/www.welovecycling.com\/hu\/wp-json\/wp\/v2\/categories?post=7986"},{"taxonomy":"post_tag","embeddable":true,"href":"https:\/\/www.welovecycling.com\/hu\/wp-json\/wp\/v2\/tags?post=7986"},{"taxonomy":"global-categories","embeddable":true,"href":"https:\/\/www.welovecycling.com\/hu\/wp-json\/wp\/v2\/global-categories?post=7986"}],"curies":[{"name":"wp","href":"https:\/\/api.w.org\/{rel}","templated":true}]}}