{"id":7979,"date":"2020-07-01T17:00:20","date_gmt":"2020-07-01T16:00:20","guid":{"rendered":"https:\/\/www.welovecycling.com\/hu\/?p=7979"},"modified":"2020-07-02T08:15:22","modified_gmt":"2020-07-02T07:15:22","slug":"utmutato-a-magyar-tenger-bevetelehez","status":"publish","type":"post","link":"https:\/\/www.welovecycling.com\/hu\/edzes-es-eletmod\/utmutato-a-magyar-tenger-bevetelehez\/","title":{"rendered":"\u00datmutat\u00f3 a magyar tenger bev\u00e9tel\u00e9hez"},"content":{"rendered":"<p><strong>H\u00e1romf\u00e9le bring\u00e1s l\u00e9tezik: aki m\u00e1r k\u00f6rbetekerte a Balatont, akinek legh\u0151bb \u00e1lma, \u00e9s aki a k\u00e9t halmaz metszet\u00e9be tartozik. Hoztunk n\u00e9h\u00e1ny tippet a 210 km-es \u00fathoz!<\/strong><!--more--><\/p>\n<h2><strong>Versenyezni vagy nem versenyezni?<\/strong><\/h2>\n<p>Mindenekel\u0151tt azt kell eld\u00f6ntened, hogy szervezett keretek k\u00f6z\u00f6tt, vagy k\u00f6tetlen\u00fcl indulsz \u00fatnak. Ha nincs senki, akit r\u00e1vehetn\u00e9l, hogy tartson veled, jobb, ha benevezel a Tour de Pelsora, hogy ne maradj egyed\u00fcl. Azonban vedd figyelembe, hogy a versenyen az id\u0151 sz\u00e1m\u00edt, nem a v\u00edz k\u00f6zels\u00e9ge, a part hangulata. Ellenben a Tour idej\u00e9re lez\u00e1rt \u00faton l\u00e9nyegesen k\u00f6nnyebb \u00e9s gyorsabb haladni, mint a tavat k\u00f6rbe\u00f6lel\u0151 bicikli\u00faton.<\/p>\n<p><img loading=\"lazy\" decoding=\"async\" class=\"aligncenter size-full wp-image-7980\" src=\"https:\/\/d2p6e6u75xmxt8.cloudfront.net\/12\/2020\/06\/34744356_1806035892772604_4710493605087674368_o.jpg\" alt=\"\" width=\"1000\" height=\"512\" \/><\/p>\n<h2><strong>Az \u00fatvonal<\/strong><\/h2>\n<p>Ha egy\u00e9nileg szervezed meg az utat, k\u00f6nnyebben szabhatod a saj\u00e1t k\u00e9pess\u00e9geiteknek megfelel\u0151en. El\u00e9g, ha naponta csak 3-4 \u00f3r\u00e1t t\u00f6lt\u00f6t\u00f6k nyeregben, a marad\u00e9k id\u0151ben \u00e9lvezhetitek a strandol\u00e1st! K\u00f6r\u00fclbel\u00fcl napi 70 km re\u00e1lis t\u00e1v. Sz\u00e1molj\u00e1tok ki el\u0151re, hogy melyik nap, mennyit akartok tekerni, az \u00fatviszonyokat is figyelembe v\u00e9ve, \u00e9s ez alapj\u00e1n keressetek sz\u00e1ll\u00e1st \u00e9jszak\u00e1ra! Val\u00f3sz\u00edn\u0171leg nem lesz k\u00f6nny\u0171 dolgotok, a f\u0151szezonban nem sz\u00edvesen adj\u00e1k ki a szob\u00e1kat egy \u00e9jszak\u00e1ra, \u00e9rdemes megfontolni a kempingez\u00e9s lehet\u0151s\u00e9g\u00e9t is.<\/p>\n<p>A d\u00e9li part f\u0151leg s\u00edk, kevesebb l\u00e1tnival\u00f3val kecsegtet, \u00e9szakon viszont rengeteg az izgalom. \u00c9pp ez\u00e9rt \u00e9rdemes az unalmasabb szakaszon kezdeni \u2013 az els\u0151 napon m\u00e9g nagyobb a lelkesed\u00e9s. Ha a d\u00e9li part k\u00f6zep\u00e9t\u0151l indultok, valahol Balatonbogl\u00e1r k\u00f6r\u00fcl, a t\u00fara elej\u00e9re \u00e9s v\u00e9g\u00e9re jut a k\u00f6nnyebb terep.<\/p>\n<p><img loading=\"lazy\" decoding=\"async\" class=\"aligncenter size-full wp-image-7981\" src=\"https:\/\/d2p6e6u75xmxt8.cloudfront.net\/12\/2020\/06\/Balatonker\u00e9kp\u00e1rt\u00fara.jpg\" alt=\"\" width=\"600\" height=\"676\" \/><\/p>\n<h2><strong>A felszerel\u00e9s<\/strong><\/h2>\n<p>Mindenk\u00e9pp vess\u00e9tek al\u00e1 egy alapos szervizel\u00e9snek a t\u00faraker\u00e9kp\u00e1rotokat, hogy ne \u00e9rhessen meglepet\u00e9s. Mivel eg\u00e9sz nap cipelnetek kell a h\u00e1tizs\u00e1kotokat, csak a sz\u00fcks\u00e9ges dolgokat vigy\u00e9tek magatokkal, az alapszersz\u00e1mok viszont nem hi\u00e1nyozhatnak!<\/p>\n<p>Szereljetek fel a bring\u00e1kra kulacstart\u00f3t, hogy k\u00f6nnyen el\u00e9rhet\u0151 legyen a friss\u00edt\u0151 v\u00edz, \u00e9s ne a h\u00e1tatokon kelljen vinni. A csomagtart\u00f3 szint\u00e9n seg\u00edthet a s\u00faly eloszl\u00e1s\u00e1ban, f\u0151leg, ha s\u00e1trat is visztek magatokkal. V\u00e1lasszatok min\u00e9l k\u00f6nnyebb, alum\u00edniumb\u00f3l k\u00e9sz\u00fclt tartoz\u00e9kot!<\/p>\n<p>B\u00e1r nagyr\u00e9szt a nyeregben fogtok \u00fclni, eg\u00e9sz biztosan elcs\u00e1b\u00edt majd a v\u00edz, vagy az \u00fat menti boroz\u00f3 h\u0171s\u00edt\u0151 poh\u00e1r fr\u00f6ccse, de az \u00e9tkez\u00e9sek \u00e9s boltoz\u00e1sok idej\u00e9re is kint kell hagynotok a biciklit. Ilyenkor pr\u00f3b\u00e1lj\u00e1tok szemmel tartani a j\u00e1rg\u00e1nyokat, a mozd\u00edthat\u00f3 dolgokat vigy\u00e9tek magatokkal, \u00e9s mindenk\u00e9pp er\u0151s z\u00e1rral z\u00e1rj\u00e1tok le a bring\u00e1kat! Senki nem akar bicikli n\u00e9lk\u00fcl maradni egy biciklit\u00fara k\u00f6zep\u00e9n.<\/p>\n<h2><strong>Szersz\u00e1mok<\/strong><\/h2>\n<p>B\u00e1r a c\u00e9l a min\u00e9l kisebb s\u00faly, m\u00e9gis vannak olyan szersz\u00e1mok, amiket meg\u00e9ri magatokkal vinni. A pumpa, a gumijav\u00edt\u00f3 k\u00e9szlet \u00e9s a gumibels\u0151 alap, de egy gumileszed\u0151 \u00e9s egy l\u00e1ncbont\u00f3s bicska sem \u00e1rthat \u00e9s nem is nyomnak t\u00fal sokat. Ossz\u00e1tok el a felszerel\u00e9st egym\u00e1s k\u00f6z\u00f6tt!<\/p>\n<figure id=\"attachment_7982\" aria-describedby=\"caption-attachment-7982\" style=\"width: 800px\" class=\"wp-caption aligncenter\"><img loading=\"lazy\" decoding=\"async\" class=\"size-full wp-image-7982\" src=\"https:\/\/d2p6e6u75xmxt8.cloudfront.net\/12\/2020\/06\/wlc20200701.jpg\" alt=\"\" width=\"800\" height=\"450\" \/><figcaption id=\"caption-attachment-7982\" class=\"wp-caption-text\">Forr\u00e1s: Holkerekparozzak.hu<\/figcaption><\/figure>\n<h2><strong>Ruh\u00e1zat<\/strong><\/h2>\n<p>Nem kell magyar\u00e1znunk, milyen kellemetlen k\u00f6vetkezm\u00e9nyekkel j\u00e1rhat, ha 210 km-et nem megfelel\u0151 ruh\u00e1zatban tekersz le. Kor\u00e1bban m\u00e1r \u00edrtunk arr\u00f3l, hogy <a href=\"https:\/\/www.welovecycling.com\/hu\/edzes-es-eletmod\/a-nyereg-okozta-fajdalom-es-mas-ferfigondok\/?fbclid=IwAR3Hwc3_kNqLdUohsEnIKy9kfJ8HCkrH-n34tkhvMRpFatL18gvoqBJoLlY\">eg\u00e9szs\u00e9g\u00fcgyi panaszokhoz is vezethet<\/a>, ha nem j\u00f3l v\u00e1lasztod ki a felszerel\u00e9st. A legjobb, ha a m\u00e1r kipr\u00f3b\u00e1lt ruh\u00e1idat viszed magaddal, de ha nincs k\u00e9nyelmes nadr\u00e1god \u00e9s p\u00f3l\u00f3d, ne sajn\u00e1ld r\u00e1 a p\u00e9nzt! A buk\u00f3sisak pedig k\u00f6telez\u0151 elem, s\u0151t, a keszty\u0171 is sokat dobhat a kir\u00e1ndul\u00e1son.<\/p>\n<p>K\u00e9sz\u00fclj fel a rossz id\u0151re is, b\u00e1rmikor elkaphat egy ny\u00e1ri zivatar. Legyen k\u00e9zn\u00e9l es\u0151kab\u00e1t \u00e9s v\u00e1lt\u00f3zokni!<\/p>\n<p><em>Forr\u00e1s: <\/em><a href=\"https:\/\/www.holkerekparozzak.hu\/magazin-kerekparos-hirek\/tura-leirasok\/4564-hogyan-keruljuk-meg-a-balatont-kezdokent\"><em>www.holkerekparozzak.hu<\/em><\/a><\/p>\n","protected":false},"excerpt":{"rendered":"<p>H\u00e1romf\u00e9le bring\u00e1s l\u00e9tezik: aki m\u00e1r k\u00f6rbetekerte a Balatont, akinek legh\u0151bb \u00e1lma, \u00e9s aki a k\u00e9t halmaz metszet\u00e9be tartozik. Hoztunk n\u00e9h\u00e1ny [&hellip;]<\/p>\n","protected":false},"author":71,"featured_media":7983,"comment_status":"open","ping_status":"open","sticky":false,"template":"","format":"standard","meta":{"footnotes":""},"categories":[6],"tags":[],"global-categories":[],"class_list":["post-7979","post","type-post","status-publish","format-standard","has-post-thumbnail","hentry","category-edzes-es-eletmod"],"yoast_head":"<!-- This site is optimized with the Yoast SEO Premium plugin v25.3 (Yoast SEO v25.9) - https:\/\/yoast.com\/wordpress\/plugins\/seo\/ -->\n<title>\u00datmutat\u00f3 a magyar tenger bev\u00e9tel\u00e9hez - \u0160koda We Love Cycling - Magyarorsz\u00e1g<\/title>\n<meta name=\"robots\" content=\"index, follow, max-snippet:-1, max-image-preview:large, max-video-preview:-1\" \/>\n<link rel=\"canonical\" href=\"https:\/\/www.welovecycling.com\/hu\/edzes-es-eletmod\/utmutato-a-magyar-tenger-bevetelehez\/\" \/>\n<meta property=\"og:locale\" content=\"hu_HU\" \/>\n<meta property=\"og:type\" content=\"article\" \/>\n<meta property=\"og:title\" content=\"\u00datmutat\u00f3 a magyar tenger bev\u00e9tel\u00e9hez\" \/>\n<meta property=\"og:description\" content=\"H\u00e1romf\u00e9le bring\u00e1s l\u00e9tezik: aki m\u00e1r k\u00f6rbetekerte a Balatont, akinek legh\u0151bb \u00e1lma, \u00e9s aki a k\u00e9t halmaz metszet\u00e9be tartozik. Hoztunk n\u00e9h\u00e1ny [&hellip;]\" \/>\n<meta property=\"og:url\" content=\"https:\/\/www.welovecycling.com\/hu\/edzes-es-eletmod\/utmutato-a-magyar-tenger-bevetelehez\/\" \/>\n<meta property=\"og:site_name\" content=\"\u0160koda We Love Cycling - Magyarorsz\u00e1g\" \/>\n<meta property=\"article:publisher\" content=\"https:\/\/www.facebook.com\/WeLoveCyclingHungary\/\" \/>\n<meta property=\"article:published_time\" content=\"2020-07-01T16:00:20+00:00\" \/>\n<meta property=\"article:modified_time\" content=\"2020-07-02T07:15:22+00:00\" \/>\n<meta property=\"og:image\" content=\"https:\/\/d2p6e6u75xmxt8.cloudfront.net\/12\/2020\/06\/lake-balaton-4842758_1920.jpg\" \/>\n\t<meta property=\"og:image:width\" content=\"1920\" \/>\n\t<meta property=\"og:image:height\" content=\"1078\" \/>\n\t<meta property=\"og:image:type\" content=\"image\/jpeg\" \/>\n<meta name=\"author\" content=\"hegyizs\" \/>\n<meta name=\"twitter:card\" content=\"summary_large_image\" \/>\n<meta name=\"twitter:label1\" content=\"Written by\" \/>\n\t<meta name=\"twitter:data1\" content=\"WLC\" \/>\n\t<meta name=\"twitter:label2\" content=\"Est. reading time\" \/>\n\t<meta name=\"twitter:data2\" content=\"4 minutes\" \/>\n<script type=\"application\/ld+json\" class=\"yoast-schema-graph\">{\"@context\":\"https:\/\/schema.org\",\"@graph\":[{\"@type\":\"WebPage\",\"@id\":\"https:\/\/www.welovecycling.com\/hu\/edzes-es-eletmod\/utmutato-a-magyar-tenger-bevetelehez\/\",\"url\":\"https:\/\/www.welovecycling.com\/hu\/edzes-es-eletmod\/utmutato-a-magyar-tenger-bevetelehez\/\",\"name\":\"\u00datmutat\u00f3 a magyar tenger bev\u00e9tel\u00e9hez - \u0160koda We Love Cycling - Magyarorsz\u00e1g\",\"isPartOf\":{\"@id\":\"https:\/\/www.welovecycling.com\/hu\/#website\"},\"primaryImageOfPage\":{\"@id\":\"https:\/\/www.welovecycling.com\/hu\/edzes-es-eletmod\/utmutato-a-magyar-tenger-bevetelehez\/#primaryimage\"},\"image\":{\"@id\":\"https:\/\/www.welovecycling.com\/hu\/edzes-es-eletmod\/utmutato-a-magyar-tenger-bevetelehez\/#primaryimage\"},\"thumbnailUrl\":\"https:\/\/d2p6e6u75xmxt8.cloudfront.net\/12\/2020\/06\/lake-balaton-4842758_1920.jpg\",\"datePublished\":\"2020-07-01T16:00:20+00:00\",\"dateModified\":\"2020-07-02T07:15:22+00:00\",\"author\":{\"@id\":\"https:\/\/www.welovecycling.com\/hu\/#\/schema\/person\/414a2aebf1801691a5320edb6468e194\"},\"breadcrumb\":{\"@id\":\"https:\/\/www.welovecycling.com\/hu\/edzes-es-eletmod\/utmutato-a-magyar-tenger-bevetelehez\/#breadcrumb\"},\"inLanguage\":\"hu\",\"potentialAction\":[{\"@type\":\"ReadAction\",\"target\":[\"https:\/\/www.welovecycling.com\/hu\/edzes-es-eletmod\/utmutato-a-magyar-tenger-bevetelehez\/\"]}]},{\"@type\":\"ImageObject\",\"inLanguage\":\"hu\",\"@id\":\"https:\/\/www.welovecycling.com\/hu\/edzes-es-eletmod\/utmutato-a-magyar-tenger-bevetelehez\/#primaryimage\",\"url\":\"https:\/\/d2p6e6u75xmxt8.cloudfront.net\/12\/2020\/06\/lake-balaton-4842758_1920.jpg\",\"contentUrl\":\"https:\/\/d2p6e6u75xmxt8.cloudfront.net\/12\/2020\/06\/lake-balaton-4842758_1920.jpg\",\"width\":1920,\"height\":1078},{\"@type\":\"BreadcrumbList\",\"@id\":\"https:\/\/www.welovecycling.com\/hu\/edzes-es-eletmod\/utmutato-a-magyar-tenger-bevetelehez\/#breadcrumb\",\"itemListElement\":[{\"@type\":\"ListItem\",\"position\":1,\"name\":\"Home\",\"item\":\"https:\/\/www.welovecycling.com\/hu\/\"},{\"@type\":\"ListItem\",\"position\":2,\"name\":\"\u00datmutat\u00f3 a magyar tenger bev\u00e9tel\u00e9hez\"}]},{\"@type\":\"WebSite\",\"@id\":\"https:\/\/www.welovecycling.com\/hu\/#website\",\"url\":\"https:\/\/www.welovecycling.com\/hu\/\",\"name\":\"\u0160koda We Love Cycling - Magyarorsz\u00e1g\",\"description\":\"\u0160koda WeLoveCycling\",\"potentialAction\":[{\"@type\":\"SearchAction\",\"target\":{\"@type\":\"EntryPoint\",\"urlTemplate\":\"https:\/\/www.welovecycling.com\/hu\/?s={search_term_string}\"},\"query-input\":{\"@type\":\"PropertyValueSpecification\",\"valueRequired\":true,\"valueName\":\"search_term_string\"}}],\"inLanguage\":\"hu\"},{\"@type\":\"Person\",\"@id\":\"https:\/\/www.welovecycling.com\/hu\/#\/schema\/person\/414a2aebf1801691a5320edb6468e194\",\"name\":\"hegyizs\",\"image\":{\"@type\":\"ImageObject\",\"inLanguage\":\"hu\",\"@id\":\"https:\/\/www.welovecycling.com\/hu\/#\/schema\/person\/image\/\",\"url\":\"https:\/\/secure.gravatar.com\/avatar\/02cf8a7906b8cf90cecb4679defac7cfd33a1c2e3b88e4903d947f3bb58eedd3?s=96&d=mm&r=g\",\"contentUrl\":\"https:\/\/secure.gravatar.com\/avatar\/02cf8a7906b8cf90cecb4679defac7cfd33a1c2e3b88e4903d947f3bb58eedd3?s=96&d=mm&r=g\",\"caption\":\"hegyizs\"},\"url\":\"https:\/\/www.welovecycling.com\/hu\/author\/hegyizs\/\"}]}<\/script>\n<!-- \/ Yoast SEO Premium plugin. -->","yoast_head_json":{"title":"\u00datmutat\u00f3 a magyar tenger bev\u00e9tel\u00e9hez - \u0160koda We Love Cycling - Magyarorsz\u00e1g","robots":{"index":"index","follow":"follow","max-snippet":"max-snippet:-1","max-image-preview":"max-image-preview:large","max-video-preview":"max-video-preview:-1"},"canonical":"https:\/\/www.welovecycling.com\/hu\/edzes-es-eletmod\/utmutato-a-magyar-tenger-bevetelehez\/","og_locale":"hu_HU","og_type":"article","og_title":"\u00datmutat\u00f3 a magyar tenger bev\u00e9tel\u00e9hez","og_description":"H\u00e1romf\u00e9le bring\u00e1s l\u00e9tezik: aki m\u00e1r k\u00f6rbetekerte a Balatont, akinek legh\u0151bb \u00e1lma, \u00e9s aki a k\u00e9t halmaz metszet\u00e9be tartozik. Hoztunk n\u00e9h\u00e1ny [&hellip;]","og_url":"https:\/\/www.welovecycling.com\/hu\/edzes-es-eletmod\/utmutato-a-magyar-tenger-bevetelehez\/","og_site_name":"\u0160koda We Love Cycling - Magyarorsz\u00e1g","article_publisher":"https:\/\/www.facebook.com\/WeLoveCyclingHungary\/","article_published_time":"2020-07-01T16:00:20+00:00","article_modified_time":"2020-07-02T07:15:22+00:00","og_image":[{"width":1920,"height":1078,"url":"https:\/\/d2p6e6u75xmxt8.cloudfront.net\/12\/2020\/06\/lake-balaton-4842758_1920.jpg","type":"image\/jpeg"}],"author":"hegyizs","twitter_card":"summary_large_image","twitter_misc":{"Written by":"WLC","Est. reading time":"4 minutes"},"schema":{"@context":"https:\/\/schema.org","@graph":[{"@type":"WebPage","@id":"https:\/\/www.welovecycling.com\/hu\/edzes-es-eletmod\/utmutato-a-magyar-tenger-bevetelehez\/","url":"https:\/\/www.welovecycling.com\/hu\/edzes-es-eletmod\/utmutato-a-magyar-tenger-bevetelehez\/","name":"\u00datmutat\u00f3 a magyar tenger bev\u00e9tel\u00e9hez - \u0160koda We Love Cycling - Magyarorsz\u00e1g","isPartOf":{"@id":"https:\/\/www.welovecycling.com\/hu\/#website"},"primaryImageOfPage":{"@id":"https:\/\/www.welovecycling.com\/hu\/edzes-es-eletmod\/utmutato-a-magyar-tenger-bevetelehez\/#primaryimage"},"image":{"@id":"https:\/\/www.welovecycling.com\/hu\/edzes-es-eletmod\/utmutato-a-magyar-tenger-bevetelehez\/#primaryimage"},"thumbnailUrl":"https:\/\/d2p6e6u75xmxt8.cloudfront.net\/12\/2020\/06\/lake-balaton-4842758_1920.jpg","datePublished":"2020-07-01T16:00:20+00:00","dateModified":"2020-07-02T07:15:22+00:00","author":{"@id":"https:\/\/www.welovecycling.com\/hu\/#\/schema\/person\/414a2aebf1801691a5320edb6468e194"},"breadcrumb":{"@id":"https:\/\/www.welovecycling.com\/hu\/edzes-es-eletmod\/utmutato-a-magyar-tenger-bevetelehez\/#breadcrumb"},"inLanguage":"hu","potentialAction":[{"@type":"ReadAction","target":["https:\/\/www.welovecycling.com\/hu\/edzes-es-eletmod\/utmutato-a-magyar-tenger-bevetelehez\/"]}]},{"@type":"ImageObject","inLanguage":"hu","@id":"https:\/\/www.welovecycling.com\/hu\/edzes-es-eletmod\/utmutato-a-magyar-tenger-bevetelehez\/#primaryimage","url":"https:\/\/d2p6e6u75xmxt8.cloudfront.net\/12\/2020\/06\/lake-balaton-4842758_1920.jpg","contentUrl":"https:\/\/d2p6e6u75xmxt8.cloudfront.net\/12\/2020\/06\/lake-balaton-4842758_1920.jpg","width":1920,"height":1078},{"@type":"BreadcrumbList","@id":"https:\/\/www.welovecycling.com\/hu\/edzes-es-eletmod\/utmutato-a-magyar-tenger-bevetelehez\/#breadcrumb","itemListElement":[{"@type":"ListItem","position":1,"name":"Home","item":"https:\/\/www.welovecycling.com\/hu\/"},{"@type":"ListItem","position":2,"name":"\u00datmutat\u00f3 a magyar tenger bev\u00e9tel\u00e9hez"}]},{"@type":"WebSite","@id":"https:\/\/www.welovecycling.com\/hu\/#website","url":"https:\/\/www.welovecycling.com\/hu\/","name":"\u0160koda We Love Cycling - Magyarorsz\u00e1g","description":"\u0160koda WeLoveCycling","potentialAction":[{"@type":"SearchAction","target":{"@type":"EntryPoint","urlTemplate":"https:\/\/www.welovecycling.com\/hu\/?s={search_term_string}"},"query-input":{"@type":"PropertyValueSpecification","valueRequired":true,"valueName":"search_term_string"}}],"inLanguage":"hu"},{"@type":"Person","@id":"https:\/\/www.welovecycling.com\/hu\/#\/schema\/person\/414a2aebf1801691a5320edb6468e194","name":"hegyizs","image":{"@type":"ImageObject","inLanguage":"hu","@id":"https:\/\/www.welovecycling.com\/hu\/#\/schema\/person\/image\/","url":"https:\/\/secure.gravatar.com\/avatar\/02cf8a7906b8cf90cecb4679defac7cfd33a1c2e3b88e4903d947f3bb58eedd3?s=96&d=mm&r=g","contentUrl":"https:\/\/secure.gravatar.com\/avatar\/02cf8a7906b8cf90cecb4679defac7cfd33a1c2e3b88e4903d947f3bb58eedd3?s=96&d=mm&r=g","caption":"hegyizs"},"url":"https:\/\/www.welovecycling.com\/hu\/author\/hegyizs\/"}]}},"_links":{"self":[{"href":"https:\/\/www.welovecycling.com\/hu\/wp-json\/wp\/v2\/posts\/7979","targetHints":{"allow":["GET"]}}],"collection":[{"href":"https:\/\/www.welovecycling.com\/hu\/wp-json\/wp\/v2\/posts"}],"about":[{"href":"https:\/\/www.welovecycling.com\/hu\/wp-json\/wp\/v2\/types\/post"}],"author":[{"embeddable":true,"href":"https:\/\/www.welovecycling.com\/hu\/wp-json\/wp\/v2\/users\/71"}],"replies":[{"embeddable":true,"href":"https:\/\/www.welovecycling.com\/hu\/wp-json\/wp\/v2\/comments?post=7979"}],"version-history":[{"count":1,"href":"https:\/\/www.welovecycling.com\/hu\/wp-json\/wp\/v2\/posts\/7979\/revisions"}],"predecessor-version":[{"id":7984,"href":"https:\/\/www.welovecycling.com\/hu\/wp-json\/wp\/v2\/posts\/7979\/revisions\/7984"}],"wp:featuredmedia":[{"embeddable":true,"href":"https:\/\/www.welovecycling.com\/hu\/wp-json\/wp\/v2\/media\/7983"}],"wp:attachment":[{"href":"https:\/\/www.welovecycling.com\/hu\/wp-json\/wp\/v2\/media?parent=7979"}],"wp:term":[{"taxonomy":"category","embeddable":true,"href":"https:\/\/www.welovecycling.com\/hu\/wp-json\/wp\/v2\/categories?post=7979"},{"taxonomy":"post_tag","embeddable":true,"href":"https:\/\/www.welovecycling.com\/hu\/wp-json\/wp\/v2\/tags?post=7979"},{"taxonomy":"global-categories","embeddable":true,"href":"https:\/\/www.welovecycling.com\/hu\/wp-json\/wp\/v2\/global-categories?post=7979"}],"curies":[{"name":"wp","href":"https:\/\/api.w.org\/{rel}","templated":true}]}}