{"id":7959,"date":"2020-07-03T08:00:09","date_gmt":"2020-07-03T07:00:09","guid":{"rendered":"https:\/\/www.welovecycling.com\/hu\/?p=7959"},"modified":"2020-06-26T12:23:52","modified_gmt":"2020-06-26T11:23:52","slug":"a-keirin-versenyek-szinfalai-mogott","status":"publish","type":"post","link":"https:\/\/www.welovecycling.com\/hu\/kozosseg-es-kultura\/a-keirin-versenyek-szinfalai-mogott\/","title":{"rendered":"A Keirin versenyek sz\u00ednfalai m\u00f6g\u00f6tt"},"content":{"rendered":"<p><strong>A jap\u00e1n keirin sz\u00f3 jelent\u00e9se <em>\u201eker\u00e9kp\u00e1ros verseny\u201d.<\/em> Jap\u00e1nban azonban ez m\u00e1st jelent, mint n\u00e1lunk. <em>\u201eA keirin versenyz\u00e9s annyira k\u00fcl\u00f6nb\u00f6zik b\u00e1rmilyen m\u00e1s ker\u00e9kp\u00e1ros versenyt\u0151l, amit valaha l\u00e1ttam vagy tapasztalttam\u201d<\/em> &#8211; mondta Narayan Mahon, fot\u00f3s, a Bicycle magazinnak. \u201e<em>A versenyz\u0151k hihetetlen\u00fcl \u00e1tszellem\u00fclnek \u00e9s nagyon szigor\u00faak a szab\u00e1lyok. Tiszta \u00e9s tiszteletrem\u00e9lt\u00f3. &#8220;<\/em><\/strong><!--more--><\/p>\n<p>A keirin jap\u00e1n st\u00edlus 1948 \u00f3ta l\u00e9tezik, \u00e9s sok tekintetben hasonl\u00edt a nyugati st\u00edlus\u00fa l\u00f3versenyekre. A n\u00e9z\u0151k fogadnak a versenyz\u0151kre, \u00e9s \u00e9pp ahogy a l\u00f3versenyeken is, itt is sz\u00e1m\u00edtanak az oddsok. A becsl\u00e9sek szerint \u00e9vente 14 milli\u00e1rd doll\u00e1r halad \u00e1t a keirin fogad\u00e1si rendszer\u00e9n az 50 keirin-velodrom alatt.<\/p>\n<figure id=\"attachment_7960\" aria-describedby=\"caption-attachment-7960\" style=\"width: 1000px\" class=\"wp-caption alignnone\"><img loading=\"lazy\" decoding=\"async\" class=\"size-full wp-image-7960\" src=\"https:\/\/d2p6e6u75xmxt8.cloudfront.net\/12\/2020\/06\/k2.jpg\" alt=\"\" width=\"1000\" height=\"667\" \/><figcaption id=\"caption-attachment-7960\" class=\"wp-caption-text\">\u00a9\u00a0Narayan Mahon for <em>Bicycling.com<\/em><\/figcaption><\/figure>\n<p>Ahogy sok m\u00e1s jap\u00e1n tev\u00e9kenys\u00e9g, a keirin is rendk\u00edv\u00fcl szab\u00e1lyozott. Mind a kilenc versenyz\u0151 meghat\u00e1rozott sz\u00e1mot \u00e9s mezt visel. Az 1, a 2 \u00e9s a 3 mindig feh\u00e9r, fekete illetve piros sz\u00ednnel j\u00e1r, ezek a legjobbaknak vannak fenntartva. A t\u00f6bbi sz\u00e1m \u00e9s sz\u00edn az adott versenyz\u0151 szintj\u00e9r\u0151l \u00e1rulkodik.<\/p>\n<p>A kilenc versenyz\u0151, akik f\u00e9k n\u00e9lk\u00fcli r\u00f6gz\u00edtett sebess\u00e9gv\u00e1lt\u00f3val rendelkez\u0151 ker\u00e9kp\u00e1rokon \u00fclnek, a sz\u00e1muk alapj\u00e1n n\u00f6vekv\u0151 sorrendben gy\u0171lnek \u00f6ssze a bemeleg\u00edt\u0151 \u00e9p\u00fcletn\u00e9l, meghajolnak az oktat\u00f3 el\u0151tt, felsz\u00e1llnak a ker\u00e9kp\u00e1rokra, \u00e9s pontosan k\u00e9t ker\u00e9kp\u00e1rhossz t\u00e1vols\u00e1gra egym\u00e1st\u00f3l, v\u00e9giggurulnak a mez\u0151n, hogy a fogad\u00f3k l\u00e1thass\u00e1k \u0151ket. A versenyz\u0151k ezut\u00e1n ism\u00e9t meghajolnak miel\u0151tt felsz\u00e1lln\u00e1nak a biciklikre, majd megv\u00e1rj\u00e1k, m\u00edg egy erre kijel\u00f6l ker\u00e9kp\u00e1ros, sz\u00e1mozatlan lila trik\u00f3ban \u00e9s sisakban, narancss\u00e1rga cs\u00edkokkal, a rajthoz \u00e1ll.<\/p>\n<p>Miut\u00e1n elhangzik a rajtot jelz\u0151 l\u00f6v\u00e9s, a ker\u00e9kp\u00e1rok kiszabadulnak a tart\u00f3berendez\u00e9seikb\u0151l \u00e9s a verseny elindul. A versenyz\u0151k igyekeznek el\u0151re jutni, hogy elfoglalhass\u00e1k a legjobb poz\u00edci\u00f3kat. A verseny t\u00f6bb mint 2000 m\u00e9teren \u00e1t tart, ov\u00e1lis p\u00e1ly\u00e1n ez 5 db 400 m\u00e9teres k\u00f6rt jelent. A t\u00e1v fel\u00e9ig mindenkinek a m\u00e1r eml\u00edtett lila trik\u00f3s ker\u00e9kp\u00e1ros m\u00f6g\u00f6tt kell maradnia. A c\u00e9l, hogy a lehet\u0151 legk\u00f6zelebb haladjanak hozz\u00e1, an\u00e9lk\u00fcl, hogy kimer\u00fcln\u00e9nek a hajr\u00e1 el\u0151tt.<\/p>\n<figure id=\"attachment_7961\" aria-describedby=\"caption-attachment-7961\" style=\"width: 1250px\" class=\"wp-caption alignnone\"><img loading=\"lazy\" decoding=\"async\" class=\"size-full wp-image-7961\" src=\"https:\/\/d2p6e6u75xmxt8.cloudfront.net\/12\/2020\/06\/Keirin-profimedia-0069485992.jpg\" alt=\"\" width=\"1250\" height=\"916\" \/><figcaption id=\"caption-attachment-7961\" class=\"wp-caption-text\"><em>A jap\u00e1n Shinichi Ota vezet, \u0151t pedig a D\u00e9l-koreai Hyun Byung Chul k\u00f6veti a f\u00e9rfiak keirin d\u00f6nt\u0151j\u00e9ben, Busanban. (2002. okt\u00f3ber) Ota megnyerte az arany\u00e9rmet, a csapatt\u00e1rsa Yuji Yamada ez\u00fcsttel, a d\u00e9l-koreai Hyun pedig bronzzal t\u00e1vozott. \u00a9 Profimedia<\/em><\/figcaption><\/figure>\n<p>Ez a fajta verseny fegyelmet \u00e9s kitart\u00e1st ig\u00e9nyel. \u00c9ppen ez\u00e9rt a versenyz\u0151k elszigetelten \u00e9lnek, amikor nem edzenek, \u00e9s a keirin iskola szigor\u00fa \u00e9s f\u00e1raszt\u00f3 (\u00e9s k\u00f6telez\u0151) 10 h\u00f3napos edz\u00e9si programj\u00e1n vesznek r\u00e9szt, miel\u0151tt versenyezni engedik \u0151ket.<\/p>\n<p>Az egyik iskola egy meredek hegy tetej\u00e9n fekszik Shuzenji k\u00f6zel\u00e9ben (mint egy kolostor), Toki\u00f3t\u00f3l vonattal k\u00e9t \u00f3r\u00e1ra. A kaput \u0151rzik. Az iskola h\u00e1l\u00f3termeket, oszt\u00e1lytermeket, tornatermet, \u00e9s edz\u0151termeket foglal mag\u00e1ban a t\u00e9li edz\u00e9shez, emellett egy vizsg\u00e1lati laborat\u00f3riumot, egy bicikli \u00fczletet \u00e9s h\u00e1rom vil\u00e1gsz\u00ednvonal\u00fa velodromot is megtal\u00e1lunk a ter\u00fclet\u00e9n.<\/p>\n<p>A legjobb jap\u00e1n keirin versenyz\u0151k \u00e9vente t\u00f6bb mint 90 000 doll\u00e1rt keresnek, ami igen j\u00f3 fizet\u00e9snek sz\u00e1m\u00edt, \u00e9s 20 \u00e9vig vagy enn\u00e9l is hosszabb ideig is versenyezhetnek. H\u00e1romf\u00e9le keirin st\u00edlus l\u00e9tezik. A legismertebb, a senko nagy er\u0151t ig\u00e9nyel, hogy v\u00e9gig tartani tudja a versenyz\u0151 a megszerzett el\u0151nyt. A makuri sor\u00e1n a hajr\u00e1 a l\u00e9nyeg. Az oikomi pedig a sprintel\u00e9st helyezi el\u0151t\u00e9rbe.<\/p>\n<figure id=\"attachment_7962\" aria-describedby=\"caption-attachment-7962\" style=\"width: 1250px\" class=\"wp-caption alignnone\"><img loading=\"lazy\" decoding=\"async\" class=\"size-full wp-image-7962\" src=\"https:\/\/d2p6e6u75xmxt8.cloudfront.net\/12\/2020\/06\/Keirin-profimedia-0501603113.jpg\" alt=\"\" width=\"1250\" height=\"833\" \/><figcaption id=\"caption-attachment-7962\" class=\"wp-caption-text\"><em>Yuta Wakimoto a berlini vil\u00e1gbajnoks\u00e1gon, 2020. febru\u00e1r 27-\u00e9n. \u00a9 Profimedia<\/em><\/figcaption><\/figure>\n<p>A keirint nemzetk\u00f6zileg az 1970-es \u00e9vekben ismert\u00e9k el, amikor Koichi Nakano keirin versenyz\u0151 t\u00edz egym\u00e1st k\u00f6vet\u0151 sprint-bajnoks\u00e1got nyert meg. \u00cdgy hivatalos sz\u00e1mk\u00e9nt jelent meg a sydney-i olimpi\u00e1n, 2000-ben.<\/p>\n<p>Ebben a nemzetk\u00f6zi v\u00e1ltozatban a verseny 30 km\/\u00f3r\u00e1s sebess\u00e9ggel indul, fokozatosan n\u00f6vekszik 50 km\/\u00f3r\u00e1ig, a gy\u0151ztes v\u00e9gsebess\u00e9ge pedig ak\u00e1r 70 km\/\u00f3r\u00e1s is lehet, ami bar\u00e1tok k\u00f6z\u00f6tt is sz\u00f3lva: nagyon gyors.<\/p>\n","protected":false},"excerpt":{"rendered":"<p>A jap\u00e1n keirin sz\u00f3 jelent\u00e9se \u201eker\u00e9kp\u00e1ros verseny\u201d. Jap\u00e1nban azonban ez m\u00e1st jelent, mint n\u00e1lunk. \u201eA keirin versenyz\u00e9s annyira k\u00fcl\u00f6nb\u00f6zik b\u00e1rmilyen [&hellip;]<\/p>\n","protected":false},"author":71,"featured_media":7964,"comment_status":"open","ping_status":"open","sticky":false,"template":"","format":"standard","meta":{"footnotes":""},"categories":[12],"tags":[],"global-categories":[],"class_list":["post-7959","post","type-post","status-publish","format-standard","has-post-thumbnail","hentry","category-kozosseg-es-kultura"],"yoast_head":"<!-- This site is optimized with the Yoast SEO Premium plugin v25.3 (Yoast SEO v25.9) - https:\/\/yoast.com\/wordpress\/plugins\/seo\/ -->\n<title>A Keirin versenyek sz\u00ednfalai m\u00f6g\u00f6tt - \u0160koda We Love Cycling - Magyarorsz\u00e1g<\/title>\n<meta name=\"robots\" content=\"index, follow, max-snippet:-1, max-image-preview:large, max-video-preview:-1\" \/>\n<link rel=\"canonical\" href=\"https:\/\/www.welovecycling.com\/hu\/kozosseg-es-kultura\/a-keirin-versenyek-szinfalai-mogott\/\" \/>\n<meta property=\"og:locale\" content=\"hu_HU\" \/>\n<meta property=\"og:type\" content=\"article\" \/>\n<meta property=\"og:title\" content=\"A Keirin versenyek sz\u00ednfalai m\u00f6g\u00f6tt\" \/>\n<meta property=\"og:description\" content=\"A jap\u00e1n keirin sz\u00f3 jelent\u00e9se \u201eker\u00e9kp\u00e1ros verseny\u201d. Jap\u00e1nban azonban ez m\u00e1st jelent, mint n\u00e1lunk. \u201eA keirin versenyz\u00e9s annyira k\u00fcl\u00f6nb\u00f6zik b\u00e1rmilyen [&hellip;]\" \/>\n<meta property=\"og:url\" content=\"https:\/\/www.welovecycling.com\/hu\/kozosseg-es-kultura\/a-keirin-versenyek-szinfalai-mogott\/\" \/>\n<meta property=\"og:site_name\" content=\"\u0160koda We Love Cycling - Magyarorsz\u00e1g\" \/>\n<meta property=\"article:publisher\" content=\"https:\/\/www.facebook.com\/WeLoveCyclingHungary\/\" \/>\n<meta property=\"article:published_time\" content=\"2020-07-03T07:00:09+00:00\" \/>\n<meta property=\"og:image\" content=\"https:\/\/d2p6e6u75xmxt8.cloudfront.net\/12\/2020\/06\/Keirin-CVR-profimedia-0119040717.jpg\" \/>\n\t<meta property=\"og:image:width\" content=\"1366\" \/>\n\t<meta property=\"og:image:height\" content=\"600\" \/>\n\t<meta property=\"og:image:type\" content=\"image\/jpeg\" \/>\n<meta name=\"author\" content=\"hegyizs\" \/>\n<meta name=\"twitter:card\" content=\"summary_large_image\" \/>\n<meta name=\"twitter:label1\" content=\"Written by\" \/>\n\t<meta name=\"twitter:data1\" content=\"Siegfried Mortkowitz\" \/>\n\t<meta name=\"twitter:label2\" content=\"Est. reading time\" \/>\n\t<meta name=\"twitter:data2\" content=\"7\" \/>\n<script type=\"application\/ld+json\" class=\"yoast-schema-graph\">{\"@context\":\"https:\/\/schema.org\",\"@graph\":[{\"@type\":\"WebPage\",\"@id\":\"https:\/\/www.welovecycling.com\/hu\/kozosseg-es-kultura\/a-keirin-versenyek-szinfalai-mogott\/\",\"url\":\"https:\/\/www.welovecycling.com\/hu\/kozosseg-es-kultura\/a-keirin-versenyek-szinfalai-mogott\/\",\"name\":\"A Keirin versenyek sz\u00ednfalai m\u00f6g\u00f6tt - \u0160koda We Love Cycling - Magyarorsz\u00e1g\",\"isPartOf\":{\"@id\":\"https:\/\/www.welovecycling.com\/hu\/#website\"},\"primaryImageOfPage\":{\"@id\":\"https:\/\/www.welovecycling.com\/hu\/kozosseg-es-kultura\/a-keirin-versenyek-szinfalai-mogott\/#primaryimage\"},\"image\":{\"@id\":\"https:\/\/www.welovecycling.com\/hu\/kozosseg-es-kultura\/a-keirin-versenyek-szinfalai-mogott\/#primaryimage\"},\"thumbnailUrl\":\"https:\/\/d2p6e6u75xmxt8.cloudfront.net\/12\/2020\/06\/Keirin-CVR-profimedia-0119040717.jpg\",\"datePublished\":\"2020-07-03T07:00:09+00:00\",\"author\":{\"@id\":\"https:\/\/www.welovecycling.com\/hu\/#\/schema\/person\/414a2aebf1801691a5320edb6468e194\"},\"breadcrumb\":{\"@id\":\"https:\/\/www.welovecycling.com\/hu\/kozosseg-es-kultura\/a-keirin-versenyek-szinfalai-mogott\/#breadcrumb\"},\"inLanguage\":\"hu\",\"potentialAction\":[{\"@type\":\"ReadAction\",\"target\":[\"https:\/\/www.welovecycling.com\/hu\/kozosseg-es-kultura\/a-keirin-versenyek-szinfalai-mogott\/\"]}]},{\"@type\":\"ImageObject\",\"inLanguage\":\"hu\",\"@id\":\"https:\/\/www.welovecycling.com\/hu\/kozosseg-es-kultura\/a-keirin-versenyek-szinfalai-mogott\/#primaryimage\",\"url\":\"https:\/\/d2p6e6u75xmxt8.cloudfront.net\/12\/2020\/06\/Keirin-CVR-profimedia-0119040717.jpg\",\"contentUrl\":\"https:\/\/d2p6e6u75xmxt8.cloudfront.net\/12\/2020\/06\/Keirin-CVR-profimedia-0119040717.jpg\",\"width\":1366,\"height\":600},{\"@type\":\"BreadcrumbList\",\"@id\":\"https:\/\/www.welovecycling.com\/hu\/kozosseg-es-kultura\/a-keirin-versenyek-szinfalai-mogott\/#breadcrumb\",\"itemListElement\":[{\"@type\":\"ListItem\",\"position\":1,\"name\":\"Home\",\"item\":\"https:\/\/www.welovecycling.com\/hu\/\"},{\"@type\":\"ListItem\",\"position\":2,\"name\":\"A Keirin versenyek sz\u00ednfalai m\u00f6g\u00f6tt\"}]},{\"@type\":\"WebSite\",\"@id\":\"https:\/\/www.welovecycling.com\/hu\/#website\",\"url\":\"https:\/\/www.welovecycling.com\/hu\/\",\"name\":\"\u0160koda We Love Cycling - Magyarorsz\u00e1g\",\"description\":\"\u0160koda WeLoveCycling\",\"potentialAction\":[{\"@type\":\"SearchAction\",\"target\":{\"@type\":\"EntryPoint\",\"urlTemplate\":\"https:\/\/www.welovecycling.com\/hu\/?s={search_term_string}\"},\"query-input\":{\"@type\":\"PropertyValueSpecification\",\"valueRequired\":true,\"valueName\":\"search_term_string\"}}],\"inLanguage\":\"hu\"},{\"@type\":\"Person\",\"@id\":\"https:\/\/www.welovecycling.com\/hu\/#\/schema\/person\/414a2aebf1801691a5320edb6468e194\",\"name\":\"hegyizs\",\"image\":{\"@type\":\"ImageObject\",\"inLanguage\":\"hu\",\"@id\":\"https:\/\/www.welovecycling.com\/hu\/#\/schema\/person\/image\/\",\"url\":\"https:\/\/secure.gravatar.com\/avatar\/02cf8a7906b8cf90cecb4679defac7cfd33a1c2e3b88e4903d947f3bb58eedd3?s=96&d=mm&r=g\",\"contentUrl\":\"https:\/\/secure.gravatar.com\/avatar\/02cf8a7906b8cf90cecb4679defac7cfd33a1c2e3b88e4903d947f3bb58eedd3?s=96&d=mm&r=g\",\"caption\":\"hegyizs\"},\"url\":\"https:\/\/www.welovecycling.com\/hu\/author\/hegyizs\/\"}]}<\/script>\n<!-- \/ Yoast SEO Premium plugin. -->","yoast_head_json":{"title":"A Keirin versenyek sz\u00ednfalai m\u00f6g\u00f6tt - \u0160koda We Love Cycling - Magyarorsz\u00e1g","robots":{"index":"index","follow":"follow","max-snippet":"max-snippet:-1","max-image-preview":"max-image-preview:large","max-video-preview":"max-video-preview:-1"},"canonical":"https:\/\/www.welovecycling.com\/hu\/kozosseg-es-kultura\/a-keirin-versenyek-szinfalai-mogott\/","og_locale":"hu_HU","og_type":"article","og_title":"A Keirin versenyek sz\u00ednfalai m\u00f6g\u00f6tt","og_description":"A jap\u00e1n keirin sz\u00f3 jelent\u00e9se \u201eker\u00e9kp\u00e1ros verseny\u201d. Jap\u00e1nban azonban ez m\u00e1st jelent, mint n\u00e1lunk. \u201eA keirin versenyz\u00e9s annyira k\u00fcl\u00f6nb\u00f6zik b\u00e1rmilyen [&hellip;]","og_url":"https:\/\/www.welovecycling.com\/hu\/kozosseg-es-kultura\/a-keirin-versenyek-szinfalai-mogott\/","og_site_name":"\u0160koda We Love Cycling - Magyarorsz\u00e1g","article_publisher":"https:\/\/www.facebook.com\/WeLoveCyclingHungary\/","article_published_time":"2020-07-03T07:00:09+00:00","og_image":[{"width":1366,"height":600,"url":"https:\/\/d2p6e6u75xmxt8.cloudfront.net\/12\/2020\/06\/Keirin-CVR-profimedia-0119040717.jpg","type":"image\/jpeg"}],"author":"hegyizs","twitter_card":"summary_large_image","twitter_misc":{"Written by":"Siegfried Mortkowitz","Est. reading time":"7"},"schema":{"@context":"https:\/\/schema.org","@graph":[{"@type":"WebPage","@id":"https:\/\/www.welovecycling.com\/hu\/kozosseg-es-kultura\/a-keirin-versenyek-szinfalai-mogott\/","url":"https:\/\/www.welovecycling.com\/hu\/kozosseg-es-kultura\/a-keirin-versenyek-szinfalai-mogott\/","name":"A Keirin versenyek sz\u00ednfalai m\u00f6g\u00f6tt - \u0160koda We Love Cycling - Magyarorsz\u00e1g","isPartOf":{"@id":"https:\/\/www.welovecycling.com\/hu\/#website"},"primaryImageOfPage":{"@id":"https:\/\/www.welovecycling.com\/hu\/kozosseg-es-kultura\/a-keirin-versenyek-szinfalai-mogott\/#primaryimage"},"image":{"@id":"https:\/\/www.welovecycling.com\/hu\/kozosseg-es-kultura\/a-keirin-versenyek-szinfalai-mogott\/#primaryimage"},"thumbnailUrl":"https:\/\/d2p6e6u75xmxt8.cloudfront.net\/12\/2020\/06\/Keirin-CVR-profimedia-0119040717.jpg","datePublished":"2020-07-03T07:00:09+00:00","author":{"@id":"https:\/\/www.welovecycling.com\/hu\/#\/schema\/person\/414a2aebf1801691a5320edb6468e194"},"breadcrumb":{"@id":"https:\/\/www.welovecycling.com\/hu\/kozosseg-es-kultura\/a-keirin-versenyek-szinfalai-mogott\/#breadcrumb"},"inLanguage":"hu","potentialAction":[{"@type":"ReadAction","target":["https:\/\/www.welovecycling.com\/hu\/kozosseg-es-kultura\/a-keirin-versenyek-szinfalai-mogott\/"]}]},{"@type":"ImageObject","inLanguage":"hu","@id":"https:\/\/www.welovecycling.com\/hu\/kozosseg-es-kultura\/a-keirin-versenyek-szinfalai-mogott\/#primaryimage","url":"https:\/\/d2p6e6u75xmxt8.cloudfront.net\/12\/2020\/06\/Keirin-CVR-profimedia-0119040717.jpg","contentUrl":"https:\/\/d2p6e6u75xmxt8.cloudfront.net\/12\/2020\/06\/Keirin-CVR-profimedia-0119040717.jpg","width":1366,"height":600},{"@type":"BreadcrumbList","@id":"https:\/\/www.welovecycling.com\/hu\/kozosseg-es-kultura\/a-keirin-versenyek-szinfalai-mogott\/#breadcrumb","itemListElement":[{"@type":"ListItem","position":1,"name":"Home","item":"https:\/\/www.welovecycling.com\/hu\/"},{"@type":"ListItem","position":2,"name":"A Keirin versenyek sz\u00ednfalai m\u00f6g\u00f6tt"}]},{"@type":"WebSite","@id":"https:\/\/www.welovecycling.com\/hu\/#website","url":"https:\/\/www.welovecycling.com\/hu\/","name":"\u0160koda We Love Cycling - Magyarorsz\u00e1g","description":"\u0160koda WeLoveCycling","potentialAction":[{"@type":"SearchAction","target":{"@type":"EntryPoint","urlTemplate":"https:\/\/www.welovecycling.com\/hu\/?s={search_term_string}"},"query-input":{"@type":"PropertyValueSpecification","valueRequired":true,"valueName":"search_term_string"}}],"inLanguage":"hu"},{"@type":"Person","@id":"https:\/\/www.welovecycling.com\/hu\/#\/schema\/person\/414a2aebf1801691a5320edb6468e194","name":"hegyizs","image":{"@type":"ImageObject","inLanguage":"hu","@id":"https:\/\/www.welovecycling.com\/hu\/#\/schema\/person\/image\/","url":"https:\/\/secure.gravatar.com\/avatar\/02cf8a7906b8cf90cecb4679defac7cfd33a1c2e3b88e4903d947f3bb58eedd3?s=96&d=mm&r=g","contentUrl":"https:\/\/secure.gravatar.com\/avatar\/02cf8a7906b8cf90cecb4679defac7cfd33a1c2e3b88e4903d947f3bb58eedd3?s=96&d=mm&r=g","caption":"hegyizs"},"url":"https:\/\/www.welovecycling.com\/hu\/author\/hegyizs\/"}]}},"_links":{"self":[{"href":"https:\/\/www.welovecycling.com\/hu\/wp-json\/wp\/v2\/posts\/7959","targetHints":{"allow":["GET"]}}],"collection":[{"href":"https:\/\/www.welovecycling.com\/hu\/wp-json\/wp\/v2\/posts"}],"about":[{"href":"https:\/\/www.welovecycling.com\/hu\/wp-json\/wp\/v2\/types\/post"}],"author":[{"embeddable":true,"href":"https:\/\/www.welovecycling.com\/hu\/wp-json\/wp\/v2\/users\/71"}],"replies":[{"embeddable":true,"href":"https:\/\/www.welovecycling.com\/hu\/wp-json\/wp\/v2\/comments?post=7959"}],"version-history":[{"count":2,"href":"https:\/\/www.welovecycling.com\/hu\/wp-json\/wp\/v2\/posts\/7959\/revisions"}],"predecessor-version":[{"id":7973,"href":"https:\/\/www.welovecycling.com\/hu\/wp-json\/wp\/v2\/posts\/7959\/revisions\/7973"}],"wp:featuredmedia":[{"embeddable":true,"href":"https:\/\/www.welovecycling.com\/hu\/wp-json\/wp\/v2\/media\/7964"}],"wp:attachment":[{"href":"https:\/\/www.welovecycling.com\/hu\/wp-json\/wp\/v2\/media?parent=7959"}],"wp:term":[{"taxonomy":"category","embeddable":true,"href":"https:\/\/www.welovecycling.com\/hu\/wp-json\/wp\/v2\/categories?post=7959"},{"taxonomy":"post_tag","embeddable":true,"href":"https:\/\/www.welovecycling.com\/hu\/wp-json\/wp\/v2\/tags?post=7959"},{"taxonomy":"global-categories","embeddable":true,"href":"https:\/\/www.welovecycling.com\/hu\/wp-json\/wp\/v2\/global-categories?post=7959"}],"curies":[{"name":"wp","href":"https:\/\/api.w.org\/{rel}","templated":true}]}}