{"id":7948,"date":"2020-07-01T08:00:58","date_gmt":"2020-07-01T07:00:58","guid":{"rendered":"https:\/\/www.welovecycling.com\/hu\/?p=7948"},"modified":"2020-06-26T12:21:00","modified_gmt":"2020-06-26T11:21:00","slug":"ezt-tanultuk-a-koronavirus-alatt","status":"publish","type":"post","link":"https:\/\/www.welovecycling.com\/hu\/kozosseg-es-kultura\/ezt-tanultuk-a-koronavirus-alatt\/","title":{"rendered":"Ezt tanultuk a koronav\u00edrus alatt"},"content":{"rendered":"<p><strong>T\u00f6bb milli\u00f3 ember\u00e9letet menthetett meg a karant\u00e9n, a v\u00e1rosok pedig lassan visszat\u00e9rnek a r\u00e9gi ker\u00e9kv\u00e1g\u00e1sba. Szinte ugyan\u00fagy bring\u00e1zhatunk, mint a v\u00edrus el\u0151tt, azonban van n\u00e9h\u00e1ny dolog, amit magunkkal visz\u00fcnk ezekb\u0151l a neh\u00e9z h\u00f3napokb\u00f3l.<\/strong><\/p>\n<p><!--more--><\/p>\n<h2><strong>Nem is olyan rossz a belt\u00e9ri teker\u00e9s<\/strong><\/h2>\n<p>Ha a t\u00e9li id\u0151szakban fitten akartad tartani az izmaidat, an\u00e9lk\u00fcl, hogy ki kelljen menned a hidegbe, nem volt t\u00fal sok lehet\u0151s\u00e9ged: b\u00e1mulhattad otthon a feh\u00e9r falat mik\u00f6zben tekert\u00e9l a szobabiciklin. Hatalmas fejl\u0151d\u00e9sen ment kereszt\u00fcl azonban a belt\u00e9ri ker\u00e9kp\u00e1roz\u00e1s \u00e1gazata. Sz\u00e1mos applik\u00e1ci\u00f3t kapcsolhatsz \u00f6ssze a g\u00f6rg\u0151ddel \u00e9s b\u00e1rmilyen kalandban r\u00e9szt vehetsz online, az otthonod meleg\u00e9b\u0151l. Sz\u00e1mos orsz\u00e1gban korl\u00e1toztak az ut\u00f3bbi id\u0151szakban a ker\u00e9kp\u00e1roz\u00e1st, \u00edgy rengeteget seg\u00edtettek az \u00faj technol\u00f3gi\u00e1k.<\/p>\n<figure id=\"attachment_7949\" aria-describedby=\"caption-attachment-7949\" style=\"width: 1250px\" class=\"wp-caption alignnone\"><img loading=\"lazy\" decoding=\"async\" class=\"size-full wp-image-7949\" src=\"https:\/\/d2p6e6u75xmxt8.cloudfront.net\/12\/2020\/06\/Paris-profimedia-0514452851.jpg\" alt=\"\" width=\"1250\" height=\"854\" \/><figcaption id=\"caption-attachment-7949\" class=\"wp-caption-text\">\u00a9 IAN LANGSDON \/ EPA \/ Profimedia<\/figcaption><\/figure>\n<h2><strong>Ker\u00e9kp\u00e1ros fejleszt\u00e9sek<\/strong><\/h2>\n<p>Bizonyos v\u00e1rosok, mint p\u00e9ld\u00e1ul P\u00e1rizs, csak v\u00e9szhelyzet eset\u00e9n javasolta a ker\u00e9kp\u00e1r haszn\u00e1lat\u00e1t a j\u00e1rv\u00e1ny alatt, m\u00e1shol a helyi korm\u00e1nyzatok r\u00e1j\u00f6ttek, hogy elengedhetetlenn\u00e9 v\u00e1ltak a biciklik a k\u00f6zleked\u00e9sben. Egyed\u00fcl tekerni j\u00f3val biztons\u00e1gosabb k\u00f6zleked\u00e9si m\u00f3d, mint a t\u00f6m\u00f6tt buszokon \u00e9s metr\u00f3kon \u00fclni! \u00cdgy h\u00e1t elindultak a ker\u00e9kp\u00e1ros fejleszt\u00e9sek, melyek a j\u00f6v\u0151re vonatkoz\u00f3 terveket is magukban foglalj\u00e1k.<\/p>\n<h2><strong>Az egyed\u00fcll\u00e9t sz\u00e9ps\u00e9ge<\/strong><\/h2>\n<p>A ker\u00e9kp\u00e1roz\u00e1s sokunk sz\u00e1m\u00e1ra mindig is k\u00f6z\u00f6ss\u00e9gi \u00e9lm\u00e9ny volt, most azonban megtapasztaltuk az \u00e9rem m\u00e1sik oldal\u00e1t is. Egyed\u00fcl tekerni, a saj\u00e1t ritmusunkban, csendben, rendk\u00edv\u00fcl meditat\u00edv.<\/p>\n<h2><strong>A maszkoknak is van el\u0151nye<\/strong><\/h2>\n<p>Sok helyen m\u00e9g most is k\u00f6telez\u0151 k\u00f6z\u00f6ss\u00e9gi beltereken a maszk visel\u00e9se, s\u0151t, van ahol bicikliz\u00e9skor is. B\u00e1r nem a legkellemesebb a sz\u00f6veten \u00e1t l\u00e9legezni, de az anyag megv\u00e9di a t\u00fcd\u0151d a hidegt\u0151l is!<\/p>\n<figure id=\"attachment_7950\" aria-describedby=\"caption-attachment-7950\" style=\"width: 1250px\" class=\"wp-caption alignnone\"><img loading=\"lazy\" decoding=\"async\" class=\"size-full wp-image-7950\" src=\"https:\/\/d2p6e6u75xmxt8.cloudfront.net\/12\/2020\/06\/profimedia-0523359938-1.jpg\" alt=\"\" width=\"1250\" height=\"748\" \/><figcaption id=\"caption-attachment-7950\" class=\"wp-caption-text\"><em>Egy f\u00e9rfi maszkban, London, 2020. \u00a9 Profimedia<\/em><\/figcaption><\/figure>\n<h2><strong>Csak kedvesen!<\/strong><\/h2>\n<p>Mindig volt \u00e9s mindig lesz konfliktus az aut\u00f3sok \u00e9s a biciklisek k\u00f6z\u00f6tt, azonban amikor a v\u00edrus a cs\u00facson j\u00e1rt, az emberek udvariasabban sz\u00f3ltak egym\u00e1shoz. Mintha \u00f6sszetartan\u00e1 \u0151ket a vesz\u00e9lyhelyzet. Rem\u00e9lj\u00fck, ez nem csak ilyen extr\u00e9m k\u00f6r\u00fclm\u00e9nyek k\u00f6z\u00f6tt lehets\u00e9ges!<\/p>\n<h2><strong>Nem k\u00f6pk\u00f6d\u00fcnk<\/strong><\/h2>\n<p>A zsebkend\u0151 n\u00e9lk\u00fcli orrf\u00faj\u00e1s \u00e9s k\u00f6pk\u00f6d\u00e9s nem sz\u00e9p szok\u00e1s, sosem volt az. Most viszont m\u00e1r tilos is, hiszen n\u00f6velheti a fert\u0151z\u00e9s terjeszt\u00e9s\u00e9nek kock\u00e1zat\u00e1t. Ezt a szab\u00e1lyt nagyon sz\u00edvesen megtartjuk, ak\u00e1r \u00f6r\u00f6kre is!<\/p>\n","protected":false},"excerpt":{"rendered":"<p>T\u00f6bb milli\u00f3 ember\u00e9letet menthetett meg a karant\u00e9n, a v\u00e1rosok pedig lassan visszat\u00e9rnek a r\u00e9gi ker\u00e9kv\u00e1g\u00e1sba. Szinte ugyan\u00fagy bring\u00e1zhatunk, mint a [&hellip;]<\/p>\n","protected":false},"author":71,"featured_media":7952,"comment_status":"open","ping_status":"open","sticky":false,"template":"","format":"standard","meta":{"footnotes":""},"categories":[12],"tags":[],"global-categories":[],"class_list":["post-7948","post","type-post","status-publish","format-standard","has-post-thumbnail","hentry","category-kozosseg-es-kultura"],"yoast_head":"<!-- This site is optimized with the Yoast SEO Premium plugin v25.3 (Yoast SEO v25.9) - https:\/\/yoast.com\/wordpress\/plugins\/seo\/ -->\n<title>Ezt tanultuk a koronav\u00edrus alatt - \u0160koda We Love Cycling - Magyarorsz\u00e1g<\/title>\n<meta name=\"robots\" content=\"index, follow, max-snippet:-1, max-image-preview:large, max-video-preview:-1\" \/>\n<link rel=\"canonical\" href=\"https:\/\/www.welovecycling.com\/hu\/kozosseg-es-kultura\/ezt-tanultuk-a-koronavirus-alatt\/\" \/>\n<meta property=\"og:locale\" content=\"hu_HU\" \/>\n<meta property=\"og:type\" content=\"article\" \/>\n<meta property=\"og:title\" content=\"Ezt tanultuk a koronav\u00edrus alatt\" \/>\n<meta property=\"og:description\" content=\"T\u00f6bb milli\u00f3 ember\u00e9letet menthetett meg a karant\u00e9n, a v\u00e1rosok pedig lassan visszat\u00e9rnek a r\u00e9gi ker\u00e9kv\u00e1g\u00e1sba. Szinte ugyan\u00fagy bring\u00e1zhatunk, mint a [&hellip;]\" \/>\n<meta property=\"og:url\" content=\"https:\/\/www.welovecycling.com\/hu\/kozosseg-es-kultura\/ezt-tanultuk-a-koronavirus-alatt\/\" \/>\n<meta property=\"og:site_name\" content=\"\u0160koda We Love Cycling - Magyarorsz\u00e1g\" \/>\n<meta property=\"article:publisher\" content=\"https:\/\/www.facebook.com\/WeLoveCyclingHungary\/\" \/>\n<meta property=\"article:published_time\" content=\"2020-07-01T07:00:58+00:00\" \/>\n<meta property=\"og:image\" content=\"https:\/\/d2p6e6u75xmxt8.cloudfront.net\/12\/2020\/06\/Cildren-Cycling-Face-Mask-CVR-profimedia-0531054658.jpg\" \/>\n\t<meta property=\"og:image:width\" content=\"1366\" \/>\n\t<meta property=\"og:image:height\" content=\"600\" \/>\n\t<meta property=\"og:image:type\" content=\"image\/jpeg\" \/>\n<meta name=\"author\" content=\"hegyizs\" \/>\n<meta name=\"twitter:card\" content=\"summary_large_image\" \/>\n<meta name=\"twitter:label1\" content=\"Written by\" \/>\n\t<meta name=\"twitter:data1\" content=\"Adam Marsal\" \/>\n\t<meta name=\"twitter:label2\" content=\"Est. reading time\" \/>\n\t<meta name=\"twitter:data2\" content=\"5\" \/>\n<script type=\"application\/ld+json\" class=\"yoast-schema-graph\">{\"@context\":\"https:\/\/schema.org\",\"@graph\":[{\"@type\":\"WebPage\",\"@id\":\"https:\/\/www.welovecycling.com\/hu\/kozosseg-es-kultura\/ezt-tanultuk-a-koronavirus-alatt\/\",\"url\":\"https:\/\/www.welovecycling.com\/hu\/kozosseg-es-kultura\/ezt-tanultuk-a-koronavirus-alatt\/\",\"name\":\"Ezt tanultuk a koronav\u00edrus alatt - \u0160koda We Love Cycling - Magyarorsz\u00e1g\",\"isPartOf\":{\"@id\":\"https:\/\/www.welovecycling.com\/hu\/#website\"},\"primaryImageOfPage\":{\"@id\":\"https:\/\/www.welovecycling.com\/hu\/kozosseg-es-kultura\/ezt-tanultuk-a-koronavirus-alatt\/#primaryimage\"},\"image\":{\"@id\":\"https:\/\/www.welovecycling.com\/hu\/kozosseg-es-kultura\/ezt-tanultuk-a-koronavirus-alatt\/#primaryimage\"},\"thumbnailUrl\":\"https:\/\/d2p6e6u75xmxt8.cloudfront.net\/12\/2020\/06\/Cildren-Cycling-Face-Mask-CVR-profimedia-0531054658.jpg\",\"datePublished\":\"2020-07-01T07:00:58+00:00\",\"author\":{\"@id\":\"https:\/\/www.welovecycling.com\/hu\/#\/schema\/person\/414a2aebf1801691a5320edb6468e194\"},\"breadcrumb\":{\"@id\":\"https:\/\/www.welovecycling.com\/hu\/kozosseg-es-kultura\/ezt-tanultuk-a-koronavirus-alatt\/#breadcrumb\"},\"inLanguage\":\"hu\",\"potentialAction\":[{\"@type\":\"ReadAction\",\"target\":[\"https:\/\/www.welovecycling.com\/hu\/kozosseg-es-kultura\/ezt-tanultuk-a-koronavirus-alatt\/\"]}]},{\"@type\":\"ImageObject\",\"inLanguage\":\"hu\",\"@id\":\"https:\/\/www.welovecycling.com\/hu\/kozosseg-es-kultura\/ezt-tanultuk-a-koronavirus-alatt\/#primaryimage\",\"url\":\"https:\/\/d2p6e6u75xmxt8.cloudfront.net\/12\/2020\/06\/Cildren-Cycling-Face-Mask-CVR-profimedia-0531054658.jpg\",\"contentUrl\":\"https:\/\/d2p6e6u75xmxt8.cloudfront.net\/12\/2020\/06\/Cildren-Cycling-Face-Mask-CVR-profimedia-0531054658.jpg\",\"width\":1366,\"height\":600},{\"@type\":\"BreadcrumbList\",\"@id\":\"https:\/\/www.welovecycling.com\/hu\/kozosseg-es-kultura\/ezt-tanultuk-a-koronavirus-alatt\/#breadcrumb\",\"itemListElement\":[{\"@type\":\"ListItem\",\"position\":1,\"name\":\"Home\",\"item\":\"https:\/\/www.welovecycling.com\/hu\/\"},{\"@type\":\"ListItem\",\"position\":2,\"name\":\"Ezt tanultuk a koronav\u00edrus alatt\"}]},{\"@type\":\"WebSite\",\"@id\":\"https:\/\/www.welovecycling.com\/hu\/#website\",\"url\":\"https:\/\/www.welovecycling.com\/hu\/\",\"name\":\"\u0160koda We Love Cycling - Magyarorsz\u00e1g\",\"description\":\"\u0160koda WeLoveCycling\",\"potentialAction\":[{\"@type\":\"SearchAction\",\"target\":{\"@type\":\"EntryPoint\",\"urlTemplate\":\"https:\/\/www.welovecycling.com\/hu\/?s={search_term_string}\"},\"query-input\":{\"@type\":\"PropertyValueSpecification\",\"valueRequired\":true,\"valueName\":\"search_term_string\"}}],\"inLanguage\":\"hu\"},{\"@type\":\"Person\",\"@id\":\"https:\/\/www.welovecycling.com\/hu\/#\/schema\/person\/414a2aebf1801691a5320edb6468e194\",\"name\":\"hegyizs\",\"image\":{\"@type\":\"ImageObject\",\"inLanguage\":\"hu\",\"@id\":\"https:\/\/www.welovecycling.com\/hu\/#\/schema\/person\/image\/\",\"url\":\"https:\/\/secure.gravatar.com\/avatar\/02cf8a7906b8cf90cecb4679defac7cfd33a1c2e3b88e4903d947f3bb58eedd3?s=96&d=mm&r=g\",\"contentUrl\":\"https:\/\/secure.gravatar.com\/avatar\/02cf8a7906b8cf90cecb4679defac7cfd33a1c2e3b88e4903d947f3bb58eedd3?s=96&d=mm&r=g\",\"caption\":\"hegyizs\"},\"url\":\"https:\/\/www.welovecycling.com\/hu\/author\/hegyizs\/\"}]}<\/script>\n<!-- \/ Yoast SEO Premium plugin. -->","yoast_head_json":{"title":"Ezt tanultuk a koronav\u00edrus alatt - \u0160koda We Love Cycling - Magyarorsz\u00e1g","robots":{"index":"index","follow":"follow","max-snippet":"max-snippet:-1","max-image-preview":"max-image-preview:large","max-video-preview":"max-video-preview:-1"},"canonical":"https:\/\/www.welovecycling.com\/hu\/kozosseg-es-kultura\/ezt-tanultuk-a-koronavirus-alatt\/","og_locale":"hu_HU","og_type":"article","og_title":"Ezt tanultuk a koronav\u00edrus alatt","og_description":"T\u00f6bb milli\u00f3 ember\u00e9letet menthetett meg a karant\u00e9n, a v\u00e1rosok pedig lassan visszat\u00e9rnek a r\u00e9gi ker\u00e9kv\u00e1g\u00e1sba. Szinte ugyan\u00fagy bring\u00e1zhatunk, mint a [&hellip;]","og_url":"https:\/\/www.welovecycling.com\/hu\/kozosseg-es-kultura\/ezt-tanultuk-a-koronavirus-alatt\/","og_site_name":"\u0160koda We Love Cycling - Magyarorsz\u00e1g","article_publisher":"https:\/\/www.facebook.com\/WeLoveCyclingHungary\/","article_published_time":"2020-07-01T07:00:58+00:00","og_image":[{"width":1366,"height":600,"url":"https:\/\/d2p6e6u75xmxt8.cloudfront.net\/12\/2020\/06\/Cildren-Cycling-Face-Mask-CVR-profimedia-0531054658.jpg","type":"image\/jpeg"}],"author":"hegyizs","twitter_card":"summary_large_image","twitter_misc":{"Written by":"Adam Marsal","Est. reading time":"5"},"schema":{"@context":"https:\/\/schema.org","@graph":[{"@type":"WebPage","@id":"https:\/\/www.welovecycling.com\/hu\/kozosseg-es-kultura\/ezt-tanultuk-a-koronavirus-alatt\/","url":"https:\/\/www.welovecycling.com\/hu\/kozosseg-es-kultura\/ezt-tanultuk-a-koronavirus-alatt\/","name":"Ezt tanultuk a koronav\u00edrus alatt - \u0160koda We Love Cycling - Magyarorsz\u00e1g","isPartOf":{"@id":"https:\/\/www.welovecycling.com\/hu\/#website"},"primaryImageOfPage":{"@id":"https:\/\/www.welovecycling.com\/hu\/kozosseg-es-kultura\/ezt-tanultuk-a-koronavirus-alatt\/#primaryimage"},"image":{"@id":"https:\/\/www.welovecycling.com\/hu\/kozosseg-es-kultura\/ezt-tanultuk-a-koronavirus-alatt\/#primaryimage"},"thumbnailUrl":"https:\/\/d2p6e6u75xmxt8.cloudfront.net\/12\/2020\/06\/Cildren-Cycling-Face-Mask-CVR-profimedia-0531054658.jpg","datePublished":"2020-07-01T07:00:58+00:00","author":{"@id":"https:\/\/www.welovecycling.com\/hu\/#\/schema\/person\/414a2aebf1801691a5320edb6468e194"},"breadcrumb":{"@id":"https:\/\/www.welovecycling.com\/hu\/kozosseg-es-kultura\/ezt-tanultuk-a-koronavirus-alatt\/#breadcrumb"},"inLanguage":"hu","potentialAction":[{"@type":"ReadAction","target":["https:\/\/www.welovecycling.com\/hu\/kozosseg-es-kultura\/ezt-tanultuk-a-koronavirus-alatt\/"]}]},{"@type":"ImageObject","inLanguage":"hu","@id":"https:\/\/www.welovecycling.com\/hu\/kozosseg-es-kultura\/ezt-tanultuk-a-koronavirus-alatt\/#primaryimage","url":"https:\/\/d2p6e6u75xmxt8.cloudfront.net\/12\/2020\/06\/Cildren-Cycling-Face-Mask-CVR-profimedia-0531054658.jpg","contentUrl":"https:\/\/d2p6e6u75xmxt8.cloudfront.net\/12\/2020\/06\/Cildren-Cycling-Face-Mask-CVR-profimedia-0531054658.jpg","width":1366,"height":600},{"@type":"BreadcrumbList","@id":"https:\/\/www.welovecycling.com\/hu\/kozosseg-es-kultura\/ezt-tanultuk-a-koronavirus-alatt\/#breadcrumb","itemListElement":[{"@type":"ListItem","position":1,"name":"Home","item":"https:\/\/www.welovecycling.com\/hu\/"},{"@type":"ListItem","position":2,"name":"Ezt tanultuk a koronav\u00edrus alatt"}]},{"@type":"WebSite","@id":"https:\/\/www.welovecycling.com\/hu\/#website","url":"https:\/\/www.welovecycling.com\/hu\/","name":"\u0160koda We Love Cycling - Magyarorsz\u00e1g","description":"\u0160koda WeLoveCycling","potentialAction":[{"@type":"SearchAction","target":{"@type":"EntryPoint","urlTemplate":"https:\/\/www.welovecycling.com\/hu\/?s={search_term_string}"},"query-input":{"@type":"PropertyValueSpecification","valueRequired":true,"valueName":"search_term_string"}}],"inLanguage":"hu"},{"@type":"Person","@id":"https:\/\/www.welovecycling.com\/hu\/#\/schema\/person\/414a2aebf1801691a5320edb6468e194","name":"hegyizs","image":{"@type":"ImageObject","inLanguage":"hu","@id":"https:\/\/www.welovecycling.com\/hu\/#\/schema\/person\/image\/","url":"https:\/\/secure.gravatar.com\/avatar\/02cf8a7906b8cf90cecb4679defac7cfd33a1c2e3b88e4903d947f3bb58eedd3?s=96&d=mm&r=g","contentUrl":"https:\/\/secure.gravatar.com\/avatar\/02cf8a7906b8cf90cecb4679defac7cfd33a1c2e3b88e4903d947f3bb58eedd3?s=96&d=mm&r=g","caption":"hegyizs"},"url":"https:\/\/www.welovecycling.com\/hu\/author\/hegyizs\/"}]}},"_links":{"self":[{"href":"https:\/\/www.welovecycling.com\/hu\/wp-json\/wp\/v2\/posts\/7948","targetHints":{"allow":["GET"]}}],"collection":[{"href":"https:\/\/www.welovecycling.com\/hu\/wp-json\/wp\/v2\/posts"}],"about":[{"href":"https:\/\/www.welovecycling.com\/hu\/wp-json\/wp\/v2\/types\/post"}],"author":[{"embeddable":true,"href":"https:\/\/www.welovecycling.com\/hu\/wp-json\/wp\/v2\/users\/71"}],"replies":[{"embeddable":true,"href":"https:\/\/www.welovecycling.com\/hu\/wp-json\/wp\/v2\/comments?post=7948"}],"version-history":[{"count":2,"href":"https:\/\/www.welovecycling.com\/hu\/wp-json\/wp\/v2\/posts\/7948\/revisions"}],"predecessor-version":[{"id":7971,"href":"https:\/\/www.welovecycling.com\/hu\/wp-json\/wp\/v2\/posts\/7948\/revisions\/7971"}],"wp:featuredmedia":[{"embeddable":true,"href":"https:\/\/www.welovecycling.com\/hu\/wp-json\/wp\/v2\/media\/7952"}],"wp:attachment":[{"href":"https:\/\/www.welovecycling.com\/hu\/wp-json\/wp\/v2\/media?parent=7948"}],"wp:term":[{"taxonomy":"category","embeddable":true,"href":"https:\/\/www.welovecycling.com\/hu\/wp-json\/wp\/v2\/categories?post=7948"},{"taxonomy":"post_tag","embeddable":true,"href":"https:\/\/www.welovecycling.com\/hu\/wp-json\/wp\/v2\/tags?post=7948"},{"taxonomy":"global-categories","embeddable":true,"href":"https:\/\/www.welovecycling.com\/hu\/wp-json\/wp\/v2\/global-categories?post=7948"}],"curies":[{"name":"wp","href":"https:\/\/api.w.org\/{rel}","templated":true}]}}