{"id":7944,"date":"2020-06-30T08:00:12","date_gmt":"2020-06-30T07:00:12","guid":{"rendered":"https:\/\/www.welovecycling.com\/hu\/?p=7944"},"modified":"2020-06-26T12:20:02","modified_gmt":"2020-06-26T11:20:02","slug":"kerekparok-korforgasban","status":"publish","type":"post","link":"https:\/\/www.welovecycling.com\/hu\/kozosseg-es-kultura\/kerekparok-korforgasban\/","title":{"rendered":"Ker\u00e9kp\u00e1rok k\u00f6rforg\u00e1sban"},"content":{"rendered":"<p><strong>Ahogy egyre fontosabb\u00e1 v\u00e1lik a k\u00f6rnyezetv\u00e9delem, \u00fagy lesz megszokott, hogy az \u00e9ttermek s\u00e9r\u00fclt gy\u00fcm\u00f6lcs\u00f6kb\u0151l \u00e9s z\u00f6lds\u00e9gekb\u0151l f\u0151znek, \u00e9s leboml\u00f3 csomagol\u00e1sban adj\u00e1k \u00e1t az \u00e9teleket elvitelre. A hullad\u00e9kcs\u00f6kkent\u00e9sre ir\u00e1nyul\u00f3 mozgalmak azonban sz\u00e1mos m\u00e1s ter\u00fcleten is fel\u00fctik fej\u00fcket.<\/strong><\/p>\n<p><!--more--><\/p>\n<p>Megfulladunk a saj\u00e1t szemet\u00fcnkben, az \u00f3ce\u00e1nokban lassan t\u00f6bb a m\u0171anyag, mint a hal, a v\u00e1rosok pedig szem\u00e9thegyekkel vannak k\u00f6r\u00fclv\u00e9ve.<\/p>\n<p>Indokolt teh\u00e1t, hogy az \u00e9let minden ter\u00fclet\u00e9n arra t\u00f6rekedj\u00fcnk, hogy visszaszor\u00edtsuk a hullad\u00e9ktermel\u00e9s\u00fcnket \u2013 a ker\u00e9kp\u00e1roz\u00e1s eset\u00e9ben is. A New yorki Recycle-A-Bicycle (RAB) olyan bicikliket ment meg, amiket tulajdonosaik m\u00e1r kidobn\u00e1nak. A fiatal csapat a szem\u00e9tre sz\u00e1nt bring\u00e1kat saj\u00e1tkez\u0171leg \u00faj\u00edtja fel, hogy azt\u00e1n \u00faj gazd\u00e1t tal\u00e1ljon nekik.<\/p>\n<p>https:\/\/www.instagram.com\/p\/B8jqykVpels\/<\/p>\n<p>A RAB c\u00e9lja nem a profitszerz\u00e9s. Mindegyik bicikli adom\u00e1nyk\u00e9nt ker\u00fcl hozz\u00e1juk, a fel\u00faj\u00edtott j\u00e1rg\u00e1nyokb\u00f3l szerzett bev\u00e9telt pedig egy eduk\u00e1ci\u00f3s program fenntart\u00e1s\u00e1ra ford\u00edtj\u00e1k, amit anyav\u00e1llalatuk, a Bike New York szervez.<\/p>\n<p>Ahogy weboldalukon \u00edrj\u00e1k: <em>\u201e\u00c1tlagosan egy \u00e9v alatt a RAB 1800 ker\u00e9kp\u00e1rt ment meg a kidob\u00e1st\u00f3l, ezzel 45000 tonna hullad\u00e9kt\u00f3l k\u00edm\u00e9li meg a k\u00f6rnyezetet.\u201d<\/em> Ez bizony nem kev\u00e9s szem\u00e9t!<\/p>\n<p>A brit Re-Cycle szervezet \u00fczleti modellje hasonl\u00f3, de m\u00e9gis m\u00e1s. Haszn\u00e1lt ker\u00e9kp\u00e1rokat gy\u0171jtenek \u00e9s k\u00fcldenek Afrik\u00e1ba, n\u00e9gy k\u00fcl\u00f6nb\u00f6z\u0151 orsz\u00e1gban m\u0171k\u00f6d\u0151 partnerc\u00e9geikhez. \u0150k felel\u0151sek az eloszt\u00e1s\u00e9rt \u00e9s a fel\u00faj\u00edt\u00e1s\u00e9rt. Alkatr\u00e9szeket is sz\u00e1ll\u00edt a c\u00e9g Afrik\u00e1ba, ingyen, amit a partnerek eladnak, a piaci \u00e9rt\u00e9knek megfelel\u0151 \u00e1ron, ahogy a bicikliket is.<\/p>\n<p>https:\/\/www.instagram.com\/p\/ByVJEUrFfxZ\/<\/p>\n<p>\u00cdgy sz\u00e9les r\u00e9teg juthat hozz\u00e1 a nem t\u00fal dr\u00e1ga j\u00e1rm\u0171vekhez, a bev\u00e9telt pedig szoci\u00e1lis \u00fcgyekre, a helyi munkan\u00e9lk\u00fcliek megseg\u00edt\u00e9s\u00e9re \u00e9s oktat\u00e1s\u00e1ra ford\u00edtj\u00e1k. Mindek\u00f6zben megakad\u00e1lyozz\u00e1k, hogy a nem haszn\u00e1lt biciklik szem\u00e9tk\u00e9nt k\u00e1ros\u00edts\u00e1k a k\u00f6rnyezetet.<\/p>\n<p><em>\u201eK\u00fcldet\u00e9s\u00fcnk a fenntarthat\u00f3s\u00e1g\u201d<\/em> \u2013 \u00edrja a szervezet a weboldal\u00e1n.<\/p>\n<p>Igaz lehet ez Al Schroader-re is, akit sokan csak <em>\u201eBike Man\u201d-<\/em>k\u00e9nt ismernek. Az illinois-i lak\u00f3 m\u00e1r t\u00f6bb mint 3000 biciklit mentett meg az eldob\u00e1st\u00f3l, \u00e9s lehelt bel\u00e9j\u00fck \u00faj \u00e9letet.<\/p>\n<p><em>\u201eAmikor eljut hozz\u00e1m egy ker\u00e9kp\u00e1r, sokszor hi\u00e1nyzik bel\u0151le egy-k\u00e9t alkatr\u00e9sz, t\u00f6nkrement a kereke, ilyesmik. El kell d\u00f6ntenem, hogy meg lehet-e m\u00e9g menteni. Minden biciklinek t\u00f6rt\u00e9nete van.\u201d<\/em> \u2013 magyar\u00e1zta Al.<\/p>\n<p><iframe loading=\"lazy\" src=\"https:\/\/abc7chicago.com\/video\/embed\/?pid=5686431\" width=\"476\" height=\"267\" frameborder=\"0\" allowfullscreen=\"allowfullscreen\"><\/iframe><\/p>\n<p>B\u00e1r szerepelt az ABC News m\u0171sorban is, m\u00e9gsem gondolja mag\u00e1t k\u00fcl\u00f6nlegesnek. <em>\u201eEgyszer\u0171en csak \u00f6r\u00fcl\u00fcnk, hogy seg\u00edthet\u00fcnk.\u201d<\/em><\/p>\n<p>A vil\u00e1g minden t\u00e1j\u00e1n l\u00e9teznek szervezetek, m\u0171helyek, ahol ker\u00e9kp\u00e1rok kapnak \u00faj es\u00e9lyt. Val\u00f3sz\u00edn\u0171leg ott is, ahol te \u00e9lsz. \u00dagyhogy ha van egy r\u00e9gi, rozsd\u00e1s k\u00e9tkerek\u0171d a gar\u00e1zs h\u00e1tulj\u00e1ban, fontold meg az eladom\u00e1nyoz\u00e1s lehet\u0151s\u00e9g\u00e9t. Lesz, aki \u00f6r\u00fclni fog neki!<\/p>\n","protected":false},"excerpt":{"rendered":"<p>Ahogy egyre fontosabb\u00e1 v\u00e1lik a k\u00f6rnyezetv\u00e9delem, \u00fagy lesz megszokott, hogy az \u00e9ttermek s\u00e9r\u00fclt gy\u00fcm\u00f6lcs\u00f6kb\u0151l \u00e9s z\u00f6lds\u00e9gekb\u0151l f\u0151znek, \u00e9s leboml\u00f3 csomagol\u00e1sban [&hellip;]<\/p>\n","protected":false},"author":71,"featured_media":7947,"comment_status":"open","ping_status":"open","sticky":false,"template":"","format":"standard","meta":{"footnotes":""},"categories":[12],"tags":[],"global-categories":[],"class_list":["post-7944","post","type-post","status-publish","format-standard","has-post-thumbnail","hentry","category-kozosseg-es-kultura"],"yoast_head":"<!-- This site is optimized with the Yoast SEO Premium plugin v25.3 (Yoast SEO v25.9) - https:\/\/yoast.com\/wordpress\/plugins\/seo\/ -->\n<title>Ker\u00e9kp\u00e1rok k\u00f6rforg\u00e1sban - \u0160koda We Love Cycling - Magyarorsz\u00e1g<\/title>\n<meta name=\"robots\" content=\"index, follow, max-snippet:-1, max-image-preview:large, max-video-preview:-1\" \/>\n<link rel=\"canonical\" href=\"https:\/\/www.welovecycling.com\/hu\/kozosseg-es-kultura\/kerekparok-korforgasban\/\" \/>\n<meta property=\"og:locale\" content=\"hu_HU\" \/>\n<meta property=\"og:type\" content=\"article\" \/>\n<meta property=\"og:title\" content=\"Ker\u00e9kp\u00e1rok k\u00f6rforg\u00e1sban\" \/>\n<meta property=\"og:description\" content=\"Ahogy egyre fontosabb\u00e1 v\u00e1lik a k\u00f6rnyezetv\u00e9delem, \u00fagy lesz megszokott, hogy az \u00e9ttermek s\u00e9r\u00fclt gy\u00fcm\u00f6lcs\u00f6kb\u0151l \u00e9s z\u00f6lds\u00e9gekb\u0151l f\u0151znek, \u00e9s leboml\u00f3 csomagol\u00e1sban [&hellip;]\" \/>\n<meta property=\"og:url\" content=\"https:\/\/www.welovecycling.com\/hu\/kozosseg-es-kultura\/kerekparok-korforgasban\/\" \/>\n<meta property=\"og:site_name\" content=\"\u0160koda We Love Cycling - Magyarorsz\u00e1g\" \/>\n<meta property=\"article:publisher\" content=\"https:\/\/www.facebook.com\/WeLoveCyclingHungary\/\" \/>\n<meta property=\"article:published_time\" content=\"2020-06-30T07:00:12+00:00\" \/>\n<meta property=\"og:image\" content=\"https:\/\/d2p6e6u75xmxt8.cloudfront.net\/12\/2020\/06\/Recycle-A-Bicycle-CVR.jpg\" \/>\n\t<meta property=\"og:image:width\" content=\"1366\" \/>\n\t<meta property=\"og:image:height\" content=\"600\" \/>\n\t<meta property=\"og:image:type\" content=\"image\/jpeg\" \/>\n<meta name=\"author\" content=\"hegyizs\" \/>\n<meta name=\"twitter:card\" content=\"summary_large_image\" \/>\n<meta name=\"twitter:label1\" content=\"Written by\" \/>\n\t<meta name=\"twitter:data1\" content=\"Siegfried Mortkowitz\" \/>\n\t<meta name=\"twitter:label2\" content=\"Est. reading time\" \/>\n\t<meta name=\"twitter:data2\" content=\"7\" \/>\n<script type=\"application\/ld+json\" class=\"yoast-schema-graph\">{\"@context\":\"https:\/\/schema.org\",\"@graph\":[{\"@type\":\"WebPage\",\"@id\":\"https:\/\/www.welovecycling.com\/hu\/kozosseg-es-kultura\/kerekparok-korforgasban\/\",\"url\":\"https:\/\/www.welovecycling.com\/hu\/kozosseg-es-kultura\/kerekparok-korforgasban\/\",\"name\":\"Ker\u00e9kp\u00e1rok k\u00f6rforg\u00e1sban - \u0160koda We Love Cycling - Magyarorsz\u00e1g\",\"isPartOf\":{\"@id\":\"https:\/\/www.welovecycling.com\/hu\/#website\"},\"primaryImageOfPage\":{\"@id\":\"https:\/\/www.welovecycling.com\/hu\/kozosseg-es-kultura\/kerekparok-korforgasban\/#primaryimage\"},\"image\":{\"@id\":\"https:\/\/www.welovecycling.com\/hu\/kozosseg-es-kultura\/kerekparok-korforgasban\/#primaryimage\"},\"thumbnailUrl\":\"https:\/\/d2p6e6u75xmxt8.cloudfront.net\/12\/2020\/06\/Recycle-A-Bicycle-CVR.jpg\",\"datePublished\":\"2020-06-30T07:00:12+00:00\",\"author\":{\"@id\":\"https:\/\/www.welovecycling.com\/hu\/#\/schema\/person\/414a2aebf1801691a5320edb6468e194\"},\"breadcrumb\":{\"@id\":\"https:\/\/www.welovecycling.com\/hu\/kozosseg-es-kultura\/kerekparok-korforgasban\/#breadcrumb\"},\"inLanguage\":\"hu\",\"potentialAction\":[{\"@type\":\"ReadAction\",\"target\":[\"https:\/\/www.welovecycling.com\/hu\/kozosseg-es-kultura\/kerekparok-korforgasban\/\"]}]},{\"@type\":\"ImageObject\",\"inLanguage\":\"hu\",\"@id\":\"https:\/\/www.welovecycling.com\/hu\/kozosseg-es-kultura\/kerekparok-korforgasban\/#primaryimage\",\"url\":\"https:\/\/d2p6e6u75xmxt8.cloudfront.net\/12\/2020\/06\/Recycle-A-Bicycle-CVR.jpg\",\"contentUrl\":\"https:\/\/d2p6e6u75xmxt8.cloudfront.net\/12\/2020\/06\/Recycle-A-Bicycle-CVR.jpg\",\"width\":1366,\"height\":600},{\"@type\":\"BreadcrumbList\",\"@id\":\"https:\/\/www.welovecycling.com\/hu\/kozosseg-es-kultura\/kerekparok-korforgasban\/#breadcrumb\",\"itemListElement\":[{\"@type\":\"ListItem\",\"position\":1,\"name\":\"Home\",\"item\":\"https:\/\/www.welovecycling.com\/hu\/\"},{\"@type\":\"ListItem\",\"position\":2,\"name\":\"Ker\u00e9kp\u00e1rok k\u00f6rforg\u00e1sban\"}]},{\"@type\":\"WebSite\",\"@id\":\"https:\/\/www.welovecycling.com\/hu\/#website\",\"url\":\"https:\/\/www.welovecycling.com\/hu\/\",\"name\":\"\u0160koda We Love Cycling - Magyarorsz\u00e1g\",\"description\":\"\u0160koda WeLoveCycling\",\"potentialAction\":[{\"@type\":\"SearchAction\",\"target\":{\"@type\":\"EntryPoint\",\"urlTemplate\":\"https:\/\/www.welovecycling.com\/hu\/?s={search_term_string}\"},\"query-input\":{\"@type\":\"PropertyValueSpecification\",\"valueRequired\":true,\"valueName\":\"search_term_string\"}}],\"inLanguage\":\"hu\"},{\"@type\":\"Person\",\"@id\":\"https:\/\/www.welovecycling.com\/hu\/#\/schema\/person\/414a2aebf1801691a5320edb6468e194\",\"name\":\"hegyizs\",\"image\":{\"@type\":\"ImageObject\",\"inLanguage\":\"hu\",\"@id\":\"https:\/\/www.welovecycling.com\/hu\/#\/schema\/person\/image\/\",\"url\":\"https:\/\/secure.gravatar.com\/avatar\/02cf8a7906b8cf90cecb4679defac7cfd33a1c2e3b88e4903d947f3bb58eedd3?s=96&d=mm&r=g\",\"contentUrl\":\"https:\/\/secure.gravatar.com\/avatar\/02cf8a7906b8cf90cecb4679defac7cfd33a1c2e3b88e4903d947f3bb58eedd3?s=96&d=mm&r=g\",\"caption\":\"hegyizs\"},\"url\":\"https:\/\/www.welovecycling.com\/hu\/author\/hegyizs\/\"}]}<\/script>\n<!-- \/ Yoast SEO Premium plugin. -->","yoast_head_json":{"title":"Ker\u00e9kp\u00e1rok k\u00f6rforg\u00e1sban - \u0160koda We Love Cycling - Magyarorsz\u00e1g","robots":{"index":"index","follow":"follow","max-snippet":"max-snippet:-1","max-image-preview":"max-image-preview:large","max-video-preview":"max-video-preview:-1"},"canonical":"https:\/\/www.welovecycling.com\/hu\/kozosseg-es-kultura\/kerekparok-korforgasban\/","og_locale":"hu_HU","og_type":"article","og_title":"Ker\u00e9kp\u00e1rok k\u00f6rforg\u00e1sban","og_description":"Ahogy egyre fontosabb\u00e1 v\u00e1lik a k\u00f6rnyezetv\u00e9delem, \u00fagy lesz megszokott, hogy az \u00e9ttermek s\u00e9r\u00fclt gy\u00fcm\u00f6lcs\u00f6kb\u0151l \u00e9s z\u00f6lds\u00e9gekb\u0151l f\u0151znek, \u00e9s leboml\u00f3 csomagol\u00e1sban [&hellip;]","og_url":"https:\/\/www.welovecycling.com\/hu\/kozosseg-es-kultura\/kerekparok-korforgasban\/","og_site_name":"\u0160koda We Love Cycling - Magyarorsz\u00e1g","article_publisher":"https:\/\/www.facebook.com\/WeLoveCyclingHungary\/","article_published_time":"2020-06-30T07:00:12+00:00","og_image":[{"width":1366,"height":600,"url":"https:\/\/d2p6e6u75xmxt8.cloudfront.net\/12\/2020\/06\/Recycle-A-Bicycle-CVR.jpg","type":"image\/jpeg"}],"author":"hegyizs","twitter_card":"summary_large_image","twitter_misc":{"Written by":"Siegfried Mortkowitz","Est. reading time":"7"},"schema":{"@context":"https:\/\/schema.org","@graph":[{"@type":"WebPage","@id":"https:\/\/www.welovecycling.com\/hu\/kozosseg-es-kultura\/kerekparok-korforgasban\/","url":"https:\/\/www.welovecycling.com\/hu\/kozosseg-es-kultura\/kerekparok-korforgasban\/","name":"Ker\u00e9kp\u00e1rok k\u00f6rforg\u00e1sban - \u0160koda We Love Cycling - Magyarorsz\u00e1g","isPartOf":{"@id":"https:\/\/www.welovecycling.com\/hu\/#website"},"primaryImageOfPage":{"@id":"https:\/\/www.welovecycling.com\/hu\/kozosseg-es-kultura\/kerekparok-korforgasban\/#primaryimage"},"image":{"@id":"https:\/\/www.welovecycling.com\/hu\/kozosseg-es-kultura\/kerekparok-korforgasban\/#primaryimage"},"thumbnailUrl":"https:\/\/d2p6e6u75xmxt8.cloudfront.net\/12\/2020\/06\/Recycle-A-Bicycle-CVR.jpg","datePublished":"2020-06-30T07:00:12+00:00","author":{"@id":"https:\/\/www.welovecycling.com\/hu\/#\/schema\/person\/414a2aebf1801691a5320edb6468e194"},"breadcrumb":{"@id":"https:\/\/www.welovecycling.com\/hu\/kozosseg-es-kultura\/kerekparok-korforgasban\/#breadcrumb"},"inLanguage":"hu","potentialAction":[{"@type":"ReadAction","target":["https:\/\/www.welovecycling.com\/hu\/kozosseg-es-kultura\/kerekparok-korforgasban\/"]}]},{"@type":"ImageObject","inLanguage":"hu","@id":"https:\/\/www.welovecycling.com\/hu\/kozosseg-es-kultura\/kerekparok-korforgasban\/#primaryimage","url":"https:\/\/d2p6e6u75xmxt8.cloudfront.net\/12\/2020\/06\/Recycle-A-Bicycle-CVR.jpg","contentUrl":"https:\/\/d2p6e6u75xmxt8.cloudfront.net\/12\/2020\/06\/Recycle-A-Bicycle-CVR.jpg","width":1366,"height":600},{"@type":"BreadcrumbList","@id":"https:\/\/www.welovecycling.com\/hu\/kozosseg-es-kultura\/kerekparok-korforgasban\/#breadcrumb","itemListElement":[{"@type":"ListItem","position":1,"name":"Home","item":"https:\/\/www.welovecycling.com\/hu\/"},{"@type":"ListItem","position":2,"name":"Ker\u00e9kp\u00e1rok k\u00f6rforg\u00e1sban"}]},{"@type":"WebSite","@id":"https:\/\/www.welovecycling.com\/hu\/#website","url":"https:\/\/www.welovecycling.com\/hu\/","name":"\u0160koda We Love Cycling - Magyarorsz\u00e1g","description":"\u0160koda WeLoveCycling","potentialAction":[{"@type":"SearchAction","target":{"@type":"EntryPoint","urlTemplate":"https:\/\/www.welovecycling.com\/hu\/?s={search_term_string}"},"query-input":{"@type":"PropertyValueSpecification","valueRequired":true,"valueName":"search_term_string"}}],"inLanguage":"hu"},{"@type":"Person","@id":"https:\/\/www.welovecycling.com\/hu\/#\/schema\/person\/414a2aebf1801691a5320edb6468e194","name":"hegyizs","image":{"@type":"ImageObject","inLanguage":"hu","@id":"https:\/\/www.welovecycling.com\/hu\/#\/schema\/person\/image\/","url":"https:\/\/secure.gravatar.com\/avatar\/02cf8a7906b8cf90cecb4679defac7cfd33a1c2e3b88e4903d947f3bb58eedd3?s=96&d=mm&r=g","contentUrl":"https:\/\/secure.gravatar.com\/avatar\/02cf8a7906b8cf90cecb4679defac7cfd33a1c2e3b88e4903d947f3bb58eedd3?s=96&d=mm&r=g","caption":"hegyizs"},"url":"https:\/\/www.welovecycling.com\/hu\/author\/hegyizs\/"}]}},"_links":{"self":[{"href":"https:\/\/www.welovecycling.com\/hu\/wp-json\/wp\/v2\/posts\/7944","targetHints":{"allow":["GET"]}}],"collection":[{"href":"https:\/\/www.welovecycling.com\/hu\/wp-json\/wp\/v2\/posts"}],"about":[{"href":"https:\/\/www.welovecycling.com\/hu\/wp-json\/wp\/v2\/types\/post"}],"author":[{"embeddable":true,"href":"https:\/\/www.welovecycling.com\/hu\/wp-json\/wp\/v2\/users\/71"}],"replies":[{"embeddable":true,"href":"https:\/\/www.welovecycling.com\/hu\/wp-json\/wp\/v2\/comments?post=7944"}],"version-history":[{"count":1,"href":"https:\/\/www.welovecycling.com\/hu\/wp-json\/wp\/v2\/posts\/7944\/revisions"}],"predecessor-version":[{"id":7970,"href":"https:\/\/www.welovecycling.com\/hu\/wp-json\/wp\/v2\/posts\/7944\/revisions\/7970"}],"wp:featuredmedia":[{"embeddable":true,"href":"https:\/\/www.welovecycling.com\/hu\/wp-json\/wp\/v2\/media\/7947"}],"wp:attachment":[{"href":"https:\/\/www.welovecycling.com\/hu\/wp-json\/wp\/v2\/media?parent=7944"}],"wp:term":[{"taxonomy":"category","embeddable":true,"href":"https:\/\/www.welovecycling.com\/hu\/wp-json\/wp\/v2\/categories?post=7944"},{"taxonomy":"post_tag","embeddable":true,"href":"https:\/\/www.welovecycling.com\/hu\/wp-json\/wp\/v2\/tags?post=7944"},{"taxonomy":"global-categories","embeddable":true,"href":"https:\/\/www.welovecycling.com\/hu\/wp-json\/wp\/v2\/global-categories?post=7944"}],"curies":[{"name":"wp","href":"https:\/\/api.w.org\/{rel}","templated":true}]}}